{"id":163463,"date":"2023-08-28T07:59:37","date_gmt":"2023-08-28T10:59:37","guid":{"rendered":"https:\/\/www.informelitoral.com.ar\/?p=163463"},"modified":"2023-08-28T21:42:54","modified_gmt":"2023-08-29T00:42:54","slug":"gobierno-anuncio-la-eliminacion-de-retenciones-para-economias-regionales","status":"publish","type":"post","link":"https:\/\/informelitoral.com.ar\/gobierno-anuncio-la-eliminacion-de-retenciones-para-economias-regionales\/","title":{"rendered":"Gobierno anunci\u00f3 la eliminaci\u00f3n de retenciones para econom\u00edas regionales"},"content":{"rendered":"<p>En su cuenta de la red social Instagram, el ministro de Econom\u00eda, Sergio Massa, indic\u00f3 que habr\u00e1 \u00abretenci\u00f3n 0% para econom\u00edas regionales con valor agregado industrial como el vino, el mosto, el arroz, el tabaco, la producci\u00f3n forestal, y la c\u00e1scara de citrus, entre otras\u00bb.<\/p>\n<p>\u00abTodos los productos que tienen un proceso de industrializaci\u00f3n para las exportaciones, van a tener retenciones cero a los efectos de aumentar nuestras exportaciones con valor agregado\u00bb, enfatiz\u00f3 el jefe del Palacio de Hacienda.<\/p>\n<p>Massa destac\u00f3 adem\u00e1s que habr\u00e1 \u00abun nuevo programa de siembra para trigo y ma\u00edz con entrega de hasta 5 TN de fertilizantes para productores en emergencia agropecuaria a partir de un convenio con la compa\u00f1\u00eda YPF Agro\u00bb.<\/p>\n<p>El responsable de la cartera econ\u00f3mica se\u00f1al\u00f3 que \u00abvamos a continuar con el programa Puente al Empleo, para el sector agropecuario, que transforma los planes sociales en empleo registrado para quienes tomen trabajo en el sector rural, manteni\u00e9ndose durante un a\u00f1o los planes\u00bb.<\/p>\n<p>Finalmente, Massa adelant\u00f3 un nuevo \u00abPrograma de Incremento Exportador y dijo que para los productos como la harina, el aceite y el pellet de soja vamos a dar la posibilidad de disponer del 25% de las divisas para comprar transitoriamente poroto de soja para procesar, manteniendo los puestos de trabajo de las plantas industriales y generando valor agregado en nuestro complejo industrial sojero\u00bb.<\/p>\n","protected":false},"excerpt":{"rendered":"<p>Sergio Massa, ministro de Econom\u00eda, anunci\u00f3 la eliminaci\u00f3n de los derechos a la exportaci\u00f3n para una serie de productos de las econom\u00edas regionales y ayuda para productores en situaci\u00f3n de emergencia y para industriales que procesan soja.<\/p>\n","protected":false},"author":8,"featured_media":77551,"comment_status":"open","ping_status":"open","sticky":false,"template":"","format":"standard","meta":{"fifu_image_url":"","fifu_image_alt":"","footnotes":""},"categories":[10],"tags":[1039,3366],"class_list":{"0":"post-163463","1":"post","2":"type-post","3":"status-publish","4":"format-standard","5":"has-post-thumbnail","7":"category-campo","8":"tag-economias-regionales","9":"tag-retenciones-de-exportaciones"},"yoast_head":"<title>Gobierno anunci\u00f3 la eliminaci\u00f3n de retenciones para econom\u00edas regionales - Informe Litoral<\/title>\n<meta name=\"robots\" content=\"index, follow, max-snippet:-1, max-image-preview:large, max-video-preview:-1\" \/>\n<link rel=\"canonical\" href=\"https:\/\/informelitoral.com.ar\/gobierno-anuncio-la-eliminacion-de-retenciones-para-economias-regionales\/\" \/>\n<meta property=\"og:locale\" content=\"es_ES\" \/>\n<meta property=\"og:type\" content=\"article\" \/>\n<meta property=\"og:title\" content=\"Gobierno anunci\u00f3 la eliminaci\u00f3n de retenciones para econom\u00edas regionales - Informe Litoral\" \/>\n<meta property=\"og:description\" content=\"Sergio Massa, ministro de Econom\u00eda, anunci\u00f3 la eliminaci\u00f3n de los derechos a la exportaci\u00f3n para una serie de productos de las econom\u00edas regionales y ayuda para productores en situaci\u00f3n de emergencia y para industriales que procesan soja.\" \/>\n<meta property=\"og:url\" content=\"https:\/\/informelitoral.com.ar\/gobierno-anuncio-la-eliminacion-de-retenciones-para-economias-regionales\/\" \/>\n<meta property=\"og:site_name\" content=\"Informe Litoral\" \/>\n<meta property=\"article:publisher\" content=\"https:\/\/www.facebook.com\/informelitoral\/\" \/>\n<meta property=\"article:published_time\" content=\"2023-08-28T10:59:37+00:00\" \/>\n<meta property=\"article:modified_time\" content=\"2023-08-29T00:42:54+00:00\" \/>\n<meta property=\"og:image\" content=\"https:\/\/informelitoral.com.ar\/%77%70%2d%63%6f%6e%74%65%6e%74\/uploads\/2022\/05\/soja-cosechadora-1-696x392-1.jpg\" \/>\n\t<meta property=\"og:image:width\" content=\"696\" \/>\n\t<meta property=\"og:image:height\" content=\"392\" \/>\n\t<meta property=\"og:image:type\" content=\"image\/jpeg\" \/>\n<meta name=\"author\" content=\"Sebastian\" \/>\n<meta name=\"twitter:card\" content=\"summary_large_image\" \/>\n<meta name=\"twitter:creator\" content=\"@InformeLitoral\" \/>\n<meta name=\"twitter:site\" content=\"@InformeLitoral\" \/>\n<meta name=\"twitter:label1\" content=\"Escrito por\" \/>\n\t<meta name=\"twitter:data1\" content=\"Sebastian\" \/>\n\t<meta name=\"twitter:label2\" content=\"Tiempo de lectura\" \/>\n\t<meta name=\"twitter:data2\" content=\"1 minuto\" \/>\n<script type=\"application\/ld+json\" class=\"yoast-schema-graph\">{\"@context\":\"https:\\\/\\\/schema.org\",\"@graph\":[{\"@type\":\"Article\",\"@id\":\"https:\\\/\\\/informelitoral.com.ar\\\/gobierno-anuncio-la-eliminacion-de-retenciones-para-economias-regionales\\\/#article\",\"isPartOf\":{\"@id\":\"https:\\\/\\\/informelitoral.com.ar\\\/gobierno-anuncio-la-eliminacion-de-retenciones-para-economias-regionales\\\/\"},\"author\":{\"name\":\"Sebastian\",\"@id\":\"https:\\\/\\\/informelitoral.com.ar\\\/#\\\/schema\\\/person\\\/f05f9f461677119578717524b127d6d5\"},\"headline\":\"Gobierno anunci\u00f3 la eliminaci\u00f3n de retenciones para econom\u00edas regionales\",\"datePublished\":\"2023-08-28T10:59:37+00:00\",\"dateModified\":\"2023-08-29T00:42:54+00:00\",\"mainEntityOfPage\":{\"@id\":\"https:\\\/\\\/informelitoral.com.ar\\\/gobierno-anuncio-la-eliminacion-de-retenciones-para-economias-regionales\\\/\"},\"wordCount\":243,\"commentCount\":0,\"publisher\":{\"@id\":\"https:\\\/\\\/informelitoral.com.ar\\\/#organization\"},\"image\":{\"@id\":\"https:\\\/\\\/informelitoral.com.ar\\\/gobierno-anuncio-la-eliminacion-de-retenciones-para-economias-regionales\\\/#primaryimage\"},\"thumbnailUrl\":\"https:\\\/\\\/informelitoral.com.ar\\\/%77%70%2d%63%6f%6e%74%65%6e%74\\\/uploads\\\/2022\\\/05\\\/soja-cosechadora-1-696x392-1.jpg\",\"keywords\":[\"Econom\u00edas regionales\",\"Retenciones de exportaciones\"],\"articleSection\":[\"Campo\"],\"inLanguage\":\"es\",\"potentialAction\":[{\"@type\":\"CommentAction\",\"name\":\"Comment\",\"target\":[\"https:\\\/\\\/informelitoral.com.ar\\\/gobierno-anuncio-la-eliminacion-de-retenciones-para-economias-regionales\\\/#respond\"]}]},{\"@type\":\"WebPage\",\"@id\":\"https:\\\/\\\/informelitoral.com.ar\\\/gobierno-anuncio-la-eliminacion-de-retenciones-para-economias-regionales\\\/\",\"url\":\"https:\\\/\\\/informelitoral.com.ar\\\/gobierno-anuncio-la-eliminacion-de-retenciones-para-economias-regionales\\\/\",\"name\":\"Gobierno anunci\u00f3 la eliminaci\u00f3n de retenciones para econom\u00edas regionales - Informe Litoral\",\"isPartOf\":{\"@id\":\"https:\\\/\\\/informelitoral.com.ar\\\/#website\"},\"primaryImageOfPage\":{\"@id\":\"https:\\\/\\\/informelitoral.com.ar\\\/gobierno-anuncio-la-eliminacion-de-retenciones-para-economias-regionales\\\/#primaryimage\"},\"image\":{\"@id\":\"https:\\\/\\\/informelitoral.com.ar\\\/gobierno-anuncio-la-eliminacion-de-retenciones-para-economias-regionales\\\/#primaryimage\"},\"thumbnailUrl\":\"https:\\\/\\\/informelitoral.com.ar\\\/%77%70%2d%63%6f%6e%74%65%6e%74\\\/uploads\\\/2022\\\/05\\\/soja-cosechadora-1-696x392-1.jpg\",\"datePublished\":\"2023-08-28T10:59:37+00:00\",\"dateModified\":\"2023-08-29T00:42:54+00:00\",\"breadcrumb\":{\"@id\":\"https:\\\/\\\/informelitoral.com.ar\\\/gobierno-anuncio-la-eliminacion-de-retenciones-para-economias-regionales\\\/#breadcrumb\"},\"inLanguage\":\"es\",\"potentialAction\":[{\"@type\":\"ReadAction\",\"target\":[\"https:\\\/\\\/informelitoral.com.ar\\\/gobierno-anuncio-la-eliminacion-de-retenciones-para-economias-regionales\\\/\"]}]},{\"@type\":\"ImageObject\",\"inLanguage\":\"es\",\"@id\":\"https:\\\/\\\/informelitoral.com.ar\\\/gobierno-anuncio-la-eliminacion-de-retenciones-para-economias-regionales\\\/#primaryimage\",\"url\":\"https:\\\/\\\/informelitoral.com.ar\\\/%77%70%2d%63%6f%6e%74%65%6e%74\\\/uploads\\\/2022\\\/05\\\/soja-cosechadora-1-696x392-1.jpg\",\"contentUrl\":\"https:\\\/\\\/informelitoral.com.ar\\\/%77%70%2d%63%6f%6e%74%65%6e%74\\\/uploads\\\/2022\\\/05\\\/soja-cosechadora-1-696x392-1.jpg\",\"width\":696,\"height\":392},{\"@type\":\"BreadcrumbList\",\"@id\":\"https:\\\/\\\/informelitoral.com.ar\\\/gobierno-anuncio-la-eliminacion-de-retenciones-para-economias-regionales\\\/#breadcrumb\",\"itemListElement\":[{\"@type\":\"ListItem\",\"position\":1,\"name\":\"Portada\",\"item\":\"https:\\\/\\\/informelitoral.com.ar\\\/\"},{\"@type\":\"ListItem\",\"position\":2,\"name\":\"Gobierno anunci\u00f3 la eliminaci\u00f3n de retenciones para econom\u00edas regionales\"}]},{\"@type\":\"WebSite\",\"@id\":\"https:\\\/\\\/informelitoral.com.ar\\\/#website\",\"url\":\"https:\\\/\\\/informelitoral.com.ar\\\/\",\"name\":\"Informe Litoral\",\"description\":\"&quot;Nos informamos&quot; \",\"publisher\":{\"@id\":\"https:\\\/\\\/informelitoral.com.ar\\\/#organization\"},\"potentialAction\":[{\"@type\":\"SearchAction\",\"target\":{\"@type\":\"EntryPoint\",\"urlTemplate\":\"https:\\\/\\\/informelitoral.com.ar\\\/?s={search_term_string}\"},\"query-input\":{\"@type\":\"PropertyValueSpecification\",\"valueRequired\":true,\"valueName\":\"search_term_string\"}}],\"inLanguage\":\"es\"},{\"@type\":\"Organization\",\"@id\":\"https:\\\/\\\/informelitoral.com.ar\\\/#organization\",\"name\":\"Informe Litoral\",\"url\":\"https:\\\/\\\/informelitoral.com.ar\\\/\",\"logo\":{\"@type\":\"ImageObject\",\"inLanguage\":\"es\",\"@id\":\"https:\\\/\\\/informelitoral.com.ar\\\/#\\\/schema\\\/logo\\\/image\\\/\",\"url\":\"https:\\\/\\\/informelitoral.com.ar\\\/%77%70%2d%63%6f%6e%74%65%6e%74\\\/uploads\\\/2021\\\/01\\\/circulo.png\",\"contentUrl\":\"https:\\\/\\\/informelitoral.com.ar\\\/%77%70%2d%63%6f%6e%74%65%6e%74\\\/uploads\\\/2021\\\/01\\\/circulo.png\",\"width\":723,\"height\":731,\"caption\":\"Informe Litoral\"},\"image\":{\"@id\":\"https:\\\/\\\/informelitoral.com.ar\\\/#\\\/schema\\\/logo\\\/image\\\/\"},\"sameAs\":[\"https:\\\/\\\/www.facebook.com\\\/informelitoral\\\/\",\"https:\\\/\\\/x.com\\\/InformeLitoral\",\"https:\\\/\\\/www.instagram.com\\\/informelitoral\\\/\",\"https:\\\/\\\/www.youtube.com\\\/channel\\\/UCua4Qvz8Icb6MYqhoq9xLXw\"]},{\"@type\":\"Person\",\"@id\":\"https:\\\/\\\/informelitoral.com.ar\\\/#\\\/schema\\\/person\\\/f05f9f461677119578717524b127d6d5\",\"name\":\"Sebastian\",\"image\":{\"@type\":\"ImageObject\",\"inLanguage\":\"es\",\"@id\":\"https:\\\/\\\/secure.gravatar.com\\\/avatar\\\/b71bf7481d447dfb9583c7f2798e7cc64de6efb9067b74633ed8c31059a3bd82?s=96&d=mm&r=g\",\"url\":\"https:\\\/\\\/secure.gravatar.com\\\/avatar\\\/b71bf7481d447dfb9583c7f2798e7cc64de6efb9067b74633ed8c31059a3bd82?s=96&d=mm&r=g\",\"contentUrl\":\"https:\\\/\\\/secure.gravatar.com\\\/avatar\\\/b71bf7481d447dfb9583c7f2798e7cc64de6efb9067b74633ed8c31059a3bd82?s=96&d=mm&r=g\",\"caption\":\"Sebastian\"},\"url\":\"https:\\\/\\\/informelitoral.com.ar\\\/author\\\/sebastian\\\/\"}]}<\/script>","yoast_head_json":{"title":"Gobierno anunci\u00f3 la eliminaci\u00f3n de retenciones para econom\u00edas regionales - Informe Litoral","robots":{"index":"index","follow":"follow","max-snippet":"max-snippet:-1","max-image-preview":"max-image-preview:large","max-video-preview":"max-video-preview:-1"},"canonical":"https:\/\/informelitoral.com.ar\/gobierno-anuncio-la-eliminacion-de-retenciones-para-economias-regionales\/","og_locale":"es_ES","og_type":"article","og_title":"Gobierno anunci\u00f3 la eliminaci\u00f3n de retenciones para econom\u00edas regionales - Informe Litoral","og_description":"Sergio Massa, ministro de Econom\u00eda, anunci\u00f3 la eliminaci\u00f3n de los derechos a la exportaci\u00f3n para una serie de productos de las econom\u00edas regionales y ayuda para productores en situaci\u00f3n de emergencia y para industriales que procesan soja.","og_url":"https:\/\/informelitoral.com.ar\/gobierno-anuncio-la-eliminacion-de-retenciones-para-economias-regionales\/","og_site_name":"Informe Litoral","article_publisher":"https:\/\/www.facebook.com\/informelitoral\/","article_published_time":"2023-08-28T10:59:37+00:00","article_modified_time":"2023-08-29T00:42:54+00:00","og_image":[{"width":696,"height":392,"url":"https:\/\/informelitoral.com.ar\/%77%70%2d%63%6f%6e%74%65%6e%74\/uploads\/2022\/05\/soja-cosechadora-1-696x392-1.jpg","type":"image\/jpeg"}],"author":"Sebastian","twitter_card":"summary_large_image","twitter_creator":"@InformeLitoral","twitter_site":"@InformeLitoral","twitter_misc":{"Escrito por":"Sebastian","Tiempo de lectura":"1 minuto"},"schema":{"@context":"https:\/\/schema.org","@graph":[{"@type":"Article","@id":"https:\/\/informelitoral.com.ar\/gobierno-anuncio-la-eliminacion-de-retenciones-para-economias-regionales\/#article","isPartOf":{"@id":"https:\/\/informelitoral.com.ar\/gobierno-anuncio-la-eliminacion-de-retenciones-para-economias-regionales\/"},"author":{"name":"Sebastian","@id":"https:\/\/informelitoral.com.ar\/#\/schema\/person\/f05f9f461677119578717524b127d6d5"},"headline":"Gobierno anunci\u00f3 la eliminaci\u00f3n de retenciones para econom\u00edas regionales","datePublished":"2023-08-28T10:59:37+00:00","dateModified":"2023-08-29T00:42:54+00:00","mainEntityOfPage":{"@id":"https:\/\/informelitoral.com.ar\/gobierno-anuncio-la-eliminacion-de-retenciones-para-economias-regionales\/"},"wordCount":243,"commentCount":0,"publisher":{"@id":"https:\/\/informelitoral.com.ar\/#organization"},"image":{"@id":"https:\/\/informelitoral.com.ar\/gobierno-anuncio-la-eliminacion-de-retenciones-para-economias-regionales\/#primaryimage"},"thumbnailUrl":"https:\/\/informelitoral.com.ar\/%77%70%2d%63%6f%6e%74%65%6e%74\/uploads\/2022\/05\/soja-cosechadora-1-696x392-1.jpg","keywords":["Econom\u00edas regionales","Retenciones de exportaciones"],"articleSection":["Campo"],"inLanguage":"es","potentialAction":[{"@type":"CommentAction","name":"Comment","target":["https:\/\/informelitoral.com.ar\/gobierno-anuncio-la-eliminacion-de-retenciones-para-economias-regionales\/#respond"]}]},{"@type":"WebPage","@id":"https:\/\/informelitoral.com.ar\/gobierno-anuncio-la-eliminacion-de-retenciones-para-economias-regionales\/","url":"https:\/\/informelitoral.com.ar\/gobierno-anuncio-la-eliminacion-de-retenciones-para-economias-regionales\/","name":"Gobierno anunci\u00f3 la eliminaci\u00f3n de retenciones para econom\u00edas regionales - Informe Litoral","isPartOf":{"@id":"https:\/\/informelitoral.com.ar\/#website"},"primaryImageOfPage":{"@id":"https:\/\/informelitoral.com.ar\/gobierno-anuncio-la-eliminacion-de-retenciones-para-economias-regionales\/#primaryimage"},"image":{"@id":"https:\/\/informelitoral.com.ar\/gobierno-anuncio-la-eliminacion-de-retenciones-para-economias-regionales\/#primaryimage"},"thumbnailUrl":"https:\/\/informelitoral.com.ar\/%77%70%2d%63%6f%6e%74%65%6e%74\/uploads\/2022\/05\/soja-cosechadora-1-696x392-1.jpg","datePublished":"2023-08-28T10:59:37+00:00","dateModified":"2023-08-29T00:42:54+00:00","breadcrumb":{"@id":"https:\/\/informelitoral.com.ar\/gobierno-anuncio-la-eliminacion-de-retenciones-para-economias-regionales\/#breadcrumb"},"inLanguage":"es","potentialAction":[{"@type":"ReadAction","target":["https:\/\/informelitoral.com.ar\/gobierno-anuncio-la-eliminacion-de-retenciones-para-economias-regionales\/"]}]},{"@type":"ImageObject","inLanguage":"es","@id":"https:\/\/informelitoral.com.ar\/gobierno-anuncio-la-eliminacion-de-retenciones-para-economias-regionales\/#primaryimage","url":"https:\/\/informelitoral.com.ar\/%77%70%2d%63%6f%6e%74%65%6e%74\/uploads\/2022\/05\/soja-cosechadora-1-696x392-1.jpg","contentUrl":"https:\/\/informelitoral.com.ar\/%77%70%2d%63%6f%6e%74%65%6e%74\/uploads\/2022\/05\/soja-cosechadora-1-696x392-1.jpg","width":696,"height":392},{"@type":"BreadcrumbList","@id":"https:\/\/informelitoral.com.ar\/gobierno-anuncio-la-eliminacion-de-retenciones-para-economias-regionales\/#breadcrumb","itemListElement":[{"@type":"ListItem","position":1,"name":"Portada","item":"https:\/\/informelitoral.com.ar\/"},{"@type":"ListItem","position":2,"name":"Gobierno anunci\u00f3 la eliminaci\u00f3n de retenciones para econom\u00edas regionales"}]},{"@type":"WebSite","@id":"https:\/\/informelitoral.com.ar\/#website","url":"https:\/\/informelitoral.com.ar\/","name":"Informe Litoral","description":"&quot;Nos informamos&quot; ","publisher":{"@id":"https:\/\/informelitoral.com.ar\/#organization"},"potentialAction":[{"@type":"SearchAction","target":{"@type":"EntryPoint","urlTemplate":"https:\/\/informelitoral.com.ar\/?s={search_term_string}"},"query-input":{"@type":"PropertyValueSpecification","valueRequired":true,"valueName":"search_term_string"}}],"inLanguage":"es"},{"@type":"Organization","@id":"https:\/\/informelitoral.com.ar\/#organization","name":"Informe Litoral","url":"https:\/\/informelitoral.com.ar\/","logo":{"@type":"ImageObject","inLanguage":"es","@id":"https:\/\/informelitoral.com.ar\/#\/schema\/logo\/image\/","url":"https:\/\/informelitoral.com.ar\/%77%70%2d%63%6f%6e%74%65%6e%74\/uploads\/2021\/01\/circulo.png","contentUrl":"https:\/\/informelitoral.com.ar\/%77%70%2d%63%6f%6e%74%65%6e%74\/uploads\/2021\/01\/circulo.png","width":723,"height":731,"caption":"Informe Litoral"},"image":{"@id":"https:\/\/informelitoral.com.ar\/#\/schema\/logo\/image\/"},"sameAs":["https:\/\/www.facebook.com\/informelitoral\/","https:\/\/x.com\/InformeLitoral","https:\/\/www.instagram.com\/informelitoral\/","https:\/\/www.youtube.com\/channel\/UCua4Qvz8Icb6MYqhoq9xLXw"]},{"@type":"Person","@id":"https:\/\/informelitoral.com.ar\/#\/schema\/person\/f05f9f461677119578717524b127d6d5","name":"Sebastian","image":{"@type":"ImageObject","inLanguage":"es","@id":"https:\/\/secure.gravatar.com\/avatar\/b71bf7481d447dfb9583c7f2798e7cc64de6efb9067b74633ed8c31059a3bd82?s=96&d=mm&r=g","url":"https:\/\/secure.gravatar.com\/avatar\/b71bf7481d447dfb9583c7f2798e7cc64de6efb9067b74633ed8c31059a3bd82?s=96&d=mm&r=g","contentUrl":"https:\/\/secure.gravatar.com\/avatar\/b71bf7481d447dfb9583c7f2798e7cc64de6efb9067b74633ed8c31059a3bd82?s=96&d=mm&r=g","caption":"Sebastian"},"url":"https:\/\/informelitoral.com.ar\/author\/sebastian\/"}]}},"_links":{"self":[{"href":"https:\/\/informelitoral.com.ar\/%77%70%2d%6a%73%6f%6e\/wp\/v2\/posts\/163463","targetHints":{"allow":["GET"]}}],"collection":[{"href":"https:\/\/informelitoral.com.ar\/%77%70%2d%6a%73%6f%6e\/wp\/v2\/posts"}],"about":[{"href":"https:\/\/informelitoral.com.ar\/%77%70%2d%6a%73%6f%6e\/wp\/v2\/types\/post"}],"author":[{"embeddable":true,"href":"https:\/\/informelitoral.com.ar\/%77%70%2d%6a%73%6f%6e\/wp\/v2\/users\/8"}],"replies":[{"embeddable":true,"href":"https:\/\/informelitoral.com.ar\/%77%70%2d%6a%73%6f%6e\/wp\/v2\/comments?post=163463"}],"version-history":[{"count":0,"href":"https:\/\/informelitoral.com.ar\/%77%70%2d%6a%73%6f%6e\/wp\/v2\/posts\/163463\/revisions"}],"wp:featuredmedia":[{"embeddable":true,"href":"https:\/\/informelitoral.com.ar\/%77%70%2d%6a%73%6f%6e\/wp\/v2\/media\/77551"}],"wp:attachment":[{"href":"https:\/\/informelitoral.com.ar\/%77%70%2d%6a%73%6f%6e\/wp\/v2\/media?parent=163463"}],"wp:term":[{"taxonomy":"category","embeddable":true,"href":"https:\/\/informelitoral.com.ar\/%77%70%2d%6a%73%6f%6e\/wp\/v2\/categories?post=163463"},{"taxonomy":"post_tag","embeddable":true,"href":"https:\/\/informelitoral.com.ar\/%77%70%2d%6a%73%6f%6e\/wp\/v2\/tags?post=163463"}],"curies":[{"name":"wp","href":"https:\/\/api.w.org\/{rel}","templated":true}]}}