{"id":16340,"date":"2016-05-31T06:22:25","date_gmt":"2016-05-31T09:22:25","guid":{"rendered":"http:\/\/www.isletasnoticias.com.ar\/?p=16340"},"modified":"2016-05-31T07:58:05","modified_gmt":"2016-05-31T10:58:05","slug":"parana-panel-sobre-noviazgos-violentos-y-trata-con-fines-de-explotacion-sexual","status":"publish","type":"post","link":"https:\/\/informelitoral.com.ar\/parana-panel-sobre-noviazgos-violentos-y-trata-con-fines-de-explotacion-sexual\/","title":{"rendered":"Paran\u00e1: panel sobre noviazgos violentos y trata con fines de explotaci\u00f3n sexual"},"content":{"rendered":"<p><strong>Ser\u00e1 este lunes 6 de junio a las 15.00 en el Auditorio Rodolfo Walsh de la Facultad de Ciencias de la Educaci\u00f3n de la capital entrerriana. La actividad se realizar\u00e1 en el marco de la presentaci\u00f3n de la revista <em>Mal de Ojos<\/em>, una publicaci\u00f3n realizada por estudiantes y docentes, que en esta edici\u00f3n aborda <em>noviazgos violentos, trata sexual, violencia dom\u00e9stica, acoso escolar, violencia medi\u00e1tica<\/em> y <em>discriminaci\u00f3n.<\/em><\/strong><\/p>\n<figure id=\"attachment_16341\" aria-describedby=\"caption-attachment-16341\" style=\"width: 460px\" class=\"wp-caption aligncenter\"><a href=\"http:\/\/www.isletasnoticias.com.ar\/%77%70%2d%63%6f%6e%74%65%6e%74\/uploads\/2016\/05\/13237748_1181963211823296_6493578855790948934_n.jpg\"><img loading=\"lazy\" decoding=\"async\" class=\"wp-image-16341 size-full\" src=\"http:\/\/www.isletasnoticias.com.ar\/%77%70%2d%63%6f%6e%74%65%6e%74\/uploads\/2016\/05\/13237748_1181963211823296_6493578855790948934_n.jpg\" alt=\"13237748_1181963211823296_6493578855790948934_n\" width=\"460\" height=\"650\" srcset=\"https:\/\/informelitoral.com.ar\/%77%70%2d%63%6f%6e%74%65%6e%74\/uploads\/2016\/05\/13237748_1181963211823296_6493578855790948934_n.jpg 460w, https:\/\/informelitoral.com.ar\/%77%70%2d%63%6f%6e%74%65%6e%74\/uploads\/2016\/05\/13237748_1181963211823296_6493578855790948934_n-212x300.jpg 212w\" sizes=\"auto, (max-width: 460px) 100vw, 460px\" \/><\/a><figcaption id=\"caption-attachment-16341\" class=\"wp-caption-text\"><em><strong>Foto:<\/strong> Tapa de la d\u00e9cima edici\u00f3n de la Revista Mal de Ojos. <\/em><\/figcaption><\/figure>\n<p>En el marco del D\u00eda del Periodista, el lunes 6 de junio a las 15.00 en el Auditorio Rodolfo Walsh (Buenos Aires 389) de Paran\u00e1 se realizar\u00e1 el panel <em>Los j\u00f3venes: interrogantes sobre los noviazgos violentos y las caracter\u00edsticas de la trata con fines de<\/em> <em>explotaci\u00f3n sexual<\/em>. Se trata de una actividad, abierta a todo el p\u00fablico, del Proyecto de Extensi\u00f3n <em>Periodismo en la Universidad y la Escuela Secundaria<\/em> de la Facultad de Ciencias de la Educaci\u00f3n de la Universidad Nacional de Entre R\u00edos (UNER).<\/p>\n<p>El panel para presentar la revista <em>Mal de Ojos<\/em> estar\u00e1 integrado por<strong> Leandro Dato<\/strong>, fiscal de la Unidad Fiscal de Violencia de G\u00e9nero y Abuso Sexual de Paran\u00e1; <strong>Ruth Lemos<\/strong>, directora de Proyecto de Extensi\u00f3n <em>Juventudes y amores del siglo XXI<\/em> de la Facultad de Trabajo Social de Paran\u00e1; <strong>Silvia Primo<\/strong>, integrante del Equipo de Educaci\u00f3n Sexual Integral de la Facultad de Humanidades, Artes y Ciencias Sociales de la Universidad Aut\u00f3noma de Entre R\u00edos (UADER) y del Consorcio Nacional de Derechos Sexuales y Reproductivos (CONDERS); <strong>Elena Moncada<\/strong>, integrante de la organizaci\u00f3n <em>Santa Fe en Actividad<\/em>, una organizaci\u00f3n que asiste a mujeres en situaci\u00f3n de prostituci\u00f3n y autora del libro <em>Yo elijo contar mi historia<\/em> en la que relata c\u00f3mo se inici\u00f3 en la prostituci\u00f3n a partir de la trata y los abusos que sufri\u00f3 cuando era ni\u00f1a. Tambi\u00e9n estar\u00e1n presentes <strong>Dina Bulacio<\/strong>, vicedirectora de la Escuela Secundaria N\u00b0 511 Juana Azurduy y <strong>Gladis Sividini<\/strong>, docente e integrante del Foro Santa Fe Contra la Trata.<\/p>\n<p><strong>Revista Mal de Ojos<\/strong><\/p>\n<p><em>Mal de Ojos<\/em> es una publicaci\u00f3n que realizan estudiantes y profesores del Taller de Producci\u00f3n Period\u00edstica de Comunicaci\u00f3n Social a partir de un tema central que, en este caso, se centr\u00f3 en la violencia de g\u00e9nero.<\/p>\n<p>La d\u00e9cima edici\u00f3n de la publicaci\u00f3n presenta temas como <strong>noviazgos violentos, trata sexual, violencia dom\u00e9stica, acoso escolar, violencia medi\u00e1tica y discriminaci\u00f3n.<\/strong><\/p>\n<p>La revista se distribuye gratuitamente pero tiene como destinatario principal a los profesores y estudiantes de escuelas secundarias con el objetivo de que constituya un aporte al debate en el aula de temas que resultan de inter\u00e9s para los j\u00f3venes.<\/p>\n<p>La publicaci\u00f3n forma parte de una de las actividades que propone el Proyecto de Extensi\u00f3n <em>Periodismo en la Universidad y la Escuela Secundaria<\/em>. A partir del mismo se promueve que estudiantes de la Orientaci\u00f3n en Periodismo de la Licenciatura en Comunicaci\u00f3n Social de la UNER y de las escuelas secundarias que participan en esta propuesta, realicen producciones comunicacionales que contribuyan a generar contenidos period\u00edsticos con eje en los j\u00f3venes de la regi\u00f3n as\u00ed como a poner en ejercicio el derecho a la comunicaci\u00f3n.<\/p>\n<p>La revista puede solicitarse en la Secretar\u00eda de Extensi\u00f3n de la Facultad en calle Buenos Aires 389. Tambi\u00e9n est\u00e1 disponible on line en el sitio unertpp.blogspot.com.ar.<\/p>\n","protected":false},"excerpt":{"rendered":"<p>Ser&aacute; este lunes 6 de junio a las 15.00 en el Auditorio Rodolfo Walsh de la Facultad de Ciencias de la Educaci&oacute;n de la capital entrerriana. La actividad se realizar&aacute; en el marco de la presentaci&oacute;n de la revista Mal de Ojos, una publicaci&oacute;n realizada por estudiantes y docentes, que en esta edici&oacute;n aborda noviazgos [&hellip;]<\/p>\n","protected":false},"author":2,"featured_media":0,"comment_status":"open","ping_status":"open","sticky":false,"template":"","format":"standard","meta":{"fifu_image_url":"","fifu_image_alt":"","footnotes":""},"categories":[6,9],"tags":[],"class_list":{"0":"post-16340","1":"post","2":"type-post","3":"status-publish","4":"format-standard","6":"category-entre-rios","7":"category-sociedad"},"yoast_head":"<title>Paran\u00e1: panel sobre noviazgos violentos y trata con fines de explotaci\u00f3n sexual - Informe Litoral<\/title>\n<meta name=\"robots\" content=\"index, follow, max-snippet:-1, max-image-preview:large, max-video-preview:-1\" \/>\n<link rel=\"canonical\" href=\"https:\/\/informelitoral.com.ar\/parana-panel-sobre-noviazgos-violentos-y-trata-con-fines-de-explotacion-sexual\/\" \/>\n<meta property=\"og:locale\" content=\"es_ES\" \/>\n<meta property=\"og:type\" content=\"article\" \/>\n<meta property=\"og:title\" content=\"Paran\u00e1: panel sobre noviazgos violentos y trata con fines de explotaci\u00f3n sexual - Informe Litoral\" \/>\n<meta property=\"og:description\" content=\"Ser&aacute; este lunes 6 de junio a las 15.00 en el Auditorio Rodolfo Walsh de la Facultad de Ciencias de la Educaci&oacute;n de la capital entrerriana. La actividad se realizar&aacute; en el marco de la presentaci&oacute;n de la revista Mal de Ojos, una publicaci&oacute;n realizada por estudiantes y docentes, que en esta edici&oacute;n aborda noviazgos [&hellip;]\" \/>\n<meta property=\"og:url\" content=\"https:\/\/informelitoral.com.ar\/parana-panel-sobre-noviazgos-violentos-y-trata-con-fines-de-explotacion-sexual\/\" \/>\n<meta property=\"og:site_name\" content=\"Informe Litoral\" \/>\n<meta property=\"article:publisher\" content=\"https:\/\/www.facebook.com\/informelitoral\/\" \/>\n<meta property=\"article:published_time\" content=\"2016-05-31T09:22:25+00:00\" \/>\n<meta property=\"article:modified_time\" content=\"2016-05-31T10:58:05+00:00\" \/>\n<meta property=\"og:image\" content=\"https:\/\/informelitoral.com.ar\/%77%70%2d%63%6f%6e%74%65%6e%74\/uploads\/2016\/05\/13237748_1181963211823296_6493578855790948934_n.jpg\" \/>\n\t<meta property=\"og:image:width\" content=\"460\" \/>\n\t<meta property=\"og:image:height\" content=\"650\" \/>\n\t<meta property=\"og:image:type\" content=\"image\/jpeg\" \/>\n<meta name=\"author\" content=\"Gonzalo Schmidt\" \/>\n<meta name=\"twitter:card\" content=\"summary_large_image\" \/>\n<meta name=\"twitter:creator\" content=\"@InformeLitoral\" \/>\n<meta name=\"twitter:site\" content=\"@InformeLitoral\" \/>\n<meta name=\"twitter:label1\" content=\"Escrito por\" \/>\n\t<meta name=\"twitter:data1\" content=\"Gonzalo Schmidt\" \/>\n\t<meta name=\"twitter:label2\" content=\"Tiempo de lectura\" \/>\n\t<meta name=\"twitter:data2\" content=\"3 minutos\" \/>\n<script type=\"application\/ld+json\" class=\"yoast-schema-graph\">{\"@context\":\"https:\\\/\\\/schema.org\",\"@graph\":[{\"@type\":\"Article\",\"@id\":\"https:\\\/\\\/informelitoral.com.ar\\\/parana-panel-sobre-noviazgos-violentos-y-trata-con-fines-de-explotacion-sexual\\\/#article\",\"isPartOf\":{\"@id\":\"https:\\\/\\\/informelitoral.com.ar\\\/parana-panel-sobre-noviazgos-violentos-y-trata-con-fines-de-explotacion-sexual\\\/\"},\"author\":{\"name\":\"Gonzalo Schmidt\",\"@id\":\"https:\\\/\\\/informelitoral.com.ar\\\/#\\\/schema\\\/person\\\/b9d00407c836482871ef1d57bf8e3180\"},\"headline\":\"Paran\u00e1: panel sobre noviazgos violentos y trata con fines de explotaci\u00f3n sexual\",\"datePublished\":\"2016-05-31T09:22:25+00:00\",\"dateModified\":\"2016-05-31T10:58:05+00:00\",\"mainEntityOfPage\":{\"@id\":\"https:\\\/\\\/informelitoral.com.ar\\\/parana-panel-sobre-noviazgos-violentos-y-trata-con-fines-de-explotacion-sexual\\\/\"},\"wordCount\":608,\"commentCount\":0,\"publisher\":{\"@id\":\"https:\\\/\\\/informelitoral.com.ar\\\/#organization\"},\"image\":{\"@id\":\"https:\\\/\\\/informelitoral.com.ar\\\/parana-panel-sobre-noviazgos-violentos-y-trata-con-fines-de-explotacion-sexual\\\/#primaryimage\"},\"thumbnailUrl\":\"http:\\\/\\\/www.isletasnoticias.com.ar\\\/%77%70%2d%63%6f%6e%74%65%6e%74\\\/uploads\\\/2016\\\/05\\\/13237748_1181963211823296_6493578855790948934_n.jpg\",\"articleSection\":[\"Entre R\u00edos\",\"Sociedad\"],\"inLanguage\":\"es\",\"potentialAction\":[{\"@type\":\"CommentAction\",\"name\":\"Comment\",\"target\":[\"https:\\\/\\\/informelitoral.com.ar\\\/parana-panel-sobre-noviazgos-violentos-y-trata-con-fines-de-explotacion-sexual\\\/#respond\"]}]},{\"@type\":\"WebPage\",\"@id\":\"https:\\\/\\\/informelitoral.com.ar\\\/parana-panel-sobre-noviazgos-violentos-y-trata-con-fines-de-explotacion-sexual\\\/\",\"url\":\"https:\\\/\\\/informelitoral.com.ar\\\/parana-panel-sobre-noviazgos-violentos-y-trata-con-fines-de-explotacion-sexual\\\/\",\"name\":\"Paran\u00e1: panel sobre noviazgos violentos y trata con fines de explotaci\u00f3n sexual - Informe Litoral\",\"isPartOf\":{\"@id\":\"https:\\\/\\\/informelitoral.com.ar\\\/#website\"},\"primaryImageOfPage\":{\"@id\":\"https:\\\/\\\/informelitoral.com.ar\\\/parana-panel-sobre-noviazgos-violentos-y-trata-con-fines-de-explotacion-sexual\\\/#primaryimage\"},\"image\":{\"@id\":\"https:\\\/\\\/informelitoral.com.ar\\\/parana-panel-sobre-noviazgos-violentos-y-trata-con-fines-de-explotacion-sexual\\\/#primaryimage\"},\"thumbnailUrl\":\"http:\\\/\\\/www.isletasnoticias.com.ar\\\/%77%70%2d%63%6f%6e%74%65%6e%74\\\/uploads\\\/2016\\\/05\\\/13237748_1181963211823296_6493578855790948934_n.jpg\",\"datePublished\":\"2016-05-31T09:22:25+00:00\",\"dateModified\":\"2016-05-31T10:58:05+00:00\",\"breadcrumb\":{\"@id\":\"https:\\\/\\\/informelitoral.com.ar\\\/parana-panel-sobre-noviazgos-violentos-y-trata-con-fines-de-explotacion-sexual\\\/#breadcrumb\"},\"inLanguage\":\"es\",\"potentialAction\":[{\"@type\":\"ReadAction\",\"target\":[\"https:\\\/\\\/informelitoral.com.ar\\\/parana-panel-sobre-noviazgos-violentos-y-trata-con-fines-de-explotacion-sexual\\\/\"]}]},{\"@type\":\"ImageObject\",\"inLanguage\":\"es\",\"@id\":\"https:\\\/\\\/informelitoral.com.ar\\\/parana-panel-sobre-noviazgos-violentos-y-trata-con-fines-de-explotacion-sexual\\\/#primaryimage\",\"url\":\"http:\\\/\\\/www.isletasnoticias.com.ar\\\/%77%70%2d%63%6f%6e%74%65%6e%74\\\/uploads\\\/2016\\\/05\\\/13237748_1181963211823296_6493578855790948934_n.jpg\",\"contentUrl\":\"http:\\\/\\\/www.isletasnoticias.com.ar\\\/%77%70%2d%63%6f%6e%74%65%6e%74\\\/uploads\\\/2016\\\/05\\\/13237748_1181963211823296_6493578855790948934_n.jpg\"},{\"@type\":\"BreadcrumbList\",\"@id\":\"https:\\\/\\\/informelitoral.com.ar\\\/parana-panel-sobre-noviazgos-violentos-y-trata-con-fines-de-explotacion-sexual\\\/#breadcrumb\",\"itemListElement\":[{\"@type\":\"ListItem\",\"position\":1,\"name\":\"Portada\",\"item\":\"https:\\\/\\\/informelitoral.com.ar\\\/\"},{\"@type\":\"ListItem\",\"position\":2,\"name\":\"Paran\u00e1: panel sobre noviazgos violentos y trata con fines de explotaci\u00f3n sexual\"}]},{\"@type\":\"WebSite\",\"@id\":\"https:\\\/\\\/informelitoral.com.ar\\\/#website\",\"url\":\"https:\\\/\\\/informelitoral.com.ar\\\/\",\"name\":\"Informe Litoral\",\"description\":\"&quot;Nos informamos&quot; \",\"publisher\":{\"@id\":\"https:\\\/\\\/informelitoral.com.ar\\\/#organization\"},\"potentialAction\":[{\"@type\":\"SearchAction\",\"target\":{\"@type\":\"EntryPoint\",\"urlTemplate\":\"https:\\\/\\\/informelitoral.com.ar\\\/?s={search_term_string}\"},\"query-input\":{\"@type\":\"PropertyValueSpecification\",\"valueRequired\":true,\"valueName\":\"search_term_string\"}}],\"inLanguage\":\"es\"},{\"@type\":\"Organization\",\"@id\":\"https:\\\/\\\/informelitoral.com.ar\\\/#organization\",\"name\":\"Informe Litoral\",\"url\":\"https:\\\/\\\/informelitoral.com.ar\\\/\",\"logo\":{\"@type\":\"ImageObject\",\"inLanguage\":\"es\",\"@id\":\"https:\\\/\\\/informelitoral.com.ar\\\/#\\\/schema\\\/logo\\\/image\\\/\",\"url\":\"https:\\\/\\\/informelitoral.com.ar\\\/%77%70%2d%63%6f%6e%74%65%6e%74\\\/uploads\\\/2021\\\/01\\\/circulo.png\",\"contentUrl\":\"https:\\\/\\\/informelitoral.com.ar\\\/%77%70%2d%63%6f%6e%74%65%6e%74\\\/uploads\\\/2021\\\/01\\\/circulo.png\",\"width\":723,\"height\":731,\"caption\":\"Informe Litoral\"},\"image\":{\"@id\":\"https:\\\/\\\/informelitoral.com.ar\\\/#\\\/schema\\\/logo\\\/image\\\/\"},\"sameAs\":[\"https:\\\/\\\/www.facebook.com\\\/informelitoral\\\/\",\"https:\\\/\\\/x.com\\\/InformeLitoral\",\"https:\\\/\\\/www.instagram.com\\\/informelitoral\\\/\",\"https:\\\/\\\/www.youtube.com\\\/channel\\\/UCua4Qvz8Icb6MYqhoq9xLXw\"]},{\"@type\":\"Person\",\"@id\":\"https:\\\/\\\/informelitoral.com.ar\\\/#\\\/schema\\\/person\\\/b9d00407c836482871ef1d57bf8e3180\",\"name\":\"Gonzalo Schmidt\",\"image\":{\"@type\":\"ImageObject\",\"inLanguage\":\"es\",\"@id\":\"https:\\\/\\\/secure.gravatar.com\\\/avatar\\\/31a1a7b66ff2de83bd0e9fd79d026630d2d99e55e8bfe501287647b4fd9743de?s=96&d=mm&r=g\",\"url\":\"https:\\\/\\\/secure.gravatar.com\\\/avatar\\\/31a1a7b66ff2de83bd0e9fd79d026630d2d99e55e8bfe501287647b4fd9743de?s=96&d=mm&r=g\",\"contentUrl\":\"https:\\\/\\\/secure.gravatar.com\\\/avatar\\\/31a1a7b66ff2de83bd0e9fd79d026630d2d99e55e8bfe501287647b4fd9743de?s=96&d=mm&r=g\",\"caption\":\"Gonzalo Schmidt\"},\"description\":\"Sitio web de noticias de la provincia de Entre R\u00edos, Argentina. Informaci\u00f3n y entretenimiento. Informe Litoral, nos informamos.\",\"sameAs\":[\"http:\\\/\\\/www.isletasnoticias.com.ar\"],\"url\":\"https:\\\/\\\/informelitoral.com.ar\\\/author\\\/gonzalo\\\/\"}]}<\/script>","yoast_head_json":{"title":"Paran\u00e1: panel sobre noviazgos violentos y trata con fines de explotaci\u00f3n sexual - Informe Litoral","robots":{"index":"index","follow":"follow","max-snippet":"max-snippet:-1","max-image-preview":"max-image-preview:large","max-video-preview":"max-video-preview:-1"},"canonical":"https:\/\/informelitoral.com.ar\/parana-panel-sobre-noviazgos-violentos-y-trata-con-fines-de-explotacion-sexual\/","og_locale":"es_ES","og_type":"article","og_title":"Paran\u00e1: panel sobre noviazgos violentos y trata con fines de explotaci\u00f3n sexual - Informe Litoral","og_description":"Ser&aacute; este lunes 6 de junio a las 15.00 en el Auditorio Rodolfo Walsh de la Facultad de Ciencias de la Educaci&oacute;n de la capital entrerriana. La actividad se realizar&aacute; en el marco de la presentaci&oacute;n de la revista Mal de Ojos, una publicaci&oacute;n realizada por estudiantes y docentes, que en esta edici&oacute;n aborda noviazgos [&hellip;]","og_url":"https:\/\/informelitoral.com.ar\/parana-panel-sobre-noviazgos-violentos-y-trata-con-fines-de-explotacion-sexual\/","og_site_name":"Informe Litoral","article_publisher":"https:\/\/www.facebook.com\/informelitoral\/","article_published_time":"2016-05-31T09:22:25+00:00","article_modified_time":"2016-05-31T10:58:05+00:00","og_image":[{"width":460,"height":650,"url":"https:\/\/informelitoral.com.ar\/%77%70%2d%63%6f%6e%74%65%6e%74\/uploads\/2016\/05\/13237748_1181963211823296_6493578855790948934_n.jpg","type":"image\/jpeg"}],"author":"Gonzalo Schmidt","twitter_card":"summary_large_image","twitter_creator":"@InformeLitoral","twitter_site":"@InformeLitoral","twitter_misc":{"Escrito por":"Gonzalo Schmidt","Tiempo de lectura":"3 minutos"},"schema":{"@context":"https:\/\/schema.org","@graph":[{"@type":"Article","@id":"https:\/\/informelitoral.com.ar\/parana-panel-sobre-noviazgos-violentos-y-trata-con-fines-de-explotacion-sexual\/#article","isPartOf":{"@id":"https:\/\/informelitoral.com.ar\/parana-panel-sobre-noviazgos-violentos-y-trata-con-fines-de-explotacion-sexual\/"},"author":{"name":"Gonzalo Schmidt","@id":"https:\/\/informelitoral.com.ar\/#\/schema\/person\/b9d00407c836482871ef1d57bf8e3180"},"headline":"Paran\u00e1: panel sobre noviazgos violentos y trata con fines de explotaci\u00f3n sexual","datePublished":"2016-05-31T09:22:25+00:00","dateModified":"2016-05-31T10:58:05+00:00","mainEntityOfPage":{"@id":"https:\/\/informelitoral.com.ar\/parana-panel-sobre-noviazgos-violentos-y-trata-con-fines-de-explotacion-sexual\/"},"wordCount":608,"commentCount":0,"publisher":{"@id":"https:\/\/informelitoral.com.ar\/#organization"},"image":{"@id":"https:\/\/informelitoral.com.ar\/parana-panel-sobre-noviazgos-violentos-y-trata-con-fines-de-explotacion-sexual\/#primaryimage"},"thumbnailUrl":"http:\/\/www.isletasnoticias.com.ar\/%77%70%2d%63%6f%6e%74%65%6e%74\/uploads\/2016\/05\/13237748_1181963211823296_6493578855790948934_n.jpg","articleSection":["Entre R\u00edos","Sociedad"],"inLanguage":"es","potentialAction":[{"@type":"CommentAction","name":"Comment","target":["https:\/\/informelitoral.com.ar\/parana-panel-sobre-noviazgos-violentos-y-trata-con-fines-de-explotacion-sexual\/#respond"]}]},{"@type":"WebPage","@id":"https:\/\/informelitoral.com.ar\/parana-panel-sobre-noviazgos-violentos-y-trata-con-fines-de-explotacion-sexual\/","url":"https:\/\/informelitoral.com.ar\/parana-panel-sobre-noviazgos-violentos-y-trata-con-fines-de-explotacion-sexual\/","name":"Paran\u00e1: panel sobre noviazgos violentos y trata con fines de explotaci\u00f3n sexual - Informe Litoral","isPartOf":{"@id":"https:\/\/informelitoral.com.ar\/#website"},"primaryImageOfPage":{"@id":"https:\/\/informelitoral.com.ar\/parana-panel-sobre-noviazgos-violentos-y-trata-con-fines-de-explotacion-sexual\/#primaryimage"},"image":{"@id":"https:\/\/informelitoral.com.ar\/parana-panel-sobre-noviazgos-violentos-y-trata-con-fines-de-explotacion-sexual\/#primaryimage"},"thumbnailUrl":"http:\/\/www.isletasnoticias.com.ar\/%77%70%2d%63%6f%6e%74%65%6e%74\/uploads\/2016\/05\/13237748_1181963211823296_6493578855790948934_n.jpg","datePublished":"2016-05-31T09:22:25+00:00","dateModified":"2016-05-31T10:58:05+00:00","breadcrumb":{"@id":"https:\/\/informelitoral.com.ar\/parana-panel-sobre-noviazgos-violentos-y-trata-con-fines-de-explotacion-sexual\/#breadcrumb"},"inLanguage":"es","potentialAction":[{"@type":"ReadAction","target":["https:\/\/informelitoral.com.ar\/parana-panel-sobre-noviazgos-violentos-y-trata-con-fines-de-explotacion-sexual\/"]}]},{"@type":"ImageObject","inLanguage":"es","@id":"https:\/\/informelitoral.com.ar\/parana-panel-sobre-noviazgos-violentos-y-trata-con-fines-de-explotacion-sexual\/#primaryimage","url":"http:\/\/www.isletasnoticias.com.ar\/%77%70%2d%63%6f%6e%74%65%6e%74\/uploads\/2016\/05\/13237748_1181963211823296_6493578855790948934_n.jpg","contentUrl":"http:\/\/www.isletasnoticias.com.ar\/%77%70%2d%63%6f%6e%74%65%6e%74\/uploads\/2016\/05\/13237748_1181963211823296_6493578855790948934_n.jpg"},{"@type":"BreadcrumbList","@id":"https:\/\/informelitoral.com.ar\/parana-panel-sobre-noviazgos-violentos-y-trata-con-fines-de-explotacion-sexual\/#breadcrumb","itemListElement":[{"@type":"ListItem","position":1,"name":"Portada","item":"https:\/\/informelitoral.com.ar\/"},{"@type":"ListItem","position":2,"name":"Paran\u00e1: panel sobre noviazgos violentos y trata con fines de explotaci\u00f3n sexual"}]},{"@type":"WebSite","@id":"https:\/\/informelitoral.com.ar\/#website","url":"https:\/\/informelitoral.com.ar\/","name":"Informe Litoral","description":"&quot;Nos informamos&quot; ","publisher":{"@id":"https:\/\/informelitoral.com.ar\/#organization"},"potentialAction":[{"@type":"SearchAction","target":{"@type":"EntryPoint","urlTemplate":"https:\/\/informelitoral.com.ar\/?s={search_term_string}"},"query-input":{"@type":"PropertyValueSpecification","valueRequired":true,"valueName":"search_term_string"}}],"inLanguage":"es"},{"@type":"Organization","@id":"https:\/\/informelitoral.com.ar\/#organization","name":"Informe Litoral","url":"https:\/\/informelitoral.com.ar\/","logo":{"@type":"ImageObject","inLanguage":"es","@id":"https:\/\/informelitoral.com.ar\/#\/schema\/logo\/image\/","url":"https:\/\/informelitoral.com.ar\/%77%70%2d%63%6f%6e%74%65%6e%74\/uploads\/2021\/01\/circulo.png","contentUrl":"https:\/\/informelitoral.com.ar\/%77%70%2d%63%6f%6e%74%65%6e%74\/uploads\/2021\/01\/circulo.png","width":723,"height":731,"caption":"Informe Litoral"},"image":{"@id":"https:\/\/informelitoral.com.ar\/#\/schema\/logo\/image\/"},"sameAs":["https:\/\/www.facebook.com\/informelitoral\/","https:\/\/x.com\/InformeLitoral","https:\/\/www.instagram.com\/informelitoral\/","https:\/\/www.youtube.com\/channel\/UCua4Qvz8Icb6MYqhoq9xLXw"]},{"@type":"Person","@id":"https:\/\/informelitoral.com.ar\/#\/schema\/person\/b9d00407c836482871ef1d57bf8e3180","name":"Gonzalo Schmidt","image":{"@type":"ImageObject","inLanguage":"es","@id":"https:\/\/secure.gravatar.com\/avatar\/31a1a7b66ff2de83bd0e9fd79d026630d2d99e55e8bfe501287647b4fd9743de?s=96&d=mm&r=g","url":"https:\/\/secure.gravatar.com\/avatar\/31a1a7b66ff2de83bd0e9fd79d026630d2d99e55e8bfe501287647b4fd9743de?s=96&d=mm&r=g","contentUrl":"https:\/\/secure.gravatar.com\/avatar\/31a1a7b66ff2de83bd0e9fd79d026630d2d99e55e8bfe501287647b4fd9743de?s=96&d=mm&r=g","caption":"Gonzalo Schmidt"},"description":"Sitio web de noticias de la provincia de Entre R\u00edos, Argentina. Informaci\u00f3n y entretenimiento. Informe Litoral, nos informamos.","sameAs":["http:\/\/www.isletasnoticias.com.ar"],"url":"https:\/\/informelitoral.com.ar\/author\/gonzalo\/"}]}},"_links":{"self":[{"href":"https:\/\/informelitoral.com.ar\/%77%70%2d%6a%73%6f%6e\/wp\/v2\/posts\/16340","targetHints":{"allow":["GET"]}}],"collection":[{"href":"https:\/\/informelitoral.com.ar\/%77%70%2d%6a%73%6f%6e\/wp\/v2\/posts"}],"about":[{"href":"https:\/\/informelitoral.com.ar\/%77%70%2d%6a%73%6f%6e\/wp\/v2\/types\/post"}],"author":[{"embeddable":true,"href":"https:\/\/informelitoral.com.ar\/%77%70%2d%6a%73%6f%6e\/wp\/v2\/users\/2"}],"replies":[{"embeddable":true,"href":"https:\/\/informelitoral.com.ar\/%77%70%2d%6a%73%6f%6e\/wp\/v2\/comments?post=16340"}],"version-history":[{"count":0,"href":"https:\/\/informelitoral.com.ar\/%77%70%2d%6a%73%6f%6e\/wp\/v2\/posts\/16340\/revisions"}],"wp:attachment":[{"href":"https:\/\/informelitoral.com.ar\/%77%70%2d%6a%73%6f%6e\/wp\/v2\/media?parent=16340"}],"wp:term":[{"taxonomy":"category","embeddable":true,"href":"https:\/\/informelitoral.com.ar\/%77%70%2d%6a%73%6f%6e\/wp\/v2\/categories?post=16340"},{"taxonomy":"post_tag","embeddable":true,"href":"https:\/\/informelitoral.com.ar\/%77%70%2d%6a%73%6f%6e\/wp\/v2\/tags?post=16340"}],"curies":[{"name":"wp","href":"https:\/\/api.w.org\/{rel}","templated":true}]}}