{"id":1634,"date":"2013-05-09T23:54:33","date_gmt":"2013-05-10T02:54:33","guid":{"rendered":"http:\/\/www.isletasnoticias.com.ar\/?p=1634"},"modified":"2013-05-09T23:54:33","modified_gmt":"2013-05-10T02:54:33","slug":"aumentaron-las-muertes-fetales-en-la-ciudad-uruguaya-de-la-exbotnia","status":"publish","type":"post","link":"https:\/\/informelitoral.com.ar\/aumentaron-las-muertes-fetales-en-la-ciudad-uruguaya-de-la-exbotnia\/","title":{"rendered":"Aumentaron las muertes fetales en la ciudad uruguaya de la exBotnia"},"content":{"rendered":"<p><strong>Investigan las causas de los decesos intrauterinos. En dos meses hubo cinco casos en el hospital local, cuando el promedio hist\u00f3rico e<strong>s de uno o dos por a\u00f1o.<\/strong><\/strong><\/p>\n<p><img loading=\"lazy\" decoding=\"async\" class=\"size-medium wp-image-1635 aligncenter\" alt=\"Botnia-planta.jpg_869080375\" src=\"http:\/\/www.isletasnoticias.com.ar\/%77%70%2d%63%6f%6e%74%65%6e%74\/uploads\/2013\/05\/Botnia-planta.jpg_869080375-300x225.jpg\" width=\"300\" height=\"225\" srcset=\"https:\/\/informelitoral.com.ar\/%77%70%2d%63%6f%6e%74%65%6e%74\/uploads\/2013\/05\/Botnia-planta.jpg_869080375-300x225.jpg 300w, https:\/\/informelitoral.com.ar\/%77%70%2d%63%6f%6e%74%65%6e%74\/uploads\/2013\/05\/Botnia-planta.jpg_869080375.jpg 624w\" sizes=\"auto, (max-width: 300px) 100vw, 300px\" \/><\/p>\n<p>La Direcci\u00f3n de Salud del Departamento de R\u00edo Negro inici\u00f3 una investigaci\u00f3n para determinar las causas de un sorpresivo aumento de muertes fetales en la ciudad uruguaya de Fray Bentos, donde se encuentra la pol\u00e9mica planta de celulosa UPM, exBotnia. En dos meses hubo cinco casos en el hospital de la localidad, cuando el promedio hist\u00f3rico es de uno o dos por a\u00f1o.<\/p>\n<p>La denuncia de estos cinco \u00faltimos casos de muerte intrauterina, es decir de beb\u00e9s que no llegan a nacer, fue elevada al Programa de Ni\u00f1ez de la Unidad de Descentralizaci\u00f3n Territorial del Ministerio de Salud P\u00fablica por el propio director de Salud de R\u00edo Negro, Gerardo Valiero.<\/p>\n<p>En ese departamento la estad\u00edstica marca que se registran uno o a lo sumo dos casos de muertes fetales por a\u00f1o y era hasta ahora de las m\u00e1s bajas del vecino pa\u00eds. Los \u00faltimos datos hicieron saltar todas las alarmas.<\/p>\n<p>\u00abEntre marzo y abril ten\u00edamos tres denuncias de \u00f3bitos fetales, es decir aquellos embarazos que no llegan a t\u00e9rmino y donde el beb\u00e9 nace sin vida. La semana pasada se sumaron otros dos episodios lo que hizo encender una luz de alarma, en el entendido de que si bien puede suceder se trata de un hecho que no es com\u00fan\u00bb, dijo al diario\u00a0<em>El Pa\u00eds\u00a0<\/em>el m\u00e9dico Valiero.<\/p>\n<p>En esa dependencia se recibieron fotocopias de las historias cl\u00ednicas -las instituciones p\u00fablicas y privadas est\u00e1n obligadas a reportar los casos de \u00f3bitos fetales y muerte perinatal- con las que se inici\u00f3 un trabajo que procurar\u00e1 explicar las razones\u00a0de este fen\u00f3meno.<\/p>\n<p>\u201cLa frecuencia supera ampliamente lo esperado\u00bb, insisti\u00f3 Valiero. Aunque se trata de la ciudad donde se encuentra la celulosa UPM (exBotnia), el funcionario no hizo referencia a la posibilidad de que el problema obedezca a los efectos de la contaminaci\u00f3n que produce esa planta, la cual es denunciada por los asamble\u00edstas de Gualeguaych\u00fa.<\/p>\n<p>La totalidad de los eventos, los cinco \u00faltimos casos, corresponden a mujeres que se atienden en el hospital de Fray Bentos. Pero a estos casos hay que agregar uno ocurrido en noviembre del a\u00f1o pasado en la mutualista local.<\/p>\n<p>\u00abLa auditor\u00eda intentar\u00e1 establecer en qu\u00e9 condiciones lleg\u00f3 cada paciente al centro asistencial y si se cumplieron todos los protocolos de actuaci\u00f3n en cada uno de los casos. Adem\u00e1s estamos solicitando las historias previas de esas mujeres para tener la informaci\u00f3n sobre la mesa y comenzar a analizar absolutamente todo, desde la edad gestacional, si hubo controles y se hicieron las ecograf\u00edas en tiempo y forma y si hubo ingesta de alguna medicaci\u00f3n de forma que nos permita encontrar indicios sobre las causas que desencadenaron estos hechos que son lamentables\u00bb, indic\u00f3 Valiero.<\/p>\n<p>Ese trabajo insumir\u00e1 una semana, tras lo cual el funcionario tiene previsto reunirse con los t\u00e9cnicos que participaron en cada una de las instancias, as\u00ed como tambi\u00e9n mantendr\u00e1 una serie de entrevistas con las respectivas familias para saber desde su \u00f3ptica qu\u00e9 fue lo que sucedi\u00f3 en cada uno de los casos.<\/p>\n<p>\u00abEn la medida que la auditor\u00eda avance se ver\u00e1 si corresponde o no iniciar otro tipo de acciones como una investigaci\u00f3n t\u00e9cnica o administrativa m\u00e1s profunda en caso de constatarse otras responsabilidades. No podemos dejar pasar estos hechos, tenemos que estudiarlos y tratar de prevenir para que no vuelvan a suceder\u00bb, explic\u00f3\u00a0Valiero.<\/p>\n<p>Sobre las caracter\u00edsticas de las madres afectadas, Valiero explic\u00f3 que \u00abexisten varias situaciones con mujeres de m\u00e1s de 30 a\u00f1os hasta adolescentes de 17 y embarazos de m\u00e1s de 26 semanas y otros de 40 semanas, es decir algunos a t\u00e9rmino y otro que no\u00bb.<\/p>\n<p style=\"text-align: left;\">Algunas muertes \u00abse originan por malformaciones cong\u00e9nitas que son incompatibles con la vida pero no puedo asegurar que sea eso. Estas son las situaciones m\u00e1s duras que aunque uno trate de prevenirlas se van a seguir dando, pero existen otros casos donde no existen malformaciones o enfermedades de la placenta de la madre que impidan oxigenar bien al beb\u00e9, que es lo que queremos determinar\u00bb, puntualiz\u00f3 el director departamental. (Fuente: UNO).<\/p>\n","protected":false},"excerpt":{"rendered":"<p>Investigan las causas de los decesos intrauterinos. En dos meses hubo cinco casos en el hospital local, cuando el promedio hist&oacute;rico es de uno o dos por a&ntilde;o. La Direcci&oacute;n de Salud del Departamento de R&iacute;o Negro inici&oacute; una investigaci&oacute;n para determinar las causas de un sorpresivo aumento de muertes fetales en la ciudad uruguaya [&hellip;]<\/p>\n","protected":false},"author":2,"featured_media":0,"comment_status":"open","ping_status":"open","sticky":false,"template":"","format":"standard","meta":{"fifu_image_url":"","fifu_image_alt":"","footnotes":""},"categories":[6],"tags":[],"class_list":{"0":"post-1634","1":"post","2":"type-post","3":"status-publish","4":"format-standard","6":"category-entre-rios"},"yoast_head":"<title>Aumentaron las muertes fetales en la ciudad uruguaya de la exBotnia - Informe Litoral<\/title>\n<meta name=\"robots\" content=\"index, follow, max-snippet:-1, max-image-preview:large, max-video-preview:-1\" \/>\n<link rel=\"canonical\" href=\"https:\/\/informelitoral.com.ar\/aumentaron-las-muertes-fetales-en-la-ciudad-uruguaya-de-la-exbotnia\/\" \/>\n<meta property=\"og:locale\" content=\"es_ES\" \/>\n<meta property=\"og:type\" content=\"article\" \/>\n<meta property=\"og:title\" content=\"Aumentaron las muertes fetales en la ciudad uruguaya de la exBotnia - Informe Litoral\" \/>\n<meta property=\"og:description\" content=\"Investigan las causas de los decesos intrauterinos. En dos meses hubo cinco casos en el hospital local, cuando el promedio hist&oacute;rico es de uno o dos por a&ntilde;o. La Direcci&oacute;n de Salud del Departamento de R&iacute;o Negro inici&oacute; una investigaci&oacute;n para determinar las causas de un sorpresivo aumento de muertes fetales en la ciudad uruguaya [&hellip;]\" \/>\n<meta property=\"og:url\" content=\"https:\/\/informelitoral.com.ar\/aumentaron-las-muertes-fetales-en-la-ciudad-uruguaya-de-la-exbotnia\/\" \/>\n<meta property=\"og:site_name\" content=\"Informe Litoral\" \/>\n<meta property=\"article:publisher\" content=\"https:\/\/www.facebook.com\/informelitoral\/\" \/>\n<meta property=\"article:published_time\" content=\"2013-05-10T02:54:33+00:00\" \/>\n<meta property=\"og:image\" content=\"https:\/\/informelitoral.com.ar\/%77%70%2d%63%6f%6e%74%65%6e%74\/uploads\/2013\/05\/Botnia-planta.jpg_869080375.jpg\" \/>\n\t<meta property=\"og:image:width\" content=\"624\" \/>\n\t<meta property=\"og:image:height\" content=\"468\" \/>\n\t<meta property=\"og:image:type\" content=\"image\/jpeg\" \/>\n<meta name=\"author\" content=\"Gonzalo Schmidt\" \/>\n<meta name=\"twitter:card\" content=\"summary_large_image\" \/>\n<meta name=\"twitter:creator\" content=\"@InformeLitoral\" \/>\n<meta name=\"twitter:site\" content=\"@InformeLitoral\" \/>\n<meta name=\"twitter:label1\" content=\"Escrito por\" \/>\n\t<meta name=\"twitter:data1\" content=\"Gonzalo Schmidt\" \/>\n\t<meta name=\"twitter:label2\" content=\"Tiempo de lectura\" \/>\n\t<meta name=\"twitter:data2\" content=\"4 minutos\" \/>\n<script type=\"application\/ld+json\" class=\"yoast-schema-graph\">{\"@context\":\"https:\\\/\\\/schema.org\",\"@graph\":[{\"@type\":\"Article\",\"@id\":\"https:\\\/\\\/informelitoral.com.ar\\\/aumentaron-las-muertes-fetales-en-la-ciudad-uruguaya-de-la-exbotnia\\\/#article\",\"isPartOf\":{\"@id\":\"https:\\\/\\\/informelitoral.com.ar\\\/aumentaron-las-muertes-fetales-en-la-ciudad-uruguaya-de-la-exbotnia\\\/\"},\"author\":{\"name\":\"Gonzalo Schmidt\",\"@id\":\"https:\\\/\\\/informelitoral.com.ar\\\/#\\\/schema\\\/person\\\/b9d00407c836482871ef1d57bf8e3180\"},\"headline\":\"Aumentaron las muertes fetales en la ciudad uruguaya de la exBotnia\",\"datePublished\":\"2013-05-10T02:54:33+00:00\",\"mainEntityOfPage\":{\"@id\":\"https:\\\/\\\/informelitoral.com.ar\\\/aumentaron-las-muertes-fetales-en-la-ciudad-uruguaya-de-la-exbotnia\\\/\"},\"wordCount\":748,\"commentCount\":0,\"publisher\":{\"@id\":\"https:\\\/\\\/informelitoral.com.ar\\\/#organization\"},\"image\":{\"@id\":\"https:\\\/\\\/informelitoral.com.ar\\\/aumentaron-las-muertes-fetales-en-la-ciudad-uruguaya-de-la-exbotnia\\\/#primaryimage\"},\"thumbnailUrl\":\"http:\\\/\\\/www.isletasnoticias.com.ar\\\/%77%70%2d%63%6f%6e%74%65%6e%74\\\/uploads\\\/2013\\\/05\\\/Botnia-planta.jpg_869080375-300x225.jpg\",\"articleSection\":[\"Entre R\u00edos\"],\"inLanguage\":\"es\",\"potentialAction\":[{\"@type\":\"CommentAction\",\"name\":\"Comment\",\"target\":[\"https:\\\/\\\/informelitoral.com.ar\\\/aumentaron-las-muertes-fetales-en-la-ciudad-uruguaya-de-la-exbotnia\\\/#respond\"]}]},{\"@type\":\"WebPage\",\"@id\":\"https:\\\/\\\/informelitoral.com.ar\\\/aumentaron-las-muertes-fetales-en-la-ciudad-uruguaya-de-la-exbotnia\\\/\",\"url\":\"https:\\\/\\\/informelitoral.com.ar\\\/aumentaron-las-muertes-fetales-en-la-ciudad-uruguaya-de-la-exbotnia\\\/\",\"name\":\"Aumentaron las muertes fetales en la ciudad uruguaya de la exBotnia - Informe Litoral\",\"isPartOf\":{\"@id\":\"https:\\\/\\\/informelitoral.com.ar\\\/#website\"},\"primaryImageOfPage\":{\"@id\":\"https:\\\/\\\/informelitoral.com.ar\\\/aumentaron-las-muertes-fetales-en-la-ciudad-uruguaya-de-la-exbotnia\\\/#primaryimage\"},\"image\":{\"@id\":\"https:\\\/\\\/informelitoral.com.ar\\\/aumentaron-las-muertes-fetales-en-la-ciudad-uruguaya-de-la-exbotnia\\\/#primaryimage\"},\"thumbnailUrl\":\"http:\\\/\\\/www.isletasnoticias.com.ar\\\/%77%70%2d%63%6f%6e%74%65%6e%74\\\/uploads\\\/2013\\\/05\\\/Botnia-planta.jpg_869080375-300x225.jpg\",\"datePublished\":\"2013-05-10T02:54:33+00:00\",\"breadcrumb\":{\"@id\":\"https:\\\/\\\/informelitoral.com.ar\\\/aumentaron-las-muertes-fetales-en-la-ciudad-uruguaya-de-la-exbotnia\\\/#breadcrumb\"},\"inLanguage\":\"es\",\"potentialAction\":[{\"@type\":\"ReadAction\",\"target\":[\"https:\\\/\\\/informelitoral.com.ar\\\/aumentaron-las-muertes-fetales-en-la-ciudad-uruguaya-de-la-exbotnia\\\/\"]}]},{\"@type\":\"ImageObject\",\"inLanguage\":\"es\",\"@id\":\"https:\\\/\\\/informelitoral.com.ar\\\/aumentaron-las-muertes-fetales-en-la-ciudad-uruguaya-de-la-exbotnia\\\/#primaryimage\",\"url\":\"http:\\\/\\\/www.isletasnoticias.com.ar\\\/%77%70%2d%63%6f%6e%74%65%6e%74\\\/uploads\\\/2013\\\/05\\\/Botnia-planta.jpg_869080375-300x225.jpg\",\"contentUrl\":\"http:\\\/\\\/www.isletasnoticias.com.ar\\\/%77%70%2d%63%6f%6e%74%65%6e%74\\\/uploads\\\/2013\\\/05\\\/Botnia-planta.jpg_869080375-300x225.jpg\"},{\"@type\":\"BreadcrumbList\",\"@id\":\"https:\\\/\\\/informelitoral.com.ar\\\/aumentaron-las-muertes-fetales-en-la-ciudad-uruguaya-de-la-exbotnia\\\/#breadcrumb\",\"itemListElement\":[{\"@type\":\"ListItem\",\"position\":1,\"name\":\"Portada\",\"item\":\"https:\\\/\\\/informelitoral.com.ar\\\/\"},{\"@type\":\"ListItem\",\"position\":2,\"name\":\"Aumentaron las muertes fetales en la ciudad uruguaya de la exBotnia\"}]},{\"@type\":\"WebSite\",\"@id\":\"https:\\\/\\\/informelitoral.com.ar\\\/#website\",\"url\":\"https:\\\/\\\/informelitoral.com.ar\\\/\",\"name\":\"Informe Litoral\",\"description\":\"&quot;Nos informamos&quot; \",\"publisher\":{\"@id\":\"https:\\\/\\\/informelitoral.com.ar\\\/#organization\"},\"potentialAction\":[{\"@type\":\"SearchAction\",\"target\":{\"@type\":\"EntryPoint\",\"urlTemplate\":\"https:\\\/\\\/informelitoral.com.ar\\\/?s={search_term_string}\"},\"query-input\":{\"@type\":\"PropertyValueSpecification\",\"valueRequired\":true,\"valueName\":\"search_term_string\"}}],\"inLanguage\":\"es\"},{\"@type\":\"Organization\",\"@id\":\"https:\\\/\\\/informelitoral.com.ar\\\/#organization\",\"name\":\"Informe Litoral\",\"url\":\"https:\\\/\\\/informelitoral.com.ar\\\/\",\"logo\":{\"@type\":\"ImageObject\",\"inLanguage\":\"es\",\"@id\":\"https:\\\/\\\/informelitoral.com.ar\\\/#\\\/schema\\\/logo\\\/image\\\/\",\"url\":\"https:\\\/\\\/informelitoral.com.ar\\\/%77%70%2d%63%6f%6e%74%65%6e%74\\\/uploads\\\/2021\\\/01\\\/circulo.png\",\"contentUrl\":\"https:\\\/\\\/informelitoral.com.ar\\\/%77%70%2d%63%6f%6e%74%65%6e%74\\\/uploads\\\/2021\\\/01\\\/circulo.png\",\"width\":723,\"height\":731,\"caption\":\"Informe Litoral\"},\"image\":{\"@id\":\"https:\\\/\\\/informelitoral.com.ar\\\/#\\\/schema\\\/logo\\\/image\\\/\"},\"sameAs\":[\"https:\\\/\\\/www.facebook.com\\\/informelitoral\\\/\",\"https:\\\/\\\/x.com\\\/InformeLitoral\",\"https:\\\/\\\/www.instagram.com\\\/informelitoral\\\/\",\"https:\\\/\\\/www.youtube.com\\\/channel\\\/UCua4Qvz8Icb6MYqhoq9xLXw\"]},{\"@type\":\"Person\",\"@id\":\"https:\\\/\\\/informelitoral.com.ar\\\/#\\\/schema\\\/person\\\/b9d00407c836482871ef1d57bf8e3180\",\"name\":\"Gonzalo Schmidt\",\"image\":{\"@type\":\"ImageObject\",\"inLanguage\":\"es\",\"@id\":\"https:\\\/\\\/secure.gravatar.com\\\/avatar\\\/31a1a7b66ff2de83bd0e9fd79d026630d2d99e55e8bfe501287647b4fd9743de?s=96&d=mm&r=g\",\"url\":\"https:\\\/\\\/secure.gravatar.com\\\/avatar\\\/31a1a7b66ff2de83bd0e9fd79d026630d2d99e55e8bfe501287647b4fd9743de?s=96&d=mm&r=g\",\"contentUrl\":\"https:\\\/\\\/secure.gravatar.com\\\/avatar\\\/31a1a7b66ff2de83bd0e9fd79d026630d2d99e55e8bfe501287647b4fd9743de?s=96&d=mm&r=g\",\"caption\":\"Gonzalo Schmidt\"},\"description\":\"Sitio web de noticias de la provincia de Entre R\u00edos, Argentina. Informaci\u00f3n y entretenimiento. Informe Litoral, nos informamos.\",\"sameAs\":[\"http:\\\/\\\/www.isletasnoticias.com.ar\"],\"url\":\"https:\\\/\\\/informelitoral.com.ar\\\/author\\\/gonzalo\\\/\"}]}<\/script>","yoast_head_json":{"title":"Aumentaron las muertes fetales en la ciudad uruguaya de la exBotnia - Informe Litoral","robots":{"index":"index","follow":"follow","max-snippet":"max-snippet:-1","max-image-preview":"max-image-preview:large","max-video-preview":"max-video-preview:-1"},"canonical":"https:\/\/informelitoral.com.ar\/aumentaron-las-muertes-fetales-en-la-ciudad-uruguaya-de-la-exbotnia\/","og_locale":"es_ES","og_type":"article","og_title":"Aumentaron las muertes fetales en la ciudad uruguaya de la exBotnia - Informe Litoral","og_description":"Investigan las causas de los decesos intrauterinos. En dos meses hubo cinco casos en el hospital local, cuando el promedio hist&oacute;rico es de uno o dos por a&ntilde;o. La Direcci&oacute;n de Salud del Departamento de R&iacute;o Negro inici&oacute; una investigaci&oacute;n para determinar las causas de un sorpresivo aumento de muertes fetales en la ciudad uruguaya [&hellip;]","og_url":"https:\/\/informelitoral.com.ar\/aumentaron-las-muertes-fetales-en-la-ciudad-uruguaya-de-la-exbotnia\/","og_site_name":"Informe Litoral","article_publisher":"https:\/\/www.facebook.com\/informelitoral\/","article_published_time":"2013-05-10T02:54:33+00:00","og_image":[{"width":624,"height":468,"url":"https:\/\/informelitoral.com.ar\/%77%70%2d%63%6f%6e%74%65%6e%74\/uploads\/2013\/05\/Botnia-planta.jpg_869080375.jpg","type":"image\/jpeg"}],"author":"Gonzalo Schmidt","twitter_card":"summary_large_image","twitter_creator":"@InformeLitoral","twitter_site":"@InformeLitoral","twitter_misc":{"Escrito por":"Gonzalo Schmidt","Tiempo de lectura":"4 minutos"},"schema":{"@context":"https:\/\/schema.org","@graph":[{"@type":"Article","@id":"https:\/\/informelitoral.com.ar\/aumentaron-las-muertes-fetales-en-la-ciudad-uruguaya-de-la-exbotnia\/#article","isPartOf":{"@id":"https:\/\/informelitoral.com.ar\/aumentaron-las-muertes-fetales-en-la-ciudad-uruguaya-de-la-exbotnia\/"},"author":{"name":"Gonzalo Schmidt","@id":"https:\/\/informelitoral.com.ar\/#\/schema\/person\/b9d00407c836482871ef1d57bf8e3180"},"headline":"Aumentaron las muertes fetales en la ciudad uruguaya de la exBotnia","datePublished":"2013-05-10T02:54:33+00:00","mainEntityOfPage":{"@id":"https:\/\/informelitoral.com.ar\/aumentaron-las-muertes-fetales-en-la-ciudad-uruguaya-de-la-exbotnia\/"},"wordCount":748,"commentCount":0,"publisher":{"@id":"https:\/\/informelitoral.com.ar\/#organization"},"image":{"@id":"https:\/\/informelitoral.com.ar\/aumentaron-las-muertes-fetales-en-la-ciudad-uruguaya-de-la-exbotnia\/#primaryimage"},"thumbnailUrl":"http:\/\/www.isletasnoticias.com.ar\/%77%70%2d%63%6f%6e%74%65%6e%74\/uploads\/2013\/05\/Botnia-planta.jpg_869080375-300x225.jpg","articleSection":["Entre R\u00edos"],"inLanguage":"es","potentialAction":[{"@type":"CommentAction","name":"Comment","target":["https:\/\/informelitoral.com.ar\/aumentaron-las-muertes-fetales-en-la-ciudad-uruguaya-de-la-exbotnia\/#respond"]}]},{"@type":"WebPage","@id":"https:\/\/informelitoral.com.ar\/aumentaron-las-muertes-fetales-en-la-ciudad-uruguaya-de-la-exbotnia\/","url":"https:\/\/informelitoral.com.ar\/aumentaron-las-muertes-fetales-en-la-ciudad-uruguaya-de-la-exbotnia\/","name":"Aumentaron las muertes fetales en la ciudad uruguaya de la exBotnia - Informe Litoral","isPartOf":{"@id":"https:\/\/informelitoral.com.ar\/#website"},"primaryImageOfPage":{"@id":"https:\/\/informelitoral.com.ar\/aumentaron-las-muertes-fetales-en-la-ciudad-uruguaya-de-la-exbotnia\/#primaryimage"},"image":{"@id":"https:\/\/informelitoral.com.ar\/aumentaron-las-muertes-fetales-en-la-ciudad-uruguaya-de-la-exbotnia\/#primaryimage"},"thumbnailUrl":"http:\/\/www.isletasnoticias.com.ar\/%77%70%2d%63%6f%6e%74%65%6e%74\/uploads\/2013\/05\/Botnia-planta.jpg_869080375-300x225.jpg","datePublished":"2013-05-10T02:54:33+00:00","breadcrumb":{"@id":"https:\/\/informelitoral.com.ar\/aumentaron-las-muertes-fetales-en-la-ciudad-uruguaya-de-la-exbotnia\/#breadcrumb"},"inLanguage":"es","potentialAction":[{"@type":"ReadAction","target":["https:\/\/informelitoral.com.ar\/aumentaron-las-muertes-fetales-en-la-ciudad-uruguaya-de-la-exbotnia\/"]}]},{"@type":"ImageObject","inLanguage":"es","@id":"https:\/\/informelitoral.com.ar\/aumentaron-las-muertes-fetales-en-la-ciudad-uruguaya-de-la-exbotnia\/#primaryimage","url":"http:\/\/www.isletasnoticias.com.ar\/%77%70%2d%63%6f%6e%74%65%6e%74\/uploads\/2013\/05\/Botnia-planta.jpg_869080375-300x225.jpg","contentUrl":"http:\/\/www.isletasnoticias.com.ar\/%77%70%2d%63%6f%6e%74%65%6e%74\/uploads\/2013\/05\/Botnia-planta.jpg_869080375-300x225.jpg"},{"@type":"BreadcrumbList","@id":"https:\/\/informelitoral.com.ar\/aumentaron-las-muertes-fetales-en-la-ciudad-uruguaya-de-la-exbotnia\/#breadcrumb","itemListElement":[{"@type":"ListItem","position":1,"name":"Portada","item":"https:\/\/informelitoral.com.ar\/"},{"@type":"ListItem","position":2,"name":"Aumentaron las muertes fetales en la ciudad uruguaya de la exBotnia"}]},{"@type":"WebSite","@id":"https:\/\/informelitoral.com.ar\/#website","url":"https:\/\/informelitoral.com.ar\/","name":"Informe Litoral","description":"&quot;Nos informamos&quot; ","publisher":{"@id":"https:\/\/informelitoral.com.ar\/#organization"},"potentialAction":[{"@type":"SearchAction","target":{"@type":"EntryPoint","urlTemplate":"https:\/\/informelitoral.com.ar\/?s={search_term_string}"},"query-input":{"@type":"PropertyValueSpecification","valueRequired":true,"valueName":"search_term_string"}}],"inLanguage":"es"},{"@type":"Organization","@id":"https:\/\/informelitoral.com.ar\/#organization","name":"Informe Litoral","url":"https:\/\/informelitoral.com.ar\/","logo":{"@type":"ImageObject","inLanguage":"es","@id":"https:\/\/informelitoral.com.ar\/#\/schema\/logo\/image\/","url":"https:\/\/informelitoral.com.ar\/%77%70%2d%63%6f%6e%74%65%6e%74\/uploads\/2021\/01\/circulo.png","contentUrl":"https:\/\/informelitoral.com.ar\/%77%70%2d%63%6f%6e%74%65%6e%74\/uploads\/2021\/01\/circulo.png","width":723,"height":731,"caption":"Informe Litoral"},"image":{"@id":"https:\/\/informelitoral.com.ar\/#\/schema\/logo\/image\/"},"sameAs":["https:\/\/www.facebook.com\/informelitoral\/","https:\/\/x.com\/InformeLitoral","https:\/\/www.instagram.com\/informelitoral\/","https:\/\/www.youtube.com\/channel\/UCua4Qvz8Icb6MYqhoq9xLXw"]},{"@type":"Person","@id":"https:\/\/informelitoral.com.ar\/#\/schema\/person\/b9d00407c836482871ef1d57bf8e3180","name":"Gonzalo Schmidt","image":{"@type":"ImageObject","inLanguage":"es","@id":"https:\/\/secure.gravatar.com\/avatar\/31a1a7b66ff2de83bd0e9fd79d026630d2d99e55e8bfe501287647b4fd9743de?s=96&d=mm&r=g","url":"https:\/\/secure.gravatar.com\/avatar\/31a1a7b66ff2de83bd0e9fd79d026630d2d99e55e8bfe501287647b4fd9743de?s=96&d=mm&r=g","contentUrl":"https:\/\/secure.gravatar.com\/avatar\/31a1a7b66ff2de83bd0e9fd79d026630d2d99e55e8bfe501287647b4fd9743de?s=96&d=mm&r=g","caption":"Gonzalo Schmidt"},"description":"Sitio web de noticias de la provincia de Entre R\u00edos, Argentina. Informaci\u00f3n y entretenimiento. Informe Litoral, nos informamos.","sameAs":["http:\/\/www.isletasnoticias.com.ar"],"url":"https:\/\/informelitoral.com.ar\/author\/gonzalo\/"}]}},"_links":{"self":[{"href":"https:\/\/informelitoral.com.ar\/%77%70%2d%6a%73%6f%6e\/wp\/v2\/posts\/1634","targetHints":{"allow":["GET"]}}],"collection":[{"href":"https:\/\/informelitoral.com.ar\/%77%70%2d%6a%73%6f%6e\/wp\/v2\/posts"}],"about":[{"href":"https:\/\/informelitoral.com.ar\/%77%70%2d%6a%73%6f%6e\/wp\/v2\/types\/post"}],"author":[{"embeddable":true,"href":"https:\/\/informelitoral.com.ar\/%77%70%2d%6a%73%6f%6e\/wp\/v2\/users\/2"}],"replies":[{"embeddable":true,"href":"https:\/\/informelitoral.com.ar\/%77%70%2d%6a%73%6f%6e\/wp\/v2\/comments?post=1634"}],"version-history":[{"count":0,"href":"https:\/\/informelitoral.com.ar\/%77%70%2d%6a%73%6f%6e\/wp\/v2\/posts\/1634\/revisions"}],"wp:attachment":[{"href":"https:\/\/informelitoral.com.ar\/%77%70%2d%6a%73%6f%6e\/wp\/v2\/media?parent=1634"}],"wp:term":[{"taxonomy":"category","embeddable":true,"href":"https:\/\/informelitoral.com.ar\/%77%70%2d%6a%73%6f%6e\/wp\/v2\/categories?post=1634"},{"taxonomy":"post_tag","embeddable":true,"href":"https:\/\/informelitoral.com.ar\/%77%70%2d%6a%73%6f%6e\/wp\/v2\/tags?post=1634"}],"curies":[{"name":"wp","href":"https:\/\/api.w.org\/{rel}","templated":true}]}}