{"id":16337,"date":"2016-05-30T06:07:08","date_gmt":"2016-05-30T09:07:08","guid":{"rendered":"http:\/\/www.isletasnoticias.com.ar\/?p=16337"},"modified":"2016-05-30T07:21:25","modified_gmt":"2016-05-30T10:21:25","slug":"este-lunes-vuelve-marcelo-tinelli-con-showmatch","status":"publish","type":"post","link":"https:\/\/informelitoral.com.ar\/este-lunes-vuelve-marcelo-tinelli-con-showmatch\/","title":{"rendered":"Este lunes vuelve Marcelo Tinelli con ShowMatch"},"content":{"rendered":"<p><strong>Esta noche de lunes, <em>Marcelo Tinelli<\/em> volver\u00e1 a la televisi\u00f3n argentina acompa\u00f1ado de reconocidas figuras del pa\u00eds. Ser\u00e1 a partir de las 22.30 por la pantalla de <em>El Trece.\u00a0<a href=\"http:\/\/www.isletasnoticias.com.ar\/%77%70%2d%63%6f%6e%74%65%6e%74\/uploads\/2016\/05\/Marcelo_Tinelli_2016.jpg\"><img loading=\"lazy\" decoding=\"async\" class=\"aligncenter wp-image-16338 size-full\" src=\"http:\/\/www.isletasnoticias.com.ar\/%77%70%2d%63%6f%6e%74%65%6e%74\/uploads\/2016\/05\/Marcelo_Tinelli_2016.jpg\" alt=\"Marcelo_Tinelli_2016\" width=\"650\" height=\"366\" srcset=\"https:\/\/informelitoral.com.ar\/%77%70%2d%63%6f%6e%74%65%6e%74\/uploads\/2016\/05\/Marcelo_Tinelli_2016.jpg 650w, https:\/\/informelitoral.com.ar\/%77%70%2d%63%6f%6e%74%65%6e%74\/uploads\/2016\/05\/Marcelo_Tinelli_2016-300x169.jpg 300w\" sizes=\"auto, (max-width: 650px) 100vw, 650px\" \/><\/a><\/em><\/strong><\/p>\n<p>Despu\u00e9s de varios meses de ausencia en la televisi\u00f3n argentina, esta noche volver\u00e1 <strong>Marcelo Tinelli<\/strong> con su cl\u00e1sico <em>ShowMatch<\/em> a la pantalla de Canal 13 del Grupo Clar\u00edn, a partir de las 22:30.<\/p>\n<p>Como todos los a\u00f1os, el primer programa contar\u00e1 con dos aperturas en las que <em>Ideas del Sur<\/em> demuestra que cuenta con una de las mejores producciones de la pantalla chica con un gran despliegue escenogr\u00e1fico, de sonido e iluminaci\u00f3n y con las participaciones especiales de reconocidas figuras del pa\u00eds.<\/p>\n<p>Seg\u00fan public\u00f3 el sitio <em>D\u00eda a d\u00eda,<\/em>\u00a0en cuanto a la \u201cficci\u00f3n\u201d, este a\u00f1o se har\u00e1 un repaso del d\u00eda de Marcelo antes de darle inicio a su nueva temporada, desde que llega de viaje hasta ingresar a las instalaciones de la productora.<\/p>\n<p>Las escenas se grabaron en cinco extensas jornadas y cuenta con m\u00e1s de 15 locaciones diferentes de la ciudad de Buenos Aires. Adem\u00e1s, fue dirigida por Nacho Lecouna y el gui\u00f3n fue escrito por Pablo Semmart\u00edn.<\/p>\n<p>Entre los famosos que aparecer\u00e1n en las im\u00e1genes, se destacan las participaciones de <strong>Adri\u00e1n Suar, Luisana Lopilato, Chano Charpentier, Valeria Bertuccelli, Horacio Rodr\u00edguez Larreta, Araceli Gonz\u00e1lez, Nicol\u00e1s V\u00e1zquez<\/strong> y <strong>Juan Manuel Urtubey.<\/strong><\/p>\n<p>Por otro lado, tambi\u00e9n habr\u00e1 una apertura en vivo dentro del estudio Romina Yan, la cual tendr\u00e1 a m\u00e1s de 1400 bailarines en escena y contar\u00e1 con la participaci\u00f3n estelar del<strong> Cirque Du Soleil<\/strong>. Adem\u00e1s, tambi\u00e9n estar\u00e1n los integrantes de los elencos <strong>Franciscus, Dr\u00e1cula, Tango Corrupto, El Fantasma de la \u00d3pera<\/strong> y se sumar\u00e1n<strong> \u00c1ngela Torres, Fernando Dente<\/strong> y <strong>Natalie P\u00e9rez<\/strong> anticipando lo que ser\u00e1 Peter Pan en el Gran Rex.<\/p>\n<p>Los chicos de <strong>Rombai<\/strong> y <strong>M\u00e1rama<\/strong> tambi\u00e9n tendr\u00e1n su momento en el que cantar\u00e1n Noche Loca en versi\u00f3n jazz, mientras que <strong>Laura Esquivel<\/strong> realizar\u00e1 un homenaje a David Bowie, Prince y Freddy Mercury, marcando su regreso a Ideas despu\u00e9s de protagonizar uno de los \u00e9xitos m\u00e1s importantes de la productora: Patito Feo.<\/p>\n<p>Pero sin dudas, hay tres platos fuertes en la noche. Uno de ellos es el lanzamiento como cantante de <strong>Candelaria Tinelli<\/strong> interpretando el tema Love Me Like You Do de Ellie Goulding, el otro ser\u00e1 ver a <strong>Carolina \u201cPampita\u201d Ardohain<\/strong> bailando hip hop desde la Villa 31 y el m\u00e1s arriesgado de todos: <strong>Mora Godoy<\/strong> bailando en la punta del Obelisco.<\/p>\n<p>El martes, se baila. Por la noche del martes, Tinelli le dar\u00e1 inici\u00f3 a Bailando por un Sue\u00f1o y, al parecer, el encargado de abrir la pista este a\u00f1o ser\u00e1 el boxeador<strong> Evander Holyfield,<\/strong> quien tuvo muy pocos d\u00edas de ensayo junto a su equipo en Miami. Adem\u00e1s, en la lista del martes est\u00e1n la cantante <strong>Marta S\u00e1nchez<\/strong> y la cordobesa <strong>Mar\u00eda del Mar Cuello Molar.<\/strong><\/p>\n<p>Los participantes confirmados: <strong>\u00c1ngela Torres, Diego Maradona Jr, \u201cEl Polaco\u201d, Mar\u00eda del Cerro, Fernando V\u00e1zquez (Rombai), Osvaldo Laport, Agust\u00edn Casanova (M\u00e1rama), Oscar y Candela Ruggeri, Evander Holyfield, Fernando Carrillo, Pedro Alfonso y Florencia Vigna, Favio Posca, Alejandro Lerner, Barbie V\u00e9lez, Charlotte Caniggia, Ernestina Pais, Fabi\u00e1n Doman, Sabrina Rojas, Pamela Sosa, Milita Bora, Mart\u00edn Liberman, Mar\u00eda del Mar Cuello Molar, Iliana Calabr\u00f3, Marta S\u00e1nchez, Julio Iglesias Jr<\/strong> y los campeones del a\u00f1o pasado:<strong> Federico Bal<\/strong> y <strong>Laura Fern\u00e1ndez<\/strong>.<\/p>\n<p><em>Gran Cu\u00f1ado.<\/em> Todav\u00eda no est\u00e1 definido el momento en el que ingresar\u00e1 el primer \u201cpol\u00edtico\u201d a la casa de Gran Cu\u00f1ado, pero s\u00ed se definieron los humoristas y sus respectivos personajes.<\/p>\n<p><strong>F\u00e1tima Fl\u00f3rez:<\/strong> Cristina Fern\u00e1ndez de Kirchner, Mar\u00eda Eugenia Vidal, Gabriela Michetti, Victoria Xipolitakis y Elisa Carri\u00f3.<\/p>\n<p><strong>Mareke:<\/strong> Daniel Scioli y Diego Santilli.<\/p>\n<p><strong>Mart\u00edn Bilyk:<\/strong> Horacio Rodr\u00edguez Larreta.<\/p>\n<p><strong>Cristian Alonso:<\/strong> M\u00e1ximo Kirchner.<\/p>\n<p><strong>Jos\u00e9 Mar\u00eda Listorti:<\/strong> Juan Manuel Urtubey.<\/p>\n<p><strong>Bicho G\u00f3mez:<\/strong> Jos\u00e9 Ottavis.<\/p>\n<p><strong>Romina Giardina:<\/strong> Juliana Awada e Isabel Macedo.<\/p>\n<p><strong>Gladys Florimonte:<\/strong> Alicia Kirchner.<\/p>\n<p><strong>Freddy Villarreal:<\/strong> Mauricio Macri y Guillermo Moreno.<\/p>\n<p><strong>Roberto Pe\u00f1a:<\/strong> Sergio Massa.<\/p>\n<p><strong>Sebasti\u00e1n Almada:<\/strong> L\u00e1zaro B\u00e1ez, Norberto Oyarbide, Marcos Pe\u00f1a y Pablo Moyano.<\/p>\n<p><strong>Toti Ciliberto:<\/strong> Hugo Moyano.<\/p>\n<p><strong>Mauricio Jortack:<\/strong> Amado Boudou.<\/p>\n","protected":false},"excerpt":{"rendered":"<p>Esta noche de lunes, Marcelo Tinelli volver&aacute; a la televisi&oacute;n argentina acompa&ntilde;ado de reconocidas figuras del pa&iacute;s. Ser&aacute; a partir de las 22.30 por la pantalla de El Trece.&nbsp; Despu&eacute;s de varios meses de ausencia en la televisi&oacute;n argentina, esta noche volver&aacute; Marcelo Tinelli con su cl&aacute;sico ShowMatch a la pantalla de Canal 13 del [&hellip;]<\/p>\n","protected":false},"author":2,"featured_media":0,"comment_status":"open","ping_status":"open","sticky":false,"template":"","format":"standard","meta":{"fifu_image_url":"","fifu_image_alt":"","footnotes":""},"categories":[12],"tags":[],"class_list":{"0":"post-16337","1":"post","2":"type-post","3":"status-publish","4":"format-standard","6":"category-espectaculos"},"yoast_head":"<title>Este lunes vuelve Marcelo Tinelli con ShowMatch - Informe Litoral<\/title>\n<meta name=\"robots\" content=\"index, follow, max-snippet:-1, max-image-preview:large, max-video-preview:-1\" \/>\n<link rel=\"canonical\" href=\"https:\/\/informelitoral.com.ar\/este-lunes-vuelve-marcelo-tinelli-con-showmatch\/\" \/>\n<meta property=\"og:locale\" content=\"es_ES\" \/>\n<meta property=\"og:type\" content=\"article\" \/>\n<meta property=\"og:title\" content=\"Este lunes vuelve Marcelo Tinelli con ShowMatch - Informe Litoral\" \/>\n<meta property=\"og:description\" content=\"Esta noche de lunes, Marcelo Tinelli volver&aacute; a la televisi&oacute;n argentina acompa&ntilde;ado de reconocidas figuras del pa&iacute;s. Ser&aacute; a partir de las 22.30 por la pantalla de El Trece.&nbsp; Despu&eacute;s de varios meses de ausencia en la televisi&oacute;n argentina, esta noche volver&aacute; Marcelo Tinelli con su cl&aacute;sico ShowMatch a la pantalla de Canal 13 del [&hellip;]\" \/>\n<meta property=\"og:url\" content=\"https:\/\/informelitoral.com.ar\/este-lunes-vuelve-marcelo-tinelli-con-showmatch\/\" \/>\n<meta property=\"og:site_name\" content=\"Informe Litoral\" \/>\n<meta property=\"article:publisher\" content=\"https:\/\/www.facebook.com\/informelitoral\/\" \/>\n<meta property=\"article:published_time\" content=\"2016-05-30T09:07:08+00:00\" \/>\n<meta property=\"article:modified_time\" content=\"2016-05-30T10:21:25+00:00\" \/>\n<meta property=\"og:image\" content=\"https:\/\/informelitoral.com.ar\/%77%70%2d%63%6f%6e%74%65%6e%74\/uploads\/2016\/05\/Marcelo_Tinelli_2016.jpg\" \/>\n\t<meta property=\"og:image:width\" content=\"650\" \/>\n\t<meta property=\"og:image:height\" content=\"366\" \/>\n\t<meta property=\"og:image:type\" content=\"image\/jpeg\" \/>\n<meta name=\"author\" content=\"Gonzalo Schmidt\" \/>\n<meta name=\"twitter:card\" content=\"summary_large_image\" \/>\n<meta name=\"twitter:creator\" content=\"@InformeLitoral\" \/>\n<meta name=\"twitter:site\" content=\"@InformeLitoral\" \/>\n<meta name=\"twitter:label1\" content=\"Escrito por\" \/>\n\t<meta name=\"twitter:data1\" content=\"Gonzalo Schmidt\" \/>\n\t<meta name=\"twitter:label2\" content=\"Tiempo de lectura\" \/>\n\t<meta name=\"twitter:data2\" content=\"4 minutos\" \/>\n<script type=\"application\/ld+json\" class=\"yoast-schema-graph\">{\"@context\":\"https:\\\/\\\/schema.org\",\"@graph\":[{\"@type\":\"Article\",\"@id\":\"https:\\\/\\\/informelitoral.com.ar\\\/este-lunes-vuelve-marcelo-tinelli-con-showmatch\\\/#article\",\"isPartOf\":{\"@id\":\"https:\\\/\\\/informelitoral.com.ar\\\/este-lunes-vuelve-marcelo-tinelli-con-showmatch\\\/\"},\"author\":{\"name\":\"Gonzalo Schmidt\",\"@id\":\"https:\\\/\\\/informelitoral.com.ar\\\/#\\\/schema\\\/person\\\/b9d00407c836482871ef1d57bf8e3180\"},\"headline\":\"Este lunes vuelve Marcelo Tinelli con ShowMatch\",\"datePublished\":\"2016-05-30T09:07:08+00:00\",\"dateModified\":\"2016-05-30T10:21:25+00:00\",\"mainEntityOfPage\":{\"@id\":\"https:\\\/\\\/informelitoral.com.ar\\\/este-lunes-vuelve-marcelo-tinelli-con-showmatch\\\/\"},\"wordCount\":744,\"commentCount\":0,\"publisher\":{\"@id\":\"https:\\\/\\\/informelitoral.com.ar\\\/#organization\"},\"image\":{\"@id\":\"https:\\\/\\\/informelitoral.com.ar\\\/este-lunes-vuelve-marcelo-tinelli-con-showmatch\\\/#primaryimage\"},\"thumbnailUrl\":\"http:\\\/\\\/www.isletasnoticias.com.ar\\\/%77%70%2d%63%6f%6e%74%65%6e%74\\\/uploads\\\/2016\\\/05\\\/Marcelo_Tinelli_2016.jpg\",\"articleSection\":[\"Espect\u00e1culos\"],\"inLanguage\":\"es\",\"potentialAction\":[{\"@type\":\"CommentAction\",\"name\":\"Comment\",\"target\":[\"https:\\\/\\\/informelitoral.com.ar\\\/este-lunes-vuelve-marcelo-tinelli-con-showmatch\\\/#respond\"]}]},{\"@type\":\"WebPage\",\"@id\":\"https:\\\/\\\/informelitoral.com.ar\\\/este-lunes-vuelve-marcelo-tinelli-con-showmatch\\\/\",\"url\":\"https:\\\/\\\/informelitoral.com.ar\\\/este-lunes-vuelve-marcelo-tinelli-con-showmatch\\\/\",\"name\":\"Este lunes vuelve Marcelo Tinelli con ShowMatch - Informe Litoral\",\"isPartOf\":{\"@id\":\"https:\\\/\\\/informelitoral.com.ar\\\/#website\"},\"primaryImageOfPage\":{\"@id\":\"https:\\\/\\\/informelitoral.com.ar\\\/este-lunes-vuelve-marcelo-tinelli-con-showmatch\\\/#primaryimage\"},\"image\":{\"@id\":\"https:\\\/\\\/informelitoral.com.ar\\\/este-lunes-vuelve-marcelo-tinelli-con-showmatch\\\/#primaryimage\"},\"thumbnailUrl\":\"http:\\\/\\\/www.isletasnoticias.com.ar\\\/%77%70%2d%63%6f%6e%74%65%6e%74\\\/uploads\\\/2016\\\/05\\\/Marcelo_Tinelli_2016.jpg\",\"datePublished\":\"2016-05-30T09:07:08+00:00\",\"dateModified\":\"2016-05-30T10:21:25+00:00\",\"breadcrumb\":{\"@id\":\"https:\\\/\\\/informelitoral.com.ar\\\/este-lunes-vuelve-marcelo-tinelli-con-showmatch\\\/#breadcrumb\"},\"inLanguage\":\"es\",\"potentialAction\":[{\"@type\":\"ReadAction\",\"target\":[\"https:\\\/\\\/informelitoral.com.ar\\\/este-lunes-vuelve-marcelo-tinelli-con-showmatch\\\/\"]}]},{\"@type\":\"ImageObject\",\"inLanguage\":\"es\",\"@id\":\"https:\\\/\\\/informelitoral.com.ar\\\/este-lunes-vuelve-marcelo-tinelli-con-showmatch\\\/#primaryimage\",\"url\":\"http:\\\/\\\/www.isletasnoticias.com.ar\\\/%77%70%2d%63%6f%6e%74%65%6e%74\\\/uploads\\\/2016\\\/05\\\/Marcelo_Tinelli_2016.jpg\",\"contentUrl\":\"http:\\\/\\\/www.isletasnoticias.com.ar\\\/%77%70%2d%63%6f%6e%74%65%6e%74\\\/uploads\\\/2016\\\/05\\\/Marcelo_Tinelli_2016.jpg\"},{\"@type\":\"BreadcrumbList\",\"@id\":\"https:\\\/\\\/informelitoral.com.ar\\\/este-lunes-vuelve-marcelo-tinelli-con-showmatch\\\/#breadcrumb\",\"itemListElement\":[{\"@type\":\"ListItem\",\"position\":1,\"name\":\"Portada\",\"item\":\"https:\\\/\\\/informelitoral.com.ar\\\/\"},{\"@type\":\"ListItem\",\"position\":2,\"name\":\"Este lunes vuelve Marcelo Tinelli con ShowMatch\"}]},{\"@type\":\"WebSite\",\"@id\":\"https:\\\/\\\/informelitoral.com.ar\\\/#website\",\"url\":\"https:\\\/\\\/informelitoral.com.ar\\\/\",\"name\":\"Informe Litoral\",\"description\":\"&quot;Nos informamos&quot; \",\"publisher\":{\"@id\":\"https:\\\/\\\/informelitoral.com.ar\\\/#organization\"},\"potentialAction\":[{\"@type\":\"SearchAction\",\"target\":{\"@type\":\"EntryPoint\",\"urlTemplate\":\"https:\\\/\\\/informelitoral.com.ar\\\/?s={search_term_string}\"},\"query-input\":{\"@type\":\"PropertyValueSpecification\",\"valueRequired\":true,\"valueName\":\"search_term_string\"}}],\"inLanguage\":\"es\"},{\"@type\":\"Organization\",\"@id\":\"https:\\\/\\\/informelitoral.com.ar\\\/#organization\",\"name\":\"Informe Litoral\",\"url\":\"https:\\\/\\\/informelitoral.com.ar\\\/\",\"logo\":{\"@type\":\"ImageObject\",\"inLanguage\":\"es\",\"@id\":\"https:\\\/\\\/informelitoral.com.ar\\\/#\\\/schema\\\/logo\\\/image\\\/\",\"url\":\"https:\\\/\\\/informelitoral.com.ar\\\/%77%70%2d%63%6f%6e%74%65%6e%74\\\/uploads\\\/2021\\\/01\\\/circulo.png\",\"contentUrl\":\"https:\\\/\\\/informelitoral.com.ar\\\/%77%70%2d%63%6f%6e%74%65%6e%74\\\/uploads\\\/2021\\\/01\\\/circulo.png\",\"width\":723,\"height\":731,\"caption\":\"Informe Litoral\"},\"image\":{\"@id\":\"https:\\\/\\\/informelitoral.com.ar\\\/#\\\/schema\\\/logo\\\/image\\\/\"},\"sameAs\":[\"https:\\\/\\\/www.facebook.com\\\/informelitoral\\\/\",\"https:\\\/\\\/x.com\\\/InformeLitoral\",\"https:\\\/\\\/www.instagram.com\\\/informelitoral\\\/\",\"https:\\\/\\\/www.youtube.com\\\/channel\\\/UCua4Qvz8Icb6MYqhoq9xLXw\"]},{\"@type\":\"Person\",\"@id\":\"https:\\\/\\\/informelitoral.com.ar\\\/#\\\/schema\\\/person\\\/b9d00407c836482871ef1d57bf8e3180\",\"name\":\"Gonzalo Schmidt\",\"image\":{\"@type\":\"ImageObject\",\"inLanguage\":\"es\",\"@id\":\"https:\\\/\\\/secure.gravatar.com\\\/avatar\\\/31a1a7b66ff2de83bd0e9fd79d026630d2d99e55e8bfe501287647b4fd9743de?s=96&d=mm&r=g\",\"url\":\"https:\\\/\\\/secure.gravatar.com\\\/avatar\\\/31a1a7b66ff2de83bd0e9fd79d026630d2d99e55e8bfe501287647b4fd9743de?s=96&d=mm&r=g\",\"contentUrl\":\"https:\\\/\\\/secure.gravatar.com\\\/avatar\\\/31a1a7b66ff2de83bd0e9fd79d026630d2d99e55e8bfe501287647b4fd9743de?s=96&d=mm&r=g\",\"caption\":\"Gonzalo Schmidt\"},\"description\":\"Sitio web de noticias de la provincia de Entre R\u00edos, Argentina. Informaci\u00f3n y entretenimiento. Informe Litoral, nos informamos.\",\"sameAs\":[\"http:\\\/\\\/www.isletasnoticias.com.ar\"],\"url\":\"https:\\\/\\\/informelitoral.com.ar\\\/author\\\/gonzalo\\\/\"}]}<\/script>","yoast_head_json":{"title":"Este lunes vuelve Marcelo Tinelli con ShowMatch - Informe Litoral","robots":{"index":"index","follow":"follow","max-snippet":"max-snippet:-1","max-image-preview":"max-image-preview:large","max-video-preview":"max-video-preview:-1"},"canonical":"https:\/\/informelitoral.com.ar\/este-lunes-vuelve-marcelo-tinelli-con-showmatch\/","og_locale":"es_ES","og_type":"article","og_title":"Este lunes vuelve Marcelo Tinelli con ShowMatch - Informe Litoral","og_description":"Esta noche de lunes, Marcelo Tinelli volver&aacute; a la televisi&oacute;n argentina acompa&ntilde;ado de reconocidas figuras del pa&iacute;s. Ser&aacute; a partir de las 22.30 por la pantalla de El Trece.&nbsp; Despu&eacute;s de varios meses de ausencia en la televisi&oacute;n argentina, esta noche volver&aacute; Marcelo Tinelli con su cl&aacute;sico ShowMatch a la pantalla de Canal 13 del [&hellip;]","og_url":"https:\/\/informelitoral.com.ar\/este-lunes-vuelve-marcelo-tinelli-con-showmatch\/","og_site_name":"Informe Litoral","article_publisher":"https:\/\/www.facebook.com\/informelitoral\/","article_published_time":"2016-05-30T09:07:08+00:00","article_modified_time":"2016-05-30T10:21:25+00:00","og_image":[{"width":650,"height":366,"url":"https:\/\/informelitoral.com.ar\/%77%70%2d%63%6f%6e%74%65%6e%74\/uploads\/2016\/05\/Marcelo_Tinelli_2016.jpg","type":"image\/jpeg"}],"author":"Gonzalo Schmidt","twitter_card":"summary_large_image","twitter_creator":"@InformeLitoral","twitter_site":"@InformeLitoral","twitter_misc":{"Escrito por":"Gonzalo Schmidt","Tiempo de lectura":"4 minutos"},"schema":{"@context":"https:\/\/schema.org","@graph":[{"@type":"Article","@id":"https:\/\/informelitoral.com.ar\/este-lunes-vuelve-marcelo-tinelli-con-showmatch\/#article","isPartOf":{"@id":"https:\/\/informelitoral.com.ar\/este-lunes-vuelve-marcelo-tinelli-con-showmatch\/"},"author":{"name":"Gonzalo Schmidt","@id":"https:\/\/informelitoral.com.ar\/#\/schema\/person\/b9d00407c836482871ef1d57bf8e3180"},"headline":"Este lunes vuelve Marcelo Tinelli con ShowMatch","datePublished":"2016-05-30T09:07:08+00:00","dateModified":"2016-05-30T10:21:25+00:00","mainEntityOfPage":{"@id":"https:\/\/informelitoral.com.ar\/este-lunes-vuelve-marcelo-tinelli-con-showmatch\/"},"wordCount":744,"commentCount":0,"publisher":{"@id":"https:\/\/informelitoral.com.ar\/#organization"},"image":{"@id":"https:\/\/informelitoral.com.ar\/este-lunes-vuelve-marcelo-tinelli-con-showmatch\/#primaryimage"},"thumbnailUrl":"http:\/\/www.isletasnoticias.com.ar\/%77%70%2d%63%6f%6e%74%65%6e%74\/uploads\/2016\/05\/Marcelo_Tinelli_2016.jpg","articleSection":["Espect\u00e1culos"],"inLanguage":"es","potentialAction":[{"@type":"CommentAction","name":"Comment","target":["https:\/\/informelitoral.com.ar\/este-lunes-vuelve-marcelo-tinelli-con-showmatch\/#respond"]}]},{"@type":"WebPage","@id":"https:\/\/informelitoral.com.ar\/este-lunes-vuelve-marcelo-tinelli-con-showmatch\/","url":"https:\/\/informelitoral.com.ar\/este-lunes-vuelve-marcelo-tinelli-con-showmatch\/","name":"Este lunes vuelve Marcelo Tinelli con ShowMatch - Informe Litoral","isPartOf":{"@id":"https:\/\/informelitoral.com.ar\/#website"},"primaryImageOfPage":{"@id":"https:\/\/informelitoral.com.ar\/este-lunes-vuelve-marcelo-tinelli-con-showmatch\/#primaryimage"},"image":{"@id":"https:\/\/informelitoral.com.ar\/este-lunes-vuelve-marcelo-tinelli-con-showmatch\/#primaryimage"},"thumbnailUrl":"http:\/\/www.isletasnoticias.com.ar\/%77%70%2d%63%6f%6e%74%65%6e%74\/uploads\/2016\/05\/Marcelo_Tinelli_2016.jpg","datePublished":"2016-05-30T09:07:08+00:00","dateModified":"2016-05-30T10:21:25+00:00","breadcrumb":{"@id":"https:\/\/informelitoral.com.ar\/este-lunes-vuelve-marcelo-tinelli-con-showmatch\/#breadcrumb"},"inLanguage":"es","potentialAction":[{"@type":"ReadAction","target":["https:\/\/informelitoral.com.ar\/este-lunes-vuelve-marcelo-tinelli-con-showmatch\/"]}]},{"@type":"ImageObject","inLanguage":"es","@id":"https:\/\/informelitoral.com.ar\/este-lunes-vuelve-marcelo-tinelli-con-showmatch\/#primaryimage","url":"http:\/\/www.isletasnoticias.com.ar\/%77%70%2d%63%6f%6e%74%65%6e%74\/uploads\/2016\/05\/Marcelo_Tinelli_2016.jpg","contentUrl":"http:\/\/www.isletasnoticias.com.ar\/%77%70%2d%63%6f%6e%74%65%6e%74\/uploads\/2016\/05\/Marcelo_Tinelli_2016.jpg"},{"@type":"BreadcrumbList","@id":"https:\/\/informelitoral.com.ar\/este-lunes-vuelve-marcelo-tinelli-con-showmatch\/#breadcrumb","itemListElement":[{"@type":"ListItem","position":1,"name":"Portada","item":"https:\/\/informelitoral.com.ar\/"},{"@type":"ListItem","position":2,"name":"Este lunes vuelve Marcelo Tinelli con ShowMatch"}]},{"@type":"WebSite","@id":"https:\/\/informelitoral.com.ar\/#website","url":"https:\/\/informelitoral.com.ar\/","name":"Informe Litoral","description":"&quot;Nos informamos&quot; ","publisher":{"@id":"https:\/\/informelitoral.com.ar\/#organization"},"potentialAction":[{"@type":"SearchAction","target":{"@type":"EntryPoint","urlTemplate":"https:\/\/informelitoral.com.ar\/?s={search_term_string}"},"query-input":{"@type":"PropertyValueSpecification","valueRequired":true,"valueName":"search_term_string"}}],"inLanguage":"es"},{"@type":"Organization","@id":"https:\/\/informelitoral.com.ar\/#organization","name":"Informe Litoral","url":"https:\/\/informelitoral.com.ar\/","logo":{"@type":"ImageObject","inLanguage":"es","@id":"https:\/\/informelitoral.com.ar\/#\/schema\/logo\/image\/","url":"https:\/\/informelitoral.com.ar\/%77%70%2d%63%6f%6e%74%65%6e%74\/uploads\/2021\/01\/circulo.png","contentUrl":"https:\/\/informelitoral.com.ar\/%77%70%2d%63%6f%6e%74%65%6e%74\/uploads\/2021\/01\/circulo.png","width":723,"height":731,"caption":"Informe Litoral"},"image":{"@id":"https:\/\/informelitoral.com.ar\/#\/schema\/logo\/image\/"},"sameAs":["https:\/\/www.facebook.com\/informelitoral\/","https:\/\/x.com\/InformeLitoral","https:\/\/www.instagram.com\/informelitoral\/","https:\/\/www.youtube.com\/channel\/UCua4Qvz8Icb6MYqhoq9xLXw"]},{"@type":"Person","@id":"https:\/\/informelitoral.com.ar\/#\/schema\/person\/b9d00407c836482871ef1d57bf8e3180","name":"Gonzalo Schmidt","image":{"@type":"ImageObject","inLanguage":"es","@id":"https:\/\/secure.gravatar.com\/avatar\/31a1a7b66ff2de83bd0e9fd79d026630d2d99e55e8bfe501287647b4fd9743de?s=96&d=mm&r=g","url":"https:\/\/secure.gravatar.com\/avatar\/31a1a7b66ff2de83bd0e9fd79d026630d2d99e55e8bfe501287647b4fd9743de?s=96&d=mm&r=g","contentUrl":"https:\/\/secure.gravatar.com\/avatar\/31a1a7b66ff2de83bd0e9fd79d026630d2d99e55e8bfe501287647b4fd9743de?s=96&d=mm&r=g","caption":"Gonzalo Schmidt"},"description":"Sitio web de noticias de la provincia de Entre R\u00edos, Argentina. Informaci\u00f3n y entretenimiento. Informe Litoral, nos informamos.","sameAs":["http:\/\/www.isletasnoticias.com.ar"],"url":"https:\/\/informelitoral.com.ar\/author\/gonzalo\/"}]}},"_links":{"self":[{"href":"https:\/\/informelitoral.com.ar\/%77%70%2d%6a%73%6f%6e\/wp\/v2\/posts\/16337","targetHints":{"allow":["GET"]}}],"collection":[{"href":"https:\/\/informelitoral.com.ar\/%77%70%2d%6a%73%6f%6e\/wp\/v2\/posts"}],"about":[{"href":"https:\/\/informelitoral.com.ar\/%77%70%2d%6a%73%6f%6e\/wp\/v2\/types\/post"}],"author":[{"embeddable":true,"href":"https:\/\/informelitoral.com.ar\/%77%70%2d%6a%73%6f%6e\/wp\/v2\/users\/2"}],"replies":[{"embeddable":true,"href":"https:\/\/informelitoral.com.ar\/%77%70%2d%6a%73%6f%6e\/wp\/v2\/comments?post=16337"}],"version-history":[{"count":0,"href":"https:\/\/informelitoral.com.ar\/%77%70%2d%6a%73%6f%6e\/wp\/v2\/posts\/16337\/revisions"}],"wp:attachment":[{"href":"https:\/\/informelitoral.com.ar\/%77%70%2d%6a%73%6f%6e\/wp\/v2\/media?parent=16337"}],"wp:term":[{"taxonomy":"category","embeddable":true,"href":"https:\/\/informelitoral.com.ar\/%77%70%2d%6a%73%6f%6e\/wp\/v2\/categories?post=16337"},{"taxonomy":"post_tag","embeddable":true,"href":"https:\/\/informelitoral.com.ar\/%77%70%2d%6a%73%6f%6e\/wp\/v2\/tags?post=16337"}],"curies":[{"name":"wp","href":"https:\/\/api.w.org\/{rel}","templated":true}]}}