{"id":16327,"date":"2016-05-30T06:00:34","date_gmt":"2016-05-30T09:00:34","guid":{"rendered":"http:\/\/www.isletasnoticias.com.ar\/?p=16327"},"modified":"2016-05-30T06:46:16","modified_gmt":"2016-05-30T09:46:16","slug":"agmer-lanzo-la-campana-por-una-nueva-ley-de-financiamiento-educativo","status":"publish","type":"post","link":"https:\/\/informelitoral.com.ar\/agmer-lanzo-la-campana-por-una-nueva-ley-de-financiamiento-educativo\/","title":{"rendered":"AGMER lanz\u00f3 la campa\u00f1a por una nueva ley de financiamiento educativo"},"content":{"rendered":"<p><strong>En la sede de la Asociaci\u00f3n Gremial del Magisterio de Entre R\u00edos (AGMER central) se realiz\u00f3 el lanzamiento de la campa\u00f1a por una nueva ley de financiamiento educativo. La iniciativa es impulsada por la CTERA en todo el pa\u00eds, con el objetivo de ampliar el porcentaje de PBI que el Estado Nacional destina a Educaci\u00f3n.<a href=\"http:\/\/www.isletasnoticias.com.ar\/%77%70%2d%63%6f%6e%74%65%6e%74\/uploads\/2016\/05\/financiamiento-ed.jpg\"><img loading=\"lazy\" decoding=\"async\" class=\"aligncenter wp-image-16328 size-full\" src=\"http:\/\/www.isletasnoticias.com.ar\/%77%70%2d%63%6f%6e%74%65%6e%74\/uploads\/2016\/05\/financiamiento-ed.jpg\" alt=\"financiamiento ed\" width=\"912\" height=\"684\" srcset=\"https:\/\/informelitoral.com.ar\/%77%70%2d%63%6f%6e%74%65%6e%74\/uploads\/2016\/05\/financiamiento-ed.jpg 912w, https:\/\/informelitoral.com.ar\/%77%70%2d%63%6f%6e%74%65%6e%74\/uploads\/2016\/05\/financiamiento-ed-300x225.jpg 300w, https:\/\/informelitoral.com.ar\/%77%70%2d%63%6f%6e%74%65%6e%74\/uploads\/2016\/05\/financiamiento-ed-768x576.jpg 768w\" sizes=\"auto, (max-width: 912px) 100vw, 912px\" \/><\/a><\/strong><\/p>\n<p>La Asociaci\u00f3n Gremial del Magisterio de Entre R\u00edos (AGMER) present\u00f3, en Entre R\u00edos, la campa\u00f1a que impulsa la Confederaci\u00f3n de Trabajadores de la Educaci\u00f3n de la Rep\u00fablica Argentina (CTERA) a nivel nacional, para lograr la sanci\u00f3n de una nueva ley de financiamiento educativo, que aumente el porcentaje del PBI que se destina a Educaci\u00f3n. \u201cEs indispensable hoy aumentar esa inversi\u00f3n para garantizar el derecho a la educaci\u00f3n\u201d, manifest\u00f3 el secretario general<strong> Fabi\u00e1n Pecc\u00edn<\/strong>. Seg\u00fan se inform\u00f3 a <strong><em>IN<\/em> <\/strong>desde la Secretar\u00eda de Prensa de la entidad gremial, pondr\u00e1n a circular un petitorio en toda la provincia y comprometer\u00e1 a los legisladores entrerrianos para que apoyen la iniciativa.<\/p>\n<p>En conferencia de prensa, el secretario general de AGMER, <strong>Fabi\u00e1n Pecc\u00edn<\/strong>, y el Gremial, <strong>Manuel G\u00f3mez<\/strong>, explicaron los alcances de la campa\u00f1a, con la que se busca que el Congreso de la Naci\u00f3n apruebe un proyecto de ley presentado en 2015, que eleva del 6 al 10 por ciento del PBI el presupuesto educativo.<br \/>\nAl respecto, Pecc\u00edn record\u00f3 que desde el a\u00f1o 1988 \u201cla CTERA ha planteado como eje de lucha, junto a todos sus sindicatos de base, entre ellos AGMER, la lucha por una nueva ley de educaci\u00f3n y por el financiamiento educativo\u201d. En esa lucha \u201cque hemos llevado adelante con coherencia durante d\u00e9cadas, hemos tenido logros e hitos hist\u00f3ricos, como lo fue la Carpa Blanca\u201d.<\/p>\n<p>Luego, detall\u00f3 que \u201ctras la sanci\u00f3n de la \u00faltima ley de educaci\u00f3n nacional, en el a\u00f1o 2006, es indispensable una nueva ley de financiamiento, que permita garantizar la obligatoriedad de la educaci\u00f3n desde el nivel inicial hasta la secundaria. Eso requiere inversi\u00f3n; no hay otra manera de garantizar lo que la ley de educaci\u00f3n promueve como derecho\u201d.<\/p>\n<p>La Ley de Financiamiento Educativo (la n\u00famero 26.075) vigente data del a\u00f1o 2005 y fue una conquista hist\u00f3rica de la CTERA, que permiti\u00f3 cumplir -en 2010- con un prop\u00f3sito que entonces resultaba ambicioso: destinar el 6% del PBI a la inversi\u00f3n educativa. Hoy los desaf\u00edos se renuevan y los horizontes se ampl\u00edan, especialmente por la consagraci\u00f3n y ampliaci\u00f3n de derechos plasmados en la nueva ley de educaci\u00f3n nacional.<\/p>\n<p>Con esa premisa, a mediados de 2015 se present\u00f3 al Congreso de la Naci\u00f3n un proyecto de ley, con el respaldo de la CTERA, que propone elevar del 6 al 8% del PBI la inversi\u00f3n en la educaci\u00f3n obligatoria, m\u00e1s un 2% para educaci\u00f3n universitaria, lo que suma un 10% del PBI. \u201cPara garantizar lo que la ley de educaci\u00f3n nacional promueve, necesitamos m\u00e1s unidades educativas para inicial y secundaria, construcci\u00f3n de nuevas aulas y escuelas, lo que conlleva mayor cantidad de cargos y puestos de trabajo, en condiciones dignas de ense\u00f1ar y aprender\u201d, detall\u00f3 Pecc\u00edn.<\/p>\n<p><strong><u>El petitorio<\/u><\/strong><\/p>\n<p>Para sumar apoyos a una nueva ley de financiamiento educativo, AGMER pondr\u00e1 a circular en la provincia el petitorio que recorre el pa\u00eds, en busca de adhesiones a la propuesta de aumentar el presupuesto educativo nacional. \u201cA trav\u00e9s de nuestras seccionales departamentales se trabajar\u00e1 de distinta manera para que toda la ciudadan\u00eda entrerriana pueda expresar su acompa\u00f1amiento a esta ley\u201d, se\u00f1al\u00f3 el secretario gremial de AGMER, <strong>Manuel G\u00f3mez<\/strong>. \u201cTodo ciudadano comprometido con la escuela p\u00fablica, laica y gratuita puede sumar su firma para que esto que es hoy un proyecto se transforme en ley y redunde en garantizar, nada m\u00e1s y nada menos, que el derecho social a la educaci\u00f3n\u201d, precis\u00f3.<\/p>\n<p>Asimismo, G\u00f3mez adelant\u00f3 que desde AGMER se solicitar\u00e1 audiencia a los legisladores de la provincia, tanto nacionales como provinciales. \u201cEsperamos ser convocados para expresarles en qu\u00e9 consiste este proyecto y comprometerlos a que acompa\u00f1en la iniciativa en el Congreso de la Naci\u00f3n\u201d, manifest\u00f3.<\/p>\n","protected":false},"excerpt":{"rendered":"<p>En la sede de la Asociaci&oacute;n Gremial del Magisterio de Entre R&iacute;os (AGMER central) se realiz&oacute; el lanzamiento de la campa&ntilde;a por una nueva ley de financiamiento educativo. La iniciativa es impulsada por la CTERA en todo el pa&iacute;s, con el objetivo de ampliar el porcentaje de PBI que el Estado Nacional destina a Educaci&oacute;n. [&hellip;]<\/p>\n","protected":false},"author":2,"featured_media":0,"comment_status":"open","ping_status":"open","sticky":false,"template":"","format":"standard","meta":{"fifu_image_url":"","fifu_image_alt":"","footnotes":""},"categories":[6],"tags":[],"class_list":{"0":"post-16327","1":"post","2":"type-post","3":"status-publish","4":"format-standard","6":"category-entre-rios"},"yoast_head":"<title>AGMER lanz\u00f3 la campa\u00f1a por una nueva ley de financiamiento educativo - Informe Litoral<\/title>\n<meta name=\"robots\" content=\"index, follow, max-snippet:-1, max-image-preview:large, max-video-preview:-1\" \/>\n<link rel=\"canonical\" href=\"https:\/\/informelitoral.com.ar\/agmer-lanzo-la-campana-por-una-nueva-ley-de-financiamiento-educativo\/\" \/>\n<meta property=\"og:locale\" content=\"es_ES\" \/>\n<meta property=\"og:type\" content=\"article\" \/>\n<meta property=\"og:title\" content=\"AGMER lanz\u00f3 la campa\u00f1a por una nueva ley de financiamiento educativo - Informe Litoral\" \/>\n<meta property=\"og:description\" content=\"En la sede de la Asociaci&oacute;n Gremial del Magisterio de Entre R&iacute;os (AGMER central) se realiz&oacute; el lanzamiento de la campa&ntilde;a por una nueva ley de financiamiento educativo. La iniciativa es impulsada por la CTERA en todo el pa&iacute;s, con el objetivo de ampliar el porcentaje de PBI que el Estado Nacional destina a Educaci&oacute;n. [&hellip;]\" \/>\n<meta property=\"og:url\" content=\"https:\/\/informelitoral.com.ar\/agmer-lanzo-la-campana-por-una-nueva-ley-de-financiamiento-educativo\/\" \/>\n<meta property=\"og:site_name\" content=\"Informe Litoral\" \/>\n<meta property=\"article:publisher\" content=\"https:\/\/www.facebook.com\/informelitoral\/\" \/>\n<meta property=\"article:published_time\" content=\"2016-05-30T09:00:34+00:00\" \/>\n<meta property=\"article:modified_time\" content=\"2016-05-30T09:46:16+00:00\" \/>\n<meta property=\"og:image\" content=\"https:\/\/informelitoral.com.ar\/%77%70%2d%63%6f%6e%74%65%6e%74\/uploads\/2016\/05\/financiamiento-ed.jpg\" \/>\n\t<meta property=\"og:image:width\" content=\"912\" \/>\n\t<meta property=\"og:image:height\" content=\"684\" \/>\n\t<meta property=\"og:image:type\" content=\"image\/jpeg\" \/>\n<meta name=\"author\" content=\"Gonzalo Schmidt\" \/>\n<meta name=\"twitter:card\" content=\"summary_large_image\" \/>\n<meta name=\"twitter:creator\" content=\"@InformeLitoral\" \/>\n<meta name=\"twitter:site\" content=\"@InformeLitoral\" \/>\n<meta name=\"twitter:label1\" content=\"Escrito por\" \/>\n\t<meta name=\"twitter:data1\" content=\"Gonzalo Schmidt\" \/>\n\t<meta name=\"twitter:label2\" content=\"Tiempo de lectura\" \/>\n\t<meta name=\"twitter:data2\" content=\"4 minutos\" \/>\n<script type=\"application\/ld+json\" class=\"yoast-schema-graph\">{\"@context\":\"https:\\\/\\\/schema.org\",\"@graph\":[{\"@type\":\"Article\",\"@id\":\"https:\\\/\\\/informelitoral.com.ar\\\/agmer-lanzo-la-campana-por-una-nueva-ley-de-financiamiento-educativo\\\/#article\",\"isPartOf\":{\"@id\":\"https:\\\/\\\/informelitoral.com.ar\\\/agmer-lanzo-la-campana-por-una-nueva-ley-de-financiamiento-educativo\\\/\"},\"author\":{\"name\":\"Gonzalo Schmidt\",\"@id\":\"https:\\\/\\\/informelitoral.com.ar\\\/#\\\/schema\\\/person\\\/b9d00407c836482871ef1d57bf8e3180\"},\"headline\":\"AGMER lanz\u00f3 la campa\u00f1a por una nueva ley de financiamiento educativo\",\"datePublished\":\"2016-05-30T09:00:34+00:00\",\"dateModified\":\"2016-05-30T09:46:16+00:00\",\"mainEntityOfPage\":{\"@id\":\"https:\\\/\\\/informelitoral.com.ar\\\/agmer-lanzo-la-campana-por-una-nueva-ley-de-financiamiento-educativo\\\/\"},\"wordCount\":724,\"commentCount\":0,\"publisher\":{\"@id\":\"https:\\\/\\\/informelitoral.com.ar\\\/#organization\"},\"image\":{\"@id\":\"https:\\\/\\\/informelitoral.com.ar\\\/agmer-lanzo-la-campana-por-una-nueva-ley-de-financiamiento-educativo\\\/#primaryimage\"},\"thumbnailUrl\":\"http:\\\/\\\/www.isletasnoticias.com.ar\\\/%77%70%2d%63%6f%6e%74%65%6e%74\\\/uploads\\\/2016\\\/05\\\/financiamiento-ed.jpg\",\"articleSection\":[\"Entre R\u00edos\"],\"inLanguage\":\"es\",\"potentialAction\":[{\"@type\":\"CommentAction\",\"name\":\"Comment\",\"target\":[\"https:\\\/\\\/informelitoral.com.ar\\\/agmer-lanzo-la-campana-por-una-nueva-ley-de-financiamiento-educativo\\\/#respond\"]}]},{\"@type\":\"WebPage\",\"@id\":\"https:\\\/\\\/informelitoral.com.ar\\\/agmer-lanzo-la-campana-por-una-nueva-ley-de-financiamiento-educativo\\\/\",\"url\":\"https:\\\/\\\/informelitoral.com.ar\\\/agmer-lanzo-la-campana-por-una-nueva-ley-de-financiamiento-educativo\\\/\",\"name\":\"AGMER lanz\u00f3 la campa\u00f1a por una nueva ley de financiamiento educativo - Informe Litoral\",\"isPartOf\":{\"@id\":\"https:\\\/\\\/informelitoral.com.ar\\\/#website\"},\"primaryImageOfPage\":{\"@id\":\"https:\\\/\\\/informelitoral.com.ar\\\/agmer-lanzo-la-campana-por-una-nueva-ley-de-financiamiento-educativo\\\/#primaryimage\"},\"image\":{\"@id\":\"https:\\\/\\\/informelitoral.com.ar\\\/agmer-lanzo-la-campana-por-una-nueva-ley-de-financiamiento-educativo\\\/#primaryimage\"},\"thumbnailUrl\":\"http:\\\/\\\/www.isletasnoticias.com.ar\\\/%77%70%2d%63%6f%6e%74%65%6e%74\\\/uploads\\\/2016\\\/05\\\/financiamiento-ed.jpg\",\"datePublished\":\"2016-05-30T09:00:34+00:00\",\"dateModified\":\"2016-05-30T09:46:16+00:00\",\"breadcrumb\":{\"@id\":\"https:\\\/\\\/informelitoral.com.ar\\\/agmer-lanzo-la-campana-por-una-nueva-ley-de-financiamiento-educativo\\\/#breadcrumb\"},\"inLanguage\":\"es\",\"potentialAction\":[{\"@type\":\"ReadAction\",\"target\":[\"https:\\\/\\\/informelitoral.com.ar\\\/agmer-lanzo-la-campana-por-una-nueva-ley-de-financiamiento-educativo\\\/\"]}]},{\"@type\":\"ImageObject\",\"inLanguage\":\"es\",\"@id\":\"https:\\\/\\\/informelitoral.com.ar\\\/agmer-lanzo-la-campana-por-una-nueva-ley-de-financiamiento-educativo\\\/#primaryimage\",\"url\":\"http:\\\/\\\/www.isletasnoticias.com.ar\\\/%77%70%2d%63%6f%6e%74%65%6e%74\\\/uploads\\\/2016\\\/05\\\/financiamiento-ed.jpg\",\"contentUrl\":\"http:\\\/\\\/www.isletasnoticias.com.ar\\\/%77%70%2d%63%6f%6e%74%65%6e%74\\\/uploads\\\/2016\\\/05\\\/financiamiento-ed.jpg\"},{\"@type\":\"BreadcrumbList\",\"@id\":\"https:\\\/\\\/informelitoral.com.ar\\\/agmer-lanzo-la-campana-por-una-nueva-ley-de-financiamiento-educativo\\\/#breadcrumb\",\"itemListElement\":[{\"@type\":\"ListItem\",\"position\":1,\"name\":\"Portada\",\"item\":\"https:\\\/\\\/informelitoral.com.ar\\\/\"},{\"@type\":\"ListItem\",\"position\":2,\"name\":\"AGMER lanz\u00f3 la campa\u00f1a por una nueva ley de financiamiento educativo\"}]},{\"@type\":\"WebSite\",\"@id\":\"https:\\\/\\\/informelitoral.com.ar\\\/#website\",\"url\":\"https:\\\/\\\/informelitoral.com.ar\\\/\",\"name\":\"Informe Litoral\",\"description\":\"&quot;Nos informamos&quot; \",\"publisher\":{\"@id\":\"https:\\\/\\\/informelitoral.com.ar\\\/#organization\"},\"potentialAction\":[{\"@type\":\"SearchAction\",\"target\":{\"@type\":\"EntryPoint\",\"urlTemplate\":\"https:\\\/\\\/informelitoral.com.ar\\\/?s={search_term_string}\"},\"query-input\":{\"@type\":\"PropertyValueSpecification\",\"valueRequired\":true,\"valueName\":\"search_term_string\"}}],\"inLanguage\":\"es\"},{\"@type\":\"Organization\",\"@id\":\"https:\\\/\\\/informelitoral.com.ar\\\/#organization\",\"name\":\"Informe Litoral\",\"url\":\"https:\\\/\\\/informelitoral.com.ar\\\/\",\"logo\":{\"@type\":\"ImageObject\",\"inLanguage\":\"es\",\"@id\":\"https:\\\/\\\/informelitoral.com.ar\\\/#\\\/schema\\\/logo\\\/image\\\/\",\"url\":\"https:\\\/\\\/informelitoral.com.ar\\\/%77%70%2d%63%6f%6e%74%65%6e%74\\\/uploads\\\/2021\\\/01\\\/circulo.png\",\"contentUrl\":\"https:\\\/\\\/informelitoral.com.ar\\\/%77%70%2d%63%6f%6e%74%65%6e%74\\\/uploads\\\/2021\\\/01\\\/circulo.png\",\"width\":723,\"height\":731,\"caption\":\"Informe Litoral\"},\"image\":{\"@id\":\"https:\\\/\\\/informelitoral.com.ar\\\/#\\\/schema\\\/logo\\\/image\\\/\"},\"sameAs\":[\"https:\\\/\\\/www.facebook.com\\\/informelitoral\\\/\",\"https:\\\/\\\/x.com\\\/InformeLitoral\",\"https:\\\/\\\/www.instagram.com\\\/informelitoral\\\/\",\"https:\\\/\\\/www.youtube.com\\\/channel\\\/UCua4Qvz8Icb6MYqhoq9xLXw\"]},{\"@type\":\"Person\",\"@id\":\"https:\\\/\\\/informelitoral.com.ar\\\/#\\\/schema\\\/person\\\/b9d00407c836482871ef1d57bf8e3180\",\"name\":\"Gonzalo Schmidt\",\"image\":{\"@type\":\"ImageObject\",\"inLanguage\":\"es\",\"@id\":\"https:\\\/\\\/secure.gravatar.com\\\/avatar\\\/31a1a7b66ff2de83bd0e9fd79d026630d2d99e55e8bfe501287647b4fd9743de?s=96&d=mm&r=g\",\"url\":\"https:\\\/\\\/secure.gravatar.com\\\/avatar\\\/31a1a7b66ff2de83bd0e9fd79d026630d2d99e55e8bfe501287647b4fd9743de?s=96&d=mm&r=g\",\"contentUrl\":\"https:\\\/\\\/secure.gravatar.com\\\/avatar\\\/31a1a7b66ff2de83bd0e9fd79d026630d2d99e55e8bfe501287647b4fd9743de?s=96&d=mm&r=g\",\"caption\":\"Gonzalo Schmidt\"},\"description\":\"Sitio web de noticias de la provincia de Entre R\u00edos, Argentina. Informaci\u00f3n y entretenimiento. Informe Litoral, nos informamos.\",\"sameAs\":[\"http:\\\/\\\/www.isletasnoticias.com.ar\"],\"url\":\"https:\\\/\\\/informelitoral.com.ar\\\/author\\\/gonzalo\\\/\"}]}<\/script>","yoast_head_json":{"title":"AGMER lanz\u00f3 la campa\u00f1a por una nueva ley de financiamiento educativo - Informe Litoral","robots":{"index":"index","follow":"follow","max-snippet":"max-snippet:-1","max-image-preview":"max-image-preview:large","max-video-preview":"max-video-preview:-1"},"canonical":"https:\/\/informelitoral.com.ar\/agmer-lanzo-la-campana-por-una-nueva-ley-de-financiamiento-educativo\/","og_locale":"es_ES","og_type":"article","og_title":"AGMER lanz\u00f3 la campa\u00f1a por una nueva ley de financiamiento educativo - Informe Litoral","og_description":"En la sede de la Asociaci&oacute;n Gremial del Magisterio de Entre R&iacute;os (AGMER central) se realiz&oacute; el lanzamiento de la campa&ntilde;a por una nueva ley de financiamiento educativo. La iniciativa es impulsada por la CTERA en todo el pa&iacute;s, con el objetivo de ampliar el porcentaje de PBI que el Estado Nacional destina a Educaci&oacute;n. [&hellip;]","og_url":"https:\/\/informelitoral.com.ar\/agmer-lanzo-la-campana-por-una-nueva-ley-de-financiamiento-educativo\/","og_site_name":"Informe Litoral","article_publisher":"https:\/\/www.facebook.com\/informelitoral\/","article_published_time":"2016-05-30T09:00:34+00:00","article_modified_time":"2016-05-30T09:46:16+00:00","og_image":[{"width":912,"height":684,"url":"https:\/\/informelitoral.com.ar\/%77%70%2d%63%6f%6e%74%65%6e%74\/uploads\/2016\/05\/financiamiento-ed.jpg","type":"image\/jpeg"}],"author":"Gonzalo Schmidt","twitter_card":"summary_large_image","twitter_creator":"@InformeLitoral","twitter_site":"@InformeLitoral","twitter_misc":{"Escrito por":"Gonzalo Schmidt","Tiempo de lectura":"4 minutos"},"schema":{"@context":"https:\/\/schema.org","@graph":[{"@type":"Article","@id":"https:\/\/informelitoral.com.ar\/agmer-lanzo-la-campana-por-una-nueva-ley-de-financiamiento-educativo\/#article","isPartOf":{"@id":"https:\/\/informelitoral.com.ar\/agmer-lanzo-la-campana-por-una-nueva-ley-de-financiamiento-educativo\/"},"author":{"name":"Gonzalo Schmidt","@id":"https:\/\/informelitoral.com.ar\/#\/schema\/person\/b9d00407c836482871ef1d57bf8e3180"},"headline":"AGMER lanz\u00f3 la campa\u00f1a por una nueva ley de financiamiento educativo","datePublished":"2016-05-30T09:00:34+00:00","dateModified":"2016-05-30T09:46:16+00:00","mainEntityOfPage":{"@id":"https:\/\/informelitoral.com.ar\/agmer-lanzo-la-campana-por-una-nueva-ley-de-financiamiento-educativo\/"},"wordCount":724,"commentCount":0,"publisher":{"@id":"https:\/\/informelitoral.com.ar\/#organization"},"image":{"@id":"https:\/\/informelitoral.com.ar\/agmer-lanzo-la-campana-por-una-nueva-ley-de-financiamiento-educativo\/#primaryimage"},"thumbnailUrl":"http:\/\/www.isletasnoticias.com.ar\/%77%70%2d%63%6f%6e%74%65%6e%74\/uploads\/2016\/05\/financiamiento-ed.jpg","articleSection":["Entre R\u00edos"],"inLanguage":"es","potentialAction":[{"@type":"CommentAction","name":"Comment","target":["https:\/\/informelitoral.com.ar\/agmer-lanzo-la-campana-por-una-nueva-ley-de-financiamiento-educativo\/#respond"]}]},{"@type":"WebPage","@id":"https:\/\/informelitoral.com.ar\/agmer-lanzo-la-campana-por-una-nueva-ley-de-financiamiento-educativo\/","url":"https:\/\/informelitoral.com.ar\/agmer-lanzo-la-campana-por-una-nueva-ley-de-financiamiento-educativo\/","name":"AGMER lanz\u00f3 la campa\u00f1a por una nueva ley de financiamiento educativo - Informe Litoral","isPartOf":{"@id":"https:\/\/informelitoral.com.ar\/#website"},"primaryImageOfPage":{"@id":"https:\/\/informelitoral.com.ar\/agmer-lanzo-la-campana-por-una-nueva-ley-de-financiamiento-educativo\/#primaryimage"},"image":{"@id":"https:\/\/informelitoral.com.ar\/agmer-lanzo-la-campana-por-una-nueva-ley-de-financiamiento-educativo\/#primaryimage"},"thumbnailUrl":"http:\/\/www.isletasnoticias.com.ar\/%77%70%2d%63%6f%6e%74%65%6e%74\/uploads\/2016\/05\/financiamiento-ed.jpg","datePublished":"2016-05-30T09:00:34+00:00","dateModified":"2016-05-30T09:46:16+00:00","breadcrumb":{"@id":"https:\/\/informelitoral.com.ar\/agmer-lanzo-la-campana-por-una-nueva-ley-de-financiamiento-educativo\/#breadcrumb"},"inLanguage":"es","potentialAction":[{"@type":"ReadAction","target":["https:\/\/informelitoral.com.ar\/agmer-lanzo-la-campana-por-una-nueva-ley-de-financiamiento-educativo\/"]}]},{"@type":"ImageObject","inLanguage":"es","@id":"https:\/\/informelitoral.com.ar\/agmer-lanzo-la-campana-por-una-nueva-ley-de-financiamiento-educativo\/#primaryimage","url":"http:\/\/www.isletasnoticias.com.ar\/%77%70%2d%63%6f%6e%74%65%6e%74\/uploads\/2016\/05\/financiamiento-ed.jpg","contentUrl":"http:\/\/www.isletasnoticias.com.ar\/%77%70%2d%63%6f%6e%74%65%6e%74\/uploads\/2016\/05\/financiamiento-ed.jpg"},{"@type":"BreadcrumbList","@id":"https:\/\/informelitoral.com.ar\/agmer-lanzo-la-campana-por-una-nueva-ley-de-financiamiento-educativo\/#breadcrumb","itemListElement":[{"@type":"ListItem","position":1,"name":"Portada","item":"https:\/\/informelitoral.com.ar\/"},{"@type":"ListItem","position":2,"name":"AGMER lanz\u00f3 la campa\u00f1a por una nueva ley de financiamiento educativo"}]},{"@type":"WebSite","@id":"https:\/\/informelitoral.com.ar\/#website","url":"https:\/\/informelitoral.com.ar\/","name":"Informe Litoral","description":"&quot;Nos informamos&quot; ","publisher":{"@id":"https:\/\/informelitoral.com.ar\/#organization"},"potentialAction":[{"@type":"SearchAction","target":{"@type":"EntryPoint","urlTemplate":"https:\/\/informelitoral.com.ar\/?s={search_term_string}"},"query-input":{"@type":"PropertyValueSpecification","valueRequired":true,"valueName":"search_term_string"}}],"inLanguage":"es"},{"@type":"Organization","@id":"https:\/\/informelitoral.com.ar\/#organization","name":"Informe Litoral","url":"https:\/\/informelitoral.com.ar\/","logo":{"@type":"ImageObject","inLanguage":"es","@id":"https:\/\/informelitoral.com.ar\/#\/schema\/logo\/image\/","url":"https:\/\/informelitoral.com.ar\/%77%70%2d%63%6f%6e%74%65%6e%74\/uploads\/2021\/01\/circulo.png","contentUrl":"https:\/\/informelitoral.com.ar\/%77%70%2d%63%6f%6e%74%65%6e%74\/uploads\/2021\/01\/circulo.png","width":723,"height":731,"caption":"Informe Litoral"},"image":{"@id":"https:\/\/informelitoral.com.ar\/#\/schema\/logo\/image\/"},"sameAs":["https:\/\/www.facebook.com\/informelitoral\/","https:\/\/x.com\/InformeLitoral","https:\/\/www.instagram.com\/informelitoral\/","https:\/\/www.youtube.com\/channel\/UCua4Qvz8Icb6MYqhoq9xLXw"]},{"@type":"Person","@id":"https:\/\/informelitoral.com.ar\/#\/schema\/person\/b9d00407c836482871ef1d57bf8e3180","name":"Gonzalo Schmidt","image":{"@type":"ImageObject","inLanguage":"es","@id":"https:\/\/secure.gravatar.com\/avatar\/31a1a7b66ff2de83bd0e9fd79d026630d2d99e55e8bfe501287647b4fd9743de?s=96&d=mm&r=g","url":"https:\/\/secure.gravatar.com\/avatar\/31a1a7b66ff2de83bd0e9fd79d026630d2d99e55e8bfe501287647b4fd9743de?s=96&d=mm&r=g","contentUrl":"https:\/\/secure.gravatar.com\/avatar\/31a1a7b66ff2de83bd0e9fd79d026630d2d99e55e8bfe501287647b4fd9743de?s=96&d=mm&r=g","caption":"Gonzalo Schmidt"},"description":"Sitio web de noticias de la provincia de Entre R\u00edos, Argentina. Informaci\u00f3n y entretenimiento. Informe Litoral, nos informamos.","sameAs":["http:\/\/www.isletasnoticias.com.ar"],"url":"https:\/\/informelitoral.com.ar\/author\/gonzalo\/"}]}},"_links":{"self":[{"href":"https:\/\/informelitoral.com.ar\/%77%70%2d%6a%73%6f%6e\/wp\/v2\/posts\/16327","targetHints":{"allow":["GET"]}}],"collection":[{"href":"https:\/\/informelitoral.com.ar\/%77%70%2d%6a%73%6f%6e\/wp\/v2\/posts"}],"about":[{"href":"https:\/\/informelitoral.com.ar\/%77%70%2d%6a%73%6f%6e\/wp\/v2\/types\/post"}],"author":[{"embeddable":true,"href":"https:\/\/informelitoral.com.ar\/%77%70%2d%6a%73%6f%6e\/wp\/v2\/users\/2"}],"replies":[{"embeddable":true,"href":"https:\/\/informelitoral.com.ar\/%77%70%2d%6a%73%6f%6e\/wp\/v2\/comments?post=16327"}],"version-history":[{"count":0,"href":"https:\/\/informelitoral.com.ar\/%77%70%2d%6a%73%6f%6e\/wp\/v2\/posts\/16327\/revisions"}],"wp:attachment":[{"href":"https:\/\/informelitoral.com.ar\/%77%70%2d%6a%73%6f%6e\/wp\/v2\/media?parent=16327"}],"wp:term":[{"taxonomy":"category","embeddable":true,"href":"https:\/\/informelitoral.com.ar\/%77%70%2d%6a%73%6f%6e\/wp\/v2\/categories?post=16327"},{"taxonomy":"post_tag","embeddable":true,"href":"https:\/\/informelitoral.com.ar\/%77%70%2d%6a%73%6f%6e\/wp\/v2\/tags?post=16327"}],"curies":[{"name":"wp","href":"https:\/\/api.w.org\/{rel}","templated":true}]}}