{"id":16320,"date":"2016-05-30T06:15:13","date_gmt":"2016-05-30T09:15:13","guid":{"rendered":"http:\/\/www.isletasnoticias.com.ar\/?p=16320"},"modified":"2016-05-30T06:16:12","modified_gmt":"2016-05-30T09:16:12","slug":"tc-pista-mouras-el-entrerriano-londero-logro-su-primer-podio","status":"publish","type":"post","link":"https:\/\/informelitoral.com.ar\/tc-pista-mouras-el-entrerriano-londero-logro-su-primer-podio\/","title":{"rendered":"TC Pista Mouras: el ramirense Ayrton Londero logr\u00f3 su primer podio"},"content":{"rendered":"<p><strong><span class=\"copete\">El piloto entrerriano\u00a0<em>Ayrton Londero<\/em>, consigui\u00f3 el segundo lugar en la competici\u00f3n por la sexta fecha del TC Pista Mouras, disputada en el aut\u00f3dromo de Concepci\u00f3n del Uruguay. El ganador tambi\u00e9n fue primerizo, ya que <em>Cristian Beraldi<\/em> consigui\u00f3 el puesto m\u00e1s alto por primera vez en su carrera.<a href=\"http:\/\/www.isletasnoticias.com.ar\/%77%70%2d%63%6f%6e%74%65%6e%74\/uploads\/2016\/05\/foto0_1_236498_1.jpg\"><img loading=\"lazy\" decoding=\"async\" class=\"aligncenter wp-image-16321 \" src=\"http:\/\/www.isletasnoticias.com.ar\/%77%70%2d%63%6f%6e%74%65%6e%74\/uploads\/2016\/05\/foto0_1_236498_1.jpg\" alt=\"foto0_1_236498_1\" width=\"323\" height=\"360\" \/><\/a><\/span><\/strong><span class=\"texto\"><strong>Cristian Beraldi<\/strong> encontr\u00f3 su recompensa y sabore\u00f3 la gloria desde lo m\u00e1s alto en Concepci\u00f3n del Uruguay, luego de imponerse en la sexta fecha de la temporada del TC Pista Mouras.<\/span><\/p>\n<p>El piloto del Alifraco Sport supo construir su carrera a paso firme y, luego de aquel podio alcanzado en la cuarta fecha, sab\u00eda que pod\u00eda ir por m\u00e1s. En\u00a0\u00abLa Hist\u00f3rica\u00bb encontr\u00f3 su posibilidad y no la dej\u00f3 pasar. Ya en el arranque aceler\u00f3 para saltar en la primera vuelta de sexto a primero.<\/p>\n<p>A partir de ese momento, se dedic\u00f3 a conducir rumbo a su primer triunfo en la categor\u00eda, relegando al ramirense <strong>Ayrton Londero<\/strong>, quien se mostr\u00f3 por primera vez en el podio luego de avanzar desde la s\u00e9ptima colocaci\u00f3n.<\/p>\n<p>Tambi\u00e9n aprovech\u00f3 <strong>Enzo Pieraligi<\/strong> para avanzar con la Dodge que alista su propia estructura para comenzar a ilusionarse de cara al resto de la temporada, da cuenta <i>ACTC, <\/i>seg\u00fan reprodujo<i> An\u00e1lisis Digital.<\/i><\/p>\n<p>A excepci\u00f3n de Londero, el resto de las actuaciones entrerrianas no fueron tan positivas. S\u00f3lo <strong>Agust\u00edn De Brabandere<\/strong> pudo celebrar, ya que el llegar en el noveno puesto le permiti\u00f3 mantener el primer lugar del campeonato. Por su parte, <strong>Franco Bacc\u00f3n<\/strong> termin\u00f3 12\u00b0 y <strong>Jorge Humoffe<\/strong> fue el \u00faltimo en una competici\u00f3n que no pudo finalizar.<\/p>\n<p><span class=\"texto\"> La pr\u00f3xima fecha ser\u00e1 en La Plata, el fin de semana del 19 de junio.<\/span><\/p>\n<p><b>Resultados \u2013 Fecha 6 \u2013 TC Pista Mouras<\/b>:<br \/>\n1\u00b0) Cristian Beraldi (Ford) 24\u201929\u201d307\/1000.<br \/>\n<b>2\u00b0) Ayrton Londero (Chevrolet) a 9\u201d946\/1000.<\/b><br \/>\n3\u00b0) Enzo Pieraligi (Chevrolet) a 11\u201d476\/1000.<br \/>\n4\u00b0) Lautaro De la Iglesia (Ford) a 17\u201d754\/1000.<br \/>\n5\u00b0) Pablo Ortega (Dodge) a 23\u201d826\/1000.<br \/>\n9\u00b0) Agust\u00edn De Brabandere (Ford) a 34\u201d344\/1000.<br \/>\n12\u00b0) Franco Bacc\u00f3n (Ford) a 44\u201d572\/1000.<br \/>\n30\u00b0) Jorge Humoffe (Ford) a 11 VUELTAS.<br \/>\n<b><br \/>\n<b>Posiciones \u2013 TC Pista Mouras<\/b>:<br \/>\n<\/b>1\u00b0) Agust\u00edn De Brabandere (Ford) 208 puntos.<br \/>\n2\u00b0) Andr\u00e9s Jakos (Chevrolet) 187.<br \/>\n3\u00b0) Lautaro De la Iglesia (Ford) 167.<br \/>\n4\u00b0) Jord\u00e1n Scumburdi (Chevrolet) 155.<br \/>\n5\u00b0) Pablo Ortega (Dodge) 153.<br \/>\n20\u00b0) Ayrton Londero (Chevrolet) 89.<br \/>\n28\u00b0) Franco Bacc\u00f3n (Ford) 51.<br \/>\n36\u00b0) Jorge Humoffe (Ford) 22.<\/p>\n","protected":false},"excerpt":{"rendered":"<p>El piloto entrerriano&nbsp;Ayrton Londero, consigui&oacute; el segundo lugar en la competici&oacute;n por la sexta fecha del TC Pista Mouras, disputada en el aut&oacute;dromo de Concepci&oacute;n del Uruguay. El ganador tambi&eacute;n fue primerizo, ya que Cristian Beraldi consigui&oacute; el puesto m&aacute;s alto por primera vez en su carrera.Cristian Beraldi encontr&oacute; su recompensa y sabore&oacute; la gloria [&hellip;]<\/p>\n","protected":false},"author":2,"featured_media":0,"comment_status":"open","ping_status":"open","sticky":false,"template":"","format":"standard","meta":{"fifu_image_url":"","fifu_image_alt":"","footnotes":""},"categories":[5,13],"tags":[],"class_list":{"0":"post-16320","1":"post","2":"type-post","3":"status-publish","4":"format-standard","6":"category-zonales","7":"category-deportes"},"yoast_head":"<title>TC Pista Mouras: el ramirense Ayrton Londero logr\u00f3 su primer podio - Informe Litoral<\/title>\n<meta name=\"robots\" content=\"index, follow, max-snippet:-1, max-image-preview:large, max-video-preview:-1\" \/>\n<link rel=\"canonical\" href=\"https:\/\/informelitoral.com.ar\/tc-pista-mouras-el-entrerriano-londero-logro-su-primer-podio\/\" \/>\n<meta property=\"og:locale\" content=\"es_ES\" \/>\n<meta property=\"og:type\" content=\"article\" \/>\n<meta property=\"og:title\" content=\"TC Pista Mouras: el ramirense Ayrton Londero logr\u00f3 su primer podio - Informe Litoral\" \/>\n<meta property=\"og:description\" content=\"El piloto entrerriano&nbsp;Ayrton Londero, consigui&oacute; el segundo lugar en la competici&oacute;n por la sexta fecha del TC Pista Mouras, disputada en el aut&oacute;dromo de Concepci&oacute;n del Uruguay. El ganador tambi&eacute;n fue primerizo, ya que Cristian Beraldi consigui&oacute; el puesto m&aacute;s alto por primera vez en su carrera.Cristian Beraldi encontr&oacute; su recompensa y sabore&oacute; la gloria [&hellip;]\" \/>\n<meta property=\"og:url\" content=\"https:\/\/informelitoral.com.ar\/tc-pista-mouras-el-entrerriano-londero-logro-su-primer-podio\/\" \/>\n<meta property=\"og:site_name\" content=\"Informe Litoral\" \/>\n<meta property=\"article:publisher\" content=\"https:\/\/www.facebook.com\/informelitoral\/\" \/>\n<meta property=\"article:published_time\" content=\"2016-05-30T09:15:13+00:00\" \/>\n<meta property=\"article:modified_time\" content=\"2016-05-30T09:16:12+00:00\" \/>\n<meta property=\"og:image\" content=\"https:\/\/informelitoral.com.ar\/%77%70%2d%63%6f%6e%74%65%6e%74\/uploads\/2016\/05\/foto0_1_236498_1.jpg\" \/>\n\t<meta property=\"og:image:width\" content=\"157\" \/>\n\t<meta property=\"og:image:height\" content=\"175\" \/>\n\t<meta property=\"og:image:type\" content=\"image\/jpeg\" \/>\n<meta name=\"author\" content=\"Gonzalo Schmidt\" \/>\n<meta name=\"twitter:card\" content=\"summary_large_image\" \/>\n<meta name=\"twitter:creator\" content=\"@InformeLitoral\" \/>\n<meta name=\"twitter:site\" content=\"@InformeLitoral\" \/>\n<meta name=\"twitter:label1\" content=\"Escrito por\" \/>\n\t<meta name=\"twitter:data1\" content=\"Gonzalo Schmidt\" \/>\n\t<meta name=\"twitter:label2\" content=\"Tiempo de lectura\" \/>\n\t<meta name=\"twitter:data2\" content=\"2 minutos\" \/>\n<script type=\"application\/ld+json\" class=\"yoast-schema-graph\">{\"@context\":\"https:\\\/\\\/schema.org\",\"@graph\":[{\"@type\":\"Article\",\"@id\":\"https:\\\/\\\/informelitoral.com.ar\\\/tc-pista-mouras-el-entrerriano-londero-logro-su-primer-podio\\\/#article\",\"isPartOf\":{\"@id\":\"https:\\\/\\\/informelitoral.com.ar\\\/tc-pista-mouras-el-entrerriano-londero-logro-su-primer-podio\\\/\"},\"author\":{\"name\":\"Gonzalo Schmidt\",\"@id\":\"https:\\\/\\\/informelitoral.com.ar\\\/#\\\/schema\\\/person\\\/b9d00407c836482871ef1d57bf8e3180\"},\"headline\":\"TC Pista Mouras: el ramirense Ayrton Londero logr\u00f3 su primer podio\",\"datePublished\":\"2016-05-30T09:15:13+00:00\",\"dateModified\":\"2016-05-30T09:16:12+00:00\",\"mainEntityOfPage\":{\"@id\":\"https:\\\/\\\/informelitoral.com.ar\\\/tc-pista-mouras-el-entrerriano-londero-logro-su-primer-podio\\\/\"},\"wordCount\":384,\"commentCount\":0,\"publisher\":{\"@id\":\"https:\\\/\\\/informelitoral.com.ar\\\/#organization\"},\"image\":{\"@id\":\"https:\\\/\\\/informelitoral.com.ar\\\/tc-pista-mouras-el-entrerriano-londero-logro-su-primer-podio\\\/#primaryimage\"},\"thumbnailUrl\":\"http:\\\/\\\/www.isletasnoticias.com.ar\\\/%77%70%2d%63%6f%6e%74%65%6e%74\\\/uploads\\\/2016\\\/05\\\/foto0_1_236498_1.jpg\",\"articleSection\":[\"Departamento Diamante\",\"Deportes\"],\"inLanguage\":\"es\",\"potentialAction\":[{\"@type\":\"CommentAction\",\"name\":\"Comment\",\"target\":[\"https:\\\/\\\/informelitoral.com.ar\\\/tc-pista-mouras-el-entrerriano-londero-logro-su-primer-podio\\\/#respond\"]}]},{\"@type\":\"WebPage\",\"@id\":\"https:\\\/\\\/informelitoral.com.ar\\\/tc-pista-mouras-el-entrerriano-londero-logro-su-primer-podio\\\/\",\"url\":\"https:\\\/\\\/informelitoral.com.ar\\\/tc-pista-mouras-el-entrerriano-londero-logro-su-primer-podio\\\/\",\"name\":\"TC Pista Mouras: el ramirense Ayrton Londero logr\u00f3 su primer podio - Informe Litoral\",\"isPartOf\":{\"@id\":\"https:\\\/\\\/informelitoral.com.ar\\\/#website\"},\"primaryImageOfPage\":{\"@id\":\"https:\\\/\\\/informelitoral.com.ar\\\/tc-pista-mouras-el-entrerriano-londero-logro-su-primer-podio\\\/#primaryimage\"},\"image\":{\"@id\":\"https:\\\/\\\/informelitoral.com.ar\\\/tc-pista-mouras-el-entrerriano-londero-logro-su-primer-podio\\\/#primaryimage\"},\"thumbnailUrl\":\"http:\\\/\\\/www.isletasnoticias.com.ar\\\/%77%70%2d%63%6f%6e%74%65%6e%74\\\/uploads\\\/2016\\\/05\\\/foto0_1_236498_1.jpg\",\"datePublished\":\"2016-05-30T09:15:13+00:00\",\"dateModified\":\"2016-05-30T09:16:12+00:00\",\"breadcrumb\":{\"@id\":\"https:\\\/\\\/informelitoral.com.ar\\\/tc-pista-mouras-el-entrerriano-londero-logro-su-primer-podio\\\/#breadcrumb\"},\"inLanguage\":\"es\",\"potentialAction\":[{\"@type\":\"ReadAction\",\"target\":[\"https:\\\/\\\/informelitoral.com.ar\\\/tc-pista-mouras-el-entrerriano-londero-logro-su-primer-podio\\\/\"]}]},{\"@type\":\"ImageObject\",\"inLanguage\":\"es\",\"@id\":\"https:\\\/\\\/informelitoral.com.ar\\\/tc-pista-mouras-el-entrerriano-londero-logro-su-primer-podio\\\/#primaryimage\",\"url\":\"http:\\\/\\\/www.isletasnoticias.com.ar\\\/%77%70%2d%63%6f%6e%74%65%6e%74\\\/uploads\\\/2016\\\/05\\\/foto0_1_236498_1.jpg\",\"contentUrl\":\"http:\\\/\\\/www.isletasnoticias.com.ar\\\/%77%70%2d%63%6f%6e%74%65%6e%74\\\/uploads\\\/2016\\\/05\\\/foto0_1_236498_1.jpg\"},{\"@type\":\"BreadcrumbList\",\"@id\":\"https:\\\/\\\/informelitoral.com.ar\\\/tc-pista-mouras-el-entrerriano-londero-logro-su-primer-podio\\\/#breadcrumb\",\"itemListElement\":[{\"@type\":\"ListItem\",\"position\":1,\"name\":\"Portada\",\"item\":\"https:\\\/\\\/informelitoral.com.ar\\\/\"},{\"@type\":\"ListItem\",\"position\":2,\"name\":\"TC Pista Mouras: el ramirense Ayrton Londero logr\u00f3 su primer podio\"}]},{\"@type\":\"WebSite\",\"@id\":\"https:\\\/\\\/informelitoral.com.ar\\\/#website\",\"url\":\"https:\\\/\\\/informelitoral.com.ar\\\/\",\"name\":\"Informe Litoral\",\"description\":\"&quot;Nos informamos&quot; \",\"publisher\":{\"@id\":\"https:\\\/\\\/informelitoral.com.ar\\\/#organization\"},\"potentialAction\":[{\"@type\":\"SearchAction\",\"target\":{\"@type\":\"EntryPoint\",\"urlTemplate\":\"https:\\\/\\\/informelitoral.com.ar\\\/?s={search_term_string}\"},\"query-input\":{\"@type\":\"PropertyValueSpecification\",\"valueRequired\":true,\"valueName\":\"search_term_string\"}}],\"inLanguage\":\"es\"},{\"@type\":\"Organization\",\"@id\":\"https:\\\/\\\/informelitoral.com.ar\\\/#organization\",\"name\":\"Informe Litoral\",\"url\":\"https:\\\/\\\/informelitoral.com.ar\\\/\",\"logo\":{\"@type\":\"ImageObject\",\"inLanguage\":\"es\",\"@id\":\"https:\\\/\\\/informelitoral.com.ar\\\/#\\\/schema\\\/logo\\\/image\\\/\",\"url\":\"https:\\\/\\\/informelitoral.com.ar\\\/%77%70%2d%63%6f%6e%74%65%6e%74\\\/uploads\\\/2021\\\/01\\\/circulo.png\",\"contentUrl\":\"https:\\\/\\\/informelitoral.com.ar\\\/%77%70%2d%63%6f%6e%74%65%6e%74\\\/uploads\\\/2021\\\/01\\\/circulo.png\",\"width\":723,\"height\":731,\"caption\":\"Informe Litoral\"},\"image\":{\"@id\":\"https:\\\/\\\/informelitoral.com.ar\\\/#\\\/schema\\\/logo\\\/image\\\/\"},\"sameAs\":[\"https:\\\/\\\/www.facebook.com\\\/informelitoral\\\/\",\"https:\\\/\\\/x.com\\\/InformeLitoral\",\"https:\\\/\\\/www.instagram.com\\\/informelitoral\\\/\",\"https:\\\/\\\/www.youtube.com\\\/channel\\\/UCua4Qvz8Icb6MYqhoq9xLXw\"]},{\"@type\":\"Person\",\"@id\":\"https:\\\/\\\/informelitoral.com.ar\\\/#\\\/schema\\\/person\\\/b9d00407c836482871ef1d57bf8e3180\",\"name\":\"Gonzalo Schmidt\",\"image\":{\"@type\":\"ImageObject\",\"inLanguage\":\"es\",\"@id\":\"https:\\\/\\\/secure.gravatar.com\\\/avatar\\\/31a1a7b66ff2de83bd0e9fd79d026630d2d99e55e8bfe501287647b4fd9743de?s=96&d=mm&r=g\",\"url\":\"https:\\\/\\\/secure.gravatar.com\\\/avatar\\\/31a1a7b66ff2de83bd0e9fd79d026630d2d99e55e8bfe501287647b4fd9743de?s=96&d=mm&r=g\",\"contentUrl\":\"https:\\\/\\\/secure.gravatar.com\\\/avatar\\\/31a1a7b66ff2de83bd0e9fd79d026630d2d99e55e8bfe501287647b4fd9743de?s=96&d=mm&r=g\",\"caption\":\"Gonzalo Schmidt\"},\"description\":\"Sitio web de noticias de la provincia de Entre R\u00edos, Argentina. Informaci\u00f3n y entretenimiento. Informe Litoral, nos informamos.\",\"sameAs\":[\"http:\\\/\\\/www.isletasnoticias.com.ar\"],\"url\":\"https:\\\/\\\/informelitoral.com.ar\\\/author\\\/gonzalo\\\/\"}]}<\/script>","yoast_head_json":{"title":"TC Pista Mouras: el ramirense Ayrton Londero logr\u00f3 su primer podio - Informe Litoral","robots":{"index":"index","follow":"follow","max-snippet":"max-snippet:-1","max-image-preview":"max-image-preview:large","max-video-preview":"max-video-preview:-1"},"canonical":"https:\/\/informelitoral.com.ar\/tc-pista-mouras-el-entrerriano-londero-logro-su-primer-podio\/","og_locale":"es_ES","og_type":"article","og_title":"TC Pista Mouras: el ramirense Ayrton Londero logr\u00f3 su primer podio - Informe Litoral","og_description":"El piloto entrerriano&nbsp;Ayrton Londero, consigui&oacute; el segundo lugar en la competici&oacute;n por la sexta fecha del TC Pista Mouras, disputada en el aut&oacute;dromo de Concepci&oacute;n del Uruguay. El ganador tambi&eacute;n fue primerizo, ya que Cristian Beraldi consigui&oacute; el puesto m&aacute;s alto por primera vez en su carrera.Cristian Beraldi encontr&oacute; su recompensa y sabore&oacute; la gloria [&hellip;]","og_url":"https:\/\/informelitoral.com.ar\/tc-pista-mouras-el-entrerriano-londero-logro-su-primer-podio\/","og_site_name":"Informe Litoral","article_publisher":"https:\/\/www.facebook.com\/informelitoral\/","article_published_time":"2016-05-30T09:15:13+00:00","article_modified_time":"2016-05-30T09:16:12+00:00","og_image":[{"width":157,"height":175,"url":"https:\/\/informelitoral.com.ar\/%77%70%2d%63%6f%6e%74%65%6e%74\/uploads\/2016\/05\/foto0_1_236498_1.jpg","type":"image\/jpeg"}],"author":"Gonzalo Schmidt","twitter_card":"summary_large_image","twitter_creator":"@InformeLitoral","twitter_site":"@InformeLitoral","twitter_misc":{"Escrito por":"Gonzalo Schmidt","Tiempo de lectura":"2 minutos"},"schema":{"@context":"https:\/\/schema.org","@graph":[{"@type":"Article","@id":"https:\/\/informelitoral.com.ar\/tc-pista-mouras-el-entrerriano-londero-logro-su-primer-podio\/#article","isPartOf":{"@id":"https:\/\/informelitoral.com.ar\/tc-pista-mouras-el-entrerriano-londero-logro-su-primer-podio\/"},"author":{"name":"Gonzalo Schmidt","@id":"https:\/\/informelitoral.com.ar\/#\/schema\/person\/b9d00407c836482871ef1d57bf8e3180"},"headline":"TC Pista Mouras: el ramirense Ayrton Londero logr\u00f3 su primer podio","datePublished":"2016-05-30T09:15:13+00:00","dateModified":"2016-05-30T09:16:12+00:00","mainEntityOfPage":{"@id":"https:\/\/informelitoral.com.ar\/tc-pista-mouras-el-entrerriano-londero-logro-su-primer-podio\/"},"wordCount":384,"commentCount":0,"publisher":{"@id":"https:\/\/informelitoral.com.ar\/#organization"},"image":{"@id":"https:\/\/informelitoral.com.ar\/tc-pista-mouras-el-entrerriano-londero-logro-su-primer-podio\/#primaryimage"},"thumbnailUrl":"http:\/\/www.isletasnoticias.com.ar\/%77%70%2d%63%6f%6e%74%65%6e%74\/uploads\/2016\/05\/foto0_1_236498_1.jpg","articleSection":["Departamento Diamante","Deportes"],"inLanguage":"es","potentialAction":[{"@type":"CommentAction","name":"Comment","target":["https:\/\/informelitoral.com.ar\/tc-pista-mouras-el-entrerriano-londero-logro-su-primer-podio\/#respond"]}]},{"@type":"WebPage","@id":"https:\/\/informelitoral.com.ar\/tc-pista-mouras-el-entrerriano-londero-logro-su-primer-podio\/","url":"https:\/\/informelitoral.com.ar\/tc-pista-mouras-el-entrerriano-londero-logro-su-primer-podio\/","name":"TC Pista Mouras: el ramirense Ayrton Londero logr\u00f3 su primer podio - Informe Litoral","isPartOf":{"@id":"https:\/\/informelitoral.com.ar\/#website"},"primaryImageOfPage":{"@id":"https:\/\/informelitoral.com.ar\/tc-pista-mouras-el-entrerriano-londero-logro-su-primer-podio\/#primaryimage"},"image":{"@id":"https:\/\/informelitoral.com.ar\/tc-pista-mouras-el-entrerriano-londero-logro-su-primer-podio\/#primaryimage"},"thumbnailUrl":"http:\/\/www.isletasnoticias.com.ar\/%77%70%2d%63%6f%6e%74%65%6e%74\/uploads\/2016\/05\/foto0_1_236498_1.jpg","datePublished":"2016-05-30T09:15:13+00:00","dateModified":"2016-05-30T09:16:12+00:00","breadcrumb":{"@id":"https:\/\/informelitoral.com.ar\/tc-pista-mouras-el-entrerriano-londero-logro-su-primer-podio\/#breadcrumb"},"inLanguage":"es","potentialAction":[{"@type":"ReadAction","target":["https:\/\/informelitoral.com.ar\/tc-pista-mouras-el-entrerriano-londero-logro-su-primer-podio\/"]}]},{"@type":"ImageObject","inLanguage":"es","@id":"https:\/\/informelitoral.com.ar\/tc-pista-mouras-el-entrerriano-londero-logro-su-primer-podio\/#primaryimage","url":"http:\/\/www.isletasnoticias.com.ar\/%77%70%2d%63%6f%6e%74%65%6e%74\/uploads\/2016\/05\/foto0_1_236498_1.jpg","contentUrl":"http:\/\/www.isletasnoticias.com.ar\/%77%70%2d%63%6f%6e%74%65%6e%74\/uploads\/2016\/05\/foto0_1_236498_1.jpg"},{"@type":"BreadcrumbList","@id":"https:\/\/informelitoral.com.ar\/tc-pista-mouras-el-entrerriano-londero-logro-su-primer-podio\/#breadcrumb","itemListElement":[{"@type":"ListItem","position":1,"name":"Portada","item":"https:\/\/informelitoral.com.ar\/"},{"@type":"ListItem","position":2,"name":"TC Pista Mouras: el ramirense Ayrton Londero logr\u00f3 su primer podio"}]},{"@type":"WebSite","@id":"https:\/\/informelitoral.com.ar\/#website","url":"https:\/\/informelitoral.com.ar\/","name":"Informe Litoral","description":"&quot;Nos informamos&quot; ","publisher":{"@id":"https:\/\/informelitoral.com.ar\/#organization"},"potentialAction":[{"@type":"SearchAction","target":{"@type":"EntryPoint","urlTemplate":"https:\/\/informelitoral.com.ar\/?s={search_term_string}"},"query-input":{"@type":"PropertyValueSpecification","valueRequired":true,"valueName":"search_term_string"}}],"inLanguage":"es"},{"@type":"Organization","@id":"https:\/\/informelitoral.com.ar\/#organization","name":"Informe Litoral","url":"https:\/\/informelitoral.com.ar\/","logo":{"@type":"ImageObject","inLanguage":"es","@id":"https:\/\/informelitoral.com.ar\/#\/schema\/logo\/image\/","url":"https:\/\/informelitoral.com.ar\/%77%70%2d%63%6f%6e%74%65%6e%74\/uploads\/2021\/01\/circulo.png","contentUrl":"https:\/\/informelitoral.com.ar\/%77%70%2d%63%6f%6e%74%65%6e%74\/uploads\/2021\/01\/circulo.png","width":723,"height":731,"caption":"Informe Litoral"},"image":{"@id":"https:\/\/informelitoral.com.ar\/#\/schema\/logo\/image\/"},"sameAs":["https:\/\/www.facebook.com\/informelitoral\/","https:\/\/x.com\/InformeLitoral","https:\/\/www.instagram.com\/informelitoral\/","https:\/\/www.youtube.com\/channel\/UCua4Qvz8Icb6MYqhoq9xLXw"]},{"@type":"Person","@id":"https:\/\/informelitoral.com.ar\/#\/schema\/person\/b9d00407c836482871ef1d57bf8e3180","name":"Gonzalo Schmidt","image":{"@type":"ImageObject","inLanguage":"es","@id":"https:\/\/secure.gravatar.com\/avatar\/31a1a7b66ff2de83bd0e9fd79d026630d2d99e55e8bfe501287647b4fd9743de?s=96&d=mm&r=g","url":"https:\/\/secure.gravatar.com\/avatar\/31a1a7b66ff2de83bd0e9fd79d026630d2d99e55e8bfe501287647b4fd9743de?s=96&d=mm&r=g","contentUrl":"https:\/\/secure.gravatar.com\/avatar\/31a1a7b66ff2de83bd0e9fd79d026630d2d99e55e8bfe501287647b4fd9743de?s=96&d=mm&r=g","caption":"Gonzalo Schmidt"},"description":"Sitio web de noticias de la provincia de Entre R\u00edos, Argentina. Informaci\u00f3n y entretenimiento. Informe Litoral, nos informamos.","sameAs":["http:\/\/www.isletasnoticias.com.ar"],"url":"https:\/\/informelitoral.com.ar\/author\/gonzalo\/"}]}},"_links":{"self":[{"href":"https:\/\/informelitoral.com.ar\/%77%70%2d%6a%73%6f%6e\/wp\/v2\/posts\/16320","targetHints":{"allow":["GET"]}}],"collection":[{"href":"https:\/\/informelitoral.com.ar\/%77%70%2d%6a%73%6f%6e\/wp\/v2\/posts"}],"about":[{"href":"https:\/\/informelitoral.com.ar\/%77%70%2d%6a%73%6f%6e\/wp\/v2\/types\/post"}],"author":[{"embeddable":true,"href":"https:\/\/informelitoral.com.ar\/%77%70%2d%6a%73%6f%6e\/wp\/v2\/users\/2"}],"replies":[{"embeddable":true,"href":"https:\/\/informelitoral.com.ar\/%77%70%2d%6a%73%6f%6e\/wp\/v2\/comments?post=16320"}],"version-history":[{"count":0,"href":"https:\/\/informelitoral.com.ar\/%77%70%2d%6a%73%6f%6e\/wp\/v2\/posts\/16320\/revisions"}],"wp:attachment":[{"href":"https:\/\/informelitoral.com.ar\/%77%70%2d%6a%73%6f%6e\/wp\/v2\/media?parent=16320"}],"wp:term":[{"taxonomy":"category","embeddable":true,"href":"https:\/\/informelitoral.com.ar\/%77%70%2d%6a%73%6f%6e\/wp\/v2\/categories?post=16320"},{"taxonomy":"post_tag","embeddable":true,"href":"https:\/\/informelitoral.com.ar\/%77%70%2d%6a%73%6f%6e\/wp\/v2\/tags?post=16320"}],"curies":[{"name":"wp","href":"https:\/\/api.w.org\/{rel}","templated":true}]}}