{"id":163006,"date":"2023-08-23T23:18:55","date_gmt":"2023-08-24T02:18:55","guid":{"rendered":"https:\/\/www.informelitoral.com.ar\/?p=163006"},"modified":"2023-08-23T23:25:49","modified_gmt":"2023-08-24T02:25:49","slug":"mataron-a-palos-a-un-perro-en-una-localidad-entrerriana","status":"publish","type":"post","link":"https:\/\/informelitoral.com.ar\/mataron-a-palos-a-un-perro-en-una-localidad-entrerriana\/","title":{"rendered":"Mataron a palos a un perro en una localidad entrerriana"},"content":{"rendered":"<p>El refugio canino <em>\u201cMi Amigo Fiel\u201d<\/em> de Basavilbaso, denunci\u00f3 un acto de crueldad animal en la <strong>zona rural de San Marcial<\/strong>, departamento Uruguay.<\/p>\n<blockquote><p>Por redes sociales circula un video en el que se observa a dos menores de edad golpeando un perro con un palo hasta matarlo. Se presume que el video fue grabado por un tercer joven, menor de edad.<a href=\"https:\/\/www.informelitoral.com.ar\/%77%70%2d%63%6f%6e%74%65%6e%74\/uploads\/2023\/08\/1293568c-8eba-4ee3-b803-7560403420e3.jpg\"><img loading=\"lazy\" decoding=\"async\" class=\"aligncenter wp-image-163011 size-full\" src=\"https:\/\/www.informelitoral.com.ar\/%77%70%2d%63%6f%6e%74%65%6e%74\/uploads\/2023\/08\/1293568c-8eba-4ee3-b803-7560403420e3.jpg\" alt=\"\" width=\"618\" height=\"1080\" srcset=\"https:\/\/informelitoral.com.ar\/%77%70%2d%63%6f%6e%74%65%6e%74\/uploads\/2023\/08\/1293568c-8eba-4ee3-b803-7560403420e3.jpg 618w, https:\/\/informelitoral.com.ar\/%77%70%2d%63%6f%6e%74%65%6e%74\/uploads\/2023\/08\/1293568c-8eba-4ee3-b803-7560403420e3-172x300.jpg 172w, https:\/\/informelitoral.com.ar\/%77%70%2d%63%6f%6e%74%65%6e%74\/uploads\/2023\/08\/1293568c-8eba-4ee3-b803-7560403420e3-586x1024.jpg 586w, https:\/\/informelitoral.com.ar\/%77%70%2d%63%6f%6e%74%65%6e%74\/uploads\/2023\/08\/1293568c-8eba-4ee3-b803-7560403420e3-240x420.jpg 240w\" sizes=\"auto, (max-width: 618px) 100vw, 618px\" \/><\/a><\/p><\/blockquote>\n<p>Tras la denuncia en la comisar\u00eda local, autoridades tomaron intervenci\u00f3n.<a href=\"https:\/\/www.instagram.com\/p\/CwTedfSNTRF\/\"><strong> En el video se observa a un perro mestizo, de color negro con el pecho blanco<\/strong><\/a>, public\u00f3 <em>FM Riel.<\/em><\/p>\n<p>En la denuncia, <strong>Fabi\u00e1n Fredez,<\/strong> responsable del refugio canino, se\u00f1al\u00f3 la intervenci\u00f3n de tres personas. Seg\u00fan la informaci\u00f3n publicada,<span style=\"background-color: #ffff00;\"><strong> los agresores son menores de entre 15 y 16 a\u00f1os y estar\u00edan identificados. Adem\u00e1s se indic\u00f3 que el episodio de violencia habr\u00eda ocurrido en las inmediaciones del arroyo San Jos\u00e9.<\/strong><\/span><\/p>\n<p><span style=\"background-color: #ffff00;\"><strong><a href=\"https:\/\/www.informelitoral.com.ar\/%77%70%2d%63%6f%6e%74%65%6e%74\/uploads\/2023\/08\/9d7f8020-2e1e-4c6e-b100-de79d685ae2a.jpg\"><img loading=\"lazy\" decoding=\"async\" class=\"aligncenter wp-image-163009 size-full\" src=\"https:\/\/www.informelitoral.com.ar\/%77%70%2d%63%6f%6e%74%65%6e%74\/uploads\/2023\/08\/9d7f8020-2e1e-4c6e-b100-de79d685ae2a.jpg\" alt=\"\" width=\"604\" height=\"1080\" srcset=\"https:\/\/informelitoral.com.ar\/%77%70%2d%63%6f%6e%74%65%6e%74\/uploads\/2023\/08\/9d7f8020-2e1e-4c6e-b100-de79d685ae2a.jpg 604w, https:\/\/informelitoral.com.ar\/%77%70%2d%63%6f%6e%74%65%6e%74\/uploads\/2023\/08\/9d7f8020-2e1e-4c6e-b100-de79d685ae2a-168x300.jpg 168w, https:\/\/informelitoral.com.ar\/%77%70%2d%63%6f%6e%74%65%6e%74\/uploads\/2023\/08\/9d7f8020-2e1e-4c6e-b100-de79d685ae2a-573x1024.jpg 573w, https:\/\/informelitoral.com.ar\/%77%70%2d%63%6f%6e%74%65%6e%74\/uploads\/2023\/08\/9d7f8020-2e1e-4c6e-b100-de79d685ae2a-235x420.jpg 235w\" sizes=\"auto, (max-width: 604px) 100vw, 604px\" \/><\/a><\/strong><\/span><\/p>\n<p>El caso encuadrar\u00eda en la Ley 14.346 conocida como \u201cLey Sarmiento\u201d que pretende prevenir y castigar los actos de crueldad animal en Argentina. Tras la denuncia, buscan que las autoridades tomen medidas adecuadas y apliquen sanciones a los agresores.<\/p>\n<p>El denunciante <strong>aport\u00f3 a la Polic\u00eda el video del incidente<\/strong>, lo que permitir\u00e1 a las autoridades tomar medidas para investigar y tomar acciones legales en contra de los responsables.<\/p>\n<p>&nbsp;<\/p>\n<p><a href=\"https:\/\/www.informelitoral.com.ar\/%77%70%2d%63%6f%6e%74%65%6e%74\/uploads\/2023\/08\/no_al_maltrato_animal.jpg\"><img loading=\"lazy\" decoding=\"async\" class=\"aligncenter wp-image-163008 size-full\" src=\"https:\/\/www.informelitoral.com.ar\/%77%70%2d%63%6f%6e%74%65%6e%74\/uploads\/2023\/08\/no_al_maltrato_animal.jpg\" alt=\"\" width=\"1330\" height=\"880\" srcset=\"https:\/\/informelitoral.com.ar\/%77%70%2d%63%6f%6e%74%65%6e%74\/uploads\/2023\/08\/no_al_maltrato_animal.jpg 1330w, https:\/\/informelitoral.com.ar\/%77%70%2d%63%6f%6e%74%65%6e%74\/uploads\/2023\/08\/no_al_maltrato_animal-300x198.jpg 300w, https:\/\/informelitoral.com.ar\/%77%70%2d%63%6f%6e%74%65%6e%74\/uploads\/2023\/08\/no_al_maltrato_animal-1024x678.jpg 1024w, https:\/\/informelitoral.com.ar\/%77%70%2d%63%6f%6e%74%65%6e%74\/uploads\/2023\/08\/no_al_maltrato_animal-768x508.jpg 768w, https:\/\/informelitoral.com.ar\/%77%70%2d%63%6f%6e%74%65%6e%74\/uploads\/2023\/08\/no_al_maltrato_animal-696x461.jpg 696w, https:\/\/informelitoral.com.ar\/%77%70%2d%63%6f%6e%74%65%6e%74\/uploads\/2023\/08\/no_al_maltrato_animal-1068x707.jpg 1068w, https:\/\/informelitoral.com.ar\/%77%70%2d%63%6f%6e%74%65%6e%74\/uploads\/2023\/08\/no_al_maltrato_animal-635x420.jpg 635w\" sizes=\"auto, (max-width: 1330px) 100vw, 1330px\" \/><\/a><\/p>\n","protected":false},"excerpt":{"rendered":"<p>Los autores del aberrante hecho ser\u00edan adolescentes de entre 15 y 16 a\u00f1os, los cuales estar\u00edan identificados ya que se filmaron mientras asesinaban el animal y compartieron el video. Im\u00e1genes sensibles. <\/p>\n","protected":false},"author":2,"featured_media":163010,"comment_status":"open","ping_status":"open","sticky":false,"template":"","format":"standard","meta":{"fifu_image_url":"","fifu_image_alt":"","footnotes":""},"categories":[14],"tags":[41,218,1246,4346],"class_list":{"0":"post-163006","1":"post","2":"type-post","3":"status-publish","4":"format-standard","5":"has-post-thumbnail","7":"category-policiales","8":"tag-animales","9":"tag-maltrato-animal","10":"tag-perro","11":"tag-san-marcial"},"yoast_head":"<title>Mataron a palos a un perro en una localidad entrerriana - Informe Litoral<\/title>\n<meta name=\"robots\" content=\"index, follow, max-snippet:-1, max-image-preview:large, max-video-preview:-1\" \/>\n<link rel=\"canonical\" href=\"https:\/\/informelitoral.com.ar\/mataron-a-palos-a-un-perro-en-una-localidad-entrerriana\/\" \/>\n<meta property=\"og:locale\" content=\"es_ES\" \/>\n<meta property=\"og:type\" content=\"article\" \/>\n<meta property=\"og:title\" content=\"Mataron a palos a un perro en una localidad entrerriana - Informe Litoral\" \/>\n<meta property=\"og:description\" content=\"Los autores del aberrante hecho ser\u00edan adolescentes de entre 15 y 16 a\u00f1os, los cuales estar\u00edan identificados ya que se filmaron mientras asesinaban el animal y compartieron el video. Im\u00e1genes sensibles.\" \/>\n<meta property=\"og:url\" content=\"https:\/\/informelitoral.com.ar\/mataron-a-palos-a-un-perro-en-una-localidad-entrerriana\/\" \/>\n<meta property=\"og:site_name\" content=\"Informe Litoral\" \/>\n<meta property=\"article:publisher\" content=\"https:\/\/www.facebook.com\/informelitoral\/\" \/>\n<meta property=\"article:published_time\" content=\"2023-08-24T02:18:55+00:00\" \/>\n<meta property=\"article:modified_time\" content=\"2023-08-24T02:25:49+00:00\" \/>\n<meta property=\"og:image\" content=\"https:\/\/informelitoral.com.ar\/%77%70%2d%63%6f%6e%74%65%6e%74\/uploads\/2023\/08\/39821d25-fc58-413d-9cf8-57d83c316b5c.jpg\" \/>\n\t<meta property=\"og:image:width\" content=\"604\" \/>\n\t<meta property=\"og:image:height\" content=\"1074\" \/>\n\t<meta property=\"og:image:type\" content=\"image\/jpeg\" \/>\n<meta name=\"author\" content=\"Gonzalo Schmidt\" \/>\n<meta name=\"twitter:card\" content=\"summary_large_image\" \/>\n<meta name=\"twitter:creator\" content=\"@InformeLitoral\" \/>\n<meta name=\"twitter:site\" content=\"@InformeLitoral\" \/>\n<meta name=\"twitter:label1\" content=\"Escrito por\" \/>\n\t<meta name=\"twitter:data1\" content=\"Gonzalo Schmidt\" \/>\n\t<meta name=\"twitter:label2\" content=\"Tiempo de lectura\" \/>\n\t<meta name=\"twitter:data2\" content=\"1 minuto\" \/>\n<script type=\"application\/ld+json\" class=\"yoast-schema-graph\">{\"@context\":\"https:\\\/\\\/schema.org\",\"@graph\":[{\"@type\":\"Article\",\"@id\":\"https:\\\/\\\/informelitoral.com.ar\\\/mataron-a-palos-a-un-perro-en-una-localidad-entrerriana\\\/#article\",\"isPartOf\":{\"@id\":\"https:\\\/\\\/informelitoral.com.ar\\\/mataron-a-palos-a-un-perro-en-una-localidad-entrerriana\\\/\"},\"author\":{\"name\":\"Gonzalo Schmidt\",\"@id\":\"https:\\\/\\\/informelitoral.com.ar\\\/#\\\/schema\\\/person\\\/b9d00407c836482871ef1d57bf8e3180\"},\"headline\":\"Mataron a palos a un perro en una localidad entrerriana\",\"datePublished\":\"2023-08-24T02:18:55+00:00\",\"dateModified\":\"2023-08-24T02:25:49+00:00\",\"mainEntityOfPage\":{\"@id\":\"https:\\\/\\\/informelitoral.com.ar\\\/mataron-a-palos-a-un-perro-en-una-localidad-entrerriana\\\/\"},\"wordCount\":228,\"commentCount\":0,\"publisher\":{\"@id\":\"https:\\\/\\\/informelitoral.com.ar\\\/#organization\"},\"image\":{\"@id\":\"https:\\\/\\\/informelitoral.com.ar\\\/mataron-a-palos-a-un-perro-en-una-localidad-entrerriana\\\/#primaryimage\"},\"thumbnailUrl\":\"https:\\\/\\\/informelitoral.com.ar\\\/%77%70%2d%63%6f%6e%74%65%6e%74\\\/uploads\\\/2023\\\/08\\\/39821d25-fc58-413d-9cf8-57d83c316b5c.jpg\",\"keywords\":[\"Animales\",\"Maltrato animal\",\"Perro\",\"San Marcial\"],\"articleSection\":[\"Policiales\"],\"inLanguage\":\"es\",\"potentialAction\":[{\"@type\":\"CommentAction\",\"name\":\"Comment\",\"target\":[\"https:\\\/\\\/informelitoral.com.ar\\\/mataron-a-palos-a-un-perro-en-una-localidad-entrerriana\\\/#respond\"]}]},{\"@type\":\"WebPage\",\"@id\":\"https:\\\/\\\/informelitoral.com.ar\\\/mataron-a-palos-a-un-perro-en-una-localidad-entrerriana\\\/\",\"url\":\"https:\\\/\\\/informelitoral.com.ar\\\/mataron-a-palos-a-un-perro-en-una-localidad-entrerriana\\\/\",\"name\":\"Mataron a palos a un perro en una localidad entrerriana - Informe Litoral\",\"isPartOf\":{\"@id\":\"https:\\\/\\\/informelitoral.com.ar\\\/#website\"},\"primaryImageOfPage\":{\"@id\":\"https:\\\/\\\/informelitoral.com.ar\\\/mataron-a-palos-a-un-perro-en-una-localidad-entrerriana\\\/#primaryimage\"},\"image\":{\"@id\":\"https:\\\/\\\/informelitoral.com.ar\\\/mataron-a-palos-a-un-perro-en-una-localidad-entrerriana\\\/#primaryimage\"},\"thumbnailUrl\":\"https:\\\/\\\/informelitoral.com.ar\\\/%77%70%2d%63%6f%6e%74%65%6e%74\\\/uploads\\\/2023\\\/08\\\/39821d25-fc58-413d-9cf8-57d83c316b5c.jpg\",\"datePublished\":\"2023-08-24T02:18:55+00:00\",\"dateModified\":\"2023-08-24T02:25:49+00:00\",\"breadcrumb\":{\"@id\":\"https:\\\/\\\/informelitoral.com.ar\\\/mataron-a-palos-a-un-perro-en-una-localidad-entrerriana\\\/#breadcrumb\"},\"inLanguage\":\"es\",\"potentialAction\":[{\"@type\":\"ReadAction\",\"target\":[\"https:\\\/\\\/informelitoral.com.ar\\\/mataron-a-palos-a-un-perro-en-una-localidad-entrerriana\\\/\"]}]},{\"@type\":\"ImageObject\",\"inLanguage\":\"es\",\"@id\":\"https:\\\/\\\/informelitoral.com.ar\\\/mataron-a-palos-a-un-perro-en-una-localidad-entrerriana\\\/#primaryimage\",\"url\":\"https:\\\/\\\/informelitoral.com.ar\\\/%77%70%2d%63%6f%6e%74%65%6e%74\\\/uploads\\\/2023\\\/08\\\/39821d25-fc58-413d-9cf8-57d83c316b5c.jpg\",\"contentUrl\":\"https:\\\/\\\/informelitoral.com.ar\\\/%77%70%2d%63%6f%6e%74%65%6e%74\\\/uploads\\\/2023\\\/08\\\/39821d25-fc58-413d-9cf8-57d83c316b5c.jpg\",\"width\":604,\"height\":1074},{\"@type\":\"BreadcrumbList\",\"@id\":\"https:\\\/\\\/informelitoral.com.ar\\\/mataron-a-palos-a-un-perro-en-una-localidad-entrerriana\\\/#breadcrumb\",\"itemListElement\":[{\"@type\":\"ListItem\",\"position\":1,\"name\":\"Portada\",\"item\":\"https:\\\/\\\/informelitoral.com.ar\\\/\"},{\"@type\":\"ListItem\",\"position\":2,\"name\":\"Mataron a palos a un perro en una localidad entrerriana\"}]},{\"@type\":\"WebSite\",\"@id\":\"https:\\\/\\\/informelitoral.com.ar\\\/#website\",\"url\":\"https:\\\/\\\/informelitoral.com.ar\\\/\",\"name\":\"Informe Litoral\",\"description\":\"&quot;Nos informamos&quot; \",\"publisher\":{\"@id\":\"https:\\\/\\\/informelitoral.com.ar\\\/#organization\"},\"potentialAction\":[{\"@type\":\"SearchAction\",\"target\":{\"@type\":\"EntryPoint\",\"urlTemplate\":\"https:\\\/\\\/informelitoral.com.ar\\\/?s={search_term_string}\"},\"query-input\":{\"@type\":\"PropertyValueSpecification\",\"valueRequired\":true,\"valueName\":\"search_term_string\"}}],\"inLanguage\":\"es\"},{\"@type\":\"Organization\",\"@id\":\"https:\\\/\\\/informelitoral.com.ar\\\/#organization\",\"name\":\"Informe Litoral\",\"url\":\"https:\\\/\\\/informelitoral.com.ar\\\/\",\"logo\":{\"@type\":\"ImageObject\",\"inLanguage\":\"es\",\"@id\":\"https:\\\/\\\/informelitoral.com.ar\\\/#\\\/schema\\\/logo\\\/image\\\/\",\"url\":\"https:\\\/\\\/informelitoral.com.ar\\\/%77%70%2d%63%6f%6e%74%65%6e%74\\\/uploads\\\/2021\\\/01\\\/circulo.png\",\"contentUrl\":\"https:\\\/\\\/informelitoral.com.ar\\\/%77%70%2d%63%6f%6e%74%65%6e%74\\\/uploads\\\/2021\\\/01\\\/circulo.png\",\"width\":723,\"height\":731,\"caption\":\"Informe Litoral\"},\"image\":{\"@id\":\"https:\\\/\\\/informelitoral.com.ar\\\/#\\\/schema\\\/logo\\\/image\\\/\"},\"sameAs\":[\"https:\\\/\\\/www.facebook.com\\\/informelitoral\\\/\",\"https:\\\/\\\/x.com\\\/InformeLitoral\",\"https:\\\/\\\/www.instagram.com\\\/informelitoral\\\/\",\"https:\\\/\\\/www.youtube.com\\\/channel\\\/UCua4Qvz8Icb6MYqhoq9xLXw\"]},{\"@type\":\"Person\",\"@id\":\"https:\\\/\\\/informelitoral.com.ar\\\/#\\\/schema\\\/person\\\/b9d00407c836482871ef1d57bf8e3180\",\"name\":\"Gonzalo Schmidt\",\"image\":{\"@type\":\"ImageObject\",\"inLanguage\":\"es\",\"@id\":\"https:\\\/\\\/secure.gravatar.com\\\/avatar\\\/31a1a7b66ff2de83bd0e9fd79d026630d2d99e55e8bfe501287647b4fd9743de?s=96&d=mm&r=g\",\"url\":\"https:\\\/\\\/secure.gravatar.com\\\/avatar\\\/31a1a7b66ff2de83bd0e9fd79d026630d2d99e55e8bfe501287647b4fd9743de?s=96&d=mm&r=g\",\"contentUrl\":\"https:\\\/\\\/secure.gravatar.com\\\/avatar\\\/31a1a7b66ff2de83bd0e9fd79d026630d2d99e55e8bfe501287647b4fd9743de?s=96&d=mm&r=g\",\"caption\":\"Gonzalo Schmidt\"},\"description\":\"Sitio web de noticias de la provincia de Entre R\u00edos, Argentina. Informaci\u00f3n y entretenimiento. Informe Litoral, nos informamos.\",\"sameAs\":[\"http:\\\/\\\/www.isletasnoticias.com.ar\"],\"url\":\"https:\\\/\\\/informelitoral.com.ar\\\/author\\\/gonzalo\\\/\"}]}<\/script>","yoast_head_json":{"title":"Mataron a palos a un perro en una localidad entrerriana - Informe Litoral","robots":{"index":"index","follow":"follow","max-snippet":"max-snippet:-1","max-image-preview":"max-image-preview:large","max-video-preview":"max-video-preview:-1"},"canonical":"https:\/\/informelitoral.com.ar\/mataron-a-palos-a-un-perro-en-una-localidad-entrerriana\/","og_locale":"es_ES","og_type":"article","og_title":"Mataron a palos a un perro en una localidad entrerriana - Informe Litoral","og_description":"Los autores del aberrante hecho ser\u00edan adolescentes de entre 15 y 16 a\u00f1os, los cuales estar\u00edan identificados ya que se filmaron mientras asesinaban el animal y compartieron el video. Im\u00e1genes sensibles.","og_url":"https:\/\/informelitoral.com.ar\/mataron-a-palos-a-un-perro-en-una-localidad-entrerriana\/","og_site_name":"Informe Litoral","article_publisher":"https:\/\/www.facebook.com\/informelitoral\/","article_published_time":"2023-08-24T02:18:55+00:00","article_modified_time":"2023-08-24T02:25:49+00:00","og_image":[{"width":604,"height":1074,"url":"https:\/\/informelitoral.com.ar\/%77%70%2d%63%6f%6e%74%65%6e%74\/uploads\/2023\/08\/39821d25-fc58-413d-9cf8-57d83c316b5c.jpg","type":"image\/jpeg"}],"author":"Gonzalo Schmidt","twitter_card":"summary_large_image","twitter_creator":"@InformeLitoral","twitter_site":"@InformeLitoral","twitter_misc":{"Escrito por":"Gonzalo Schmidt","Tiempo de lectura":"1 minuto"},"schema":{"@context":"https:\/\/schema.org","@graph":[{"@type":"Article","@id":"https:\/\/informelitoral.com.ar\/mataron-a-palos-a-un-perro-en-una-localidad-entrerriana\/#article","isPartOf":{"@id":"https:\/\/informelitoral.com.ar\/mataron-a-palos-a-un-perro-en-una-localidad-entrerriana\/"},"author":{"name":"Gonzalo Schmidt","@id":"https:\/\/informelitoral.com.ar\/#\/schema\/person\/b9d00407c836482871ef1d57bf8e3180"},"headline":"Mataron a palos a un perro en una localidad entrerriana","datePublished":"2023-08-24T02:18:55+00:00","dateModified":"2023-08-24T02:25:49+00:00","mainEntityOfPage":{"@id":"https:\/\/informelitoral.com.ar\/mataron-a-palos-a-un-perro-en-una-localidad-entrerriana\/"},"wordCount":228,"commentCount":0,"publisher":{"@id":"https:\/\/informelitoral.com.ar\/#organization"},"image":{"@id":"https:\/\/informelitoral.com.ar\/mataron-a-palos-a-un-perro-en-una-localidad-entrerriana\/#primaryimage"},"thumbnailUrl":"https:\/\/informelitoral.com.ar\/%77%70%2d%63%6f%6e%74%65%6e%74\/uploads\/2023\/08\/39821d25-fc58-413d-9cf8-57d83c316b5c.jpg","keywords":["Animales","Maltrato animal","Perro","San Marcial"],"articleSection":["Policiales"],"inLanguage":"es","potentialAction":[{"@type":"CommentAction","name":"Comment","target":["https:\/\/informelitoral.com.ar\/mataron-a-palos-a-un-perro-en-una-localidad-entrerriana\/#respond"]}]},{"@type":"WebPage","@id":"https:\/\/informelitoral.com.ar\/mataron-a-palos-a-un-perro-en-una-localidad-entrerriana\/","url":"https:\/\/informelitoral.com.ar\/mataron-a-palos-a-un-perro-en-una-localidad-entrerriana\/","name":"Mataron a palos a un perro en una localidad entrerriana - Informe Litoral","isPartOf":{"@id":"https:\/\/informelitoral.com.ar\/#website"},"primaryImageOfPage":{"@id":"https:\/\/informelitoral.com.ar\/mataron-a-palos-a-un-perro-en-una-localidad-entrerriana\/#primaryimage"},"image":{"@id":"https:\/\/informelitoral.com.ar\/mataron-a-palos-a-un-perro-en-una-localidad-entrerriana\/#primaryimage"},"thumbnailUrl":"https:\/\/informelitoral.com.ar\/%77%70%2d%63%6f%6e%74%65%6e%74\/uploads\/2023\/08\/39821d25-fc58-413d-9cf8-57d83c316b5c.jpg","datePublished":"2023-08-24T02:18:55+00:00","dateModified":"2023-08-24T02:25:49+00:00","breadcrumb":{"@id":"https:\/\/informelitoral.com.ar\/mataron-a-palos-a-un-perro-en-una-localidad-entrerriana\/#breadcrumb"},"inLanguage":"es","potentialAction":[{"@type":"ReadAction","target":["https:\/\/informelitoral.com.ar\/mataron-a-palos-a-un-perro-en-una-localidad-entrerriana\/"]}]},{"@type":"ImageObject","inLanguage":"es","@id":"https:\/\/informelitoral.com.ar\/mataron-a-palos-a-un-perro-en-una-localidad-entrerriana\/#primaryimage","url":"https:\/\/informelitoral.com.ar\/%77%70%2d%63%6f%6e%74%65%6e%74\/uploads\/2023\/08\/39821d25-fc58-413d-9cf8-57d83c316b5c.jpg","contentUrl":"https:\/\/informelitoral.com.ar\/%77%70%2d%63%6f%6e%74%65%6e%74\/uploads\/2023\/08\/39821d25-fc58-413d-9cf8-57d83c316b5c.jpg","width":604,"height":1074},{"@type":"BreadcrumbList","@id":"https:\/\/informelitoral.com.ar\/mataron-a-palos-a-un-perro-en-una-localidad-entrerriana\/#breadcrumb","itemListElement":[{"@type":"ListItem","position":1,"name":"Portada","item":"https:\/\/informelitoral.com.ar\/"},{"@type":"ListItem","position":2,"name":"Mataron a palos a un perro en una localidad entrerriana"}]},{"@type":"WebSite","@id":"https:\/\/informelitoral.com.ar\/#website","url":"https:\/\/informelitoral.com.ar\/","name":"Informe Litoral","description":"&quot;Nos informamos&quot; ","publisher":{"@id":"https:\/\/informelitoral.com.ar\/#organization"},"potentialAction":[{"@type":"SearchAction","target":{"@type":"EntryPoint","urlTemplate":"https:\/\/informelitoral.com.ar\/?s={search_term_string}"},"query-input":{"@type":"PropertyValueSpecification","valueRequired":true,"valueName":"search_term_string"}}],"inLanguage":"es"},{"@type":"Organization","@id":"https:\/\/informelitoral.com.ar\/#organization","name":"Informe Litoral","url":"https:\/\/informelitoral.com.ar\/","logo":{"@type":"ImageObject","inLanguage":"es","@id":"https:\/\/informelitoral.com.ar\/#\/schema\/logo\/image\/","url":"https:\/\/informelitoral.com.ar\/%77%70%2d%63%6f%6e%74%65%6e%74\/uploads\/2021\/01\/circulo.png","contentUrl":"https:\/\/informelitoral.com.ar\/%77%70%2d%63%6f%6e%74%65%6e%74\/uploads\/2021\/01\/circulo.png","width":723,"height":731,"caption":"Informe Litoral"},"image":{"@id":"https:\/\/informelitoral.com.ar\/#\/schema\/logo\/image\/"},"sameAs":["https:\/\/www.facebook.com\/informelitoral\/","https:\/\/x.com\/InformeLitoral","https:\/\/www.instagram.com\/informelitoral\/","https:\/\/www.youtube.com\/channel\/UCua4Qvz8Icb6MYqhoq9xLXw"]},{"@type":"Person","@id":"https:\/\/informelitoral.com.ar\/#\/schema\/person\/b9d00407c836482871ef1d57bf8e3180","name":"Gonzalo Schmidt","image":{"@type":"ImageObject","inLanguage":"es","@id":"https:\/\/secure.gravatar.com\/avatar\/31a1a7b66ff2de83bd0e9fd79d026630d2d99e55e8bfe501287647b4fd9743de?s=96&d=mm&r=g","url":"https:\/\/secure.gravatar.com\/avatar\/31a1a7b66ff2de83bd0e9fd79d026630d2d99e55e8bfe501287647b4fd9743de?s=96&d=mm&r=g","contentUrl":"https:\/\/secure.gravatar.com\/avatar\/31a1a7b66ff2de83bd0e9fd79d026630d2d99e55e8bfe501287647b4fd9743de?s=96&d=mm&r=g","caption":"Gonzalo Schmidt"},"description":"Sitio web de noticias de la provincia de Entre R\u00edos, Argentina. Informaci\u00f3n y entretenimiento. Informe Litoral, nos informamos.","sameAs":["http:\/\/www.isletasnoticias.com.ar"],"url":"https:\/\/informelitoral.com.ar\/author\/gonzalo\/"}]}},"_links":{"self":[{"href":"https:\/\/informelitoral.com.ar\/%77%70%2d%6a%73%6f%6e\/wp\/v2\/posts\/163006","targetHints":{"allow":["GET"]}}],"collection":[{"href":"https:\/\/informelitoral.com.ar\/%77%70%2d%6a%73%6f%6e\/wp\/v2\/posts"}],"about":[{"href":"https:\/\/informelitoral.com.ar\/%77%70%2d%6a%73%6f%6e\/wp\/v2\/types\/post"}],"author":[{"embeddable":true,"href":"https:\/\/informelitoral.com.ar\/%77%70%2d%6a%73%6f%6e\/wp\/v2\/users\/2"}],"replies":[{"embeddable":true,"href":"https:\/\/informelitoral.com.ar\/%77%70%2d%6a%73%6f%6e\/wp\/v2\/comments?post=163006"}],"version-history":[{"count":0,"href":"https:\/\/informelitoral.com.ar\/%77%70%2d%6a%73%6f%6e\/wp\/v2\/posts\/163006\/revisions"}],"wp:featuredmedia":[{"embeddable":true,"href":"https:\/\/informelitoral.com.ar\/%77%70%2d%6a%73%6f%6e\/wp\/v2\/media\/163010"}],"wp:attachment":[{"href":"https:\/\/informelitoral.com.ar\/%77%70%2d%6a%73%6f%6e\/wp\/v2\/media?parent=163006"}],"wp:term":[{"taxonomy":"category","embeddable":true,"href":"https:\/\/informelitoral.com.ar\/%77%70%2d%6a%73%6f%6e\/wp\/v2\/categories?post=163006"},{"taxonomy":"post_tag","embeddable":true,"href":"https:\/\/informelitoral.com.ar\/%77%70%2d%6a%73%6f%6e\/wp\/v2\/tags?post=163006"}],"curies":[{"name":"wp","href":"https:\/\/api.w.org\/{rel}","templated":true}]}}