{"id":162903,"date":"2023-08-23T10:13:28","date_gmt":"2023-08-23T13:13:28","guid":{"rendered":"https:\/\/www.informelitoral.com.ar\/?p=162903"},"modified":"2023-08-23T10:13:28","modified_gmt":"2023-08-23T13:13:28","slug":"transportistas-de-carga-iniciaron-un-paro-y-podria-generar-desabastecimiento-de-productos-esenciales","status":"publish","type":"post","link":"https:\/\/informelitoral.com.ar\/transportistas-de-carga-iniciaron-un-paro-y-podria-generar-desabastecimiento-de-productos-esenciales\/","title":{"rendered":"Transportistas de carga iniciaron un paro y podr\u00eda generar desabastecimiento de productos esenciales"},"content":{"rendered":"<div class=\"itemFullText\">\n<p>Los\u00a0<strong>transportistas de cargas autoconvocados<\/strong>, que nuclean al traslado de cereales, carne y l\u00e1cteos, iniciaron un\u00a0<strong>paro por tiempo indeterminado<\/strong>, que podr\u00eda generar\u00a0<strong>desabastecimiento de mercader\u00edas<\/strong>\u00a0en los pr\u00f3ximos d\u00edas, en los principales centros de distribuci\u00f3n y comercio minorista.<\/p>\n<p>El sector de autoconvocados, que fundamentalmente abarca a conductores del sur bonaerense y algunas provincias, lanz\u00f3 la medida de fuerza argumentando que\u00a0<strong>la inflaci\u00f3n y la devaluaci\u00f3n<\/strong>, gener\u00f3 un alza de costos y que\u00a0<strong>las tarifas actuales hacen inviable la actividad.<\/strong><\/p>\n<p>El due\u00f1o de transportes de carga Daniel Rambaud, del sector en conflicto se\u00f1al\u00f3 que\u00a0<strong>\u00abno podemos seguir trabajando de esta manera, se lo venimos diciendo hace mucho tiempo y el Gobierno hizo o\u00eddos sordos\u00bb.<\/strong><\/p>\n<p>Los transportistas afirman que se debe especialmente a la\u00a0<strong>suba en el precio de los combustibles<\/strong>, y que las tarifas actuales, perjudican la rentabilidad del sector.<\/p>\n<p>La\u00a0<strong>Federaci\u00f3n Argentina de Entidades Empresarias del Autotransporte de Cargas<\/strong>\u00a0(FADEEAC) alert\u00f3 sobre la eventual paralizaci\u00f3n de la actividad a ra\u00edz de los continuos\u00a0<strong>aumentos de costos<\/strong>\u00a0y la\u00a0<strong>falta de previsibilidad<\/strong>\u00a0en la operatoria.<\/p>\n<p>La FADEEAC, aclar\u00f3 que no acompa\u00f1ar\u00e1 el paro que organizaron los autoconvocados pero advirti\u00f3 que \u00abs\u00f3lo en lo que va de agosto,\u00a0<strong>mover un cami\u00f3n en la Argentina fue 17,04% m\u00e1s caro<\/strong>\u00ab, explic\u00f3 el presidente de FADEEAC, Roberto Guarnieri.<\/p>\n<p>En este per\u00edodo, 9 de los 11 rubros que forman parte del \u00edndice que elabora la c\u00e1mara sufrieron aumentos derivados de la depreciaci\u00f3n del tipo de cambio oficial.<\/p>\n<p>Guarnieri agreg\u00f3 que \u00aben los \u00faltimos d\u00edas hemos padecido una escalada en los costos del transporte de carga al punto que nos vimos obligados, por primera vez, a publicar un nuevo \u00cdndice de costos a poco m\u00e1s de una semana de haber dado a conocer el de julio\u00bb.<\/p>\n<p>La c\u00e1mara empresaria se\u00f1alo que en agosto se destaca el\u00a0<strong>aumento de los combustibles<\/strong>\u00a0del 17,9% y destac\u00f3 que \u00absi se tiene en cuenta lo que ha ocurrido con el precio del combustible a granel y mayorista esa cifra trepa al 35%\u00bb.\u00a0La\u00a0<strong>suba en lubricantes<\/strong>, por su parte, se encuentra en l\u00ednea con esos mayores incrementos (27,5%)\u00bb, describieron desde la c\u00e1mara.<\/p>\n<p>Adem\u00e1s, FADEEAC se\u00f1al\u00f3 que\u00a0<strong>los insumos para el mantenimiento de la flota de camiones aumentaron entre el 23 y 25%.<\/strong><\/p>\n<p>\u00abLa alta inflaci\u00f3n, la fuerte presi\u00f3n tributaria, la falta de insumos, las altas tasas de inter\u00e9s y la volatilidad en el tipo de cambio\u00a0<strong>ponen en riesgo la continuidad en el negocio<\/strong>\u00a0de las mayor\u00edas de las 4.500 pymes que forman parte de FADEEAC\u00bb, agreg\u00f3 Guarnieri.<\/p>\n<p>La\u00a0<strong>Primera Asociaci\u00f3n Empresarios Transporte Automotor de Cargas<\/strong>\u00a0(PAETAC) tambi\u00e9n expres\u00f3 su \u00abpreocupaci\u00f3n\u00bb por el actual escenario econ\u00f3mico.<\/p>\n<p>\u00abLa reciente devaluaci\u00f3n provoca falta de referencia en los precios y una agudizaci\u00f3n en la falta de insumos necesarios para nuestra actividad\u00bb, advirti\u00f3 en un comunicado.<\/p>\n<p>La PAETAC remarc\u00f3 que\u00a0<strong>se registra \u00abuna marcada paralizaci\u00f3n\u00bb del pedido de fletes<\/strong>, por parte de las empresas productoras y distribuidoras de bienes en general\u00bb.<\/p>\n<p>\u00abEs un escenario de incertidumbre que ha frenado las ventas. Lo que m\u00e1s preocupa es la suspensi\u00f3n de fletes que transportan alimentos\u00bb, se\u00f1al\u00f3 la entidad.<\/p>\n<p>Asimismo, indic\u00f3 que \u00ablas empresas de transporte convivimos hace tiempo con inconvenientes graves que provocan\u00a0<strong>serias complicaciones<\/strong>\u00a0en el normal y habitual desempe\u00f1o de nuestra actividad\u00bb.<\/p>\n<\/div>\n<div id=\"publi-584\" class=\"publi  C7\" data-publicidad=\"584\" data-nombre=\"Adsense medio\" data-tipo=\"html\"><\/div>\n","protected":false},"excerpt":{"rendered":"<p>Seg\u00fan las empresas, la medida de fuerza obedece al aumento de costos debido a la inflaci\u00f3n y la devaluaci\u00f3n.<\/p>\n","protected":false},"author":8,"featured_media":162896,"comment_status":"open","ping_status":"open","sticky":false,"template":"","format":"standard","meta":{"fifu_image_url":"","fifu_image_alt":"","footnotes":""},"categories":[1594],"tags":[2501,2850],"class_list":{"0":"post-162903","1":"post","2":"type-post","3":"status-publish","4":"format-standard","5":"has-post-thumbnail","7":"category-economia","8":"tag-desabastecimiento","9":"tag-productos"},"yoast_head":"<title>Transportistas de carga iniciaron un paro y podr\u00eda generar desabastecimiento de productos esenciales - Informe Litoral<\/title>\n<meta name=\"robots\" content=\"index, follow, max-snippet:-1, max-image-preview:large, max-video-preview:-1\" \/>\n<link rel=\"canonical\" href=\"https:\/\/informelitoral.com.ar\/transportistas-de-carga-iniciaron-un-paro-y-podria-generar-desabastecimiento-de-productos-esenciales\/\" \/>\n<meta property=\"og:locale\" content=\"es_ES\" \/>\n<meta property=\"og:type\" content=\"article\" \/>\n<meta property=\"og:title\" content=\"Transportistas de carga iniciaron un paro y podr\u00eda generar desabastecimiento de productos esenciales - Informe Litoral\" \/>\n<meta property=\"og:description\" content=\"Seg\u00fan las empresas, la medida de fuerza obedece al aumento de costos debido a la inflaci\u00f3n y la devaluaci\u00f3n.\" \/>\n<meta property=\"og:url\" content=\"https:\/\/informelitoral.com.ar\/transportistas-de-carga-iniciaron-un-paro-y-podria-generar-desabastecimiento-de-productos-esenciales\/\" \/>\n<meta property=\"og:site_name\" content=\"Informe Litoral\" \/>\n<meta property=\"article:publisher\" content=\"https:\/\/www.facebook.com\/informelitoral\/\" \/>\n<meta property=\"article:published_time\" content=\"2023-08-23T13:13:28+00:00\" \/>\n<meta property=\"og:image\" content=\"https:\/\/informelitoral.com.ar\/%77%70%2d%63%6f%6e%74%65%6e%74\/uploads\/2023\/08\/d8463060-ba28-480a-8798-450500ded430_16-9-discover-aspect-ratio_default_0.jpg\" \/>\n\t<meta property=\"og:image:width\" content=\"1200\" \/>\n\t<meta property=\"og:image:height\" content=\"675\" \/>\n\t<meta property=\"og:image:type\" content=\"image\/jpeg\" \/>\n<meta name=\"author\" content=\"Sebastian\" \/>\n<meta name=\"twitter:card\" content=\"summary_large_image\" \/>\n<meta name=\"twitter:creator\" content=\"@InformeLitoral\" \/>\n<meta name=\"twitter:site\" content=\"@InformeLitoral\" \/>\n<meta name=\"twitter:label1\" content=\"Escrito por\" \/>\n\t<meta name=\"twitter:data1\" content=\"Sebastian\" \/>\n\t<meta name=\"twitter:label2\" content=\"Tiempo de lectura\" \/>\n\t<meta name=\"twitter:data2\" content=\"3 minutos\" \/>\n<script type=\"application\/ld+json\" class=\"yoast-schema-graph\">{\"@context\":\"https:\\\/\\\/schema.org\",\"@graph\":[{\"@type\":\"Article\",\"@id\":\"https:\\\/\\\/informelitoral.com.ar\\\/transportistas-de-carga-iniciaron-un-paro-y-podria-generar-desabastecimiento-de-productos-esenciales\\\/#article\",\"isPartOf\":{\"@id\":\"https:\\\/\\\/informelitoral.com.ar\\\/transportistas-de-carga-iniciaron-un-paro-y-podria-generar-desabastecimiento-de-productos-esenciales\\\/\"},\"author\":{\"name\":\"Sebastian\",\"@id\":\"https:\\\/\\\/informelitoral.com.ar\\\/#\\\/schema\\\/person\\\/f05f9f461677119578717524b127d6d5\"},\"headline\":\"Transportistas de carga iniciaron un paro y podr\u00eda generar desabastecimiento de productos esenciales\",\"datePublished\":\"2023-08-23T13:13:28+00:00\",\"mainEntityOfPage\":{\"@id\":\"https:\\\/\\\/informelitoral.com.ar\\\/transportistas-de-carga-iniciaron-un-paro-y-podria-generar-desabastecimiento-de-productos-esenciales\\\/\"},\"wordCount\":587,\"commentCount\":0,\"publisher\":{\"@id\":\"https:\\\/\\\/informelitoral.com.ar\\\/#organization\"},\"image\":{\"@id\":\"https:\\\/\\\/informelitoral.com.ar\\\/transportistas-de-carga-iniciaron-un-paro-y-podria-generar-desabastecimiento-de-productos-esenciales\\\/#primaryimage\"},\"thumbnailUrl\":\"https:\\\/\\\/informelitoral.com.ar\\\/%77%70%2d%63%6f%6e%74%65%6e%74\\\/uploads\\\/2023\\\/08\\\/d8463060-ba28-480a-8798-450500ded430_16-9-discover-aspect-ratio_default_0.jpg\",\"keywords\":[\"Desabastecimiento\",\"Productos\"],\"articleSection\":[\"Econom\u00eda\"],\"inLanguage\":\"es\",\"potentialAction\":[{\"@type\":\"CommentAction\",\"name\":\"Comment\",\"target\":[\"https:\\\/\\\/informelitoral.com.ar\\\/transportistas-de-carga-iniciaron-un-paro-y-podria-generar-desabastecimiento-de-productos-esenciales\\\/#respond\"]}]},{\"@type\":\"WebPage\",\"@id\":\"https:\\\/\\\/informelitoral.com.ar\\\/transportistas-de-carga-iniciaron-un-paro-y-podria-generar-desabastecimiento-de-productos-esenciales\\\/\",\"url\":\"https:\\\/\\\/informelitoral.com.ar\\\/transportistas-de-carga-iniciaron-un-paro-y-podria-generar-desabastecimiento-de-productos-esenciales\\\/\",\"name\":\"Transportistas de carga iniciaron un paro y podr\u00eda generar desabastecimiento de productos esenciales - Informe Litoral\",\"isPartOf\":{\"@id\":\"https:\\\/\\\/informelitoral.com.ar\\\/#website\"},\"primaryImageOfPage\":{\"@id\":\"https:\\\/\\\/informelitoral.com.ar\\\/transportistas-de-carga-iniciaron-un-paro-y-podria-generar-desabastecimiento-de-productos-esenciales\\\/#primaryimage\"},\"image\":{\"@id\":\"https:\\\/\\\/informelitoral.com.ar\\\/transportistas-de-carga-iniciaron-un-paro-y-podria-generar-desabastecimiento-de-productos-esenciales\\\/#primaryimage\"},\"thumbnailUrl\":\"https:\\\/\\\/informelitoral.com.ar\\\/%77%70%2d%63%6f%6e%74%65%6e%74\\\/uploads\\\/2023\\\/08\\\/d8463060-ba28-480a-8798-450500ded430_16-9-discover-aspect-ratio_default_0.jpg\",\"datePublished\":\"2023-08-23T13:13:28+00:00\",\"breadcrumb\":{\"@id\":\"https:\\\/\\\/informelitoral.com.ar\\\/transportistas-de-carga-iniciaron-un-paro-y-podria-generar-desabastecimiento-de-productos-esenciales\\\/#breadcrumb\"},\"inLanguage\":\"es\",\"potentialAction\":[{\"@type\":\"ReadAction\",\"target\":[\"https:\\\/\\\/informelitoral.com.ar\\\/transportistas-de-carga-iniciaron-un-paro-y-podria-generar-desabastecimiento-de-productos-esenciales\\\/\"]}]},{\"@type\":\"ImageObject\",\"inLanguage\":\"es\",\"@id\":\"https:\\\/\\\/informelitoral.com.ar\\\/transportistas-de-carga-iniciaron-un-paro-y-podria-generar-desabastecimiento-de-productos-esenciales\\\/#primaryimage\",\"url\":\"https:\\\/\\\/informelitoral.com.ar\\\/%77%70%2d%63%6f%6e%74%65%6e%74\\\/uploads\\\/2023\\\/08\\\/d8463060-ba28-480a-8798-450500ded430_16-9-discover-aspect-ratio_default_0.jpg\",\"contentUrl\":\"https:\\\/\\\/informelitoral.com.ar\\\/%77%70%2d%63%6f%6e%74%65%6e%74\\\/uploads\\\/2023\\\/08\\\/d8463060-ba28-480a-8798-450500ded430_16-9-discover-aspect-ratio_default_0.jpg\",\"width\":1200,\"height\":675},{\"@type\":\"BreadcrumbList\",\"@id\":\"https:\\\/\\\/informelitoral.com.ar\\\/transportistas-de-carga-iniciaron-un-paro-y-podria-generar-desabastecimiento-de-productos-esenciales\\\/#breadcrumb\",\"itemListElement\":[{\"@type\":\"ListItem\",\"position\":1,\"name\":\"Portada\",\"item\":\"https:\\\/\\\/informelitoral.com.ar\\\/\"},{\"@type\":\"ListItem\",\"position\":2,\"name\":\"Transportistas de carga iniciaron un paro y podr\u00eda generar desabastecimiento de productos esenciales\"}]},{\"@type\":\"WebSite\",\"@id\":\"https:\\\/\\\/informelitoral.com.ar\\\/#website\",\"url\":\"https:\\\/\\\/informelitoral.com.ar\\\/\",\"name\":\"Informe Litoral\",\"description\":\"&quot;Nos informamos&quot; \",\"publisher\":{\"@id\":\"https:\\\/\\\/informelitoral.com.ar\\\/#organization\"},\"potentialAction\":[{\"@type\":\"SearchAction\",\"target\":{\"@type\":\"EntryPoint\",\"urlTemplate\":\"https:\\\/\\\/informelitoral.com.ar\\\/?s={search_term_string}\"},\"query-input\":{\"@type\":\"PropertyValueSpecification\",\"valueRequired\":true,\"valueName\":\"search_term_string\"}}],\"inLanguage\":\"es\"},{\"@type\":\"Organization\",\"@id\":\"https:\\\/\\\/informelitoral.com.ar\\\/#organization\",\"name\":\"Informe Litoral\",\"url\":\"https:\\\/\\\/informelitoral.com.ar\\\/\",\"logo\":{\"@type\":\"ImageObject\",\"inLanguage\":\"es\",\"@id\":\"https:\\\/\\\/informelitoral.com.ar\\\/#\\\/schema\\\/logo\\\/image\\\/\",\"url\":\"https:\\\/\\\/informelitoral.com.ar\\\/%77%70%2d%63%6f%6e%74%65%6e%74\\\/uploads\\\/2021\\\/01\\\/circulo.png\",\"contentUrl\":\"https:\\\/\\\/informelitoral.com.ar\\\/%77%70%2d%63%6f%6e%74%65%6e%74\\\/uploads\\\/2021\\\/01\\\/circulo.png\",\"width\":723,\"height\":731,\"caption\":\"Informe Litoral\"},\"image\":{\"@id\":\"https:\\\/\\\/informelitoral.com.ar\\\/#\\\/schema\\\/logo\\\/image\\\/\"},\"sameAs\":[\"https:\\\/\\\/www.facebook.com\\\/informelitoral\\\/\",\"https:\\\/\\\/x.com\\\/InformeLitoral\",\"https:\\\/\\\/www.instagram.com\\\/informelitoral\\\/\",\"https:\\\/\\\/www.youtube.com\\\/channel\\\/UCua4Qvz8Icb6MYqhoq9xLXw\"]},{\"@type\":\"Person\",\"@id\":\"https:\\\/\\\/informelitoral.com.ar\\\/#\\\/schema\\\/person\\\/f05f9f461677119578717524b127d6d5\",\"name\":\"Sebastian\",\"image\":{\"@type\":\"ImageObject\",\"inLanguage\":\"es\",\"@id\":\"https:\\\/\\\/secure.gravatar.com\\\/avatar\\\/b71bf7481d447dfb9583c7f2798e7cc64de6efb9067b74633ed8c31059a3bd82?s=96&d=mm&r=g\",\"url\":\"https:\\\/\\\/secure.gravatar.com\\\/avatar\\\/b71bf7481d447dfb9583c7f2798e7cc64de6efb9067b74633ed8c31059a3bd82?s=96&d=mm&r=g\",\"contentUrl\":\"https:\\\/\\\/secure.gravatar.com\\\/avatar\\\/b71bf7481d447dfb9583c7f2798e7cc64de6efb9067b74633ed8c31059a3bd82?s=96&d=mm&r=g\",\"caption\":\"Sebastian\"},\"url\":\"https:\\\/\\\/informelitoral.com.ar\\\/author\\\/sebastian\\\/\"}]}<\/script>","yoast_head_json":{"title":"Transportistas de carga iniciaron un paro y podr\u00eda generar desabastecimiento de productos esenciales - Informe Litoral","robots":{"index":"index","follow":"follow","max-snippet":"max-snippet:-1","max-image-preview":"max-image-preview:large","max-video-preview":"max-video-preview:-1"},"canonical":"https:\/\/informelitoral.com.ar\/transportistas-de-carga-iniciaron-un-paro-y-podria-generar-desabastecimiento-de-productos-esenciales\/","og_locale":"es_ES","og_type":"article","og_title":"Transportistas de carga iniciaron un paro y podr\u00eda generar desabastecimiento de productos esenciales - Informe Litoral","og_description":"Seg\u00fan las empresas, la medida de fuerza obedece al aumento de costos debido a la inflaci\u00f3n y la devaluaci\u00f3n.","og_url":"https:\/\/informelitoral.com.ar\/transportistas-de-carga-iniciaron-un-paro-y-podria-generar-desabastecimiento-de-productos-esenciales\/","og_site_name":"Informe Litoral","article_publisher":"https:\/\/www.facebook.com\/informelitoral\/","article_published_time":"2023-08-23T13:13:28+00:00","og_image":[{"width":1200,"height":675,"url":"https:\/\/informelitoral.com.ar\/%77%70%2d%63%6f%6e%74%65%6e%74\/uploads\/2023\/08\/d8463060-ba28-480a-8798-450500ded430_16-9-discover-aspect-ratio_default_0.jpg","type":"image\/jpeg"}],"author":"Sebastian","twitter_card":"summary_large_image","twitter_creator":"@InformeLitoral","twitter_site":"@InformeLitoral","twitter_misc":{"Escrito por":"Sebastian","Tiempo de lectura":"3 minutos"},"schema":{"@context":"https:\/\/schema.org","@graph":[{"@type":"Article","@id":"https:\/\/informelitoral.com.ar\/transportistas-de-carga-iniciaron-un-paro-y-podria-generar-desabastecimiento-de-productos-esenciales\/#article","isPartOf":{"@id":"https:\/\/informelitoral.com.ar\/transportistas-de-carga-iniciaron-un-paro-y-podria-generar-desabastecimiento-de-productos-esenciales\/"},"author":{"name":"Sebastian","@id":"https:\/\/informelitoral.com.ar\/#\/schema\/person\/f05f9f461677119578717524b127d6d5"},"headline":"Transportistas de carga iniciaron un paro y podr\u00eda generar desabastecimiento de productos esenciales","datePublished":"2023-08-23T13:13:28+00:00","mainEntityOfPage":{"@id":"https:\/\/informelitoral.com.ar\/transportistas-de-carga-iniciaron-un-paro-y-podria-generar-desabastecimiento-de-productos-esenciales\/"},"wordCount":587,"commentCount":0,"publisher":{"@id":"https:\/\/informelitoral.com.ar\/#organization"},"image":{"@id":"https:\/\/informelitoral.com.ar\/transportistas-de-carga-iniciaron-un-paro-y-podria-generar-desabastecimiento-de-productos-esenciales\/#primaryimage"},"thumbnailUrl":"https:\/\/informelitoral.com.ar\/%77%70%2d%63%6f%6e%74%65%6e%74\/uploads\/2023\/08\/d8463060-ba28-480a-8798-450500ded430_16-9-discover-aspect-ratio_default_0.jpg","keywords":["Desabastecimiento","Productos"],"articleSection":["Econom\u00eda"],"inLanguage":"es","potentialAction":[{"@type":"CommentAction","name":"Comment","target":["https:\/\/informelitoral.com.ar\/transportistas-de-carga-iniciaron-un-paro-y-podria-generar-desabastecimiento-de-productos-esenciales\/#respond"]}]},{"@type":"WebPage","@id":"https:\/\/informelitoral.com.ar\/transportistas-de-carga-iniciaron-un-paro-y-podria-generar-desabastecimiento-de-productos-esenciales\/","url":"https:\/\/informelitoral.com.ar\/transportistas-de-carga-iniciaron-un-paro-y-podria-generar-desabastecimiento-de-productos-esenciales\/","name":"Transportistas de carga iniciaron un paro y podr\u00eda generar desabastecimiento de productos esenciales - Informe Litoral","isPartOf":{"@id":"https:\/\/informelitoral.com.ar\/#website"},"primaryImageOfPage":{"@id":"https:\/\/informelitoral.com.ar\/transportistas-de-carga-iniciaron-un-paro-y-podria-generar-desabastecimiento-de-productos-esenciales\/#primaryimage"},"image":{"@id":"https:\/\/informelitoral.com.ar\/transportistas-de-carga-iniciaron-un-paro-y-podria-generar-desabastecimiento-de-productos-esenciales\/#primaryimage"},"thumbnailUrl":"https:\/\/informelitoral.com.ar\/%77%70%2d%63%6f%6e%74%65%6e%74\/uploads\/2023\/08\/d8463060-ba28-480a-8798-450500ded430_16-9-discover-aspect-ratio_default_0.jpg","datePublished":"2023-08-23T13:13:28+00:00","breadcrumb":{"@id":"https:\/\/informelitoral.com.ar\/transportistas-de-carga-iniciaron-un-paro-y-podria-generar-desabastecimiento-de-productos-esenciales\/#breadcrumb"},"inLanguage":"es","potentialAction":[{"@type":"ReadAction","target":["https:\/\/informelitoral.com.ar\/transportistas-de-carga-iniciaron-un-paro-y-podria-generar-desabastecimiento-de-productos-esenciales\/"]}]},{"@type":"ImageObject","inLanguage":"es","@id":"https:\/\/informelitoral.com.ar\/transportistas-de-carga-iniciaron-un-paro-y-podria-generar-desabastecimiento-de-productos-esenciales\/#primaryimage","url":"https:\/\/informelitoral.com.ar\/%77%70%2d%63%6f%6e%74%65%6e%74\/uploads\/2023\/08\/d8463060-ba28-480a-8798-450500ded430_16-9-discover-aspect-ratio_default_0.jpg","contentUrl":"https:\/\/informelitoral.com.ar\/%77%70%2d%63%6f%6e%74%65%6e%74\/uploads\/2023\/08\/d8463060-ba28-480a-8798-450500ded430_16-9-discover-aspect-ratio_default_0.jpg","width":1200,"height":675},{"@type":"BreadcrumbList","@id":"https:\/\/informelitoral.com.ar\/transportistas-de-carga-iniciaron-un-paro-y-podria-generar-desabastecimiento-de-productos-esenciales\/#breadcrumb","itemListElement":[{"@type":"ListItem","position":1,"name":"Portada","item":"https:\/\/informelitoral.com.ar\/"},{"@type":"ListItem","position":2,"name":"Transportistas de carga iniciaron un paro y podr\u00eda generar desabastecimiento de productos esenciales"}]},{"@type":"WebSite","@id":"https:\/\/informelitoral.com.ar\/#website","url":"https:\/\/informelitoral.com.ar\/","name":"Informe Litoral","description":"&quot;Nos informamos&quot; ","publisher":{"@id":"https:\/\/informelitoral.com.ar\/#organization"},"potentialAction":[{"@type":"SearchAction","target":{"@type":"EntryPoint","urlTemplate":"https:\/\/informelitoral.com.ar\/?s={search_term_string}"},"query-input":{"@type":"PropertyValueSpecification","valueRequired":true,"valueName":"search_term_string"}}],"inLanguage":"es"},{"@type":"Organization","@id":"https:\/\/informelitoral.com.ar\/#organization","name":"Informe Litoral","url":"https:\/\/informelitoral.com.ar\/","logo":{"@type":"ImageObject","inLanguage":"es","@id":"https:\/\/informelitoral.com.ar\/#\/schema\/logo\/image\/","url":"https:\/\/informelitoral.com.ar\/%77%70%2d%63%6f%6e%74%65%6e%74\/uploads\/2021\/01\/circulo.png","contentUrl":"https:\/\/informelitoral.com.ar\/%77%70%2d%63%6f%6e%74%65%6e%74\/uploads\/2021\/01\/circulo.png","width":723,"height":731,"caption":"Informe Litoral"},"image":{"@id":"https:\/\/informelitoral.com.ar\/#\/schema\/logo\/image\/"},"sameAs":["https:\/\/www.facebook.com\/informelitoral\/","https:\/\/x.com\/InformeLitoral","https:\/\/www.instagram.com\/informelitoral\/","https:\/\/www.youtube.com\/channel\/UCua4Qvz8Icb6MYqhoq9xLXw"]},{"@type":"Person","@id":"https:\/\/informelitoral.com.ar\/#\/schema\/person\/f05f9f461677119578717524b127d6d5","name":"Sebastian","image":{"@type":"ImageObject","inLanguage":"es","@id":"https:\/\/secure.gravatar.com\/avatar\/b71bf7481d447dfb9583c7f2798e7cc64de6efb9067b74633ed8c31059a3bd82?s=96&d=mm&r=g","url":"https:\/\/secure.gravatar.com\/avatar\/b71bf7481d447dfb9583c7f2798e7cc64de6efb9067b74633ed8c31059a3bd82?s=96&d=mm&r=g","contentUrl":"https:\/\/secure.gravatar.com\/avatar\/b71bf7481d447dfb9583c7f2798e7cc64de6efb9067b74633ed8c31059a3bd82?s=96&d=mm&r=g","caption":"Sebastian"},"url":"https:\/\/informelitoral.com.ar\/author\/sebastian\/"}]}},"_links":{"self":[{"href":"https:\/\/informelitoral.com.ar\/%77%70%2d%6a%73%6f%6e\/wp\/v2\/posts\/162903","targetHints":{"allow":["GET"]}}],"collection":[{"href":"https:\/\/informelitoral.com.ar\/%77%70%2d%6a%73%6f%6e\/wp\/v2\/posts"}],"about":[{"href":"https:\/\/informelitoral.com.ar\/%77%70%2d%6a%73%6f%6e\/wp\/v2\/types\/post"}],"author":[{"embeddable":true,"href":"https:\/\/informelitoral.com.ar\/%77%70%2d%6a%73%6f%6e\/wp\/v2\/users\/8"}],"replies":[{"embeddable":true,"href":"https:\/\/informelitoral.com.ar\/%77%70%2d%6a%73%6f%6e\/wp\/v2\/comments?post=162903"}],"version-history":[{"count":0,"href":"https:\/\/informelitoral.com.ar\/%77%70%2d%6a%73%6f%6e\/wp\/v2\/posts\/162903\/revisions"}],"wp:featuredmedia":[{"embeddable":true,"href":"https:\/\/informelitoral.com.ar\/%77%70%2d%6a%73%6f%6e\/wp\/v2\/media\/162896"}],"wp:attachment":[{"href":"https:\/\/informelitoral.com.ar\/%77%70%2d%6a%73%6f%6e\/wp\/v2\/media?parent=162903"}],"wp:term":[{"taxonomy":"category","embeddable":true,"href":"https:\/\/informelitoral.com.ar\/%77%70%2d%6a%73%6f%6e\/wp\/v2\/categories?post=162903"},{"taxonomy":"post_tag","embeddable":true,"href":"https:\/\/informelitoral.com.ar\/%77%70%2d%6a%73%6f%6e\/wp\/v2\/tags?post=162903"}],"curies":[{"name":"wp","href":"https:\/\/api.w.org\/{rel}","templated":true}]}}