{"id":16282,"date":"2016-05-27T08:05:53","date_gmt":"2016-05-27T11:05:53","guid":{"rendered":"http:\/\/www.isletasnoticias.com.ar\/?p=16282"},"modified":"2016-05-27T08:05:53","modified_gmt":"2016-05-27T11:05:53","slug":"bordet-ratifico-que-no-habra-cesantias-ni-despidos-en-el-estado-entrerriano","status":"publish","type":"post","link":"https:\/\/informelitoral.com.ar\/bordet-ratifico-que-no-habra-cesantias-ni-despidos-en-el-estado-entrerriano\/","title":{"rendered":"Bordet ratific\u00f3 que no habr\u00e1 cesant\u00edas ni despidos en el Estado entrerriano"},"content":{"rendered":"<p><strong>El mandatario provincial ratific\u00f3 que no habr\u00e1 despidos injustificados e insisti\u00f3 en una mesa de entendimiento para debatir la recomposici\u00f3n salarial y encontrar \u201cpuntos de equilibrio\u201d.<a href=\"http:\/\/www.isletasnoticias.com.ar\/%77%70%2d%63%6f%6e%74%65%6e%74\/uploads\/2016\/05\/b_1464291737.jpg\"><img loading=\"lazy\" decoding=\"async\" class=\"aligncenter wp-image-16283 size-full\" src=\"http:\/\/www.isletasnoticias.com.ar\/%77%70%2d%63%6f%6e%74%65%6e%74\/uploads\/2016\/05\/b_1464291737.jpg\" alt=\"b_1464291737\" width=\"492\" height=\"329\" srcset=\"https:\/\/informelitoral.com.ar\/%77%70%2d%63%6f%6e%74%65%6e%74\/uploads\/2016\/05\/b_1464291737.jpg 492w, https:\/\/informelitoral.com.ar\/%77%70%2d%63%6f%6e%74%65%6e%74\/uploads\/2016\/05\/b_1464291737-300x201.jpg 300w\" sizes=\"auto, (max-width: 492px) 100vw, 492px\" \/><\/a><\/strong><\/p>\n<p>\u201cNo somos los patrones de nadie, a nosotros nos eligi\u00f3 la gente para que administremos el Estado y para que lo hagamos junto con los trabajadores, y eso implica ese rol de asumir que detr\u00e1s de cada empleado hay una familia\u201d, afirm\u00f3 el gobernador<strong><em> Gustavo Bordet <\/em><\/strong>en la sede de UPCN junto al secretario General del gremio, <strong>Jos\u00e9 Allende.<\/strong><\/p>\n<p>Bordet particip\u00f3 este jueves de la presentaci\u00f3n del Plan Integral de Formaci\u00f3n para personal de hospitales y centro de salud que se realiz\u00f3 en la sede de la Uni\u00f3n del Personal Civil de la Naci\u00f3n (UPCN), seccional Entre R\u00edos. Acompa\u00f1ado por su gabinete de ministros, el mandatario firm\u00f3 con Allende una carta intenci\u00f3n mediante la cual se comprometen a brindar cooperaci\u00f3n interinstitucional para promover acciones de planificaci\u00f3n, dise\u00f1o y ejecuci\u00f3n de actividades que favorezcan la capacitaci\u00f3n de recursos humanos.<\/p>\n<p>\u201cCuando hablamos de trabajador no se habla de una persona, se habla de una familia que depende de quien sustenta ese n\u00facleo\u201d, expres\u00f3. Y agreg\u00f3: \u201cPor eso la responsabilidad que nos toca siendo gobierno es doble. Nosotros no tenemos una relaci\u00f3n obrero patronal como marca la Ley de Contrato de Trabajo, justamente por eso el trabajo p\u00fablico tiene un r\u00e9gimen espec\u00edfico. Nosotros no somos los patrones de nadie, a nosotros nos eligi\u00f3 la gente para que administremos el Estado, la cosa p\u00fablica y para que lo hagamos junto con los trabajadores, y hacerlo junto con los trabajadores nos implica ese rol de asumir que detr\u00e1s de cada empleado hay una familia que es la que subsiste de ese trabajo\u201d.<\/p>\n<p>En ese sentido, Bordet afirm\u00f3: \u201cCuando tenemos que tomar decisiones en materia de pol\u00edtica administrativa del Estado jam\u00e1s tomaremos una decisi\u00f3n que implique despido o cesant\u00eda de trabajadores injustificadas, porque tenemos muy tristes experiencias en esta provincia con la Ley 8706 y la 9235\u201d.<\/p>\n<p>Adem\u00e1s, el gobernador les dijo a los miembros de UPCN presentes: \u201cCuenten con todo el apoyo para avanzar en capacitaciones en materia social. Me refiero al desarrollo que el gremio genera en otro tipo de actividades que hacen al esparcimiento y la recreaci\u00f3n porque esto tambi\u00e9n es importante para la calidad de vida de quien trabaja. Y transmitirles tambi\u00e9n que cuando nos sentamos a discutir en paritarias con las organizaciones gremiales lo hacemos no para escamotearlo, para sacarle un punto m\u00e1s de porcentual al gremio, porque sabemos que es necesaria la recomposici\u00f3n salarial y se trata de encontrar punto de equilibrio entre lo que podemos dar y el trabajador realmente se merece. M\u00e1s all\u00e1 de la puja salarial debe haber una mesa de entendimiento donde m\u00e1s temprano que tarde siempre encontremos las soluciones. Esa vocaci\u00f3n la vamos a sostener y mantener siempre, de encontrar los puntos de equilibrio entre los intereses para que sean compatibles\u201d.<\/p>\n<p>Finalmente expres\u00f3: \u201cEs mucho el camino que tenemos por delante para transitar, pero llevamos la firme vocaci\u00f3n de hacerlo en conjunto. Porque solo as\u00ed podremos lograr los objetivos que nos proponemos gremio, Estado, gobierno y es mejorar la calidad de vida de los entrerrianos y de nuestros trabajadores del Estado\u201d.<\/p>\n<p><strong>Gobierno de puertas abiertas<\/strong><\/p>\n<p>Por su parte, el secretario General de UPCN, Jos\u00e9 Allende expres\u00f3: \u201cHoy nos encontramos en esta etapa donde queremos superarnos. Seguimos apostando a la capacitaci\u00f3n y nada mejor que hacerlo de la mano de cada uno de los que conducen los distintos organismos\u201d.<\/p>\n<p>Y agreg\u00f3: \u201cY si tenemos una relaci\u00f3n como la que este gobierno tiene con sus trabajadores, y por ende con el sindicato, no se puede andar bien con los sindicatos si no se anda bien con los trabajadores, porque no hay margen para andar bien\u201d.<\/p>\n<p>Adem\u00e1s, Allende sostuvo que, \u201cal margen que podamos tener muchas coincidencias y algunas disidencias, porque de esto tambi\u00e9n se trata la democracia, lo que siempre hemos encontrado en este corto trayecto que lleva este gobierno son las puertas abiertas, sumamente abiertas, y siempre un funcionario de nivel jer\u00e1rquico para tratar de dar soluci\u00f3n a lo que se plantea, m\u00e1s all\u00e1 que cada uno tiene una \u00f3ptica sin lugar a dudas diferente, unos desde lo que conduce y nosotros desde el trabajado. Pero Jam\u00e1s hemos encontrado un obst\u00e1culo o tratar de empujar el problema para adelante. Siempre buscando la soluci\u00f3n, en el lugar que sea. Entonces qu\u00e9 mejor que aprovechar y firmar estos convenios con cada uno de esos organismos\u201d, concluy\u00f3 el secretario General de UPCN.<\/p>\n<p>La carta de intenci\u00f3n fue firmada tambi\u00e9n por los ministros de Gobierno, Mauro Urribarri; de Desarrollo Social, Laura Stratta; y de Salud, Ariel De la Rosa; la presidenta del Copnaf, Marisa Paira; el presidente del CGE, Jos\u00e9 Luis Panozzo; y el rector de la Uader, An\u00edbal Sattler.<\/p>\n<p><strong>Cooperaci\u00f3n interinstitucional<\/strong><\/p>\n<p>Con respecto a la firma de este documento, la presidenta del Consejo Provincial del Ni\u00f1o, el Adolescente y la Familia (Copnaf) Marisa Paira expres\u00f3 que \u201cesta carta de intenci\u00f3n de cooperaci\u00f3n institucional que firm\u00f3 el gobernador es fundamental para iniciar desde el Copnaf junto a UPCN futuras actividades de servicio en la comunidad; dise\u00f1ar proyectos entre equipos t\u00e9cnicos en materia de ni\u00f1ez y adolescencia; pensar capacitaciones para el personal; conformar nuevas comisiones de trabajo, en nuestro caso direccionadas a las incumbencias del Copnaf, que nos permitir\u00e1n dar respuestas a distintas problem\u00e1ticas\u201d.<\/p>\n<p>Por otra parte, el ministro de Salud, Ariel de la Rosa, explic\u00f3 que el Plan Integral de Formaci\u00f3n para personal de hospitales y centros de salud \u201ces fundamental, por eso hemos apoyado esta iniciativa desde la cartera sanitaria\u201d.<\/p>\n<p>\u201cHemos dado todo el apoyo institucional y el impulso porque estas son las acciones que suman en la revalorizaci\u00f3n de nuestro recurso humano, que siempre es tan importante\u201d, indic\u00f3. \u201cEste plan de formaci\u00f3n que dictar\u00e1 UPCN va a aportar mucho al sistema sanitario\u201d, complet\u00f3.<\/p>\n","protected":false},"excerpt":{"rendered":"<p>El mandatario provincial ratific&oacute; que no habr&aacute; despidos injustificados e insisti&oacute; en una mesa de entendimiento para debatir la recomposici&oacute;n salarial y encontrar &ldquo;puntos de equilibrio&rdquo;. &ldquo;No somos los patrones de nadie, a nosotros nos eligi&oacute; la gente para que administremos el Estado y para que lo hagamos junto con los trabajadores, y eso implica [&hellip;]<\/p>\n","protected":false},"author":2,"featured_media":0,"comment_status":"open","ping_status":"open","sticky":false,"template":"","format":"standard","meta":{"fifu_image_url":"","fifu_image_alt":"","footnotes":""},"categories":[6,16],"tags":[],"class_list":{"0":"post-16282","1":"post","2":"type-post","3":"status-publish","4":"format-standard","6":"category-entre-rios","7":"category-politi"},"yoast_head":"<title>Bordet ratific\u00f3 que no habr\u00e1 cesant\u00edas ni despidos en el Estado entrerriano - Informe Litoral<\/title>\n<meta name=\"robots\" content=\"index, follow, max-snippet:-1, max-image-preview:large, max-video-preview:-1\" \/>\n<link rel=\"canonical\" href=\"https:\/\/informelitoral.com.ar\/bordet-ratifico-que-no-habra-cesantias-ni-despidos-en-el-estado-entrerriano\/\" \/>\n<meta property=\"og:locale\" content=\"es_ES\" \/>\n<meta property=\"og:type\" content=\"article\" \/>\n<meta property=\"og:title\" content=\"Bordet ratific\u00f3 que no habr\u00e1 cesant\u00edas ni despidos en el Estado entrerriano - Informe Litoral\" \/>\n<meta property=\"og:description\" content=\"El mandatario provincial ratific&oacute; que no habr&aacute; despidos injustificados e insisti&oacute; en una mesa de entendimiento para debatir la recomposici&oacute;n salarial y encontrar &ldquo;puntos de equilibrio&rdquo;. &ldquo;No somos los patrones de nadie, a nosotros nos eligi&oacute; la gente para que administremos el Estado y para que lo hagamos junto con los trabajadores, y eso implica [&hellip;]\" \/>\n<meta property=\"og:url\" content=\"https:\/\/informelitoral.com.ar\/bordet-ratifico-que-no-habra-cesantias-ni-despidos-en-el-estado-entrerriano\/\" \/>\n<meta property=\"og:site_name\" content=\"Informe Litoral\" \/>\n<meta property=\"article:publisher\" content=\"https:\/\/www.facebook.com\/informelitoral\/\" \/>\n<meta property=\"article:published_time\" content=\"2016-05-27T11:05:53+00:00\" \/>\n<meta property=\"og:image\" content=\"https:\/\/informelitoral.com.ar\/%77%70%2d%63%6f%6e%74%65%6e%74\/uploads\/2016\/05\/b_1464291737.jpg\" \/>\n\t<meta property=\"og:image:width\" content=\"492\" \/>\n\t<meta property=\"og:image:height\" content=\"329\" \/>\n\t<meta property=\"og:image:type\" content=\"image\/jpeg\" \/>\n<meta name=\"author\" content=\"Gonzalo Schmidt\" \/>\n<meta name=\"twitter:card\" content=\"summary_large_image\" \/>\n<meta name=\"twitter:creator\" content=\"@InformeLitoral\" \/>\n<meta name=\"twitter:site\" content=\"@InformeLitoral\" \/>\n<meta name=\"twitter:label1\" content=\"Escrito por\" \/>\n\t<meta name=\"twitter:data1\" content=\"Gonzalo Schmidt\" \/>\n\t<meta name=\"twitter:label2\" content=\"Tiempo de lectura\" \/>\n\t<meta name=\"twitter:data2\" content=\"5 minutos\" \/>\n<script type=\"application\/ld+json\" class=\"yoast-schema-graph\">{\"@context\":\"https:\\\/\\\/schema.org\",\"@graph\":[{\"@type\":\"Article\",\"@id\":\"https:\\\/\\\/informelitoral.com.ar\\\/bordet-ratifico-que-no-habra-cesantias-ni-despidos-en-el-estado-entrerriano\\\/#article\",\"isPartOf\":{\"@id\":\"https:\\\/\\\/informelitoral.com.ar\\\/bordet-ratifico-que-no-habra-cesantias-ni-despidos-en-el-estado-entrerriano\\\/\"},\"author\":{\"name\":\"Gonzalo Schmidt\",\"@id\":\"https:\\\/\\\/informelitoral.com.ar\\\/#\\\/schema\\\/person\\\/b9d00407c836482871ef1d57bf8e3180\"},\"headline\":\"Bordet ratific\u00f3 que no habr\u00e1 cesant\u00edas ni despidos en el Estado entrerriano\",\"datePublished\":\"2016-05-27T11:05:53+00:00\",\"mainEntityOfPage\":{\"@id\":\"https:\\\/\\\/informelitoral.com.ar\\\/bordet-ratifico-que-no-habra-cesantias-ni-despidos-en-el-estado-entrerriano\\\/\"},\"wordCount\":1042,\"commentCount\":0,\"publisher\":{\"@id\":\"https:\\\/\\\/informelitoral.com.ar\\\/#organization\"},\"image\":{\"@id\":\"https:\\\/\\\/informelitoral.com.ar\\\/bordet-ratifico-que-no-habra-cesantias-ni-despidos-en-el-estado-entrerriano\\\/#primaryimage\"},\"thumbnailUrl\":\"http:\\\/\\\/www.isletasnoticias.com.ar\\\/%77%70%2d%63%6f%6e%74%65%6e%74\\\/uploads\\\/2016\\\/05\\\/b_1464291737.jpg\",\"articleSection\":[\"Entre R\u00edos\",\"Politica\"],\"inLanguage\":\"es\",\"potentialAction\":[{\"@type\":\"CommentAction\",\"name\":\"Comment\",\"target\":[\"https:\\\/\\\/informelitoral.com.ar\\\/bordet-ratifico-que-no-habra-cesantias-ni-despidos-en-el-estado-entrerriano\\\/#respond\"]}]},{\"@type\":\"WebPage\",\"@id\":\"https:\\\/\\\/informelitoral.com.ar\\\/bordet-ratifico-que-no-habra-cesantias-ni-despidos-en-el-estado-entrerriano\\\/\",\"url\":\"https:\\\/\\\/informelitoral.com.ar\\\/bordet-ratifico-que-no-habra-cesantias-ni-despidos-en-el-estado-entrerriano\\\/\",\"name\":\"Bordet ratific\u00f3 que no habr\u00e1 cesant\u00edas ni despidos en el Estado entrerriano - Informe Litoral\",\"isPartOf\":{\"@id\":\"https:\\\/\\\/informelitoral.com.ar\\\/#website\"},\"primaryImageOfPage\":{\"@id\":\"https:\\\/\\\/informelitoral.com.ar\\\/bordet-ratifico-que-no-habra-cesantias-ni-despidos-en-el-estado-entrerriano\\\/#primaryimage\"},\"image\":{\"@id\":\"https:\\\/\\\/informelitoral.com.ar\\\/bordet-ratifico-que-no-habra-cesantias-ni-despidos-en-el-estado-entrerriano\\\/#primaryimage\"},\"thumbnailUrl\":\"http:\\\/\\\/www.isletasnoticias.com.ar\\\/%77%70%2d%63%6f%6e%74%65%6e%74\\\/uploads\\\/2016\\\/05\\\/b_1464291737.jpg\",\"datePublished\":\"2016-05-27T11:05:53+00:00\",\"breadcrumb\":{\"@id\":\"https:\\\/\\\/informelitoral.com.ar\\\/bordet-ratifico-que-no-habra-cesantias-ni-despidos-en-el-estado-entrerriano\\\/#breadcrumb\"},\"inLanguage\":\"es\",\"potentialAction\":[{\"@type\":\"ReadAction\",\"target\":[\"https:\\\/\\\/informelitoral.com.ar\\\/bordet-ratifico-que-no-habra-cesantias-ni-despidos-en-el-estado-entrerriano\\\/\"]}]},{\"@type\":\"ImageObject\",\"inLanguage\":\"es\",\"@id\":\"https:\\\/\\\/informelitoral.com.ar\\\/bordet-ratifico-que-no-habra-cesantias-ni-despidos-en-el-estado-entrerriano\\\/#primaryimage\",\"url\":\"http:\\\/\\\/www.isletasnoticias.com.ar\\\/%77%70%2d%63%6f%6e%74%65%6e%74\\\/uploads\\\/2016\\\/05\\\/b_1464291737.jpg\",\"contentUrl\":\"http:\\\/\\\/www.isletasnoticias.com.ar\\\/%77%70%2d%63%6f%6e%74%65%6e%74\\\/uploads\\\/2016\\\/05\\\/b_1464291737.jpg\"},{\"@type\":\"BreadcrumbList\",\"@id\":\"https:\\\/\\\/informelitoral.com.ar\\\/bordet-ratifico-que-no-habra-cesantias-ni-despidos-en-el-estado-entrerriano\\\/#breadcrumb\",\"itemListElement\":[{\"@type\":\"ListItem\",\"position\":1,\"name\":\"Portada\",\"item\":\"https:\\\/\\\/informelitoral.com.ar\\\/\"},{\"@type\":\"ListItem\",\"position\":2,\"name\":\"Bordet ratific\u00f3 que no habr\u00e1 cesant\u00edas ni despidos en el Estado entrerriano\"}]},{\"@type\":\"WebSite\",\"@id\":\"https:\\\/\\\/informelitoral.com.ar\\\/#website\",\"url\":\"https:\\\/\\\/informelitoral.com.ar\\\/\",\"name\":\"Informe Litoral\",\"description\":\"&quot;Nos informamos&quot; \",\"publisher\":{\"@id\":\"https:\\\/\\\/informelitoral.com.ar\\\/#organization\"},\"potentialAction\":[{\"@type\":\"SearchAction\",\"target\":{\"@type\":\"EntryPoint\",\"urlTemplate\":\"https:\\\/\\\/informelitoral.com.ar\\\/?s={search_term_string}\"},\"query-input\":{\"@type\":\"PropertyValueSpecification\",\"valueRequired\":true,\"valueName\":\"search_term_string\"}}],\"inLanguage\":\"es\"},{\"@type\":\"Organization\",\"@id\":\"https:\\\/\\\/informelitoral.com.ar\\\/#organization\",\"name\":\"Informe Litoral\",\"url\":\"https:\\\/\\\/informelitoral.com.ar\\\/\",\"logo\":{\"@type\":\"ImageObject\",\"inLanguage\":\"es\",\"@id\":\"https:\\\/\\\/informelitoral.com.ar\\\/#\\\/schema\\\/logo\\\/image\\\/\",\"url\":\"https:\\\/\\\/informelitoral.com.ar\\\/%77%70%2d%63%6f%6e%74%65%6e%74\\\/uploads\\\/2021\\\/01\\\/circulo.png\",\"contentUrl\":\"https:\\\/\\\/informelitoral.com.ar\\\/%77%70%2d%63%6f%6e%74%65%6e%74\\\/uploads\\\/2021\\\/01\\\/circulo.png\",\"width\":723,\"height\":731,\"caption\":\"Informe Litoral\"},\"image\":{\"@id\":\"https:\\\/\\\/informelitoral.com.ar\\\/#\\\/schema\\\/logo\\\/image\\\/\"},\"sameAs\":[\"https:\\\/\\\/www.facebook.com\\\/informelitoral\\\/\",\"https:\\\/\\\/x.com\\\/InformeLitoral\",\"https:\\\/\\\/www.instagram.com\\\/informelitoral\\\/\",\"https:\\\/\\\/www.youtube.com\\\/channel\\\/UCua4Qvz8Icb6MYqhoq9xLXw\"]},{\"@type\":\"Person\",\"@id\":\"https:\\\/\\\/informelitoral.com.ar\\\/#\\\/schema\\\/person\\\/b9d00407c836482871ef1d57bf8e3180\",\"name\":\"Gonzalo Schmidt\",\"image\":{\"@type\":\"ImageObject\",\"inLanguage\":\"es\",\"@id\":\"https:\\\/\\\/secure.gravatar.com\\\/avatar\\\/31a1a7b66ff2de83bd0e9fd79d026630d2d99e55e8bfe501287647b4fd9743de?s=96&d=mm&r=g\",\"url\":\"https:\\\/\\\/secure.gravatar.com\\\/avatar\\\/31a1a7b66ff2de83bd0e9fd79d026630d2d99e55e8bfe501287647b4fd9743de?s=96&d=mm&r=g\",\"contentUrl\":\"https:\\\/\\\/secure.gravatar.com\\\/avatar\\\/31a1a7b66ff2de83bd0e9fd79d026630d2d99e55e8bfe501287647b4fd9743de?s=96&d=mm&r=g\",\"caption\":\"Gonzalo Schmidt\"},\"description\":\"Sitio web de noticias de la provincia de Entre R\u00edos, Argentina. Informaci\u00f3n y entretenimiento. Informe Litoral, nos informamos.\",\"sameAs\":[\"http:\\\/\\\/www.isletasnoticias.com.ar\"],\"url\":\"https:\\\/\\\/informelitoral.com.ar\\\/author\\\/gonzalo\\\/\"}]}<\/script>","yoast_head_json":{"title":"Bordet ratific\u00f3 que no habr\u00e1 cesant\u00edas ni despidos en el Estado entrerriano - Informe Litoral","robots":{"index":"index","follow":"follow","max-snippet":"max-snippet:-1","max-image-preview":"max-image-preview:large","max-video-preview":"max-video-preview:-1"},"canonical":"https:\/\/informelitoral.com.ar\/bordet-ratifico-que-no-habra-cesantias-ni-despidos-en-el-estado-entrerriano\/","og_locale":"es_ES","og_type":"article","og_title":"Bordet ratific\u00f3 que no habr\u00e1 cesant\u00edas ni despidos en el Estado entrerriano - Informe Litoral","og_description":"El mandatario provincial ratific&oacute; que no habr&aacute; despidos injustificados e insisti&oacute; en una mesa de entendimiento para debatir la recomposici&oacute;n salarial y encontrar &ldquo;puntos de equilibrio&rdquo;. &ldquo;No somos los patrones de nadie, a nosotros nos eligi&oacute; la gente para que administremos el Estado y para que lo hagamos junto con los trabajadores, y eso implica [&hellip;]","og_url":"https:\/\/informelitoral.com.ar\/bordet-ratifico-que-no-habra-cesantias-ni-despidos-en-el-estado-entrerriano\/","og_site_name":"Informe Litoral","article_publisher":"https:\/\/www.facebook.com\/informelitoral\/","article_published_time":"2016-05-27T11:05:53+00:00","og_image":[{"width":492,"height":329,"url":"https:\/\/informelitoral.com.ar\/%77%70%2d%63%6f%6e%74%65%6e%74\/uploads\/2016\/05\/b_1464291737.jpg","type":"image\/jpeg"}],"author":"Gonzalo Schmidt","twitter_card":"summary_large_image","twitter_creator":"@InformeLitoral","twitter_site":"@InformeLitoral","twitter_misc":{"Escrito por":"Gonzalo Schmidt","Tiempo de lectura":"5 minutos"},"schema":{"@context":"https:\/\/schema.org","@graph":[{"@type":"Article","@id":"https:\/\/informelitoral.com.ar\/bordet-ratifico-que-no-habra-cesantias-ni-despidos-en-el-estado-entrerriano\/#article","isPartOf":{"@id":"https:\/\/informelitoral.com.ar\/bordet-ratifico-que-no-habra-cesantias-ni-despidos-en-el-estado-entrerriano\/"},"author":{"name":"Gonzalo Schmidt","@id":"https:\/\/informelitoral.com.ar\/#\/schema\/person\/b9d00407c836482871ef1d57bf8e3180"},"headline":"Bordet ratific\u00f3 que no habr\u00e1 cesant\u00edas ni despidos en el Estado entrerriano","datePublished":"2016-05-27T11:05:53+00:00","mainEntityOfPage":{"@id":"https:\/\/informelitoral.com.ar\/bordet-ratifico-que-no-habra-cesantias-ni-despidos-en-el-estado-entrerriano\/"},"wordCount":1042,"commentCount":0,"publisher":{"@id":"https:\/\/informelitoral.com.ar\/#organization"},"image":{"@id":"https:\/\/informelitoral.com.ar\/bordet-ratifico-que-no-habra-cesantias-ni-despidos-en-el-estado-entrerriano\/#primaryimage"},"thumbnailUrl":"http:\/\/www.isletasnoticias.com.ar\/%77%70%2d%63%6f%6e%74%65%6e%74\/uploads\/2016\/05\/b_1464291737.jpg","articleSection":["Entre R\u00edos","Politica"],"inLanguage":"es","potentialAction":[{"@type":"CommentAction","name":"Comment","target":["https:\/\/informelitoral.com.ar\/bordet-ratifico-que-no-habra-cesantias-ni-despidos-en-el-estado-entrerriano\/#respond"]}]},{"@type":"WebPage","@id":"https:\/\/informelitoral.com.ar\/bordet-ratifico-que-no-habra-cesantias-ni-despidos-en-el-estado-entrerriano\/","url":"https:\/\/informelitoral.com.ar\/bordet-ratifico-que-no-habra-cesantias-ni-despidos-en-el-estado-entrerriano\/","name":"Bordet ratific\u00f3 que no habr\u00e1 cesant\u00edas ni despidos en el Estado entrerriano - Informe Litoral","isPartOf":{"@id":"https:\/\/informelitoral.com.ar\/#website"},"primaryImageOfPage":{"@id":"https:\/\/informelitoral.com.ar\/bordet-ratifico-que-no-habra-cesantias-ni-despidos-en-el-estado-entrerriano\/#primaryimage"},"image":{"@id":"https:\/\/informelitoral.com.ar\/bordet-ratifico-que-no-habra-cesantias-ni-despidos-en-el-estado-entrerriano\/#primaryimage"},"thumbnailUrl":"http:\/\/www.isletasnoticias.com.ar\/%77%70%2d%63%6f%6e%74%65%6e%74\/uploads\/2016\/05\/b_1464291737.jpg","datePublished":"2016-05-27T11:05:53+00:00","breadcrumb":{"@id":"https:\/\/informelitoral.com.ar\/bordet-ratifico-que-no-habra-cesantias-ni-despidos-en-el-estado-entrerriano\/#breadcrumb"},"inLanguage":"es","potentialAction":[{"@type":"ReadAction","target":["https:\/\/informelitoral.com.ar\/bordet-ratifico-que-no-habra-cesantias-ni-despidos-en-el-estado-entrerriano\/"]}]},{"@type":"ImageObject","inLanguage":"es","@id":"https:\/\/informelitoral.com.ar\/bordet-ratifico-que-no-habra-cesantias-ni-despidos-en-el-estado-entrerriano\/#primaryimage","url":"http:\/\/www.isletasnoticias.com.ar\/%77%70%2d%63%6f%6e%74%65%6e%74\/uploads\/2016\/05\/b_1464291737.jpg","contentUrl":"http:\/\/www.isletasnoticias.com.ar\/%77%70%2d%63%6f%6e%74%65%6e%74\/uploads\/2016\/05\/b_1464291737.jpg"},{"@type":"BreadcrumbList","@id":"https:\/\/informelitoral.com.ar\/bordet-ratifico-que-no-habra-cesantias-ni-despidos-en-el-estado-entrerriano\/#breadcrumb","itemListElement":[{"@type":"ListItem","position":1,"name":"Portada","item":"https:\/\/informelitoral.com.ar\/"},{"@type":"ListItem","position":2,"name":"Bordet ratific\u00f3 que no habr\u00e1 cesant\u00edas ni despidos en el Estado entrerriano"}]},{"@type":"WebSite","@id":"https:\/\/informelitoral.com.ar\/#website","url":"https:\/\/informelitoral.com.ar\/","name":"Informe Litoral","description":"&quot;Nos informamos&quot; ","publisher":{"@id":"https:\/\/informelitoral.com.ar\/#organization"},"potentialAction":[{"@type":"SearchAction","target":{"@type":"EntryPoint","urlTemplate":"https:\/\/informelitoral.com.ar\/?s={search_term_string}"},"query-input":{"@type":"PropertyValueSpecification","valueRequired":true,"valueName":"search_term_string"}}],"inLanguage":"es"},{"@type":"Organization","@id":"https:\/\/informelitoral.com.ar\/#organization","name":"Informe Litoral","url":"https:\/\/informelitoral.com.ar\/","logo":{"@type":"ImageObject","inLanguage":"es","@id":"https:\/\/informelitoral.com.ar\/#\/schema\/logo\/image\/","url":"https:\/\/informelitoral.com.ar\/%77%70%2d%63%6f%6e%74%65%6e%74\/uploads\/2021\/01\/circulo.png","contentUrl":"https:\/\/informelitoral.com.ar\/%77%70%2d%63%6f%6e%74%65%6e%74\/uploads\/2021\/01\/circulo.png","width":723,"height":731,"caption":"Informe Litoral"},"image":{"@id":"https:\/\/informelitoral.com.ar\/#\/schema\/logo\/image\/"},"sameAs":["https:\/\/www.facebook.com\/informelitoral\/","https:\/\/x.com\/InformeLitoral","https:\/\/www.instagram.com\/informelitoral\/","https:\/\/www.youtube.com\/channel\/UCua4Qvz8Icb6MYqhoq9xLXw"]},{"@type":"Person","@id":"https:\/\/informelitoral.com.ar\/#\/schema\/person\/b9d00407c836482871ef1d57bf8e3180","name":"Gonzalo Schmidt","image":{"@type":"ImageObject","inLanguage":"es","@id":"https:\/\/secure.gravatar.com\/avatar\/31a1a7b66ff2de83bd0e9fd79d026630d2d99e55e8bfe501287647b4fd9743de?s=96&d=mm&r=g","url":"https:\/\/secure.gravatar.com\/avatar\/31a1a7b66ff2de83bd0e9fd79d026630d2d99e55e8bfe501287647b4fd9743de?s=96&d=mm&r=g","contentUrl":"https:\/\/secure.gravatar.com\/avatar\/31a1a7b66ff2de83bd0e9fd79d026630d2d99e55e8bfe501287647b4fd9743de?s=96&d=mm&r=g","caption":"Gonzalo Schmidt"},"description":"Sitio web de noticias de la provincia de Entre R\u00edos, Argentina. Informaci\u00f3n y entretenimiento. Informe Litoral, nos informamos.","sameAs":["http:\/\/www.isletasnoticias.com.ar"],"url":"https:\/\/informelitoral.com.ar\/author\/gonzalo\/"}]}},"_links":{"self":[{"href":"https:\/\/informelitoral.com.ar\/%77%70%2d%6a%73%6f%6e\/wp\/v2\/posts\/16282","targetHints":{"allow":["GET"]}}],"collection":[{"href":"https:\/\/informelitoral.com.ar\/%77%70%2d%6a%73%6f%6e\/wp\/v2\/posts"}],"about":[{"href":"https:\/\/informelitoral.com.ar\/%77%70%2d%6a%73%6f%6e\/wp\/v2\/types\/post"}],"author":[{"embeddable":true,"href":"https:\/\/informelitoral.com.ar\/%77%70%2d%6a%73%6f%6e\/wp\/v2\/users\/2"}],"replies":[{"embeddable":true,"href":"https:\/\/informelitoral.com.ar\/%77%70%2d%6a%73%6f%6e\/wp\/v2\/comments?post=16282"}],"version-history":[{"count":0,"href":"https:\/\/informelitoral.com.ar\/%77%70%2d%6a%73%6f%6e\/wp\/v2\/posts\/16282\/revisions"}],"wp:attachment":[{"href":"https:\/\/informelitoral.com.ar\/%77%70%2d%6a%73%6f%6e\/wp\/v2\/media?parent=16282"}],"wp:term":[{"taxonomy":"category","embeddable":true,"href":"https:\/\/informelitoral.com.ar\/%77%70%2d%6a%73%6f%6e\/wp\/v2\/categories?post=16282"},{"taxonomy":"post_tag","embeddable":true,"href":"https:\/\/informelitoral.com.ar\/%77%70%2d%6a%73%6f%6e\/wp\/v2\/tags?post=16282"}],"curies":[{"name":"wp","href":"https:\/\/api.w.org\/{rel}","templated":true}]}}