{"id":16279,"date":"2016-05-27T07:58:59","date_gmt":"2016-05-27T10:58:59","guid":{"rendered":"http:\/\/www.isletasnoticias.com.ar\/?p=16279"},"modified":"2016-05-27T07:58:59","modified_gmt":"2016-05-27T10:58:59","slug":"el-senasa-publico-el-listado-oficial-de-malezas-resistentes","status":"publish","type":"post","link":"https:\/\/informelitoral.com.ar\/el-senasa-publico-el-listado-oficial-de-malezas-resistentes\/","title":{"rendered":"El Senasa public\u00f3 el listado oficial de malezas resistentes"},"content":{"rendered":"<p><strong>Est\u00e1 integrado por quince especies. Es uno de los principales problemas actuales de la agricultura.<a href=\"http:\/\/www.isletasnoticias.com.ar\/%77%70%2d%63%6f%6e%74%65%6e%74\/uploads\/2016\/05\/i23045-malezas-631.jpg\"><img loading=\"lazy\" decoding=\"async\" class=\"aligncenter wp-image-16280 size-full\" src=\"http:\/\/www.isletasnoticias.com.ar\/%77%70%2d%63%6f%6e%74%65%6e%74\/uploads\/2016\/05\/i23045-malezas-631.jpg\" alt=\"i23045-malezas-631\" width=\"631\" height=\"280\" srcset=\"https:\/\/informelitoral.com.ar\/%77%70%2d%63%6f%6e%74%65%6e%74\/uploads\/2016\/05\/i23045-malezas-631.jpg 631w, https:\/\/informelitoral.com.ar\/%77%70%2d%63%6f%6e%74%65%6e%74\/uploads\/2016\/05\/i23045-malezas-631-300x133.jpg 300w\" sizes=\"auto, (max-width: 631px) 100vw, 631px\" \/><\/a><\/strong><\/p>\n<p>El Senasa public\u00f3 el listado oficial de malezas resistentes a herbicidas. Los casos confirmados en territorio argentino son Avena fatua (avena negra), Amaranthus palmeri (yuyo colorado), Amaranthus hybridus (yuyo colorado), Brassica rapa (nabo), Conyza bonariensis (rama negra), Conyza sumatrensis (rama negra), Cynodon hirsutus (gramilla rastrera), Digitaria insularis (pasto amargo), Echinochloa colona (cap\u00edn), Eleusine indica (pata de ganso), Lolium perenne ssp. multiflorum (raigr\u00e1s anual), Lolium perenne (raigr\u00e1s perenne), Raphanus sativus (nab\u00f3n), y Sorghum halepense (sorgo de alepo).<\/p>\n<p>\u201cEsta informaci\u00f3n surge del trabajo conjunto entre este organismo y los expertos en la tem\u00e1tica, quienes continuamente generan informaci\u00f3n esencial sobre este problema\u201d, indic\u00f3 el Senasa por medio de un comunicado y reprodujo el sitio <em>valorsoja.com.<\/em><\/p>\n<p>\u201cLa resistencia de malezas a herbicidas es una amenaza creciente para el sistema agropecuario en nuestro pa\u00eds; su aparici\u00f3n se da como resultado de un proceso biol\u00f3gico evolutivo, donde se seleccionan individuos resistentes ante la aplicaci\u00f3n de un mismo principio activo (herbicida) en forma frecuente. Este \u00faltimo ejerce una presi\u00f3n de selecci\u00f3n sobre la poblaci\u00f3n y provoca el aumento de la cantidad de individuos resistentes sobre el total poblacional\u201d, a\u00f1adi\u00f3.<\/p>\n<p>Para comunicar al Senasa la sospecha de nuevas especies resistentes o \u00e1reas afectadas, el Senasa habilit\u00f3 en el sitio del Sistema Nacional Argentino de Vigilancia (www.sinavimo.gov.ar) un formulario en l\u00ednea (que puede verse aqu\u00ed).<\/p>\n<p>\u201cEn los \u00faltimos a\u00f1os esta problem\u00e1tica gener\u00f3 la aplicaci\u00f3n de medidas complementarias y el aumento de los costos de producci\u00f3n por la competencia que ejercen las malezas sobre los cultivos. Por otro lado, el incremento de biotipos resistentes en los cultivos provoca disminuci\u00f3n de su producci\u00f3n y dificultad en su manejo\u201d, indic\u00f3 el Senasa.<\/p>\n<p>Argentina se encuentra en \u201cemergencia agron\u00f3mica\u201d. Las regiones Este, Semi\u00e1rida y Litoral Norte son las menos afectadas por el problema, mientras que Mar y Sierras, Sudoeste y Sudeste cuentan con una afectaci\u00f3n grave de rama negra y van camino a tener un problema importante con raigr\u00e1s resistente a glifosato.<\/p>\n<p>En el resto de las zonas relevadas la batalla contra las malezas es mucho m\u00e1s ardua: existen al menos dos malezas problem\u00e1ticas con otras m\u00e1s en el portfolio de eventuales dolores de cabeza futuros. All\u00ed las malezas van uno o dos pasos m\u00e1s adelante que los contrincantes humanos: cuando aparece una soluci\u00f3n, nuevas malezas, o las mismas pero mucho m\u00e1s potentes, generan nuevos desaf\u00edos por resolver.<\/p>\n","protected":false},"excerpt":{"rendered":"<p>Est&aacute; integrado por quince especies. Es uno de los principales problemas actuales de la agricultura. El Senasa public&oacute; el listado oficial de malezas resistentes a herbicidas. Los casos confirmados en territorio argentino son Avena fatua (avena negra), Amaranthus palmeri (yuyo colorado), Amaranthus hybridus (yuyo colorado), Brassica rapa (nabo), Conyza bonariensis (rama negra), Conyza sumatrensis (rama [&hellip;]<\/p>\n","protected":false},"author":2,"featured_media":0,"comment_status":"open","ping_status":"open","sticky":false,"template":"","format":"standard","meta":{"fifu_image_url":"","fifu_image_alt":"","footnotes":""},"categories":[10],"tags":[],"class_list":{"0":"post-16279","1":"post","2":"type-post","3":"status-publish","4":"format-standard","6":"category-campo"},"yoast_head":"<title>El Senasa public\u00f3 el listado oficial de malezas resistentes - Informe Litoral<\/title>\n<meta name=\"robots\" content=\"index, follow, max-snippet:-1, max-image-preview:large, max-video-preview:-1\" \/>\n<link rel=\"canonical\" href=\"https:\/\/informelitoral.com.ar\/el-senasa-publico-el-listado-oficial-de-malezas-resistentes\/\" \/>\n<meta property=\"og:locale\" content=\"es_ES\" \/>\n<meta property=\"og:type\" content=\"article\" \/>\n<meta property=\"og:title\" content=\"El Senasa public\u00f3 el listado oficial de malezas resistentes - Informe Litoral\" \/>\n<meta property=\"og:description\" content=\"Est&aacute; integrado por quince especies. Es uno de los principales problemas actuales de la agricultura. El Senasa public&oacute; el listado oficial de malezas resistentes a herbicidas. Los casos confirmados en territorio argentino son Avena fatua (avena negra), Amaranthus palmeri (yuyo colorado), Amaranthus hybridus (yuyo colorado), Brassica rapa (nabo), Conyza bonariensis (rama negra), Conyza sumatrensis (rama [&hellip;]\" \/>\n<meta property=\"og:url\" content=\"https:\/\/informelitoral.com.ar\/el-senasa-publico-el-listado-oficial-de-malezas-resistentes\/\" \/>\n<meta property=\"og:site_name\" content=\"Informe Litoral\" \/>\n<meta property=\"article:publisher\" content=\"https:\/\/www.facebook.com\/informelitoral\/\" \/>\n<meta property=\"article:published_time\" content=\"2016-05-27T10:58:59+00:00\" \/>\n<meta property=\"og:image\" content=\"https:\/\/informelitoral.com.ar\/%77%70%2d%63%6f%6e%74%65%6e%74\/uploads\/2016\/05\/i23045-malezas-631.jpg\" \/>\n\t<meta property=\"og:image:width\" content=\"631\" \/>\n\t<meta property=\"og:image:height\" content=\"280\" \/>\n\t<meta property=\"og:image:type\" content=\"image\/jpeg\" \/>\n<meta name=\"author\" content=\"Gonzalo Schmidt\" \/>\n<meta name=\"twitter:card\" content=\"summary_large_image\" \/>\n<meta name=\"twitter:creator\" content=\"@InformeLitoral\" \/>\n<meta name=\"twitter:site\" content=\"@InformeLitoral\" \/>\n<meta name=\"twitter:label1\" content=\"Escrito por\" \/>\n\t<meta name=\"twitter:data1\" content=\"Gonzalo Schmidt\" \/>\n\t<meta name=\"twitter:label2\" content=\"Tiempo de lectura\" \/>\n\t<meta name=\"twitter:data2\" content=\"2 minutos\" \/>\n<script type=\"application\/ld+json\" class=\"yoast-schema-graph\">{\"@context\":\"https:\\\/\\\/schema.org\",\"@graph\":[{\"@type\":\"Article\",\"@id\":\"https:\\\/\\\/informelitoral.com.ar\\\/el-senasa-publico-el-listado-oficial-de-malezas-resistentes\\\/#article\",\"isPartOf\":{\"@id\":\"https:\\\/\\\/informelitoral.com.ar\\\/el-senasa-publico-el-listado-oficial-de-malezas-resistentes\\\/\"},\"author\":{\"name\":\"Gonzalo Schmidt\",\"@id\":\"https:\\\/\\\/informelitoral.com.ar\\\/#\\\/schema\\\/person\\\/b9d00407c836482871ef1d57bf8e3180\"},\"headline\":\"El Senasa public\u00f3 el listado oficial de malezas resistentes\",\"datePublished\":\"2016-05-27T10:58:59+00:00\",\"mainEntityOfPage\":{\"@id\":\"https:\\\/\\\/informelitoral.com.ar\\\/el-senasa-publico-el-listado-oficial-de-malezas-resistentes\\\/\"},\"wordCount\":446,\"commentCount\":0,\"publisher\":{\"@id\":\"https:\\\/\\\/informelitoral.com.ar\\\/#organization\"},\"image\":{\"@id\":\"https:\\\/\\\/informelitoral.com.ar\\\/el-senasa-publico-el-listado-oficial-de-malezas-resistentes\\\/#primaryimage\"},\"thumbnailUrl\":\"http:\\\/\\\/www.isletasnoticias.com.ar\\\/%77%70%2d%63%6f%6e%74%65%6e%74\\\/uploads\\\/2016\\\/05\\\/i23045-malezas-631.jpg\",\"articleSection\":[\"Campo\"],\"inLanguage\":\"es\",\"potentialAction\":[{\"@type\":\"CommentAction\",\"name\":\"Comment\",\"target\":[\"https:\\\/\\\/informelitoral.com.ar\\\/el-senasa-publico-el-listado-oficial-de-malezas-resistentes\\\/#respond\"]}]},{\"@type\":\"WebPage\",\"@id\":\"https:\\\/\\\/informelitoral.com.ar\\\/el-senasa-publico-el-listado-oficial-de-malezas-resistentes\\\/\",\"url\":\"https:\\\/\\\/informelitoral.com.ar\\\/el-senasa-publico-el-listado-oficial-de-malezas-resistentes\\\/\",\"name\":\"El Senasa public\u00f3 el listado oficial de malezas resistentes - Informe Litoral\",\"isPartOf\":{\"@id\":\"https:\\\/\\\/informelitoral.com.ar\\\/#website\"},\"primaryImageOfPage\":{\"@id\":\"https:\\\/\\\/informelitoral.com.ar\\\/el-senasa-publico-el-listado-oficial-de-malezas-resistentes\\\/#primaryimage\"},\"image\":{\"@id\":\"https:\\\/\\\/informelitoral.com.ar\\\/el-senasa-publico-el-listado-oficial-de-malezas-resistentes\\\/#primaryimage\"},\"thumbnailUrl\":\"http:\\\/\\\/www.isletasnoticias.com.ar\\\/%77%70%2d%63%6f%6e%74%65%6e%74\\\/uploads\\\/2016\\\/05\\\/i23045-malezas-631.jpg\",\"datePublished\":\"2016-05-27T10:58:59+00:00\",\"breadcrumb\":{\"@id\":\"https:\\\/\\\/informelitoral.com.ar\\\/el-senasa-publico-el-listado-oficial-de-malezas-resistentes\\\/#breadcrumb\"},\"inLanguage\":\"es\",\"potentialAction\":[{\"@type\":\"ReadAction\",\"target\":[\"https:\\\/\\\/informelitoral.com.ar\\\/el-senasa-publico-el-listado-oficial-de-malezas-resistentes\\\/\"]}]},{\"@type\":\"ImageObject\",\"inLanguage\":\"es\",\"@id\":\"https:\\\/\\\/informelitoral.com.ar\\\/el-senasa-publico-el-listado-oficial-de-malezas-resistentes\\\/#primaryimage\",\"url\":\"http:\\\/\\\/www.isletasnoticias.com.ar\\\/%77%70%2d%63%6f%6e%74%65%6e%74\\\/uploads\\\/2016\\\/05\\\/i23045-malezas-631.jpg\",\"contentUrl\":\"http:\\\/\\\/www.isletasnoticias.com.ar\\\/%77%70%2d%63%6f%6e%74%65%6e%74\\\/uploads\\\/2016\\\/05\\\/i23045-malezas-631.jpg\"},{\"@type\":\"BreadcrumbList\",\"@id\":\"https:\\\/\\\/informelitoral.com.ar\\\/el-senasa-publico-el-listado-oficial-de-malezas-resistentes\\\/#breadcrumb\",\"itemListElement\":[{\"@type\":\"ListItem\",\"position\":1,\"name\":\"Portada\",\"item\":\"https:\\\/\\\/informelitoral.com.ar\\\/\"},{\"@type\":\"ListItem\",\"position\":2,\"name\":\"El Senasa public\u00f3 el listado oficial de malezas resistentes\"}]},{\"@type\":\"WebSite\",\"@id\":\"https:\\\/\\\/informelitoral.com.ar\\\/#website\",\"url\":\"https:\\\/\\\/informelitoral.com.ar\\\/\",\"name\":\"Informe Litoral\",\"description\":\"&quot;Nos informamos&quot; \",\"publisher\":{\"@id\":\"https:\\\/\\\/informelitoral.com.ar\\\/#organization\"},\"potentialAction\":[{\"@type\":\"SearchAction\",\"target\":{\"@type\":\"EntryPoint\",\"urlTemplate\":\"https:\\\/\\\/informelitoral.com.ar\\\/?s={search_term_string}\"},\"query-input\":{\"@type\":\"PropertyValueSpecification\",\"valueRequired\":true,\"valueName\":\"search_term_string\"}}],\"inLanguage\":\"es\"},{\"@type\":\"Organization\",\"@id\":\"https:\\\/\\\/informelitoral.com.ar\\\/#organization\",\"name\":\"Informe Litoral\",\"url\":\"https:\\\/\\\/informelitoral.com.ar\\\/\",\"logo\":{\"@type\":\"ImageObject\",\"inLanguage\":\"es\",\"@id\":\"https:\\\/\\\/informelitoral.com.ar\\\/#\\\/schema\\\/logo\\\/image\\\/\",\"url\":\"https:\\\/\\\/informelitoral.com.ar\\\/%77%70%2d%63%6f%6e%74%65%6e%74\\\/uploads\\\/2021\\\/01\\\/circulo.png\",\"contentUrl\":\"https:\\\/\\\/informelitoral.com.ar\\\/%77%70%2d%63%6f%6e%74%65%6e%74\\\/uploads\\\/2021\\\/01\\\/circulo.png\",\"width\":723,\"height\":731,\"caption\":\"Informe Litoral\"},\"image\":{\"@id\":\"https:\\\/\\\/informelitoral.com.ar\\\/#\\\/schema\\\/logo\\\/image\\\/\"},\"sameAs\":[\"https:\\\/\\\/www.facebook.com\\\/informelitoral\\\/\",\"https:\\\/\\\/x.com\\\/InformeLitoral\",\"https:\\\/\\\/www.instagram.com\\\/informelitoral\\\/\",\"https:\\\/\\\/www.youtube.com\\\/channel\\\/UCua4Qvz8Icb6MYqhoq9xLXw\"]},{\"@type\":\"Person\",\"@id\":\"https:\\\/\\\/informelitoral.com.ar\\\/#\\\/schema\\\/person\\\/b9d00407c836482871ef1d57bf8e3180\",\"name\":\"Gonzalo Schmidt\",\"image\":{\"@type\":\"ImageObject\",\"inLanguage\":\"es\",\"@id\":\"https:\\\/\\\/secure.gravatar.com\\\/avatar\\\/31a1a7b66ff2de83bd0e9fd79d026630d2d99e55e8bfe501287647b4fd9743de?s=96&d=mm&r=g\",\"url\":\"https:\\\/\\\/secure.gravatar.com\\\/avatar\\\/31a1a7b66ff2de83bd0e9fd79d026630d2d99e55e8bfe501287647b4fd9743de?s=96&d=mm&r=g\",\"contentUrl\":\"https:\\\/\\\/secure.gravatar.com\\\/avatar\\\/31a1a7b66ff2de83bd0e9fd79d026630d2d99e55e8bfe501287647b4fd9743de?s=96&d=mm&r=g\",\"caption\":\"Gonzalo Schmidt\"},\"description\":\"Sitio web de noticias de la provincia de Entre R\u00edos, Argentina. Informaci\u00f3n y entretenimiento. Informe Litoral, nos informamos.\",\"sameAs\":[\"http:\\\/\\\/www.isletasnoticias.com.ar\"],\"url\":\"https:\\\/\\\/informelitoral.com.ar\\\/author\\\/gonzalo\\\/\"}]}<\/script>","yoast_head_json":{"title":"El Senasa public\u00f3 el listado oficial de malezas resistentes - Informe Litoral","robots":{"index":"index","follow":"follow","max-snippet":"max-snippet:-1","max-image-preview":"max-image-preview:large","max-video-preview":"max-video-preview:-1"},"canonical":"https:\/\/informelitoral.com.ar\/el-senasa-publico-el-listado-oficial-de-malezas-resistentes\/","og_locale":"es_ES","og_type":"article","og_title":"El Senasa public\u00f3 el listado oficial de malezas resistentes - Informe Litoral","og_description":"Est&aacute; integrado por quince especies. Es uno de los principales problemas actuales de la agricultura. El Senasa public&oacute; el listado oficial de malezas resistentes a herbicidas. Los casos confirmados en territorio argentino son Avena fatua (avena negra), Amaranthus palmeri (yuyo colorado), Amaranthus hybridus (yuyo colorado), Brassica rapa (nabo), Conyza bonariensis (rama negra), Conyza sumatrensis (rama [&hellip;]","og_url":"https:\/\/informelitoral.com.ar\/el-senasa-publico-el-listado-oficial-de-malezas-resistentes\/","og_site_name":"Informe Litoral","article_publisher":"https:\/\/www.facebook.com\/informelitoral\/","article_published_time":"2016-05-27T10:58:59+00:00","og_image":[{"width":631,"height":280,"url":"https:\/\/informelitoral.com.ar\/%77%70%2d%63%6f%6e%74%65%6e%74\/uploads\/2016\/05\/i23045-malezas-631.jpg","type":"image\/jpeg"}],"author":"Gonzalo Schmidt","twitter_card":"summary_large_image","twitter_creator":"@InformeLitoral","twitter_site":"@InformeLitoral","twitter_misc":{"Escrito por":"Gonzalo Schmidt","Tiempo de lectura":"2 minutos"},"schema":{"@context":"https:\/\/schema.org","@graph":[{"@type":"Article","@id":"https:\/\/informelitoral.com.ar\/el-senasa-publico-el-listado-oficial-de-malezas-resistentes\/#article","isPartOf":{"@id":"https:\/\/informelitoral.com.ar\/el-senasa-publico-el-listado-oficial-de-malezas-resistentes\/"},"author":{"name":"Gonzalo Schmidt","@id":"https:\/\/informelitoral.com.ar\/#\/schema\/person\/b9d00407c836482871ef1d57bf8e3180"},"headline":"El Senasa public\u00f3 el listado oficial de malezas resistentes","datePublished":"2016-05-27T10:58:59+00:00","mainEntityOfPage":{"@id":"https:\/\/informelitoral.com.ar\/el-senasa-publico-el-listado-oficial-de-malezas-resistentes\/"},"wordCount":446,"commentCount":0,"publisher":{"@id":"https:\/\/informelitoral.com.ar\/#organization"},"image":{"@id":"https:\/\/informelitoral.com.ar\/el-senasa-publico-el-listado-oficial-de-malezas-resistentes\/#primaryimage"},"thumbnailUrl":"http:\/\/www.isletasnoticias.com.ar\/%77%70%2d%63%6f%6e%74%65%6e%74\/uploads\/2016\/05\/i23045-malezas-631.jpg","articleSection":["Campo"],"inLanguage":"es","potentialAction":[{"@type":"CommentAction","name":"Comment","target":["https:\/\/informelitoral.com.ar\/el-senasa-publico-el-listado-oficial-de-malezas-resistentes\/#respond"]}]},{"@type":"WebPage","@id":"https:\/\/informelitoral.com.ar\/el-senasa-publico-el-listado-oficial-de-malezas-resistentes\/","url":"https:\/\/informelitoral.com.ar\/el-senasa-publico-el-listado-oficial-de-malezas-resistentes\/","name":"El Senasa public\u00f3 el listado oficial de malezas resistentes - Informe Litoral","isPartOf":{"@id":"https:\/\/informelitoral.com.ar\/#website"},"primaryImageOfPage":{"@id":"https:\/\/informelitoral.com.ar\/el-senasa-publico-el-listado-oficial-de-malezas-resistentes\/#primaryimage"},"image":{"@id":"https:\/\/informelitoral.com.ar\/el-senasa-publico-el-listado-oficial-de-malezas-resistentes\/#primaryimage"},"thumbnailUrl":"http:\/\/www.isletasnoticias.com.ar\/%77%70%2d%63%6f%6e%74%65%6e%74\/uploads\/2016\/05\/i23045-malezas-631.jpg","datePublished":"2016-05-27T10:58:59+00:00","breadcrumb":{"@id":"https:\/\/informelitoral.com.ar\/el-senasa-publico-el-listado-oficial-de-malezas-resistentes\/#breadcrumb"},"inLanguage":"es","potentialAction":[{"@type":"ReadAction","target":["https:\/\/informelitoral.com.ar\/el-senasa-publico-el-listado-oficial-de-malezas-resistentes\/"]}]},{"@type":"ImageObject","inLanguage":"es","@id":"https:\/\/informelitoral.com.ar\/el-senasa-publico-el-listado-oficial-de-malezas-resistentes\/#primaryimage","url":"http:\/\/www.isletasnoticias.com.ar\/%77%70%2d%63%6f%6e%74%65%6e%74\/uploads\/2016\/05\/i23045-malezas-631.jpg","contentUrl":"http:\/\/www.isletasnoticias.com.ar\/%77%70%2d%63%6f%6e%74%65%6e%74\/uploads\/2016\/05\/i23045-malezas-631.jpg"},{"@type":"BreadcrumbList","@id":"https:\/\/informelitoral.com.ar\/el-senasa-publico-el-listado-oficial-de-malezas-resistentes\/#breadcrumb","itemListElement":[{"@type":"ListItem","position":1,"name":"Portada","item":"https:\/\/informelitoral.com.ar\/"},{"@type":"ListItem","position":2,"name":"El Senasa public\u00f3 el listado oficial de malezas resistentes"}]},{"@type":"WebSite","@id":"https:\/\/informelitoral.com.ar\/#website","url":"https:\/\/informelitoral.com.ar\/","name":"Informe Litoral","description":"&quot;Nos informamos&quot; ","publisher":{"@id":"https:\/\/informelitoral.com.ar\/#organization"},"potentialAction":[{"@type":"SearchAction","target":{"@type":"EntryPoint","urlTemplate":"https:\/\/informelitoral.com.ar\/?s={search_term_string}"},"query-input":{"@type":"PropertyValueSpecification","valueRequired":true,"valueName":"search_term_string"}}],"inLanguage":"es"},{"@type":"Organization","@id":"https:\/\/informelitoral.com.ar\/#organization","name":"Informe Litoral","url":"https:\/\/informelitoral.com.ar\/","logo":{"@type":"ImageObject","inLanguage":"es","@id":"https:\/\/informelitoral.com.ar\/#\/schema\/logo\/image\/","url":"https:\/\/informelitoral.com.ar\/%77%70%2d%63%6f%6e%74%65%6e%74\/uploads\/2021\/01\/circulo.png","contentUrl":"https:\/\/informelitoral.com.ar\/%77%70%2d%63%6f%6e%74%65%6e%74\/uploads\/2021\/01\/circulo.png","width":723,"height":731,"caption":"Informe Litoral"},"image":{"@id":"https:\/\/informelitoral.com.ar\/#\/schema\/logo\/image\/"},"sameAs":["https:\/\/www.facebook.com\/informelitoral\/","https:\/\/x.com\/InformeLitoral","https:\/\/www.instagram.com\/informelitoral\/","https:\/\/www.youtube.com\/channel\/UCua4Qvz8Icb6MYqhoq9xLXw"]},{"@type":"Person","@id":"https:\/\/informelitoral.com.ar\/#\/schema\/person\/b9d00407c836482871ef1d57bf8e3180","name":"Gonzalo Schmidt","image":{"@type":"ImageObject","inLanguage":"es","@id":"https:\/\/secure.gravatar.com\/avatar\/31a1a7b66ff2de83bd0e9fd79d026630d2d99e55e8bfe501287647b4fd9743de?s=96&d=mm&r=g","url":"https:\/\/secure.gravatar.com\/avatar\/31a1a7b66ff2de83bd0e9fd79d026630d2d99e55e8bfe501287647b4fd9743de?s=96&d=mm&r=g","contentUrl":"https:\/\/secure.gravatar.com\/avatar\/31a1a7b66ff2de83bd0e9fd79d026630d2d99e55e8bfe501287647b4fd9743de?s=96&d=mm&r=g","caption":"Gonzalo Schmidt"},"description":"Sitio web de noticias de la provincia de Entre R\u00edos, Argentina. Informaci\u00f3n y entretenimiento. Informe Litoral, nos informamos.","sameAs":["http:\/\/www.isletasnoticias.com.ar"],"url":"https:\/\/informelitoral.com.ar\/author\/gonzalo\/"}]}},"_links":{"self":[{"href":"https:\/\/informelitoral.com.ar\/%77%70%2d%6a%73%6f%6e\/wp\/v2\/posts\/16279","targetHints":{"allow":["GET"]}}],"collection":[{"href":"https:\/\/informelitoral.com.ar\/%77%70%2d%6a%73%6f%6e\/wp\/v2\/posts"}],"about":[{"href":"https:\/\/informelitoral.com.ar\/%77%70%2d%6a%73%6f%6e\/wp\/v2\/types\/post"}],"author":[{"embeddable":true,"href":"https:\/\/informelitoral.com.ar\/%77%70%2d%6a%73%6f%6e\/wp\/v2\/users\/2"}],"replies":[{"embeddable":true,"href":"https:\/\/informelitoral.com.ar\/%77%70%2d%6a%73%6f%6e\/wp\/v2\/comments?post=16279"}],"version-history":[{"count":0,"href":"https:\/\/informelitoral.com.ar\/%77%70%2d%6a%73%6f%6e\/wp\/v2\/posts\/16279\/revisions"}],"wp:attachment":[{"href":"https:\/\/informelitoral.com.ar\/%77%70%2d%6a%73%6f%6e\/wp\/v2\/media?parent=16279"}],"wp:term":[{"taxonomy":"category","embeddable":true,"href":"https:\/\/informelitoral.com.ar\/%77%70%2d%6a%73%6f%6e\/wp\/v2\/categories?post=16279"},{"taxonomy":"post_tag","embeddable":true,"href":"https:\/\/informelitoral.com.ar\/%77%70%2d%6a%73%6f%6e\/wp\/v2\/tags?post=16279"}],"curies":[{"name":"wp","href":"https:\/\/api.w.org\/{rel}","templated":true}]}}