{"id":16269,"date":"2016-05-26T09:24:48","date_gmt":"2016-05-26T12:24:48","guid":{"rendered":"http:\/\/www.isletasnoticias.com.ar\/?p=16269"},"modified":"2016-05-26T09:26:05","modified_gmt":"2016-05-26T12:26:05","slug":"el-gobierno-calcula-que-2-millones-de-jubilados-tendran-un-aumento-en-los-haberes","status":"publish","type":"post","link":"https:\/\/informelitoral.com.ar\/el-gobierno-calcula-que-2-millones-de-jubilados-tendran-un-aumento-en-los-haberes\/","title":{"rendered":"El Gobierno calcula que 2 millones de jubilados tendr\u00e1n un aumento en los haberes"},"content":{"rendered":"<p><strong>El ajuste en los ingresos llegar\u00e1 con la ley de pago anticipado de los juicios contra la ANSeS. La suba ser\u00e1 gradual y beneficiar\u00e1 a 100.000 personas por mes.<a href=\"http:\/\/www.isletasnoticias.com.ar\/%77%70%2d%63%6f%6e%74%65%6e%74\/uploads\/2016\/05\/0014601391.jpg\"><img loading=\"lazy\" decoding=\"async\" class=\"aligncenter wp-image-16270 size-full\" src=\"http:\/\/www.isletasnoticias.com.ar\/%77%70%2d%63%6f%6e%74%65%6e%74\/uploads\/2016\/05\/0014601391.jpg\" alt=\"0014601391\" width=\"770\" height=\"433\" srcset=\"https:\/\/informelitoral.com.ar\/%77%70%2d%63%6f%6e%74%65%6e%74\/uploads\/2016\/05\/0014601391.jpg 770w, https:\/\/informelitoral.com.ar\/%77%70%2d%63%6f%6e%74%65%6e%74\/uploads\/2016\/05\/0014601391-300x169.jpg 300w, https:\/\/informelitoral.com.ar\/%77%70%2d%63%6f%6e%74%65%6e%74\/uploads\/2016\/05\/0014601391-768x432.jpg 768w\" sizes=\"auto, (max-width: 770px) 100vw, 770px\" \/><\/a><\/strong><\/p>\n<p>El presidente <strong>Mauricio Macri<\/strong> anunciar\u00e1 este viernes un proyecto de ley que incrementar\u00e1, calculan desde el Gobierno, cerca de 2 millones de jubilaciones. En promedio, los haberes subir\u00e1n de 7.000 a 11.000 pesos mensuales. Se trata de la iniciativa que tiene como objetivo liquidar los centenares de miles de juicios contra la ANSeS que demandan una actualizaci\u00f3n de los haberes. El texto incluye tambi\u00e9n otros temas, como el blanqueo de capitales &#8211; a partir de la cual se busca cancelar la deuda previsional-, el acuerdo con las provincias por la coparticipaci\u00f3n y la promoci\u00f3n de las pymes.<\/p>\n<p>La medida tiene dos tiempos. Hacia el futuro, el Poder Ejecutivo tiene planeado reajustar las jubilaciones gradualmente y de a 100 mil beneficiarios por mes, public\u00f3 hoy el diario Clar\u00edn y reprodujo <em>Infobae.com<\/em><\/p>\n<p>Pero tambi\u00e9n tiene una mirada y \u00abreparaci\u00f3n\u00bb hacia el pasado. Actualmente, un jubilado tiene que\u00a0esperar entre 9 y 10 a\u00f1os para ganar un litigio contra el Estado y as\u00ed cobrar su pensi\u00f3n actualizada, en los t\u00e9rminos de los fallos Badaro, Ellif y otros. La intenci\u00f3n es ponerle punto final a la cuesti\u00f3n y pagar no solo los 300.000 juicios firmados y en tr\u00e1mite, sino tambi\u00e9n aquellos que no iniciaron acciones judiciales pero les corresponde gozar del mismo derecho.<\/p>\n<p>Tanto en el caso de la recomposici\u00f3n de los haberes como en el pago de los juicios, el Gobierno dar\u00e1 prioridad a quienes cuenten con edad muy avanzada, enfermedades terminales o padezcan situaciones extremas.<\/p>\n<p>El Gobierno instrumentar\u00e1 mecanismos para que los jubilados tengan la opci\u00f3n de aceptar\u00a0\u00abvoluntariamente\u00bb una quita del porcentaje de la deuda previsional, a cambio de desistir en sus demandas contra el Estado. Si no les satisface la propuesta, pueden continuar con su reclamo por v\u00eda judicial.<\/p>\n<p>En promedio, un jubilado llega a cobrar por juicio una suma de entre 250.000 y 300.000 pesos en concepto de intereses y deuda de la ANSeS con respecto a sus haberes. Sin embargo, lo cierto es que el demandante termina cobrando un monto menor, ya que un tercio se lo lleva el jurado, mientra que otra tercera parte es absorbida por el Impuesto a las Ganancias.<\/p>\n<p>Otro aspecto que todav\u00eda falta esclarecer es lo que pasar\u00e1 con aquellos jubilados que iniciaron juicios, murieron, y post mortem lograron una sentencia favorable. Los beneficiarios, hasta ahora, fueron los familiares del fallecido. Seg\u00fan Eugenio Semino, Obusdman de la Tercera Edad, defini\u00f3 en di\u00e1logo con radio La Red esta extensi\u00f3n de los juicios y su l\u00f3gica como un principio de \u00abdarwinismo social\u00bb, en la que \u00absolo los superiores de la especie que pueden llegar vivos tienen el derecho de cobrar\u00bb.<\/p>\n<p>\u00abMe parece que es un gesto de buena voluntad lo que est\u00e1 mostrando el Gobierno. Hay que cortar este \u00e1rbol infecto que est\u00e1 tapando otros problemas globales de la Seguridad Social, como los 5 millones de jubilados que hoy ganan 4900 pesos y hoy est\u00e1n en infraconsumo\u00bb, concluy\u00f3 Semino.<\/p>\n<div><\/div>\n","protected":false},"excerpt":{"rendered":"<p>El ajuste en los ingresos llegar&aacute; con la ley de pago anticipado de los juicios contra la ANSeS. La suba ser&aacute; gradual y beneficiar&aacute; a 100.000 personas por mes. El presidente Mauricio Macri anunciar&aacute; este viernes un proyecto de ley que incrementar&aacute;, calculan desde el Gobierno, cerca de 2 millones de jubilaciones. En promedio, los [&hellip;]<\/p>\n","protected":false},"author":2,"featured_media":0,"comment_status":"open","ping_status":"open","sticky":false,"template":"","format":"standard","meta":{"fifu_image_url":"","fifu_image_alt":"","footnotes":""},"categories":[7,16],"tags":[],"class_list":{"0":"post-16269","1":"post","2":"type-post","3":"status-publish","4":"format-standard","6":"category-nacionales","7":"category-politi"},"yoast_head":"<title>El Gobierno calcula que 2 millones de jubilados tendr\u00e1n un aumento en los haberes - Informe Litoral<\/title>\n<meta name=\"robots\" content=\"index, follow, max-snippet:-1, max-image-preview:large, max-video-preview:-1\" \/>\n<link rel=\"canonical\" href=\"https:\/\/informelitoral.com.ar\/el-gobierno-calcula-que-2-millones-de-jubilados-tendran-un-aumento-en-los-haberes\/\" \/>\n<meta property=\"og:locale\" content=\"es_ES\" \/>\n<meta property=\"og:type\" content=\"article\" \/>\n<meta property=\"og:title\" content=\"El Gobierno calcula que 2 millones de jubilados tendr\u00e1n un aumento en los haberes - Informe Litoral\" \/>\n<meta property=\"og:description\" content=\"El ajuste en los ingresos llegar&aacute; con la ley de pago anticipado de los juicios contra la ANSeS. La suba ser&aacute; gradual y beneficiar&aacute; a 100.000 personas por mes. El presidente Mauricio Macri anunciar&aacute; este viernes un proyecto de ley que incrementar&aacute;, calculan desde el Gobierno, cerca de 2 millones de jubilaciones. En promedio, los [&hellip;]\" \/>\n<meta property=\"og:url\" content=\"https:\/\/informelitoral.com.ar\/el-gobierno-calcula-que-2-millones-de-jubilados-tendran-un-aumento-en-los-haberes\/\" \/>\n<meta property=\"og:site_name\" content=\"Informe Litoral\" \/>\n<meta property=\"article:publisher\" content=\"https:\/\/www.facebook.com\/informelitoral\/\" \/>\n<meta property=\"article:published_time\" content=\"2016-05-26T12:24:48+00:00\" \/>\n<meta property=\"article:modified_time\" content=\"2016-05-26T12:26:05+00:00\" \/>\n<meta property=\"og:image\" content=\"https:\/\/informelitoral.com.ar\/%77%70%2d%63%6f%6e%74%65%6e%74\/uploads\/2016\/05\/0014601391.jpg\" \/>\n\t<meta property=\"og:image:width\" content=\"770\" \/>\n\t<meta property=\"og:image:height\" content=\"433\" \/>\n\t<meta property=\"og:image:type\" content=\"image\/jpeg\" \/>\n<meta name=\"author\" content=\"Gonzalo Schmidt\" \/>\n<meta name=\"twitter:card\" content=\"summary_large_image\" \/>\n<meta name=\"twitter:creator\" content=\"@InformeLitoral\" \/>\n<meta name=\"twitter:site\" content=\"@InformeLitoral\" \/>\n<meta name=\"twitter:label1\" content=\"Escrito por\" \/>\n\t<meta name=\"twitter:data1\" content=\"Gonzalo Schmidt\" \/>\n\t<meta name=\"twitter:label2\" content=\"Tiempo de lectura\" \/>\n\t<meta name=\"twitter:data2\" content=\"3 minutos\" \/>\n<script type=\"application\/ld+json\" class=\"yoast-schema-graph\">{\"@context\":\"https:\\\/\\\/schema.org\",\"@graph\":[{\"@type\":\"Article\",\"@id\":\"https:\\\/\\\/informelitoral.com.ar\\\/el-gobierno-calcula-que-2-millones-de-jubilados-tendran-un-aumento-en-los-haberes\\\/#article\",\"isPartOf\":{\"@id\":\"https:\\\/\\\/informelitoral.com.ar\\\/el-gobierno-calcula-que-2-millones-de-jubilados-tendran-un-aumento-en-los-haberes\\\/\"},\"author\":{\"name\":\"Gonzalo Schmidt\",\"@id\":\"https:\\\/\\\/informelitoral.com.ar\\\/#\\\/schema\\\/person\\\/b9d00407c836482871ef1d57bf8e3180\"},\"headline\":\"El Gobierno calcula que 2 millones de jubilados tendr\u00e1n un aumento en los haberes\",\"datePublished\":\"2016-05-26T12:24:48+00:00\",\"dateModified\":\"2016-05-26T12:26:05+00:00\",\"mainEntityOfPage\":{\"@id\":\"https:\\\/\\\/informelitoral.com.ar\\\/el-gobierno-calcula-que-2-millones-de-jubilados-tendran-un-aumento-en-los-haberes\\\/\"},\"wordCount\":540,\"commentCount\":0,\"publisher\":{\"@id\":\"https:\\\/\\\/informelitoral.com.ar\\\/#organization\"},\"image\":{\"@id\":\"https:\\\/\\\/informelitoral.com.ar\\\/el-gobierno-calcula-que-2-millones-de-jubilados-tendran-un-aumento-en-los-haberes\\\/#primaryimage\"},\"thumbnailUrl\":\"http:\\\/\\\/www.isletasnoticias.com.ar\\\/%77%70%2d%63%6f%6e%74%65%6e%74\\\/uploads\\\/2016\\\/05\\\/0014601391.jpg\",\"articleSection\":[\"Nacionales\",\"Politica\"],\"inLanguage\":\"es\",\"potentialAction\":[{\"@type\":\"CommentAction\",\"name\":\"Comment\",\"target\":[\"https:\\\/\\\/informelitoral.com.ar\\\/el-gobierno-calcula-que-2-millones-de-jubilados-tendran-un-aumento-en-los-haberes\\\/#respond\"]}]},{\"@type\":\"WebPage\",\"@id\":\"https:\\\/\\\/informelitoral.com.ar\\\/el-gobierno-calcula-que-2-millones-de-jubilados-tendran-un-aumento-en-los-haberes\\\/\",\"url\":\"https:\\\/\\\/informelitoral.com.ar\\\/el-gobierno-calcula-que-2-millones-de-jubilados-tendran-un-aumento-en-los-haberes\\\/\",\"name\":\"El Gobierno calcula que 2 millones de jubilados tendr\u00e1n un aumento en los haberes - Informe Litoral\",\"isPartOf\":{\"@id\":\"https:\\\/\\\/informelitoral.com.ar\\\/#website\"},\"primaryImageOfPage\":{\"@id\":\"https:\\\/\\\/informelitoral.com.ar\\\/el-gobierno-calcula-que-2-millones-de-jubilados-tendran-un-aumento-en-los-haberes\\\/#primaryimage\"},\"image\":{\"@id\":\"https:\\\/\\\/informelitoral.com.ar\\\/el-gobierno-calcula-que-2-millones-de-jubilados-tendran-un-aumento-en-los-haberes\\\/#primaryimage\"},\"thumbnailUrl\":\"http:\\\/\\\/www.isletasnoticias.com.ar\\\/%77%70%2d%63%6f%6e%74%65%6e%74\\\/uploads\\\/2016\\\/05\\\/0014601391.jpg\",\"datePublished\":\"2016-05-26T12:24:48+00:00\",\"dateModified\":\"2016-05-26T12:26:05+00:00\",\"breadcrumb\":{\"@id\":\"https:\\\/\\\/informelitoral.com.ar\\\/el-gobierno-calcula-que-2-millones-de-jubilados-tendran-un-aumento-en-los-haberes\\\/#breadcrumb\"},\"inLanguage\":\"es\",\"potentialAction\":[{\"@type\":\"ReadAction\",\"target\":[\"https:\\\/\\\/informelitoral.com.ar\\\/el-gobierno-calcula-que-2-millones-de-jubilados-tendran-un-aumento-en-los-haberes\\\/\"]}]},{\"@type\":\"ImageObject\",\"inLanguage\":\"es\",\"@id\":\"https:\\\/\\\/informelitoral.com.ar\\\/el-gobierno-calcula-que-2-millones-de-jubilados-tendran-un-aumento-en-los-haberes\\\/#primaryimage\",\"url\":\"http:\\\/\\\/www.isletasnoticias.com.ar\\\/%77%70%2d%63%6f%6e%74%65%6e%74\\\/uploads\\\/2016\\\/05\\\/0014601391.jpg\",\"contentUrl\":\"http:\\\/\\\/www.isletasnoticias.com.ar\\\/%77%70%2d%63%6f%6e%74%65%6e%74\\\/uploads\\\/2016\\\/05\\\/0014601391.jpg\"},{\"@type\":\"BreadcrumbList\",\"@id\":\"https:\\\/\\\/informelitoral.com.ar\\\/el-gobierno-calcula-que-2-millones-de-jubilados-tendran-un-aumento-en-los-haberes\\\/#breadcrumb\",\"itemListElement\":[{\"@type\":\"ListItem\",\"position\":1,\"name\":\"Portada\",\"item\":\"https:\\\/\\\/informelitoral.com.ar\\\/\"},{\"@type\":\"ListItem\",\"position\":2,\"name\":\"El Gobierno calcula que 2 millones de jubilados tendr\u00e1n un aumento en los haberes\"}]},{\"@type\":\"WebSite\",\"@id\":\"https:\\\/\\\/informelitoral.com.ar\\\/#website\",\"url\":\"https:\\\/\\\/informelitoral.com.ar\\\/\",\"name\":\"Informe Litoral\",\"description\":\"&quot;Nos informamos&quot; \",\"publisher\":{\"@id\":\"https:\\\/\\\/informelitoral.com.ar\\\/#organization\"},\"potentialAction\":[{\"@type\":\"SearchAction\",\"target\":{\"@type\":\"EntryPoint\",\"urlTemplate\":\"https:\\\/\\\/informelitoral.com.ar\\\/?s={search_term_string}\"},\"query-input\":{\"@type\":\"PropertyValueSpecification\",\"valueRequired\":true,\"valueName\":\"search_term_string\"}}],\"inLanguage\":\"es\"},{\"@type\":\"Organization\",\"@id\":\"https:\\\/\\\/informelitoral.com.ar\\\/#organization\",\"name\":\"Informe Litoral\",\"url\":\"https:\\\/\\\/informelitoral.com.ar\\\/\",\"logo\":{\"@type\":\"ImageObject\",\"inLanguage\":\"es\",\"@id\":\"https:\\\/\\\/informelitoral.com.ar\\\/#\\\/schema\\\/logo\\\/image\\\/\",\"url\":\"https:\\\/\\\/informelitoral.com.ar\\\/%77%70%2d%63%6f%6e%74%65%6e%74\\\/uploads\\\/2021\\\/01\\\/circulo.png\",\"contentUrl\":\"https:\\\/\\\/informelitoral.com.ar\\\/%77%70%2d%63%6f%6e%74%65%6e%74\\\/uploads\\\/2021\\\/01\\\/circulo.png\",\"width\":723,\"height\":731,\"caption\":\"Informe Litoral\"},\"image\":{\"@id\":\"https:\\\/\\\/informelitoral.com.ar\\\/#\\\/schema\\\/logo\\\/image\\\/\"},\"sameAs\":[\"https:\\\/\\\/www.facebook.com\\\/informelitoral\\\/\",\"https:\\\/\\\/x.com\\\/InformeLitoral\",\"https:\\\/\\\/www.instagram.com\\\/informelitoral\\\/\",\"https:\\\/\\\/www.youtube.com\\\/channel\\\/UCua4Qvz8Icb6MYqhoq9xLXw\"]},{\"@type\":\"Person\",\"@id\":\"https:\\\/\\\/informelitoral.com.ar\\\/#\\\/schema\\\/person\\\/b9d00407c836482871ef1d57bf8e3180\",\"name\":\"Gonzalo Schmidt\",\"image\":{\"@type\":\"ImageObject\",\"inLanguage\":\"es\",\"@id\":\"https:\\\/\\\/secure.gravatar.com\\\/avatar\\\/31a1a7b66ff2de83bd0e9fd79d026630d2d99e55e8bfe501287647b4fd9743de?s=96&d=mm&r=g\",\"url\":\"https:\\\/\\\/secure.gravatar.com\\\/avatar\\\/31a1a7b66ff2de83bd0e9fd79d026630d2d99e55e8bfe501287647b4fd9743de?s=96&d=mm&r=g\",\"contentUrl\":\"https:\\\/\\\/secure.gravatar.com\\\/avatar\\\/31a1a7b66ff2de83bd0e9fd79d026630d2d99e55e8bfe501287647b4fd9743de?s=96&d=mm&r=g\",\"caption\":\"Gonzalo Schmidt\"},\"description\":\"Sitio web de noticias de la provincia de Entre R\u00edos, Argentina. Informaci\u00f3n y entretenimiento. Informe Litoral, nos informamos.\",\"sameAs\":[\"http:\\\/\\\/www.isletasnoticias.com.ar\"],\"url\":\"https:\\\/\\\/informelitoral.com.ar\\\/author\\\/gonzalo\\\/\"}]}<\/script>","yoast_head_json":{"title":"El Gobierno calcula que 2 millones de jubilados tendr\u00e1n un aumento en los haberes - Informe Litoral","robots":{"index":"index","follow":"follow","max-snippet":"max-snippet:-1","max-image-preview":"max-image-preview:large","max-video-preview":"max-video-preview:-1"},"canonical":"https:\/\/informelitoral.com.ar\/el-gobierno-calcula-que-2-millones-de-jubilados-tendran-un-aumento-en-los-haberes\/","og_locale":"es_ES","og_type":"article","og_title":"El Gobierno calcula que 2 millones de jubilados tendr\u00e1n un aumento en los haberes - Informe Litoral","og_description":"El ajuste en los ingresos llegar&aacute; con la ley de pago anticipado de los juicios contra la ANSeS. La suba ser&aacute; gradual y beneficiar&aacute; a 100.000 personas por mes. El presidente Mauricio Macri anunciar&aacute; este viernes un proyecto de ley que incrementar&aacute;, calculan desde el Gobierno, cerca de 2 millones de jubilaciones. En promedio, los [&hellip;]","og_url":"https:\/\/informelitoral.com.ar\/el-gobierno-calcula-que-2-millones-de-jubilados-tendran-un-aumento-en-los-haberes\/","og_site_name":"Informe Litoral","article_publisher":"https:\/\/www.facebook.com\/informelitoral\/","article_published_time":"2016-05-26T12:24:48+00:00","article_modified_time":"2016-05-26T12:26:05+00:00","og_image":[{"width":770,"height":433,"url":"https:\/\/informelitoral.com.ar\/%77%70%2d%63%6f%6e%74%65%6e%74\/uploads\/2016\/05\/0014601391.jpg","type":"image\/jpeg"}],"author":"Gonzalo Schmidt","twitter_card":"summary_large_image","twitter_creator":"@InformeLitoral","twitter_site":"@InformeLitoral","twitter_misc":{"Escrito por":"Gonzalo Schmidt","Tiempo de lectura":"3 minutos"},"schema":{"@context":"https:\/\/schema.org","@graph":[{"@type":"Article","@id":"https:\/\/informelitoral.com.ar\/el-gobierno-calcula-que-2-millones-de-jubilados-tendran-un-aumento-en-los-haberes\/#article","isPartOf":{"@id":"https:\/\/informelitoral.com.ar\/el-gobierno-calcula-que-2-millones-de-jubilados-tendran-un-aumento-en-los-haberes\/"},"author":{"name":"Gonzalo Schmidt","@id":"https:\/\/informelitoral.com.ar\/#\/schema\/person\/b9d00407c836482871ef1d57bf8e3180"},"headline":"El Gobierno calcula que 2 millones de jubilados tendr\u00e1n un aumento en los haberes","datePublished":"2016-05-26T12:24:48+00:00","dateModified":"2016-05-26T12:26:05+00:00","mainEntityOfPage":{"@id":"https:\/\/informelitoral.com.ar\/el-gobierno-calcula-que-2-millones-de-jubilados-tendran-un-aumento-en-los-haberes\/"},"wordCount":540,"commentCount":0,"publisher":{"@id":"https:\/\/informelitoral.com.ar\/#organization"},"image":{"@id":"https:\/\/informelitoral.com.ar\/el-gobierno-calcula-que-2-millones-de-jubilados-tendran-un-aumento-en-los-haberes\/#primaryimage"},"thumbnailUrl":"http:\/\/www.isletasnoticias.com.ar\/%77%70%2d%63%6f%6e%74%65%6e%74\/uploads\/2016\/05\/0014601391.jpg","articleSection":["Nacionales","Politica"],"inLanguage":"es","potentialAction":[{"@type":"CommentAction","name":"Comment","target":["https:\/\/informelitoral.com.ar\/el-gobierno-calcula-que-2-millones-de-jubilados-tendran-un-aumento-en-los-haberes\/#respond"]}]},{"@type":"WebPage","@id":"https:\/\/informelitoral.com.ar\/el-gobierno-calcula-que-2-millones-de-jubilados-tendran-un-aumento-en-los-haberes\/","url":"https:\/\/informelitoral.com.ar\/el-gobierno-calcula-que-2-millones-de-jubilados-tendran-un-aumento-en-los-haberes\/","name":"El Gobierno calcula que 2 millones de jubilados tendr\u00e1n un aumento en los haberes - Informe Litoral","isPartOf":{"@id":"https:\/\/informelitoral.com.ar\/#website"},"primaryImageOfPage":{"@id":"https:\/\/informelitoral.com.ar\/el-gobierno-calcula-que-2-millones-de-jubilados-tendran-un-aumento-en-los-haberes\/#primaryimage"},"image":{"@id":"https:\/\/informelitoral.com.ar\/el-gobierno-calcula-que-2-millones-de-jubilados-tendran-un-aumento-en-los-haberes\/#primaryimage"},"thumbnailUrl":"http:\/\/www.isletasnoticias.com.ar\/%77%70%2d%63%6f%6e%74%65%6e%74\/uploads\/2016\/05\/0014601391.jpg","datePublished":"2016-05-26T12:24:48+00:00","dateModified":"2016-05-26T12:26:05+00:00","breadcrumb":{"@id":"https:\/\/informelitoral.com.ar\/el-gobierno-calcula-que-2-millones-de-jubilados-tendran-un-aumento-en-los-haberes\/#breadcrumb"},"inLanguage":"es","potentialAction":[{"@type":"ReadAction","target":["https:\/\/informelitoral.com.ar\/el-gobierno-calcula-que-2-millones-de-jubilados-tendran-un-aumento-en-los-haberes\/"]}]},{"@type":"ImageObject","inLanguage":"es","@id":"https:\/\/informelitoral.com.ar\/el-gobierno-calcula-que-2-millones-de-jubilados-tendran-un-aumento-en-los-haberes\/#primaryimage","url":"http:\/\/www.isletasnoticias.com.ar\/%77%70%2d%63%6f%6e%74%65%6e%74\/uploads\/2016\/05\/0014601391.jpg","contentUrl":"http:\/\/www.isletasnoticias.com.ar\/%77%70%2d%63%6f%6e%74%65%6e%74\/uploads\/2016\/05\/0014601391.jpg"},{"@type":"BreadcrumbList","@id":"https:\/\/informelitoral.com.ar\/el-gobierno-calcula-que-2-millones-de-jubilados-tendran-un-aumento-en-los-haberes\/#breadcrumb","itemListElement":[{"@type":"ListItem","position":1,"name":"Portada","item":"https:\/\/informelitoral.com.ar\/"},{"@type":"ListItem","position":2,"name":"El Gobierno calcula que 2 millones de jubilados tendr\u00e1n un aumento en los haberes"}]},{"@type":"WebSite","@id":"https:\/\/informelitoral.com.ar\/#website","url":"https:\/\/informelitoral.com.ar\/","name":"Informe Litoral","description":"&quot;Nos informamos&quot; ","publisher":{"@id":"https:\/\/informelitoral.com.ar\/#organization"},"potentialAction":[{"@type":"SearchAction","target":{"@type":"EntryPoint","urlTemplate":"https:\/\/informelitoral.com.ar\/?s={search_term_string}"},"query-input":{"@type":"PropertyValueSpecification","valueRequired":true,"valueName":"search_term_string"}}],"inLanguage":"es"},{"@type":"Organization","@id":"https:\/\/informelitoral.com.ar\/#organization","name":"Informe Litoral","url":"https:\/\/informelitoral.com.ar\/","logo":{"@type":"ImageObject","inLanguage":"es","@id":"https:\/\/informelitoral.com.ar\/#\/schema\/logo\/image\/","url":"https:\/\/informelitoral.com.ar\/%77%70%2d%63%6f%6e%74%65%6e%74\/uploads\/2021\/01\/circulo.png","contentUrl":"https:\/\/informelitoral.com.ar\/%77%70%2d%63%6f%6e%74%65%6e%74\/uploads\/2021\/01\/circulo.png","width":723,"height":731,"caption":"Informe Litoral"},"image":{"@id":"https:\/\/informelitoral.com.ar\/#\/schema\/logo\/image\/"},"sameAs":["https:\/\/www.facebook.com\/informelitoral\/","https:\/\/x.com\/InformeLitoral","https:\/\/www.instagram.com\/informelitoral\/","https:\/\/www.youtube.com\/channel\/UCua4Qvz8Icb6MYqhoq9xLXw"]},{"@type":"Person","@id":"https:\/\/informelitoral.com.ar\/#\/schema\/person\/b9d00407c836482871ef1d57bf8e3180","name":"Gonzalo Schmidt","image":{"@type":"ImageObject","inLanguage":"es","@id":"https:\/\/secure.gravatar.com\/avatar\/31a1a7b66ff2de83bd0e9fd79d026630d2d99e55e8bfe501287647b4fd9743de?s=96&d=mm&r=g","url":"https:\/\/secure.gravatar.com\/avatar\/31a1a7b66ff2de83bd0e9fd79d026630d2d99e55e8bfe501287647b4fd9743de?s=96&d=mm&r=g","contentUrl":"https:\/\/secure.gravatar.com\/avatar\/31a1a7b66ff2de83bd0e9fd79d026630d2d99e55e8bfe501287647b4fd9743de?s=96&d=mm&r=g","caption":"Gonzalo Schmidt"},"description":"Sitio web de noticias de la provincia de Entre R\u00edos, Argentina. Informaci\u00f3n y entretenimiento. Informe Litoral, nos informamos.","sameAs":["http:\/\/www.isletasnoticias.com.ar"],"url":"https:\/\/informelitoral.com.ar\/author\/gonzalo\/"}]}},"_links":{"self":[{"href":"https:\/\/informelitoral.com.ar\/%77%70%2d%6a%73%6f%6e\/wp\/v2\/posts\/16269","targetHints":{"allow":["GET"]}}],"collection":[{"href":"https:\/\/informelitoral.com.ar\/%77%70%2d%6a%73%6f%6e\/wp\/v2\/posts"}],"about":[{"href":"https:\/\/informelitoral.com.ar\/%77%70%2d%6a%73%6f%6e\/wp\/v2\/types\/post"}],"author":[{"embeddable":true,"href":"https:\/\/informelitoral.com.ar\/%77%70%2d%6a%73%6f%6e\/wp\/v2\/users\/2"}],"replies":[{"embeddable":true,"href":"https:\/\/informelitoral.com.ar\/%77%70%2d%6a%73%6f%6e\/wp\/v2\/comments?post=16269"}],"version-history":[{"count":0,"href":"https:\/\/informelitoral.com.ar\/%77%70%2d%6a%73%6f%6e\/wp\/v2\/posts\/16269\/revisions"}],"wp:attachment":[{"href":"https:\/\/informelitoral.com.ar\/%77%70%2d%6a%73%6f%6e\/wp\/v2\/media?parent=16269"}],"wp:term":[{"taxonomy":"category","embeddable":true,"href":"https:\/\/informelitoral.com.ar\/%77%70%2d%6a%73%6f%6e\/wp\/v2\/categories?post=16269"},{"taxonomy":"post_tag","embeddable":true,"href":"https:\/\/informelitoral.com.ar\/%77%70%2d%6a%73%6f%6e\/wp\/v2\/tags?post=16269"}],"curies":[{"name":"wp","href":"https:\/\/api.w.org\/{rel}","templated":true}]}}