{"id":16264,"date":"2016-05-26T09:12:19","date_gmt":"2016-05-26T12:12:19","guid":{"rendered":"http:\/\/www.isletasnoticias.com.ar\/?p=16264"},"modified":"2016-05-26T09:16:35","modified_gmt":"2016-05-26T12:16:35","slug":"ramirez-un-porcentaje-de-la-recaudacion-de-la-fiesta-del-chopp-se-destinara-a-una-escuela","status":"publish","type":"post","link":"https:\/\/informelitoral.com.ar\/ramirez-un-porcentaje-de-la-recaudacion-de-la-fiesta-del-chopp-se-destinara-a-una-escuela\/","title":{"rendered":"Ram\u00edrez: un porcentaje de la recaudaci\u00f3n de la Fiesta del Chopp se destinar\u00e1 a una escuela"},"content":{"rendered":"<p><strong>La instituci\u00f3n beneficiada ser\u00e1 la Escuela de Educaci\u00f3n Integral N\u00b0 5, Alborada de esa ciudad del departamento Diamante. Lo reiter\u00f3 uno de los organizadores en el programa <em>Uno por Semana<\/em> de <em>GES Medios.<\/em> La fiesta se realizar\u00e1 el 25 de septiembre.\u00a0<\/strong><\/p>\n<figure id=\"attachment_16265\" aria-describedby=\"caption-attachment-16265\" style=\"width: 570px\" class=\"wp-caption aligncenter\"><a href=\"http:\/\/www.isletasnoticias.com.ar\/%77%70%2d%63%6f%6e%74%65%6e%74\/uploads\/2016\/05\/1462478014.jpg\"><img loading=\"lazy\" decoding=\"async\" class=\"wp-image-16265 \" src=\"http:\/\/www.isletasnoticias.com.ar\/%77%70%2d%63%6f%6e%74%65%6e%74\/uploads\/2016\/05\/1462478014.jpg\" alt=\"1462478014\" width=\"570\" height=\"382\" srcset=\"https:\/\/informelitoral.com.ar\/%77%70%2d%63%6f%6e%74%65%6e%74\/uploads\/2016\/05\/1462478014.jpg 671w, https:\/\/informelitoral.com.ar\/%77%70%2d%63%6f%6e%74%65%6e%74\/uploads\/2016\/05\/1462478014-300x201.jpg 300w\" sizes=\"auto, (max-width: 570px) 100vw, 570px\" \/><\/a><figcaption id=\"caption-attachment-16265\" class=\"wp-caption-text\"><em><strong>Foto:<\/strong> el 25 de septiembre se realizar\u00e1 la Primera Fiesta Zonal del Chopp en Ram\u00edrez.<\/em><\/figcaption><\/figure>\n<p>El <strong>domingo 25 de septiembre<\/strong>, desde las 11.30, se realizar\u00e1 la Primera<strong> Fiesta Zonal del Chopp\u00a0<\/strong>en <strong>General Ram\u00edrez<\/strong>.<\/p>\n<p>En di\u00e1logo con el programa radial <em>Uno por Semana de GES Medios<\/em>, que se emite los s\u00e1bados de 15.00 a 18.00 por <em>FM Eco 100.3, <\/em><strong>C\u00e9sar Erhardt, <\/strong>uno de los organizadores, reiter\u00f3 que<strong> un porcentaje de lo recaudado en el evento se destinar\u00e1 a la Escuela de Educaci\u00f3n Integral N\u00b0, Alborada <\/strong>de esa ciudad del departamento Diamante, para lo cual ya se reunieron con autoridades de la entidad. La donaci\u00f3n se realizar\u00e1 durante un programa del canal de cable local.<\/p>\n<p>Recordemos que la fiesta se llevar\u00e1 a cabo en el <strong>Sal\u00f3n de Usos M\u00faltiples del Complejo Educativo<\/strong> de esa ciudad y en la\u00a0oportunidad se presentar\u00e1 la <strong>Bandita Regional Alemana Edelweiss<\/strong> y <strong>Los Reyes del Volga<\/strong>, adem\u00e1s de un d\u00fao sorpresa. La animaci\u00f3n estar\u00e1 a cargo del comunicador social isletense\u00a0<strong>Gonzalo Schmidt<\/strong>.<\/p>\n<p>Tambi\u00e9n habr\u00e1 <strong>servicio de buffet<\/strong> con asado con cuero, choricitos, pata muslo, ensaladas y mesa dulce. Adem\u00e1s de servicio de cantina y venta de chopp. Erhardt tambi\u00e9n adelant\u00f3 que <strong>d\u00edas previos al evento se dar\u00e1n a conocer todos los precios de las comidas y bebidas<\/strong> que se vender\u00e1n durante la jornada \u00abpara que la gente vaya informada y no se encuentre con ninguna sorpresa\u00bb, expres\u00f3.<\/p>\n<p>Las entradas anticipadas ya est\u00e1n a la venta a un valor de $80 y en puerta costar\u00e1n $90. Por reservas y\/o mayor informaci\u00f3n, comunicarse al Cel.: (0343) 154167557. <em>(IN)<\/em><\/p>\n","protected":false},"excerpt":{"rendered":"<p>La instituci&oacute;n beneficiada ser&aacute; la Escuela de Educaci&oacute;n Integral N&deg; 5, Alborada de esa ciudad del departamento Diamante. Lo reiter&oacute; uno de los organizadores en el programa Uno por Semana de GES Medios. La fiesta se realizar&aacute; el 25 de septiembre.&nbsp; El domingo 25 de septiembre, desde las 11.30, se realizar&aacute; la Primera Fiesta Zonal [&hellip;]<\/p>\n","protected":false},"author":2,"featured_media":0,"comment_status":"open","ping_status":"open","sticky":false,"template":"","format":"standard","meta":{"fifu_image_url":"","fifu_image_alt":"","footnotes":""},"categories":[5,9],"tags":[],"class_list":{"0":"post-16264","1":"post","2":"type-post","3":"status-publish","4":"format-standard","6":"category-zonales","7":"category-sociedad"},"yoast_head":"<title>Ram\u00edrez: un porcentaje de la recaudaci\u00f3n de la Fiesta del Chopp se destinar\u00e1 a una escuela - Informe Litoral<\/title>\n<meta name=\"robots\" content=\"index, follow, max-snippet:-1, max-image-preview:large, max-video-preview:-1\" \/>\n<link rel=\"canonical\" href=\"https:\/\/informelitoral.com.ar\/ramirez-un-porcentaje-de-la-recaudacion-de-la-fiesta-del-chopp-se-destinara-a-una-escuela\/\" \/>\n<meta property=\"og:locale\" content=\"es_ES\" \/>\n<meta property=\"og:type\" content=\"article\" \/>\n<meta property=\"og:title\" content=\"Ram\u00edrez: un porcentaje de la recaudaci\u00f3n de la Fiesta del Chopp se destinar\u00e1 a una escuela - Informe Litoral\" \/>\n<meta property=\"og:description\" content=\"La instituci&oacute;n beneficiada ser&aacute; la Escuela de Educaci&oacute;n Integral N&deg; 5, Alborada de esa ciudad del departamento Diamante. Lo reiter&oacute; uno de los organizadores en el programa Uno por Semana de GES Medios. La fiesta se realizar&aacute; el 25 de septiembre.&nbsp; El domingo 25 de septiembre, desde las 11.30, se realizar&aacute; la Primera Fiesta Zonal [&hellip;]\" \/>\n<meta property=\"og:url\" content=\"https:\/\/informelitoral.com.ar\/ramirez-un-porcentaje-de-la-recaudacion-de-la-fiesta-del-chopp-se-destinara-a-una-escuela\/\" \/>\n<meta property=\"og:site_name\" content=\"Informe Litoral\" \/>\n<meta property=\"article:publisher\" content=\"https:\/\/www.facebook.com\/informelitoral\/\" \/>\n<meta property=\"article:published_time\" content=\"2016-05-26T12:12:19+00:00\" \/>\n<meta property=\"article:modified_time\" content=\"2016-05-26T12:16:35+00:00\" \/>\n<meta property=\"og:image\" content=\"https:\/\/informelitoral.com.ar\/%77%70%2d%63%6f%6e%74%65%6e%74\/uploads\/2016\/05\/1462478014.jpg\" \/>\n\t<meta property=\"og:image:width\" content=\"671\" \/>\n\t<meta property=\"og:image:height\" content=\"450\" \/>\n\t<meta property=\"og:image:type\" content=\"image\/jpeg\" \/>\n<meta name=\"author\" content=\"Gonzalo Schmidt\" \/>\n<meta name=\"twitter:card\" content=\"summary_large_image\" \/>\n<meta name=\"twitter:creator\" content=\"@InformeLitoral\" \/>\n<meta name=\"twitter:site\" content=\"@InformeLitoral\" \/>\n<meta name=\"twitter:label1\" content=\"Escrito por\" \/>\n\t<meta name=\"twitter:data1\" content=\"Gonzalo Schmidt\" \/>\n\t<meta name=\"twitter:label2\" content=\"Tiempo de lectura\" \/>\n\t<meta name=\"twitter:data2\" content=\"2 minutos\" \/>\n<script type=\"application\/ld+json\" class=\"yoast-schema-graph\">{\"@context\":\"https:\\\/\\\/schema.org\",\"@graph\":[{\"@type\":\"Article\",\"@id\":\"https:\\\/\\\/informelitoral.com.ar\\\/ramirez-un-porcentaje-de-la-recaudacion-de-la-fiesta-del-chopp-se-destinara-a-una-escuela\\\/#article\",\"isPartOf\":{\"@id\":\"https:\\\/\\\/informelitoral.com.ar\\\/ramirez-un-porcentaje-de-la-recaudacion-de-la-fiesta-del-chopp-se-destinara-a-una-escuela\\\/\"},\"author\":{\"name\":\"Gonzalo Schmidt\",\"@id\":\"https:\\\/\\\/informelitoral.com.ar\\\/#\\\/schema\\\/person\\\/b9d00407c836482871ef1d57bf8e3180\"},\"headline\":\"Ram\u00edrez: un porcentaje de la recaudaci\u00f3n de la Fiesta del Chopp se destinar\u00e1 a una escuela\",\"datePublished\":\"2016-05-26T12:12:19+00:00\",\"dateModified\":\"2016-05-26T12:16:35+00:00\",\"mainEntityOfPage\":{\"@id\":\"https:\\\/\\\/informelitoral.com.ar\\\/ramirez-un-porcentaje-de-la-recaudacion-de-la-fiesta-del-chopp-se-destinara-a-una-escuela\\\/\"},\"wordCount\":338,\"commentCount\":0,\"publisher\":{\"@id\":\"https:\\\/\\\/informelitoral.com.ar\\\/#organization\"},\"image\":{\"@id\":\"https:\\\/\\\/informelitoral.com.ar\\\/ramirez-un-porcentaje-de-la-recaudacion-de-la-fiesta-del-chopp-se-destinara-a-una-escuela\\\/#primaryimage\"},\"thumbnailUrl\":\"http:\\\/\\\/www.isletasnoticias.com.ar\\\/%77%70%2d%63%6f%6e%74%65%6e%74\\\/uploads\\\/2016\\\/05\\\/1462478014.jpg\",\"articleSection\":[\"Departamento Diamante\",\"Sociedad\"],\"inLanguage\":\"es\",\"potentialAction\":[{\"@type\":\"CommentAction\",\"name\":\"Comment\",\"target\":[\"https:\\\/\\\/informelitoral.com.ar\\\/ramirez-un-porcentaje-de-la-recaudacion-de-la-fiesta-del-chopp-se-destinara-a-una-escuela\\\/#respond\"]}]},{\"@type\":\"WebPage\",\"@id\":\"https:\\\/\\\/informelitoral.com.ar\\\/ramirez-un-porcentaje-de-la-recaudacion-de-la-fiesta-del-chopp-se-destinara-a-una-escuela\\\/\",\"url\":\"https:\\\/\\\/informelitoral.com.ar\\\/ramirez-un-porcentaje-de-la-recaudacion-de-la-fiesta-del-chopp-se-destinara-a-una-escuela\\\/\",\"name\":\"Ram\u00edrez: un porcentaje de la recaudaci\u00f3n de la Fiesta del Chopp se destinar\u00e1 a una escuela - Informe Litoral\",\"isPartOf\":{\"@id\":\"https:\\\/\\\/informelitoral.com.ar\\\/#website\"},\"primaryImageOfPage\":{\"@id\":\"https:\\\/\\\/informelitoral.com.ar\\\/ramirez-un-porcentaje-de-la-recaudacion-de-la-fiesta-del-chopp-se-destinara-a-una-escuela\\\/#primaryimage\"},\"image\":{\"@id\":\"https:\\\/\\\/informelitoral.com.ar\\\/ramirez-un-porcentaje-de-la-recaudacion-de-la-fiesta-del-chopp-se-destinara-a-una-escuela\\\/#primaryimage\"},\"thumbnailUrl\":\"http:\\\/\\\/www.isletasnoticias.com.ar\\\/%77%70%2d%63%6f%6e%74%65%6e%74\\\/uploads\\\/2016\\\/05\\\/1462478014.jpg\",\"datePublished\":\"2016-05-26T12:12:19+00:00\",\"dateModified\":\"2016-05-26T12:16:35+00:00\",\"breadcrumb\":{\"@id\":\"https:\\\/\\\/informelitoral.com.ar\\\/ramirez-un-porcentaje-de-la-recaudacion-de-la-fiesta-del-chopp-se-destinara-a-una-escuela\\\/#breadcrumb\"},\"inLanguage\":\"es\",\"potentialAction\":[{\"@type\":\"ReadAction\",\"target\":[\"https:\\\/\\\/informelitoral.com.ar\\\/ramirez-un-porcentaje-de-la-recaudacion-de-la-fiesta-del-chopp-se-destinara-a-una-escuela\\\/\"]}]},{\"@type\":\"ImageObject\",\"inLanguage\":\"es\",\"@id\":\"https:\\\/\\\/informelitoral.com.ar\\\/ramirez-un-porcentaje-de-la-recaudacion-de-la-fiesta-del-chopp-se-destinara-a-una-escuela\\\/#primaryimage\",\"url\":\"http:\\\/\\\/www.isletasnoticias.com.ar\\\/%77%70%2d%63%6f%6e%74%65%6e%74\\\/uploads\\\/2016\\\/05\\\/1462478014.jpg\",\"contentUrl\":\"http:\\\/\\\/www.isletasnoticias.com.ar\\\/%77%70%2d%63%6f%6e%74%65%6e%74\\\/uploads\\\/2016\\\/05\\\/1462478014.jpg\"},{\"@type\":\"BreadcrumbList\",\"@id\":\"https:\\\/\\\/informelitoral.com.ar\\\/ramirez-un-porcentaje-de-la-recaudacion-de-la-fiesta-del-chopp-se-destinara-a-una-escuela\\\/#breadcrumb\",\"itemListElement\":[{\"@type\":\"ListItem\",\"position\":1,\"name\":\"Portada\",\"item\":\"https:\\\/\\\/informelitoral.com.ar\\\/\"},{\"@type\":\"ListItem\",\"position\":2,\"name\":\"Ram\u00edrez: un porcentaje de la recaudaci\u00f3n de la Fiesta del Chopp se destinar\u00e1 a una escuela\"}]},{\"@type\":\"WebSite\",\"@id\":\"https:\\\/\\\/informelitoral.com.ar\\\/#website\",\"url\":\"https:\\\/\\\/informelitoral.com.ar\\\/\",\"name\":\"Informe Litoral\",\"description\":\"&quot;Nos informamos&quot; \",\"publisher\":{\"@id\":\"https:\\\/\\\/informelitoral.com.ar\\\/#organization\"},\"potentialAction\":[{\"@type\":\"SearchAction\",\"target\":{\"@type\":\"EntryPoint\",\"urlTemplate\":\"https:\\\/\\\/informelitoral.com.ar\\\/?s={search_term_string}\"},\"query-input\":{\"@type\":\"PropertyValueSpecification\",\"valueRequired\":true,\"valueName\":\"search_term_string\"}}],\"inLanguage\":\"es\"},{\"@type\":\"Organization\",\"@id\":\"https:\\\/\\\/informelitoral.com.ar\\\/#organization\",\"name\":\"Informe Litoral\",\"url\":\"https:\\\/\\\/informelitoral.com.ar\\\/\",\"logo\":{\"@type\":\"ImageObject\",\"inLanguage\":\"es\",\"@id\":\"https:\\\/\\\/informelitoral.com.ar\\\/#\\\/schema\\\/logo\\\/image\\\/\",\"url\":\"https:\\\/\\\/informelitoral.com.ar\\\/%77%70%2d%63%6f%6e%74%65%6e%74\\\/uploads\\\/2021\\\/01\\\/circulo.png\",\"contentUrl\":\"https:\\\/\\\/informelitoral.com.ar\\\/%77%70%2d%63%6f%6e%74%65%6e%74\\\/uploads\\\/2021\\\/01\\\/circulo.png\",\"width\":723,\"height\":731,\"caption\":\"Informe Litoral\"},\"image\":{\"@id\":\"https:\\\/\\\/informelitoral.com.ar\\\/#\\\/schema\\\/logo\\\/image\\\/\"},\"sameAs\":[\"https:\\\/\\\/www.facebook.com\\\/informelitoral\\\/\",\"https:\\\/\\\/x.com\\\/InformeLitoral\",\"https:\\\/\\\/www.instagram.com\\\/informelitoral\\\/\",\"https:\\\/\\\/www.youtube.com\\\/channel\\\/UCua4Qvz8Icb6MYqhoq9xLXw\"]},{\"@type\":\"Person\",\"@id\":\"https:\\\/\\\/informelitoral.com.ar\\\/#\\\/schema\\\/person\\\/b9d00407c836482871ef1d57bf8e3180\",\"name\":\"Gonzalo Schmidt\",\"image\":{\"@type\":\"ImageObject\",\"inLanguage\":\"es\",\"@id\":\"https:\\\/\\\/secure.gravatar.com\\\/avatar\\\/31a1a7b66ff2de83bd0e9fd79d026630d2d99e55e8bfe501287647b4fd9743de?s=96&d=mm&r=g\",\"url\":\"https:\\\/\\\/secure.gravatar.com\\\/avatar\\\/31a1a7b66ff2de83bd0e9fd79d026630d2d99e55e8bfe501287647b4fd9743de?s=96&d=mm&r=g\",\"contentUrl\":\"https:\\\/\\\/secure.gravatar.com\\\/avatar\\\/31a1a7b66ff2de83bd0e9fd79d026630d2d99e55e8bfe501287647b4fd9743de?s=96&d=mm&r=g\",\"caption\":\"Gonzalo Schmidt\"},\"description\":\"Sitio web de noticias de la provincia de Entre R\u00edos, Argentina. Informaci\u00f3n y entretenimiento. Informe Litoral, nos informamos.\",\"sameAs\":[\"http:\\\/\\\/www.isletasnoticias.com.ar\"],\"url\":\"https:\\\/\\\/informelitoral.com.ar\\\/author\\\/gonzalo\\\/\"}]}<\/script>","yoast_head_json":{"title":"Ram\u00edrez: un porcentaje de la recaudaci\u00f3n de la Fiesta del Chopp se destinar\u00e1 a una escuela - Informe Litoral","robots":{"index":"index","follow":"follow","max-snippet":"max-snippet:-1","max-image-preview":"max-image-preview:large","max-video-preview":"max-video-preview:-1"},"canonical":"https:\/\/informelitoral.com.ar\/ramirez-un-porcentaje-de-la-recaudacion-de-la-fiesta-del-chopp-se-destinara-a-una-escuela\/","og_locale":"es_ES","og_type":"article","og_title":"Ram\u00edrez: un porcentaje de la recaudaci\u00f3n de la Fiesta del Chopp se destinar\u00e1 a una escuela - Informe Litoral","og_description":"La instituci&oacute;n beneficiada ser&aacute; la Escuela de Educaci&oacute;n Integral N&deg; 5, Alborada de esa ciudad del departamento Diamante. Lo reiter&oacute; uno de los organizadores en el programa Uno por Semana de GES Medios. La fiesta se realizar&aacute; el 25 de septiembre.&nbsp; El domingo 25 de septiembre, desde las 11.30, se realizar&aacute; la Primera Fiesta Zonal [&hellip;]","og_url":"https:\/\/informelitoral.com.ar\/ramirez-un-porcentaje-de-la-recaudacion-de-la-fiesta-del-chopp-se-destinara-a-una-escuela\/","og_site_name":"Informe Litoral","article_publisher":"https:\/\/www.facebook.com\/informelitoral\/","article_published_time":"2016-05-26T12:12:19+00:00","article_modified_time":"2016-05-26T12:16:35+00:00","og_image":[{"width":671,"height":450,"url":"https:\/\/informelitoral.com.ar\/%77%70%2d%63%6f%6e%74%65%6e%74\/uploads\/2016\/05\/1462478014.jpg","type":"image\/jpeg"}],"author":"Gonzalo Schmidt","twitter_card":"summary_large_image","twitter_creator":"@InformeLitoral","twitter_site":"@InformeLitoral","twitter_misc":{"Escrito por":"Gonzalo Schmidt","Tiempo de lectura":"2 minutos"},"schema":{"@context":"https:\/\/schema.org","@graph":[{"@type":"Article","@id":"https:\/\/informelitoral.com.ar\/ramirez-un-porcentaje-de-la-recaudacion-de-la-fiesta-del-chopp-se-destinara-a-una-escuela\/#article","isPartOf":{"@id":"https:\/\/informelitoral.com.ar\/ramirez-un-porcentaje-de-la-recaudacion-de-la-fiesta-del-chopp-se-destinara-a-una-escuela\/"},"author":{"name":"Gonzalo Schmidt","@id":"https:\/\/informelitoral.com.ar\/#\/schema\/person\/b9d00407c836482871ef1d57bf8e3180"},"headline":"Ram\u00edrez: un porcentaje de la recaudaci\u00f3n de la Fiesta del Chopp se destinar\u00e1 a una escuela","datePublished":"2016-05-26T12:12:19+00:00","dateModified":"2016-05-26T12:16:35+00:00","mainEntityOfPage":{"@id":"https:\/\/informelitoral.com.ar\/ramirez-un-porcentaje-de-la-recaudacion-de-la-fiesta-del-chopp-se-destinara-a-una-escuela\/"},"wordCount":338,"commentCount":0,"publisher":{"@id":"https:\/\/informelitoral.com.ar\/#organization"},"image":{"@id":"https:\/\/informelitoral.com.ar\/ramirez-un-porcentaje-de-la-recaudacion-de-la-fiesta-del-chopp-se-destinara-a-una-escuela\/#primaryimage"},"thumbnailUrl":"http:\/\/www.isletasnoticias.com.ar\/%77%70%2d%63%6f%6e%74%65%6e%74\/uploads\/2016\/05\/1462478014.jpg","articleSection":["Departamento Diamante","Sociedad"],"inLanguage":"es","potentialAction":[{"@type":"CommentAction","name":"Comment","target":["https:\/\/informelitoral.com.ar\/ramirez-un-porcentaje-de-la-recaudacion-de-la-fiesta-del-chopp-se-destinara-a-una-escuela\/#respond"]}]},{"@type":"WebPage","@id":"https:\/\/informelitoral.com.ar\/ramirez-un-porcentaje-de-la-recaudacion-de-la-fiesta-del-chopp-se-destinara-a-una-escuela\/","url":"https:\/\/informelitoral.com.ar\/ramirez-un-porcentaje-de-la-recaudacion-de-la-fiesta-del-chopp-se-destinara-a-una-escuela\/","name":"Ram\u00edrez: un porcentaje de la recaudaci\u00f3n de la Fiesta del Chopp se destinar\u00e1 a una escuela - Informe Litoral","isPartOf":{"@id":"https:\/\/informelitoral.com.ar\/#website"},"primaryImageOfPage":{"@id":"https:\/\/informelitoral.com.ar\/ramirez-un-porcentaje-de-la-recaudacion-de-la-fiesta-del-chopp-se-destinara-a-una-escuela\/#primaryimage"},"image":{"@id":"https:\/\/informelitoral.com.ar\/ramirez-un-porcentaje-de-la-recaudacion-de-la-fiesta-del-chopp-se-destinara-a-una-escuela\/#primaryimage"},"thumbnailUrl":"http:\/\/www.isletasnoticias.com.ar\/%77%70%2d%63%6f%6e%74%65%6e%74\/uploads\/2016\/05\/1462478014.jpg","datePublished":"2016-05-26T12:12:19+00:00","dateModified":"2016-05-26T12:16:35+00:00","breadcrumb":{"@id":"https:\/\/informelitoral.com.ar\/ramirez-un-porcentaje-de-la-recaudacion-de-la-fiesta-del-chopp-se-destinara-a-una-escuela\/#breadcrumb"},"inLanguage":"es","potentialAction":[{"@type":"ReadAction","target":["https:\/\/informelitoral.com.ar\/ramirez-un-porcentaje-de-la-recaudacion-de-la-fiesta-del-chopp-se-destinara-a-una-escuela\/"]}]},{"@type":"ImageObject","inLanguage":"es","@id":"https:\/\/informelitoral.com.ar\/ramirez-un-porcentaje-de-la-recaudacion-de-la-fiesta-del-chopp-se-destinara-a-una-escuela\/#primaryimage","url":"http:\/\/www.isletasnoticias.com.ar\/%77%70%2d%63%6f%6e%74%65%6e%74\/uploads\/2016\/05\/1462478014.jpg","contentUrl":"http:\/\/www.isletasnoticias.com.ar\/%77%70%2d%63%6f%6e%74%65%6e%74\/uploads\/2016\/05\/1462478014.jpg"},{"@type":"BreadcrumbList","@id":"https:\/\/informelitoral.com.ar\/ramirez-un-porcentaje-de-la-recaudacion-de-la-fiesta-del-chopp-se-destinara-a-una-escuela\/#breadcrumb","itemListElement":[{"@type":"ListItem","position":1,"name":"Portada","item":"https:\/\/informelitoral.com.ar\/"},{"@type":"ListItem","position":2,"name":"Ram\u00edrez: un porcentaje de la recaudaci\u00f3n de la Fiesta del Chopp se destinar\u00e1 a una escuela"}]},{"@type":"WebSite","@id":"https:\/\/informelitoral.com.ar\/#website","url":"https:\/\/informelitoral.com.ar\/","name":"Informe Litoral","description":"&quot;Nos informamos&quot; ","publisher":{"@id":"https:\/\/informelitoral.com.ar\/#organization"},"potentialAction":[{"@type":"SearchAction","target":{"@type":"EntryPoint","urlTemplate":"https:\/\/informelitoral.com.ar\/?s={search_term_string}"},"query-input":{"@type":"PropertyValueSpecification","valueRequired":true,"valueName":"search_term_string"}}],"inLanguage":"es"},{"@type":"Organization","@id":"https:\/\/informelitoral.com.ar\/#organization","name":"Informe Litoral","url":"https:\/\/informelitoral.com.ar\/","logo":{"@type":"ImageObject","inLanguage":"es","@id":"https:\/\/informelitoral.com.ar\/#\/schema\/logo\/image\/","url":"https:\/\/informelitoral.com.ar\/%77%70%2d%63%6f%6e%74%65%6e%74\/uploads\/2021\/01\/circulo.png","contentUrl":"https:\/\/informelitoral.com.ar\/%77%70%2d%63%6f%6e%74%65%6e%74\/uploads\/2021\/01\/circulo.png","width":723,"height":731,"caption":"Informe Litoral"},"image":{"@id":"https:\/\/informelitoral.com.ar\/#\/schema\/logo\/image\/"},"sameAs":["https:\/\/www.facebook.com\/informelitoral\/","https:\/\/x.com\/InformeLitoral","https:\/\/www.instagram.com\/informelitoral\/","https:\/\/www.youtube.com\/channel\/UCua4Qvz8Icb6MYqhoq9xLXw"]},{"@type":"Person","@id":"https:\/\/informelitoral.com.ar\/#\/schema\/person\/b9d00407c836482871ef1d57bf8e3180","name":"Gonzalo Schmidt","image":{"@type":"ImageObject","inLanguage":"es","@id":"https:\/\/secure.gravatar.com\/avatar\/31a1a7b66ff2de83bd0e9fd79d026630d2d99e55e8bfe501287647b4fd9743de?s=96&d=mm&r=g","url":"https:\/\/secure.gravatar.com\/avatar\/31a1a7b66ff2de83bd0e9fd79d026630d2d99e55e8bfe501287647b4fd9743de?s=96&d=mm&r=g","contentUrl":"https:\/\/secure.gravatar.com\/avatar\/31a1a7b66ff2de83bd0e9fd79d026630d2d99e55e8bfe501287647b4fd9743de?s=96&d=mm&r=g","caption":"Gonzalo Schmidt"},"description":"Sitio web de noticias de la provincia de Entre R\u00edos, Argentina. Informaci\u00f3n y entretenimiento. Informe Litoral, nos informamos.","sameAs":["http:\/\/www.isletasnoticias.com.ar"],"url":"https:\/\/informelitoral.com.ar\/author\/gonzalo\/"}]}},"_links":{"self":[{"href":"https:\/\/informelitoral.com.ar\/%77%70%2d%6a%73%6f%6e\/wp\/v2\/posts\/16264","targetHints":{"allow":["GET"]}}],"collection":[{"href":"https:\/\/informelitoral.com.ar\/%77%70%2d%6a%73%6f%6e\/wp\/v2\/posts"}],"about":[{"href":"https:\/\/informelitoral.com.ar\/%77%70%2d%6a%73%6f%6e\/wp\/v2\/types\/post"}],"author":[{"embeddable":true,"href":"https:\/\/informelitoral.com.ar\/%77%70%2d%6a%73%6f%6e\/wp\/v2\/users\/2"}],"replies":[{"embeddable":true,"href":"https:\/\/informelitoral.com.ar\/%77%70%2d%6a%73%6f%6e\/wp\/v2\/comments?post=16264"}],"version-history":[{"count":0,"href":"https:\/\/informelitoral.com.ar\/%77%70%2d%6a%73%6f%6e\/wp\/v2\/posts\/16264\/revisions"}],"wp:attachment":[{"href":"https:\/\/informelitoral.com.ar\/%77%70%2d%6a%73%6f%6e\/wp\/v2\/media?parent=16264"}],"wp:term":[{"taxonomy":"category","embeddable":true,"href":"https:\/\/informelitoral.com.ar\/%77%70%2d%6a%73%6f%6e\/wp\/v2\/categories?post=16264"},{"taxonomy":"post_tag","embeddable":true,"href":"https:\/\/informelitoral.com.ar\/%77%70%2d%6a%73%6f%6e\/wp\/v2\/tags?post=16264"}],"curies":[{"name":"wp","href":"https:\/\/api.w.org\/{rel}","templated":true}]}}