{"id":1626,"date":"2013-05-09T23:32:51","date_gmt":"2013-05-10T02:32:51","guid":{"rendered":"http:\/\/www.isletasnoticias.com.ar\/?p=1626"},"modified":"2013-05-09T23:34:11","modified_gmt":"2013-05-10T02:34:11","slug":"se-emitira-un-certificado-para-que-los-productores-de-trigo-recuperen-las-retenciones","status":"publish","type":"post","link":"https:\/\/informelitoral.com.ar\/se-emitira-un-certificado-para-que-los-productores-de-trigo-recuperen-las-retenciones\/","title":{"rendered":"Se emitir\u00e1 un certificado para que los productores de trigo recuperen las retenciones"},"content":{"rendered":"<p><strong>El ministro de Producci\u00f3n, <em>Roberto Schunk<\/em>, asegur\u00f3 que la devoluci\u00f3n de retenciones para la exportaci\u00f3n de trigo \u201ces una medida muy bien pensada porque estimula la producci\u00f3n generando mayores saldos exportables, y a la vez, cuida la mesa de los argentinos. Adem\u00e1s, se aplicar\u00e1 mediante un mecanismo participativo y transparente, lo que garantiza su eficacia\u201d. Se emitir\u00e1 un certificado de producci\u00f3n que les permitir\u00e1 a quienes declaren su producci\u00f3n recuperar los derechos de exportaci\u00f3n.<\/strong><\/p>\n<p><a href=\"http:\/\/www.isletasnoticias.com.ar\/%77%70%2d%63%6f%6e%74%65%6e%74\/uploads\/2013\/05\/trigooo.jpg\"><img loading=\"lazy\" decoding=\"async\" class=\"size-medium wp-image-1627 alignleft\" alt=\"trigooo\" src=\"http:\/\/www.isletasnoticias.com.ar\/%77%70%2d%63%6f%6e%74%65%6e%74\/uploads\/2013\/05\/trigooo-300x225.jpg\" width=\"300\" height=\"225\" srcset=\"https:\/\/informelitoral.com.ar\/%77%70%2d%63%6f%6e%74%65%6e%74\/uploads\/2013\/05\/trigooo-300x225.jpg 300w, https:\/\/informelitoral.com.ar\/%77%70%2d%63%6f%6e%74%65%6e%74\/uploads\/2013\/05\/trigooo.jpg 400w\" sizes=\"auto, (max-width: 300px) 100vw, 300px\" \/><\/a><\/p>\n<p>La medida anunciada el lunes por la presidente <strong>Cristina Fern\u00e1ndez de Kirchner<\/strong> indica que se continuar\u00e1 cobrando el derecho de exportaciones al trigo con la salvedad de que ese dinero ser\u00e1 repartido entre todos los productores para que sea reinvertido. De esta manera la mandataria fundament\u00f3 que esto \u201cpermitir\u00e1 no trasladar los precios internacionales al mercado interno y se devolver\u00e1 la rentabilidad a la producci\u00f3n triguera\u00bb.<\/p>\n<p>Por su parte, el ministro Schunk explic\u00f3 que \u201cse emitir\u00e1 un certificado de producci\u00f3n que les permitir\u00e1 a quienes declaren su producci\u00f3n recuperar los derechos de exportaci\u00f3n al trigo. \u00c9stos ser\u00e1n administrados directamente por un fondo fiduciario, esto es, un fondo especial que va a administrar el Banco Naci\u00f3n y los cuales ser\u00e1n distribuidos entre todos los productores, y agreg\u00f3 que \u201cquienes m\u00e1s produzcan tendr\u00e1n mayor devoluci\u00f3n de retenciones a las exportaciones\u201d.<\/p>\n<p><strong>Contralor\u00a0<\/strong><\/p>\n<p>\u201cAdem\u00e1s habr\u00e1 un consejo asesor que estar\u00e1 integrado por los peque\u00f1os productores agrupados en Agricultores Federados Argentinos (AFA), la Asociaci\u00f3n de Cooperativas Argentinas (ACA), el Centro de Exportadores de Cereales (CEC) y la Federaci\u00f3n Argentina de la Industria Molinera (FAIM), que ser\u00e1n los responsables de controlar el ingreso y el otorgamiento de los fondeos a los productores\u201d se\u00f1al\u00f3 el funcionario.<\/p>\n<p>\u201cEs decir, es un espacio totalmente transparente donde todos los actores tienen que participar y creo francamente que esto va a cambiar totalmente las expectativas de nuestros productores\u201d, agreg\u00f3.<\/p>\n<p>Consultado sobre cu\u00e1l es la diferencia entonces de eliminar la retenci\u00f3n y c\u00f3mo afecta a la econom\u00eda hogare\u00f1a, Schunk indic\u00f3 que \u201cestamos hablando de una retenci\u00f3n del 23 por ciento y el hecho de eliminarla se ver\u00eda reflejado en la mesa de los argentinos. Me refiero a que si eliminamos las retenciones, autom\u00e1ticamente esto se trasladar\u00eda por ejemplo en el aumento del precio de la harina, el pan y dem\u00e1s derivados del trigo\u201d. \u201cPor lo tanto la alternativa que se ha establecido es cobrar la retenci\u00f3n, lo que mantiene el precio interno, y compensar a los productores para que mejore su rentabilidad\u201d, acot\u00f3.<\/p>\n<p>La ventaja estar\u00eda puesta tambi\u00e9n en el mecanismo de instrumentaci\u00f3n de la compensaci\u00f3n. \u201cEsto que se propone es importante porque en vez de que lo recaudado por derecho de exportaci\u00f3n vaya directamente al Tesoro Nacional, ir\u00e1 a un fideicomiso para que se distribuya en forma proporcional entre todos los productores. Por eso me parece una muy buena medida la que se ha adoptado en esta circunstancia\u201d, indic\u00f3 el ministro.<\/p>\n<p><strong>Algunos pasos y requerimientos\u00a0<\/strong><\/p>\n<p>Para obtener el beneficio, los productores deber\u00e1n declarar su producci\u00f3n en la Unidad de Coordinaci\u00f3n y Evaluaci\u00f3n de Subsidios al Consumo Interno (Ucesci). All\u00ed les otorgar\u00e1n un certificado que se cancelar\u00e1 luego en el Banco Naci\u00f3n.<\/p>\n<p>Con este certificado denominado Cepaga (Certificado de Est\u00edmulo para la Producci\u00f3n Agropecuaria Argentina), el productor se dirigir\u00e1 a la entidad bancaria para cobrar parte de lo que produjo.Se estima que a partir de febrero de 2014 es cuando se empezar\u00e1n a hacer los primeros reintegros.<\/p>\n<p>\u201cEsto ser\u00e1 muy transparente porque indudablemente los productores tendr\u00e1n que declarar cu\u00e1nto produjeron y se le va a emitir un certificado. Y luego, en proporci\u00f3n del total, van a concurrir a cobrar en ese fondo fiduciario que estar\u00e1 controlado por todas las organizaciones. Cuando mejor sea la producci\u00f3n, mucho m\u00e1s se va a distribuir\u201d dijo Schunk.<\/p>\n<p>\u201cLas condiciones est\u00e1n dadas para que esto funcione de la mejor manera, con el prop\u00f3sito de mejorar la producci\u00f3n de trigo. Esta medida no solamente tiene que ver con la rentabilidad del productor, sino que adem\u00e1s es important\u00edsima, desde el punto de vista de la diversificaci\u00f3n productiva\u201d, concluy\u00f3 el funcionario.<\/p>\n","protected":false},"excerpt":{"rendered":"<p>El ministro de Producci&oacute;n, Roberto Schunk, asegur&oacute; que la devoluci&oacute;n de retenciones para la exportaci&oacute;n de trigo &ldquo;es una medida muy bien pensada porque estimula la producci&oacute;n generando mayores saldos exportables, y a la vez, cuida la mesa de los argentinos. Adem&aacute;s, se aplicar&aacute; mediante un mecanismo participativo y transparente, lo que garantiza su eficacia&rdquo;. [&hellip;]<\/p>\n","protected":false},"author":2,"featured_media":0,"comment_status":"open","ping_status":"open","sticky":false,"template":"","format":"standard","meta":{"fifu_image_url":"","fifu_image_alt":"","footnotes":""},"categories":[10,16],"tags":[],"class_list":{"0":"post-1626","1":"post","2":"type-post","3":"status-publish","4":"format-standard","6":"category-campo","7":"category-politi"},"yoast_head":"<title>Se emitir\u00e1 un certificado para que los productores de trigo recuperen las retenciones - Informe Litoral<\/title>\n<meta name=\"robots\" content=\"index, follow, max-snippet:-1, max-image-preview:large, max-video-preview:-1\" \/>\n<link rel=\"canonical\" href=\"https:\/\/informelitoral.com.ar\/se-emitira-un-certificado-para-que-los-productores-de-trigo-recuperen-las-retenciones\/\" \/>\n<meta property=\"og:locale\" content=\"es_ES\" \/>\n<meta property=\"og:type\" content=\"article\" \/>\n<meta property=\"og:title\" content=\"Se emitir\u00e1 un certificado para que los productores de trigo recuperen las retenciones - Informe Litoral\" \/>\n<meta property=\"og:description\" content=\"El ministro de Producci&oacute;n, Roberto Schunk, asegur&oacute; que la devoluci&oacute;n de retenciones para la exportaci&oacute;n de trigo &ldquo;es una medida muy bien pensada porque estimula la producci&oacute;n generando mayores saldos exportables, y a la vez, cuida la mesa de los argentinos. Adem&aacute;s, se aplicar&aacute; mediante un mecanismo participativo y transparente, lo que garantiza su eficacia&rdquo;. [&hellip;]\" \/>\n<meta property=\"og:url\" content=\"https:\/\/informelitoral.com.ar\/se-emitira-un-certificado-para-que-los-productores-de-trigo-recuperen-las-retenciones\/\" \/>\n<meta property=\"og:site_name\" content=\"Informe Litoral\" \/>\n<meta property=\"article:publisher\" content=\"https:\/\/www.facebook.com\/informelitoral\/\" \/>\n<meta property=\"article:published_time\" content=\"2013-05-10T02:32:51+00:00\" \/>\n<meta property=\"article:modified_time\" content=\"2013-05-10T02:34:11+00:00\" \/>\n<meta property=\"og:image\" content=\"https:\/\/informelitoral.com.ar\/%77%70%2d%63%6f%6e%74%65%6e%74\/uploads\/2013\/05\/trigooo.jpg\" \/>\n\t<meta property=\"og:image:width\" content=\"400\" \/>\n\t<meta property=\"og:image:height\" content=\"300\" \/>\n\t<meta property=\"og:image:type\" content=\"image\/jpeg\" \/>\n<meta name=\"author\" content=\"Gonzalo Schmidt\" \/>\n<meta name=\"twitter:card\" content=\"summary_large_image\" \/>\n<meta name=\"twitter:creator\" content=\"@InformeLitoral\" \/>\n<meta name=\"twitter:site\" content=\"@InformeLitoral\" \/>\n<meta name=\"twitter:label1\" content=\"Escrito por\" \/>\n\t<meta name=\"twitter:data1\" content=\"Gonzalo Schmidt\" \/>\n\t<meta name=\"twitter:label2\" content=\"Tiempo de lectura\" \/>\n\t<meta name=\"twitter:data2\" content=\"4 minutos\" \/>\n<script type=\"application\/ld+json\" class=\"yoast-schema-graph\">{\"@context\":\"https:\\\/\\\/schema.org\",\"@graph\":[{\"@type\":\"Article\",\"@id\":\"https:\\\/\\\/informelitoral.com.ar\\\/se-emitira-un-certificado-para-que-los-productores-de-trigo-recuperen-las-retenciones\\\/#article\",\"isPartOf\":{\"@id\":\"https:\\\/\\\/informelitoral.com.ar\\\/se-emitira-un-certificado-para-que-los-productores-de-trigo-recuperen-las-retenciones\\\/\"},\"author\":{\"name\":\"Gonzalo Schmidt\",\"@id\":\"https:\\\/\\\/informelitoral.com.ar\\\/#\\\/schema\\\/person\\\/b9d00407c836482871ef1d57bf8e3180\"},\"headline\":\"Se emitir\u00e1 un certificado para que los productores de trigo recuperen las retenciones\",\"datePublished\":\"2013-05-10T02:32:51+00:00\",\"dateModified\":\"2013-05-10T02:34:11+00:00\",\"mainEntityOfPage\":{\"@id\":\"https:\\\/\\\/informelitoral.com.ar\\\/se-emitira-un-certificado-para-que-los-productores-de-trigo-recuperen-las-retenciones\\\/\"},\"wordCount\":738,\"commentCount\":0,\"publisher\":{\"@id\":\"https:\\\/\\\/informelitoral.com.ar\\\/#organization\"},\"image\":{\"@id\":\"https:\\\/\\\/informelitoral.com.ar\\\/se-emitira-un-certificado-para-que-los-productores-de-trigo-recuperen-las-retenciones\\\/#primaryimage\"},\"thumbnailUrl\":\"http:\\\/\\\/www.isletasnoticias.com.ar\\\/%77%70%2d%63%6f%6e%74%65%6e%74\\\/uploads\\\/2013\\\/05\\\/trigooo-300x225.jpg\",\"articleSection\":[\"Campo\",\"Politica\"],\"inLanguage\":\"es\",\"potentialAction\":[{\"@type\":\"CommentAction\",\"name\":\"Comment\",\"target\":[\"https:\\\/\\\/informelitoral.com.ar\\\/se-emitira-un-certificado-para-que-los-productores-de-trigo-recuperen-las-retenciones\\\/#respond\"]}]},{\"@type\":\"WebPage\",\"@id\":\"https:\\\/\\\/informelitoral.com.ar\\\/se-emitira-un-certificado-para-que-los-productores-de-trigo-recuperen-las-retenciones\\\/\",\"url\":\"https:\\\/\\\/informelitoral.com.ar\\\/se-emitira-un-certificado-para-que-los-productores-de-trigo-recuperen-las-retenciones\\\/\",\"name\":\"Se emitir\u00e1 un certificado para que los productores de trigo recuperen las retenciones - Informe Litoral\",\"isPartOf\":{\"@id\":\"https:\\\/\\\/informelitoral.com.ar\\\/#website\"},\"primaryImageOfPage\":{\"@id\":\"https:\\\/\\\/informelitoral.com.ar\\\/se-emitira-un-certificado-para-que-los-productores-de-trigo-recuperen-las-retenciones\\\/#primaryimage\"},\"image\":{\"@id\":\"https:\\\/\\\/informelitoral.com.ar\\\/se-emitira-un-certificado-para-que-los-productores-de-trigo-recuperen-las-retenciones\\\/#primaryimage\"},\"thumbnailUrl\":\"http:\\\/\\\/www.isletasnoticias.com.ar\\\/%77%70%2d%63%6f%6e%74%65%6e%74\\\/uploads\\\/2013\\\/05\\\/trigooo-300x225.jpg\",\"datePublished\":\"2013-05-10T02:32:51+00:00\",\"dateModified\":\"2013-05-10T02:34:11+00:00\",\"breadcrumb\":{\"@id\":\"https:\\\/\\\/informelitoral.com.ar\\\/se-emitira-un-certificado-para-que-los-productores-de-trigo-recuperen-las-retenciones\\\/#breadcrumb\"},\"inLanguage\":\"es\",\"potentialAction\":[{\"@type\":\"ReadAction\",\"target\":[\"https:\\\/\\\/informelitoral.com.ar\\\/se-emitira-un-certificado-para-que-los-productores-de-trigo-recuperen-las-retenciones\\\/\"]}]},{\"@type\":\"ImageObject\",\"inLanguage\":\"es\",\"@id\":\"https:\\\/\\\/informelitoral.com.ar\\\/se-emitira-un-certificado-para-que-los-productores-de-trigo-recuperen-las-retenciones\\\/#primaryimage\",\"url\":\"http:\\\/\\\/www.isletasnoticias.com.ar\\\/%77%70%2d%63%6f%6e%74%65%6e%74\\\/uploads\\\/2013\\\/05\\\/trigooo-300x225.jpg\",\"contentUrl\":\"http:\\\/\\\/www.isletasnoticias.com.ar\\\/%77%70%2d%63%6f%6e%74%65%6e%74\\\/uploads\\\/2013\\\/05\\\/trigooo-300x225.jpg\"},{\"@type\":\"BreadcrumbList\",\"@id\":\"https:\\\/\\\/informelitoral.com.ar\\\/se-emitira-un-certificado-para-que-los-productores-de-trigo-recuperen-las-retenciones\\\/#breadcrumb\",\"itemListElement\":[{\"@type\":\"ListItem\",\"position\":1,\"name\":\"Portada\",\"item\":\"https:\\\/\\\/informelitoral.com.ar\\\/\"},{\"@type\":\"ListItem\",\"position\":2,\"name\":\"Se emitir\u00e1 un certificado para que los productores de trigo recuperen las retenciones\"}]},{\"@type\":\"WebSite\",\"@id\":\"https:\\\/\\\/informelitoral.com.ar\\\/#website\",\"url\":\"https:\\\/\\\/informelitoral.com.ar\\\/\",\"name\":\"Informe Litoral\",\"description\":\"&quot;Nos informamos&quot; \",\"publisher\":{\"@id\":\"https:\\\/\\\/informelitoral.com.ar\\\/#organization\"},\"potentialAction\":[{\"@type\":\"SearchAction\",\"target\":{\"@type\":\"EntryPoint\",\"urlTemplate\":\"https:\\\/\\\/informelitoral.com.ar\\\/?s={search_term_string}\"},\"query-input\":{\"@type\":\"PropertyValueSpecification\",\"valueRequired\":true,\"valueName\":\"search_term_string\"}}],\"inLanguage\":\"es\"},{\"@type\":\"Organization\",\"@id\":\"https:\\\/\\\/informelitoral.com.ar\\\/#organization\",\"name\":\"Informe Litoral\",\"url\":\"https:\\\/\\\/informelitoral.com.ar\\\/\",\"logo\":{\"@type\":\"ImageObject\",\"inLanguage\":\"es\",\"@id\":\"https:\\\/\\\/informelitoral.com.ar\\\/#\\\/schema\\\/logo\\\/image\\\/\",\"url\":\"https:\\\/\\\/informelitoral.com.ar\\\/%77%70%2d%63%6f%6e%74%65%6e%74\\\/uploads\\\/2021\\\/01\\\/circulo.png\",\"contentUrl\":\"https:\\\/\\\/informelitoral.com.ar\\\/%77%70%2d%63%6f%6e%74%65%6e%74\\\/uploads\\\/2021\\\/01\\\/circulo.png\",\"width\":723,\"height\":731,\"caption\":\"Informe Litoral\"},\"image\":{\"@id\":\"https:\\\/\\\/informelitoral.com.ar\\\/#\\\/schema\\\/logo\\\/image\\\/\"},\"sameAs\":[\"https:\\\/\\\/www.facebook.com\\\/informelitoral\\\/\",\"https:\\\/\\\/x.com\\\/InformeLitoral\",\"https:\\\/\\\/www.instagram.com\\\/informelitoral\\\/\",\"https:\\\/\\\/www.youtube.com\\\/channel\\\/UCua4Qvz8Icb6MYqhoq9xLXw\"]},{\"@type\":\"Person\",\"@id\":\"https:\\\/\\\/informelitoral.com.ar\\\/#\\\/schema\\\/person\\\/b9d00407c836482871ef1d57bf8e3180\",\"name\":\"Gonzalo Schmidt\",\"image\":{\"@type\":\"ImageObject\",\"inLanguage\":\"es\",\"@id\":\"https:\\\/\\\/secure.gravatar.com\\\/avatar\\\/31a1a7b66ff2de83bd0e9fd79d026630d2d99e55e8bfe501287647b4fd9743de?s=96&d=mm&r=g\",\"url\":\"https:\\\/\\\/secure.gravatar.com\\\/avatar\\\/31a1a7b66ff2de83bd0e9fd79d026630d2d99e55e8bfe501287647b4fd9743de?s=96&d=mm&r=g\",\"contentUrl\":\"https:\\\/\\\/secure.gravatar.com\\\/avatar\\\/31a1a7b66ff2de83bd0e9fd79d026630d2d99e55e8bfe501287647b4fd9743de?s=96&d=mm&r=g\",\"caption\":\"Gonzalo Schmidt\"},\"description\":\"Sitio web de noticias de la provincia de Entre R\u00edos, Argentina. Informaci\u00f3n y entretenimiento. Informe Litoral, nos informamos.\",\"sameAs\":[\"http:\\\/\\\/www.isletasnoticias.com.ar\"],\"url\":\"https:\\\/\\\/informelitoral.com.ar\\\/author\\\/gonzalo\\\/\"}]}<\/script>","yoast_head_json":{"title":"Se emitir\u00e1 un certificado para que los productores de trigo recuperen las retenciones - Informe Litoral","robots":{"index":"index","follow":"follow","max-snippet":"max-snippet:-1","max-image-preview":"max-image-preview:large","max-video-preview":"max-video-preview:-1"},"canonical":"https:\/\/informelitoral.com.ar\/se-emitira-un-certificado-para-que-los-productores-de-trigo-recuperen-las-retenciones\/","og_locale":"es_ES","og_type":"article","og_title":"Se emitir\u00e1 un certificado para que los productores de trigo recuperen las retenciones - Informe Litoral","og_description":"El ministro de Producci&oacute;n, Roberto Schunk, asegur&oacute; que la devoluci&oacute;n de retenciones para la exportaci&oacute;n de trigo &ldquo;es una medida muy bien pensada porque estimula la producci&oacute;n generando mayores saldos exportables, y a la vez, cuida la mesa de los argentinos. Adem&aacute;s, se aplicar&aacute; mediante un mecanismo participativo y transparente, lo que garantiza su eficacia&rdquo;. [&hellip;]","og_url":"https:\/\/informelitoral.com.ar\/se-emitira-un-certificado-para-que-los-productores-de-trigo-recuperen-las-retenciones\/","og_site_name":"Informe Litoral","article_publisher":"https:\/\/www.facebook.com\/informelitoral\/","article_published_time":"2013-05-10T02:32:51+00:00","article_modified_time":"2013-05-10T02:34:11+00:00","og_image":[{"width":400,"height":300,"url":"https:\/\/informelitoral.com.ar\/%77%70%2d%63%6f%6e%74%65%6e%74\/uploads\/2013\/05\/trigooo.jpg","type":"image\/jpeg"}],"author":"Gonzalo Schmidt","twitter_card":"summary_large_image","twitter_creator":"@InformeLitoral","twitter_site":"@InformeLitoral","twitter_misc":{"Escrito por":"Gonzalo Schmidt","Tiempo de lectura":"4 minutos"},"schema":{"@context":"https:\/\/schema.org","@graph":[{"@type":"Article","@id":"https:\/\/informelitoral.com.ar\/se-emitira-un-certificado-para-que-los-productores-de-trigo-recuperen-las-retenciones\/#article","isPartOf":{"@id":"https:\/\/informelitoral.com.ar\/se-emitira-un-certificado-para-que-los-productores-de-trigo-recuperen-las-retenciones\/"},"author":{"name":"Gonzalo Schmidt","@id":"https:\/\/informelitoral.com.ar\/#\/schema\/person\/b9d00407c836482871ef1d57bf8e3180"},"headline":"Se emitir\u00e1 un certificado para que los productores de trigo recuperen las retenciones","datePublished":"2013-05-10T02:32:51+00:00","dateModified":"2013-05-10T02:34:11+00:00","mainEntityOfPage":{"@id":"https:\/\/informelitoral.com.ar\/se-emitira-un-certificado-para-que-los-productores-de-trigo-recuperen-las-retenciones\/"},"wordCount":738,"commentCount":0,"publisher":{"@id":"https:\/\/informelitoral.com.ar\/#organization"},"image":{"@id":"https:\/\/informelitoral.com.ar\/se-emitira-un-certificado-para-que-los-productores-de-trigo-recuperen-las-retenciones\/#primaryimage"},"thumbnailUrl":"http:\/\/www.isletasnoticias.com.ar\/%77%70%2d%63%6f%6e%74%65%6e%74\/uploads\/2013\/05\/trigooo-300x225.jpg","articleSection":["Campo","Politica"],"inLanguage":"es","potentialAction":[{"@type":"CommentAction","name":"Comment","target":["https:\/\/informelitoral.com.ar\/se-emitira-un-certificado-para-que-los-productores-de-trigo-recuperen-las-retenciones\/#respond"]}]},{"@type":"WebPage","@id":"https:\/\/informelitoral.com.ar\/se-emitira-un-certificado-para-que-los-productores-de-trigo-recuperen-las-retenciones\/","url":"https:\/\/informelitoral.com.ar\/se-emitira-un-certificado-para-que-los-productores-de-trigo-recuperen-las-retenciones\/","name":"Se emitir\u00e1 un certificado para que los productores de trigo recuperen las retenciones - Informe Litoral","isPartOf":{"@id":"https:\/\/informelitoral.com.ar\/#website"},"primaryImageOfPage":{"@id":"https:\/\/informelitoral.com.ar\/se-emitira-un-certificado-para-que-los-productores-de-trigo-recuperen-las-retenciones\/#primaryimage"},"image":{"@id":"https:\/\/informelitoral.com.ar\/se-emitira-un-certificado-para-que-los-productores-de-trigo-recuperen-las-retenciones\/#primaryimage"},"thumbnailUrl":"http:\/\/www.isletasnoticias.com.ar\/%77%70%2d%63%6f%6e%74%65%6e%74\/uploads\/2013\/05\/trigooo-300x225.jpg","datePublished":"2013-05-10T02:32:51+00:00","dateModified":"2013-05-10T02:34:11+00:00","breadcrumb":{"@id":"https:\/\/informelitoral.com.ar\/se-emitira-un-certificado-para-que-los-productores-de-trigo-recuperen-las-retenciones\/#breadcrumb"},"inLanguage":"es","potentialAction":[{"@type":"ReadAction","target":["https:\/\/informelitoral.com.ar\/se-emitira-un-certificado-para-que-los-productores-de-trigo-recuperen-las-retenciones\/"]}]},{"@type":"ImageObject","inLanguage":"es","@id":"https:\/\/informelitoral.com.ar\/se-emitira-un-certificado-para-que-los-productores-de-trigo-recuperen-las-retenciones\/#primaryimage","url":"http:\/\/www.isletasnoticias.com.ar\/%77%70%2d%63%6f%6e%74%65%6e%74\/uploads\/2013\/05\/trigooo-300x225.jpg","contentUrl":"http:\/\/www.isletasnoticias.com.ar\/%77%70%2d%63%6f%6e%74%65%6e%74\/uploads\/2013\/05\/trigooo-300x225.jpg"},{"@type":"BreadcrumbList","@id":"https:\/\/informelitoral.com.ar\/se-emitira-un-certificado-para-que-los-productores-de-trigo-recuperen-las-retenciones\/#breadcrumb","itemListElement":[{"@type":"ListItem","position":1,"name":"Portada","item":"https:\/\/informelitoral.com.ar\/"},{"@type":"ListItem","position":2,"name":"Se emitir\u00e1 un certificado para que los productores de trigo recuperen las retenciones"}]},{"@type":"WebSite","@id":"https:\/\/informelitoral.com.ar\/#website","url":"https:\/\/informelitoral.com.ar\/","name":"Informe Litoral","description":"&quot;Nos informamos&quot; ","publisher":{"@id":"https:\/\/informelitoral.com.ar\/#organization"},"potentialAction":[{"@type":"SearchAction","target":{"@type":"EntryPoint","urlTemplate":"https:\/\/informelitoral.com.ar\/?s={search_term_string}"},"query-input":{"@type":"PropertyValueSpecification","valueRequired":true,"valueName":"search_term_string"}}],"inLanguage":"es"},{"@type":"Organization","@id":"https:\/\/informelitoral.com.ar\/#organization","name":"Informe Litoral","url":"https:\/\/informelitoral.com.ar\/","logo":{"@type":"ImageObject","inLanguage":"es","@id":"https:\/\/informelitoral.com.ar\/#\/schema\/logo\/image\/","url":"https:\/\/informelitoral.com.ar\/%77%70%2d%63%6f%6e%74%65%6e%74\/uploads\/2021\/01\/circulo.png","contentUrl":"https:\/\/informelitoral.com.ar\/%77%70%2d%63%6f%6e%74%65%6e%74\/uploads\/2021\/01\/circulo.png","width":723,"height":731,"caption":"Informe Litoral"},"image":{"@id":"https:\/\/informelitoral.com.ar\/#\/schema\/logo\/image\/"},"sameAs":["https:\/\/www.facebook.com\/informelitoral\/","https:\/\/x.com\/InformeLitoral","https:\/\/www.instagram.com\/informelitoral\/","https:\/\/www.youtube.com\/channel\/UCua4Qvz8Icb6MYqhoq9xLXw"]},{"@type":"Person","@id":"https:\/\/informelitoral.com.ar\/#\/schema\/person\/b9d00407c836482871ef1d57bf8e3180","name":"Gonzalo Schmidt","image":{"@type":"ImageObject","inLanguage":"es","@id":"https:\/\/secure.gravatar.com\/avatar\/31a1a7b66ff2de83bd0e9fd79d026630d2d99e55e8bfe501287647b4fd9743de?s=96&d=mm&r=g","url":"https:\/\/secure.gravatar.com\/avatar\/31a1a7b66ff2de83bd0e9fd79d026630d2d99e55e8bfe501287647b4fd9743de?s=96&d=mm&r=g","contentUrl":"https:\/\/secure.gravatar.com\/avatar\/31a1a7b66ff2de83bd0e9fd79d026630d2d99e55e8bfe501287647b4fd9743de?s=96&d=mm&r=g","caption":"Gonzalo Schmidt"},"description":"Sitio web de noticias de la provincia de Entre R\u00edos, Argentina. Informaci\u00f3n y entretenimiento. Informe Litoral, nos informamos.","sameAs":["http:\/\/www.isletasnoticias.com.ar"],"url":"https:\/\/informelitoral.com.ar\/author\/gonzalo\/"}]}},"_links":{"self":[{"href":"https:\/\/informelitoral.com.ar\/%77%70%2d%6a%73%6f%6e\/wp\/v2\/posts\/1626","targetHints":{"allow":["GET"]}}],"collection":[{"href":"https:\/\/informelitoral.com.ar\/%77%70%2d%6a%73%6f%6e\/wp\/v2\/posts"}],"about":[{"href":"https:\/\/informelitoral.com.ar\/%77%70%2d%6a%73%6f%6e\/wp\/v2\/types\/post"}],"author":[{"embeddable":true,"href":"https:\/\/informelitoral.com.ar\/%77%70%2d%6a%73%6f%6e\/wp\/v2\/users\/2"}],"replies":[{"embeddable":true,"href":"https:\/\/informelitoral.com.ar\/%77%70%2d%6a%73%6f%6e\/wp\/v2\/comments?post=1626"}],"version-history":[{"count":0,"href":"https:\/\/informelitoral.com.ar\/%77%70%2d%6a%73%6f%6e\/wp\/v2\/posts\/1626\/revisions"}],"wp:attachment":[{"href":"https:\/\/informelitoral.com.ar\/%77%70%2d%6a%73%6f%6e\/wp\/v2\/media?parent=1626"}],"wp:term":[{"taxonomy":"category","embeddable":true,"href":"https:\/\/informelitoral.com.ar\/%77%70%2d%6a%73%6f%6e\/wp\/v2\/categories?post=1626"},{"taxonomy":"post_tag","embeddable":true,"href":"https:\/\/informelitoral.com.ar\/%77%70%2d%6a%73%6f%6e\/wp\/v2\/tags?post=1626"}],"curies":[{"name":"wp","href":"https:\/\/api.w.org\/{rel}","templated":true}]}}