{"id":16258,"date":"2016-05-26T08:44:46","date_gmt":"2016-05-26T11:44:46","guid":{"rendered":"http:\/\/www.isletasnoticias.com.ar\/?p=16258"},"modified":"2016-05-26T08:49:34","modified_gmt":"2016-05-26T11:49:34","slug":"ira-a-juicio-un-empresario-acusado-por-explotacion-laboral-de-12-obreros","status":"publish","type":"post","link":"https:\/\/informelitoral.com.ar\/ira-a-juicio-un-empresario-acusado-por-explotacion-laboral-de-12-obreros\/","title":{"rendered":"Ir\u00e1 a juicio un empresario acusado por explotaci\u00f3n laboral de 12 obreros"},"content":{"rendered":"<p><strong>Los trabajadores viv\u00edan en condiciones muy precarias, hacinados en chozas cubiertas con bolsas de nylon, sin electricidad ni agua corriente en un campo en el departamento Col\u00f3n. La paga era baja y les descontaban los alimentos y transporte.<a href=\"http:\/\/www.isletasnoticias.com.ar\/%77%70%2d%63%6f%6e%74%65%6e%74\/uploads\/2016\/05\/o_1464247968.jpg\"><img loading=\"lazy\" decoding=\"async\" class=\"aligncenter wp-image-16259 size-full\" src=\"http:\/\/www.isletasnoticias.com.ar\/%77%70%2d%63%6f%6e%74%65%6e%74\/uploads\/2016\/05\/o_1464247968.jpg\" alt=\"o_1464247968\" width=\"800\" height=\"450\" srcset=\"https:\/\/informelitoral.com.ar\/%77%70%2d%63%6f%6e%74%65%6e%74\/uploads\/2016\/05\/o_1464247968.jpg 800w, https:\/\/informelitoral.com.ar\/%77%70%2d%63%6f%6e%74%65%6e%74\/uploads\/2016\/05\/o_1464247968-300x169.jpg 300w, https:\/\/informelitoral.com.ar\/%77%70%2d%63%6f%6e%74%65%6e%74\/uploads\/2016\/05\/o_1464247968-768x432.jpg 768w\" sizes=\"auto, (max-width: 800px) 100vw, 800px\" \/><\/a><\/strong><\/p>\n<article class=\"cont-cuerpo\">\n<section class=\"texto\">El Tribunal Oral Federal de Paran\u00e1 rechaz\u00f3 la suspensi\u00f3n del juicio a prueba para un empresario que est\u00e1 acusado por trata de personas con fines de explotaci\u00f3n laboral en una zona rural del departamento Col\u00f3n. El acusado es<strong> Jos\u00e9 Manuel Guti\u00e9rrez<\/strong>, un empresario de 65 a\u00f1os, nacido en Capital Federal y residente en la localidad correntina de Monte Caseros, que administraba una explotaci\u00f3n forestal en Colonia San Anselmo, un paraje rural ubicado a 20 kil\u00f3metros de Col\u00f3n, a la que solo es posible acceder a trav\u00e9s del r\u00edo Uruguay. En el campo empleaba a 12 trabajadores que desarrollaban tareas de desmonte sin ning\u00fan tipo de cobertura legal y por una escasa paga mensual. Todos viv\u00edan en condiciones muy precarias, hacinados en chozas cubiertas con bolsas de nylon, sin electricidad ni agua corriente.Guti\u00e9rrez <b>est\u00e1 acusado por el delito de trata de personas con fines de explotaci\u00f3n laboral mediante el abuso de la situaci\u00f3n de vulnerabilidad de sus v\u00edctimas<\/b>. El tribunal fij\u00f3 fecha de juicio para finales de julio y, en caso de ser condenado, el empresario podr\u00eda recibir una pena de entre cuatro y diez a\u00f1os de c\u00e1rcel.<\/p>\n<p>Pero Guti\u00e9rrez <b>solicit\u00f3 la suspensi\u00f3n del proceso a prueba y ofreci\u00f3 pagar una suma de 300 pesos a cada una de sus v\u00edctimas como reparaci\u00f3n por los da\u00f1os que le hubiera ocasionado, aunque asegura que tal cosa no existi\u00f3.<\/b><\/p>\n<p>Hace unos d\u00edas, <b>el tribunal rechaz\u00f3 concederle la probation<\/b>, siguiendo los argumentos del fiscal Jos\u00e9 Ignacio Candioti, quien advirti\u00f3 que la pena que podr\u00eda recibir Guti\u00e9rrez \u00abexcede objetivamente los requisitos\u00bb que exige la probation, es decir, que la pena no exceda los tres a\u00f1os de prisi\u00f3n. \u00abEn caso de dictarse una sentencia condenatoria, la misma nunca podr\u00eda ser de cumplimiento condicional\u00bb, sostuvo el fiscal.<\/p>\n<p><b>Esclavos<\/b><br \/>\nEl 5 de julio de 2011, inspectores de la Administraci\u00f3n Federal de Ingresos P\u00fablicos (AFIP), junto con agentes de la Direcci\u00f3n Provincial del Trabajo, realizaron un operativo en un predio denominado \u00abEstablecimiento La Providencia\u00bb, ubicado en un paraje rural del departamento Col\u00f3n.<\/p>\n<p>El campo est\u00e1 ubicado en un paraje rural denominado Colonia San Anselmo, a un costado del r\u00edo Uruguay, por lo que tuvieron que solicitar el auxilio de Prefectura para ingresar al predio. All\u00ed constataron la presencia de doce obreros que desarrollaban tareas de desmonte de eucaliptos y limpieza del bosque.<\/p>\n<p>El cuadro era de extrema precariedad: los obreros -en su mayor\u00eda, correntinos y misioneros- sobreviv\u00edan en el monte, en un predio de dif\u00edcil acceso, hacinados en una carpa de lona con parte de pared de ladrillos, sin puerta ni ventanas, desprotegidos de las inclemencias clim\u00e1ticas, sin agua corriente (que se prove\u00edan desde el casco del campo, a unos tres kil\u00f3metros) ni luz el\u00e9ctrica, tampoco ten\u00edan ba\u00f1o (hac\u00edan sus necesidades en el monte). Dorm\u00edan en colchones deteriorados, con s\u00e1banas y mantas rotas. La comida tambi\u00e9n era escasa, se las prove\u00eda Guti\u00e9rrez \u00abcada tres o cuatro d\u00edas\u00bb, seg\u00fan dijeron, y se las descontaba de la paga. Cocinaban a la intemperie, con le\u00f1a, y utilizaban chapas y troncos improvisando mesas y sillas. Los obreros pasaban per\u00edodos de veinte d\u00edas a un mes en esas condiciones, hasta que el \u00abpatr\u00f3n\u00bb u otra persona los trasladaba en una camioneta hasta la terminal para que viajaran a ver a sus familias.<\/p>\n<p>La situaci\u00f3n laboral tampoco estaba regularizada: ten\u00edan registraci\u00f3n irregular ante la AFIP (uno de ellos estaba inscripto como monotributista), cumpl\u00edan interminables jornadas laborales y hasta deb\u00edan continuar trabajando en caso de enfermedad, para no perder el d\u00eda, o recuperar los d\u00edas perdidos en caso de lluvia agregando horas en las jornadas posteriores. La paga era dis\u00edmil, a pesar de que todos desarrollaban la misma tarea y, de hecho, ni siquiera sab\u00edan cu\u00e1nto era el importe real que Guti\u00e9rrez les abonaba. El \u00abpatr\u00f3n\u00bb tampoco les proporcionaba elementos de seguridad ni ropa de trabajo adecuada para la tarea que desarrollaban.<\/p>\n<p>Guti\u00e9rrez intent\u00f3 exculparse argumentando que algunos de los obreros descubiertos en el Establecimiento La Providencia en 2011 contin\u00faan trabajando para \u00e9l y en similares condiciones.<\/p>\n<p>Los pormenores del caso se ventilar\u00e1n en el juicio, previsto para el 25 y 26 de julio.<\/p>\n<p><b>Antecedentes<\/b><br \/>\nEl Tribunal Oral Federal de Paran\u00e1 ha celebrado tres juicios por explotaci\u00f3n laboral en la provincia (todos en 2015) desde la sanci\u00f3n de la ley nacional de prevenci\u00f3n y sanci\u00f3n de la trata de personas. Sin embargo, en un solo caso se impuso una pena de c\u00e1rcel.<\/p>\n<p>El primer condenado fue Javier Jos\u00e9 Mar\u00eda Laner, quien recibi\u00f3 una pena de tres a\u00f1os de prisi\u00f3n condicional por la explotaci\u00f3n laboral de cinco trabajadores en un predio dedicado a la actividad forestal en el paraje Loma Negra, departamento Concordia.<\/p>\n<p>Unos meses despu\u00e9s fue condenado Alejandro Esteban Lindao a cuatro a\u00f1os de prisi\u00f3n por la explotaci\u00f3n laboral de siete trabajadores ?tres de ellos menores de 13, 13 y 15 a\u00f1os? en un campo de eucaliptos perteneciente a la misma familia que empleaba a Laner. Es el \u00fanico que ha recibido una pena de c\u00e1rcel.<\/p>\n<p>Wu Qiang, nacido en la Rep\u00fablica Popular China aunque nacionalizado argentino, fue encontrado culpable por la explotaci\u00f3n de un compatriota. La explotaci\u00f3n no lleg\u00f3 a consumarse y por eso acord\u00f3 en un juicio abreviado una pena de tres a\u00f1os de prisi\u00f3n condicional. <em>(El Diario &#8211; Elonce.com)<\/em><\/p>\n<\/section>\n<\/article>\n","protected":false},"excerpt":{"rendered":"<p>Los trabajadores viv&iacute;an en condiciones muy precarias, hacinados en chozas cubiertas con bolsas de nylon, sin electricidad ni agua corriente en un campo en el departamento Col&oacute;n. La paga era baja y les descontaban los alimentos y transporte. El Tribunal Oral Federal de Paran&aacute; rechaz&oacute; la suspensi&oacute;n del juicio a prueba para un empresario que [&hellip;]<\/p>\n","protected":false},"author":2,"featured_media":0,"comment_status":"open","ping_status":"open","sticky":false,"template":"","format":"standard","meta":{"fifu_image_url":"","fifu_image_alt":"","footnotes":""},"categories":[6,14],"tags":[],"class_list":{"0":"post-16258","1":"post","2":"type-post","3":"status-publish","4":"format-standard","6":"category-entre-rios","7":"category-policiales"},"yoast_head":"<title>Ir\u00e1 a juicio un empresario acusado por explotaci\u00f3n laboral de 12 obreros - Informe Litoral<\/title>\n<meta name=\"robots\" content=\"index, follow, max-snippet:-1, max-image-preview:large, max-video-preview:-1\" \/>\n<link rel=\"canonical\" href=\"https:\/\/informelitoral.com.ar\/ira-a-juicio-un-empresario-acusado-por-explotacion-laboral-de-12-obreros\/\" \/>\n<meta property=\"og:locale\" content=\"es_ES\" \/>\n<meta property=\"og:type\" content=\"article\" \/>\n<meta property=\"og:title\" content=\"Ir\u00e1 a juicio un empresario acusado por explotaci\u00f3n laboral de 12 obreros - Informe Litoral\" \/>\n<meta property=\"og:description\" content=\"Los trabajadores viv&iacute;an en condiciones muy precarias, hacinados en chozas cubiertas con bolsas de nylon, sin electricidad ni agua corriente en un campo en el departamento Col&oacute;n. La paga era baja y les descontaban los alimentos y transporte. El Tribunal Oral Federal de Paran&aacute; rechaz&oacute; la suspensi&oacute;n del juicio a prueba para un empresario que [&hellip;]\" \/>\n<meta property=\"og:url\" content=\"https:\/\/informelitoral.com.ar\/ira-a-juicio-un-empresario-acusado-por-explotacion-laboral-de-12-obreros\/\" \/>\n<meta property=\"og:site_name\" content=\"Informe Litoral\" \/>\n<meta property=\"article:publisher\" content=\"https:\/\/www.facebook.com\/informelitoral\/\" \/>\n<meta property=\"article:published_time\" content=\"2016-05-26T11:44:46+00:00\" \/>\n<meta property=\"article:modified_time\" content=\"2016-05-26T11:49:34+00:00\" \/>\n<meta property=\"og:image\" content=\"https:\/\/informelitoral.com.ar\/%77%70%2d%63%6f%6e%74%65%6e%74\/uploads\/2016\/05\/o_1464247968.jpg\" \/>\n\t<meta property=\"og:image:width\" content=\"800\" \/>\n\t<meta property=\"og:image:height\" content=\"450\" \/>\n\t<meta property=\"og:image:type\" content=\"image\/jpeg\" \/>\n<meta name=\"author\" content=\"Gonzalo Schmidt\" \/>\n<meta name=\"twitter:card\" content=\"summary_large_image\" \/>\n<meta name=\"twitter:creator\" content=\"@InformeLitoral\" \/>\n<meta name=\"twitter:site\" content=\"@InformeLitoral\" \/>\n<meta name=\"twitter:label1\" content=\"Escrito por\" \/>\n\t<meta name=\"twitter:data1\" content=\"Gonzalo Schmidt\" \/>\n\t<meta name=\"twitter:label2\" content=\"Tiempo de lectura\" \/>\n\t<meta name=\"twitter:data2\" content=\"5 minutos\" \/>\n<script type=\"application\/ld+json\" class=\"yoast-schema-graph\">{\"@context\":\"https:\\\/\\\/schema.org\",\"@graph\":[{\"@type\":\"Article\",\"@id\":\"https:\\\/\\\/informelitoral.com.ar\\\/ira-a-juicio-un-empresario-acusado-por-explotacion-laboral-de-12-obreros\\\/#article\",\"isPartOf\":{\"@id\":\"https:\\\/\\\/informelitoral.com.ar\\\/ira-a-juicio-un-empresario-acusado-por-explotacion-laboral-de-12-obreros\\\/\"},\"author\":{\"name\":\"Gonzalo Schmidt\",\"@id\":\"https:\\\/\\\/informelitoral.com.ar\\\/#\\\/schema\\\/person\\\/b9d00407c836482871ef1d57bf8e3180\"},\"headline\":\"Ir\u00e1 a juicio un empresario acusado por explotaci\u00f3n laboral de 12 obreros\",\"datePublished\":\"2016-05-26T11:44:46+00:00\",\"dateModified\":\"2016-05-26T11:49:34+00:00\",\"mainEntityOfPage\":{\"@id\":\"https:\\\/\\\/informelitoral.com.ar\\\/ira-a-juicio-un-empresario-acusado-por-explotacion-laboral-de-12-obreros\\\/\"},\"wordCount\":998,\"commentCount\":0,\"publisher\":{\"@id\":\"https:\\\/\\\/informelitoral.com.ar\\\/#organization\"},\"image\":{\"@id\":\"https:\\\/\\\/informelitoral.com.ar\\\/ira-a-juicio-un-empresario-acusado-por-explotacion-laboral-de-12-obreros\\\/#primaryimage\"},\"thumbnailUrl\":\"http:\\\/\\\/www.isletasnoticias.com.ar\\\/%77%70%2d%63%6f%6e%74%65%6e%74\\\/uploads\\\/2016\\\/05\\\/o_1464247968.jpg\",\"articleSection\":[\"Entre R\u00edos\",\"Policiales\"],\"inLanguage\":\"es\",\"potentialAction\":[{\"@type\":\"CommentAction\",\"name\":\"Comment\",\"target\":[\"https:\\\/\\\/informelitoral.com.ar\\\/ira-a-juicio-un-empresario-acusado-por-explotacion-laboral-de-12-obreros\\\/#respond\"]}]},{\"@type\":\"WebPage\",\"@id\":\"https:\\\/\\\/informelitoral.com.ar\\\/ira-a-juicio-un-empresario-acusado-por-explotacion-laboral-de-12-obreros\\\/\",\"url\":\"https:\\\/\\\/informelitoral.com.ar\\\/ira-a-juicio-un-empresario-acusado-por-explotacion-laboral-de-12-obreros\\\/\",\"name\":\"Ir\u00e1 a juicio un empresario acusado por explotaci\u00f3n laboral de 12 obreros - Informe Litoral\",\"isPartOf\":{\"@id\":\"https:\\\/\\\/informelitoral.com.ar\\\/#website\"},\"primaryImageOfPage\":{\"@id\":\"https:\\\/\\\/informelitoral.com.ar\\\/ira-a-juicio-un-empresario-acusado-por-explotacion-laboral-de-12-obreros\\\/#primaryimage\"},\"image\":{\"@id\":\"https:\\\/\\\/informelitoral.com.ar\\\/ira-a-juicio-un-empresario-acusado-por-explotacion-laboral-de-12-obreros\\\/#primaryimage\"},\"thumbnailUrl\":\"http:\\\/\\\/www.isletasnoticias.com.ar\\\/%77%70%2d%63%6f%6e%74%65%6e%74\\\/uploads\\\/2016\\\/05\\\/o_1464247968.jpg\",\"datePublished\":\"2016-05-26T11:44:46+00:00\",\"dateModified\":\"2016-05-26T11:49:34+00:00\",\"breadcrumb\":{\"@id\":\"https:\\\/\\\/informelitoral.com.ar\\\/ira-a-juicio-un-empresario-acusado-por-explotacion-laboral-de-12-obreros\\\/#breadcrumb\"},\"inLanguage\":\"es\",\"potentialAction\":[{\"@type\":\"ReadAction\",\"target\":[\"https:\\\/\\\/informelitoral.com.ar\\\/ira-a-juicio-un-empresario-acusado-por-explotacion-laboral-de-12-obreros\\\/\"]}]},{\"@type\":\"ImageObject\",\"inLanguage\":\"es\",\"@id\":\"https:\\\/\\\/informelitoral.com.ar\\\/ira-a-juicio-un-empresario-acusado-por-explotacion-laboral-de-12-obreros\\\/#primaryimage\",\"url\":\"http:\\\/\\\/www.isletasnoticias.com.ar\\\/%77%70%2d%63%6f%6e%74%65%6e%74\\\/uploads\\\/2016\\\/05\\\/o_1464247968.jpg\",\"contentUrl\":\"http:\\\/\\\/www.isletasnoticias.com.ar\\\/%77%70%2d%63%6f%6e%74%65%6e%74\\\/uploads\\\/2016\\\/05\\\/o_1464247968.jpg\"},{\"@type\":\"BreadcrumbList\",\"@id\":\"https:\\\/\\\/informelitoral.com.ar\\\/ira-a-juicio-un-empresario-acusado-por-explotacion-laboral-de-12-obreros\\\/#breadcrumb\",\"itemListElement\":[{\"@type\":\"ListItem\",\"position\":1,\"name\":\"Portada\",\"item\":\"https:\\\/\\\/informelitoral.com.ar\\\/\"},{\"@type\":\"ListItem\",\"position\":2,\"name\":\"Ir\u00e1 a juicio un empresario acusado por explotaci\u00f3n laboral de 12 obreros\"}]},{\"@type\":\"WebSite\",\"@id\":\"https:\\\/\\\/informelitoral.com.ar\\\/#website\",\"url\":\"https:\\\/\\\/informelitoral.com.ar\\\/\",\"name\":\"Informe Litoral\",\"description\":\"&quot;Nos informamos&quot; \",\"publisher\":{\"@id\":\"https:\\\/\\\/informelitoral.com.ar\\\/#organization\"},\"potentialAction\":[{\"@type\":\"SearchAction\",\"target\":{\"@type\":\"EntryPoint\",\"urlTemplate\":\"https:\\\/\\\/informelitoral.com.ar\\\/?s={search_term_string}\"},\"query-input\":{\"@type\":\"PropertyValueSpecification\",\"valueRequired\":true,\"valueName\":\"search_term_string\"}}],\"inLanguage\":\"es\"},{\"@type\":\"Organization\",\"@id\":\"https:\\\/\\\/informelitoral.com.ar\\\/#organization\",\"name\":\"Informe Litoral\",\"url\":\"https:\\\/\\\/informelitoral.com.ar\\\/\",\"logo\":{\"@type\":\"ImageObject\",\"inLanguage\":\"es\",\"@id\":\"https:\\\/\\\/informelitoral.com.ar\\\/#\\\/schema\\\/logo\\\/image\\\/\",\"url\":\"https:\\\/\\\/informelitoral.com.ar\\\/%77%70%2d%63%6f%6e%74%65%6e%74\\\/uploads\\\/2021\\\/01\\\/circulo.png\",\"contentUrl\":\"https:\\\/\\\/informelitoral.com.ar\\\/%77%70%2d%63%6f%6e%74%65%6e%74\\\/uploads\\\/2021\\\/01\\\/circulo.png\",\"width\":723,\"height\":731,\"caption\":\"Informe Litoral\"},\"image\":{\"@id\":\"https:\\\/\\\/informelitoral.com.ar\\\/#\\\/schema\\\/logo\\\/image\\\/\"},\"sameAs\":[\"https:\\\/\\\/www.facebook.com\\\/informelitoral\\\/\",\"https:\\\/\\\/x.com\\\/InformeLitoral\",\"https:\\\/\\\/www.instagram.com\\\/informelitoral\\\/\",\"https:\\\/\\\/www.youtube.com\\\/channel\\\/UCua4Qvz8Icb6MYqhoq9xLXw\"]},{\"@type\":\"Person\",\"@id\":\"https:\\\/\\\/informelitoral.com.ar\\\/#\\\/schema\\\/person\\\/b9d00407c836482871ef1d57bf8e3180\",\"name\":\"Gonzalo Schmidt\",\"image\":{\"@type\":\"ImageObject\",\"inLanguage\":\"es\",\"@id\":\"https:\\\/\\\/secure.gravatar.com\\\/avatar\\\/31a1a7b66ff2de83bd0e9fd79d026630d2d99e55e8bfe501287647b4fd9743de?s=96&d=mm&r=g\",\"url\":\"https:\\\/\\\/secure.gravatar.com\\\/avatar\\\/31a1a7b66ff2de83bd0e9fd79d026630d2d99e55e8bfe501287647b4fd9743de?s=96&d=mm&r=g\",\"contentUrl\":\"https:\\\/\\\/secure.gravatar.com\\\/avatar\\\/31a1a7b66ff2de83bd0e9fd79d026630d2d99e55e8bfe501287647b4fd9743de?s=96&d=mm&r=g\",\"caption\":\"Gonzalo Schmidt\"},\"description\":\"Sitio web de noticias de la provincia de Entre R\u00edos, Argentina. Informaci\u00f3n y entretenimiento. Informe Litoral, nos informamos.\",\"sameAs\":[\"http:\\\/\\\/www.isletasnoticias.com.ar\"],\"url\":\"https:\\\/\\\/informelitoral.com.ar\\\/author\\\/gonzalo\\\/\"}]}<\/script>","yoast_head_json":{"title":"Ir\u00e1 a juicio un empresario acusado por explotaci\u00f3n laboral de 12 obreros - Informe Litoral","robots":{"index":"index","follow":"follow","max-snippet":"max-snippet:-1","max-image-preview":"max-image-preview:large","max-video-preview":"max-video-preview:-1"},"canonical":"https:\/\/informelitoral.com.ar\/ira-a-juicio-un-empresario-acusado-por-explotacion-laboral-de-12-obreros\/","og_locale":"es_ES","og_type":"article","og_title":"Ir\u00e1 a juicio un empresario acusado por explotaci\u00f3n laboral de 12 obreros - Informe Litoral","og_description":"Los trabajadores viv&iacute;an en condiciones muy precarias, hacinados en chozas cubiertas con bolsas de nylon, sin electricidad ni agua corriente en un campo en el departamento Col&oacute;n. La paga era baja y les descontaban los alimentos y transporte. El Tribunal Oral Federal de Paran&aacute; rechaz&oacute; la suspensi&oacute;n del juicio a prueba para un empresario que [&hellip;]","og_url":"https:\/\/informelitoral.com.ar\/ira-a-juicio-un-empresario-acusado-por-explotacion-laboral-de-12-obreros\/","og_site_name":"Informe Litoral","article_publisher":"https:\/\/www.facebook.com\/informelitoral\/","article_published_time":"2016-05-26T11:44:46+00:00","article_modified_time":"2016-05-26T11:49:34+00:00","og_image":[{"width":800,"height":450,"url":"https:\/\/informelitoral.com.ar\/%77%70%2d%63%6f%6e%74%65%6e%74\/uploads\/2016\/05\/o_1464247968.jpg","type":"image\/jpeg"}],"author":"Gonzalo Schmidt","twitter_card":"summary_large_image","twitter_creator":"@InformeLitoral","twitter_site":"@InformeLitoral","twitter_misc":{"Escrito por":"Gonzalo Schmidt","Tiempo de lectura":"5 minutos"},"schema":{"@context":"https:\/\/schema.org","@graph":[{"@type":"Article","@id":"https:\/\/informelitoral.com.ar\/ira-a-juicio-un-empresario-acusado-por-explotacion-laboral-de-12-obreros\/#article","isPartOf":{"@id":"https:\/\/informelitoral.com.ar\/ira-a-juicio-un-empresario-acusado-por-explotacion-laboral-de-12-obreros\/"},"author":{"name":"Gonzalo Schmidt","@id":"https:\/\/informelitoral.com.ar\/#\/schema\/person\/b9d00407c836482871ef1d57bf8e3180"},"headline":"Ir\u00e1 a juicio un empresario acusado por explotaci\u00f3n laboral de 12 obreros","datePublished":"2016-05-26T11:44:46+00:00","dateModified":"2016-05-26T11:49:34+00:00","mainEntityOfPage":{"@id":"https:\/\/informelitoral.com.ar\/ira-a-juicio-un-empresario-acusado-por-explotacion-laboral-de-12-obreros\/"},"wordCount":998,"commentCount":0,"publisher":{"@id":"https:\/\/informelitoral.com.ar\/#organization"},"image":{"@id":"https:\/\/informelitoral.com.ar\/ira-a-juicio-un-empresario-acusado-por-explotacion-laboral-de-12-obreros\/#primaryimage"},"thumbnailUrl":"http:\/\/www.isletasnoticias.com.ar\/%77%70%2d%63%6f%6e%74%65%6e%74\/uploads\/2016\/05\/o_1464247968.jpg","articleSection":["Entre R\u00edos","Policiales"],"inLanguage":"es","potentialAction":[{"@type":"CommentAction","name":"Comment","target":["https:\/\/informelitoral.com.ar\/ira-a-juicio-un-empresario-acusado-por-explotacion-laboral-de-12-obreros\/#respond"]}]},{"@type":"WebPage","@id":"https:\/\/informelitoral.com.ar\/ira-a-juicio-un-empresario-acusado-por-explotacion-laboral-de-12-obreros\/","url":"https:\/\/informelitoral.com.ar\/ira-a-juicio-un-empresario-acusado-por-explotacion-laboral-de-12-obreros\/","name":"Ir\u00e1 a juicio un empresario acusado por explotaci\u00f3n laboral de 12 obreros - Informe Litoral","isPartOf":{"@id":"https:\/\/informelitoral.com.ar\/#website"},"primaryImageOfPage":{"@id":"https:\/\/informelitoral.com.ar\/ira-a-juicio-un-empresario-acusado-por-explotacion-laboral-de-12-obreros\/#primaryimage"},"image":{"@id":"https:\/\/informelitoral.com.ar\/ira-a-juicio-un-empresario-acusado-por-explotacion-laboral-de-12-obreros\/#primaryimage"},"thumbnailUrl":"http:\/\/www.isletasnoticias.com.ar\/%77%70%2d%63%6f%6e%74%65%6e%74\/uploads\/2016\/05\/o_1464247968.jpg","datePublished":"2016-05-26T11:44:46+00:00","dateModified":"2016-05-26T11:49:34+00:00","breadcrumb":{"@id":"https:\/\/informelitoral.com.ar\/ira-a-juicio-un-empresario-acusado-por-explotacion-laboral-de-12-obreros\/#breadcrumb"},"inLanguage":"es","potentialAction":[{"@type":"ReadAction","target":["https:\/\/informelitoral.com.ar\/ira-a-juicio-un-empresario-acusado-por-explotacion-laboral-de-12-obreros\/"]}]},{"@type":"ImageObject","inLanguage":"es","@id":"https:\/\/informelitoral.com.ar\/ira-a-juicio-un-empresario-acusado-por-explotacion-laboral-de-12-obreros\/#primaryimage","url":"http:\/\/www.isletasnoticias.com.ar\/%77%70%2d%63%6f%6e%74%65%6e%74\/uploads\/2016\/05\/o_1464247968.jpg","contentUrl":"http:\/\/www.isletasnoticias.com.ar\/%77%70%2d%63%6f%6e%74%65%6e%74\/uploads\/2016\/05\/o_1464247968.jpg"},{"@type":"BreadcrumbList","@id":"https:\/\/informelitoral.com.ar\/ira-a-juicio-un-empresario-acusado-por-explotacion-laboral-de-12-obreros\/#breadcrumb","itemListElement":[{"@type":"ListItem","position":1,"name":"Portada","item":"https:\/\/informelitoral.com.ar\/"},{"@type":"ListItem","position":2,"name":"Ir\u00e1 a juicio un empresario acusado por explotaci\u00f3n laboral de 12 obreros"}]},{"@type":"WebSite","@id":"https:\/\/informelitoral.com.ar\/#website","url":"https:\/\/informelitoral.com.ar\/","name":"Informe Litoral","description":"&quot;Nos informamos&quot; ","publisher":{"@id":"https:\/\/informelitoral.com.ar\/#organization"},"potentialAction":[{"@type":"SearchAction","target":{"@type":"EntryPoint","urlTemplate":"https:\/\/informelitoral.com.ar\/?s={search_term_string}"},"query-input":{"@type":"PropertyValueSpecification","valueRequired":true,"valueName":"search_term_string"}}],"inLanguage":"es"},{"@type":"Organization","@id":"https:\/\/informelitoral.com.ar\/#organization","name":"Informe Litoral","url":"https:\/\/informelitoral.com.ar\/","logo":{"@type":"ImageObject","inLanguage":"es","@id":"https:\/\/informelitoral.com.ar\/#\/schema\/logo\/image\/","url":"https:\/\/informelitoral.com.ar\/%77%70%2d%63%6f%6e%74%65%6e%74\/uploads\/2021\/01\/circulo.png","contentUrl":"https:\/\/informelitoral.com.ar\/%77%70%2d%63%6f%6e%74%65%6e%74\/uploads\/2021\/01\/circulo.png","width":723,"height":731,"caption":"Informe Litoral"},"image":{"@id":"https:\/\/informelitoral.com.ar\/#\/schema\/logo\/image\/"},"sameAs":["https:\/\/www.facebook.com\/informelitoral\/","https:\/\/x.com\/InformeLitoral","https:\/\/www.instagram.com\/informelitoral\/","https:\/\/www.youtube.com\/channel\/UCua4Qvz8Icb6MYqhoq9xLXw"]},{"@type":"Person","@id":"https:\/\/informelitoral.com.ar\/#\/schema\/person\/b9d00407c836482871ef1d57bf8e3180","name":"Gonzalo Schmidt","image":{"@type":"ImageObject","inLanguage":"es","@id":"https:\/\/secure.gravatar.com\/avatar\/31a1a7b66ff2de83bd0e9fd79d026630d2d99e55e8bfe501287647b4fd9743de?s=96&d=mm&r=g","url":"https:\/\/secure.gravatar.com\/avatar\/31a1a7b66ff2de83bd0e9fd79d026630d2d99e55e8bfe501287647b4fd9743de?s=96&d=mm&r=g","contentUrl":"https:\/\/secure.gravatar.com\/avatar\/31a1a7b66ff2de83bd0e9fd79d026630d2d99e55e8bfe501287647b4fd9743de?s=96&d=mm&r=g","caption":"Gonzalo Schmidt"},"description":"Sitio web de noticias de la provincia de Entre R\u00edos, Argentina. Informaci\u00f3n y entretenimiento. Informe Litoral, nos informamos.","sameAs":["http:\/\/www.isletasnoticias.com.ar"],"url":"https:\/\/informelitoral.com.ar\/author\/gonzalo\/"}]}},"_links":{"self":[{"href":"https:\/\/informelitoral.com.ar\/%77%70%2d%6a%73%6f%6e\/wp\/v2\/posts\/16258","targetHints":{"allow":["GET"]}}],"collection":[{"href":"https:\/\/informelitoral.com.ar\/%77%70%2d%6a%73%6f%6e\/wp\/v2\/posts"}],"about":[{"href":"https:\/\/informelitoral.com.ar\/%77%70%2d%6a%73%6f%6e\/wp\/v2\/types\/post"}],"author":[{"embeddable":true,"href":"https:\/\/informelitoral.com.ar\/%77%70%2d%6a%73%6f%6e\/wp\/v2\/users\/2"}],"replies":[{"embeddable":true,"href":"https:\/\/informelitoral.com.ar\/%77%70%2d%6a%73%6f%6e\/wp\/v2\/comments?post=16258"}],"version-history":[{"count":0,"href":"https:\/\/informelitoral.com.ar\/%77%70%2d%6a%73%6f%6e\/wp\/v2\/posts\/16258\/revisions"}],"wp:attachment":[{"href":"https:\/\/informelitoral.com.ar\/%77%70%2d%6a%73%6f%6e\/wp\/v2\/media?parent=16258"}],"wp:term":[{"taxonomy":"category","embeddable":true,"href":"https:\/\/informelitoral.com.ar\/%77%70%2d%6a%73%6f%6e\/wp\/v2\/categories?post=16258"},{"taxonomy":"post_tag","embeddable":true,"href":"https:\/\/informelitoral.com.ar\/%77%70%2d%6a%73%6f%6e\/wp\/v2\/tags?post=16258"}],"curies":[{"name":"wp","href":"https:\/\/api.w.org\/{rel}","templated":true}]}}