{"id":16254,"date":"2016-05-26T08:33:51","date_gmt":"2016-05-26T11:33:51","guid":{"rendered":"http:\/\/www.isletasnoticias.com.ar\/?p=16254"},"modified":"2016-05-26T08:36:14","modified_gmt":"2016-05-26T11:36:14","slug":"el-gobierno-busca-alianzas-publico-privadas-para-expandir-el-riego-en-el-pais","status":"publish","type":"post","link":"https:\/\/informelitoral.com.ar\/el-gobierno-busca-alianzas-publico-privadas-para-expandir-el-riego-en-el-pais\/","title":{"rendered":"El Gobierno busca alianzas p\u00fablico privadas para expandir el riego en el pa\u00eds"},"content":{"rendered":"<p><strong>El subsecretario de Recursos H\u00eddricos, <em>Pablo Bereciartua<\/em>, present\u00f3 el Plan Nacional de Riego, que cuenta con el apoyo del Banco Mundial y la FAO.<\/strong><\/p>\n<figure id=\"attachment_16255\" aria-describedby=\"caption-attachment-16255\" style=\"width: 548px\" class=\"wp-caption aligncenter\"><a href=\"http:\/\/www.isletasnoticias.com.ar\/%77%70%2d%63%6f%6e%74%65%6e%74\/uploads\/2016\/05\/gal-11195.jpg\"><img loading=\"lazy\" decoding=\"async\" class=\"wp-image-16255 \" src=\"http:\/\/www.isletasnoticias.com.ar\/%77%70%2d%63%6f%6e%74%65%6e%74\/uploads\/2016\/05\/gal-11195.jpg\" alt=\"gal-11195\" width=\"548\" height=\"339\" srcset=\"https:\/\/informelitoral.com.ar\/%77%70%2d%63%6f%6e%74%65%6e%74\/uploads\/2016\/05\/gal-11195.jpg 600w, https:\/\/informelitoral.com.ar\/%77%70%2d%63%6f%6e%74%65%6e%74\/uploads\/2016\/05\/gal-11195-300x186.jpg 300w\" sizes=\"auto, (max-width: 548px) 100vw, 548px\" \/><\/a><figcaption id=\"caption-attachment-16255\" class=\"wp-caption-text\"><em>(Imagen ilustrativa)<\/em><\/figcaption><\/figure>\n<p>En el marco del Plan del Agua que <strong>Mauricio Macri<\/strong> present\u00f3 a fines de abril, el lunes por la tarde se realiz\u00f3 en el Ministerio de Econom\u00eda el lanzamiento del Plan Nacional de Riego, que cont\u00f3 con la presencia de funcionarios, productores y destacados expertos de FAO y el Banco Mundial. Se trata de un proyecto que apunta a aumentar en un 18% las \u00e1reas de riego en el NOA y la Patagonia, para lo cual un equipo conformado por los profesionales m\u00e1s calificados estudia esquemas que propicien la atracci\u00f3n de inversiones privadas.<\/p>\n<p>\u00abEl desaf\u00edo est\u00e1 en que logremos organizar un\u00a0programa que viabilice la inversi\u00f3n p\u00fablica y privada y que aumente significativamente el impacto\u00a0del \u00e1rea de riego en la econom\u00eda nacional\u00bb, explic\u00f3 a <em>Infocampo<\/em>\u00a0el subsecretario de Recursos H\u00eddricos de la Naci\u00f3n,<strong> Pablo Bereciartua<\/strong>. El\u00a0programa se bas\u00f3 en un estudio de Prosap que identific\u00f3 un potencial de 6 millones de\u00a0hect\u00e1reas para riego, de las cuales s\u00f3lo 2 millones est\u00e1n actualmente en actividad. Adem\u00e1s, resalta dos grandes oportunidades: por un lado, llevar adelante a trav\u00e9s del Instituto\u00a0Nacional del Agua (INA) un relevamiento que caracterice en t\u00e9rminos de cantidad y calidad el\u00a0potencial del agua subterr\u00e1nea, \u00abalgo muy importante para promover el desarrollo del riego complementario en la Argentina, que es el que m\u00e1s ha crecido en los \u00faltimos a\u00f1os, con la provincia\u00a0de Buenos Aires a la cabeza\u00bb, seg\u00fan Bereciartua, y, por otro lado, dise\u00f1ar los esquemas de alianza p\u00fablico privada\u00a0que permitan atraer la inversi\u00f3n privada que complemente a la p\u00fablica, para hacer viables las\u00a0nuevas \u00e1reas de riego.<\/p>\n<p>\u00abEsto representa un desaf\u00edo muy importante a nivel nacional, ya que este\u00a0Gobierno arranc\u00f3 con una condici\u00f3n de borde debido a la situaci\u00f3n de caja y d\u00e9ficit que heredamos\u00a0y debido a la inflaci\u00f3n que todav\u00eda es muy significativa. Por eso, el plan de infraestructura que\u00a0estamos dise\u00f1ando requerir\u00e1 de la inversi\u00f3n en obra de los Bancos de Desarrollo Internacional, que\u00a0son las gestiones que ya hemos iniciado, aunque avanzar\u00e1n m\u00e1s r\u00e1pido si atraemos inversi\u00f3n\u00a0privada\u00bb, se\u00f1al\u00f3 el funcionario, al tiempo que agreg\u00f3 que \u00abel coraz\u00f3n de este equipo es haber convocado a los mejores expertos argentinos\u00a0y mundiales, que han venido de Francia, Singapur, Espa\u00f1a y Per\u00fa, lugares que suman antecedentes\u00a0y conocimientos para que podamos entender cu\u00e1les son los esquemas de alianza p\u00fablico privada\u00a0para promover la inversi\u00f3n y la infraestructura en la Argentina, tomando como caso el riego pero seguramente encontrando f\u00f3rmulas que nos van a ser \u00fatiles para la infraestructura en general\u00bb.<\/p>\n<p>En cuanto al rol del sector agropecuario, Bereciartua afirm\u00f3 que \u00abes clave en el proyecto y adem\u00e1s es clave para la Argentina\u00bb. \u00abEs uno de los\u00a0m\u00e1s competitivos que tenemos en el pa\u00eds, que adem\u00e1s es muy cre\u00edble internacionalmente, porque\u00a0ha logrado ser competitivo incluso en condiciones muy adversas en t\u00e9rminos institucionales y en t\u00e9rminos de gobiernos, adem\u00e1s de ser muy atractivo para la inversi\u00f3n privada\u00bb, agreg\u00f3. En ese sentido, sostuvo que en la actualidad \u00abel desaf\u00edo del Gobierno es desarrollar esquemas para la inversi\u00f3n\u00a0grande privada, espec\u00edficamente en infraestructura y producci\u00f3n, que sean cre\u00edbles y viables para\u00a0atraer capitales privados nacionales e internacionales. En ese marco, el \u00e1rea de riego y agricultura\u00a0en escala es fundamental, porque se sabe a nivel mundial que la Argentina es competitiva y sabe\u00a0desarrollar muy bien esa actividad\u00bb.<\/p>\n<p>\u00abYa hemos recibido desde el mismo 10 de diciembre a varias delegaciones y\u00a0distintas visitas de argentinos y extranjeros con mucho inter\u00e9s en invertir en el pa\u00eds y entender cu\u00e1les son las oportunidades que la Argentina tiene. Fruto de ese inter\u00e9s que existe y de la\u00a0condici\u00f3n de que podemos ser mucho m\u00e1s relevantes en t\u00e9rminos productivos y mucho m\u00e1s competitivos en los pr\u00f3ximos a\u00f1os es que estamos d\u00e1ndole forma a este gran plan de inversi\u00f3n en\u00a0infraestructura que hoy inicia un nuevo cap\u00edtulo. Con la ayuda de expertos, los mejores del Banco\u00a0Mundial, vamos a enfocarnos en el riego pero tambi\u00e9n en encontrar un formato m\u00e1s general de\u00a0c\u00f3mo promover en esta nueva etapa las alianzas p\u00fablico privadas y generar un esquema sustentable. Solo con el riego no alcanza, hay que tener elementos para que el sector privado\u00a0participe de una manera virtuosa en c\u00f3mo se desarrolla una regi\u00f3n, un \u00e1mbito de desarrollo del pa\u00eds\u00bb, expres\u00f3 el Subsecretario de Recursos H\u00eddricos.<\/p>\n<p>De ahora en m\u00e1s, el equipo trabajar\u00e1 hasta septiembre sobre tres\u00a0aspectos principales: \u00abPrimero, nos focalizaremos en cuatro casos pilotos de cuatro grandes zonas\u00a0de m\u00e1s de 100 mil hect\u00e1reas nuevas, en los cuales probaremos y desarrollaremos el modelo. El\u00a0segundo paso ser\u00e1 encontrar cu\u00e1l es el formato de alianza p\u00fablico privada m\u00e1s adecuado. Yo pienso en el ejemplo de la corporaci\u00f3n Puerto Madero, que es el m\u00e1s exitoso que tenemos en la\u00a0Argentina, ya que fue creada a principios de los a\u00f1os noventa y a\u00fan hoy est\u00e1 vigente, combinando\u00a0inversi\u00f3n p\u00fablica y privada con \u00e9xito. Creo que ese mismo formato lo podemos tomar como un\u00a0molde para el riego. En cuanto al tercer objetivo, ser\u00e1 caracterizar un conjunto relevante de diez\u00a0\u00e1reas que est\u00e9n relevadas en t\u00e9rminos cuantitativos para poder presentar a los sectores privados, lo\u00a0que nos permita establecer un di\u00e1logo para direccionar la inversi\u00f3n p\u00fablica hacia aquellas\u00a0oportunidades que son m\u00e1s atractivas para el sector empresario\u00bb, concluy\u00f3 Bereciartua. <em>(Infocampo)<\/em><\/p>\n","protected":false},"excerpt":{"rendered":"<p>El subsecretario de Recursos H&iacute;dricos, Pablo Bereciartua, present&oacute; el Plan Nacional de Riego, que cuenta con el apoyo del Banco Mundial y la FAO. En el marco del Plan del Agua que Mauricio Macri present&oacute; a fines de abril, el lunes por la tarde se realiz&oacute; en el Ministerio de Econom&iacute;a el lanzamiento del Plan [&hellip;]<\/p>\n","protected":false},"author":2,"featured_media":0,"comment_status":"open","ping_status":"open","sticky":false,"template":"","format":"standard","meta":{"fifu_image_url":"","fifu_image_alt":"","footnotes":""},"categories":[10],"tags":[],"class_list":{"0":"post-16254","1":"post","2":"type-post","3":"status-publish","4":"format-standard","6":"category-campo"},"yoast_head":"<title>El Gobierno busca alianzas p\u00fablico privadas para expandir el riego en el pa\u00eds - Informe Litoral<\/title>\n<meta name=\"robots\" content=\"index, follow, max-snippet:-1, max-image-preview:large, max-video-preview:-1\" \/>\n<link rel=\"canonical\" href=\"https:\/\/informelitoral.com.ar\/el-gobierno-busca-alianzas-publico-privadas-para-expandir-el-riego-en-el-pais\/\" \/>\n<meta property=\"og:locale\" content=\"es_ES\" \/>\n<meta property=\"og:type\" content=\"article\" \/>\n<meta property=\"og:title\" content=\"El Gobierno busca alianzas p\u00fablico privadas para expandir el riego en el pa\u00eds - Informe Litoral\" \/>\n<meta property=\"og:description\" content=\"El subsecretario de Recursos H&iacute;dricos, Pablo Bereciartua, present&oacute; el Plan Nacional de Riego, que cuenta con el apoyo del Banco Mundial y la FAO. En el marco del Plan del Agua que Mauricio Macri present&oacute; a fines de abril, el lunes por la tarde se realiz&oacute; en el Ministerio de Econom&iacute;a el lanzamiento del Plan [&hellip;]\" \/>\n<meta property=\"og:url\" content=\"https:\/\/informelitoral.com.ar\/el-gobierno-busca-alianzas-publico-privadas-para-expandir-el-riego-en-el-pais\/\" \/>\n<meta property=\"og:site_name\" content=\"Informe Litoral\" \/>\n<meta property=\"article:publisher\" content=\"https:\/\/www.facebook.com\/informelitoral\/\" \/>\n<meta property=\"article:published_time\" content=\"2016-05-26T11:33:51+00:00\" \/>\n<meta property=\"article:modified_time\" content=\"2016-05-26T11:36:14+00:00\" \/>\n<meta property=\"og:image\" content=\"https:\/\/informelitoral.com.ar\/%77%70%2d%63%6f%6e%74%65%6e%74\/uploads\/2016\/05\/gal-11195.jpg\" \/>\n\t<meta property=\"og:image:width\" content=\"600\" \/>\n\t<meta property=\"og:image:height\" content=\"371\" \/>\n\t<meta property=\"og:image:type\" content=\"image\/jpeg\" \/>\n<meta name=\"author\" content=\"Gonzalo Schmidt\" \/>\n<meta name=\"twitter:card\" content=\"summary_large_image\" \/>\n<meta name=\"twitter:creator\" content=\"@InformeLitoral\" \/>\n<meta name=\"twitter:site\" content=\"@InformeLitoral\" \/>\n<meta name=\"twitter:label1\" content=\"Escrito por\" \/>\n\t<meta name=\"twitter:data1\" content=\"Gonzalo Schmidt\" \/>\n\t<meta name=\"twitter:label2\" content=\"Tiempo de lectura\" \/>\n\t<meta name=\"twitter:data2\" content=\"5 minutos\" \/>\n<script type=\"application\/ld+json\" class=\"yoast-schema-graph\">{\"@context\":\"https:\\\/\\\/schema.org\",\"@graph\":[{\"@type\":\"Article\",\"@id\":\"https:\\\/\\\/informelitoral.com.ar\\\/el-gobierno-busca-alianzas-publico-privadas-para-expandir-el-riego-en-el-pais\\\/#article\",\"isPartOf\":{\"@id\":\"https:\\\/\\\/informelitoral.com.ar\\\/el-gobierno-busca-alianzas-publico-privadas-para-expandir-el-riego-en-el-pais\\\/\"},\"author\":{\"name\":\"Gonzalo Schmidt\",\"@id\":\"https:\\\/\\\/informelitoral.com.ar\\\/#\\\/schema\\\/person\\\/b9d00407c836482871ef1d57bf8e3180\"},\"headline\":\"El Gobierno busca alianzas p\u00fablico privadas para expandir el riego en el pa\u00eds\",\"datePublished\":\"2016-05-26T11:33:51+00:00\",\"dateModified\":\"2016-05-26T11:36:14+00:00\",\"mainEntityOfPage\":{\"@id\":\"https:\\\/\\\/informelitoral.com.ar\\\/el-gobierno-busca-alianzas-publico-privadas-para-expandir-el-riego-en-el-pais\\\/\"},\"wordCount\":1018,\"commentCount\":0,\"publisher\":{\"@id\":\"https:\\\/\\\/informelitoral.com.ar\\\/#organization\"},\"image\":{\"@id\":\"https:\\\/\\\/informelitoral.com.ar\\\/el-gobierno-busca-alianzas-publico-privadas-para-expandir-el-riego-en-el-pais\\\/#primaryimage\"},\"thumbnailUrl\":\"http:\\\/\\\/www.isletasnoticias.com.ar\\\/%77%70%2d%63%6f%6e%74%65%6e%74\\\/uploads\\\/2016\\\/05\\\/gal-11195.jpg\",\"articleSection\":[\"Campo\"],\"inLanguage\":\"es\",\"potentialAction\":[{\"@type\":\"CommentAction\",\"name\":\"Comment\",\"target\":[\"https:\\\/\\\/informelitoral.com.ar\\\/el-gobierno-busca-alianzas-publico-privadas-para-expandir-el-riego-en-el-pais\\\/#respond\"]}]},{\"@type\":\"WebPage\",\"@id\":\"https:\\\/\\\/informelitoral.com.ar\\\/el-gobierno-busca-alianzas-publico-privadas-para-expandir-el-riego-en-el-pais\\\/\",\"url\":\"https:\\\/\\\/informelitoral.com.ar\\\/el-gobierno-busca-alianzas-publico-privadas-para-expandir-el-riego-en-el-pais\\\/\",\"name\":\"El Gobierno busca alianzas p\u00fablico privadas para expandir el riego en el pa\u00eds - Informe Litoral\",\"isPartOf\":{\"@id\":\"https:\\\/\\\/informelitoral.com.ar\\\/#website\"},\"primaryImageOfPage\":{\"@id\":\"https:\\\/\\\/informelitoral.com.ar\\\/el-gobierno-busca-alianzas-publico-privadas-para-expandir-el-riego-en-el-pais\\\/#primaryimage\"},\"image\":{\"@id\":\"https:\\\/\\\/informelitoral.com.ar\\\/el-gobierno-busca-alianzas-publico-privadas-para-expandir-el-riego-en-el-pais\\\/#primaryimage\"},\"thumbnailUrl\":\"http:\\\/\\\/www.isletasnoticias.com.ar\\\/%77%70%2d%63%6f%6e%74%65%6e%74\\\/uploads\\\/2016\\\/05\\\/gal-11195.jpg\",\"datePublished\":\"2016-05-26T11:33:51+00:00\",\"dateModified\":\"2016-05-26T11:36:14+00:00\",\"breadcrumb\":{\"@id\":\"https:\\\/\\\/informelitoral.com.ar\\\/el-gobierno-busca-alianzas-publico-privadas-para-expandir-el-riego-en-el-pais\\\/#breadcrumb\"},\"inLanguage\":\"es\",\"potentialAction\":[{\"@type\":\"ReadAction\",\"target\":[\"https:\\\/\\\/informelitoral.com.ar\\\/el-gobierno-busca-alianzas-publico-privadas-para-expandir-el-riego-en-el-pais\\\/\"]}]},{\"@type\":\"ImageObject\",\"inLanguage\":\"es\",\"@id\":\"https:\\\/\\\/informelitoral.com.ar\\\/el-gobierno-busca-alianzas-publico-privadas-para-expandir-el-riego-en-el-pais\\\/#primaryimage\",\"url\":\"http:\\\/\\\/www.isletasnoticias.com.ar\\\/%77%70%2d%63%6f%6e%74%65%6e%74\\\/uploads\\\/2016\\\/05\\\/gal-11195.jpg\",\"contentUrl\":\"http:\\\/\\\/www.isletasnoticias.com.ar\\\/%77%70%2d%63%6f%6e%74%65%6e%74\\\/uploads\\\/2016\\\/05\\\/gal-11195.jpg\"},{\"@type\":\"BreadcrumbList\",\"@id\":\"https:\\\/\\\/informelitoral.com.ar\\\/el-gobierno-busca-alianzas-publico-privadas-para-expandir-el-riego-en-el-pais\\\/#breadcrumb\",\"itemListElement\":[{\"@type\":\"ListItem\",\"position\":1,\"name\":\"Portada\",\"item\":\"https:\\\/\\\/informelitoral.com.ar\\\/\"},{\"@type\":\"ListItem\",\"position\":2,\"name\":\"El Gobierno busca alianzas p\u00fablico privadas para expandir el riego en el pa\u00eds\"}]},{\"@type\":\"WebSite\",\"@id\":\"https:\\\/\\\/informelitoral.com.ar\\\/#website\",\"url\":\"https:\\\/\\\/informelitoral.com.ar\\\/\",\"name\":\"Informe Litoral\",\"description\":\"&quot;Nos informamos&quot; \",\"publisher\":{\"@id\":\"https:\\\/\\\/informelitoral.com.ar\\\/#organization\"},\"potentialAction\":[{\"@type\":\"SearchAction\",\"target\":{\"@type\":\"EntryPoint\",\"urlTemplate\":\"https:\\\/\\\/informelitoral.com.ar\\\/?s={search_term_string}\"},\"query-input\":{\"@type\":\"PropertyValueSpecification\",\"valueRequired\":true,\"valueName\":\"search_term_string\"}}],\"inLanguage\":\"es\"},{\"@type\":\"Organization\",\"@id\":\"https:\\\/\\\/informelitoral.com.ar\\\/#organization\",\"name\":\"Informe Litoral\",\"url\":\"https:\\\/\\\/informelitoral.com.ar\\\/\",\"logo\":{\"@type\":\"ImageObject\",\"inLanguage\":\"es\",\"@id\":\"https:\\\/\\\/informelitoral.com.ar\\\/#\\\/schema\\\/logo\\\/image\\\/\",\"url\":\"https:\\\/\\\/informelitoral.com.ar\\\/%77%70%2d%63%6f%6e%74%65%6e%74\\\/uploads\\\/2021\\\/01\\\/circulo.png\",\"contentUrl\":\"https:\\\/\\\/informelitoral.com.ar\\\/%77%70%2d%63%6f%6e%74%65%6e%74\\\/uploads\\\/2021\\\/01\\\/circulo.png\",\"width\":723,\"height\":731,\"caption\":\"Informe Litoral\"},\"image\":{\"@id\":\"https:\\\/\\\/informelitoral.com.ar\\\/#\\\/schema\\\/logo\\\/image\\\/\"},\"sameAs\":[\"https:\\\/\\\/www.facebook.com\\\/informelitoral\\\/\",\"https:\\\/\\\/x.com\\\/InformeLitoral\",\"https:\\\/\\\/www.instagram.com\\\/informelitoral\\\/\",\"https:\\\/\\\/www.youtube.com\\\/channel\\\/UCua4Qvz8Icb6MYqhoq9xLXw\"]},{\"@type\":\"Person\",\"@id\":\"https:\\\/\\\/informelitoral.com.ar\\\/#\\\/schema\\\/person\\\/b9d00407c836482871ef1d57bf8e3180\",\"name\":\"Gonzalo Schmidt\",\"image\":{\"@type\":\"ImageObject\",\"inLanguage\":\"es\",\"@id\":\"https:\\\/\\\/secure.gravatar.com\\\/avatar\\\/31a1a7b66ff2de83bd0e9fd79d026630d2d99e55e8bfe501287647b4fd9743de?s=96&d=mm&r=g\",\"url\":\"https:\\\/\\\/secure.gravatar.com\\\/avatar\\\/31a1a7b66ff2de83bd0e9fd79d026630d2d99e55e8bfe501287647b4fd9743de?s=96&d=mm&r=g\",\"contentUrl\":\"https:\\\/\\\/secure.gravatar.com\\\/avatar\\\/31a1a7b66ff2de83bd0e9fd79d026630d2d99e55e8bfe501287647b4fd9743de?s=96&d=mm&r=g\",\"caption\":\"Gonzalo Schmidt\"},\"description\":\"Sitio web de noticias de la provincia de Entre R\u00edos, Argentina. Informaci\u00f3n y entretenimiento. Informe Litoral, nos informamos.\",\"sameAs\":[\"http:\\\/\\\/www.isletasnoticias.com.ar\"],\"url\":\"https:\\\/\\\/informelitoral.com.ar\\\/author\\\/gonzalo\\\/\"}]}<\/script>","yoast_head_json":{"title":"El Gobierno busca alianzas p\u00fablico privadas para expandir el riego en el pa\u00eds - Informe Litoral","robots":{"index":"index","follow":"follow","max-snippet":"max-snippet:-1","max-image-preview":"max-image-preview:large","max-video-preview":"max-video-preview:-1"},"canonical":"https:\/\/informelitoral.com.ar\/el-gobierno-busca-alianzas-publico-privadas-para-expandir-el-riego-en-el-pais\/","og_locale":"es_ES","og_type":"article","og_title":"El Gobierno busca alianzas p\u00fablico privadas para expandir el riego en el pa\u00eds - Informe Litoral","og_description":"El subsecretario de Recursos H&iacute;dricos, Pablo Bereciartua, present&oacute; el Plan Nacional de Riego, que cuenta con el apoyo del Banco Mundial y la FAO. En el marco del Plan del Agua que Mauricio Macri present&oacute; a fines de abril, el lunes por la tarde se realiz&oacute; en el Ministerio de Econom&iacute;a el lanzamiento del Plan [&hellip;]","og_url":"https:\/\/informelitoral.com.ar\/el-gobierno-busca-alianzas-publico-privadas-para-expandir-el-riego-en-el-pais\/","og_site_name":"Informe Litoral","article_publisher":"https:\/\/www.facebook.com\/informelitoral\/","article_published_time":"2016-05-26T11:33:51+00:00","article_modified_time":"2016-05-26T11:36:14+00:00","og_image":[{"width":600,"height":371,"url":"https:\/\/informelitoral.com.ar\/%77%70%2d%63%6f%6e%74%65%6e%74\/uploads\/2016\/05\/gal-11195.jpg","type":"image\/jpeg"}],"author":"Gonzalo Schmidt","twitter_card":"summary_large_image","twitter_creator":"@InformeLitoral","twitter_site":"@InformeLitoral","twitter_misc":{"Escrito por":"Gonzalo Schmidt","Tiempo de lectura":"5 minutos"},"schema":{"@context":"https:\/\/schema.org","@graph":[{"@type":"Article","@id":"https:\/\/informelitoral.com.ar\/el-gobierno-busca-alianzas-publico-privadas-para-expandir-el-riego-en-el-pais\/#article","isPartOf":{"@id":"https:\/\/informelitoral.com.ar\/el-gobierno-busca-alianzas-publico-privadas-para-expandir-el-riego-en-el-pais\/"},"author":{"name":"Gonzalo Schmidt","@id":"https:\/\/informelitoral.com.ar\/#\/schema\/person\/b9d00407c836482871ef1d57bf8e3180"},"headline":"El Gobierno busca alianzas p\u00fablico privadas para expandir el riego en el pa\u00eds","datePublished":"2016-05-26T11:33:51+00:00","dateModified":"2016-05-26T11:36:14+00:00","mainEntityOfPage":{"@id":"https:\/\/informelitoral.com.ar\/el-gobierno-busca-alianzas-publico-privadas-para-expandir-el-riego-en-el-pais\/"},"wordCount":1018,"commentCount":0,"publisher":{"@id":"https:\/\/informelitoral.com.ar\/#organization"},"image":{"@id":"https:\/\/informelitoral.com.ar\/el-gobierno-busca-alianzas-publico-privadas-para-expandir-el-riego-en-el-pais\/#primaryimage"},"thumbnailUrl":"http:\/\/www.isletasnoticias.com.ar\/%77%70%2d%63%6f%6e%74%65%6e%74\/uploads\/2016\/05\/gal-11195.jpg","articleSection":["Campo"],"inLanguage":"es","potentialAction":[{"@type":"CommentAction","name":"Comment","target":["https:\/\/informelitoral.com.ar\/el-gobierno-busca-alianzas-publico-privadas-para-expandir-el-riego-en-el-pais\/#respond"]}]},{"@type":"WebPage","@id":"https:\/\/informelitoral.com.ar\/el-gobierno-busca-alianzas-publico-privadas-para-expandir-el-riego-en-el-pais\/","url":"https:\/\/informelitoral.com.ar\/el-gobierno-busca-alianzas-publico-privadas-para-expandir-el-riego-en-el-pais\/","name":"El Gobierno busca alianzas p\u00fablico privadas para expandir el riego en el pa\u00eds - Informe Litoral","isPartOf":{"@id":"https:\/\/informelitoral.com.ar\/#website"},"primaryImageOfPage":{"@id":"https:\/\/informelitoral.com.ar\/el-gobierno-busca-alianzas-publico-privadas-para-expandir-el-riego-en-el-pais\/#primaryimage"},"image":{"@id":"https:\/\/informelitoral.com.ar\/el-gobierno-busca-alianzas-publico-privadas-para-expandir-el-riego-en-el-pais\/#primaryimage"},"thumbnailUrl":"http:\/\/www.isletasnoticias.com.ar\/%77%70%2d%63%6f%6e%74%65%6e%74\/uploads\/2016\/05\/gal-11195.jpg","datePublished":"2016-05-26T11:33:51+00:00","dateModified":"2016-05-26T11:36:14+00:00","breadcrumb":{"@id":"https:\/\/informelitoral.com.ar\/el-gobierno-busca-alianzas-publico-privadas-para-expandir-el-riego-en-el-pais\/#breadcrumb"},"inLanguage":"es","potentialAction":[{"@type":"ReadAction","target":["https:\/\/informelitoral.com.ar\/el-gobierno-busca-alianzas-publico-privadas-para-expandir-el-riego-en-el-pais\/"]}]},{"@type":"ImageObject","inLanguage":"es","@id":"https:\/\/informelitoral.com.ar\/el-gobierno-busca-alianzas-publico-privadas-para-expandir-el-riego-en-el-pais\/#primaryimage","url":"http:\/\/www.isletasnoticias.com.ar\/%77%70%2d%63%6f%6e%74%65%6e%74\/uploads\/2016\/05\/gal-11195.jpg","contentUrl":"http:\/\/www.isletasnoticias.com.ar\/%77%70%2d%63%6f%6e%74%65%6e%74\/uploads\/2016\/05\/gal-11195.jpg"},{"@type":"BreadcrumbList","@id":"https:\/\/informelitoral.com.ar\/el-gobierno-busca-alianzas-publico-privadas-para-expandir-el-riego-en-el-pais\/#breadcrumb","itemListElement":[{"@type":"ListItem","position":1,"name":"Portada","item":"https:\/\/informelitoral.com.ar\/"},{"@type":"ListItem","position":2,"name":"El Gobierno busca alianzas p\u00fablico privadas para expandir el riego en el pa\u00eds"}]},{"@type":"WebSite","@id":"https:\/\/informelitoral.com.ar\/#website","url":"https:\/\/informelitoral.com.ar\/","name":"Informe Litoral","description":"&quot;Nos informamos&quot; ","publisher":{"@id":"https:\/\/informelitoral.com.ar\/#organization"},"potentialAction":[{"@type":"SearchAction","target":{"@type":"EntryPoint","urlTemplate":"https:\/\/informelitoral.com.ar\/?s={search_term_string}"},"query-input":{"@type":"PropertyValueSpecification","valueRequired":true,"valueName":"search_term_string"}}],"inLanguage":"es"},{"@type":"Organization","@id":"https:\/\/informelitoral.com.ar\/#organization","name":"Informe Litoral","url":"https:\/\/informelitoral.com.ar\/","logo":{"@type":"ImageObject","inLanguage":"es","@id":"https:\/\/informelitoral.com.ar\/#\/schema\/logo\/image\/","url":"https:\/\/informelitoral.com.ar\/%77%70%2d%63%6f%6e%74%65%6e%74\/uploads\/2021\/01\/circulo.png","contentUrl":"https:\/\/informelitoral.com.ar\/%77%70%2d%63%6f%6e%74%65%6e%74\/uploads\/2021\/01\/circulo.png","width":723,"height":731,"caption":"Informe Litoral"},"image":{"@id":"https:\/\/informelitoral.com.ar\/#\/schema\/logo\/image\/"},"sameAs":["https:\/\/www.facebook.com\/informelitoral\/","https:\/\/x.com\/InformeLitoral","https:\/\/www.instagram.com\/informelitoral\/","https:\/\/www.youtube.com\/channel\/UCua4Qvz8Icb6MYqhoq9xLXw"]},{"@type":"Person","@id":"https:\/\/informelitoral.com.ar\/#\/schema\/person\/b9d00407c836482871ef1d57bf8e3180","name":"Gonzalo Schmidt","image":{"@type":"ImageObject","inLanguage":"es","@id":"https:\/\/secure.gravatar.com\/avatar\/31a1a7b66ff2de83bd0e9fd79d026630d2d99e55e8bfe501287647b4fd9743de?s=96&d=mm&r=g","url":"https:\/\/secure.gravatar.com\/avatar\/31a1a7b66ff2de83bd0e9fd79d026630d2d99e55e8bfe501287647b4fd9743de?s=96&d=mm&r=g","contentUrl":"https:\/\/secure.gravatar.com\/avatar\/31a1a7b66ff2de83bd0e9fd79d026630d2d99e55e8bfe501287647b4fd9743de?s=96&d=mm&r=g","caption":"Gonzalo Schmidt"},"description":"Sitio web de noticias de la provincia de Entre R\u00edos, Argentina. Informaci\u00f3n y entretenimiento. Informe Litoral, nos informamos.","sameAs":["http:\/\/www.isletasnoticias.com.ar"],"url":"https:\/\/informelitoral.com.ar\/author\/gonzalo\/"}]}},"_links":{"self":[{"href":"https:\/\/informelitoral.com.ar\/%77%70%2d%6a%73%6f%6e\/wp\/v2\/posts\/16254","targetHints":{"allow":["GET"]}}],"collection":[{"href":"https:\/\/informelitoral.com.ar\/%77%70%2d%6a%73%6f%6e\/wp\/v2\/posts"}],"about":[{"href":"https:\/\/informelitoral.com.ar\/%77%70%2d%6a%73%6f%6e\/wp\/v2\/types\/post"}],"author":[{"embeddable":true,"href":"https:\/\/informelitoral.com.ar\/%77%70%2d%6a%73%6f%6e\/wp\/v2\/users\/2"}],"replies":[{"embeddable":true,"href":"https:\/\/informelitoral.com.ar\/%77%70%2d%6a%73%6f%6e\/wp\/v2\/comments?post=16254"}],"version-history":[{"count":0,"href":"https:\/\/informelitoral.com.ar\/%77%70%2d%6a%73%6f%6e\/wp\/v2\/posts\/16254\/revisions"}],"wp:attachment":[{"href":"https:\/\/informelitoral.com.ar\/%77%70%2d%6a%73%6f%6e\/wp\/v2\/media?parent=16254"}],"wp:term":[{"taxonomy":"category","embeddable":true,"href":"https:\/\/informelitoral.com.ar\/%77%70%2d%6a%73%6f%6e\/wp\/v2\/categories?post=16254"},{"taxonomy":"post_tag","embeddable":true,"href":"https:\/\/informelitoral.com.ar\/%77%70%2d%6a%73%6f%6e\/wp\/v2\/tags?post=16254"}],"curies":[{"name":"wp","href":"https:\/\/api.w.org\/{rel}","templated":true}]}}