{"id":16247,"date":"2016-05-25T19:56:30","date_gmt":"2016-05-25T22:56:30","guid":{"rendered":"http:\/\/www.isletasnoticias.com.ar\/?p=16247"},"modified":"2016-05-25T19:56:30","modified_gmt":"2016-05-25T22:56:30","slug":"mauricio-macri-llamo-a-cerrar-la-brecha-entre-lo-que-somos-y-lo-que-podemos-ser","status":"publish","type":"post","link":"https:\/\/informelitoral.com.ar\/mauricio-macri-llamo-a-cerrar-la-brecha-entre-lo-que-somos-y-lo-que-podemos-ser\/","title":{"rendered":"Mauricio Macri llam\u00f3 a \u00abcerrar la brecha entre lo que somos y lo que podemos ser\u00bb"},"content":{"rendered":"<p><strong>Con motivo del 25 de Mayo, el Presidente recibi\u00f3 en la Quinta de Olivos a un grupo de organizaciones sociales, a las que inst\u00f3 a reforzar el trabajo en conjunto. Antes, particip\u00f3 del tedeum en la catedral metropolitana.<a href=\"http:\/\/www.isletasnoticias.com.ar\/%77%70%2d%63%6f%6e%74%65%6e%74\/uploads\/2016\/05\/0014814316.jpg\"><img loading=\"lazy\" decoding=\"async\" class=\"aligncenter wp-image-16248 size-full\" src=\"http:\/\/www.isletasnoticias.com.ar\/%77%70%2d%63%6f%6e%74%65%6e%74\/uploads\/2016\/05\/0014814316.jpg\" alt=\"0014814316\" width=\"770\" height=\"433\" srcset=\"https:\/\/informelitoral.com.ar\/%77%70%2d%63%6f%6e%74%65%6e%74\/uploads\/2016\/05\/0014814316.jpg 770w, https:\/\/informelitoral.com.ar\/%77%70%2d%63%6f%6e%74%65%6e%74\/uploads\/2016\/05\/0014814316-300x169.jpg 300w, https:\/\/informelitoral.com.ar\/%77%70%2d%63%6f%6e%74%65%6e%74\/uploads\/2016\/05\/0014814316-768x432.jpg 768w\" sizes=\"auto, (max-width: 770px) 100vw, 770px\" \/><\/a><\/strong><\/p>\n<p><strong>Mauricio Macri<\/strong> cumpli\u00f3 hoy su primer acto por el 25 de mayo desde que asumi\u00f3 la Presidencia. Pasadas las 13, ofici\u00f3 de anfitri\u00f3n para el tradicional locro criollo que en principio se plane\u00f3 para la Casa Rosada, pero luego se resolvi\u00f3 trasladar a la Quinta de Olivos por una protesta de cooperativistas que mantuvo sitiada desde ayer la Plaza de Mayo.<\/p>\n<p>Entre los invitados se contaron los funcionarios del gabinete y un grupo de representantes de distintas organizaciones sociales. Antes del almuerzo \u2013adem\u00e1s del locro se sirvieron pastelitos y empanadas-, el mandatario dio un breve discurso en el que exhort\u00f3 a aunar esfuerzos por el pa\u00eds.<\/p>\n<p>En ese sentido, Macri llam\u00f3 a trabajar en conjunto \u00abpensando siempre en lo mismo, en esa Argentina que so\u00f1amos y nos merecemos y que nos permita cerrar la brecha entre lo que somos y lo que podemos ser\u00bb.<\/p>\n<p>\u00abViva la patria\u00bb, exclam\u00f3 al t\u00e9rmino de su saludo a los presentes, entre quienes se encontraban representantes de comedores comunitarios, cooperativas de viviendas y organizaciones de jubilados. Tambi\u00e9n fueron invitados a participar de la celebraci\u00f3n un grupo de vecinos que viven en las cercan\u00edas de la residencia presidencial.<\/p>\n<p>Antes del almuerzo, Macri particip\u00f3 del tedeum en la Catedral Metropolitana. Acompa\u00f1ado por su esposa, funcionarios del gabinete y el presidente de la Corte Suprema, Ricardo Lorenzetti, entre otros, asisti\u00f3 a la ceremonia que encabez\u00f3 el cardenal Mario Poli.<\/p>\n<p>En su homil\u00eda, Poli pidi\u00f3 a Jes\u00fas que ilumine a todos los dirigentes que tienen alg\u00fan tipo de representaci\u00f3n para \u00abdescubrir la alegr\u00eda y la grandeza del que sirve, dejando de lado la mezquina ambici\u00f3n\u00bb.<\/p>\n<p>\u00abQue no nos paralicen las estad\u00edsticas, sino m\u00e1s bien que no perdamos la sensibilidad para escuchar y redoblar los esfuerzos y servicios ante el dolor de los m\u00e1s pobres, de las familias que siguen en la humillaci\u00f3n de carecer de lo esencial\u00bb, dijo luego la m\u00e1xima autoridad de la Iglesia Cat\u00f3lica argentina. <em>(Infobae)<\/em><\/p>\n","protected":false},"excerpt":{"rendered":"<p>Con motivo del 25 de Mayo, el Presidente recibi&oacute; en la Quinta de Olivos a un grupo de organizaciones sociales, a las que inst&oacute; a reforzar el trabajo en conjunto. Antes, particip&oacute; del tedeum en la catedral metropolitana. Mauricio Macri cumpli&oacute; hoy su primer acto por el 25 de mayo desde que asumi&oacute; la Presidencia. [&hellip;]<\/p>\n","protected":false},"author":2,"featured_media":0,"comment_status":"open","ping_status":"open","sticky":false,"template":"","format":"standard","meta":{"fifu_image_url":"","fifu_image_alt":"","footnotes":""},"categories":[7,16],"tags":[],"class_list":{"0":"post-16247","1":"post","2":"type-post","3":"status-publish","4":"format-standard","6":"category-nacionales","7":"category-politi"},"yoast_head":"<title>Mauricio Macri llam\u00f3 a &quot;cerrar la brecha entre lo que somos y lo que podemos ser&quot; - Informe Litoral<\/title>\n<meta name=\"robots\" content=\"index, follow, max-snippet:-1, max-image-preview:large, max-video-preview:-1\" \/>\n<link rel=\"canonical\" href=\"https:\/\/informelitoral.com.ar\/mauricio-macri-llamo-a-cerrar-la-brecha-entre-lo-que-somos-y-lo-que-podemos-ser\/\" \/>\n<meta property=\"og:locale\" content=\"es_ES\" \/>\n<meta property=\"og:type\" content=\"article\" \/>\n<meta property=\"og:title\" content=\"Mauricio Macri llam\u00f3 a &quot;cerrar la brecha entre lo que somos y lo que podemos ser&quot; - Informe Litoral\" \/>\n<meta property=\"og:description\" content=\"Con motivo del 25 de Mayo, el Presidente recibi&oacute; en la Quinta de Olivos a un grupo de organizaciones sociales, a las que inst&oacute; a reforzar el trabajo en conjunto. Antes, particip&oacute; del tedeum en la catedral metropolitana. Mauricio Macri cumpli&oacute; hoy su primer acto por el 25 de mayo desde que asumi&oacute; la Presidencia. [&hellip;]\" \/>\n<meta property=\"og:url\" content=\"https:\/\/informelitoral.com.ar\/mauricio-macri-llamo-a-cerrar-la-brecha-entre-lo-que-somos-y-lo-que-podemos-ser\/\" \/>\n<meta property=\"og:site_name\" content=\"Informe Litoral\" \/>\n<meta property=\"article:publisher\" content=\"https:\/\/www.facebook.com\/informelitoral\/\" \/>\n<meta property=\"article:published_time\" content=\"2016-05-25T22:56:30+00:00\" \/>\n<meta property=\"og:image\" content=\"https:\/\/informelitoral.com.ar\/%77%70%2d%63%6f%6e%74%65%6e%74\/uploads\/2016\/05\/0014814316.jpg\" \/>\n\t<meta property=\"og:image:width\" content=\"770\" \/>\n\t<meta property=\"og:image:height\" content=\"433\" \/>\n\t<meta property=\"og:image:type\" content=\"image\/jpeg\" \/>\n<meta name=\"author\" content=\"Gonzalo Schmidt\" \/>\n<meta name=\"twitter:card\" content=\"summary_large_image\" \/>\n<meta name=\"twitter:creator\" content=\"@InformeLitoral\" \/>\n<meta name=\"twitter:site\" content=\"@InformeLitoral\" \/>\n<meta name=\"twitter:label1\" content=\"Escrito por\" \/>\n\t<meta name=\"twitter:data1\" content=\"Gonzalo Schmidt\" \/>\n\t<meta name=\"twitter:label2\" content=\"Tiempo de lectura\" \/>\n\t<meta name=\"twitter:data2\" content=\"2 minutos\" \/>\n<script type=\"application\/ld+json\" class=\"yoast-schema-graph\">{\"@context\":\"https:\\\/\\\/schema.org\",\"@graph\":[{\"@type\":\"Article\",\"@id\":\"https:\\\/\\\/informelitoral.com.ar\\\/mauricio-macri-llamo-a-cerrar-la-brecha-entre-lo-que-somos-y-lo-que-podemos-ser\\\/#article\",\"isPartOf\":{\"@id\":\"https:\\\/\\\/informelitoral.com.ar\\\/mauricio-macri-llamo-a-cerrar-la-brecha-entre-lo-que-somos-y-lo-que-podemos-ser\\\/\"},\"author\":{\"name\":\"Gonzalo Schmidt\",\"@id\":\"https:\\\/\\\/informelitoral.com.ar\\\/#\\\/schema\\\/person\\\/b9d00407c836482871ef1d57bf8e3180\"},\"headline\":\"Mauricio Macri llam\u00f3 a \u00abcerrar la brecha entre lo que somos y lo que podemos ser\u00bb\",\"datePublished\":\"2016-05-25T22:56:30+00:00\",\"mainEntityOfPage\":{\"@id\":\"https:\\\/\\\/informelitoral.com.ar\\\/mauricio-macri-llamo-a-cerrar-la-brecha-entre-lo-que-somos-y-lo-que-podemos-ser\\\/\"},\"wordCount\":391,\"commentCount\":0,\"publisher\":{\"@id\":\"https:\\\/\\\/informelitoral.com.ar\\\/#organization\"},\"image\":{\"@id\":\"https:\\\/\\\/informelitoral.com.ar\\\/mauricio-macri-llamo-a-cerrar-la-brecha-entre-lo-que-somos-y-lo-que-podemos-ser\\\/#primaryimage\"},\"thumbnailUrl\":\"http:\\\/\\\/www.isletasnoticias.com.ar\\\/%77%70%2d%63%6f%6e%74%65%6e%74\\\/uploads\\\/2016\\\/05\\\/0014814316.jpg\",\"articleSection\":[\"Nacionales\",\"Politica\"],\"inLanguage\":\"es\",\"potentialAction\":[{\"@type\":\"CommentAction\",\"name\":\"Comment\",\"target\":[\"https:\\\/\\\/informelitoral.com.ar\\\/mauricio-macri-llamo-a-cerrar-la-brecha-entre-lo-que-somos-y-lo-que-podemos-ser\\\/#respond\"]}]},{\"@type\":\"WebPage\",\"@id\":\"https:\\\/\\\/informelitoral.com.ar\\\/mauricio-macri-llamo-a-cerrar-la-brecha-entre-lo-que-somos-y-lo-que-podemos-ser\\\/\",\"url\":\"https:\\\/\\\/informelitoral.com.ar\\\/mauricio-macri-llamo-a-cerrar-la-brecha-entre-lo-que-somos-y-lo-que-podemos-ser\\\/\",\"name\":\"Mauricio Macri llam\u00f3 a \\\"cerrar la brecha entre lo que somos y lo que podemos ser\\\" - Informe Litoral\",\"isPartOf\":{\"@id\":\"https:\\\/\\\/informelitoral.com.ar\\\/#website\"},\"primaryImageOfPage\":{\"@id\":\"https:\\\/\\\/informelitoral.com.ar\\\/mauricio-macri-llamo-a-cerrar-la-brecha-entre-lo-que-somos-y-lo-que-podemos-ser\\\/#primaryimage\"},\"image\":{\"@id\":\"https:\\\/\\\/informelitoral.com.ar\\\/mauricio-macri-llamo-a-cerrar-la-brecha-entre-lo-que-somos-y-lo-que-podemos-ser\\\/#primaryimage\"},\"thumbnailUrl\":\"http:\\\/\\\/www.isletasnoticias.com.ar\\\/%77%70%2d%63%6f%6e%74%65%6e%74\\\/uploads\\\/2016\\\/05\\\/0014814316.jpg\",\"datePublished\":\"2016-05-25T22:56:30+00:00\",\"breadcrumb\":{\"@id\":\"https:\\\/\\\/informelitoral.com.ar\\\/mauricio-macri-llamo-a-cerrar-la-brecha-entre-lo-que-somos-y-lo-que-podemos-ser\\\/#breadcrumb\"},\"inLanguage\":\"es\",\"potentialAction\":[{\"@type\":\"ReadAction\",\"target\":[\"https:\\\/\\\/informelitoral.com.ar\\\/mauricio-macri-llamo-a-cerrar-la-brecha-entre-lo-que-somos-y-lo-que-podemos-ser\\\/\"]}]},{\"@type\":\"ImageObject\",\"inLanguage\":\"es\",\"@id\":\"https:\\\/\\\/informelitoral.com.ar\\\/mauricio-macri-llamo-a-cerrar-la-brecha-entre-lo-que-somos-y-lo-que-podemos-ser\\\/#primaryimage\",\"url\":\"http:\\\/\\\/www.isletasnoticias.com.ar\\\/%77%70%2d%63%6f%6e%74%65%6e%74\\\/uploads\\\/2016\\\/05\\\/0014814316.jpg\",\"contentUrl\":\"http:\\\/\\\/www.isletasnoticias.com.ar\\\/%77%70%2d%63%6f%6e%74%65%6e%74\\\/uploads\\\/2016\\\/05\\\/0014814316.jpg\"},{\"@type\":\"BreadcrumbList\",\"@id\":\"https:\\\/\\\/informelitoral.com.ar\\\/mauricio-macri-llamo-a-cerrar-la-brecha-entre-lo-que-somos-y-lo-que-podemos-ser\\\/#breadcrumb\",\"itemListElement\":[{\"@type\":\"ListItem\",\"position\":1,\"name\":\"Portada\",\"item\":\"https:\\\/\\\/informelitoral.com.ar\\\/\"},{\"@type\":\"ListItem\",\"position\":2,\"name\":\"Mauricio Macri llam\u00f3 a \u00abcerrar la brecha entre lo que somos y lo que podemos ser\u00bb\"}]},{\"@type\":\"WebSite\",\"@id\":\"https:\\\/\\\/informelitoral.com.ar\\\/#website\",\"url\":\"https:\\\/\\\/informelitoral.com.ar\\\/\",\"name\":\"Informe Litoral\",\"description\":\"&quot;Nos informamos&quot; \",\"publisher\":{\"@id\":\"https:\\\/\\\/informelitoral.com.ar\\\/#organization\"},\"potentialAction\":[{\"@type\":\"SearchAction\",\"target\":{\"@type\":\"EntryPoint\",\"urlTemplate\":\"https:\\\/\\\/informelitoral.com.ar\\\/?s={search_term_string}\"},\"query-input\":{\"@type\":\"PropertyValueSpecification\",\"valueRequired\":true,\"valueName\":\"search_term_string\"}}],\"inLanguage\":\"es\"},{\"@type\":\"Organization\",\"@id\":\"https:\\\/\\\/informelitoral.com.ar\\\/#organization\",\"name\":\"Informe Litoral\",\"url\":\"https:\\\/\\\/informelitoral.com.ar\\\/\",\"logo\":{\"@type\":\"ImageObject\",\"inLanguage\":\"es\",\"@id\":\"https:\\\/\\\/informelitoral.com.ar\\\/#\\\/schema\\\/logo\\\/image\\\/\",\"url\":\"https:\\\/\\\/informelitoral.com.ar\\\/%77%70%2d%63%6f%6e%74%65%6e%74\\\/uploads\\\/2021\\\/01\\\/circulo.png\",\"contentUrl\":\"https:\\\/\\\/informelitoral.com.ar\\\/%77%70%2d%63%6f%6e%74%65%6e%74\\\/uploads\\\/2021\\\/01\\\/circulo.png\",\"width\":723,\"height\":731,\"caption\":\"Informe Litoral\"},\"image\":{\"@id\":\"https:\\\/\\\/informelitoral.com.ar\\\/#\\\/schema\\\/logo\\\/image\\\/\"},\"sameAs\":[\"https:\\\/\\\/www.facebook.com\\\/informelitoral\\\/\",\"https:\\\/\\\/x.com\\\/InformeLitoral\",\"https:\\\/\\\/www.instagram.com\\\/informelitoral\\\/\",\"https:\\\/\\\/www.youtube.com\\\/channel\\\/UCua4Qvz8Icb6MYqhoq9xLXw\"]},{\"@type\":\"Person\",\"@id\":\"https:\\\/\\\/informelitoral.com.ar\\\/#\\\/schema\\\/person\\\/b9d00407c836482871ef1d57bf8e3180\",\"name\":\"Gonzalo Schmidt\",\"image\":{\"@type\":\"ImageObject\",\"inLanguage\":\"es\",\"@id\":\"https:\\\/\\\/secure.gravatar.com\\\/avatar\\\/31a1a7b66ff2de83bd0e9fd79d026630d2d99e55e8bfe501287647b4fd9743de?s=96&d=mm&r=g\",\"url\":\"https:\\\/\\\/secure.gravatar.com\\\/avatar\\\/31a1a7b66ff2de83bd0e9fd79d026630d2d99e55e8bfe501287647b4fd9743de?s=96&d=mm&r=g\",\"contentUrl\":\"https:\\\/\\\/secure.gravatar.com\\\/avatar\\\/31a1a7b66ff2de83bd0e9fd79d026630d2d99e55e8bfe501287647b4fd9743de?s=96&d=mm&r=g\",\"caption\":\"Gonzalo Schmidt\"},\"description\":\"Sitio web de noticias de la provincia de Entre R\u00edos, Argentina. Informaci\u00f3n y entretenimiento. Informe Litoral, nos informamos.\",\"sameAs\":[\"http:\\\/\\\/www.isletasnoticias.com.ar\"],\"url\":\"https:\\\/\\\/informelitoral.com.ar\\\/author\\\/gonzalo\\\/\"}]}<\/script>","yoast_head_json":{"title":"Mauricio Macri llam\u00f3 a \"cerrar la brecha entre lo que somos y lo que podemos ser\" - Informe Litoral","robots":{"index":"index","follow":"follow","max-snippet":"max-snippet:-1","max-image-preview":"max-image-preview:large","max-video-preview":"max-video-preview:-1"},"canonical":"https:\/\/informelitoral.com.ar\/mauricio-macri-llamo-a-cerrar-la-brecha-entre-lo-que-somos-y-lo-que-podemos-ser\/","og_locale":"es_ES","og_type":"article","og_title":"Mauricio Macri llam\u00f3 a \"cerrar la brecha entre lo que somos y lo que podemos ser\" - Informe Litoral","og_description":"Con motivo del 25 de Mayo, el Presidente recibi&oacute; en la Quinta de Olivos a un grupo de organizaciones sociales, a las que inst&oacute; a reforzar el trabajo en conjunto. Antes, particip&oacute; del tedeum en la catedral metropolitana. Mauricio Macri cumpli&oacute; hoy su primer acto por el 25 de mayo desde que asumi&oacute; la Presidencia. [&hellip;]","og_url":"https:\/\/informelitoral.com.ar\/mauricio-macri-llamo-a-cerrar-la-brecha-entre-lo-que-somos-y-lo-que-podemos-ser\/","og_site_name":"Informe Litoral","article_publisher":"https:\/\/www.facebook.com\/informelitoral\/","article_published_time":"2016-05-25T22:56:30+00:00","og_image":[{"width":770,"height":433,"url":"https:\/\/informelitoral.com.ar\/%77%70%2d%63%6f%6e%74%65%6e%74\/uploads\/2016\/05\/0014814316.jpg","type":"image\/jpeg"}],"author":"Gonzalo Schmidt","twitter_card":"summary_large_image","twitter_creator":"@InformeLitoral","twitter_site":"@InformeLitoral","twitter_misc":{"Escrito por":"Gonzalo Schmidt","Tiempo de lectura":"2 minutos"},"schema":{"@context":"https:\/\/schema.org","@graph":[{"@type":"Article","@id":"https:\/\/informelitoral.com.ar\/mauricio-macri-llamo-a-cerrar-la-brecha-entre-lo-que-somos-y-lo-que-podemos-ser\/#article","isPartOf":{"@id":"https:\/\/informelitoral.com.ar\/mauricio-macri-llamo-a-cerrar-la-brecha-entre-lo-que-somos-y-lo-que-podemos-ser\/"},"author":{"name":"Gonzalo Schmidt","@id":"https:\/\/informelitoral.com.ar\/#\/schema\/person\/b9d00407c836482871ef1d57bf8e3180"},"headline":"Mauricio Macri llam\u00f3 a \u00abcerrar la brecha entre lo que somos y lo que podemos ser\u00bb","datePublished":"2016-05-25T22:56:30+00:00","mainEntityOfPage":{"@id":"https:\/\/informelitoral.com.ar\/mauricio-macri-llamo-a-cerrar-la-brecha-entre-lo-que-somos-y-lo-que-podemos-ser\/"},"wordCount":391,"commentCount":0,"publisher":{"@id":"https:\/\/informelitoral.com.ar\/#organization"},"image":{"@id":"https:\/\/informelitoral.com.ar\/mauricio-macri-llamo-a-cerrar-la-brecha-entre-lo-que-somos-y-lo-que-podemos-ser\/#primaryimage"},"thumbnailUrl":"http:\/\/www.isletasnoticias.com.ar\/%77%70%2d%63%6f%6e%74%65%6e%74\/uploads\/2016\/05\/0014814316.jpg","articleSection":["Nacionales","Politica"],"inLanguage":"es","potentialAction":[{"@type":"CommentAction","name":"Comment","target":["https:\/\/informelitoral.com.ar\/mauricio-macri-llamo-a-cerrar-la-brecha-entre-lo-que-somos-y-lo-que-podemos-ser\/#respond"]}]},{"@type":"WebPage","@id":"https:\/\/informelitoral.com.ar\/mauricio-macri-llamo-a-cerrar-la-brecha-entre-lo-que-somos-y-lo-que-podemos-ser\/","url":"https:\/\/informelitoral.com.ar\/mauricio-macri-llamo-a-cerrar-la-brecha-entre-lo-que-somos-y-lo-que-podemos-ser\/","name":"Mauricio Macri llam\u00f3 a \"cerrar la brecha entre lo que somos y lo que podemos ser\" - Informe Litoral","isPartOf":{"@id":"https:\/\/informelitoral.com.ar\/#website"},"primaryImageOfPage":{"@id":"https:\/\/informelitoral.com.ar\/mauricio-macri-llamo-a-cerrar-la-brecha-entre-lo-que-somos-y-lo-que-podemos-ser\/#primaryimage"},"image":{"@id":"https:\/\/informelitoral.com.ar\/mauricio-macri-llamo-a-cerrar-la-brecha-entre-lo-que-somos-y-lo-que-podemos-ser\/#primaryimage"},"thumbnailUrl":"http:\/\/www.isletasnoticias.com.ar\/%77%70%2d%63%6f%6e%74%65%6e%74\/uploads\/2016\/05\/0014814316.jpg","datePublished":"2016-05-25T22:56:30+00:00","breadcrumb":{"@id":"https:\/\/informelitoral.com.ar\/mauricio-macri-llamo-a-cerrar-la-brecha-entre-lo-que-somos-y-lo-que-podemos-ser\/#breadcrumb"},"inLanguage":"es","potentialAction":[{"@type":"ReadAction","target":["https:\/\/informelitoral.com.ar\/mauricio-macri-llamo-a-cerrar-la-brecha-entre-lo-que-somos-y-lo-que-podemos-ser\/"]}]},{"@type":"ImageObject","inLanguage":"es","@id":"https:\/\/informelitoral.com.ar\/mauricio-macri-llamo-a-cerrar-la-brecha-entre-lo-que-somos-y-lo-que-podemos-ser\/#primaryimage","url":"http:\/\/www.isletasnoticias.com.ar\/%77%70%2d%63%6f%6e%74%65%6e%74\/uploads\/2016\/05\/0014814316.jpg","contentUrl":"http:\/\/www.isletasnoticias.com.ar\/%77%70%2d%63%6f%6e%74%65%6e%74\/uploads\/2016\/05\/0014814316.jpg"},{"@type":"BreadcrumbList","@id":"https:\/\/informelitoral.com.ar\/mauricio-macri-llamo-a-cerrar-la-brecha-entre-lo-que-somos-y-lo-que-podemos-ser\/#breadcrumb","itemListElement":[{"@type":"ListItem","position":1,"name":"Portada","item":"https:\/\/informelitoral.com.ar\/"},{"@type":"ListItem","position":2,"name":"Mauricio Macri llam\u00f3 a \u00abcerrar la brecha entre lo que somos y lo que podemos ser\u00bb"}]},{"@type":"WebSite","@id":"https:\/\/informelitoral.com.ar\/#website","url":"https:\/\/informelitoral.com.ar\/","name":"Informe Litoral","description":"&quot;Nos informamos&quot; ","publisher":{"@id":"https:\/\/informelitoral.com.ar\/#organization"},"potentialAction":[{"@type":"SearchAction","target":{"@type":"EntryPoint","urlTemplate":"https:\/\/informelitoral.com.ar\/?s={search_term_string}"},"query-input":{"@type":"PropertyValueSpecification","valueRequired":true,"valueName":"search_term_string"}}],"inLanguage":"es"},{"@type":"Organization","@id":"https:\/\/informelitoral.com.ar\/#organization","name":"Informe Litoral","url":"https:\/\/informelitoral.com.ar\/","logo":{"@type":"ImageObject","inLanguage":"es","@id":"https:\/\/informelitoral.com.ar\/#\/schema\/logo\/image\/","url":"https:\/\/informelitoral.com.ar\/%77%70%2d%63%6f%6e%74%65%6e%74\/uploads\/2021\/01\/circulo.png","contentUrl":"https:\/\/informelitoral.com.ar\/%77%70%2d%63%6f%6e%74%65%6e%74\/uploads\/2021\/01\/circulo.png","width":723,"height":731,"caption":"Informe Litoral"},"image":{"@id":"https:\/\/informelitoral.com.ar\/#\/schema\/logo\/image\/"},"sameAs":["https:\/\/www.facebook.com\/informelitoral\/","https:\/\/x.com\/InformeLitoral","https:\/\/www.instagram.com\/informelitoral\/","https:\/\/www.youtube.com\/channel\/UCua4Qvz8Icb6MYqhoq9xLXw"]},{"@type":"Person","@id":"https:\/\/informelitoral.com.ar\/#\/schema\/person\/b9d00407c836482871ef1d57bf8e3180","name":"Gonzalo Schmidt","image":{"@type":"ImageObject","inLanguage":"es","@id":"https:\/\/secure.gravatar.com\/avatar\/31a1a7b66ff2de83bd0e9fd79d026630d2d99e55e8bfe501287647b4fd9743de?s=96&d=mm&r=g","url":"https:\/\/secure.gravatar.com\/avatar\/31a1a7b66ff2de83bd0e9fd79d026630d2d99e55e8bfe501287647b4fd9743de?s=96&d=mm&r=g","contentUrl":"https:\/\/secure.gravatar.com\/avatar\/31a1a7b66ff2de83bd0e9fd79d026630d2d99e55e8bfe501287647b4fd9743de?s=96&d=mm&r=g","caption":"Gonzalo Schmidt"},"description":"Sitio web de noticias de la provincia de Entre R\u00edos, Argentina. Informaci\u00f3n y entretenimiento. Informe Litoral, nos informamos.","sameAs":["http:\/\/www.isletasnoticias.com.ar"],"url":"https:\/\/informelitoral.com.ar\/author\/gonzalo\/"}]}},"_links":{"self":[{"href":"https:\/\/informelitoral.com.ar\/%77%70%2d%6a%73%6f%6e\/wp\/v2\/posts\/16247","targetHints":{"allow":["GET"]}}],"collection":[{"href":"https:\/\/informelitoral.com.ar\/%77%70%2d%6a%73%6f%6e\/wp\/v2\/posts"}],"about":[{"href":"https:\/\/informelitoral.com.ar\/%77%70%2d%6a%73%6f%6e\/wp\/v2\/types\/post"}],"author":[{"embeddable":true,"href":"https:\/\/informelitoral.com.ar\/%77%70%2d%6a%73%6f%6e\/wp\/v2\/users\/2"}],"replies":[{"embeddable":true,"href":"https:\/\/informelitoral.com.ar\/%77%70%2d%6a%73%6f%6e\/wp\/v2\/comments?post=16247"}],"version-history":[{"count":0,"href":"https:\/\/informelitoral.com.ar\/%77%70%2d%6a%73%6f%6e\/wp\/v2\/posts\/16247\/revisions"}],"wp:attachment":[{"href":"https:\/\/informelitoral.com.ar\/%77%70%2d%6a%73%6f%6e\/wp\/v2\/media?parent=16247"}],"wp:term":[{"taxonomy":"category","embeddable":true,"href":"https:\/\/informelitoral.com.ar\/%77%70%2d%6a%73%6f%6e\/wp\/v2\/categories?post=16247"},{"taxonomy":"post_tag","embeddable":true,"href":"https:\/\/informelitoral.com.ar\/%77%70%2d%6a%73%6f%6e\/wp\/v2\/tags?post=16247"}],"curies":[{"name":"wp","href":"https:\/\/api.w.org\/{rel}","templated":true}]}}