{"id":16238,"date":"2016-05-24T17:43:12","date_gmt":"2016-05-24T20:43:12","guid":{"rendered":"http:\/\/www.isletasnoticias.com.ar\/?p=16238"},"modified":"2016-05-24T17:43:12","modified_gmt":"2016-05-24T20:43:12","slug":"parana-incertidumbre-en-la-casa-del-joven-por-el-vencimiento-del-contrato-de-alquiler","status":"publish","type":"post","link":"https:\/\/informelitoral.com.ar\/parana-incertidumbre-en-la-casa-del-joven-por-el-vencimiento-del-contrato-de-alquiler\/","title":{"rendered":"Paran\u00e1: incertidumbre en la Casa del Joven por el vencimiento del contrato de alquiler"},"content":{"rendered":"<p><strong>Trabajadores de la entidad advirtieron que el 31 de mayo deben desocupar el inmueble que ocupan sobre calle 9 de Julio 444, por el vencimiento del contrato de alquiler. Demandan respuestas por parte de las autoridades responsables.<a href=\"http:\/\/www.isletasnoticias.com.ar\/%77%70%2d%63%6f%6e%74%65%6e%74\/uploads\/2016\/05\/o_1459255567.jpg\"><img loading=\"lazy\" decoding=\"async\" class=\"aligncenter wp-image-16239 size-full\" src=\"http:\/\/www.isletasnoticias.com.ar\/%77%70%2d%63%6f%6e%74%65%6e%74\/uploads\/2016\/05\/o_1459255567.jpg\" alt=\"o_1459255567\" width=\"800\" height=\"450\" srcset=\"https:\/\/informelitoral.com.ar\/%77%70%2d%63%6f%6e%74%65%6e%74\/uploads\/2016\/05\/o_1459255567.jpg 800w, https:\/\/informelitoral.com.ar\/%77%70%2d%63%6f%6e%74%65%6e%74\/uploads\/2016\/05\/o_1459255567-300x169.jpg 300w, https:\/\/informelitoral.com.ar\/%77%70%2d%63%6f%6e%74%65%6e%74\/uploads\/2016\/05\/o_1459255567-768x432.jpg 768w\" sizes=\"auto, (max-width: 800px) 100vw, 800px\" \/><\/a><\/strong><\/p>\n<p>Los trabajadores de Casa del Joven, instituci\u00f3n referente en la provincia en atenci\u00f3n de la salud mental de adolescentes y sus familias, informaron que el 31 de mayo deben desocupar el inmueble que ocupan sobre calle 9 de Julio 444 de la capital provincial, por el vencimiento del contrato de alquiler.<\/p>\n<p>De acuerdo al comunicado dirigido a la comunidad entrerriana y a los usuarios, indicaron: \u00abCon gran preocupaci\u00f3n, vemos que hasta el momento no tenemos respuestas concretas de parte de los funcionarios responsables sobre nuestra futura ubicaci\u00f3n. Esto implicar\u00eda la interrupci\u00f3n de los tratamientos psiqui\u00e1tricos, psicol\u00f3gicos, los acompa\u00f1amientos terap\u00e9uticos, las intervenciones sociales y comunitarias, as\u00ed como los m\u00faltiples talleres a los que concurren nuestros j\u00f3venes y sus familias\u00bb, reprodujo<em> Elonce.com<\/em><\/p>\n<p>\u00abReclamamos a las autoridades de Salud P\u00fablica una inmediata soluci\u00f3n, que nos permita sostener el trabajo interdisciplinario e intersectorial que se viene desarrollando hace 33 a\u00f1os a nivel provincial. Hacemos este pedido atendiendo al cuidado de las pol\u00edticas de ni\u00f1ez y adolescencia llevadas adelante por el actual gobierno provincial\u00bb, reza el texto de trabajadores de Casa del Joven (profesionales, administrativos y maestranza).<\/p>\n<p>Convocaron a la comunidad entrerriana, a los equipos de trabajo de las instituciones con las que trabajamos, y a quienes a diario transitan por Casa del Joven, a que los acompa\u00f1en en este urgente reclamo en defensa del derecho a la salud de los adolescentes.<\/p>\n<p><i>Ley de Protecci\u00f3n Integral de los derechos de los ni\u00f1os, las ni\u00f1as y los adolescentes. (N\u00b0 26.061). Art\u00edculo 14.<br \/>\nLas ni\u00f1as, ni\u00f1os y adolescentes tienen derecho a la atenci\u00f3n integral de su salud, a recibir la asistencia m\u00e9dica necesaria y a acceder en igualdad de oportunidades a los servicios y acciones de prevenci\u00f3n, promoci\u00f3n, informaci\u00f3n, protecci\u00f3n, diagn\u00f3stico precoz, tratamiento oportuno y recuperaci\u00f3n de la salud.<\/i><\/p>\n","protected":false},"excerpt":{"rendered":"<p>Trabajadores de la entidad advirtieron que el 31 de mayo deben desocupar el inmueble que ocupan sobre calle 9 de Julio 444, por el vencimiento del contrato de alquiler. Demandan respuestas por parte de las autoridades responsables. Los trabajadores de Casa del Joven, instituci&oacute;n referente en la provincia en atenci&oacute;n de la salud mental de [&hellip;]<\/p>\n","protected":false},"author":2,"featured_media":0,"comment_status":"open","ping_status":"open","sticky":false,"template":"","format":"standard","meta":{"fifu_image_url":"","fifu_image_alt":"","footnotes":""},"categories":[6,9],"tags":[],"class_list":{"0":"post-16238","1":"post","2":"type-post","3":"status-publish","4":"format-standard","6":"category-entre-rios","7":"category-sociedad"},"yoast_head":"<title>Paran\u00e1: incertidumbre en la Casa del Joven por el vencimiento del contrato de alquiler - Informe Litoral<\/title>\n<meta name=\"robots\" content=\"index, follow, max-snippet:-1, max-image-preview:large, max-video-preview:-1\" \/>\n<link rel=\"canonical\" href=\"https:\/\/informelitoral.com.ar\/parana-incertidumbre-en-la-casa-del-joven-por-el-vencimiento-del-contrato-de-alquiler\/\" \/>\n<meta property=\"og:locale\" content=\"es_ES\" \/>\n<meta property=\"og:type\" content=\"article\" \/>\n<meta property=\"og:title\" content=\"Paran\u00e1: incertidumbre en la Casa del Joven por el vencimiento del contrato de alquiler - Informe Litoral\" \/>\n<meta property=\"og:description\" content=\"Trabajadores de la entidad advirtieron que el 31 de mayo deben desocupar el inmueble que ocupan sobre calle 9 de Julio 444, por el vencimiento del contrato de alquiler. Demandan respuestas por parte de las autoridades responsables. Los trabajadores de Casa del Joven, instituci&oacute;n referente en la provincia en atenci&oacute;n de la salud mental de [&hellip;]\" \/>\n<meta property=\"og:url\" content=\"https:\/\/informelitoral.com.ar\/parana-incertidumbre-en-la-casa-del-joven-por-el-vencimiento-del-contrato-de-alquiler\/\" \/>\n<meta property=\"og:site_name\" content=\"Informe Litoral\" \/>\n<meta property=\"article:publisher\" content=\"https:\/\/www.facebook.com\/informelitoral\/\" \/>\n<meta property=\"article:published_time\" content=\"2016-05-24T20:43:12+00:00\" \/>\n<meta property=\"og:image\" content=\"https:\/\/informelitoral.com.ar\/%77%70%2d%63%6f%6e%74%65%6e%74\/uploads\/2016\/05\/o_1459255567.jpg\" \/>\n\t<meta property=\"og:image:width\" content=\"800\" \/>\n\t<meta property=\"og:image:height\" content=\"450\" \/>\n\t<meta property=\"og:image:type\" content=\"image\/jpeg\" \/>\n<meta name=\"author\" content=\"Gonzalo Schmidt\" \/>\n<meta name=\"twitter:card\" content=\"summary_large_image\" \/>\n<meta name=\"twitter:creator\" content=\"@InformeLitoral\" \/>\n<meta name=\"twitter:site\" content=\"@InformeLitoral\" \/>\n<meta name=\"twitter:label1\" content=\"Escrito por\" \/>\n\t<meta name=\"twitter:data1\" content=\"Gonzalo Schmidt\" \/>\n\t<meta name=\"twitter:label2\" content=\"Tiempo de lectura\" \/>\n\t<meta name=\"twitter:data2\" content=\"2 minutos\" \/>\n<script type=\"application\/ld+json\" class=\"yoast-schema-graph\">{\"@context\":\"https:\\\/\\\/schema.org\",\"@graph\":[{\"@type\":\"Article\",\"@id\":\"https:\\\/\\\/informelitoral.com.ar\\\/parana-incertidumbre-en-la-casa-del-joven-por-el-vencimiento-del-contrato-de-alquiler\\\/#article\",\"isPartOf\":{\"@id\":\"https:\\\/\\\/informelitoral.com.ar\\\/parana-incertidumbre-en-la-casa-del-joven-por-el-vencimiento-del-contrato-de-alquiler\\\/\"},\"author\":{\"name\":\"Gonzalo Schmidt\",\"@id\":\"https:\\\/\\\/informelitoral.com.ar\\\/#\\\/schema\\\/person\\\/b9d00407c836482871ef1d57bf8e3180\"},\"headline\":\"Paran\u00e1: incertidumbre en la Casa del Joven por el vencimiento del contrato de alquiler\",\"datePublished\":\"2016-05-24T20:43:12+00:00\",\"mainEntityOfPage\":{\"@id\":\"https:\\\/\\\/informelitoral.com.ar\\\/parana-incertidumbre-en-la-casa-del-joven-por-el-vencimiento-del-contrato-de-alquiler\\\/\"},\"wordCount\":367,\"commentCount\":0,\"publisher\":{\"@id\":\"https:\\\/\\\/informelitoral.com.ar\\\/#organization\"},\"image\":{\"@id\":\"https:\\\/\\\/informelitoral.com.ar\\\/parana-incertidumbre-en-la-casa-del-joven-por-el-vencimiento-del-contrato-de-alquiler\\\/#primaryimage\"},\"thumbnailUrl\":\"http:\\\/\\\/www.isletasnoticias.com.ar\\\/%77%70%2d%63%6f%6e%74%65%6e%74\\\/uploads\\\/2016\\\/05\\\/o_1459255567.jpg\",\"articleSection\":[\"Entre R\u00edos\",\"Sociedad\"],\"inLanguage\":\"es\",\"potentialAction\":[{\"@type\":\"CommentAction\",\"name\":\"Comment\",\"target\":[\"https:\\\/\\\/informelitoral.com.ar\\\/parana-incertidumbre-en-la-casa-del-joven-por-el-vencimiento-del-contrato-de-alquiler\\\/#respond\"]}]},{\"@type\":\"WebPage\",\"@id\":\"https:\\\/\\\/informelitoral.com.ar\\\/parana-incertidumbre-en-la-casa-del-joven-por-el-vencimiento-del-contrato-de-alquiler\\\/\",\"url\":\"https:\\\/\\\/informelitoral.com.ar\\\/parana-incertidumbre-en-la-casa-del-joven-por-el-vencimiento-del-contrato-de-alquiler\\\/\",\"name\":\"Paran\u00e1: incertidumbre en la Casa del Joven por el vencimiento del contrato de alquiler - Informe Litoral\",\"isPartOf\":{\"@id\":\"https:\\\/\\\/informelitoral.com.ar\\\/#website\"},\"primaryImageOfPage\":{\"@id\":\"https:\\\/\\\/informelitoral.com.ar\\\/parana-incertidumbre-en-la-casa-del-joven-por-el-vencimiento-del-contrato-de-alquiler\\\/#primaryimage\"},\"image\":{\"@id\":\"https:\\\/\\\/informelitoral.com.ar\\\/parana-incertidumbre-en-la-casa-del-joven-por-el-vencimiento-del-contrato-de-alquiler\\\/#primaryimage\"},\"thumbnailUrl\":\"http:\\\/\\\/www.isletasnoticias.com.ar\\\/%77%70%2d%63%6f%6e%74%65%6e%74\\\/uploads\\\/2016\\\/05\\\/o_1459255567.jpg\",\"datePublished\":\"2016-05-24T20:43:12+00:00\",\"breadcrumb\":{\"@id\":\"https:\\\/\\\/informelitoral.com.ar\\\/parana-incertidumbre-en-la-casa-del-joven-por-el-vencimiento-del-contrato-de-alquiler\\\/#breadcrumb\"},\"inLanguage\":\"es\",\"potentialAction\":[{\"@type\":\"ReadAction\",\"target\":[\"https:\\\/\\\/informelitoral.com.ar\\\/parana-incertidumbre-en-la-casa-del-joven-por-el-vencimiento-del-contrato-de-alquiler\\\/\"]}]},{\"@type\":\"ImageObject\",\"inLanguage\":\"es\",\"@id\":\"https:\\\/\\\/informelitoral.com.ar\\\/parana-incertidumbre-en-la-casa-del-joven-por-el-vencimiento-del-contrato-de-alquiler\\\/#primaryimage\",\"url\":\"http:\\\/\\\/www.isletasnoticias.com.ar\\\/%77%70%2d%63%6f%6e%74%65%6e%74\\\/uploads\\\/2016\\\/05\\\/o_1459255567.jpg\",\"contentUrl\":\"http:\\\/\\\/www.isletasnoticias.com.ar\\\/%77%70%2d%63%6f%6e%74%65%6e%74\\\/uploads\\\/2016\\\/05\\\/o_1459255567.jpg\"},{\"@type\":\"BreadcrumbList\",\"@id\":\"https:\\\/\\\/informelitoral.com.ar\\\/parana-incertidumbre-en-la-casa-del-joven-por-el-vencimiento-del-contrato-de-alquiler\\\/#breadcrumb\",\"itemListElement\":[{\"@type\":\"ListItem\",\"position\":1,\"name\":\"Portada\",\"item\":\"https:\\\/\\\/informelitoral.com.ar\\\/\"},{\"@type\":\"ListItem\",\"position\":2,\"name\":\"Paran\u00e1: incertidumbre en la Casa del Joven por el vencimiento del contrato de alquiler\"}]},{\"@type\":\"WebSite\",\"@id\":\"https:\\\/\\\/informelitoral.com.ar\\\/#website\",\"url\":\"https:\\\/\\\/informelitoral.com.ar\\\/\",\"name\":\"Informe Litoral\",\"description\":\"&quot;Nos informamos&quot; \",\"publisher\":{\"@id\":\"https:\\\/\\\/informelitoral.com.ar\\\/#organization\"},\"potentialAction\":[{\"@type\":\"SearchAction\",\"target\":{\"@type\":\"EntryPoint\",\"urlTemplate\":\"https:\\\/\\\/informelitoral.com.ar\\\/?s={search_term_string}\"},\"query-input\":{\"@type\":\"PropertyValueSpecification\",\"valueRequired\":true,\"valueName\":\"search_term_string\"}}],\"inLanguage\":\"es\"},{\"@type\":\"Organization\",\"@id\":\"https:\\\/\\\/informelitoral.com.ar\\\/#organization\",\"name\":\"Informe Litoral\",\"url\":\"https:\\\/\\\/informelitoral.com.ar\\\/\",\"logo\":{\"@type\":\"ImageObject\",\"inLanguage\":\"es\",\"@id\":\"https:\\\/\\\/informelitoral.com.ar\\\/#\\\/schema\\\/logo\\\/image\\\/\",\"url\":\"https:\\\/\\\/informelitoral.com.ar\\\/%77%70%2d%63%6f%6e%74%65%6e%74\\\/uploads\\\/2021\\\/01\\\/circulo.png\",\"contentUrl\":\"https:\\\/\\\/informelitoral.com.ar\\\/%77%70%2d%63%6f%6e%74%65%6e%74\\\/uploads\\\/2021\\\/01\\\/circulo.png\",\"width\":723,\"height\":731,\"caption\":\"Informe Litoral\"},\"image\":{\"@id\":\"https:\\\/\\\/informelitoral.com.ar\\\/#\\\/schema\\\/logo\\\/image\\\/\"},\"sameAs\":[\"https:\\\/\\\/www.facebook.com\\\/informelitoral\\\/\",\"https:\\\/\\\/x.com\\\/InformeLitoral\",\"https:\\\/\\\/www.instagram.com\\\/informelitoral\\\/\",\"https:\\\/\\\/www.youtube.com\\\/channel\\\/UCua4Qvz8Icb6MYqhoq9xLXw\"]},{\"@type\":\"Person\",\"@id\":\"https:\\\/\\\/informelitoral.com.ar\\\/#\\\/schema\\\/person\\\/b9d00407c836482871ef1d57bf8e3180\",\"name\":\"Gonzalo Schmidt\",\"image\":{\"@type\":\"ImageObject\",\"inLanguage\":\"es\",\"@id\":\"https:\\\/\\\/secure.gravatar.com\\\/avatar\\\/31a1a7b66ff2de83bd0e9fd79d026630d2d99e55e8bfe501287647b4fd9743de?s=96&d=mm&r=g\",\"url\":\"https:\\\/\\\/secure.gravatar.com\\\/avatar\\\/31a1a7b66ff2de83bd0e9fd79d026630d2d99e55e8bfe501287647b4fd9743de?s=96&d=mm&r=g\",\"contentUrl\":\"https:\\\/\\\/secure.gravatar.com\\\/avatar\\\/31a1a7b66ff2de83bd0e9fd79d026630d2d99e55e8bfe501287647b4fd9743de?s=96&d=mm&r=g\",\"caption\":\"Gonzalo Schmidt\"},\"description\":\"Sitio web de noticias de la provincia de Entre R\u00edos, Argentina. Informaci\u00f3n y entretenimiento. Informe Litoral, nos informamos.\",\"sameAs\":[\"http:\\\/\\\/www.isletasnoticias.com.ar\"],\"url\":\"https:\\\/\\\/informelitoral.com.ar\\\/author\\\/gonzalo\\\/\"}]}<\/script>","yoast_head_json":{"title":"Paran\u00e1: incertidumbre en la Casa del Joven por el vencimiento del contrato de alquiler - Informe Litoral","robots":{"index":"index","follow":"follow","max-snippet":"max-snippet:-1","max-image-preview":"max-image-preview:large","max-video-preview":"max-video-preview:-1"},"canonical":"https:\/\/informelitoral.com.ar\/parana-incertidumbre-en-la-casa-del-joven-por-el-vencimiento-del-contrato-de-alquiler\/","og_locale":"es_ES","og_type":"article","og_title":"Paran\u00e1: incertidumbre en la Casa del Joven por el vencimiento del contrato de alquiler - Informe Litoral","og_description":"Trabajadores de la entidad advirtieron que el 31 de mayo deben desocupar el inmueble que ocupan sobre calle 9 de Julio 444, por el vencimiento del contrato de alquiler. Demandan respuestas por parte de las autoridades responsables. Los trabajadores de Casa del Joven, instituci&oacute;n referente en la provincia en atenci&oacute;n de la salud mental de [&hellip;]","og_url":"https:\/\/informelitoral.com.ar\/parana-incertidumbre-en-la-casa-del-joven-por-el-vencimiento-del-contrato-de-alquiler\/","og_site_name":"Informe Litoral","article_publisher":"https:\/\/www.facebook.com\/informelitoral\/","article_published_time":"2016-05-24T20:43:12+00:00","og_image":[{"width":800,"height":450,"url":"https:\/\/informelitoral.com.ar\/%77%70%2d%63%6f%6e%74%65%6e%74\/uploads\/2016\/05\/o_1459255567.jpg","type":"image\/jpeg"}],"author":"Gonzalo Schmidt","twitter_card":"summary_large_image","twitter_creator":"@InformeLitoral","twitter_site":"@InformeLitoral","twitter_misc":{"Escrito por":"Gonzalo Schmidt","Tiempo de lectura":"2 minutos"},"schema":{"@context":"https:\/\/schema.org","@graph":[{"@type":"Article","@id":"https:\/\/informelitoral.com.ar\/parana-incertidumbre-en-la-casa-del-joven-por-el-vencimiento-del-contrato-de-alquiler\/#article","isPartOf":{"@id":"https:\/\/informelitoral.com.ar\/parana-incertidumbre-en-la-casa-del-joven-por-el-vencimiento-del-contrato-de-alquiler\/"},"author":{"name":"Gonzalo Schmidt","@id":"https:\/\/informelitoral.com.ar\/#\/schema\/person\/b9d00407c836482871ef1d57bf8e3180"},"headline":"Paran\u00e1: incertidumbre en la Casa del Joven por el vencimiento del contrato de alquiler","datePublished":"2016-05-24T20:43:12+00:00","mainEntityOfPage":{"@id":"https:\/\/informelitoral.com.ar\/parana-incertidumbre-en-la-casa-del-joven-por-el-vencimiento-del-contrato-de-alquiler\/"},"wordCount":367,"commentCount":0,"publisher":{"@id":"https:\/\/informelitoral.com.ar\/#organization"},"image":{"@id":"https:\/\/informelitoral.com.ar\/parana-incertidumbre-en-la-casa-del-joven-por-el-vencimiento-del-contrato-de-alquiler\/#primaryimage"},"thumbnailUrl":"http:\/\/www.isletasnoticias.com.ar\/%77%70%2d%63%6f%6e%74%65%6e%74\/uploads\/2016\/05\/o_1459255567.jpg","articleSection":["Entre R\u00edos","Sociedad"],"inLanguage":"es","potentialAction":[{"@type":"CommentAction","name":"Comment","target":["https:\/\/informelitoral.com.ar\/parana-incertidumbre-en-la-casa-del-joven-por-el-vencimiento-del-contrato-de-alquiler\/#respond"]}]},{"@type":"WebPage","@id":"https:\/\/informelitoral.com.ar\/parana-incertidumbre-en-la-casa-del-joven-por-el-vencimiento-del-contrato-de-alquiler\/","url":"https:\/\/informelitoral.com.ar\/parana-incertidumbre-en-la-casa-del-joven-por-el-vencimiento-del-contrato-de-alquiler\/","name":"Paran\u00e1: incertidumbre en la Casa del Joven por el vencimiento del contrato de alquiler - Informe Litoral","isPartOf":{"@id":"https:\/\/informelitoral.com.ar\/#website"},"primaryImageOfPage":{"@id":"https:\/\/informelitoral.com.ar\/parana-incertidumbre-en-la-casa-del-joven-por-el-vencimiento-del-contrato-de-alquiler\/#primaryimage"},"image":{"@id":"https:\/\/informelitoral.com.ar\/parana-incertidumbre-en-la-casa-del-joven-por-el-vencimiento-del-contrato-de-alquiler\/#primaryimage"},"thumbnailUrl":"http:\/\/www.isletasnoticias.com.ar\/%77%70%2d%63%6f%6e%74%65%6e%74\/uploads\/2016\/05\/o_1459255567.jpg","datePublished":"2016-05-24T20:43:12+00:00","breadcrumb":{"@id":"https:\/\/informelitoral.com.ar\/parana-incertidumbre-en-la-casa-del-joven-por-el-vencimiento-del-contrato-de-alquiler\/#breadcrumb"},"inLanguage":"es","potentialAction":[{"@type":"ReadAction","target":["https:\/\/informelitoral.com.ar\/parana-incertidumbre-en-la-casa-del-joven-por-el-vencimiento-del-contrato-de-alquiler\/"]}]},{"@type":"ImageObject","inLanguage":"es","@id":"https:\/\/informelitoral.com.ar\/parana-incertidumbre-en-la-casa-del-joven-por-el-vencimiento-del-contrato-de-alquiler\/#primaryimage","url":"http:\/\/www.isletasnoticias.com.ar\/%77%70%2d%63%6f%6e%74%65%6e%74\/uploads\/2016\/05\/o_1459255567.jpg","contentUrl":"http:\/\/www.isletasnoticias.com.ar\/%77%70%2d%63%6f%6e%74%65%6e%74\/uploads\/2016\/05\/o_1459255567.jpg"},{"@type":"BreadcrumbList","@id":"https:\/\/informelitoral.com.ar\/parana-incertidumbre-en-la-casa-del-joven-por-el-vencimiento-del-contrato-de-alquiler\/#breadcrumb","itemListElement":[{"@type":"ListItem","position":1,"name":"Portada","item":"https:\/\/informelitoral.com.ar\/"},{"@type":"ListItem","position":2,"name":"Paran\u00e1: incertidumbre en la Casa del Joven por el vencimiento del contrato de alquiler"}]},{"@type":"WebSite","@id":"https:\/\/informelitoral.com.ar\/#website","url":"https:\/\/informelitoral.com.ar\/","name":"Informe Litoral","description":"&quot;Nos informamos&quot; ","publisher":{"@id":"https:\/\/informelitoral.com.ar\/#organization"},"potentialAction":[{"@type":"SearchAction","target":{"@type":"EntryPoint","urlTemplate":"https:\/\/informelitoral.com.ar\/?s={search_term_string}"},"query-input":{"@type":"PropertyValueSpecification","valueRequired":true,"valueName":"search_term_string"}}],"inLanguage":"es"},{"@type":"Organization","@id":"https:\/\/informelitoral.com.ar\/#organization","name":"Informe Litoral","url":"https:\/\/informelitoral.com.ar\/","logo":{"@type":"ImageObject","inLanguage":"es","@id":"https:\/\/informelitoral.com.ar\/#\/schema\/logo\/image\/","url":"https:\/\/informelitoral.com.ar\/%77%70%2d%63%6f%6e%74%65%6e%74\/uploads\/2021\/01\/circulo.png","contentUrl":"https:\/\/informelitoral.com.ar\/%77%70%2d%63%6f%6e%74%65%6e%74\/uploads\/2021\/01\/circulo.png","width":723,"height":731,"caption":"Informe Litoral"},"image":{"@id":"https:\/\/informelitoral.com.ar\/#\/schema\/logo\/image\/"},"sameAs":["https:\/\/www.facebook.com\/informelitoral\/","https:\/\/x.com\/InformeLitoral","https:\/\/www.instagram.com\/informelitoral\/","https:\/\/www.youtube.com\/channel\/UCua4Qvz8Icb6MYqhoq9xLXw"]},{"@type":"Person","@id":"https:\/\/informelitoral.com.ar\/#\/schema\/person\/b9d00407c836482871ef1d57bf8e3180","name":"Gonzalo Schmidt","image":{"@type":"ImageObject","inLanguage":"es","@id":"https:\/\/secure.gravatar.com\/avatar\/31a1a7b66ff2de83bd0e9fd79d026630d2d99e55e8bfe501287647b4fd9743de?s=96&d=mm&r=g","url":"https:\/\/secure.gravatar.com\/avatar\/31a1a7b66ff2de83bd0e9fd79d026630d2d99e55e8bfe501287647b4fd9743de?s=96&d=mm&r=g","contentUrl":"https:\/\/secure.gravatar.com\/avatar\/31a1a7b66ff2de83bd0e9fd79d026630d2d99e55e8bfe501287647b4fd9743de?s=96&d=mm&r=g","caption":"Gonzalo Schmidt"},"description":"Sitio web de noticias de la provincia de Entre R\u00edos, Argentina. Informaci\u00f3n y entretenimiento. Informe Litoral, nos informamos.","sameAs":["http:\/\/www.isletasnoticias.com.ar"],"url":"https:\/\/informelitoral.com.ar\/author\/gonzalo\/"}]}},"_links":{"self":[{"href":"https:\/\/informelitoral.com.ar\/%77%70%2d%6a%73%6f%6e\/wp\/v2\/posts\/16238","targetHints":{"allow":["GET"]}}],"collection":[{"href":"https:\/\/informelitoral.com.ar\/%77%70%2d%6a%73%6f%6e\/wp\/v2\/posts"}],"about":[{"href":"https:\/\/informelitoral.com.ar\/%77%70%2d%6a%73%6f%6e\/wp\/v2\/types\/post"}],"author":[{"embeddable":true,"href":"https:\/\/informelitoral.com.ar\/%77%70%2d%6a%73%6f%6e\/wp\/v2\/users\/2"}],"replies":[{"embeddable":true,"href":"https:\/\/informelitoral.com.ar\/%77%70%2d%6a%73%6f%6e\/wp\/v2\/comments?post=16238"}],"version-history":[{"count":0,"href":"https:\/\/informelitoral.com.ar\/%77%70%2d%6a%73%6f%6e\/wp\/v2\/posts\/16238\/revisions"}],"wp:attachment":[{"href":"https:\/\/informelitoral.com.ar\/%77%70%2d%6a%73%6f%6e\/wp\/v2\/media?parent=16238"}],"wp:term":[{"taxonomy":"category","embeddable":true,"href":"https:\/\/informelitoral.com.ar\/%77%70%2d%6a%73%6f%6e\/wp\/v2\/categories?post=16238"},{"taxonomy":"post_tag","embeddable":true,"href":"https:\/\/informelitoral.com.ar\/%77%70%2d%6a%73%6f%6e\/wp\/v2\/tags?post=16238"}],"curies":[{"name":"wp","href":"https:\/\/api.w.org\/{rel}","templated":true}]}}