{"id":162344,"date":"2023-08-18T20:57:14","date_gmt":"2023-08-18T23:57:14","guid":{"rendered":"https:\/\/www.informelitoral.com.ar\/?p=162344"},"modified":"2023-08-18T20:57:14","modified_gmt":"2023-08-18T23:57:14","slug":"brindaran-charlas-sobre-gestion-de-la-comunicacion-en-organizaciones","status":"publish","type":"post","link":"https:\/\/informelitoral.com.ar\/brindaran-charlas-sobre-gestion-de-la-comunicacion-en-organizaciones\/","title":{"rendered":"Brindar\u00e1n charlas sobre gesti\u00f3n de la comunicaci\u00f3n en organizaciones"},"content":{"rendered":"<p>En el marco del cierre de la Diplomatura en Comunicaci\u00f3n Institucional y Gesti\u00f3n de Redes Sociales que llevan adelante la Facultad de Ciencias de la Educaci\u00f3n de la UNER y el Instituto de Formaci\u00f3n Legislativa de la Vicegobernaci\u00f3n de Entre R\u00edos, el doctor <strong>Mart\u00edn Gonz\u00e1lez Fr\u00edgoli<\/strong> (UNLP) brindar\u00e1 dos master class<em><strong> \u201cComunicaci\u00f3n corporativa y gesti\u00f3n de la comunicaci\u00f3n digital\u201d<\/strong><\/em> y<em><strong> \u201cLas transformaciones organizacionales desde la comunicaci\u00f3n interna\u201d.<\/strong><\/em><\/p>\n<p>Ambas actividades se desarrollar\u00e1n el<strong> lunes 28 de agosto en el Auditorio Rodolfo Walsh de la Facultad de Ciencias de la Educaci\u00f3n de la UNER (Buenos Aires 389, Paran\u00e1),<\/strong> adem\u00e1s de estar dirigidas a estudiantes de la Diplomatura, ser\u00e1n abiertas a la comunidad interesada, con inscripciones previas. Se entregar\u00e1n certificados de asistencia.<\/p>\n<h4><strong>Master class<\/strong><\/h4>\n<p>La primera clase magistral se desarrollar\u00e1 a las 10:00 y se titular\u00e1: \u201cComunicaci\u00f3n corporativa y gesti\u00f3n de la comunicaci\u00f3n digital\u201d. Con el objetivo de abordar el avance de la tecnolog\u00eda y de la comunicaci\u00f3n digital en materia de producci\u00f3n de contenidos modificando las din\u00e1micas habituales de las pr\u00e1cticas comunicacionales y los modos en los que se registra, sistematiza y difunden las experiencias.<\/p>\n<p>La propuesta permitir\u00e1 generar un espacio de formaci\u00f3n y actualizaci\u00f3n en torno a la gesti\u00f3n de la comunicaci\u00f3n digital y transmedia y, a la vez, reflexionar colectivamente sobre las nuevas experiencias en los entornos laborales y la gesti\u00f3n de la comunicaci\u00f3n institucional. Para el desarrollo de los conceptos se realizar\u00e1 un estudio de caso.<\/p>\n<p>Mientras que la segunda clase magistral se efectivizar\u00e1 a partir de las 14:00 bajo el t\u00edtulo: \u201cLas transformaciones organizacionales desde la comunicaci\u00f3n interna\u201d. Tendr\u00e1 un formato de taller con el objetivo de reconocer la importancia de una gesti\u00f3n eficaz de la comunicaci\u00f3n interna en organizaciones\/empresas y brindar herramientas concretas para aplicar en el campo laboral del comunicador. Incluir\u00e1 un estudio de caso para trabajar los conceptos te\u00f3ricos.<\/p>\n<h4><strong>Sobre el docente<\/strong><\/h4>\n<p>Mart\u00edn Gonz\u00e1lez Fr\u00edgoli es doctor en Comunicaci\u00f3n Social. A lo largo de su carrera profesional trabaj\u00f3 como Ejecutivo de Cuentas, L\u00edder de Proyecto y Director de Cuentas, brindando asesoramiento en materia de comunicaci\u00f3n interna a empresas de los m\u00e1s diversos rubros. Coautor de los libros \u201cConversaciones. La gesti\u00f3n del di\u00e1logo en organizaciones desafiantes\u201d (Ed. La Cruj\u00eda 2014) y \u201cComunicaci\u00f3n interna: claves para una gesti\u00f3n exitosa\u201d (Ed. La Cruj\u00eda 2009). Es director de la Especializaci\u00f3n y de la Tecnicatura en Comunicaci\u00f3n Digital de la Facultad de Periodismo y Comunicaci\u00f3n Social de la Universidad Nacional de La Plata.<\/p>\n<h4><strong>Inscripci\u00f3n<\/strong><\/h4>\n<p>Los interesados en participar podr\u00e1n inscribirse de manera gratuita hasta el jueves 24 de agosto inclusive, en el siguiente enlace:\u00a0<a href=\"https:\/\/forms.gle\/oviF7Rr93UG1CEJB6\">https:\/\/forms.gle\/oviF7Rr93UG1CEJB6<\/a><\/p>\n","protected":false},"excerpt":{"rendered":"<p>Estar\u00e1n a cargo de Mart\u00edn Gonz\u00e1lez Fr\u00edgoli. Ser\u00e1 el lunes 28 de agosto desde las 10:00 en el Auditorio Rodolfo Walsh de la Facultad de Ciencias de la Educaci\u00f3n de la UNER en Paran\u00e1. El cupo es limitado.<\/p>\n","protected":false},"author":2,"featured_media":162345,"comment_status":"open","ping_status":"open","sticky":false,"template":"","format":"standard","meta":{"fifu_image_url":"","fifu_image_alt":"","footnotes":""},"categories":[6,9],"tags":[53,341,3752,1654],"class_list":{"0":"post-162344","1":"post","2":"type-post","3":"status-publish","4":"format-standard","5":"has-post-thumbnail","7":"category-entre-rios","8":"category-sociedad","9":"tag-comunicacion","10":"tag-fce-uner","11":"tag-fcedu-uner","12":"tag-vicegobernacion"},"yoast_head":"<title>Brindar\u00e1n charlas sobre gesti\u00f3n de la comunicaci\u00f3n en organizaciones - Informe Litoral<\/title>\n<meta name=\"robots\" content=\"index, follow, max-snippet:-1, max-image-preview:large, max-video-preview:-1\" \/>\n<link rel=\"canonical\" href=\"https:\/\/informelitoral.com.ar\/brindaran-charlas-sobre-gestion-de-la-comunicacion-en-organizaciones\/\" \/>\n<meta property=\"og:locale\" content=\"es_ES\" \/>\n<meta property=\"og:type\" content=\"article\" \/>\n<meta property=\"og:title\" content=\"Brindar\u00e1n charlas sobre gesti\u00f3n de la comunicaci\u00f3n en organizaciones - Informe Litoral\" \/>\n<meta property=\"og:description\" content=\"Estar\u00e1n a cargo de Mart\u00edn Gonz\u00e1lez Fr\u00edgoli. Ser\u00e1 el lunes 28 de agosto desde las 10:00 en el Auditorio Rodolfo Walsh de la Facultad de Ciencias de la Educaci\u00f3n de la UNER en Paran\u00e1. El cupo es limitado.\" \/>\n<meta property=\"og:url\" content=\"https:\/\/informelitoral.com.ar\/brindaran-charlas-sobre-gestion-de-la-comunicacion-en-organizaciones\/\" \/>\n<meta property=\"og:site_name\" content=\"Informe Litoral\" \/>\n<meta property=\"article:publisher\" content=\"https:\/\/www.facebook.com\/informelitoral\/\" \/>\n<meta property=\"article:published_time\" content=\"2023-08-18T23:57:14+00:00\" \/>\n<meta property=\"og:image\" content=\"https:\/\/informelitoral.com.ar\/%77%70%2d%63%6f%6e%74%65%6e%74\/uploads\/2023\/08\/charlas-comunicacion-en-organizaciones.jpeg\" \/>\n\t<meta property=\"og:image:width\" content=\"860\" \/>\n\t<meta property=\"og:image:height\" content=\"573\" \/>\n\t<meta property=\"og:image:type\" content=\"image\/jpeg\" \/>\n<meta name=\"author\" content=\"Gonzalo Schmidt\" \/>\n<meta name=\"twitter:card\" content=\"summary_large_image\" \/>\n<meta name=\"twitter:creator\" content=\"@InformeLitoral\" \/>\n<meta name=\"twitter:site\" content=\"@InformeLitoral\" \/>\n<meta name=\"twitter:label1\" content=\"Escrito por\" \/>\n\t<meta name=\"twitter:data1\" content=\"Gonzalo Schmidt\" \/>\n\t<meta name=\"twitter:label2\" content=\"Tiempo de lectura\" \/>\n\t<meta name=\"twitter:data2\" content=\"2 minutos\" \/>\n<script type=\"application\/ld+json\" class=\"yoast-schema-graph\">{\"@context\":\"https:\\\/\\\/schema.org\",\"@graph\":[{\"@type\":\"Article\",\"@id\":\"https:\\\/\\\/informelitoral.com.ar\\\/brindaran-charlas-sobre-gestion-de-la-comunicacion-en-organizaciones\\\/#article\",\"isPartOf\":{\"@id\":\"https:\\\/\\\/informelitoral.com.ar\\\/brindaran-charlas-sobre-gestion-de-la-comunicacion-en-organizaciones\\\/\"},\"author\":{\"name\":\"Gonzalo Schmidt\",\"@id\":\"https:\\\/\\\/informelitoral.com.ar\\\/#\\\/schema\\\/person\\\/b9d00407c836482871ef1d57bf8e3180\"},\"headline\":\"Brindar\u00e1n charlas sobre gesti\u00f3n de la comunicaci\u00f3n en organizaciones\",\"datePublished\":\"2023-08-18T23:57:14+00:00\",\"mainEntityOfPage\":{\"@id\":\"https:\\\/\\\/informelitoral.com.ar\\\/brindaran-charlas-sobre-gestion-de-la-comunicacion-en-organizaciones\\\/\"},\"wordCount\":492,\"commentCount\":0,\"publisher\":{\"@id\":\"https:\\\/\\\/informelitoral.com.ar\\\/#organization\"},\"image\":{\"@id\":\"https:\\\/\\\/informelitoral.com.ar\\\/brindaran-charlas-sobre-gestion-de-la-comunicacion-en-organizaciones\\\/#primaryimage\"},\"thumbnailUrl\":\"https:\\\/\\\/informelitoral.com.ar\\\/%77%70%2d%63%6f%6e%74%65%6e%74\\\/uploads\\\/2023\\\/08\\\/charlas-comunicacion-en-organizaciones.jpeg\",\"keywords\":[\"Comunicaci\u00f3n\",\"FCE Uner\",\"FCEdu UNER\",\"Vicegobernacion\"],\"articleSection\":[\"Entre R\u00edos\",\"Sociedad\"],\"inLanguage\":\"es\",\"potentialAction\":[{\"@type\":\"CommentAction\",\"name\":\"Comment\",\"target\":[\"https:\\\/\\\/informelitoral.com.ar\\\/brindaran-charlas-sobre-gestion-de-la-comunicacion-en-organizaciones\\\/#respond\"]}]},{\"@type\":\"WebPage\",\"@id\":\"https:\\\/\\\/informelitoral.com.ar\\\/brindaran-charlas-sobre-gestion-de-la-comunicacion-en-organizaciones\\\/\",\"url\":\"https:\\\/\\\/informelitoral.com.ar\\\/brindaran-charlas-sobre-gestion-de-la-comunicacion-en-organizaciones\\\/\",\"name\":\"Brindar\u00e1n charlas sobre gesti\u00f3n de la comunicaci\u00f3n en organizaciones - Informe Litoral\",\"isPartOf\":{\"@id\":\"https:\\\/\\\/informelitoral.com.ar\\\/#website\"},\"primaryImageOfPage\":{\"@id\":\"https:\\\/\\\/informelitoral.com.ar\\\/brindaran-charlas-sobre-gestion-de-la-comunicacion-en-organizaciones\\\/#primaryimage\"},\"image\":{\"@id\":\"https:\\\/\\\/informelitoral.com.ar\\\/brindaran-charlas-sobre-gestion-de-la-comunicacion-en-organizaciones\\\/#primaryimage\"},\"thumbnailUrl\":\"https:\\\/\\\/informelitoral.com.ar\\\/%77%70%2d%63%6f%6e%74%65%6e%74\\\/uploads\\\/2023\\\/08\\\/charlas-comunicacion-en-organizaciones.jpeg\",\"datePublished\":\"2023-08-18T23:57:14+00:00\",\"breadcrumb\":{\"@id\":\"https:\\\/\\\/informelitoral.com.ar\\\/brindaran-charlas-sobre-gestion-de-la-comunicacion-en-organizaciones\\\/#breadcrumb\"},\"inLanguage\":\"es\",\"potentialAction\":[{\"@type\":\"ReadAction\",\"target\":[\"https:\\\/\\\/informelitoral.com.ar\\\/brindaran-charlas-sobre-gestion-de-la-comunicacion-en-organizaciones\\\/\"]}]},{\"@type\":\"ImageObject\",\"inLanguage\":\"es\",\"@id\":\"https:\\\/\\\/informelitoral.com.ar\\\/brindaran-charlas-sobre-gestion-de-la-comunicacion-en-organizaciones\\\/#primaryimage\",\"url\":\"https:\\\/\\\/informelitoral.com.ar\\\/%77%70%2d%63%6f%6e%74%65%6e%74\\\/uploads\\\/2023\\\/08\\\/charlas-comunicacion-en-organizaciones.jpeg\",\"contentUrl\":\"https:\\\/\\\/informelitoral.com.ar\\\/%77%70%2d%63%6f%6e%74%65%6e%74\\\/uploads\\\/2023\\\/08\\\/charlas-comunicacion-en-organizaciones.jpeg\",\"width\":860,\"height\":573},{\"@type\":\"BreadcrumbList\",\"@id\":\"https:\\\/\\\/informelitoral.com.ar\\\/brindaran-charlas-sobre-gestion-de-la-comunicacion-en-organizaciones\\\/#breadcrumb\",\"itemListElement\":[{\"@type\":\"ListItem\",\"position\":1,\"name\":\"Portada\",\"item\":\"https:\\\/\\\/informelitoral.com.ar\\\/\"},{\"@type\":\"ListItem\",\"position\":2,\"name\":\"Brindar\u00e1n charlas sobre gesti\u00f3n de la comunicaci\u00f3n en organizaciones\"}]},{\"@type\":\"WebSite\",\"@id\":\"https:\\\/\\\/informelitoral.com.ar\\\/#website\",\"url\":\"https:\\\/\\\/informelitoral.com.ar\\\/\",\"name\":\"Informe Litoral\",\"description\":\"&quot;Nos informamos&quot; \",\"publisher\":{\"@id\":\"https:\\\/\\\/informelitoral.com.ar\\\/#organization\"},\"potentialAction\":[{\"@type\":\"SearchAction\",\"target\":{\"@type\":\"EntryPoint\",\"urlTemplate\":\"https:\\\/\\\/informelitoral.com.ar\\\/?s={search_term_string}\"},\"query-input\":{\"@type\":\"PropertyValueSpecification\",\"valueRequired\":true,\"valueName\":\"search_term_string\"}}],\"inLanguage\":\"es\"},{\"@type\":\"Organization\",\"@id\":\"https:\\\/\\\/informelitoral.com.ar\\\/#organization\",\"name\":\"Informe Litoral\",\"url\":\"https:\\\/\\\/informelitoral.com.ar\\\/\",\"logo\":{\"@type\":\"ImageObject\",\"inLanguage\":\"es\",\"@id\":\"https:\\\/\\\/informelitoral.com.ar\\\/#\\\/schema\\\/logo\\\/image\\\/\",\"url\":\"https:\\\/\\\/informelitoral.com.ar\\\/%77%70%2d%63%6f%6e%74%65%6e%74\\\/uploads\\\/2021\\\/01\\\/circulo.png\",\"contentUrl\":\"https:\\\/\\\/informelitoral.com.ar\\\/%77%70%2d%63%6f%6e%74%65%6e%74\\\/uploads\\\/2021\\\/01\\\/circulo.png\",\"width\":723,\"height\":731,\"caption\":\"Informe Litoral\"},\"image\":{\"@id\":\"https:\\\/\\\/informelitoral.com.ar\\\/#\\\/schema\\\/logo\\\/image\\\/\"},\"sameAs\":[\"https:\\\/\\\/www.facebook.com\\\/informelitoral\\\/\",\"https:\\\/\\\/x.com\\\/InformeLitoral\",\"https:\\\/\\\/www.instagram.com\\\/informelitoral\\\/\",\"https:\\\/\\\/www.youtube.com\\\/channel\\\/UCua4Qvz8Icb6MYqhoq9xLXw\"]},{\"@type\":\"Person\",\"@id\":\"https:\\\/\\\/informelitoral.com.ar\\\/#\\\/schema\\\/person\\\/b9d00407c836482871ef1d57bf8e3180\",\"name\":\"Gonzalo Schmidt\",\"image\":{\"@type\":\"ImageObject\",\"inLanguage\":\"es\",\"@id\":\"https:\\\/\\\/secure.gravatar.com\\\/avatar\\\/31a1a7b66ff2de83bd0e9fd79d026630d2d99e55e8bfe501287647b4fd9743de?s=96&d=mm&r=g\",\"url\":\"https:\\\/\\\/secure.gravatar.com\\\/avatar\\\/31a1a7b66ff2de83bd0e9fd79d026630d2d99e55e8bfe501287647b4fd9743de?s=96&d=mm&r=g\",\"contentUrl\":\"https:\\\/\\\/secure.gravatar.com\\\/avatar\\\/31a1a7b66ff2de83bd0e9fd79d026630d2d99e55e8bfe501287647b4fd9743de?s=96&d=mm&r=g\",\"caption\":\"Gonzalo Schmidt\"},\"description\":\"Sitio web de noticias de la provincia de Entre R\u00edos, Argentina. Informaci\u00f3n y entretenimiento. Informe Litoral, nos informamos.\",\"sameAs\":[\"http:\\\/\\\/www.isletasnoticias.com.ar\"],\"url\":\"https:\\\/\\\/informelitoral.com.ar\\\/author\\\/gonzalo\\\/\"}]}<\/script>","yoast_head_json":{"title":"Brindar\u00e1n charlas sobre gesti\u00f3n de la comunicaci\u00f3n en organizaciones - Informe Litoral","robots":{"index":"index","follow":"follow","max-snippet":"max-snippet:-1","max-image-preview":"max-image-preview:large","max-video-preview":"max-video-preview:-1"},"canonical":"https:\/\/informelitoral.com.ar\/brindaran-charlas-sobre-gestion-de-la-comunicacion-en-organizaciones\/","og_locale":"es_ES","og_type":"article","og_title":"Brindar\u00e1n charlas sobre gesti\u00f3n de la comunicaci\u00f3n en organizaciones - Informe Litoral","og_description":"Estar\u00e1n a cargo de Mart\u00edn Gonz\u00e1lez Fr\u00edgoli. Ser\u00e1 el lunes 28 de agosto desde las 10:00 en el Auditorio Rodolfo Walsh de la Facultad de Ciencias de la Educaci\u00f3n de la UNER en Paran\u00e1. El cupo es limitado.","og_url":"https:\/\/informelitoral.com.ar\/brindaran-charlas-sobre-gestion-de-la-comunicacion-en-organizaciones\/","og_site_name":"Informe Litoral","article_publisher":"https:\/\/www.facebook.com\/informelitoral\/","article_published_time":"2023-08-18T23:57:14+00:00","og_image":[{"width":860,"height":573,"url":"https:\/\/informelitoral.com.ar\/%77%70%2d%63%6f%6e%74%65%6e%74\/uploads\/2023\/08\/charlas-comunicacion-en-organizaciones.jpeg","type":"image\/jpeg"}],"author":"Gonzalo Schmidt","twitter_card":"summary_large_image","twitter_creator":"@InformeLitoral","twitter_site":"@InformeLitoral","twitter_misc":{"Escrito por":"Gonzalo Schmidt","Tiempo de lectura":"2 minutos"},"schema":{"@context":"https:\/\/schema.org","@graph":[{"@type":"Article","@id":"https:\/\/informelitoral.com.ar\/brindaran-charlas-sobre-gestion-de-la-comunicacion-en-organizaciones\/#article","isPartOf":{"@id":"https:\/\/informelitoral.com.ar\/brindaran-charlas-sobre-gestion-de-la-comunicacion-en-organizaciones\/"},"author":{"name":"Gonzalo Schmidt","@id":"https:\/\/informelitoral.com.ar\/#\/schema\/person\/b9d00407c836482871ef1d57bf8e3180"},"headline":"Brindar\u00e1n charlas sobre gesti\u00f3n de la comunicaci\u00f3n en organizaciones","datePublished":"2023-08-18T23:57:14+00:00","mainEntityOfPage":{"@id":"https:\/\/informelitoral.com.ar\/brindaran-charlas-sobre-gestion-de-la-comunicacion-en-organizaciones\/"},"wordCount":492,"commentCount":0,"publisher":{"@id":"https:\/\/informelitoral.com.ar\/#organization"},"image":{"@id":"https:\/\/informelitoral.com.ar\/brindaran-charlas-sobre-gestion-de-la-comunicacion-en-organizaciones\/#primaryimage"},"thumbnailUrl":"https:\/\/informelitoral.com.ar\/%77%70%2d%63%6f%6e%74%65%6e%74\/uploads\/2023\/08\/charlas-comunicacion-en-organizaciones.jpeg","keywords":["Comunicaci\u00f3n","FCE Uner","FCEdu UNER","Vicegobernacion"],"articleSection":["Entre R\u00edos","Sociedad"],"inLanguage":"es","potentialAction":[{"@type":"CommentAction","name":"Comment","target":["https:\/\/informelitoral.com.ar\/brindaran-charlas-sobre-gestion-de-la-comunicacion-en-organizaciones\/#respond"]}]},{"@type":"WebPage","@id":"https:\/\/informelitoral.com.ar\/brindaran-charlas-sobre-gestion-de-la-comunicacion-en-organizaciones\/","url":"https:\/\/informelitoral.com.ar\/brindaran-charlas-sobre-gestion-de-la-comunicacion-en-organizaciones\/","name":"Brindar\u00e1n charlas sobre gesti\u00f3n de la comunicaci\u00f3n en organizaciones - Informe Litoral","isPartOf":{"@id":"https:\/\/informelitoral.com.ar\/#website"},"primaryImageOfPage":{"@id":"https:\/\/informelitoral.com.ar\/brindaran-charlas-sobre-gestion-de-la-comunicacion-en-organizaciones\/#primaryimage"},"image":{"@id":"https:\/\/informelitoral.com.ar\/brindaran-charlas-sobre-gestion-de-la-comunicacion-en-organizaciones\/#primaryimage"},"thumbnailUrl":"https:\/\/informelitoral.com.ar\/%77%70%2d%63%6f%6e%74%65%6e%74\/uploads\/2023\/08\/charlas-comunicacion-en-organizaciones.jpeg","datePublished":"2023-08-18T23:57:14+00:00","breadcrumb":{"@id":"https:\/\/informelitoral.com.ar\/brindaran-charlas-sobre-gestion-de-la-comunicacion-en-organizaciones\/#breadcrumb"},"inLanguage":"es","potentialAction":[{"@type":"ReadAction","target":["https:\/\/informelitoral.com.ar\/brindaran-charlas-sobre-gestion-de-la-comunicacion-en-organizaciones\/"]}]},{"@type":"ImageObject","inLanguage":"es","@id":"https:\/\/informelitoral.com.ar\/brindaran-charlas-sobre-gestion-de-la-comunicacion-en-organizaciones\/#primaryimage","url":"https:\/\/informelitoral.com.ar\/%77%70%2d%63%6f%6e%74%65%6e%74\/uploads\/2023\/08\/charlas-comunicacion-en-organizaciones.jpeg","contentUrl":"https:\/\/informelitoral.com.ar\/%77%70%2d%63%6f%6e%74%65%6e%74\/uploads\/2023\/08\/charlas-comunicacion-en-organizaciones.jpeg","width":860,"height":573},{"@type":"BreadcrumbList","@id":"https:\/\/informelitoral.com.ar\/brindaran-charlas-sobre-gestion-de-la-comunicacion-en-organizaciones\/#breadcrumb","itemListElement":[{"@type":"ListItem","position":1,"name":"Portada","item":"https:\/\/informelitoral.com.ar\/"},{"@type":"ListItem","position":2,"name":"Brindar\u00e1n charlas sobre gesti\u00f3n de la comunicaci\u00f3n en organizaciones"}]},{"@type":"WebSite","@id":"https:\/\/informelitoral.com.ar\/#website","url":"https:\/\/informelitoral.com.ar\/","name":"Informe Litoral","description":"&quot;Nos informamos&quot; ","publisher":{"@id":"https:\/\/informelitoral.com.ar\/#organization"},"potentialAction":[{"@type":"SearchAction","target":{"@type":"EntryPoint","urlTemplate":"https:\/\/informelitoral.com.ar\/?s={search_term_string}"},"query-input":{"@type":"PropertyValueSpecification","valueRequired":true,"valueName":"search_term_string"}}],"inLanguage":"es"},{"@type":"Organization","@id":"https:\/\/informelitoral.com.ar\/#organization","name":"Informe Litoral","url":"https:\/\/informelitoral.com.ar\/","logo":{"@type":"ImageObject","inLanguage":"es","@id":"https:\/\/informelitoral.com.ar\/#\/schema\/logo\/image\/","url":"https:\/\/informelitoral.com.ar\/%77%70%2d%63%6f%6e%74%65%6e%74\/uploads\/2021\/01\/circulo.png","contentUrl":"https:\/\/informelitoral.com.ar\/%77%70%2d%63%6f%6e%74%65%6e%74\/uploads\/2021\/01\/circulo.png","width":723,"height":731,"caption":"Informe Litoral"},"image":{"@id":"https:\/\/informelitoral.com.ar\/#\/schema\/logo\/image\/"},"sameAs":["https:\/\/www.facebook.com\/informelitoral\/","https:\/\/x.com\/InformeLitoral","https:\/\/www.instagram.com\/informelitoral\/","https:\/\/www.youtube.com\/channel\/UCua4Qvz8Icb6MYqhoq9xLXw"]},{"@type":"Person","@id":"https:\/\/informelitoral.com.ar\/#\/schema\/person\/b9d00407c836482871ef1d57bf8e3180","name":"Gonzalo Schmidt","image":{"@type":"ImageObject","inLanguage":"es","@id":"https:\/\/secure.gravatar.com\/avatar\/31a1a7b66ff2de83bd0e9fd79d026630d2d99e55e8bfe501287647b4fd9743de?s=96&d=mm&r=g","url":"https:\/\/secure.gravatar.com\/avatar\/31a1a7b66ff2de83bd0e9fd79d026630d2d99e55e8bfe501287647b4fd9743de?s=96&d=mm&r=g","contentUrl":"https:\/\/secure.gravatar.com\/avatar\/31a1a7b66ff2de83bd0e9fd79d026630d2d99e55e8bfe501287647b4fd9743de?s=96&d=mm&r=g","caption":"Gonzalo Schmidt"},"description":"Sitio web de noticias de la provincia de Entre R\u00edos, Argentina. Informaci\u00f3n y entretenimiento. Informe Litoral, nos informamos.","sameAs":["http:\/\/www.isletasnoticias.com.ar"],"url":"https:\/\/informelitoral.com.ar\/author\/gonzalo\/"}]}},"_links":{"self":[{"href":"https:\/\/informelitoral.com.ar\/%77%70%2d%6a%73%6f%6e\/wp\/v2\/posts\/162344","targetHints":{"allow":["GET"]}}],"collection":[{"href":"https:\/\/informelitoral.com.ar\/%77%70%2d%6a%73%6f%6e\/wp\/v2\/posts"}],"about":[{"href":"https:\/\/informelitoral.com.ar\/%77%70%2d%6a%73%6f%6e\/wp\/v2\/types\/post"}],"author":[{"embeddable":true,"href":"https:\/\/informelitoral.com.ar\/%77%70%2d%6a%73%6f%6e\/wp\/v2\/users\/2"}],"replies":[{"embeddable":true,"href":"https:\/\/informelitoral.com.ar\/%77%70%2d%6a%73%6f%6e\/wp\/v2\/comments?post=162344"}],"version-history":[{"count":0,"href":"https:\/\/informelitoral.com.ar\/%77%70%2d%6a%73%6f%6e\/wp\/v2\/posts\/162344\/revisions"}],"wp:featuredmedia":[{"embeddable":true,"href":"https:\/\/informelitoral.com.ar\/%77%70%2d%6a%73%6f%6e\/wp\/v2\/media\/162345"}],"wp:attachment":[{"href":"https:\/\/informelitoral.com.ar\/%77%70%2d%6a%73%6f%6e\/wp\/v2\/media?parent=162344"}],"wp:term":[{"taxonomy":"category","embeddable":true,"href":"https:\/\/informelitoral.com.ar\/%77%70%2d%6a%73%6f%6e\/wp\/v2\/categories?post=162344"},{"taxonomy":"post_tag","embeddable":true,"href":"https:\/\/informelitoral.com.ar\/%77%70%2d%6a%73%6f%6e\/wp\/v2\/tags?post=162344"}],"curies":[{"name":"wp","href":"https:\/\/api.w.org\/{rel}","templated":true}]}}