{"id":16227,"date":"2016-05-24T09:04:18","date_gmt":"2016-05-24T12:04:18","guid":{"rendered":"http:\/\/www.isletasnoticias.com.ar\/?p=16227"},"modified":"2016-05-24T09:05:27","modified_gmt":"2016-05-24T12:05:27","slug":"los-aplazos-siguen-prohibidos-en-entre-rios-la-nota-mas-baja-es-el-4","status":"publish","type":"post","link":"https:\/\/informelitoral.com.ar\/los-aplazos-siguen-prohibidos-en-entre-rios-la-nota-mas-baja-es-el-4\/","title":{"rendered":"Los aplazos siguen prohibidos en Entre R\u00edos: la nota m\u00e1s baja es el 4"},"content":{"rendered":"<p><strong>Poner un 1 equivale a sostener que el estudiante \u00abno aprendi\u00f3 nada. Y en realidad, los chicos aprenden, aunque no aprenden todo\u00bb, dijo una vocal del Consejo de Educaci\u00f3n. Apuntan a resguardar las trayectorias escolares de los alumnos.<a href=\"http:\/\/www.isletasnoticias.com.ar\/%77%70%2d%63%6f%6e%74%65%6e%74\/uploads\/2016\/05\/descarga-3.jpg\"><img loading=\"lazy\" decoding=\"async\" class=\"aligncenter wp-image-16228 \" src=\"http:\/\/www.isletasnoticias.com.ar\/%77%70%2d%63%6f%6e%74%65%6e%74\/uploads\/2016\/05\/descarga-3.jpg\" alt=\"descarga\" width=\"498\" height=\"266\" srcset=\"https:\/\/informelitoral.com.ar\/%77%70%2d%63%6f%6e%74%65%6e%74\/uploads\/2016\/05\/descarga-3.jpg 307w, https:\/\/informelitoral.com.ar\/%77%70%2d%63%6f%6e%74%65%6e%74\/uploads\/2016\/05\/descarga-3-300x160.jpg 300w\" sizes=\"auto, (max-width: 498px) 100vw, 498px\" \/><\/a><\/strong><\/p>\n<p>La nota m\u00e1s baja que se puede poner a los alumnos en Entre R\u00edos es el 4. De ese modo, la Provincia mantiene su tesitura de prohibici\u00f3n de los aplazos, medida que no rige en la provincia de Buenos Aires, donde la gobernadora <strong>Mar\u00eda Eugenia Vidal<\/strong> decidi\u00f3 reinstaurarlos.<\/p>\n<p>\u00abDe lo que se trata es de cuidar las trayectorias escolares de los chicos. Los aplazos no cuentan como procesos de aprendizaje\u00bb, dice <strong>Marcela Mange\u00f3n<\/strong>, vocal del Consejo General de Educaci\u00f3n.<\/p>\n<p>De ese modo, la provincia sigue a pie juntillas los lineamientos que instaur\u00f3 en 2012 el Consejo Federal de Cultura y Educaci\u00f3n, que re\u00fane a los titulares de las carteras educativas de todo el pa\u00eds, cuando dict\u00f3 la resoluci\u00f3n N\u00ba 174 que fij\u00f3 las \u00abPautas federales para el mejoramiento de la ense\u00f1anza y el aprendizaje y las trayectorias escolares, en el nivel inicial, nivel primario y modalidades, y su regulaci\u00f3n\u00bb.<\/p>\n<p>Esa resoluci\u00f3n del Consejo Federal de Cultura y Educaci\u00f3n plante\u00f3 que \u00abla desigualdad social se expresa de manera negativa en el sistema educativo: las trayectorias escolares de los estudiantes, en general las de los sectores m\u00e1s necesitados, se ven reiteradamente obstaculizadas por ingresos tard\u00edos, abandonos transitorios y permanentes y m\u00faltiples repitencias.\u00bb<\/p>\n<p>Una trayectoria escolar hipot\u00e9tica plantea que el ingreso al sistema escolar se da a los cinco a\u00f1os, en el nivel inicial; sigue la aprobaci\u00f3n a\u00f1o a a\u00f1o de los seis grados del nivel primario; contin\u00faa con la aprobaci\u00f3n a\u00f1o a a\u00f1o de los 6 a\u00f1os del nivel secundario -o siete a\u00f1os en las t\u00e9cnicas y aerot\u00e9cnicas-; y el egreso del tramo obligatorio luego de 13 a\u00f1os de escolaridad, con lo cual entre los 17 o 18 a\u00f1os un adolescentes tendr\u00eda en su mano su t\u00edtulo secundario.<\/p>\n<p>Sin embargo, en la pr\u00e1ctica no se da as\u00ed: repitencia, sobreedad, abandono temporario, ausentismo son algunos de los condicionantes que desarman esa trayectoria escolar ideal. Incluso, muchos alumnos de las secundaria diurnas, por diferentes motivos, se trasladan hacia las escuelas nocturnas, y engrosan su matr\u00edcula.<\/p>\n<p><b>La provincia instrument\u00f3 la veda de los aplazos a trav\u00e9s de la resoluci\u00f3n N\u00ba 1.550 del a\u00f1o 2013. <\/b>Los lineamientos de esa norma, que inst\u00f3 a las escuelas a reorganizar su trabajo pedag\u00f3gico \u00abque renueven la convicci\u00f3n que todos los chicos pueden aprender si se modifican, cuando es necesario, las condiciones de ense\u00f1anza, entre ellas, ganar mayor continuidad pedag\u00f3gica y ofrecer una diversidad de estrategias de ense\u00f1anza\u00bb.<\/p>\n<p>Mange\u00f3n dice que la veda de los aplazos se relaciona con la necesidad de \u00abcuidar las trayectorias\u00bb escolares de los alumnos. Dice que as\u00ed lo fij\u00f3 el Consejo Federal de Cultura y Educaci\u00f3n, y a esa normativa se adhiri\u00f3 Entre R\u00edos.<\/p>\n<p>\u00abNosotros seguimos en el mismo proceso. Validamos el contenido de la resoluci\u00f3n 174, porque el Consejo Federal de Educaci\u00f3n no ha dicho lo opuesto. Y ac\u00e1 en Entre R\u00edos refrendamos esa directiva con el dictado de la resoluci\u00f3n N\u00ba 1.550 en 2013. En realidad, nunca tuvieron entidad los aplazos\u00bb, dice la vocal del CGE.<br \/>\nMange\u00f3n observa que de ese modo se \u00abcuida la trayectoria\u00bb, porque, agrega, <b>\u00abno es lo mismo poner un 1 que poner un 4, y sin embargo en ambas situaciones el alumnos no aprueba. Pero lo que decimos es que hay que tener mucho cuidado de poner un 1, un 2 o un 3, porque se juegan otras expectativas con los alumnos<\/b>. Con un 4 sabes que est\u00e1s en dificultades; los padres tambi\u00e9n lo saben, saben lo que hay que marcar hacia delante, y pone la necesidad de aprender los contenidos. Y que se puede conseguir. En cambio, poner un 1 es algo irremontable\u00bb.<\/p>\n<p>En la visi\u00f3n de la funcionaria del CGE,<b> calificar a un alumno con un 1 equivale a decir \u00abque no aprendi\u00f3 nada. Y en realidad, los chicos aprenden, aunque no aprenden todo. O fallan en la retenci\u00f3n de contenidos memor\u00edsticos, y eso deriva en esa calificaci\u00f3n.<\/b> Y eso es precisamente lo que no se quiere. El 0 desapareci\u00f3, porque ahora hay nuevos paradigmas en los procesos de ense\u00f1anza y aprendizaje -sostiene Mange\u00f3n-. Los procesos de ense\u00f1anza son diferentes. Nadie puede decir que un chico no aprende. Decimos que todos pueden aprender, todos pueden ense\u00f1ar. No es que uno retrocede en la escuela\u00bb, dijo a <em>El Diario, <\/em>seg\u00fan reprodujo<em> Elonce.com.<\/em><\/p>\n","protected":false},"excerpt":{"rendered":"<p>Poner un 1 equivale a sostener que el estudiante &laquo;no aprendi&oacute; nada. Y en realidad, los chicos aprenden, aunque no aprenden todo&raquo;, dijo una vocal del Consejo de Educaci&oacute;n. Apuntan a resguardar las trayectorias escolares de los alumnos. La nota m&aacute;s baja que se puede poner a los alumnos en Entre R&iacute;os es el 4. [&hellip;]<\/p>\n","protected":false},"author":2,"featured_media":0,"comment_status":"open","ping_status":"open","sticky":false,"template":"","format":"standard","meta":{"fifu_image_url":"","fifu_image_alt":"","footnotes":""},"categories":[6],"tags":[],"class_list":{"0":"post-16227","1":"post","2":"type-post","3":"status-publish","4":"format-standard","6":"category-entre-rios"},"yoast_head":"<title>Los aplazos siguen prohibidos en Entre R\u00edos: la nota m\u00e1s baja es el 4 - Informe Litoral<\/title>\n<meta name=\"robots\" content=\"index, follow, max-snippet:-1, max-image-preview:large, max-video-preview:-1\" \/>\n<link rel=\"canonical\" href=\"https:\/\/informelitoral.com.ar\/los-aplazos-siguen-prohibidos-en-entre-rios-la-nota-mas-baja-es-el-4\/\" \/>\n<meta property=\"og:locale\" content=\"es_ES\" \/>\n<meta property=\"og:type\" content=\"article\" \/>\n<meta property=\"og:title\" content=\"Los aplazos siguen prohibidos en Entre R\u00edos: la nota m\u00e1s baja es el 4 - Informe Litoral\" \/>\n<meta property=\"og:description\" content=\"Poner un 1 equivale a sostener que el estudiante &laquo;no aprendi&oacute; nada. Y en realidad, los chicos aprenden, aunque no aprenden todo&raquo;, dijo una vocal del Consejo de Educaci&oacute;n. Apuntan a resguardar las trayectorias escolares de los alumnos. La nota m&aacute;s baja que se puede poner a los alumnos en Entre R&iacute;os es el 4. [&hellip;]\" \/>\n<meta property=\"og:url\" content=\"https:\/\/informelitoral.com.ar\/los-aplazos-siguen-prohibidos-en-entre-rios-la-nota-mas-baja-es-el-4\/\" \/>\n<meta property=\"og:site_name\" content=\"Informe Litoral\" \/>\n<meta property=\"article:publisher\" content=\"https:\/\/www.facebook.com\/informelitoral\/\" \/>\n<meta property=\"article:published_time\" content=\"2016-05-24T12:04:18+00:00\" \/>\n<meta property=\"article:modified_time\" content=\"2016-05-24T12:05:27+00:00\" \/>\n<meta property=\"og:image\" content=\"https:\/\/informelitoral.com.ar\/%77%70%2d%63%6f%6e%74%65%6e%74\/uploads\/2016\/05\/descarga-3.jpg\" \/>\n\t<meta property=\"og:image:width\" content=\"307\" \/>\n\t<meta property=\"og:image:height\" content=\"164\" \/>\n\t<meta property=\"og:image:type\" content=\"image\/jpeg\" \/>\n<meta name=\"author\" content=\"Gonzalo Schmidt\" \/>\n<meta name=\"twitter:card\" content=\"summary_large_image\" \/>\n<meta name=\"twitter:creator\" content=\"@InformeLitoral\" \/>\n<meta name=\"twitter:site\" content=\"@InformeLitoral\" \/>\n<meta name=\"twitter:label1\" content=\"Escrito por\" \/>\n\t<meta name=\"twitter:data1\" content=\"Gonzalo Schmidt\" \/>\n\t<meta name=\"twitter:label2\" content=\"Tiempo de lectura\" \/>\n\t<meta name=\"twitter:data2\" content=\"4 minutos\" \/>\n<script type=\"application\/ld+json\" class=\"yoast-schema-graph\">{\"@context\":\"https:\\\/\\\/schema.org\",\"@graph\":[{\"@type\":\"Article\",\"@id\":\"https:\\\/\\\/informelitoral.com.ar\\\/los-aplazos-siguen-prohibidos-en-entre-rios-la-nota-mas-baja-es-el-4\\\/#article\",\"isPartOf\":{\"@id\":\"https:\\\/\\\/informelitoral.com.ar\\\/los-aplazos-siguen-prohibidos-en-entre-rios-la-nota-mas-baja-es-el-4\\\/\"},\"author\":{\"name\":\"Gonzalo Schmidt\",\"@id\":\"https:\\\/\\\/informelitoral.com.ar\\\/#\\\/schema\\\/person\\\/b9d00407c836482871ef1d57bf8e3180\"},\"headline\":\"Los aplazos siguen prohibidos en Entre R\u00edos: la nota m\u00e1s baja es el 4\",\"datePublished\":\"2016-05-24T12:04:18+00:00\",\"dateModified\":\"2016-05-24T12:05:27+00:00\",\"mainEntityOfPage\":{\"@id\":\"https:\\\/\\\/informelitoral.com.ar\\\/los-aplazos-siguen-prohibidos-en-entre-rios-la-nota-mas-baja-es-el-4\\\/\"},\"wordCount\":801,\"commentCount\":0,\"publisher\":{\"@id\":\"https:\\\/\\\/informelitoral.com.ar\\\/#organization\"},\"image\":{\"@id\":\"https:\\\/\\\/informelitoral.com.ar\\\/los-aplazos-siguen-prohibidos-en-entre-rios-la-nota-mas-baja-es-el-4\\\/#primaryimage\"},\"thumbnailUrl\":\"http:\\\/\\\/www.isletasnoticias.com.ar\\\/%77%70%2d%63%6f%6e%74%65%6e%74\\\/uploads\\\/2016\\\/05\\\/descarga-3.jpg\",\"articleSection\":[\"Entre R\u00edos\"],\"inLanguage\":\"es\",\"potentialAction\":[{\"@type\":\"CommentAction\",\"name\":\"Comment\",\"target\":[\"https:\\\/\\\/informelitoral.com.ar\\\/los-aplazos-siguen-prohibidos-en-entre-rios-la-nota-mas-baja-es-el-4\\\/#respond\"]}]},{\"@type\":\"WebPage\",\"@id\":\"https:\\\/\\\/informelitoral.com.ar\\\/los-aplazos-siguen-prohibidos-en-entre-rios-la-nota-mas-baja-es-el-4\\\/\",\"url\":\"https:\\\/\\\/informelitoral.com.ar\\\/los-aplazos-siguen-prohibidos-en-entre-rios-la-nota-mas-baja-es-el-4\\\/\",\"name\":\"Los aplazos siguen prohibidos en Entre R\u00edos: la nota m\u00e1s baja es el 4 - Informe Litoral\",\"isPartOf\":{\"@id\":\"https:\\\/\\\/informelitoral.com.ar\\\/#website\"},\"primaryImageOfPage\":{\"@id\":\"https:\\\/\\\/informelitoral.com.ar\\\/los-aplazos-siguen-prohibidos-en-entre-rios-la-nota-mas-baja-es-el-4\\\/#primaryimage\"},\"image\":{\"@id\":\"https:\\\/\\\/informelitoral.com.ar\\\/los-aplazos-siguen-prohibidos-en-entre-rios-la-nota-mas-baja-es-el-4\\\/#primaryimage\"},\"thumbnailUrl\":\"http:\\\/\\\/www.isletasnoticias.com.ar\\\/%77%70%2d%63%6f%6e%74%65%6e%74\\\/uploads\\\/2016\\\/05\\\/descarga-3.jpg\",\"datePublished\":\"2016-05-24T12:04:18+00:00\",\"dateModified\":\"2016-05-24T12:05:27+00:00\",\"breadcrumb\":{\"@id\":\"https:\\\/\\\/informelitoral.com.ar\\\/los-aplazos-siguen-prohibidos-en-entre-rios-la-nota-mas-baja-es-el-4\\\/#breadcrumb\"},\"inLanguage\":\"es\",\"potentialAction\":[{\"@type\":\"ReadAction\",\"target\":[\"https:\\\/\\\/informelitoral.com.ar\\\/los-aplazos-siguen-prohibidos-en-entre-rios-la-nota-mas-baja-es-el-4\\\/\"]}]},{\"@type\":\"ImageObject\",\"inLanguage\":\"es\",\"@id\":\"https:\\\/\\\/informelitoral.com.ar\\\/los-aplazos-siguen-prohibidos-en-entre-rios-la-nota-mas-baja-es-el-4\\\/#primaryimage\",\"url\":\"http:\\\/\\\/www.isletasnoticias.com.ar\\\/%77%70%2d%63%6f%6e%74%65%6e%74\\\/uploads\\\/2016\\\/05\\\/descarga-3.jpg\",\"contentUrl\":\"http:\\\/\\\/www.isletasnoticias.com.ar\\\/%77%70%2d%63%6f%6e%74%65%6e%74\\\/uploads\\\/2016\\\/05\\\/descarga-3.jpg\"},{\"@type\":\"BreadcrumbList\",\"@id\":\"https:\\\/\\\/informelitoral.com.ar\\\/los-aplazos-siguen-prohibidos-en-entre-rios-la-nota-mas-baja-es-el-4\\\/#breadcrumb\",\"itemListElement\":[{\"@type\":\"ListItem\",\"position\":1,\"name\":\"Portada\",\"item\":\"https:\\\/\\\/informelitoral.com.ar\\\/\"},{\"@type\":\"ListItem\",\"position\":2,\"name\":\"Los aplazos siguen prohibidos en Entre R\u00edos: la nota m\u00e1s baja es el 4\"}]},{\"@type\":\"WebSite\",\"@id\":\"https:\\\/\\\/informelitoral.com.ar\\\/#website\",\"url\":\"https:\\\/\\\/informelitoral.com.ar\\\/\",\"name\":\"Informe Litoral\",\"description\":\"&quot;Nos informamos&quot; \",\"publisher\":{\"@id\":\"https:\\\/\\\/informelitoral.com.ar\\\/#organization\"},\"potentialAction\":[{\"@type\":\"SearchAction\",\"target\":{\"@type\":\"EntryPoint\",\"urlTemplate\":\"https:\\\/\\\/informelitoral.com.ar\\\/?s={search_term_string}\"},\"query-input\":{\"@type\":\"PropertyValueSpecification\",\"valueRequired\":true,\"valueName\":\"search_term_string\"}}],\"inLanguage\":\"es\"},{\"@type\":\"Organization\",\"@id\":\"https:\\\/\\\/informelitoral.com.ar\\\/#organization\",\"name\":\"Informe Litoral\",\"url\":\"https:\\\/\\\/informelitoral.com.ar\\\/\",\"logo\":{\"@type\":\"ImageObject\",\"inLanguage\":\"es\",\"@id\":\"https:\\\/\\\/informelitoral.com.ar\\\/#\\\/schema\\\/logo\\\/image\\\/\",\"url\":\"https:\\\/\\\/informelitoral.com.ar\\\/%77%70%2d%63%6f%6e%74%65%6e%74\\\/uploads\\\/2021\\\/01\\\/circulo.png\",\"contentUrl\":\"https:\\\/\\\/informelitoral.com.ar\\\/%77%70%2d%63%6f%6e%74%65%6e%74\\\/uploads\\\/2021\\\/01\\\/circulo.png\",\"width\":723,\"height\":731,\"caption\":\"Informe Litoral\"},\"image\":{\"@id\":\"https:\\\/\\\/informelitoral.com.ar\\\/#\\\/schema\\\/logo\\\/image\\\/\"},\"sameAs\":[\"https:\\\/\\\/www.facebook.com\\\/informelitoral\\\/\",\"https:\\\/\\\/x.com\\\/InformeLitoral\",\"https:\\\/\\\/www.instagram.com\\\/informelitoral\\\/\",\"https:\\\/\\\/www.youtube.com\\\/channel\\\/UCua4Qvz8Icb6MYqhoq9xLXw\"]},{\"@type\":\"Person\",\"@id\":\"https:\\\/\\\/informelitoral.com.ar\\\/#\\\/schema\\\/person\\\/b9d00407c836482871ef1d57bf8e3180\",\"name\":\"Gonzalo Schmidt\",\"image\":{\"@type\":\"ImageObject\",\"inLanguage\":\"es\",\"@id\":\"https:\\\/\\\/secure.gravatar.com\\\/avatar\\\/31a1a7b66ff2de83bd0e9fd79d026630d2d99e55e8bfe501287647b4fd9743de?s=96&d=mm&r=g\",\"url\":\"https:\\\/\\\/secure.gravatar.com\\\/avatar\\\/31a1a7b66ff2de83bd0e9fd79d026630d2d99e55e8bfe501287647b4fd9743de?s=96&d=mm&r=g\",\"contentUrl\":\"https:\\\/\\\/secure.gravatar.com\\\/avatar\\\/31a1a7b66ff2de83bd0e9fd79d026630d2d99e55e8bfe501287647b4fd9743de?s=96&d=mm&r=g\",\"caption\":\"Gonzalo Schmidt\"},\"description\":\"Sitio web de noticias de la provincia de Entre R\u00edos, Argentina. Informaci\u00f3n y entretenimiento. Informe Litoral, nos informamos.\",\"sameAs\":[\"http:\\\/\\\/www.isletasnoticias.com.ar\"],\"url\":\"https:\\\/\\\/informelitoral.com.ar\\\/author\\\/gonzalo\\\/\"}]}<\/script>","yoast_head_json":{"title":"Los aplazos siguen prohibidos en Entre R\u00edos: la nota m\u00e1s baja es el 4 - Informe Litoral","robots":{"index":"index","follow":"follow","max-snippet":"max-snippet:-1","max-image-preview":"max-image-preview:large","max-video-preview":"max-video-preview:-1"},"canonical":"https:\/\/informelitoral.com.ar\/los-aplazos-siguen-prohibidos-en-entre-rios-la-nota-mas-baja-es-el-4\/","og_locale":"es_ES","og_type":"article","og_title":"Los aplazos siguen prohibidos en Entre R\u00edos: la nota m\u00e1s baja es el 4 - Informe Litoral","og_description":"Poner un 1 equivale a sostener que el estudiante &laquo;no aprendi&oacute; nada. Y en realidad, los chicos aprenden, aunque no aprenden todo&raquo;, dijo una vocal del Consejo de Educaci&oacute;n. Apuntan a resguardar las trayectorias escolares de los alumnos. La nota m&aacute;s baja que se puede poner a los alumnos en Entre R&iacute;os es el 4. [&hellip;]","og_url":"https:\/\/informelitoral.com.ar\/los-aplazos-siguen-prohibidos-en-entre-rios-la-nota-mas-baja-es-el-4\/","og_site_name":"Informe Litoral","article_publisher":"https:\/\/www.facebook.com\/informelitoral\/","article_published_time":"2016-05-24T12:04:18+00:00","article_modified_time":"2016-05-24T12:05:27+00:00","og_image":[{"width":307,"height":164,"url":"https:\/\/informelitoral.com.ar\/%77%70%2d%63%6f%6e%74%65%6e%74\/uploads\/2016\/05\/descarga-3.jpg","type":"image\/jpeg"}],"author":"Gonzalo Schmidt","twitter_card":"summary_large_image","twitter_creator":"@InformeLitoral","twitter_site":"@InformeLitoral","twitter_misc":{"Escrito por":"Gonzalo Schmidt","Tiempo de lectura":"4 minutos"},"schema":{"@context":"https:\/\/schema.org","@graph":[{"@type":"Article","@id":"https:\/\/informelitoral.com.ar\/los-aplazos-siguen-prohibidos-en-entre-rios-la-nota-mas-baja-es-el-4\/#article","isPartOf":{"@id":"https:\/\/informelitoral.com.ar\/los-aplazos-siguen-prohibidos-en-entre-rios-la-nota-mas-baja-es-el-4\/"},"author":{"name":"Gonzalo Schmidt","@id":"https:\/\/informelitoral.com.ar\/#\/schema\/person\/b9d00407c836482871ef1d57bf8e3180"},"headline":"Los aplazos siguen prohibidos en Entre R\u00edos: la nota m\u00e1s baja es el 4","datePublished":"2016-05-24T12:04:18+00:00","dateModified":"2016-05-24T12:05:27+00:00","mainEntityOfPage":{"@id":"https:\/\/informelitoral.com.ar\/los-aplazos-siguen-prohibidos-en-entre-rios-la-nota-mas-baja-es-el-4\/"},"wordCount":801,"commentCount":0,"publisher":{"@id":"https:\/\/informelitoral.com.ar\/#organization"},"image":{"@id":"https:\/\/informelitoral.com.ar\/los-aplazos-siguen-prohibidos-en-entre-rios-la-nota-mas-baja-es-el-4\/#primaryimage"},"thumbnailUrl":"http:\/\/www.isletasnoticias.com.ar\/%77%70%2d%63%6f%6e%74%65%6e%74\/uploads\/2016\/05\/descarga-3.jpg","articleSection":["Entre R\u00edos"],"inLanguage":"es","potentialAction":[{"@type":"CommentAction","name":"Comment","target":["https:\/\/informelitoral.com.ar\/los-aplazos-siguen-prohibidos-en-entre-rios-la-nota-mas-baja-es-el-4\/#respond"]}]},{"@type":"WebPage","@id":"https:\/\/informelitoral.com.ar\/los-aplazos-siguen-prohibidos-en-entre-rios-la-nota-mas-baja-es-el-4\/","url":"https:\/\/informelitoral.com.ar\/los-aplazos-siguen-prohibidos-en-entre-rios-la-nota-mas-baja-es-el-4\/","name":"Los aplazos siguen prohibidos en Entre R\u00edos: la nota m\u00e1s baja es el 4 - Informe Litoral","isPartOf":{"@id":"https:\/\/informelitoral.com.ar\/#website"},"primaryImageOfPage":{"@id":"https:\/\/informelitoral.com.ar\/los-aplazos-siguen-prohibidos-en-entre-rios-la-nota-mas-baja-es-el-4\/#primaryimage"},"image":{"@id":"https:\/\/informelitoral.com.ar\/los-aplazos-siguen-prohibidos-en-entre-rios-la-nota-mas-baja-es-el-4\/#primaryimage"},"thumbnailUrl":"http:\/\/www.isletasnoticias.com.ar\/%77%70%2d%63%6f%6e%74%65%6e%74\/uploads\/2016\/05\/descarga-3.jpg","datePublished":"2016-05-24T12:04:18+00:00","dateModified":"2016-05-24T12:05:27+00:00","breadcrumb":{"@id":"https:\/\/informelitoral.com.ar\/los-aplazos-siguen-prohibidos-en-entre-rios-la-nota-mas-baja-es-el-4\/#breadcrumb"},"inLanguage":"es","potentialAction":[{"@type":"ReadAction","target":["https:\/\/informelitoral.com.ar\/los-aplazos-siguen-prohibidos-en-entre-rios-la-nota-mas-baja-es-el-4\/"]}]},{"@type":"ImageObject","inLanguage":"es","@id":"https:\/\/informelitoral.com.ar\/los-aplazos-siguen-prohibidos-en-entre-rios-la-nota-mas-baja-es-el-4\/#primaryimage","url":"http:\/\/www.isletasnoticias.com.ar\/%77%70%2d%63%6f%6e%74%65%6e%74\/uploads\/2016\/05\/descarga-3.jpg","contentUrl":"http:\/\/www.isletasnoticias.com.ar\/%77%70%2d%63%6f%6e%74%65%6e%74\/uploads\/2016\/05\/descarga-3.jpg"},{"@type":"BreadcrumbList","@id":"https:\/\/informelitoral.com.ar\/los-aplazos-siguen-prohibidos-en-entre-rios-la-nota-mas-baja-es-el-4\/#breadcrumb","itemListElement":[{"@type":"ListItem","position":1,"name":"Portada","item":"https:\/\/informelitoral.com.ar\/"},{"@type":"ListItem","position":2,"name":"Los aplazos siguen prohibidos en Entre R\u00edos: la nota m\u00e1s baja es el 4"}]},{"@type":"WebSite","@id":"https:\/\/informelitoral.com.ar\/#website","url":"https:\/\/informelitoral.com.ar\/","name":"Informe Litoral","description":"&quot;Nos informamos&quot; ","publisher":{"@id":"https:\/\/informelitoral.com.ar\/#organization"},"potentialAction":[{"@type":"SearchAction","target":{"@type":"EntryPoint","urlTemplate":"https:\/\/informelitoral.com.ar\/?s={search_term_string}"},"query-input":{"@type":"PropertyValueSpecification","valueRequired":true,"valueName":"search_term_string"}}],"inLanguage":"es"},{"@type":"Organization","@id":"https:\/\/informelitoral.com.ar\/#organization","name":"Informe Litoral","url":"https:\/\/informelitoral.com.ar\/","logo":{"@type":"ImageObject","inLanguage":"es","@id":"https:\/\/informelitoral.com.ar\/#\/schema\/logo\/image\/","url":"https:\/\/informelitoral.com.ar\/%77%70%2d%63%6f%6e%74%65%6e%74\/uploads\/2021\/01\/circulo.png","contentUrl":"https:\/\/informelitoral.com.ar\/%77%70%2d%63%6f%6e%74%65%6e%74\/uploads\/2021\/01\/circulo.png","width":723,"height":731,"caption":"Informe Litoral"},"image":{"@id":"https:\/\/informelitoral.com.ar\/#\/schema\/logo\/image\/"},"sameAs":["https:\/\/www.facebook.com\/informelitoral\/","https:\/\/x.com\/InformeLitoral","https:\/\/www.instagram.com\/informelitoral\/","https:\/\/www.youtube.com\/channel\/UCua4Qvz8Icb6MYqhoq9xLXw"]},{"@type":"Person","@id":"https:\/\/informelitoral.com.ar\/#\/schema\/person\/b9d00407c836482871ef1d57bf8e3180","name":"Gonzalo Schmidt","image":{"@type":"ImageObject","inLanguage":"es","@id":"https:\/\/secure.gravatar.com\/avatar\/31a1a7b66ff2de83bd0e9fd79d026630d2d99e55e8bfe501287647b4fd9743de?s=96&d=mm&r=g","url":"https:\/\/secure.gravatar.com\/avatar\/31a1a7b66ff2de83bd0e9fd79d026630d2d99e55e8bfe501287647b4fd9743de?s=96&d=mm&r=g","contentUrl":"https:\/\/secure.gravatar.com\/avatar\/31a1a7b66ff2de83bd0e9fd79d026630d2d99e55e8bfe501287647b4fd9743de?s=96&d=mm&r=g","caption":"Gonzalo Schmidt"},"description":"Sitio web de noticias de la provincia de Entre R\u00edos, Argentina. Informaci\u00f3n y entretenimiento. Informe Litoral, nos informamos.","sameAs":["http:\/\/www.isletasnoticias.com.ar"],"url":"https:\/\/informelitoral.com.ar\/author\/gonzalo\/"}]}},"_links":{"self":[{"href":"https:\/\/informelitoral.com.ar\/%77%70%2d%6a%73%6f%6e\/wp\/v2\/posts\/16227","targetHints":{"allow":["GET"]}}],"collection":[{"href":"https:\/\/informelitoral.com.ar\/%77%70%2d%6a%73%6f%6e\/wp\/v2\/posts"}],"about":[{"href":"https:\/\/informelitoral.com.ar\/%77%70%2d%6a%73%6f%6e\/wp\/v2\/types\/post"}],"author":[{"embeddable":true,"href":"https:\/\/informelitoral.com.ar\/%77%70%2d%6a%73%6f%6e\/wp\/v2\/users\/2"}],"replies":[{"embeddable":true,"href":"https:\/\/informelitoral.com.ar\/%77%70%2d%6a%73%6f%6e\/wp\/v2\/comments?post=16227"}],"version-history":[{"count":0,"href":"https:\/\/informelitoral.com.ar\/%77%70%2d%6a%73%6f%6e\/wp\/v2\/posts\/16227\/revisions"}],"wp:attachment":[{"href":"https:\/\/informelitoral.com.ar\/%77%70%2d%6a%73%6f%6e\/wp\/v2\/media?parent=16227"}],"wp:term":[{"taxonomy":"category","embeddable":true,"href":"https:\/\/informelitoral.com.ar\/%77%70%2d%6a%73%6f%6e\/wp\/v2\/categories?post=16227"},{"taxonomy":"post_tag","embeddable":true,"href":"https:\/\/informelitoral.com.ar\/%77%70%2d%6a%73%6f%6e\/wp\/v2\/tags?post=16227"}],"curies":[{"name":"wp","href":"https:\/\/api.w.org\/{rel}","templated":true}]}}