{"id":162250,"date":"2023-08-18T08:07:38","date_gmt":"2023-08-18T11:07:38","guid":{"rendered":"https:\/\/www.informelitoral.com.ar\/?p=162250"},"modified":"2023-08-18T22:27:37","modified_gmt":"2023-08-19T01:27:37","slug":"gobierno-acordo-congelar-el-precio-de-los-combustibles-hasta-el-31-de-octubre","status":"publish","type":"post","link":"https:\/\/informelitoral.com.ar\/gobierno-acordo-congelar-el-precio-de-los-combustibles-hasta-el-31-de-octubre\/","title":{"rendered":"Gobierno acord\u00f3 congelar el precio de los combustibles hasta el 31 de octubre"},"content":{"rendered":"<p>El Ministro de Econom\u00eda, Sergio Massa, anunci\u00f3 que el gobierno lleg\u00f3 a un acuerdo con las empresas petroleras y se congelar\u00e1n los precios de los combustibles hasta el 31 de octubre.<\/p>\n<p>\u00abEntramos en un programa en el que no habr\u00e1 m\u00e1s aumento de precios en los combustibles, producto de una decisi\u00f3n de que una parte de la devaluaci\u00f3n la termina asumiendo el consumidor. Una parte la terminan asumiendo las empresas y una parte la termina asumiendo el estado, que va a resignar parte de los recursos a los efectos de garantizar que de alguna manera entre todos podamos construir un sendero\u00bb, expres\u00f3.<\/p>\n<figure class=\"embed\"><img decoding=\"async\" title=\"\" src=\"https:\/\/elonce-media.elonce.com\/fotos-nuevo\/2023\/08\/17\/o_1692319084.jpg\" alt=\"\" width=\"640\" \/><\/figure>\n<p>\u00abQuiero agradecer a las empresas, tanto productoras como refinadoras. La industria de petr\u00f3leo y gas en Argentina es uno de los grandes tractores que tenemos en nuestra econom\u00eda. Hoy parte de la ca\u00edda que representa la p\u00e9rdida de exportaciones y actividad que tuvimos en parte por una sequ\u00eda brutal que nos quit\u00f3 21 mil millones de d\u00f3lares de nuestras exportaciones, casi el 25%, se ve compensada por el enorme crecimiento que tiene desde el a\u00f1o pasado el sector del gas y el petr\u00f3leo. Es un aumento importante de la inversi\u00f3n\u00bb, dijo.<\/p>\n<p>Lo m\u00e1s importante \u00abes que la actividad llegue al bolsillo de la gente de manera absolutamente ordenada. Por un lado, la resignaci\u00f3n de impuestos de recursos fiscales por parte del estado para cuidar el bolsillo de la gente. Por el otro, la resignaci\u00f3n de utilidades por parte de las empresas para cuidar el bolsillo de la gente\u00bb.<\/p>\n<p>\u00abEl precio en las naftas se mantendr\u00e1 sin incrementos. Esto est\u00e1 asociado a la estabilidad cambiaria, porque no habr\u00e1 m\u00e1s aumento en el tipo de cambio, seguir\u00e1 estando el d\u00f3lar oficial a 350 pesos hasta el 31 de octubre. Queremos llevar certidumbre y tranquilidad a la gente en un momento en que la decisi\u00f3n del FMI de imponer una devaluaci\u00f3n gener\u00f3 la distorsi\u00f3n en muchos de los precios de la econom\u00eda. Es clave que podamos ponerle un rumbo y certeza de mediano plazo\u00bb, agreg\u00f3.<\/p>\n","protected":false},"excerpt":{"rendered":"<p>El Ministro de Econom\u00eda, Sergio Massa, anunci\u00f3 que el gobierno lleg\u00f3 a un acuerdo con las empresas petroleras y se congelar\u00e1n los precios de los combustibles hasta el 31 de octubre.<\/p>\n","protected":false},"author":8,"featured_media":92594,"comment_status":"open","ping_status":"open","sticky":false,"template":"","format":"standard","meta":{"fifu_image_url":"","fifu_image_alt":"","footnotes":""},"categories":[1594,7],"tags":[2039,172,156,917,2010,1297],"class_list":{"0":"post-162250","1":"post","2":"type-post","3":"status-publish","4":"format-standard","5":"has-post-thumbnail","7":"category-economia","8":"category-nacionales","9":"tag-acuerdo","10":"tag-aumento","11":"tag-combustibles","12":"tag-nafta","13":"tag-precio","14":"tag-sergio-massa"},"yoast_head":"<title>Gobierno acord\u00f3 congelar el precio de los combustibles hasta el 31 de octubre - Informe Litoral<\/title>\n<meta name=\"robots\" content=\"index, follow, max-snippet:-1, max-image-preview:large, max-video-preview:-1\" \/>\n<link rel=\"canonical\" href=\"https:\/\/informelitoral.com.ar\/gobierno-acordo-congelar-el-precio-de-los-combustibles-hasta-el-31-de-octubre\/\" \/>\n<meta property=\"og:locale\" content=\"es_ES\" \/>\n<meta property=\"og:type\" content=\"article\" \/>\n<meta property=\"og:title\" content=\"Gobierno acord\u00f3 congelar el precio de los combustibles hasta el 31 de octubre - Informe Litoral\" \/>\n<meta property=\"og:description\" content=\"El Ministro de Econom\u00eda, Sergio Massa, anunci\u00f3 que el gobierno lleg\u00f3 a un acuerdo con las empresas petroleras y se congelar\u00e1n los precios de los combustibles hasta el 31 de octubre.\" \/>\n<meta property=\"og:url\" content=\"https:\/\/informelitoral.com.ar\/gobierno-acordo-congelar-el-precio-de-los-combustibles-hasta-el-31-de-octubre\/\" \/>\n<meta property=\"og:site_name\" content=\"Informe Litoral\" \/>\n<meta property=\"article:publisher\" content=\"https:\/\/www.facebook.com\/informelitoral\/\" \/>\n<meta property=\"article:published_time\" content=\"2023-08-18T11:07:38+00:00\" \/>\n<meta property=\"article:modified_time\" content=\"2023-08-19T01:27:37+00:00\" \/>\n<meta property=\"og:image\" content=\"https:\/\/informelitoral.com.ar\/%77%70%2d%63%6f%6e%74%65%6e%74\/uploads\/2022\/11\/precio-combustibles_2110232_20220801072103.jpg\" \/>\n\t<meta property=\"og:image:width\" content=\"600\" \/>\n\t<meta property=\"og:image:height\" content=\"370\" \/>\n\t<meta property=\"og:image:type\" content=\"image\/jpeg\" \/>\n<meta name=\"author\" content=\"Sebastian\" \/>\n<meta name=\"twitter:card\" content=\"summary_large_image\" \/>\n<meta name=\"twitter:creator\" content=\"@InformeLitoral\" \/>\n<meta name=\"twitter:site\" content=\"@InformeLitoral\" \/>\n<meta name=\"twitter:label1\" content=\"Escrito por\" \/>\n\t<meta name=\"twitter:data1\" content=\"Sebastian\" \/>\n\t<meta name=\"twitter:label2\" content=\"Tiempo de lectura\" \/>\n\t<meta name=\"twitter:data2\" content=\"2 minutos\" \/>\n<script type=\"application\/ld+json\" class=\"yoast-schema-graph\">{\"@context\":\"https:\\\/\\\/schema.org\",\"@graph\":[{\"@type\":\"Article\",\"@id\":\"https:\\\/\\\/informelitoral.com.ar\\\/gobierno-acordo-congelar-el-precio-de-los-combustibles-hasta-el-31-de-octubre\\\/#article\",\"isPartOf\":{\"@id\":\"https:\\\/\\\/informelitoral.com.ar\\\/gobierno-acordo-congelar-el-precio-de-los-combustibles-hasta-el-31-de-octubre\\\/\"},\"author\":{\"name\":\"Sebastian\",\"@id\":\"https:\\\/\\\/informelitoral.com.ar\\\/#\\\/schema\\\/person\\\/f05f9f461677119578717524b127d6d5\"},\"headline\":\"Gobierno acord\u00f3 congelar el precio de los combustibles hasta el 31 de octubre\",\"datePublished\":\"2023-08-18T11:07:38+00:00\",\"dateModified\":\"2023-08-19T01:27:37+00:00\",\"mainEntityOfPage\":{\"@id\":\"https:\\\/\\\/informelitoral.com.ar\\\/gobierno-acordo-congelar-el-precio-de-los-combustibles-hasta-el-31-de-octubre\\\/\"},\"wordCount\":364,\"commentCount\":0,\"publisher\":{\"@id\":\"https:\\\/\\\/informelitoral.com.ar\\\/#organization\"},\"image\":{\"@id\":\"https:\\\/\\\/informelitoral.com.ar\\\/gobierno-acordo-congelar-el-precio-de-los-combustibles-hasta-el-31-de-octubre\\\/#primaryimage\"},\"thumbnailUrl\":\"https:\\\/\\\/informelitoral.com.ar\\\/%77%70%2d%63%6f%6e%74%65%6e%74\\\/uploads\\\/2022\\\/11\\\/precio-combustibles_2110232_20220801072103.jpg\",\"keywords\":[\"Acuerdo\",\"Aumento\",\"Combustibles\",\"Nafta\",\"Precio\",\"Sergio Massa\"],\"articleSection\":[\"Econom\u00eda\",\"Nacionales\"],\"inLanguage\":\"es\",\"potentialAction\":[{\"@type\":\"CommentAction\",\"name\":\"Comment\",\"target\":[\"https:\\\/\\\/informelitoral.com.ar\\\/gobierno-acordo-congelar-el-precio-de-los-combustibles-hasta-el-31-de-octubre\\\/#respond\"]}]},{\"@type\":\"WebPage\",\"@id\":\"https:\\\/\\\/informelitoral.com.ar\\\/gobierno-acordo-congelar-el-precio-de-los-combustibles-hasta-el-31-de-octubre\\\/\",\"url\":\"https:\\\/\\\/informelitoral.com.ar\\\/gobierno-acordo-congelar-el-precio-de-los-combustibles-hasta-el-31-de-octubre\\\/\",\"name\":\"Gobierno acord\u00f3 congelar el precio de los combustibles hasta el 31 de octubre - Informe Litoral\",\"isPartOf\":{\"@id\":\"https:\\\/\\\/informelitoral.com.ar\\\/#website\"},\"primaryImageOfPage\":{\"@id\":\"https:\\\/\\\/informelitoral.com.ar\\\/gobierno-acordo-congelar-el-precio-de-los-combustibles-hasta-el-31-de-octubre\\\/#primaryimage\"},\"image\":{\"@id\":\"https:\\\/\\\/informelitoral.com.ar\\\/gobierno-acordo-congelar-el-precio-de-los-combustibles-hasta-el-31-de-octubre\\\/#primaryimage\"},\"thumbnailUrl\":\"https:\\\/\\\/informelitoral.com.ar\\\/%77%70%2d%63%6f%6e%74%65%6e%74\\\/uploads\\\/2022\\\/11\\\/precio-combustibles_2110232_20220801072103.jpg\",\"datePublished\":\"2023-08-18T11:07:38+00:00\",\"dateModified\":\"2023-08-19T01:27:37+00:00\",\"breadcrumb\":{\"@id\":\"https:\\\/\\\/informelitoral.com.ar\\\/gobierno-acordo-congelar-el-precio-de-los-combustibles-hasta-el-31-de-octubre\\\/#breadcrumb\"},\"inLanguage\":\"es\",\"potentialAction\":[{\"@type\":\"ReadAction\",\"target\":[\"https:\\\/\\\/informelitoral.com.ar\\\/gobierno-acordo-congelar-el-precio-de-los-combustibles-hasta-el-31-de-octubre\\\/\"]}]},{\"@type\":\"ImageObject\",\"inLanguage\":\"es\",\"@id\":\"https:\\\/\\\/informelitoral.com.ar\\\/gobierno-acordo-congelar-el-precio-de-los-combustibles-hasta-el-31-de-octubre\\\/#primaryimage\",\"url\":\"https:\\\/\\\/informelitoral.com.ar\\\/%77%70%2d%63%6f%6e%74%65%6e%74\\\/uploads\\\/2022\\\/11\\\/precio-combustibles_2110232_20220801072103.jpg\",\"contentUrl\":\"https:\\\/\\\/informelitoral.com.ar\\\/%77%70%2d%63%6f%6e%74%65%6e%74\\\/uploads\\\/2022\\\/11\\\/precio-combustibles_2110232_20220801072103.jpg\",\"width\":600,\"height\":370},{\"@type\":\"BreadcrumbList\",\"@id\":\"https:\\\/\\\/informelitoral.com.ar\\\/gobierno-acordo-congelar-el-precio-de-los-combustibles-hasta-el-31-de-octubre\\\/#breadcrumb\",\"itemListElement\":[{\"@type\":\"ListItem\",\"position\":1,\"name\":\"Portada\",\"item\":\"https:\\\/\\\/informelitoral.com.ar\\\/\"},{\"@type\":\"ListItem\",\"position\":2,\"name\":\"Gobierno acord\u00f3 congelar el precio de los combustibles hasta el 31 de octubre\"}]},{\"@type\":\"WebSite\",\"@id\":\"https:\\\/\\\/informelitoral.com.ar\\\/#website\",\"url\":\"https:\\\/\\\/informelitoral.com.ar\\\/\",\"name\":\"Informe Litoral\",\"description\":\"&quot;Nos informamos&quot; \",\"publisher\":{\"@id\":\"https:\\\/\\\/informelitoral.com.ar\\\/#organization\"},\"potentialAction\":[{\"@type\":\"SearchAction\",\"target\":{\"@type\":\"EntryPoint\",\"urlTemplate\":\"https:\\\/\\\/informelitoral.com.ar\\\/?s={search_term_string}\"},\"query-input\":{\"@type\":\"PropertyValueSpecification\",\"valueRequired\":true,\"valueName\":\"search_term_string\"}}],\"inLanguage\":\"es\"},{\"@type\":\"Organization\",\"@id\":\"https:\\\/\\\/informelitoral.com.ar\\\/#organization\",\"name\":\"Informe Litoral\",\"url\":\"https:\\\/\\\/informelitoral.com.ar\\\/\",\"logo\":{\"@type\":\"ImageObject\",\"inLanguage\":\"es\",\"@id\":\"https:\\\/\\\/informelitoral.com.ar\\\/#\\\/schema\\\/logo\\\/image\\\/\",\"url\":\"https:\\\/\\\/informelitoral.com.ar\\\/%77%70%2d%63%6f%6e%74%65%6e%74\\\/uploads\\\/2021\\\/01\\\/circulo.png\",\"contentUrl\":\"https:\\\/\\\/informelitoral.com.ar\\\/%77%70%2d%63%6f%6e%74%65%6e%74\\\/uploads\\\/2021\\\/01\\\/circulo.png\",\"width\":723,\"height\":731,\"caption\":\"Informe Litoral\"},\"image\":{\"@id\":\"https:\\\/\\\/informelitoral.com.ar\\\/#\\\/schema\\\/logo\\\/image\\\/\"},\"sameAs\":[\"https:\\\/\\\/www.facebook.com\\\/informelitoral\\\/\",\"https:\\\/\\\/x.com\\\/InformeLitoral\",\"https:\\\/\\\/www.instagram.com\\\/informelitoral\\\/\",\"https:\\\/\\\/www.youtube.com\\\/channel\\\/UCua4Qvz8Icb6MYqhoq9xLXw\"]},{\"@type\":\"Person\",\"@id\":\"https:\\\/\\\/informelitoral.com.ar\\\/#\\\/schema\\\/person\\\/f05f9f461677119578717524b127d6d5\",\"name\":\"Sebastian\",\"image\":{\"@type\":\"ImageObject\",\"inLanguage\":\"es\",\"@id\":\"https:\\\/\\\/secure.gravatar.com\\\/avatar\\\/b71bf7481d447dfb9583c7f2798e7cc64de6efb9067b74633ed8c31059a3bd82?s=96&d=mm&r=g\",\"url\":\"https:\\\/\\\/secure.gravatar.com\\\/avatar\\\/b71bf7481d447dfb9583c7f2798e7cc64de6efb9067b74633ed8c31059a3bd82?s=96&d=mm&r=g\",\"contentUrl\":\"https:\\\/\\\/secure.gravatar.com\\\/avatar\\\/b71bf7481d447dfb9583c7f2798e7cc64de6efb9067b74633ed8c31059a3bd82?s=96&d=mm&r=g\",\"caption\":\"Sebastian\"},\"url\":\"https:\\\/\\\/informelitoral.com.ar\\\/author\\\/sebastian\\\/\"}]}<\/script>","yoast_head_json":{"title":"Gobierno acord\u00f3 congelar el precio de los combustibles hasta el 31 de octubre - Informe Litoral","robots":{"index":"index","follow":"follow","max-snippet":"max-snippet:-1","max-image-preview":"max-image-preview:large","max-video-preview":"max-video-preview:-1"},"canonical":"https:\/\/informelitoral.com.ar\/gobierno-acordo-congelar-el-precio-de-los-combustibles-hasta-el-31-de-octubre\/","og_locale":"es_ES","og_type":"article","og_title":"Gobierno acord\u00f3 congelar el precio de los combustibles hasta el 31 de octubre - Informe Litoral","og_description":"El Ministro de Econom\u00eda, Sergio Massa, anunci\u00f3 que el gobierno lleg\u00f3 a un acuerdo con las empresas petroleras y se congelar\u00e1n los precios de los combustibles hasta el 31 de octubre.","og_url":"https:\/\/informelitoral.com.ar\/gobierno-acordo-congelar-el-precio-de-los-combustibles-hasta-el-31-de-octubre\/","og_site_name":"Informe Litoral","article_publisher":"https:\/\/www.facebook.com\/informelitoral\/","article_published_time":"2023-08-18T11:07:38+00:00","article_modified_time":"2023-08-19T01:27:37+00:00","og_image":[{"width":600,"height":370,"url":"https:\/\/informelitoral.com.ar\/%77%70%2d%63%6f%6e%74%65%6e%74\/uploads\/2022\/11\/precio-combustibles_2110232_20220801072103.jpg","type":"image\/jpeg"}],"author":"Sebastian","twitter_card":"summary_large_image","twitter_creator":"@InformeLitoral","twitter_site":"@InformeLitoral","twitter_misc":{"Escrito por":"Sebastian","Tiempo de lectura":"2 minutos"},"schema":{"@context":"https:\/\/schema.org","@graph":[{"@type":"Article","@id":"https:\/\/informelitoral.com.ar\/gobierno-acordo-congelar-el-precio-de-los-combustibles-hasta-el-31-de-octubre\/#article","isPartOf":{"@id":"https:\/\/informelitoral.com.ar\/gobierno-acordo-congelar-el-precio-de-los-combustibles-hasta-el-31-de-octubre\/"},"author":{"name":"Sebastian","@id":"https:\/\/informelitoral.com.ar\/#\/schema\/person\/f05f9f461677119578717524b127d6d5"},"headline":"Gobierno acord\u00f3 congelar el precio de los combustibles hasta el 31 de octubre","datePublished":"2023-08-18T11:07:38+00:00","dateModified":"2023-08-19T01:27:37+00:00","mainEntityOfPage":{"@id":"https:\/\/informelitoral.com.ar\/gobierno-acordo-congelar-el-precio-de-los-combustibles-hasta-el-31-de-octubre\/"},"wordCount":364,"commentCount":0,"publisher":{"@id":"https:\/\/informelitoral.com.ar\/#organization"},"image":{"@id":"https:\/\/informelitoral.com.ar\/gobierno-acordo-congelar-el-precio-de-los-combustibles-hasta-el-31-de-octubre\/#primaryimage"},"thumbnailUrl":"https:\/\/informelitoral.com.ar\/%77%70%2d%63%6f%6e%74%65%6e%74\/uploads\/2022\/11\/precio-combustibles_2110232_20220801072103.jpg","keywords":["Acuerdo","Aumento","Combustibles","Nafta","Precio","Sergio Massa"],"articleSection":["Econom\u00eda","Nacionales"],"inLanguage":"es","potentialAction":[{"@type":"CommentAction","name":"Comment","target":["https:\/\/informelitoral.com.ar\/gobierno-acordo-congelar-el-precio-de-los-combustibles-hasta-el-31-de-octubre\/#respond"]}]},{"@type":"WebPage","@id":"https:\/\/informelitoral.com.ar\/gobierno-acordo-congelar-el-precio-de-los-combustibles-hasta-el-31-de-octubre\/","url":"https:\/\/informelitoral.com.ar\/gobierno-acordo-congelar-el-precio-de-los-combustibles-hasta-el-31-de-octubre\/","name":"Gobierno acord\u00f3 congelar el precio de los combustibles hasta el 31 de octubre - Informe Litoral","isPartOf":{"@id":"https:\/\/informelitoral.com.ar\/#website"},"primaryImageOfPage":{"@id":"https:\/\/informelitoral.com.ar\/gobierno-acordo-congelar-el-precio-de-los-combustibles-hasta-el-31-de-octubre\/#primaryimage"},"image":{"@id":"https:\/\/informelitoral.com.ar\/gobierno-acordo-congelar-el-precio-de-los-combustibles-hasta-el-31-de-octubre\/#primaryimage"},"thumbnailUrl":"https:\/\/informelitoral.com.ar\/%77%70%2d%63%6f%6e%74%65%6e%74\/uploads\/2022\/11\/precio-combustibles_2110232_20220801072103.jpg","datePublished":"2023-08-18T11:07:38+00:00","dateModified":"2023-08-19T01:27:37+00:00","breadcrumb":{"@id":"https:\/\/informelitoral.com.ar\/gobierno-acordo-congelar-el-precio-de-los-combustibles-hasta-el-31-de-octubre\/#breadcrumb"},"inLanguage":"es","potentialAction":[{"@type":"ReadAction","target":["https:\/\/informelitoral.com.ar\/gobierno-acordo-congelar-el-precio-de-los-combustibles-hasta-el-31-de-octubre\/"]}]},{"@type":"ImageObject","inLanguage":"es","@id":"https:\/\/informelitoral.com.ar\/gobierno-acordo-congelar-el-precio-de-los-combustibles-hasta-el-31-de-octubre\/#primaryimage","url":"https:\/\/informelitoral.com.ar\/%77%70%2d%63%6f%6e%74%65%6e%74\/uploads\/2022\/11\/precio-combustibles_2110232_20220801072103.jpg","contentUrl":"https:\/\/informelitoral.com.ar\/%77%70%2d%63%6f%6e%74%65%6e%74\/uploads\/2022\/11\/precio-combustibles_2110232_20220801072103.jpg","width":600,"height":370},{"@type":"BreadcrumbList","@id":"https:\/\/informelitoral.com.ar\/gobierno-acordo-congelar-el-precio-de-los-combustibles-hasta-el-31-de-octubre\/#breadcrumb","itemListElement":[{"@type":"ListItem","position":1,"name":"Portada","item":"https:\/\/informelitoral.com.ar\/"},{"@type":"ListItem","position":2,"name":"Gobierno acord\u00f3 congelar el precio de los combustibles hasta el 31 de octubre"}]},{"@type":"WebSite","@id":"https:\/\/informelitoral.com.ar\/#website","url":"https:\/\/informelitoral.com.ar\/","name":"Informe Litoral","description":"&quot;Nos informamos&quot; ","publisher":{"@id":"https:\/\/informelitoral.com.ar\/#organization"},"potentialAction":[{"@type":"SearchAction","target":{"@type":"EntryPoint","urlTemplate":"https:\/\/informelitoral.com.ar\/?s={search_term_string}"},"query-input":{"@type":"PropertyValueSpecification","valueRequired":true,"valueName":"search_term_string"}}],"inLanguage":"es"},{"@type":"Organization","@id":"https:\/\/informelitoral.com.ar\/#organization","name":"Informe Litoral","url":"https:\/\/informelitoral.com.ar\/","logo":{"@type":"ImageObject","inLanguage":"es","@id":"https:\/\/informelitoral.com.ar\/#\/schema\/logo\/image\/","url":"https:\/\/informelitoral.com.ar\/%77%70%2d%63%6f%6e%74%65%6e%74\/uploads\/2021\/01\/circulo.png","contentUrl":"https:\/\/informelitoral.com.ar\/%77%70%2d%63%6f%6e%74%65%6e%74\/uploads\/2021\/01\/circulo.png","width":723,"height":731,"caption":"Informe Litoral"},"image":{"@id":"https:\/\/informelitoral.com.ar\/#\/schema\/logo\/image\/"},"sameAs":["https:\/\/www.facebook.com\/informelitoral\/","https:\/\/x.com\/InformeLitoral","https:\/\/www.instagram.com\/informelitoral\/","https:\/\/www.youtube.com\/channel\/UCua4Qvz8Icb6MYqhoq9xLXw"]},{"@type":"Person","@id":"https:\/\/informelitoral.com.ar\/#\/schema\/person\/f05f9f461677119578717524b127d6d5","name":"Sebastian","image":{"@type":"ImageObject","inLanguage":"es","@id":"https:\/\/secure.gravatar.com\/avatar\/b71bf7481d447dfb9583c7f2798e7cc64de6efb9067b74633ed8c31059a3bd82?s=96&d=mm&r=g","url":"https:\/\/secure.gravatar.com\/avatar\/b71bf7481d447dfb9583c7f2798e7cc64de6efb9067b74633ed8c31059a3bd82?s=96&d=mm&r=g","contentUrl":"https:\/\/secure.gravatar.com\/avatar\/b71bf7481d447dfb9583c7f2798e7cc64de6efb9067b74633ed8c31059a3bd82?s=96&d=mm&r=g","caption":"Sebastian"},"url":"https:\/\/informelitoral.com.ar\/author\/sebastian\/"}]}},"_links":{"self":[{"href":"https:\/\/informelitoral.com.ar\/%77%70%2d%6a%73%6f%6e\/wp\/v2\/posts\/162250","targetHints":{"allow":["GET"]}}],"collection":[{"href":"https:\/\/informelitoral.com.ar\/%77%70%2d%6a%73%6f%6e\/wp\/v2\/posts"}],"about":[{"href":"https:\/\/informelitoral.com.ar\/%77%70%2d%6a%73%6f%6e\/wp\/v2\/types\/post"}],"author":[{"embeddable":true,"href":"https:\/\/informelitoral.com.ar\/%77%70%2d%6a%73%6f%6e\/wp\/v2\/users\/8"}],"replies":[{"embeddable":true,"href":"https:\/\/informelitoral.com.ar\/%77%70%2d%6a%73%6f%6e\/wp\/v2\/comments?post=162250"}],"version-history":[{"count":0,"href":"https:\/\/informelitoral.com.ar\/%77%70%2d%6a%73%6f%6e\/wp\/v2\/posts\/162250\/revisions"}],"wp:featuredmedia":[{"embeddable":true,"href":"https:\/\/informelitoral.com.ar\/%77%70%2d%6a%73%6f%6e\/wp\/v2\/media\/92594"}],"wp:attachment":[{"href":"https:\/\/informelitoral.com.ar\/%77%70%2d%6a%73%6f%6e\/wp\/v2\/media?parent=162250"}],"wp:term":[{"taxonomy":"category","embeddable":true,"href":"https:\/\/informelitoral.com.ar\/%77%70%2d%6a%73%6f%6e\/wp\/v2\/categories?post=162250"},{"taxonomy":"post_tag","embeddable":true,"href":"https:\/\/informelitoral.com.ar\/%77%70%2d%6a%73%6f%6e\/wp\/v2\/tags?post=162250"}],"curies":[{"name":"wp","href":"https:\/\/api.w.org\/{rel}","templated":true}]}}