{"id":16223,"date":"2016-05-24T08:02:03","date_gmt":"2016-05-24T11:02:03","guid":{"rendered":"http:\/\/www.isletasnoticias.com.ar\/?p=16223"},"modified":"2016-05-24T08:02:03","modified_gmt":"2016-05-24T11:02:03","slug":"bordet-explico-que-se-proyecta-segmentar-por-regiones-los-costos-de-energia-para-morigerar-su-impacto","status":"publish","type":"post","link":"https:\/\/informelitoral.com.ar\/bordet-explico-que-se-proyecta-segmentar-por-regiones-los-costos-de-energia-para-morigerar-su-impacto\/","title":{"rendered":"Bordet explic\u00f3 que se proyecta segmentar por regiones los costos de energ\u00eda para morigerar su impacto"},"content":{"rendered":"<div class=\"interior-bajada\"><strong>El objetivo es morigerar el impacto generado por el aumento de los servicios de gas y electricidad, tanto en el sector productivo como domiciliario. As\u00ed lo plante\u00f3 <em>Gustavo Bordet<\/em> \u00a0en la reuni\u00f3n que los gobernadores de todas las provincias mantuvieron el lunes con los ministro del Interior, <em>Rogelio Frigerio<\/em>, y de Energ\u00eda, <em>Juan Carlos Aranguren<\/em>, en el Ministerio del Econom\u00eda de la Naci\u00f3n.<a href=\"http:\/\/www.isletasnoticias.com.ar\/%77%70%2d%63%6f%6e%74%65%6e%74\/uploads\/2016\/05\/b_1464044346.jpg\"><img loading=\"lazy\" decoding=\"async\" class=\"aligncenter wp-image-16224 size-full\" src=\"http:\/\/www.isletasnoticias.com.ar\/%77%70%2d%63%6f%6e%74%65%6e%74\/uploads\/2016\/05\/b_1464044346.jpg\" alt=\"b_1464044346\" width=\"492\" height=\"320\" srcset=\"https:\/\/informelitoral.com.ar\/%77%70%2d%63%6f%6e%74%65%6e%74\/uploads\/2016\/05\/b_1464044346.jpg 492w, https:\/\/informelitoral.com.ar\/%77%70%2d%63%6f%6e%74%65%6e%74\/uploads\/2016\/05\/b_1464044346-300x195.jpg 300w\" sizes=\"auto, (max-width: 492px) 100vw, 492px\" \/><\/a><\/strong>El mandatario entrerriano record\u00f3 que la reuni\u00f3n del lunes fue solicitada por los gobernadores al ministro Frigerio durante el encuentro mantenido las semana pasada en C\u00f3rdoba, con el objetivo de evaluar con la cartera de Energ\u00eda situaciones diferentes que se presentan en cada provincia, pero que tienen un com\u00fan denominador que es el aumento de los cuadros tarifarios, algunos que se producen en el gas y otros por la quita de subsidios en la energ\u00eda el\u00e9ctrica.<\/div>\n<div class=\"interior-texto\">\n\u201cHa sido una reuni\u00f3n muy importante porque pudimos plantear las particularidades que tiene cada regi\u00f3n del pa\u00eds. No es lo mismo lo que ocurre en la Patagonia, en el NEA, en el NOA o en la zona de Cuyo\u201d, indic\u00f3 el mandatario y explic\u00f3 que se planea abarcar por regiones en el pa\u00eds la realidad tanto en el tema de gas como de electricidad.<\/p>\n<p>\u201cHay diferencias entre provincias que son gas\u00edferas, como en el caso de la Patagonia; otras que son estrictamente electrointensivas, que no tienen gas natural; y otras como Entre R\u00edos que tiene un mix, con gas natural y tambi\u00e9n donde la electricidad es importante. Entonces, hablamos de tener una mesa que pueda corregir las distorsiones que se presenten, que morigeren los aumentos y que no produzcan inequidades\u201d, explic\u00f3 Bordet.<\/p>\n<p>Inform\u00f3 que en el encuentro se acordaron algunas decisiones, como subir el subsidio de la tarifa social de 150 a 300 kilovatios para este invierno en las zonas que son estrictamente electrointensivas, y aplicar topes en las zonas gas\u00edferas para que el incremento no sea mayor al 400 por ciento respecto del resto de la provincia. Dijo que tambi\u00e9n se analiz\u00f3 que haya en todo el pa\u00eds un diferimiento en las facturas de gas para el comercio, la industria y el sector de turismo, y apunt\u00f3 que seguramente \u201cir\u00e1n surgiendo en los pr\u00f3ximas d\u00edas otras cuestiones que se podr\u00e1n ir corrigiendo y morigerando, tambi\u00e9n pensando que en provincias como las nuestras del Litoral hay que anticiparse a lo que vendr\u00e1 en el verano en lo cual estaremos trabajando para que impacte de la menor manera en los sectores productivos, de servicios tur\u00edsticos, comerciales y residenciales\u201d, dijo el gobernador.<\/p>\n<p>Destac\u00f3 adem\u00e1s la \u201cmuy buena voluntad\u201d que hubo de ambas partes para trabajar en esta situaci\u00f3n y apunt\u00f3: \u201cNosotros estamos en la apuesta de encontrar las mejores condiciones de gobernabilidad que nos permiten sustentar nuestras gestiones, pero fundamentalmente que no se aumente un costo desmedido sobre los vecinos de cada una de las provincias\u201d, indic\u00f3.<\/p>\n<p>Adelant\u00f3 que desde la semana pr\u00f3xima se continuar\u00e1 trabajando por regiones, con rondas de reuniones espec\u00edficas debido a las diferencias que existen en cada una, y apunt\u00f3 que ello \u201camerita tener un tratamiento circunscripto a lo que ocurre en cada regi\u00f3n\u201d.<\/p>\n<p>Por otro lado, dimension\u00f3 la incidencia que los aumentos han tenido en Entre R\u00edos, tanto en el bolsillo del consumidor domiciliario como en el sector de la producci\u00f3n, \u201cya que la electricidad es un componente sumamente importante para todo el proceso productivo y para alimentar las cadenas de valor\u201d.<\/p>\n<p>\u201cNosotros vemos esto con preocupaci\u00f3n y consideramos poder analizar en forma pormenorizada, tomando distintos segmentos para poder sustentar las distintas actividades, sobre todos los que agregan valor en procesos industriales. Hacemos planteos puntuales de provincias como la nuestra, de la Mesopotamia, que venimos tambi\u00e9n de una crisis que se produjo por las contingencias meteorol\u00f3gicas, y ver c\u00f3mo hacer para que esto impacte lo menos posible tanto en los servicios de producci\u00f3n como en el bolsillo del consumidor\u201d, explic\u00f3 Bordet.<\/p>\n<p>Detall\u00f3 que el aumento tarifario incide en los costos productivos y comerciales y luego se traslada a los precios, pero que tambi\u00e9n genera la p\u00e9rdida de competitividad en los productos de la oferta exportable que tiene Entre R\u00edos, como son los casos de las industrias av\u00edcola y las derivadas del porcino o del sector l\u00e1cteo, entre otras.<\/p><\/div>\n","protected":false},"excerpt":{"rendered":"<p>El objetivo es morigerar el impacto generado por el aumento de los servicios de gas y electricidad, tanto en el sector productivo como domiciliario. As&iacute; lo plante&oacute; Gustavo Bordet &nbsp;en la reuni&oacute;n que los gobernadores de todas las provincias mantuvieron el lunes con los ministro del Interior, Rogelio Frigerio, y de Energ&iacute;a, Juan Carlos Aranguren, [&hellip;]<\/p>\n","protected":false},"author":2,"featured_media":0,"comment_status":"open","ping_status":"open","sticky":false,"template":"","format":"standard","meta":{"fifu_image_url":"","fifu_image_alt":"","footnotes":""},"categories":[6,16],"tags":[],"class_list":{"0":"post-16223","1":"post","2":"type-post","3":"status-publish","4":"format-standard","6":"category-entre-rios","7":"category-politi"},"yoast_head":"<title>Bordet explic\u00f3 que se proyecta segmentar por regiones los costos de energ\u00eda para morigerar su impacto - Informe Litoral<\/title>\n<meta name=\"robots\" content=\"index, follow, max-snippet:-1, max-image-preview:large, max-video-preview:-1\" \/>\n<link rel=\"canonical\" href=\"https:\/\/informelitoral.com.ar\/bordet-explico-que-se-proyecta-segmentar-por-regiones-los-costos-de-energia-para-morigerar-su-impacto\/\" \/>\n<meta property=\"og:locale\" content=\"es_ES\" \/>\n<meta property=\"og:type\" content=\"article\" \/>\n<meta property=\"og:title\" content=\"Bordet explic\u00f3 que se proyecta segmentar por regiones los costos de energ\u00eda para morigerar su impacto - Informe Litoral\" \/>\n<meta property=\"og:description\" content=\"El objetivo es morigerar el impacto generado por el aumento de los servicios de gas y electricidad, tanto en el sector productivo como domiciliario. As&iacute; lo plante&oacute; Gustavo Bordet &nbsp;en la reuni&oacute;n que los gobernadores de todas las provincias mantuvieron el lunes con los ministro del Interior, Rogelio Frigerio, y de Energ&iacute;a, Juan Carlos Aranguren, [&hellip;]\" \/>\n<meta property=\"og:url\" content=\"https:\/\/informelitoral.com.ar\/bordet-explico-que-se-proyecta-segmentar-por-regiones-los-costos-de-energia-para-morigerar-su-impacto\/\" \/>\n<meta property=\"og:site_name\" content=\"Informe Litoral\" \/>\n<meta property=\"article:publisher\" content=\"https:\/\/www.facebook.com\/informelitoral\/\" \/>\n<meta property=\"article:published_time\" content=\"2016-05-24T11:02:03+00:00\" \/>\n<meta property=\"og:image\" content=\"https:\/\/informelitoral.com.ar\/%77%70%2d%63%6f%6e%74%65%6e%74\/uploads\/2016\/05\/b_1464044346.jpg\" \/>\n\t<meta property=\"og:image:width\" content=\"492\" \/>\n\t<meta property=\"og:image:height\" content=\"320\" \/>\n\t<meta property=\"og:image:type\" content=\"image\/jpeg\" \/>\n<meta name=\"author\" content=\"Gonzalo Schmidt\" \/>\n<meta name=\"twitter:card\" content=\"summary_large_image\" \/>\n<meta name=\"twitter:creator\" content=\"@InformeLitoral\" \/>\n<meta name=\"twitter:site\" content=\"@InformeLitoral\" \/>\n<meta name=\"twitter:label1\" content=\"Escrito por\" \/>\n\t<meta name=\"twitter:data1\" content=\"Gonzalo Schmidt\" \/>\n\t<meta name=\"twitter:label2\" content=\"Tiempo de lectura\" \/>\n\t<meta name=\"twitter:data2\" content=\"4 minutos\" \/>\n<script type=\"application\/ld+json\" class=\"yoast-schema-graph\">{\"@context\":\"https:\\\/\\\/schema.org\",\"@graph\":[{\"@type\":\"Article\",\"@id\":\"https:\\\/\\\/informelitoral.com.ar\\\/bordet-explico-que-se-proyecta-segmentar-por-regiones-los-costos-de-energia-para-morigerar-su-impacto\\\/#article\",\"isPartOf\":{\"@id\":\"https:\\\/\\\/informelitoral.com.ar\\\/bordet-explico-que-se-proyecta-segmentar-por-regiones-los-costos-de-energia-para-morigerar-su-impacto\\\/\"},\"author\":{\"name\":\"Gonzalo Schmidt\",\"@id\":\"https:\\\/\\\/informelitoral.com.ar\\\/#\\\/schema\\\/person\\\/b9d00407c836482871ef1d57bf8e3180\"},\"headline\":\"Bordet explic\u00f3 que se proyecta segmentar por regiones los costos de energ\u00eda para morigerar su impacto\",\"datePublished\":\"2016-05-24T11:02:03+00:00\",\"mainEntityOfPage\":{\"@id\":\"https:\\\/\\\/informelitoral.com.ar\\\/bordet-explico-que-se-proyecta-segmentar-por-regiones-los-costos-de-energia-para-morigerar-su-impacto\\\/\"},\"wordCount\":757,\"commentCount\":0,\"publisher\":{\"@id\":\"https:\\\/\\\/informelitoral.com.ar\\\/#organization\"},\"image\":{\"@id\":\"https:\\\/\\\/informelitoral.com.ar\\\/bordet-explico-que-se-proyecta-segmentar-por-regiones-los-costos-de-energia-para-morigerar-su-impacto\\\/#primaryimage\"},\"thumbnailUrl\":\"http:\\\/\\\/www.isletasnoticias.com.ar\\\/%77%70%2d%63%6f%6e%74%65%6e%74\\\/uploads\\\/2016\\\/05\\\/b_1464044346.jpg\",\"articleSection\":[\"Entre R\u00edos\",\"Politica\"],\"inLanguage\":\"es\",\"potentialAction\":[{\"@type\":\"CommentAction\",\"name\":\"Comment\",\"target\":[\"https:\\\/\\\/informelitoral.com.ar\\\/bordet-explico-que-se-proyecta-segmentar-por-regiones-los-costos-de-energia-para-morigerar-su-impacto\\\/#respond\"]}]},{\"@type\":\"WebPage\",\"@id\":\"https:\\\/\\\/informelitoral.com.ar\\\/bordet-explico-que-se-proyecta-segmentar-por-regiones-los-costos-de-energia-para-morigerar-su-impacto\\\/\",\"url\":\"https:\\\/\\\/informelitoral.com.ar\\\/bordet-explico-que-se-proyecta-segmentar-por-regiones-los-costos-de-energia-para-morigerar-su-impacto\\\/\",\"name\":\"Bordet explic\u00f3 que se proyecta segmentar por regiones los costos de energ\u00eda para morigerar su impacto - Informe Litoral\",\"isPartOf\":{\"@id\":\"https:\\\/\\\/informelitoral.com.ar\\\/#website\"},\"primaryImageOfPage\":{\"@id\":\"https:\\\/\\\/informelitoral.com.ar\\\/bordet-explico-que-se-proyecta-segmentar-por-regiones-los-costos-de-energia-para-morigerar-su-impacto\\\/#primaryimage\"},\"image\":{\"@id\":\"https:\\\/\\\/informelitoral.com.ar\\\/bordet-explico-que-se-proyecta-segmentar-por-regiones-los-costos-de-energia-para-morigerar-su-impacto\\\/#primaryimage\"},\"thumbnailUrl\":\"http:\\\/\\\/www.isletasnoticias.com.ar\\\/%77%70%2d%63%6f%6e%74%65%6e%74\\\/uploads\\\/2016\\\/05\\\/b_1464044346.jpg\",\"datePublished\":\"2016-05-24T11:02:03+00:00\",\"breadcrumb\":{\"@id\":\"https:\\\/\\\/informelitoral.com.ar\\\/bordet-explico-que-se-proyecta-segmentar-por-regiones-los-costos-de-energia-para-morigerar-su-impacto\\\/#breadcrumb\"},\"inLanguage\":\"es\",\"potentialAction\":[{\"@type\":\"ReadAction\",\"target\":[\"https:\\\/\\\/informelitoral.com.ar\\\/bordet-explico-que-se-proyecta-segmentar-por-regiones-los-costos-de-energia-para-morigerar-su-impacto\\\/\"]}]},{\"@type\":\"ImageObject\",\"inLanguage\":\"es\",\"@id\":\"https:\\\/\\\/informelitoral.com.ar\\\/bordet-explico-que-se-proyecta-segmentar-por-regiones-los-costos-de-energia-para-morigerar-su-impacto\\\/#primaryimage\",\"url\":\"http:\\\/\\\/www.isletasnoticias.com.ar\\\/%77%70%2d%63%6f%6e%74%65%6e%74\\\/uploads\\\/2016\\\/05\\\/b_1464044346.jpg\",\"contentUrl\":\"http:\\\/\\\/www.isletasnoticias.com.ar\\\/%77%70%2d%63%6f%6e%74%65%6e%74\\\/uploads\\\/2016\\\/05\\\/b_1464044346.jpg\"},{\"@type\":\"BreadcrumbList\",\"@id\":\"https:\\\/\\\/informelitoral.com.ar\\\/bordet-explico-que-se-proyecta-segmentar-por-regiones-los-costos-de-energia-para-morigerar-su-impacto\\\/#breadcrumb\",\"itemListElement\":[{\"@type\":\"ListItem\",\"position\":1,\"name\":\"Portada\",\"item\":\"https:\\\/\\\/informelitoral.com.ar\\\/\"},{\"@type\":\"ListItem\",\"position\":2,\"name\":\"Bordet explic\u00f3 que se proyecta segmentar por regiones los costos de energ\u00eda para morigerar su impacto\"}]},{\"@type\":\"WebSite\",\"@id\":\"https:\\\/\\\/informelitoral.com.ar\\\/#website\",\"url\":\"https:\\\/\\\/informelitoral.com.ar\\\/\",\"name\":\"Informe Litoral\",\"description\":\"&quot;Nos informamos&quot; \",\"publisher\":{\"@id\":\"https:\\\/\\\/informelitoral.com.ar\\\/#organization\"},\"potentialAction\":[{\"@type\":\"SearchAction\",\"target\":{\"@type\":\"EntryPoint\",\"urlTemplate\":\"https:\\\/\\\/informelitoral.com.ar\\\/?s={search_term_string}\"},\"query-input\":{\"@type\":\"PropertyValueSpecification\",\"valueRequired\":true,\"valueName\":\"search_term_string\"}}],\"inLanguage\":\"es\"},{\"@type\":\"Organization\",\"@id\":\"https:\\\/\\\/informelitoral.com.ar\\\/#organization\",\"name\":\"Informe Litoral\",\"url\":\"https:\\\/\\\/informelitoral.com.ar\\\/\",\"logo\":{\"@type\":\"ImageObject\",\"inLanguage\":\"es\",\"@id\":\"https:\\\/\\\/informelitoral.com.ar\\\/#\\\/schema\\\/logo\\\/image\\\/\",\"url\":\"https:\\\/\\\/informelitoral.com.ar\\\/%77%70%2d%63%6f%6e%74%65%6e%74\\\/uploads\\\/2021\\\/01\\\/circulo.png\",\"contentUrl\":\"https:\\\/\\\/informelitoral.com.ar\\\/%77%70%2d%63%6f%6e%74%65%6e%74\\\/uploads\\\/2021\\\/01\\\/circulo.png\",\"width\":723,\"height\":731,\"caption\":\"Informe Litoral\"},\"image\":{\"@id\":\"https:\\\/\\\/informelitoral.com.ar\\\/#\\\/schema\\\/logo\\\/image\\\/\"},\"sameAs\":[\"https:\\\/\\\/www.facebook.com\\\/informelitoral\\\/\",\"https:\\\/\\\/x.com\\\/InformeLitoral\",\"https:\\\/\\\/www.instagram.com\\\/informelitoral\\\/\",\"https:\\\/\\\/www.youtube.com\\\/channel\\\/UCua4Qvz8Icb6MYqhoq9xLXw\"]},{\"@type\":\"Person\",\"@id\":\"https:\\\/\\\/informelitoral.com.ar\\\/#\\\/schema\\\/person\\\/b9d00407c836482871ef1d57bf8e3180\",\"name\":\"Gonzalo Schmidt\",\"image\":{\"@type\":\"ImageObject\",\"inLanguage\":\"es\",\"@id\":\"https:\\\/\\\/secure.gravatar.com\\\/avatar\\\/31a1a7b66ff2de83bd0e9fd79d026630d2d99e55e8bfe501287647b4fd9743de?s=96&d=mm&r=g\",\"url\":\"https:\\\/\\\/secure.gravatar.com\\\/avatar\\\/31a1a7b66ff2de83bd0e9fd79d026630d2d99e55e8bfe501287647b4fd9743de?s=96&d=mm&r=g\",\"contentUrl\":\"https:\\\/\\\/secure.gravatar.com\\\/avatar\\\/31a1a7b66ff2de83bd0e9fd79d026630d2d99e55e8bfe501287647b4fd9743de?s=96&d=mm&r=g\",\"caption\":\"Gonzalo Schmidt\"},\"description\":\"Sitio web de noticias de la provincia de Entre R\u00edos, Argentina. Informaci\u00f3n y entretenimiento. Informe Litoral, nos informamos.\",\"sameAs\":[\"http:\\\/\\\/www.isletasnoticias.com.ar\"],\"url\":\"https:\\\/\\\/informelitoral.com.ar\\\/author\\\/gonzalo\\\/\"}]}<\/script>","yoast_head_json":{"title":"Bordet explic\u00f3 que se proyecta segmentar por regiones los costos de energ\u00eda para morigerar su impacto - Informe Litoral","robots":{"index":"index","follow":"follow","max-snippet":"max-snippet:-1","max-image-preview":"max-image-preview:large","max-video-preview":"max-video-preview:-1"},"canonical":"https:\/\/informelitoral.com.ar\/bordet-explico-que-se-proyecta-segmentar-por-regiones-los-costos-de-energia-para-morigerar-su-impacto\/","og_locale":"es_ES","og_type":"article","og_title":"Bordet explic\u00f3 que se proyecta segmentar por regiones los costos de energ\u00eda para morigerar su impacto - Informe Litoral","og_description":"El objetivo es morigerar el impacto generado por el aumento de los servicios de gas y electricidad, tanto en el sector productivo como domiciliario. As&iacute; lo plante&oacute; Gustavo Bordet &nbsp;en la reuni&oacute;n que los gobernadores de todas las provincias mantuvieron el lunes con los ministro del Interior, Rogelio Frigerio, y de Energ&iacute;a, Juan Carlos Aranguren, [&hellip;]","og_url":"https:\/\/informelitoral.com.ar\/bordet-explico-que-se-proyecta-segmentar-por-regiones-los-costos-de-energia-para-morigerar-su-impacto\/","og_site_name":"Informe Litoral","article_publisher":"https:\/\/www.facebook.com\/informelitoral\/","article_published_time":"2016-05-24T11:02:03+00:00","og_image":[{"width":492,"height":320,"url":"https:\/\/informelitoral.com.ar\/%77%70%2d%63%6f%6e%74%65%6e%74\/uploads\/2016\/05\/b_1464044346.jpg","type":"image\/jpeg"}],"author":"Gonzalo Schmidt","twitter_card":"summary_large_image","twitter_creator":"@InformeLitoral","twitter_site":"@InformeLitoral","twitter_misc":{"Escrito por":"Gonzalo Schmidt","Tiempo de lectura":"4 minutos"},"schema":{"@context":"https:\/\/schema.org","@graph":[{"@type":"Article","@id":"https:\/\/informelitoral.com.ar\/bordet-explico-que-se-proyecta-segmentar-por-regiones-los-costos-de-energia-para-morigerar-su-impacto\/#article","isPartOf":{"@id":"https:\/\/informelitoral.com.ar\/bordet-explico-que-se-proyecta-segmentar-por-regiones-los-costos-de-energia-para-morigerar-su-impacto\/"},"author":{"name":"Gonzalo Schmidt","@id":"https:\/\/informelitoral.com.ar\/#\/schema\/person\/b9d00407c836482871ef1d57bf8e3180"},"headline":"Bordet explic\u00f3 que se proyecta segmentar por regiones los costos de energ\u00eda para morigerar su impacto","datePublished":"2016-05-24T11:02:03+00:00","mainEntityOfPage":{"@id":"https:\/\/informelitoral.com.ar\/bordet-explico-que-se-proyecta-segmentar-por-regiones-los-costos-de-energia-para-morigerar-su-impacto\/"},"wordCount":757,"commentCount":0,"publisher":{"@id":"https:\/\/informelitoral.com.ar\/#organization"},"image":{"@id":"https:\/\/informelitoral.com.ar\/bordet-explico-que-se-proyecta-segmentar-por-regiones-los-costos-de-energia-para-morigerar-su-impacto\/#primaryimage"},"thumbnailUrl":"http:\/\/www.isletasnoticias.com.ar\/%77%70%2d%63%6f%6e%74%65%6e%74\/uploads\/2016\/05\/b_1464044346.jpg","articleSection":["Entre R\u00edos","Politica"],"inLanguage":"es","potentialAction":[{"@type":"CommentAction","name":"Comment","target":["https:\/\/informelitoral.com.ar\/bordet-explico-que-se-proyecta-segmentar-por-regiones-los-costos-de-energia-para-morigerar-su-impacto\/#respond"]}]},{"@type":"WebPage","@id":"https:\/\/informelitoral.com.ar\/bordet-explico-que-se-proyecta-segmentar-por-regiones-los-costos-de-energia-para-morigerar-su-impacto\/","url":"https:\/\/informelitoral.com.ar\/bordet-explico-que-se-proyecta-segmentar-por-regiones-los-costos-de-energia-para-morigerar-su-impacto\/","name":"Bordet explic\u00f3 que se proyecta segmentar por regiones los costos de energ\u00eda para morigerar su impacto - Informe Litoral","isPartOf":{"@id":"https:\/\/informelitoral.com.ar\/#website"},"primaryImageOfPage":{"@id":"https:\/\/informelitoral.com.ar\/bordet-explico-que-se-proyecta-segmentar-por-regiones-los-costos-de-energia-para-morigerar-su-impacto\/#primaryimage"},"image":{"@id":"https:\/\/informelitoral.com.ar\/bordet-explico-que-se-proyecta-segmentar-por-regiones-los-costos-de-energia-para-morigerar-su-impacto\/#primaryimage"},"thumbnailUrl":"http:\/\/www.isletasnoticias.com.ar\/%77%70%2d%63%6f%6e%74%65%6e%74\/uploads\/2016\/05\/b_1464044346.jpg","datePublished":"2016-05-24T11:02:03+00:00","breadcrumb":{"@id":"https:\/\/informelitoral.com.ar\/bordet-explico-que-se-proyecta-segmentar-por-regiones-los-costos-de-energia-para-morigerar-su-impacto\/#breadcrumb"},"inLanguage":"es","potentialAction":[{"@type":"ReadAction","target":["https:\/\/informelitoral.com.ar\/bordet-explico-que-se-proyecta-segmentar-por-regiones-los-costos-de-energia-para-morigerar-su-impacto\/"]}]},{"@type":"ImageObject","inLanguage":"es","@id":"https:\/\/informelitoral.com.ar\/bordet-explico-que-se-proyecta-segmentar-por-regiones-los-costos-de-energia-para-morigerar-su-impacto\/#primaryimage","url":"http:\/\/www.isletasnoticias.com.ar\/%77%70%2d%63%6f%6e%74%65%6e%74\/uploads\/2016\/05\/b_1464044346.jpg","contentUrl":"http:\/\/www.isletasnoticias.com.ar\/%77%70%2d%63%6f%6e%74%65%6e%74\/uploads\/2016\/05\/b_1464044346.jpg"},{"@type":"BreadcrumbList","@id":"https:\/\/informelitoral.com.ar\/bordet-explico-que-se-proyecta-segmentar-por-regiones-los-costos-de-energia-para-morigerar-su-impacto\/#breadcrumb","itemListElement":[{"@type":"ListItem","position":1,"name":"Portada","item":"https:\/\/informelitoral.com.ar\/"},{"@type":"ListItem","position":2,"name":"Bordet explic\u00f3 que se proyecta segmentar por regiones los costos de energ\u00eda para morigerar su impacto"}]},{"@type":"WebSite","@id":"https:\/\/informelitoral.com.ar\/#website","url":"https:\/\/informelitoral.com.ar\/","name":"Informe Litoral","description":"&quot;Nos informamos&quot; ","publisher":{"@id":"https:\/\/informelitoral.com.ar\/#organization"},"potentialAction":[{"@type":"SearchAction","target":{"@type":"EntryPoint","urlTemplate":"https:\/\/informelitoral.com.ar\/?s={search_term_string}"},"query-input":{"@type":"PropertyValueSpecification","valueRequired":true,"valueName":"search_term_string"}}],"inLanguage":"es"},{"@type":"Organization","@id":"https:\/\/informelitoral.com.ar\/#organization","name":"Informe Litoral","url":"https:\/\/informelitoral.com.ar\/","logo":{"@type":"ImageObject","inLanguage":"es","@id":"https:\/\/informelitoral.com.ar\/#\/schema\/logo\/image\/","url":"https:\/\/informelitoral.com.ar\/%77%70%2d%63%6f%6e%74%65%6e%74\/uploads\/2021\/01\/circulo.png","contentUrl":"https:\/\/informelitoral.com.ar\/%77%70%2d%63%6f%6e%74%65%6e%74\/uploads\/2021\/01\/circulo.png","width":723,"height":731,"caption":"Informe Litoral"},"image":{"@id":"https:\/\/informelitoral.com.ar\/#\/schema\/logo\/image\/"},"sameAs":["https:\/\/www.facebook.com\/informelitoral\/","https:\/\/x.com\/InformeLitoral","https:\/\/www.instagram.com\/informelitoral\/","https:\/\/www.youtube.com\/channel\/UCua4Qvz8Icb6MYqhoq9xLXw"]},{"@type":"Person","@id":"https:\/\/informelitoral.com.ar\/#\/schema\/person\/b9d00407c836482871ef1d57bf8e3180","name":"Gonzalo Schmidt","image":{"@type":"ImageObject","inLanguage":"es","@id":"https:\/\/secure.gravatar.com\/avatar\/31a1a7b66ff2de83bd0e9fd79d026630d2d99e55e8bfe501287647b4fd9743de?s=96&d=mm&r=g","url":"https:\/\/secure.gravatar.com\/avatar\/31a1a7b66ff2de83bd0e9fd79d026630d2d99e55e8bfe501287647b4fd9743de?s=96&d=mm&r=g","contentUrl":"https:\/\/secure.gravatar.com\/avatar\/31a1a7b66ff2de83bd0e9fd79d026630d2d99e55e8bfe501287647b4fd9743de?s=96&d=mm&r=g","caption":"Gonzalo Schmidt"},"description":"Sitio web de noticias de la provincia de Entre R\u00edos, Argentina. Informaci\u00f3n y entretenimiento. Informe Litoral, nos informamos.","sameAs":["http:\/\/www.isletasnoticias.com.ar"],"url":"https:\/\/informelitoral.com.ar\/author\/gonzalo\/"}]}},"_links":{"self":[{"href":"https:\/\/informelitoral.com.ar\/%77%70%2d%6a%73%6f%6e\/wp\/v2\/posts\/16223","targetHints":{"allow":["GET"]}}],"collection":[{"href":"https:\/\/informelitoral.com.ar\/%77%70%2d%6a%73%6f%6e\/wp\/v2\/posts"}],"about":[{"href":"https:\/\/informelitoral.com.ar\/%77%70%2d%6a%73%6f%6e\/wp\/v2\/types\/post"}],"author":[{"embeddable":true,"href":"https:\/\/informelitoral.com.ar\/%77%70%2d%6a%73%6f%6e\/wp\/v2\/users\/2"}],"replies":[{"embeddable":true,"href":"https:\/\/informelitoral.com.ar\/%77%70%2d%6a%73%6f%6e\/wp\/v2\/comments?post=16223"}],"version-history":[{"count":0,"href":"https:\/\/informelitoral.com.ar\/%77%70%2d%6a%73%6f%6e\/wp\/v2\/posts\/16223\/revisions"}],"wp:attachment":[{"href":"https:\/\/informelitoral.com.ar\/%77%70%2d%6a%73%6f%6e\/wp\/v2\/media?parent=16223"}],"wp:term":[{"taxonomy":"category","embeddable":true,"href":"https:\/\/informelitoral.com.ar\/%77%70%2d%6a%73%6f%6e\/wp\/v2\/categories?post=16223"},{"taxonomy":"post_tag","embeddable":true,"href":"https:\/\/informelitoral.com.ar\/%77%70%2d%6a%73%6f%6e\/wp\/v2\/tags?post=16223"}],"curies":[{"name":"wp","href":"https:\/\/api.w.org\/{rel}","templated":true}]}}