{"id":161546,"date":"2023-08-11T08:30:23","date_gmt":"2023-08-11T11:30:23","guid":{"rendered":"https:\/\/www.informelitoral.com.ar\/?p=161546"},"modified":"2023-08-11T08:36:41","modified_gmt":"2023-08-11T11:36:41","slug":"oficializaron-el-incremento-del-piso-del-impuesto-a-las-ganancias-los-decretos","status":"publish","type":"post","link":"https:\/\/informelitoral.com.ar\/oficializaron-el-incremento-del-piso-del-impuesto-a-las-ganancias-los-decretos\/","title":{"rendered":"Oficializaron el incremento del piso del Impuesto a las Ganancias: los decretos"},"content":{"rendered":"<p>El Gobierno Nacional oficializ\u00f3 este viernes la suba del piso del Impuesto a las Ganancias 700.875 pesos que empieza a regir a partir de este mes.<br \/>\nA trav\u00e9s del Decreto 414\/2023 publicado esta madrugada en el Bolet\u00edn Oficial, se estableci\u00f3 que solo pagar\u00e1n el tributo aquellos sujetos cuyas remuneraciones sean superiores a $700.875 al mes. Asimismo, para aquellas personas que superen ese monto, \u201cpero no exceda de $808.341 mensuales, inclusive, la Administraci\u00f3n Federal de Ingresos P\u00fablicos (AFIP) ser\u00e1 la encargada de establecer el monto deducible adicional pertinente\u201d.<\/p>\n<p>\u201cPara mantener el poder adquisitivo de las y los trabajadores, elevamos el piso del Impuesto a las Ganancias a partir de agosto a $700.875 pesos. Esto permite llevar alivio fiscal a 300.000 trabajadores y trabajadoras que dejaran de pagar el impuesto\u201d, hab\u00eda anunciado d\u00edas atr\u00e1s el ministro de Econom\u00eda, Sergio Massa.<\/p>\n<p>Seg\u00fan explicaron desde la cartera conducida por el precandidato a presidente, se considerar\u00e1 la variaci\u00f3n del Remuneraci\u00f3n Imponible Promedio de los Trabajadores Estables (RIPTE) entre octubre de 2022 y febrero de 2023, que fue de 25,29%, y el aumento de este \u00edndice en un 38,45% durante marzo, abril, mayo y junio. Esta es la tercera vez en el a\u00f1o que aumenta el m\u00ednimo no imponible, ya que en enero dejaron de pagar las remuneraciones brutas mensuales que no superaban los $ 404.062; luego en mayo se subi\u00f3 a $ 506.230 y ahora vuelve a incrementarse hasta los $ 700.875.<\/p>\n<p>Se adiciona al \u201cpiso\u201d exento del impuesto el 38,45% de incremento de RIPTE. En consecuencia, no corresponder\u00e1 retenci\u00f3n alguna del Impuesto a las Ganancias cuando la remuneraci\u00f3n bruta no supere los $700.875 al mes. Si la remuneraci\u00f3n bruta del mes est\u00e1 en el rango de $700.875 y $808.101, se computar\u00e1 una deducci\u00f3n especial incrementada.<\/p>\n<p>Esta misma madrugada, mediante el Decreto 415\/2023, el Gobierno encomend\u00f3 a la AFIP incrementar en un 35% los importes de las escalas progresivas y se aplicar\u00e1 en forma retroactiva a enero de este a\u00f1o. Lo retenido de m\u00e1s de enero a julio se devuelve al empleado en dos cuotas mensuales, con los salarios de agosto y setiembre pr\u00f3ximos.<\/p>\n<p>\u201cLa suma que resulte de comparar el importe efectivamente retenido hasta la fecha de entrada en vigencia de este decreto con el que hubiera correspondido retener considerando la reducci\u00f3n de la base a la que se refiere el p\u00e1rrafo anterior, en su caso, se restituir\u00e1 de acuerdo con las modalidades y plazos que establezca esa Administraci\u00f3n Federal\u201d, se precis\u00f3 en el decreto que lleva las firmas del presidente Alberto Fern\u00e1ndez, del jefe de Gabinete Agust\u00edn Rossi, y de Massa.<\/p>\n<p>\u201cPara sostener una mejor progresividad del Impuesto, incrementamos las escalas en un 35% retroactivo a enero de este a\u00f1o, reduci\u00e9ndolo a 715.000 personas\u201d, hab\u00eda anunciado el ministro de Econom\u00eda. De esta forma m\u00e1s de un mill\u00f3n de trabajadores se ver\u00e1n beneficiados por este alivio fiscal dispuesto a trav\u00e9s de los dos decretados publicados este viernes en el Bolet\u00edn Oficial.<\/p>\n<p>En cuanto a la distribuci\u00f3n de los beneficiarios, en Econom\u00eda calculan: 435.502 corresponden a la provincia de Buenos Aires, 146.541 a la Capital Federal, 82.463 a la provincia de C\u00f3rdoba, 78.395 a la de Santa Fe, 36.448 a Mendoza, 25.778 a Entre R\u00edos, 24.099 a Tucum\u00e1n, 21.496 a Neuqu\u00e9n, 19.808 a Chubut, 17.793 a R\u00edo Negro, 13.862 a Misiones, 12.372 a La Pampa, 12.423 a Salta, 12.176 a Corrientes, 12.126 a San Juan, 10.617 a San Luis, 9.204 a Jujuy, 8.443 a Formosa, 8.257 a Chaco, 7.443 a Santiago del Estero, 7.364 a Catamarca, 6.341 a Santa Cruz, y 6.047 a La Rioja.<\/p>\n<p>\u201cMientras seguimos trabajando en la mejora del ingreso, del poder adquisitivo y de la calidad de vida de la gente, este tipo de medidas son claves para llevarles alivio fiscal y que el impuesto no afecte los aumentos salariales\u201d, remarc\u00f3 el ministro.<\/p>\n","protected":false},"excerpt":{"rendered":"<p>Estiman que representar\u00e1 un alivio fiscal para m\u00e1s de un mill\u00f3n de trabajadores. Adem\u00e1s, se incrementaron las escalas en un 35 en forma retroactiva a enero de este a\u00f1o.<\/p>\n","protected":false},"author":8,"featured_media":49380,"comment_status":"open","ping_status":"open","sticky":false,"template":"","format":"standard","meta":{"fifu_image_url":"","fifu_image_alt":"","footnotes":""},"categories":[1594,7],"tags":[158,2247],"class_list":{"0":"post-161546","1":"post","2":"type-post","3":"status-publish","4":"format-standard","5":"has-post-thumbnail","7":"category-economia","8":"category-nacionales","9":"tag-afip","10":"tag-impuesto-a-las-ganancias"},"yoast_head":"<title>Oficializaron el incremento del piso del Impuesto a las Ganancias: los decretos - Informe Litoral<\/title>\n<meta name=\"robots\" content=\"index, follow, max-snippet:-1, max-image-preview:large, max-video-preview:-1\" \/>\n<link rel=\"canonical\" href=\"https:\/\/informelitoral.com.ar\/oficializaron-el-incremento-del-piso-del-impuesto-a-las-ganancias-los-decretos\/\" \/>\n<meta property=\"og:locale\" content=\"es_ES\" \/>\n<meta property=\"og:type\" content=\"article\" \/>\n<meta property=\"og:title\" content=\"Oficializaron el incremento del piso del Impuesto a las Ganancias: los decretos - Informe Litoral\" \/>\n<meta property=\"og:description\" content=\"Estiman que representar\u00e1 un alivio fiscal para m\u00e1s de un mill\u00f3n de trabajadores. Adem\u00e1s, se incrementaron las escalas en un 35 en forma retroactiva a enero de este a\u00f1o.\" \/>\n<meta property=\"og:url\" content=\"https:\/\/informelitoral.com.ar\/oficializaron-el-incremento-del-piso-del-impuesto-a-las-ganancias-los-decretos\/\" \/>\n<meta property=\"og:site_name\" content=\"Informe Litoral\" \/>\n<meta property=\"article:publisher\" content=\"https:\/\/www.facebook.com\/informelitoral\/\" \/>\n<meta property=\"article:published_time\" content=\"2023-08-11T11:30:23+00:00\" \/>\n<meta property=\"article:modified_time\" content=\"2023-08-11T11:36:41+00:00\" \/>\n<meta property=\"og:image\" content=\"https:\/\/informelitoral.com.ar\/%77%70%2d%63%6f%6e%74%65%6e%74\/uploads\/2020\/09\/Afip.jpg\" \/>\n\t<meta property=\"og:image:width\" content=\"1330\" \/>\n\t<meta property=\"og:image:height\" content=\"880\" \/>\n\t<meta property=\"og:image:type\" content=\"image\/jpeg\" \/>\n<meta name=\"author\" content=\"Sebastian\" \/>\n<meta name=\"twitter:card\" content=\"summary_large_image\" \/>\n<meta name=\"twitter:creator\" content=\"@InformeLitoral\" \/>\n<meta name=\"twitter:site\" content=\"@InformeLitoral\" \/>\n<meta name=\"twitter:label1\" content=\"Escrito por\" \/>\n\t<meta name=\"twitter:data1\" content=\"Sebastian\" \/>\n\t<meta name=\"twitter:label2\" content=\"Tiempo de lectura\" \/>\n\t<meta name=\"twitter:data2\" content=\"3 minutos\" \/>\n<script type=\"application\/ld+json\" class=\"yoast-schema-graph\">{\"@context\":\"https:\\\/\\\/schema.org\",\"@graph\":[{\"@type\":\"Article\",\"@id\":\"https:\\\/\\\/informelitoral.com.ar\\\/oficializaron-el-incremento-del-piso-del-impuesto-a-las-ganancias-los-decretos\\\/#article\",\"isPartOf\":{\"@id\":\"https:\\\/\\\/informelitoral.com.ar\\\/oficializaron-el-incremento-del-piso-del-impuesto-a-las-ganancias-los-decretos\\\/\"},\"author\":{\"name\":\"Sebastian\",\"@id\":\"https:\\\/\\\/informelitoral.com.ar\\\/#\\\/schema\\\/person\\\/f05f9f461677119578717524b127d6d5\"},\"headline\":\"Oficializaron el incremento del piso del Impuesto a las Ganancias: los decretos\",\"datePublished\":\"2023-08-11T11:30:23+00:00\",\"dateModified\":\"2023-08-11T11:36:41+00:00\",\"mainEntityOfPage\":{\"@id\":\"https:\\\/\\\/informelitoral.com.ar\\\/oficializaron-el-incremento-del-piso-del-impuesto-a-las-ganancias-los-decretos\\\/\"},\"wordCount\":639,\"commentCount\":0,\"publisher\":{\"@id\":\"https:\\\/\\\/informelitoral.com.ar\\\/#organization\"},\"image\":{\"@id\":\"https:\\\/\\\/informelitoral.com.ar\\\/oficializaron-el-incremento-del-piso-del-impuesto-a-las-ganancias-los-decretos\\\/#primaryimage\"},\"thumbnailUrl\":\"https:\\\/\\\/informelitoral.com.ar\\\/%77%70%2d%63%6f%6e%74%65%6e%74\\\/uploads\\\/2020\\\/09\\\/Afip.jpg\",\"keywords\":[\"AFIP\",\"Impuesto a las Ganancias\"],\"articleSection\":[\"Econom\u00eda\",\"Nacionales\"],\"inLanguage\":\"es\",\"potentialAction\":[{\"@type\":\"CommentAction\",\"name\":\"Comment\",\"target\":[\"https:\\\/\\\/informelitoral.com.ar\\\/oficializaron-el-incremento-del-piso-del-impuesto-a-las-ganancias-los-decretos\\\/#respond\"]}]},{\"@type\":\"WebPage\",\"@id\":\"https:\\\/\\\/informelitoral.com.ar\\\/oficializaron-el-incremento-del-piso-del-impuesto-a-las-ganancias-los-decretos\\\/\",\"url\":\"https:\\\/\\\/informelitoral.com.ar\\\/oficializaron-el-incremento-del-piso-del-impuesto-a-las-ganancias-los-decretos\\\/\",\"name\":\"Oficializaron el incremento del piso del Impuesto a las Ganancias: los decretos - Informe Litoral\",\"isPartOf\":{\"@id\":\"https:\\\/\\\/informelitoral.com.ar\\\/#website\"},\"primaryImageOfPage\":{\"@id\":\"https:\\\/\\\/informelitoral.com.ar\\\/oficializaron-el-incremento-del-piso-del-impuesto-a-las-ganancias-los-decretos\\\/#primaryimage\"},\"image\":{\"@id\":\"https:\\\/\\\/informelitoral.com.ar\\\/oficializaron-el-incremento-del-piso-del-impuesto-a-las-ganancias-los-decretos\\\/#primaryimage\"},\"thumbnailUrl\":\"https:\\\/\\\/informelitoral.com.ar\\\/%77%70%2d%63%6f%6e%74%65%6e%74\\\/uploads\\\/2020\\\/09\\\/Afip.jpg\",\"datePublished\":\"2023-08-11T11:30:23+00:00\",\"dateModified\":\"2023-08-11T11:36:41+00:00\",\"breadcrumb\":{\"@id\":\"https:\\\/\\\/informelitoral.com.ar\\\/oficializaron-el-incremento-del-piso-del-impuesto-a-las-ganancias-los-decretos\\\/#breadcrumb\"},\"inLanguage\":\"es\",\"potentialAction\":[{\"@type\":\"ReadAction\",\"target\":[\"https:\\\/\\\/informelitoral.com.ar\\\/oficializaron-el-incremento-del-piso-del-impuesto-a-las-ganancias-los-decretos\\\/\"]}]},{\"@type\":\"ImageObject\",\"inLanguage\":\"es\",\"@id\":\"https:\\\/\\\/informelitoral.com.ar\\\/oficializaron-el-incremento-del-piso-del-impuesto-a-las-ganancias-los-decretos\\\/#primaryimage\",\"url\":\"https:\\\/\\\/informelitoral.com.ar\\\/%77%70%2d%63%6f%6e%74%65%6e%74\\\/uploads\\\/2020\\\/09\\\/Afip.jpg\",\"contentUrl\":\"https:\\\/\\\/informelitoral.com.ar\\\/%77%70%2d%63%6f%6e%74%65%6e%74\\\/uploads\\\/2020\\\/09\\\/Afip.jpg\",\"width\":1330,\"height\":880},{\"@type\":\"BreadcrumbList\",\"@id\":\"https:\\\/\\\/informelitoral.com.ar\\\/oficializaron-el-incremento-del-piso-del-impuesto-a-las-ganancias-los-decretos\\\/#breadcrumb\",\"itemListElement\":[{\"@type\":\"ListItem\",\"position\":1,\"name\":\"Portada\",\"item\":\"https:\\\/\\\/informelitoral.com.ar\\\/\"},{\"@type\":\"ListItem\",\"position\":2,\"name\":\"Oficializaron el incremento del piso del Impuesto a las Ganancias: los decretos\"}]},{\"@type\":\"WebSite\",\"@id\":\"https:\\\/\\\/informelitoral.com.ar\\\/#website\",\"url\":\"https:\\\/\\\/informelitoral.com.ar\\\/\",\"name\":\"Informe Litoral\",\"description\":\"&quot;Nos informamos&quot; \",\"publisher\":{\"@id\":\"https:\\\/\\\/informelitoral.com.ar\\\/#organization\"},\"potentialAction\":[{\"@type\":\"SearchAction\",\"target\":{\"@type\":\"EntryPoint\",\"urlTemplate\":\"https:\\\/\\\/informelitoral.com.ar\\\/?s={search_term_string}\"},\"query-input\":{\"@type\":\"PropertyValueSpecification\",\"valueRequired\":true,\"valueName\":\"search_term_string\"}}],\"inLanguage\":\"es\"},{\"@type\":\"Organization\",\"@id\":\"https:\\\/\\\/informelitoral.com.ar\\\/#organization\",\"name\":\"Informe Litoral\",\"url\":\"https:\\\/\\\/informelitoral.com.ar\\\/\",\"logo\":{\"@type\":\"ImageObject\",\"inLanguage\":\"es\",\"@id\":\"https:\\\/\\\/informelitoral.com.ar\\\/#\\\/schema\\\/logo\\\/image\\\/\",\"url\":\"https:\\\/\\\/informelitoral.com.ar\\\/%77%70%2d%63%6f%6e%74%65%6e%74\\\/uploads\\\/2021\\\/01\\\/circulo.png\",\"contentUrl\":\"https:\\\/\\\/informelitoral.com.ar\\\/%77%70%2d%63%6f%6e%74%65%6e%74\\\/uploads\\\/2021\\\/01\\\/circulo.png\",\"width\":723,\"height\":731,\"caption\":\"Informe Litoral\"},\"image\":{\"@id\":\"https:\\\/\\\/informelitoral.com.ar\\\/#\\\/schema\\\/logo\\\/image\\\/\"},\"sameAs\":[\"https:\\\/\\\/www.facebook.com\\\/informelitoral\\\/\",\"https:\\\/\\\/x.com\\\/InformeLitoral\",\"https:\\\/\\\/www.instagram.com\\\/informelitoral\\\/\",\"https:\\\/\\\/www.youtube.com\\\/channel\\\/UCua4Qvz8Icb6MYqhoq9xLXw\"]},{\"@type\":\"Person\",\"@id\":\"https:\\\/\\\/informelitoral.com.ar\\\/#\\\/schema\\\/person\\\/f05f9f461677119578717524b127d6d5\",\"name\":\"Sebastian\",\"image\":{\"@type\":\"ImageObject\",\"inLanguage\":\"es\",\"@id\":\"https:\\\/\\\/secure.gravatar.com\\\/avatar\\\/b71bf7481d447dfb9583c7f2798e7cc64de6efb9067b74633ed8c31059a3bd82?s=96&d=mm&r=g\",\"url\":\"https:\\\/\\\/secure.gravatar.com\\\/avatar\\\/b71bf7481d447dfb9583c7f2798e7cc64de6efb9067b74633ed8c31059a3bd82?s=96&d=mm&r=g\",\"contentUrl\":\"https:\\\/\\\/secure.gravatar.com\\\/avatar\\\/b71bf7481d447dfb9583c7f2798e7cc64de6efb9067b74633ed8c31059a3bd82?s=96&d=mm&r=g\",\"caption\":\"Sebastian\"},\"url\":\"https:\\\/\\\/informelitoral.com.ar\\\/author\\\/sebastian\\\/\"}]}<\/script>","yoast_head_json":{"title":"Oficializaron el incremento del piso del Impuesto a las Ganancias: los decretos - Informe Litoral","robots":{"index":"index","follow":"follow","max-snippet":"max-snippet:-1","max-image-preview":"max-image-preview:large","max-video-preview":"max-video-preview:-1"},"canonical":"https:\/\/informelitoral.com.ar\/oficializaron-el-incremento-del-piso-del-impuesto-a-las-ganancias-los-decretos\/","og_locale":"es_ES","og_type":"article","og_title":"Oficializaron el incremento del piso del Impuesto a las Ganancias: los decretos - Informe Litoral","og_description":"Estiman que representar\u00e1 un alivio fiscal para m\u00e1s de un mill\u00f3n de trabajadores. Adem\u00e1s, se incrementaron las escalas en un 35 en forma retroactiva a enero de este a\u00f1o.","og_url":"https:\/\/informelitoral.com.ar\/oficializaron-el-incremento-del-piso-del-impuesto-a-las-ganancias-los-decretos\/","og_site_name":"Informe Litoral","article_publisher":"https:\/\/www.facebook.com\/informelitoral\/","article_published_time":"2023-08-11T11:30:23+00:00","article_modified_time":"2023-08-11T11:36:41+00:00","og_image":[{"width":1330,"height":880,"url":"https:\/\/informelitoral.com.ar\/%77%70%2d%63%6f%6e%74%65%6e%74\/uploads\/2020\/09\/Afip.jpg","type":"image\/jpeg"}],"author":"Sebastian","twitter_card":"summary_large_image","twitter_creator":"@InformeLitoral","twitter_site":"@InformeLitoral","twitter_misc":{"Escrito por":"Sebastian","Tiempo de lectura":"3 minutos"},"schema":{"@context":"https:\/\/schema.org","@graph":[{"@type":"Article","@id":"https:\/\/informelitoral.com.ar\/oficializaron-el-incremento-del-piso-del-impuesto-a-las-ganancias-los-decretos\/#article","isPartOf":{"@id":"https:\/\/informelitoral.com.ar\/oficializaron-el-incremento-del-piso-del-impuesto-a-las-ganancias-los-decretos\/"},"author":{"name":"Sebastian","@id":"https:\/\/informelitoral.com.ar\/#\/schema\/person\/f05f9f461677119578717524b127d6d5"},"headline":"Oficializaron el incremento del piso del Impuesto a las Ganancias: los decretos","datePublished":"2023-08-11T11:30:23+00:00","dateModified":"2023-08-11T11:36:41+00:00","mainEntityOfPage":{"@id":"https:\/\/informelitoral.com.ar\/oficializaron-el-incremento-del-piso-del-impuesto-a-las-ganancias-los-decretos\/"},"wordCount":639,"commentCount":0,"publisher":{"@id":"https:\/\/informelitoral.com.ar\/#organization"},"image":{"@id":"https:\/\/informelitoral.com.ar\/oficializaron-el-incremento-del-piso-del-impuesto-a-las-ganancias-los-decretos\/#primaryimage"},"thumbnailUrl":"https:\/\/informelitoral.com.ar\/%77%70%2d%63%6f%6e%74%65%6e%74\/uploads\/2020\/09\/Afip.jpg","keywords":["AFIP","Impuesto a las Ganancias"],"articleSection":["Econom\u00eda","Nacionales"],"inLanguage":"es","potentialAction":[{"@type":"CommentAction","name":"Comment","target":["https:\/\/informelitoral.com.ar\/oficializaron-el-incremento-del-piso-del-impuesto-a-las-ganancias-los-decretos\/#respond"]}]},{"@type":"WebPage","@id":"https:\/\/informelitoral.com.ar\/oficializaron-el-incremento-del-piso-del-impuesto-a-las-ganancias-los-decretos\/","url":"https:\/\/informelitoral.com.ar\/oficializaron-el-incremento-del-piso-del-impuesto-a-las-ganancias-los-decretos\/","name":"Oficializaron el incremento del piso del Impuesto a las Ganancias: los decretos - Informe Litoral","isPartOf":{"@id":"https:\/\/informelitoral.com.ar\/#website"},"primaryImageOfPage":{"@id":"https:\/\/informelitoral.com.ar\/oficializaron-el-incremento-del-piso-del-impuesto-a-las-ganancias-los-decretos\/#primaryimage"},"image":{"@id":"https:\/\/informelitoral.com.ar\/oficializaron-el-incremento-del-piso-del-impuesto-a-las-ganancias-los-decretos\/#primaryimage"},"thumbnailUrl":"https:\/\/informelitoral.com.ar\/%77%70%2d%63%6f%6e%74%65%6e%74\/uploads\/2020\/09\/Afip.jpg","datePublished":"2023-08-11T11:30:23+00:00","dateModified":"2023-08-11T11:36:41+00:00","breadcrumb":{"@id":"https:\/\/informelitoral.com.ar\/oficializaron-el-incremento-del-piso-del-impuesto-a-las-ganancias-los-decretos\/#breadcrumb"},"inLanguage":"es","potentialAction":[{"@type":"ReadAction","target":["https:\/\/informelitoral.com.ar\/oficializaron-el-incremento-del-piso-del-impuesto-a-las-ganancias-los-decretos\/"]}]},{"@type":"ImageObject","inLanguage":"es","@id":"https:\/\/informelitoral.com.ar\/oficializaron-el-incremento-del-piso-del-impuesto-a-las-ganancias-los-decretos\/#primaryimage","url":"https:\/\/informelitoral.com.ar\/%77%70%2d%63%6f%6e%74%65%6e%74\/uploads\/2020\/09\/Afip.jpg","contentUrl":"https:\/\/informelitoral.com.ar\/%77%70%2d%63%6f%6e%74%65%6e%74\/uploads\/2020\/09\/Afip.jpg","width":1330,"height":880},{"@type":"BreadcrumbList","@id":"https:\/\/informelitoral.com.ar\/oficializaron-el-incremento-del-piso-del-impuesto-a-las-ganancias-los-decretos\/#breadcrumb","itemListElement":[{"@type":"ListItem","position":1,"name":"Portada","item":"https:\/\/informelitoral.com.ar\/"},{"@type":"ListItem","position":2,"name":"Oficializaron el incremento del piso del Impuesto a las Ganancias: los decretos"}]},{"@type":"WebSite","@id":"https:\/\/informelitoral.com.ar\/#website","url":"https:\/\/informelitoral.com.ar\/","name":"Informe Litoral","description":"&quot;Nos informamos&quot; ","publisher":{"@id":"https:\/\/informelitoral.com.ar\/#organization"},"potentialAction":[{"@type":"SearchAction","target":{"@type":"EntryPoint","urlTemplate":"https:\/\/informelitoral.com.ar\/?s={search_term_string}"},"query-input":{"@type":"PropertyValueSpecification","valueRequired":true,"valueName":"search_term_string"}}],"inLanguage":"es"},{"@type":"Organization","@id":"https:\/\/informelitoral.com.ar\/#organization","name":"Informe Litoral","url":"https:\/\/informelitoral.com.ar\/","logo":{"@type":"ImageObject","inLanguage":"es","@id":"https:\/\/informelitoral.com.ar\/#\/schema\/logo\/image\/","url":"https:\/\/informelitoral.com.ar\/%77%70%2d%63%6f%6e%74%65%6e%74\/uploads\/2021\/01\/circulo.png","contentUrl":"https:\/\/informelitoral.com.ar\/%77%70%2d%63%6f%6e%74%65%6e%74\/uploads\/2021\/01\/circulo.png","width":723,"height":731,"caption":"Informe Litoral"},"image":{"@id":"https:\/\/informelitoral.com.ar\/#\/schema\/logo\/image\/"},"sameAs":["https:\/\/www.facebook.com\/informelitoral\/","https:\/\/x.com\/InformeLitoral","https:\/\/www.instagram.com\/informelitoral\/","https:\/\/www.youtube.com\/channel\/UCua4Qvz8Icb6MYqhoq9xLXw"]},{"@type":"Person","@id":"https:\/\/informelitoral.com.ar\/#\/schema\/person\/f05f9f461677119578717524b127d6d5","name":"Sebastian","image":{"@type":"ImageObject","inLanguage":"es","@id":"https:\/\/secure.gravatar.com\/avatar\/b71bf7481d447dfb9583c7f2798e7cc64de6efb9067b74633ed8c31059a3bd82?s=96&d=mm&r=g","url":"https:\/\/secure.gravatar.com\/avatar\/b71bf7481d447dfb9583c7f2798e7cc64de6efb9067b74633ed8c31059a3bd82?s=96&d=mm&r=g","contentUrl":"https:\/\/secure.gravatar.com\/avatar\/b71bf7481d447dfb9583c7f2798e7cc64de6efb9067b74633ed8c31059a3bd82?s=96&d=mm&r=g","caption":"Sebastian"},"url":"https:\/\/informelitoral.com.ar\/author\/sebastian\/"}]}},"_links":{"self":[{"href":"https:\/\/informelitoral.com.ar\/%77%70%2d%6a%73%6f%6e\/wp\/v2\/posts\/161546","targetHints":{"allow":["GET"]}}],"collection":[{"href":"https:\/\/informelitoral.com.ar\/%77%70%2d%6a%73%6f%6e\/wp\/v2\/posts"}],"about":[{"href":"https:\/\/informelitoral.com.ar\/%77%70%2d%6a%73%6f%6e\/wp\/v2\/types\/post"}],"author":[{"embeddable":true,"href":"https:\/\/informelitoral.com.ar\/%77%70%2d%6a%73%6f%6e\/wp\/v2\/users\/8"}],"replies":[{"embeddable":true,"href":"https:\/\/informelitoral.com.ar\/%77%70%2d%6a%73%6f%6e\/wp\/v2\/comments?post=161546"}],"version-history":[{"count":0,"href":"https:\/\/informelitoral.com.ar\/%77%70%2d%6a%73%6f%6e\/wp\/v2\/posts\/161546\/revisions"}],"wp:featuredmedia":[{"embeddable":true,"href":"https:\/\/informelitoral.com.ar\/%77%70%2d%6a%73%6f%6e\/wp\/v2\/media\/49380"}],"wp:attachment":[{"href":"https:\/\/informelitoral.com.ar\/%77%70%2d%6a%73%6f%6e\/wp\/v2\/media?parent=161546"}],"wp:term":[{"taxonomy":"category","embeddable":true,"href":"https:\/\/informelitoral.com.ar\/%77%70%2d%6a%73%6f%6e\/wp\/v2\/categories?post=161546"},{"taxonomy":"post_tag","embeddable":true,"href":"https:\/\/informelitoral.com.ar\/%77%70%2d%6a%73%6f%6e\/wp\/v2\/tags?post=161546"}],"curies":[{"name":"wp","href":"https:\/\/api.w.org\/{rel}","templated":true}]}}