{"id":161519,"date":"2023-08-11T07:15:58","date_gmt":"2023-08-11T10:15:58","guid":{"rendered":"https:\/\/www.informelitoral.com.ar\/?p=161519"},"modified":"2023-08-11T07:15:58","modified_gmt":"2023-08-11T10:15:58","slug":"se-acerca-nuevamente-el-frio-a-la-region-para-el-domingo-no-descartan-heladas","status":"publish","type":"post","link":"https:\/\/informelitoral.com.ar\/se-acerca-nuevamente-el-frio-a-la-region-para-el-domingo-no-descartan-heladas\/","title":{"rendered":"Se acerca nuevamente el fr\u00edo a la regi\u00f3n: para el domingo no descartan heladas"},"content":{"rendered":"<p>La variaci\u00f3n de la temperatura comienza a notarse en la regi\u00f3n central del pa\u00eds. El ingreso de aire muy fr\u00edo provoca un descenso general de las temperaturas en Argentina. En este ambiente se desarrollar\u00e1 la jornada electoral del pr\u00f3ximo domingo.<\/p>\n<p>Tras la inestabilidad de las primeras horas de este viernes, hoy habr\u00eda abundante nubosidad y vientos con r\u00e1fagas de unos 30 kil\u00f3metros por hora. \u201cSe sentir\u00e1 aire muy fresco\u201d, se\u00f1al\u00f3 a <em>Canal 11<\/em> el meteor\u00f3logo, Alejandro G\u00f3mez<\/p>\n<p><b>Fin de semana con fr\u00edo<\/b><br \/>\n<b>El s\u00e1bado amanecer\u00e1 muy fresco<\/b>\u00a0\u201ccon m\u00ednimas de 7 u 8 grados, pero sensaciones t\u00e9rmicas inferiores. A la tarde estar\u00e1 parcialmente nublado con m\u00e1ximas de 16 o 17 grados\u201d.<\/p>\n<p><b>El aire fr\u00edo persistir\u00e1 durante la ma\u00f1ana del domingo<\/b>, \u201ccon vientos muy d\u00e9biles. Valores de unos\u00a0<b>cinco grados en nuestra zona y en el sur podr\u00edan estar cerca de los tres grados, por lo que son posibles heladas<\/b>\u00a0sobre todo en el sur entrerriano. Persistir\u00e1n las buenas condiciones y las m\u00e1ximas llegar\u00edan a unos 17 grados\u201d.<\/p>\n<p><b>Vuelve el aire templado<\/b><br \/>\nEl fr\u00edo se mantendr\u00eda hasta la ma\u00f1ana del lunes. Desde la tarde retornar\u00eda el aire templado. Desde ese momento se iniciar\u00eda un nuevo ascenso t\u00e9rmico que tendr\u00eda su pico el mi\u00e9rcoles con m\u00e1s de 28 grados.<\/p>\n<p>Para el jueves se prev\u00e9 el ingreso de nuevo sistema frontal con condiciones de inestabilidad.<\/p>\n","protected":false},"excerpt":{"rendered":"<p>La variaci&oacute;n de la temperatura comienza a notarse en la regi&oacute;n central del pa&iacute;s. El ingreso de aire muy fr&iacute;o provoca un descenso general de las temperaturas en Argentina. En este ambiente se desarrollar&aacute; la jornada electoral del pr&oacute;ximo domingo. Tras la inestabilidad de las primeras horas de este viernes, hoy habr&iacute;a abundante nubosidad y [&hellip;]<\/p>\n","protected":false},"author":2,"featured_media":73260,"comment_status":"open","ping_status":"open","sticky":false,"template":"","format":"standard","meta":{"fifu_image_url":"","fifu_image_alt":"","footnotes":""},"categories":[6],"tags":[38,2759,113],"class_list":{"0":"post-161519","1":"post","2":"type-post","3":"status-publish","4":"format-standard","5":"has-post-thumbnail","7":"category-entre-rios","8":"tag-el-tiempo","9":"tag-pronostico-del-tiempo","10":"tag-smn"},"yoast_head":"<title>Se acerca nuevamente el fr\u00edo a la regi\u00f3n: para el domingo no descartan heladas - Informe Litoral<\/title>\n<meta name=\"robots\" content=\"index, follow, max-snippet:-1, max-image-preview:large, max-video-preview:-1\" \/>\n<link rel=\"canonical\" href=\"https:\/\/informelitoral.com.ar\/se-acerca-nuevamente-el-frio-a-la-region-para-el-domingo-no-descartan-heladas\/\" \/>\n<meta property=\"og:locale\" content=\"es_ES\" \/>\n<meta property=\"og:type\" content=\"article\" \/>\n<meta property=\"og:title\" content=\"Se acerca nuevamente el fr\u00edo a la regi\u00f3n: para el domingo no descartan heladas - Informe Litoral\" \/>\n<meta property=\"og:description\" content=\"La variaci&oacute;n de la temperatura comienza a notarse en la regi&oacute;n central del pa&iacute;s. El ingreso de aire muy fr&iacute;o provoca un descenso general de las temperaturas en Argentina. En este ambiente se desarrollar&aacute; la jornada electoral del pr&oacute;ximo domingo. Tras la inestabilidad de las primeras horas de este viernes, hoy habr&iacute;a abundante nubosidad y [&hellip;]\" \/>\n<meta property=\"og:url\" content=\"https:\/\/informelitoral.com.ar\/se-acerca-nuevamente-el-frio-a-la-region-para-el-domingo-no-descartan-heladas\/\" \/>\n<meta property=\"og:site_name\" content=\"Informe Litoral\" \/>\n<meta property=\"article:publisher\" content=\"https:\/\/www.facebook.com\/informelitoral\/\" \/>\n<meta property=\"article:published_time\" content=\"2023-08-11T10:15:58+00:00\" \/>\n<meta property=\"og:image\" content=\"https:\/\/informelitoral.com.ar\/%77%70%2d%63%6f%6e%74%65%6e%74\/uploads\/2022\/03\/Clima-dia-soleado.jpeg\" \/>\n\t<meta property=\"og:image:width\" content=\"1280\" \/>\n\t<meta property=\"og:image:height\" content=\"720\" \/>\n\t<meta property=\"og:image:type\" content=\"image\/jpeg\" \/>\n<meta name=\"author\" content=\"Gonzalo Schmidt\" \/>\n<meta name=\"twitter:card\" content=\"summary_large_image\" \/>\n<meta name=\"twitter:creator\" content=\"@InformeLitoral\" \/>\n<meta name=\"twitter:site\" content=\"@InformeLitoral\" \/>\n<meta name=\"twitter:label1\" content=\"Escrito por\" \/>\n\t<meta name=\"twitter:data1\" content=\"Gonzalo Schmidt\" \/>\n\t<meta name=\"twitter:label2\" content=\"Tiempo de lectura\" \/>\n\t<meta name=\"twitter:data2\" content=\"1 minuto\" \/>\n<script type=\"application\/ld+json\" class=\"yoast-schema-graph\">{\"@context\":\"https:\\\/\\\/schema.org\",\"@graph\":[{\"@type\":\"Article\",\"@id\":\"https:\\\/\\\/informelitoral.com.ar\\\/se-acerca-nuevamente-el-frio-a-la-region-para-el-domingo-no-descartan-heladas\\\/#article\",\"isPartOf\":{\"@id\":\"https:\\\/\\\/informelitoral.com.ar\\\/se-acerca-nuevamente-el-frio-a-la-region-para-el-domingo-no-descartan-heladas\\\/\"},\"author\":{\"name\":\"Gonzalo Schmidt\",\"@id\":\"https:\\\/\\\/informelitoral.com.ar\\\/#\\\/schema\\\/person\\\/b9d00407c836482871ef1d57bf8e3180\"},\"headline\":\"Se acerca nuevamente el fr\u00edo a la regi\u00f3n: para el domingo no descartan heladas\",\"datePublished\":\"2023-08-11T10:15:58+00:00\",\"mainEntityOfPage\":{\"@id\":\"https:\\\/\\\/informelitoral.com.ar\\\/se-acerca-nuevamente-el-frio-a-la-region-para-el-domingo-no-descartan-heladas\\\/\"},\"wordCount\":262,\"commentCount\":0,\"publisher\":{\"@id\":\"https:\\\/\\\/informelitoral.com.ar\\\/#organization\"},\"image\":{\"@id\":\"https:\\\/\\\/informelitoral.com.ar\\\/se-acerca-nuevamente-el-frio-a-la-region-para-el-domingo-no-descartan-heladas\\\/#primaryimage\"},\"thumbnailUrl\":\"https:\\\/\\\/informelitoral.com.ar\\\/%77%70%2d%63%6f%6e%74%65%6e%74\\\/uploads\\\/2022\\\/03\\\/Clima-dia-soleado.jpeg\",\"keywords\":[\"El tiempo\",\"Pron\u00f3stico del tiempo\",\"SMN\"],\"articleSection\":[\"Entre R\u00edos\"],\"inLanguage\":\"es\",\"potentialAction\":[{\"@type\":\"CommentAction\",\"name\":\"Comment\",\"target\":[\"https:\\\/\\\/informelitoral.com.ar\\\/se-acerca-nuevamente-el-frio-a-la-region-para-el-domingo-no-descartan-heladas\\\/#respond\"]}]},{\"@type\":\"WebPage\",\"@id\":\"https:\\\/\\\/informelitoral.com.ar\\\/se-acerca-nuevamente-el-frio-a-la-region-para-el-domingo-no-descartan-heladas\\\/\",\"url\":\"https:\\\/\\\/informelitoral.com.ar\\\/se-acerca-nuevamente-el-frio-a-la-region-para-el-domingo-no-descartan-heladas\\\/\",\"name\":\"Se acerca nuevamente el fr\u00edo a la regi\u00f3n: para el domingo no descartan heladas - Informe Litoral\",\"isPartOf\":{\"@id\":\"https:\\\/\\\/informelitoral.com.ar\\\/#website\"},\"primaryImageOfPage\":{\"@id\":\"https:\\\/\\\/informelitoral.com.ar\\\/se-acerca-nuevamente-el-frio-a-la-region-para-el-domingo-no-descartan-heladas\\\/#primaryimage\"},\"image\":{\"@id\":\"https:\\\/\\\/informelitoral.com.ar\\\/se-acerca-nuevamente-el-frio-a-la-region-para-el-domingo-no-descartan-heladas\\\/#primaryimage\"},\"thumbnailUrl\":\"https:\\\/\\\/informelitoral.com.ar\\\/%77%70%2d%63%6f%6e%74%65%6e%74\\\/uploads\\\/2022\\\/03\\\/Clima-dia-soleado.jpeg\",\"datePublished\":\"2023-08-11T10:15:58+00:00\",\"breadcrumb\":{\"@id\":\"https:\\\/\\\/informelitoral.com.ar\\\/se-acerca-nuevamente-el-frio-a-la-region-para-el-domingo-no-descartan-heladas\\\/#breadcrumb\"},\"inLanguage\":\"es\",\"potentialAction\":[{\"@type\":\"ReadAction\",\"target\":[\"https:\\\/\\\/informelitoral.com.ar\\\/se-acerca-nuevamente-el-frio-a-la-region-para-el-domingo-no-descartan-heladas\\\/\"]}]},{\"@type\":\"ImageObject\",\"inLanguage\":\"es\",\"@id\":\"https:\\\/\\\/informelitoral.com.ar\\\/se-acerca-nuevamente-el-frio-a-la-region-para-el-domingo-no-descartan-heladas\\\/#primaryimage\",\"url\":\"https:\\\/\\\/informelitoral.com.ar\\\/%77%70%2d%63%6f%6e%74%65%6e%74\\\/uploads\\\/2022\\\/03\\\/Clima-dia-soleado.jpeg\",\"contentUrl\":\"https:\\\/\\\/informelitoral.com.ar\\\/%77%70%2d%63%6f%6e%74%65%6e%74\\\/uploads\\\/2022\\\/03\\\/Clima-dia-soleado.jpeg\",\"width\":1280,\"height\":720},{\"@type\":\"BreadcrumbList\",\"@id\":\"https:\\\/\\\/informelitoral.com.ar\\\/se-acerca-nuevamente-el-frio-a-la-region-para-el-domingo-no-descartan-heladas\\\/#breadcrumb\",\"itemListElement\":[{\"@type\":\"ListItem\",\"position\":1,\"name\":\"Portada\",\"item\":\"https:\\\/\\\/informelitoral.com.ar\\\/\"},{\"@type\":\"ListItem\",\"position\":2,\"name\":\"Se acerca nuevamente el fr\u00edo a la regi\u00f3n: para el domingo no descartan heladas\"}]},{\"@type\":\"WebSite\",\"@id\":\"https:\\\/\\\/informelitoral.com.ar\\\/#website\",\"url\":\"https:\\\/\\\/informelitoral.com.ar\\\/\",\"name\":\"Informe Litoral\",\"description\":\"&quot;Nos informamos&quot; \",\"publisher\":{\"@id\":\"https:\\\/\\\/informelitoral.com.ar\\\/#organization\"},\"potentialAction\":[{\"@type\":\"SearchAction\",\"target\":{\"@type\":\"EntryPoint\",\"urlTemplate\":\"https:\\\/\\\/informelitoral.com.ar\\\/?s={search_term_string}\"},\"query-input\":{\"@type\":\"PropertyValueSpecification\",\"valueRequired\":true,\"valueName\":\"search_term_string\"}}],\"inLanguage\":\"es\"},{\"@type\":\"Organization\",\"@id\":\"https:\\\/\\\/informelitoral.com.ar\\\/#organization\",\"name\":\"Informe Litoral\",\"url\":\"https:\\\/\\\/informelitoral.com.ar\\\/\",\"logo\":{\"@type\":\"ImageObject\",\"inLanguage\":\"es\",\"@id\":\"https:\\\/\\\/informelitoral.com.ar\\\/#\\\/schema\\\/logo\\\/image\\\/\",\"url\":\"https:\\\/\\\/informelitoral.com.ar\\\/%77%70%2d%63%6f%6e%74%65%6e%74\\\/uploads\\\/2021\\\/01\\\/circulo.png\",\"contentUrl\":\"https:\\\/\\\/informelitoral.com.ar\\\/%77%70%2d%63%6f%6e%74%65%6e%74\\\/uploads\\\/2021\\\/01\\\/circulo.png\",\"width\":723,\"height\":731,\"caption\":\"Informe Litoral\"},\"image\":{\"@id\":\"https:\\\/\\\/informelitoral.com.ar\\\/#\\\/schema\\\/logo\\\/image\\\/\"},\"sameAs\":[\"https:\\\/\\\/www.facebook.com\\\/informelitoral\\\/\",\"https:\\\/\\\/x.com\\\/InformeLitoral\",\"https:\\\/\\\/www.instagram.com\\\/informelitoral\\\/\",\"https:\\\/\\\/www.youtube.com\\\/channel\\\/UCua4Qvz8Icb6MYqhoq9xLXw\"]},{\"@type\":\"Person\",\"@id\":\"https:\\\/\\\/informelitoral.com.ar\\\/#\\\/schema\\\/person\\\/b9d00407c836482871ef1d57bf8e3180\",\"name\":\"Gonzalo Schmidt\",\"image\":{\"@type\":\"ImageObject\",\"inLanguage\":\"es\",\"@id\":\"https:\\\/\\\/secure.gravatar.com\\\/avatar\\\/31a1a7b66ff2de83bd0e9fd79d026630d2d99e55e8bfe501287647b4fd9743de?s=96&d=mm&r=g\",\"url\":\"https:\\\/\\\/secure.gravatar.com\\\/avatar\\\/31a1a7b66ff2de83bd0e9fd79d026630d2d99e55e8bfe501287647b4fd9743de?s=96&d=mm&r=g\",\"contentUrl\":\"https:\\\/\\\/secure.gravatar.com\\\/avatar\\\/31a1a7b66ff2de83bd0e9fd79d026630d2d99e55e8bfe501287647b4fd9743de?s=96&d=mm&r=g\",\"caption\":\"Gonzalo Schmidt\"},\"description\":\"Sitio web de noticias de la provincia de Entre R\u00edos, Argentina. Informaci\u00f3n y entretenimiento. Informe Litoral, nos informamos.\",\"sameAs\":[\"http:\\\/\\\/www.isletasnoticias.com.ar\"],\"url\":\"https:\\\/\\\/informelitoral.com.ar\\\/author\\\/gonzalo\\\/\"}]}<\/script>","yoast_head_json":{"title":"Se acerca nuevamente el fr\u00edo a la regi\u00f3n: para el domingo no descartan heladas - Informe Litoral","robots":{"index":"index","follow":"follow","max-snippet":"max-snippet:-1","max-image-preview":"max-image-preview:large","max-video-preview":"max-video-preview:-1"},"canonical":"https:\/\/informelitoral.com.ar\/se-acerca-nuevamente-el-frio-a-la-region-para-el-domingo-no-descartan-heladas\/","og_locale":"es_ES","og_type":"article","og_title":"Se acerca nuevamente el fr\u00edo a la regi\u00f3n: para el domingo no descartan heladas - Informe Litoral","og_description":"La variaci&oacute;n de la temperatura comienza a notarse en la regi&oacute;n central del pa&iacute;s. El ingreso de aire muy fr&iacute;o provoca un descenso general de las temperaturas en Argentina. En este ambiente se desarrollar&aacute; la jornada electoral del pr&oacute;ximo domingo. Tras la inestabilidad de las primeras horas de este viernes, hoy habr&iacute;a abundante nubosidad y [&hellip;]","og_url":"https:\/\/informelitoral.com.ar\/se-acerca-nuevamente-el-frio-a-la-region-para-el-domingo-no-descartan-heladas\/","og_site_name":"Informe Litoral","article_publisher":"https:\/\/www.facebook.com\/informelitoral\/","article_published_time":"2023-08-11T10:15:58+00:00","og_image":[{"width":1280,"height":720,"url":"https:\/\/informelitoral.com.ar\/%77%70%2d%63%6f%6e%74%65%6e%74\/uploads\/2022\/03\/Clima-dia-soleado.jpeg","type":"image\/jpeg"}],"author":"Gonzalo Schmidt","twitter_card":"summary_large_image","twitter_creator":"@InformeLitoral","twitter_site":"@InformeLitoral","twitter_misc":{"Escrito por":"Gonzalo Schmidt","Tiempo de lectura":"1 minuto"},"schema":{"@context":"https:\/\/schema.org","@graph":[{"@type":"Article","@id":"https:\/\/informelitoral.com.ar\/se-acerca-nuevamente-el-frio-a-la-region-para-el-domingo-no-descartan-heladas\/#article","isPartOf":{"@id":"https:\/\/informelitoral.com.ar\/se-acerca-nuevamente-el-frio-a-la-region-para-el-domingo-no-descartan-heladas\/"},"author":{"name":"Gonzalo Schmidt","@id":"https:\/\/informelitoral.com.ar\/#\/schema\/person\/b9d00407c836482871ef1d57bf8e3180"},"headline":"Se acerca nuevamente el fr\u00edo a la regi\u00f3n: para el domingo no descartan heladas","datePublished":"2023-08-11T10:15:58+00:00","mainEntityOfPage":{"@id":"https:\/\/informelitoral.com.ar\/se-acerca-nuevamente-el-frio-a-la-region-para-el-domingo-no-descartan-heladas\/"},"wordCount":262,"commentCount":0,"publisher":{"@id":"https:\/\/informelitoral.com.ar\/#organization"},"image":{"@id":"https:\/\/informelitoral.com.ar\/se-acerca-nuevamente-el-frio-a-la-region-para-el-domingo-no-descartan-heladas\/#primaryimage"},"thumbnailUrl":"https:\/\/informelitoral.com.ar\/%77%70%2d%63%6f%6e%74%65%6e%74\/uploads\/2022\/03\/Clima-dia-soleado.jpeg","keywords":["El tiempo","Pron\u00f3stico del tiempo","SMN"],"articleSection":["Entre R\u00edos"],"inLanguage":"es","potentialAction":[{"@type":"CommentAction","name":"Comment","target":["https:\/\/informelitoral.com.ar\/se-acerca-nuevamente-el-frio-a-la-region-para-el-domingo-no-descartan-heladas\/#respond"]}]},{"@type":"WebPage","@id":"https:\/\/informelitoral.com.ar\/se-acerca-nuevamente-el-frio-a-la-region-para-el-domingo-no-descartan-heladas\/","url":"https:\/\/informelitoral.com.ar\/se-acerca-nuevamente-el-frio-a-la-region-para-el-domingo-no-descartan-heladas\/","name":"Se acerca nuevamente el fr\u00edo a la regi\u00f3n: para el domingo no descartan heladas - Informe Litoral","isPartOf":{"@id":"https:\/\/informelitoral.com.ar\/#website"},"primaryImageOfPage":{"@id":"https:\/\/informelitoral.com.ar\/se-acerca-nuevamente-el-frio-a-la-region-para-el-domingo-no-descartan-heladas\/#primaryimage"},"image":{"@id":"https:\/\/informelitoral.com.ar\/se-acerca-nuevamente-el-frio-a-la-region-para-el-domingo-no-descartan-heladas\/#primaryimage"},"thumbnailUrl":"https:\/\/informelitoral.com.ar\/%77%70%2d%63%6f%6e%74%65%6e%74\/uploads\/2022\/03\/Clima-dia-soleado.jpeg","datePublished":"2023-08-11T10:15:58+00:00","breadcrumb":{"@id":"https:\/\/informelitoral.com.ar\/se-acerca-nuevamente-el-frio-a-la-region-para-el-domingo-no-descartan-heladas\/#breadcrumb"},"inLanguage":"es","potentialAction":[{"@type":"ReadAction","target":["https:\/\/informelitoral.com.ar\/se-acerca-nuevamente-el-frio-a-la-region-para-el-domingo-no-descartan-heladas\/"]}]},{"@type":"ImageObject","inLanguage":"es","@id":"https:\/\/informelitoral.com.ar\/se-acerca-nuevamente-el-frio-a-la-region-para-el-domingo-no-descartan-heladas\/#primaryimage","url":"https:\/\/informelitoral.com.ar\/%77%70%2d%63%6f%6e%74%65%6e%74\/uploads\/2022\/03\/Clima-dia-soleado.jpeg","contentUrl":"https:\/\/informelitoral.com.ar\/%77%70%2d%63%6f%6e%74%65%6e%74\/uploads\/2022\/03\/Clima-dia-soleado.jpeg","width":1280,"height":720},{"@type":"BreadcrumbList","@id":"https:\/\/informelitoral.com.ar\/se-acerca-nuevamente-el-frio-a-la-region-para-el-domingo-no-descartan-heladas\/#breadcrumb","itemListElement":[{"@type":"ListItem","position":1,"name":"Portada","item":"https:\/\/informelitoral.com.ar\/"},{"@type":"ListItem","position":2,"name":"Se acerca nuevamente el fr\u00edo a la regi\u00f3n: para el domingo no descartan heladas"}]},{"@type":"WebSite","@id":"https:\/\/informelitoral.com.ar\/#website","url":"https:\/\/informelitoral.com.ar\/","name":"Informe Litoral","description":"&quot;Nos informamos&quot; ","publisher":{"@id":"https:\/\/informelitoral.com.ar\/#organization"},"potentialAction":[{"@type":"SearchAction","target":{"@type":"EntryPoint","urlTemplate":"https:\/\/informelitoral.com.ar\/?s={search_term_string}"},"query-input":{"@type":"PropertyValueSpecification","valueRequired":true,"valueName":"search_term_string"}}],"inLanguage":"es"},{"@type":"Organization","@id":"https:\/\/informelitoral.com.ar\/#organization","name":"Informe Litoral","url":"https:\/\/informelitoral.com.ar\/","logo":{"@type":"ImageObject","inLanguage":"es","@id":"https:\/\/informelitoral.com.ar\/#\/schema\/logo\/image\/","url":"https:\/\/informelitoral.com.ar\/%77%70%2d%63%6f%6e%74%65%6e%74\/uploads\/2021\/01\/circulo.png","contentUrl":"https:\/\/informelitoral.com.ar\/%77%70%2d%63%6f%6e%74%65%6e%74\/uploads\/2021\/01\/circulo.png","width":723,"height":731,"caption":"Informe Litoral"},"image":{"@id":"https:\/\/informelitoral.com.ar\/#\/schema\/logo\/image\/"},"sameAs":["https:\/\/www.facebook.com\/informelitoral\/","https:\/\/x.com\/InformeLitoral","https:\/\/www.instagram.com\/informelitoral\/","https:\/\/www.youtube.com\/channel\/UCua4Qvz8Icb6MYqhoq9xLXw"]},{"@type":"Person","@id":"https:\/\/informelitoral.com.ar\/#\/schema\/person\/b9d00407c836482871ef1d57bf8e3180","name":"Gonzalo Schmidt","image":{"@type":"ImageObject","inLanguage":"es","@id":"https:\/\/secure.gravatar.com\/avatar\/31a1a7b66ff2de83bd0e9fd79d026630d2d99e55e8bfe501287647b4fd9743de?s=96&d=mm&r=g","url":"https:\/\/secure.gravatar.com\/avatar\/31a1a7b66ff2de83bd0e9fd79d026630d2d99e55e8bfe501287647b4fd9743de?s=96&d=mm&r=g","contentUrl":"https:\/\/secure.gravatar.com\/avatar\/31a1a7b66ff2de83bd0e9fd79d026630d2d99e55e8bfe501287647b4fd9743de?s=96&d=mm&r=g","caption":"Gonzalo Schmidt"},"description":"Sitio web de noticias de la provincia de Entre R\u00edos, Argentina. Informaci\u00f3n y entretenimiento. Informe Litoral, nos informamos.","sameAs":["http:\/\/www.isletasnoticias.com.ar"],"url":"https:\/\/informelitoral.com.ar\/author\/gonzalo\/"}]}},"_links":{"self":[{"href":"https:\/\/informelitoral.com.ar\/%77%70%2d%6a%73%6f%6e\/wp\/v2\/posts\/161519","targetHints":{"allow":["GET"]}}],"collection":[{"href":"https:\/\/informelitoral.com.ar\/%77%70%2d%6a%73%6f%6e\/wp\/v2\/posts"}],"about":[{"href":"https:\/\/informelitoral.com.ar\/%77%70%2d%6a%73%6f%6e\/wp\/v2\/types\/post"}],"author":[{"embeddable":true,"href":"https:\/\/informelitoral.com.ar\/%77%70%2d%6a%73%6f%6e\/wp\/v2\/users\/2"}],"replies":[{"embeddable":true,"href":"https:\/\/informelitoral.com.ar\/%77%70%2d%6a%73%6f%6e\/wp\/v2\/comments?post=161519"}],"version-history":[{"count":0,"href":"https:\/\/informelitoral.com.ar\/%77%70%2d%6a%73%6f%6e\/wp\/v2\/posts\/161519\/revisions"}],"wp:featuredmedia":[{"embeddable":true,"href":"https:\/\/informelitoral.com.ar\/%77%70%2d%6a%73%6f%6e\/wp\/v2\/media\/73260"}],"wp:attachment":[{"href":"https:\/\/informelitoral.com.ar\/%77%70%2d%6a%73%6f%6e\/wp\/v2\/media?parent=161519"}],"wp:term":[{"taxonomy":"category","embeddable":true,"href":"https:\/\/informelitoral.com.ar\/%77%70%2d%6a%73%6f%6e\/wp\/v2\/categories?post=161519"},{"taxonomy":"post_tag","embeddable":true,"href":"https:\/\/informelitoral.com.ar\/%77%70%2d%6a%73%6f%6e\/wp\/v2\/tags?post=161519"}],"curies":[{"name":"wp","href":"https:\/\/api.w.org\/{rel}","templated":true}]}}