{"id":161143,"date":"2023-08-08T10:52:09","date_gmt":"2023-08-08T13:52:09","guid":{"rendered":"https:\/\/www.informelitoral.com.ar\/?p=161143"},"modified":"2023-08-08T12:54:09","modified_gmt":"2023-08-08T15:54:09","slug":"tenis-junker-rios-y-soplan-se-destacaron-en-6a-fecha-del-czm","status":"publish","type":"post","link":"https:\/\/informelitoral.com.ar\/tenis-junker-rios-y-soplan-se-destacaron-en-6a-fecha-del-czm\/","title":{"rendered":"Tenis: Junker, R\u00edos y Sopl\u00e1n se destacaron en 6a fecha del CZM"},"content":{"rendered":"<p>La competencia, en sus diferentes categor\u00edas re\u00fane a jugadores de Ram\u00edrez, Crespo, Diamante, Valle Mar\u00eda, Paran\u00e1, Cerrito, Hernandarias, Bovril, Segu\u00ed, Aranguren, Hern\u00e1ndez, Nogoy\u00e1, entre otras localidades entrerrianas. La actividad se desarroll\u00f3 en las canchas del Club Racing, donde estuvo en juego el \u201cGran Premio CORRER Env\u00edos R\u00e1pidos\u201d.<\/p>\n<div id=\"publi-584\" class=\"publi C7\" data-publicidad=\"584\" data-nombre=\"Adsense medio\" data-tipo=\"html\">\n<p><strong>JUNKER EN SUPER MASTER<\/strong><\/p>\n<\/div>\n<p>En \u201cSuper Master\u201d, el actual campe\u00f3n, Alberto Junker, regres\u00f3 a la victoria, luego de derrotar en la final (6\/4) a Pablo Andino. Marcelo Albornoz (3o) y Guido Brunner (4o) completaron el cuadro de honor. Con los resultados registrados, el torneo qued\u00f3 al \u201crojo vivo\u201d , ya que hay un triple empate en el primer puesto del Ranking entre Junker, Andino y An\u00edbal Huber, quienes totalizan 495 puntos, seguidos por Albornoz, que tiene 490.<br \/>\nEn Dobles, los ganadores de la jornada fueron Augusto Prestofelippo de Crespo y Mat\u00edas Mendieta de Ram\u00edrez, quienes derrotaron en la final (6\/3) a Guido Brunner- Ernesto Yauck.<\/p>\n<p><strong>AN\u00cdBAL R\u00cdOS EN MASTER A<\/strong><\/p>\n<p>An\u00edbal R\u00edos de Crespo gan\u00f3 la 6a fecha de Master A. En la final, el campe\u00f3n 2022 y actual No 1 del Ranking, venci\u00f3 a Gustavo Mildemberger de Crespo, por 6\/4. La galer\u00eda de destacados la completaron Leandro Ibarra de Segu\u00ed (3o) y Pablo Neme de Paran\u00e1 (4o).<br \/>\nIbarra, con el ramirense Lautaro Torriani fueron los campeones de \u201cDobles A\u201d. Derrotaron en el cotejo decisivo a Marcelo L\u00f3pez de Bovril y Juan Vel\u00e1zquez de Ram\u00edrez, por 6\/3. Al cuadro de honor lo completaron Nelson Weisheim de Hernandarias-Gustavo Regner de Ram\u00edrez (3o) y Gustavo Meynet de Paran\u00e1-Jorge Kreiman de Hern\u00e1ndez (4o).<\/p>\n<p>Con los resultados registrados, Ibarra se transform\u00f3 en el nuevo No 1 del Ranking de esta modalidad, con una diferencia de solamente 10 puntos sobre Brunner, quien ven\u00eda liderando las posiciones hasta esta jornada.<\/p>\n<p><img loading=\"lazy\" decoding=\"async\" class=\" ls-is-cached lazyloaded\" src=\"https:\/\/estacionplus-media.ar\/%77%70%2d%63%6f%6e%74%65%6e%74\/uploads\/2023\/08\/info-2-Rios.jpg\" alt=\"\" width=\"699\" height=\"507\" data-src=\"https:\/\/estacionplus-media.ar\/%77%70%2d%63%6f%6e%74%65%6e%74\/uploads\/2023\/08\/info-2-Rios.jpg\" \/><\/p>\n<p><strong>SOPL\u00c1N EN MASTER B<\/strong><\/p>\n<p>En \u201cMaster B\u201d, Alexis Sopl\u00e1n de Valle Mar\u00eda fue el campe\u00f3n, tras derrotar en la final a Javier Schvab (No 1 del Ranking) por 7\/5. Oscar Gotte de Cerrito (3o) y Germ\u00e1n Schreiner de Ram\u00edrez (4o) completaron el cuadro de destacados de la jornada.<\/p>\n<p>En \u201cDobles B\u201d, el local Fernando Bessler y el cerritense Oscar Gotte fueron los ganadores de la jornada.<br \/>\nSuperaron en la final (6\/1) a Germ\u00e1n Schreiner-Rub\u00e9n Leichner.<\/p>\n<p><strong>VEL\u00c1ZQUEZ EN LA SUPERCOPA<\/strong><\/p>\n<p>Como en cada fecha del CZM, se puso en juego la \u201cSupercopa\u201d (suma de singles y dobles), que fue ganada en esta ocasi\u00f3n por el local Juan Carlos Vel\u00e1zquez, quien tuvo un destacado papel: fue subcampe\u00f3n en dobles (con Marcelo L\u00f3pez de Bovril) y lleg\u00f3 a cuartos de final en singles.<\/p>\n<p><strong>PR\u00d3XIMA FECHA<\/strong><\/p>\n<p>La pr\u00f3xima fecha (7a de la temporada), se jugar\u00e1 el s\u00e1bado 2 y domingo 3 de septiembre, en las canchas del Club Racing de Ram\u00edrez.(<em>Estaci\u00f3n Plus Crespo<\/em>)<\/p>\n","protected":false},"excerpt":{"rendered":"<p>Este fin de semana se disput\u00f3 la 6a fecha de la temporada 2023 del Circuito Zonal Master de tenis \u201cCopa Direcci\u00f3n de Deportes-Municipalidad de Ram\u00edrez\u201d.<\/p>\n","protected":false},"author":8,"featured_media":161152,"comment_status":"open","ping_status":"open","sticky":false,"template":"","format":"standard","meta":{"fifu_image_url":"","fifu_image_alt":"","footnotes":""},"categories":[5],"tags":[4203,556],"class_list":{"0":"post-161143","1":"post","2":"type-post","3":"status-publish","4":"format-standard","5":"has-post-thumbnail","7":"category-zonales","8":"tag-czm","9":"tag-general-ramirez"},"yoast_head":"<title>Tenis: Junker, R\u00edos y Sopl\u00e1n se destacaron en 6a fecha del CZM - Informe Litoral<\/title>\n<meta name=\"robots\" content=\"index, follow, max-snippet:-1, max-image-preview:large, max-video-preview:-1\" \/>\n<link rel=\"canonical\" href=\"https:\/\/informelitoral.com.ar\/tenis-junker-rios-y-soplan-se-destacaron-en-6a-fecha-del-czm\/\" \/>\n<meta property=\"og:locale\" content=\"es_ES\" \/>\n<meta property=\"og:type\" content=\"article\" \/>\n<meta property=\"og:title\" content=\"Tenis: Junker, R\u00edos y Sopl\u00e1n se destacaron en 6a fecha del CZM - Informe Litoral\" \/>\n<meta property=\"og:description\" content=\"Este fin de semana se disput\u00f3 la 6a fecha de la temporada 2023 del Circuito Zonal Master de tenis \u201cCopa Direcci\u00f3n de Deportes-Municipalidad de Ram\u00edrez\u201d.\" \/>\n<meta property=\"og:url\" content=\"https:\/\/informelitoral.com.ar\/tenis-junker-rios-y-soplan-se-destacaron-en-6a-fecha-del-czm\/\" \/>\n<meta property=\"og:site_name\" content=\"Informe Litoral\" \/>\n<meta property=\"article:publisher\" content=\"https:\/\/www.facebook.com\/informelitoral\/\" \/>\n<meta property=\"article:published_time\" content=\"2023-08-08T13:52:09+00:00\" \/>\n<meta property=\"article:modified_time\" content=\"2023-08-08T15:54:09+00:00\" \/>\n<meta property=\"og:image\" content=\"https:\/\/informelitoral.com.ar\/%77%70%2d%63%6f%6e%74%65%6e%74\/uploads\/2023\/08\/Circuito-podio-SM-1024x768-1.jpg\" \/>\n\t<meta property=\"og:image:width\" content=\"1024\" \/>\n\t<meta property=\"og:image:height\" content=\"768\" \/>\n\t<meta property=\"og:image:type\" content=\"image\/jpeg\" \/>\n<meta name=\"author\" content=\"Sebastian\" \/>\n<meta name=\"twitter:card\" content=\"summary_large_image\" \/>\n<meta name=\"twitter:creator\" content=\"@InformeLitoral\" \/>\n<meta name=\"twitter:site\" content=\"@InformeLitoral\" \/>\n<meta name=\"twitter:label1\" content=\"Escrito por\" \/>\n\t<meta name=\"twitter:data1\" content=\"Sebastian\" \/>\n\t<meta name=\"twitter:label2\" content=\"Tiempo de lectura\" \/>\n\t<meta name=\"twitter:data2\" content=\"2 minutos\" \/>\n<script type=\"application\/ld+json\" class=\"yoast-schema-graph\">{\"@context\":\"https:\\\/\\\/schema.org\",\"@graph\":[{\"@type\":\"Article\",\"@id\":\"https:\\\/\\\/informelitoral.com.ar\\\/tenis-junker-rios-y-soplan-se-destacaron-en-6a-fecha-del-czm\\\/#article\",\"isPartOf\":{\"@id\":\"https:\\\/\\\/informelitoral.com.ar\\\/tenis-junker-rios-y-soplan-se-destacaron-en-6a-fecha-del-czm\\\/\"},\"author\":{\"name\":\"Sebastian\",\"@id\":\"https:\\\/\\\/informelitoral.com.ar\\\/#\\\/schema\\\/person\\\/f05f9f461677119578717524b127d6d5\"},\"headline\":\"Tenis: Junker, R\u00edos y Sopl\u00e1n se destacaron en 6a fecha del CZM\",\"datePublished\":\"2023-08-08T13:52:09+00:00\",\"dateModified\":\"2023-08-08T15:54:09+00:00\",\"mainEntityOfPage\":{\"@id\":\"https:\\\/\\\/informelitoral.com.ar\\\/tenis-junker-rios-y-soplan-se-destacaron-en-6a-fecha-del-czm\\\/\"},\"wordCount\":491,\"commentCount\":0,\"publisher\":{\"@id\":\"https:\\\/\\\/informelitoral.com.ar\\\/#organization\"},\"image\":{\"@id\":\"https:\\\/\\\/informelitoral.com.ar\\\/tenis-junker-rios-y-soplan-se-destacaron-en-6a-fecha-del-czm\\\/#primaryimage\"},\"thumbnailUrl\":\"https:\\\/\\\/informelitoral.com.ar\\\/%77%70%2d%63%6f%6e%74%65%6e%74\\\/uploads\\\/2023\\\/08\\\/Circuito-podio-SM-1024x768-1.jpg\",\"keywords\":[\"CZM\",\"General Ram\u00edrez\"],\"articleSection\":[\"Departamento Diamante\"],\"inLanguage\":\"es\",\"potentialAction\":[{\"@type\":\"CommentAction\",\"name\":\"Comment\",\"target\":[\"https:\\\/\\\/informelitoral.com.ar\\\/tenis-junker-rios-y-soplan-se-destacaron-en-6a-fecha-del-czm\\\/#respond\"]}]},{\"@type\":\"WebPage\",\"@id\":\"https:\\\/\\\/informelitoral.com.ar\\\/tenis-junker-rios-y-soplan-se-destacaron-en-6a-fecha-del-czm\\\/\",\"url\":\"https:\\\/\\\/informelitoral.com.ar\\\/tenis-junker-rios-y-soplan-se-destacaron-en-6a-fecha-del-czm\\\/\",\"name\":\"Tenis: Junker, R\u00edos y Sopl\u00e1n se destacaron en 6a fecha del CZM - Informe Litoral\",\"isPartOf\":{\"@id\":\"https:\\\/\\\/informelitoral.com.ar\\\/#website\"},\"primaryImageOfPage\":{\"@id\":\"https:\\\/\\\/informelitoral.com.ar\\\/tenis-junker-rios-y-soplan-se-destacaron-en-6a-fecha-del-czm\\\/#primaryimage\"},\"image\":{\"@id\":\"https:\\\/\\\/informelitoral.com.ar\\\/tenis-junker-rios-y-soplan-se-destacaron-en-6a-fecha-del-czm\\\/#primaryimage\"},\"thumbnailUrl\":\"https:\\\/\\\/informelitoral.com.ar\\\/%77%70%2d%63%6f%6e%74%65%6e%74\\\/uploads\\\/2023\\\/08\\\/Circuito-podio-SM-1024x768-1.jpg\",\"datePublished\":\"2023-08-08T13:52:09+00:00\",\"dateModified\":\"2023-08-08T15:54:09+00:00\",\"breadcrumb\":{\"@id\":\"https:\\\/\\\/informelitoral.com.ar\\\/tenis-junker-rios-y-soplan-se-destacaron-en-6a-fecha-del-czm\\\/#breadcrumb\"},\"inLanguage\":\"es\",\"potentialAction\":[{\"@type\":\"ReadAction\",\"target\":[\"https:\\\/\\\/informelitoral.com.ar\\\/tenis-junker-rios-y-soplan-se-destacaron-en-6a-fecha-del-czm\\\/\"]}]},{\"@type\":\"ImageObject\",\"inLanguage\":\"es\",\"@id\":\"https:\\\/\\\/informelitoral.com.ar\\\/tenis-junker-rios-y-soplan-se-destacaron-en-6a-fecha-del-czm\\\/#primaryimage\",\"url\":\"https:\\\/\\\/informelitoral.com.ar\\\/%77%70%2d%63%6f%6e%74%65%6e%74\\\/uploads\\\/2023\\\/08\\\/Circuito-podio-SM-1024x768-1.jpg\",\"contentUrl\":\"https:\\\/\\\/informelitoral.com.ar\\\/%77%70%2d%63%6f%6e%74%65%6e%74\\\/uploads\\\/2023\\\/08\\\/Circuito-podio-SM-1024x768-1.jpg\",\"width\":1024,\"height\":768},{\"@type\":\"BreadcrumbList\",\"@id\":\"https:\\\/\\\/informelitoral.com.ar\\\/tenis-junker-rios-y-soplan-se-destacaron-en-6a-fecha-del-czm\\\/#breadcrumb\",\"itemListElement\":[{\"@type\":\"ListItem\",\"position\":1,\"name\":\"Portada\",\"item\":\"https:\\\/\\\/informelitoral.com.ar\\\/\"},{\"@type\":\"ListItem\",\"position\":2,\"name\":\"Tenis: Junker, R\u00edos y Sopl\u00e1n se destacaron en 6a fecha del CZM\"}]},{\"@type\":\"WebSite\",\"@id\":\"https:\\\/\\\/informelitoral.com.ar\\\/#website\",\"url\":\"https:\\\/\\\/informelitoral.com.ar\\\/\",\"name\":\"Informe Litoral\",\"description\":\"&quot;Nos informamos&quot; \",\"publisher\":{\"@id\":\"https:\\\/\\\/informelitoral.com.ar\\\/#organization\"},\"potentialAction\":[{\"@type\":\"SearchAction\",\"target\":{\"@type\":\"EntryPoint\",\"urlTemplate\":\"https:\\\/\\\/informelitoral.com.ar\\\/?s={search_term_string}\"},\"query-input\":{\"@type\":\"PropertyValueSpecification\",\"valueRequired\":true,\"valueName\":\"search_term_string\"}}],\"inLanguage\":\"es\"},{\"@type\":\"Organization\",\"@id\":\"https:\\\/\\\/informelitoral.com.ar\\\/#organization\",\"name\":\"Informe Litoral\",\"url\":\"https:\\\/\\\/informelitoral.com.ar\\\/\",\"logo\":{\"@type\":\"ImageObject\",\"inLanguage\":\"es\",\"@id\":\"https:\\\/\\\/informelitoral.com.ar\\\/#\\\/schema\\\/logo\\\/image\\\/\",\"url\":\"https:\\\/\\\/informelitoral.com.ar\\\/%77%70%2d%63%6f%6e%74%65%6e%74\\\/uploads\\\/2021\\\/01\\\/circulo.png\",\"contentUrl\":\"https:\\\/\\\/informelitoral.com.ar\\\/%77%70%2d%63%6f%6e%74%65%6e%74\\\/uploads\\\/2021\\\/01\\\/circulo.png\",\"width\":723,\"height\":731,\"caption\":\"Informe Litoral\"},\"image\":{\"@id\":\"https:\\\/\\\/informelitoral.com.ar\\\/#\\\/schema\\\/logo\\\/image\\\/\"},\"sameAs\":[\"https:\\\/\\\/www.facebook.com\\\/informelitoral\\\/\",\"https:\\\/\\\/x.com\\\/InformeLitoral\",\"https:\\\/\\\/www.instagram.com\\\/informelitoral\\\/\",\"https:\\\/\\\/www.youtube.com\\\/channel\\\/UCua4Qvz8Icb6MYqhoq9xLXw\"]},{\"@type\":\"Person\",\"@id\":\"https:\\\/\\\/informelitoral.com.ar\\\/#\\\/schema\\\/person\\\/f05f9f461677119578717524b127d6d5\",\"name\":\"Sebastian\",\"image\":{\"@type\":\"ImageObject\",\"inLanguage\":\"es\",\"@id\":\"https:\\\/\\\/secure.gravatar.com\\\/avatar\\\/b71bf7481d447dfb9583c7f2798e7cc64de6efb9067b74633ed8c31059a3bd82?s=96&d=mm&r=g\",\"url\":\"https:\\\/\\\/secure.gravatar.com\\\/avatar\\\/b71bf7481d447dfb9583c7f2798e7cc64de6efb9067b74633ed8c31059a3bd82?s=96&d=mm&r=g\",\"contentUrl\":\"https:\\\/\\\/secure.gravatar.com\\\/avatar\\\/b71bf7481d447dfb9583c7f2798e7cc64de6efb9067b74633ed8c31059a3bd82?s=96&d=mm&r=g\",\"caption\":\"Sebastian\"},\"url\":\"https:\\\/\\\/informelitoral.com.ar\\\/author\\\/sebastian\\\/\"}]}<\/script>","yoast_head_json":{"title":"Tenis: Junker, R\u00edos y Sopl\u00e1n se destacaron en 6a fecha del CZM - Informe Litoral","robots":{"index":"index","follow":"follow","max-snippet":"max-snippet:-1","max-image-preview":"max-image-preview:large","max-video-preview":"max-video-preview:-1"},"canonical":"https:\/\/informelitoral.com.ar\/tenis-junker-rios-y-soplan-se-destacaron-en-6a-fecha-del-czm\/","og_locale":"es_ES","og_type":"article","og_title":"Tenis: Junker, R\u00edos y Sopl\u00e1n se destacaron en 6a fecha del CZM - Informe Litoral","og_description":"Este fin de semana se disput\u00f3 la 6a fecha de la temporada 2023 del Circuito Zonal Master de tenis \u201cCopa Direcci\u00f3n de Deportes-Municipalidad de Ram\u00edrez\u201d.","og_url":"https:\/\/informelitoral.com.ar\/tenis-junker-rios-y-soplan-se-destacaron-en-6a-fecha-del-czm\/","og_site_name":"Informe Litoral","article_publisher":"https:\/\/www.facebook.com\/informelitoral\/","article_published_time":"2023-08-08T13:52:09+00:00","article_modified_time":"2023-08-08T15:54:09+00:00","og_image":[{"width":1024,"height":768,"url":"https:\/\/informelitoral.com.ar\/%77%70%2d%63%6f%6e%74%65%6e%74\/uploads\/2023\/08\/Circuito-podio-SM-1024x768-1.jpg","type":"image\/jpeg"}],"author":"Sebastian","twitter_card":"summary_large_image","twitter_creator":"@InformeLitoral","twitter_site":"@InformeLitoral","twitter_misc":{"Escrito por":"Sebastian","Tiempo de lectura":"2 minutos"},"schema":{"@context":"https:\/\/schema.org","@graph":[{"@type":"Article","@id":"https:\/\/informelitoral.com.ar\/tenis-junker-rios-y-soplan-se-destacaron-en-6a-fecha-del-czm\/#article","isPartOf":{"@id":"https:\/\/informelitoral.com.ar\/tenis-junker-rios-y-soplan-se-destacaron-en-6a-fecha-del-czm\/"},"author":{"name":"Sebastian","@id":"https:\/\/informelitoral.com.ar\/#\/schema\/person\/f05f9f461677119578717524b127d6d5"},"headline":"Tenis: Junker, R\u00edos y Sopl\u00e1n se destacaron en 6a fecha del CZM","datePublished":"2023-08-08T13:52:09+00:00","dateModified":"2023-08-08T15:54:09+00:00","mainEntityOfPage":{"@id":"https:\/\/informelitoral.com.ar\/tenis-junker-rios-y-soplan-se-destacaron-en-6a-fecha-del-czm\/"},"wordCount":491,"commentCount":0,"publisher":{"@id":"https:\/\/informelitoral.com.ar\/#organization"},"image":{"@id":"https:\/\/informelitoral.com.ar\/tenis-junker-rios-y-soplan-se-destacaron-en-6a-fecha-del-czm\/#primaryimage"},"thumbnailUrl":"https:\/\/informelitoral.com.ar\/%77%70%2d%63%6f%6e%74%65%6e%74\/uploads\/2023\/08\/Circuito-podio-SM-1024x768-1.jpg","keywords":["CZM","General Ram\u00edrez"],"articleSection":["Departamento Diamante"],"inLanguage":"es","potentialAction":[{"@type":"CommentAction","name":"Comment","target":["https:\/\/informelitoral.com.ar\/tenis-junker-rios-y-soplan-se-destacaron-en-6a-fecha-del-czm\/#respond"]}]},{"@type":"WebPage","@id":"https:\/\/informelitoral.com.ar\/tenis-junker-rios-y-soplan-se-destacaron-en-6a-fecha-del-czm\/","url":"https:\/\/informelitoral.com.ar\/tenis-junker-rios-y-soplan-se-destacaron-en-6a-fecha-del-czm\/","name":"Tenis: Junker, R\u00edos y Sopl\u00e1n se destacaron en 6a fecha del CZM - Informe Litoral","isPartOf":{"@id":"https:\/\/informelitoral.com.ar\/#website"},"primaryImageOfPage":{"@id":"https:\/\/informelitoral.com.ar\/tenis-junker-rios-y-soplan-se-destacaron-en-6a-fecha-del-czm\/#primaryimage"},"image":{"@id":"https:\/\/informelitoral.com.ar\/tenis-junker-rios-y-soplan-se-destacaron-en-6a-fecha-del-czm\/#primaryimage"},"thumbnailUrl":"https:\/\/informelitoral.com.ar\/%77%70%2d%63%6f%6e%74%65%6e%74\/uploads\/2023\/08\/Circuito-podio-SM-1024x768-1.jpg","datePublished":"2023-08-08T13:52:09+00:00","dateModified":"2023-08-08T15:54:09+00:00","breadcrumb":{"@id":"https:\/\/informelitoral.com.ar\/tenis-junker-rios-y-soplan-se-destacaron-en-6a-fecha-del-czm\/#breadcrumb"},"inLanguage":"es","potentialAction":[{"@type":"ReadAction","target":["https:\/\/informelitoral.com.ar\/tenis-junker-rios-y-soplan-se-destacaron-en-6a-fecha-del-czm\/"]}]},{"@type":"ImageObject","inLanguage":"es","@id":"https:\/\/informelitoral.com.ar\/tenis-junker-rios-y-soplan-se-destacaron-en-6a-fecha-del-czm\/#primaryimage","url":"https:\/\/informelitoral.com.ar\/%77%70%2d%63%6f%6e%74%65%6e%74\/uploads\/2023\/08\/Circuito-podio-SM-1024x768-1.jpg","contentUrl":"https:\/\/informelitoral.com.ar\/%77%70%2d%63%6f%6e%74%65%6e%74\/uploads\/2023\/08\/Circuito-podio-SM-1024x768-1.jpg","width":1024,"height":768},{"@type":"BreadcrumbList","@id":"https:\/\/informelitoral.com.ar\/tenis-junker-rios-y-soplan-se-destacaron-en-6a-fecha-del-czm\/#breadcrumb","itemListElement":[{"@type":"ListItem","position":1,"name":"Portada","item":"https:\/\/informelitoral.com.ar\/"},{"@type":"ListItem","position":2,"name":"Tenis: Junker, R\u00edos y Sopl\u00e1n se destacaron en 6a fecha del CZM"}]},{"@type":"WebSite","@id":"https:\/\/informelitoral.com.ar\/#website","url":"https:\/\/informelitoral.com.ar\/","name":"Informe Litoral","description":"&quot;Nos informamos&quot; ","publisher":{"@id":"https:\/\/informelitoral.com.ar\/#organization"},"potentialAction":[{"@type":"SearchAction","target":{"@type":"EntryPoint","urlTemplate":"https:\/\/informelitoral.com.ar\/?s={search_term_string}"},"query-input":{"@type":"PropertyValueSpecification","valueRequired":true,"valueName":"search_term_string"}}],"inLanguage":"es"},{"@type":"Organization","@id":"https:\/\/informelitoral.com.ar\/#organization","name":"Informe Litoral","url":"https:\/\/informelitoral.com.ar\/","logo":{"@type":"ImageObject","inLanguage":"es","@id":"https:\/\/informelitoral.com.ar\/#\/schema\/logo\/image\/","url":"https:\/\/informelitoral.com.ar\/%77%70%2d%63%6f%6e%74%65%6e%74\/uploads\/2021\/01\/circulo.png","contentUrl":"https:\/\/informelitoral.com.ar\/%77%70%2d%63%6f%6e%74%65%6e%74\/uploads\/2021\/01\/circulo.png","width":723,"height":731,"caption":"Informe Litoral"},"image":{"@id":"https:\/\/informelitoral.com.ar\/#\/schema\/logo\/image\/"},"sameAs":["https:\/\/www.facebook.com\/informelitoral\/","https:\/\/x.com\/InformeLitoral","https:\/\/www.instagram.com\/informelitoral\/","https:\/\/www.youtube.com\/channel\/UCua4Qvz8Icb6MYqhoq9xLXw"]},{"@type":"Person","@id":"https:\/\/informelitoral.com.ar\/#\/schema\/person\/f05f9f461677119578717524b127d6d5","name":"Sebastian","image":{"@type":"ImageObject","inLanguage":"es","@id":"https:\/\/secure.gravatar.com\/avatar\/b71bf7481d447dfb9583c7f2798e7cc64de6efb9067b74633ed8c31059a3bd82?s=96&d=mm&r=g","url":"https:\/\/secure.gravatar.com\/avatar\/b71bf7481d447dfb9583c7f2798e7cc64de6efb9067b74633ed8c31059a3bd82?s=96&d=mm&r=g","contentUrl":"https:\/\/secure.gravatar.com\/avatar\/b71bf7481d447dfb9583c7f2798e7cc64de6efb9067b74633ed8c31059a3bd82?s=96&d=mm&r=g","caption":"Sebastian"},"url":"https:\/\/informelitoral.com.ar\/author\/sebastian\/"}]}},"_links":{"self":[{"href":"https:\/\/informelitoral.com.ar\/%77%70%2d%6a%73%6f%6e\/wp\/v2\/posts\/161143","targetHints":{"allow":["GET"]}}],"collection":[{"href":"https:\/\/informelitoral.com.ar\/%77%70%2d%6a%73%6f%6e\/wp\/v2\/posts"}],"about":[{"href":"https:\/\/informelitoral.com.ar\/%77%70%2d%6a%73%6f%6e\/wp\/v2\/types\/post"}],"author":[{"embeddable":true,"href":"https:\/\/informelitoral.com.ar\/%77%70%2d%6a%73%6f%6e\/wp\/v2\/users\/8"}],"replies":[{"embeddable":true,"href":"https:\/\/informelitoral.com.ar\/%77%70%2d%6a%73%6f%6e\/wp\/v2\/comments?post=161143"}],"version-history":[{"count":0,"href":"https:\/\/informelitoral.com.ar\/%77%70%2d%6a%73%6f%6e\/wp\/v2\/posts\/161143\/revisions"}],"wp:featuredmedia":[{"embeddable":true,"href":"https:\/\/informelitoral.com.ar\/%77%70%2d%6a%73%6f%6e\/wp\/v2\/media\/161152"}],"wp:attachment":[{"href":"https:\/\/informelitoral.com.ar\/%77%70%2d%6a%73%6f%6e\/wp\/v2\/media?parent=161143"}],"wp:term":[{"taxonomy":"category","embeddable":true,"href":"https:\/\/informelitoral.com.ar\/%77%70%2d%6a%73%6f%6e\/wp\/v2\/categories?post=161143"},{"taxonomy":"post_tag","embeddable":true,"href":"https:\/\/informelitoral.com.ar\/%77%70%2d%6a%73%6f%6e\/wp\/v2\/tags?post=161143"}],"curies":[{"name":"wp","href":"https:\/\/api.w.org\/{rel}","templated":true}]}}