{"id":160413,"date":"2023-08-02T08:36:18","date_gmt":"2023-08-02T11:36:18","guid":{"rendered":"https:\/\/www.informelitoral.com.ar\/?p=160413"},"modified":"2023-08-02T17:31:02","modified_gmt":"2023-08-02T20:31:02","slug":"cinco-heridos-al-despistar-y-volcar-una-camioneta-con-trailer-en-ruta-12","status":"publish","type":"post","link":"https:\/\/informelitoral.com.ar\/cinco-heridos-al-despistar-y-volcar-una-camioneta-con-trailer-en-ruta-12\/","title":{"rendered":"Cinco heridos al despistar y volcar una camioneta con trailer en Ruta 12"},"content":{"rendered":"<div class=\"cuerpo fullpost__cuerpo\">\n<p>En el anochecer de este lunes, polic\u00eda, bomberos voluntarios y el servicio de emergencias, tomaron intervenci\u00f3n en un siniestro vial ocurrido entre Aranguren y General Ram\u00edrez.<\/p>\n<p>El jefe de la Departamental Nogoy\u00e1, <strong>Alejandro Fern\u00e1ndez<\/strong>, precis\u00f3 que \u00abdotaciones de las dependencias m\u00e1s cercanas acudieron hasta el Km. 383 de la Ruta Nacional N\u00ba 12, donde por razones a determinar, una camioneta Toyota Hilux despist\u00f3 y volc\u00f3. Era conducida por un hombre de 51 a\u00f1os de edad, quien iba acompa\u00f1ado de otros cuatro, todos radicados en Nogoy\u00e1\u00bb.<\/p>\n<p>En cuanto a las circunstancias del suceso vial, el funcionario apunt\u00f3 que \u00abllevaban de tiro un trailer con herramientas de alba\u00f1iler\u00eda, traslad\u00e1ndose desde la ciudad de Segu\u00ed hacia Nogoy\u00e1. Primariamente, de acuerdo a las primeras diligencias, se presume que el trailer le hace \u00abtijera\u00bb y vuelca, quedando sobre la banquina Norte\u00bb.<\/p>\n<p><img decoding=\"async\" class=\"img-responsive ls-is-cached lazyloaded\" src=\"https:\/\/estacionplus-media.ar\/%77%70%2d%63%6f%6e%74%65%6e%74\/uploads\/2023\/08\/WhatsApp-Image-2023-08-01-at-07.50.27.jpg\" alt=\"WhatsApp-Image-2023-08-01-at-07.50.27\" width=\"auto\" height=\"auto\" data-src=\"https:\/\/estacionplus-media.ar\/%77%70%2d%63%6f%6e%74%65%6e%74\/uploads\/2023\/08\/WhatsApp-Image-2023-08-01-at-07.50.27.jpg\" \/><\/p>\n<p>Todos los ocupantes requirieron atenci\u00f3n m\u00e9dica, aunque los diagn\u00f3sticos fueron diversos: \u00abDos de ellos debieron ser trasladados al Hospital San Mart\u00edn de Paran\u00e1, ya que revest\u00edan lesiones de car\u00e1cter reservado, mientras que los tres restantes fueron atendidos en el hospital de la localidad de Ram\u00edrez, por heridas leves\u00bb, confirm\u00f3 Fern\u00e1ndez.<\/p>\n<p>No hubo corte de ruta, se trabaj\u00f3 sobre la banquina, con intervenci\u00f3n de la Divisi\u00f3n Criminal\u00edstica, Personal de Comisar\u00eda Aranguren, Prevenci\u00f3n Vial y Bomberos Voluntarios de Ram\u00edrez.<\/p>\n<\/div>\n","protected":false},"excerpt":{"rendered":"<p>El siniestro ocurri\u00f3 en el tramo entre Aranguren y Ram\u00edrez, debiendo dos de los lesionados ser derivados a Paran\u00e1.<\/p>\n","protected":false},"author":8,"featured_media":160417,"comment_status":"open","ping_status":"open","sticky":false,"template":"","format":"standard","meta":{"fifu_image_url":"","fifu_image_alt":"","footnotes":""},"categories":[14],"tags":[2978,143,27,305],"class_list":{"0":"post-160413","1":"post","2":"type-post","3":"status-publish","4":"format-standard","5":"has-post-thumbnail","7":"category-policiales","8":"tag-accidente-de-transito","9":"tag-aranguren","10":"tag-ramirez","11":"tag-ruta-12"},"yoast_head":"<title>Cinco heridos al despistar y volcar una camioneta con trailer en Ruta 12 - Informe Litoral<\/title>\n<meta name=\"robots\" content=\"index, follow, max-snippet:-1, max-image-preview:large, max-video-preview:-1\" \/>\n<link rel=\"canonical\" href=\"https:\/\/informelitoral.com.ar\/cinco-heridos-al-despistar-y-volcar-una-camioneta-con-trailer-en-ruta-12\/\" \/>\n<meta property=\"og:locale\" content=\"es_ES\" \/>\n<meta property=\"og:type\" content=\"article\" \/>\n<meta property=\"og:title\" content=\"Cinco heridos al despistar y volcar una camioneta con trailer en Ruta 12 - Informe Litoral\" \/>\n<meta property=\"og:description\" content=\"El siniestro ocurri\u00f3 en el tramo entre Aranguren y Ram\u00edrez, debiendo dos de los lesionados ser derivados a Paran\u00e1.\" \/>\n<meta property=\"og:url\" content=\"https:\/\/informelitoral.com.ar\/cinco-heridos-al-despistar-y-volcar-una-camioneta-con-trailer-en-ruta-12\/\" \/>\n<meta property=\"og:site_name\" content=\"Informe Litoral\" \/>\n<meta property=\"article:publisher\" content=\"https:\/\/www.facebook.com\/informelitoral\/\" \/>\n<meta property=\"article:published_time\" content=\"2023-08-02T11:36:18+00:00\" \/>\n<meta property=\"article:modified_time\" content=\"2023-08-02T20:31:02+00:00\" \/>\n<meta property=\"og:image\" content=\"https:\/\/informelitoral.com.ar\/%77%70%2d%63%6f%6e%74%65%6e%74\/uploads\/2023\/08\/WhatsApp-Image-2023-08-01-at-07.50.26.jpg\" \/>\n\t<meta property=\"og:image:width\" content=\"954\" \/>\n\t<meta property=\"og:image:height\" content=\"544\" \/>\n\t<meta property=\"og:image:type\" content=\"image\/jpeg\" \/>\n<meta name=\"author\" content=\"Sebastian\" \/>\n<meta name=\"twitter:card\" content=\"summary_large_image\" \/>\n<meta name=\"twitter:creator\" content=\"@InformeLitoral\" \/>\n<meta name=\"twitter:site\" content=\"@InformeLitoral\" \/>\n<meta name=\"twitter:label1\" content=\"Escrito por\" \/>\n\t<meta name=\"twitter:data1\" content=\"Sebastian\" \/>\n\t<meta name=\"twitter:label2\" content=\"Tiempo de lectura\" \/>\n\t<meta name=\"twitter:data2\" content=\"1 minuto\" \/>\n<script type=\"application\/ld+json\" class=\"yoast-schema-graph\">{\"@context\":\"https:\\\/\\\/schema.org\",\"@graph\":[{\"@type\":\"Article\",\"@id\":\"https:\\\/\\\/informelitoral.com.ar\\\/cinco-heridos-al-despistar-y-volcar-una-camioneta-con-trailer-en-ruta-12\\\/#article\",\"isPartOf\":{\"@id\":\"https:\\\/\\\/informelitoral.com.ar\\\/cinco-heridos-al-despistar-y-volcar-una-camioneta-con-trailer-en-ruta-12\\\/\"},\"author\":{\"name\":\"Sebastian\",\"@id\":\"https:\\\/\\\/informelitoral.com.ar\\\/#\\\/schema\\\/person\\\/f05f9f461677119578717524b127d6d5\"},\"headline\":\"Cinco heridos al despistar y volcar una camioneta con trailer en Ruta 12\",\"datePublished\":\"2023-08-02T11:36:18+00:00\",\"dateModified\":\"2023-08-02T20:31:02+00:00\",\"mainEntityOfPage\":{\"@id\":\"https:\\\/\\\/informelitoral.com.ar\\\/cinco-heridos-al-despistar-y-volcar-una-camioneta-con-trailer-en-ruta-12\\\/\"},\"wordCount\":246,\"commentCount\":0,\"publisher\":{\"@id\":\"https:\\\/\\\/informelitoral.com.ar\\\/#organization\"},\"image\":{\"@id\":\"https:\\\/\\\/informelitoral.com.ar\\\/cinco-heridos-al-despistar-y-volcar-una-camioneta-con-trailer-en-ruta-12\\\/#primaryimage\"},\"thumbnailUrl\":\"https:\\\/\\\/informelitoral.com.ar\\\/%77%70%2d%63%6f%6e%74%65%6e%74\\\/uploads\\\/2023\\\/08\\\/WhatsApp-Image-2023-08-01-at-07.50.26.jpg\",\"keywords\":[\"Accidente de tr\u00e1nsito\",\"Aranguren\",\"Ram\u00edrez\",\"Ruta 12\"],\"articleSection\":[\"Policiales\"],\"inLanguage\":\"es\",\"potentialAction\":[{\"@type\":\"CommentAction\",\"name\":\"Comment\",\"target\":[\"https:\\\/\\\/informelitoral.com.ar\\\/cinco-heridos-al-despistar-y-volcar-una-camioneta-con-trailer-en-ruta-12\\\/#respond\"]}]},{\"@type\":\"WebPage\",\"@id\":\"https:\\\/\\\/informelitoral.com.ar\\\/cinco-heridos-al-despistar-y-volcar-una-camioneta-con-trailer-en-ruta-12\\\/\",\"url\":\"https:\\\/\\\/informelitoral.com.ar\\\/cinco-heridos-al-despistar-y-volcar-una-camioneta-con-trailer-en-ruta-12\\\/\",\"name\":\"Cinco heridos al despistar y volcar una camioneta con trailer en Ruta 12 - Informe Litoral\",\"isPartOf\":{\"@id\":\"https:\\\/\\\/informelitoral.com.ar\\\/#website\"},\"primaryImageOfPage\":{\"@id\":\"https:\\\/\\\/informelitoral.com.ar\\\/cinco-heridos-al-despistar-y-volcar-una-camioneta-con-trailer-en-ruta-12\\\/#primaryimage\"},\"image\":{\"@id\":\"https:\\\/\\\/informelitoral.com.ar\\\/cinco-heridos-al-despistar-y-volcar-una-camioneta-con-trailer-en-ruta-12\\\/#primaryimage\"},\"thumbnailUrl\":\"https:\\\/\\\/informelitoral.com.ar\\\/%77%70%2d%63%6f%6e%74%65%6e%74\\\/uploads\\\/2023\\\/08\\\/WhatsApp-Image-2023-08-01-at-07.50.26.jpg\",\"datePublished\":\"2023-08-02T11:36:18+00:00\",\"dateModified\":\"2023-08-02T20:31:02+00:00\",\"breadcrumb\":{\"@id\":\"https:\\\/\\\/informelitoral.com.ar\\\/cinco-heridos-al-despistar-y-volcar-una-camioneta-con-trailer-en-ruta-12\\\/#breadcrumb\"},\"inLanguage\":\"es\",\"potentialAction\":[{\"@type\":\"ReadAction\",\"target\":[\"https:\\\/\\\/informelitoral.com.ar\\\/cinco-heridos-al-despistar-y-volcar-una-camioneta-con-trailer-en-ruta-12\\\/\"]}]},{\"@type\":\"ImageObject\",\"inLanguage\":\"es\",\"@id\":\"https:\\\/\\\/informelitoral.com.ar\\\/cinco-heridos-al-despistar-y-volcar-una-camioneta-con-trailer-en-ruta-12\\\/#primaryimage\",\"url\":\"https:\\\/\\\/informelitoral.com.ar\\\/%77%70%2d%63%6f%6e%74%65%6e%74\\\/uploads\\\/2023\\\/08\\\/WhatsApp-Image-2023-08-01-at-07.50.26.jpg\",\"contentUrl\":\"https:\\\/\\\/informelitoral.com.ar\\\/%77%70%2d%63%6f%6e%74%65%6e%74\\\/uploads\\\/2023\\\/08\\\/WhatsApp-Image-2023-08-01-at-07.50.26.jpg\",\"width\":954,\"height\":544},{\"@type\":\"BreadcrumbList\",\"@id\":\"https:\\\/\\\/informelitoral.com.ar\\\/cinco-heridos-al-despistar-y-volcar-una-camioneta-con-trailer-en-ruta-12\\\/#breadcrumb\",\"itemListElement\":[{\"@type\":\"ListItem\",\"position\":1,\"name\":\"Portada\",\"item\":\"https:\\\/\\\/informelitoral.com.ar\\\/\"},{\"@type\":\"ListItem\",\"position\":2,\"name\":\"Cinco heridos al despistar y volcar una camioneta con trailer en Ruta 12\"}]},{\"@type\":\"WebSite\",\"@id\":\"https:\\\/\\\/informelitoral.com.ar\\\/#website\",\"url\":\"https:\\\/\\\/informelitoral.com.ar\\\/\",\"name\":\"Informe Litoral\",\"description\":\"&quot;Nos informamos&quot; \",\"publisher\":{\"@id\":\"https:\\\/\\\/informelitoral.com.ar\\\/#organization\"},\"potentialAction\":[{\"@type\":\"SearchAction\",\"target\":{\"@type\":\"EntryPoint\",\"urlTemplate\":\"https:\\\/\\\/informelitoral.com.ar\\\/?s={search_term_string}\"},\"query-input\":{\"@type\":\"PropertyValueSpecification\",\"valueRequired\":true,\"valueName\":\"search_term_string\"}}],\"inLanguage\":\"es\"},{\"@type\":\"Organization\",\"@id\":\"https:\\\/\\\/informelitoral.com.ar\\\/#organization\",\"name\":\"Informe Litoral\",\"url\":\"https:\\\/\\\/informelitoral.com.ar\\\/\",\"logo\":{\"@type\":\"ImageObject\",\"inLanguage\":\"es\",\"@id\":\"https:\\\/\\\/informelitoral.com.ar\\\/#\\\/schema\\\/logo\\\/image\\\/\",\"url\":\"https:\\\/\\\/informelitoral.com.ar\\\/%77%70%2d%63%6f%6e%74%65%6e%74\\\/uploads\\\/2021\\\/01\\\/circulo.png\",\"contentUrl\":\"https:\\\/\\\/informelitoral.com.ar\\\/%77%70%2d%63%6f%6e%74%65%6e%74\\\/uploads\\\/2021\\\/01\\\/circulo.png\",\"width\":723,\"height\":731,\"caption\":\"Informe Litoral\"},\"image\":{\"@id\":\"https:\\\/\\\/informelitoral.com.ar\\\/#\\\/schema\\\/logo\\\/image\\\/\"},\"sameAs\":[\"https:\\\/\\\/www.facebook.com\\\/informelitoral\\\/\",\"https:\\\/\\\/x.com\\\/InformeLitoral\",\"https:\\\/\\\/www.instagram.com\\\/informelitoral\\\/\",\"https:\\\/\\\/www.youtube.com\\\/channel\\\/UCua4Qvz8Icb6MYqhoq9xLXw\"]},{\"@type\":\"Person\",\"@id\":\"https:\\\/\\\/informelitoral.com.ar\\\/#\\\/schema\\\/person\\\/f05f9f461677119578717524b127d6d5\",\"name\":\"Sebastian\",\"image\":{\"@type\":\"ImageObject\",\"inLanguage\":\"es\",\"@id\":\"https:\\\/\\\/secure.gravatar.com\\\/avatar\\\/b71bf7481d447dfb9583c7f2798e7cc64de6efb9067b74633ed8c31059a3bd82?s=96&d=mm&r=g\",\"url\":\"https:\\\/\\\/secure.gravatar.com\\\/avatar\\\/b71bf7481d447dfb9583c7f2798e7cc64de6efb9067b74633ed8c31059a3bd82?s=96&d=mm&r=g\",\"contentUrl\":\"https:\\\/\\\/secure.gravatar.com\\\/avatar\\\/b71bf7481d447dfb9583c7f2798e7cc64de6efb9067b74633ed8c31059a3bd82?s=96&d=mm&r=g\",\"caption\":\"Sebastian\"},\"url\":\"https:\\\/\\\/informelitoral.com.ar\\\/author\\\/sebastian\\\/\"}]}<\/script>","yoast_head_json":{"title":"Cinco heridos al despistar y volcar una camioneta con trailer en Ruta 12 - Informe Litoral","robots":{"index":"index","follow":"follow","max-snippet":"max-snippet:-1","max-image-preview":"max-image-preview:large","max-video-preview":"max-video-preview:-1"},"canonical":"https:\/\/informelitoral.com.ar\/cinco-heridos-al-despistar-y-volcar-una-camioneta-con-trailer-en-ruta-12\/","og_locale":"es_ES","og_type":"article","og_title":"Cinco heridos al despistar y volcar una camioneta con trailer en Ruta 12 - Informe Litoral","og_description":"El siniestro ocurri\u00f3 en el tramo entre Aranguren y Ram\u00edrez, debiendo dos de los lesionados ser derivados a Paran\u00e1.","og_url":"https:\/\/informelitoral.com.ar\/cinco-heridos-al-despistar-y-volcar-una-camioneta-con-trailer-en-ruta-12\/","og_site_name":"Informe Litoral","article_publisher":"https:\/\/www.facebook.com\/informelitoral\/","article_published_time":"2023-08-02T11:36:18+00:00","article_modified_time":"2023-08-02T20:31:02+00:00","og_image":[{"width":954,"height":544,"url":"https:\/\/informelitoral.com.ar\/%77%70%2d%63%6f%6e%74%65%6e%74\/uploads\/2023\/08\/WhatsApp-Image-2023-08-01-at-07.50.26.jpg","type":"image\/jpeg"}],"author":"Sebastian","twitter_card":"summary_large_image","twitter_creator":"@InformeLitoral","twitter_site":"@InformeLitoral","twitter_misc":{"Escrito por":"Sebastian","Tiempo de lectura":"1 minuto"},"schema":{"@context":"https:\/\/schema.org","@graph":[{"@type":"Article","@id":"https:\/\/informelitoral.com.ar\/cinco-heridos-al-despistar-y-volcar-una-camioneta-con-trailer-en-ruta-12\/#article","isPartOf":{"@id":"https:\/\/informelitoral.com.ar\/cinco-heridos-al-despistar-y-volcar-una-camioneta-con-trailer-en-ruta-12\/"},"author":{"name":"Sebastian","@id":"https:\/\/informelitoral.com.ar\/#\/schema\/person\/f05f9f461677119578717524b127d6d5"},"headline":"Cinco heridos al despistar y volcar una camioneta con trailer en Ruta 12","datePublished":"2023-08-02T11:36:18+00:00","dateModified":"2023-08-02T20:31:02+00:00","mainEntityOfPage":{"@id":"https:\/\/informelitoral.com.ar\/cinco-heridos-al-despistar-y-volcar-una-camioneta-con-trailer-en-ruta-12\/"},"wordCount":246,"commentCount":0,"publisher":{"@id":"https:\/\/informelitoral.com.ar\/#organization"},"image":{"@id":"https:\/\/informelitoral.com.ar\/cinco-heridos-al-despistar-y-volcar-una-camioneta-con-trailer-en-ruta-12\/#primaryimage"},"thumbnailUrl":"https:\/\/informelitoral.com.ar\/%77%70%2d%63%6f%6e%74%65%6e%74\/uploads\/2023\/08\/WhatsApp-Image-2023-08-01-at-07.50.26.jpg","keywords":["Accidente de tr\u00e1nsito","Aranguren","Ram\u00edrez","Ruta 12"],"articleSection":["Policiales"],"inLanguage":"es","potentialAction":[{"@type":"CommentAction","name":"Comment","target":["https:\/\/informelitoral.com.ar\/cinco-heridos-al-despistar-y-volcar-una-camioneta-con-trailer-en-ruta-12\/#respond"]}]},{"@type":"WebPage","@id":"https:\/\/informelitoral.com.ar\/cinco-heridos-al-despistar-y-volcar-una-camioneta-con-trailer-en-ruta-12\/","url":"https:\/\/informelitoral.com.ar\/cinco-heridos-al-despistar-y-volcar-una-camioneta-con-trailer-en-ruta-12\/","name":"Cinco heridos al despistar y volcar una camioneta con trailer en Ruta 12 - Informe Litoral","isPartOf":{"@id":"https:\/\/informelitoral.com.ar\/#website"},"primaryImageOfPage":{"@id":"https:\/\/informelitoral.com.ar\/cinco-heridos-al-despistar-y-volcar-una-camioneta-con-trailer-en-ruta-12\/#primaryimage"},"image":{"@id":"https:\/\/informelitoral.com.ar\/cinco-heridos-al-despistar-y-volcar-una-camioneta-con-trailer-en-ruta-12\/#primaryimage"},"thumbnailUrl":"https:\/\/informelitoral.com.ar\/%77%70%2d%63%6f%6e%74%65%6e%74\/uploads\/2023\/08\/WhatsApp-Image-2023-08-01-at-07.50.26.jpg","datePublished":"2023-08-02T11:36:18+00:00","dateModified":"2023-08-02T20:31:02+00:00","breadcrumb":{"@id":"https:\/\/informelitoral.com.ar\/cinco-heridos-al-despistar-y-volcar-una-camioneta-con-trailer-en-ruta-12\/#breadcrumb"},"inLanguage":"es","potentialAction":[{"@type":"ReadAction","target":["https:\/\/informelitoral.com.ar\/cinco-heridos-al-despistar-y-volcar-una-camioneta-con-trailer-en-ruta-12\/"]}]},{"@type":"ImageObject","inLanguage":"es","@id":"https:\/\/informelitoral.com.ar\/cinco-heridos-al-despistar-y-volcar-una-camioneta-con-trailer-en-ruta-12\/#primaryimage","url":"https:\/\/informelitoral.com.ar\/%77%70%2d%63%6f%6e%74%65%6e%74\/uploads\/2023\/08\/WhatsApp-Image-2023-08-01-at-07.50.26.jpg","contentUrl":"https:\/\/informelitoral.com.ar\/%77%70%2d%63%6f%6e%74%65%6e%74\/uploads\/2023\/08\/WhatsApp-Image-2023-08-01-at-07.50.26.jpg","width":954,"height":544},{"@type":"BreadcrumbList","@id":"https:\/\/informelitoral.com.ar\/cinco-heridos-al-despistar-y-volcar-una-camioneta-con-trailer-en-ruta-12\/#breadcrumb","itemListElement":[{"@type":"ListItem","position":1,"name":"Portada","item":"https:\/\/informelitoral.com.ar\/"},{"@type":"ListItem","position":2,"name":"Cinco heridos al despistar y volcar una camioneta con trailer en Ruta 12"}]},{"@type":"WebSite","@id":"https:\/\/informelitoral.com.ar\/#website","url":"https:\/\/informelitoral.com.ar\/","name":"Informe Litoral","description":"&quot;Nos informamos&quot; ","publisher":{"@id":"https:\/\/informelitoral.com.ar\/#organization"},"potentialAction":[{"@type":"SearchAction","target":{"@type":"EntryPoint","urlTemplate":"https:\/\/informelitoral.com.ar\/?s={search_term_string}"},"query-input":{"@type":"PropertyValueSpecification","valueRequired":true,"valueName":"search_term_string"}}],"inLanguage":"es"},{"@type":"Organization","@id":"https:\/\/informelitoral.com.ar\/#organization","name":"Informe Litoral","url":"https:\/\/informelitoral.com.ar\/","logo":{"@type":"ImageObject","inLanguage":"es","@id":"https:\/\/informelitoral.com.ar\/#\/schema\/logo\/image\/","url":"https:\/\/informelitoral.com.ar\/%77%70%2d%63%6f%6e%74%65%6e%74\/uploads\/2021\/01\/circulo.png","contentUrl":"https:\/\/informelitoral.com.ar\/%77%70%2d%63%6f%6e%74%65%6e%74\/uploads\/2021\/01\/circulo.png","width":723,"height":731,"caption":"Informe Litoral"},"image":{"@id":"https:\/\/informelitoral.com.ar\/#\/schema\/logo\/image\/"},"sameAs":["https:\/\/www.facebook.com\/informelitoral\/","https:\/\/x.com\/InformeLitoral","https:\/\/www.instagram.com\/informelitoral\/","https:\/\/www.youtube.com\/channel\/UCua4Qvz8Icb6MYqhoq9xLXw"]},{"@type":"Person","@id":"https:\/\/informelitoral.com.ar\/#\/schema\/person\/f05f9f461677119578717524b127d6d5","name":"Sebastian","image":{"@type":"ImageObject","inLanguage":"es","@id":"https:\/\/secure.gravatar.com\/avatar\/b71bf7481d447dfb9583c7f2798e7cc64de6efb9067b74633ed8c31059a3bd82?s=96&d=mm&r=g","url":"https:\/\/secure.gravatar.com\/avatar\/b71bf7481d447dfb9583c7f2798e7cc64de6efb9067b74633ed8c31059a3bd82?s=96&d=mm&r=g","contentUrl":"https:\/\/secure.gravatar.com\/avatar\/b71bf7481d447dfb9583c7f2798e7cc64de6efb9067b74633ed8c31059a3bd82?s=96&d=mm&r=g","caption":"Sebastian"},"url":"https:\/\/informelitoral.com.ar\/author\/sebastian\/"}]}},"_links":{"self":[{"href":"https:\/\/informelitoral.com.ar\/%77%70%2d%6a%73%6f%6e\/wp\/v2\/posts\/160413","targetHints":{"allow":["GET"]}}],"collection":[{"href":"https:\/\/informelitoral.com.ar\/%77%70%2d%6a%73%6f%6e\/wp\/v2\/posts"}],"about":[{"href":"https:\/\/informelitoral.com.ar\/%77%70%2d%6a%73%6f%6e\/wp\/v2\/types\/post"}],"author":[{"embeddable":true,"href":"https:\/\/informelitoral.com.ar\/%77%70%2d%6a%73%6f%6e\/wp\/v2\/users\/8"}],"replies":[{"embeddable":true,"href":"https:\/\/informelitoral.com.ar\/%77%70%2d%6a%73%6f%6e\/wp\/v2\/comments?post=160413"}],"version-history":[{"count":0,"href":"https:\/\/informelitoral.com.ar\/%77%70%2d%6a%73%6f%6e\/wp\/v2\/posts\/160413\/revisions"}],"wp:featuredmedia":[{"embeddable":true,"href":"https:\/\/informelitoral.com.ar\/%77%70%2d%6a%73%6f%6e\/wp\/v2\/media\/160417"}],"wp:attachment":[{"href":"https:\/\/informelitoral.com.ar\/%77%70%2d%6a%73%6f%6e\/wp\/v2\/media?parent=160413"}],"wp:term":[{"taxonomy":"category","embeddable":true,"href":"https:\/\/informelitoral.com.ar\/%77%70%2d%6a%73%6f%6e\/wp\/v2\/categories?post=160413"},{"taxonomy":"post_tag","embeddable":true,"href":"https:\/\/informelitoral.com.ar\/%77%70%2d%6a%73%6f%6e\/wp\/v2\/tags?post=160413"}],"curies":[{"name":"wp","href":"https:\/\/api.w.org\/{rel}","templated":true}]}}