{"id":160390,"date":"2023-08-02T08:30:06","date_gmt":"2023-08-02T11:30:06","guid":{"rendered":"https:\/\/www.informelitoral.com.ar\/?p=160390"},"modified":"2023-08-02T17:33:01","modified_gmt":"2023-08-02T20:33:01","slug":"sin-cavani-entre-los-convocados-boca-visita-a-nacional-de-uruguay-por-la-copa-libertadores","status":"publish","type":"post","link":"https:\/\/informelitoral.com.ar\/sin-cavani-entre-los-convocados-boca-visita-a-nacional-de-uruguay-por-la-copa-libertadores\/","title":{"rendered":"Sin Cavani entre los convocados, Boca visita a Nacional de Uruguay por la Copa Libertadores"},"content":{"rendered":"<div class=\"itemFullText\">\n<p>Este mi\u00e9rcoles a las 21, <strong>Boca visitar\u00e1 el estadio Gran Parque Central para enfrentar a Nacional de Uruguay en el marco del partido de ida de los octavos de final de la Copa Libertadores<\/strong>, con el arbitraje del brasile\u00f1o Raphael Claus y su compatriota Wagner Reway como encargado principal del VAR. El duelo ser\u00e1 televisado por Fox Sports.<\/p>\n<p>Despu\u00e9s de la presentaci\u00f3n de\u00a0<strong>Edinson Cavani<\/strong>\u00a0en el estadio La Bombonera, con la ovaci\u00f3n de los hinchas, y su primer entrenamiento en el Predio de Ezeiza,\u00a0<strong>el entrenador Jorge Almir\u00f3n decidi\u00f3 dejarlo fuera de la lista de convocados<\/strong>\u00a0para que pueda agarrar ritmo con el plantel, por lo que no estar\u00e1 en el encuentro de ida en Montevideo.<\/p>\n<p>Otro que tampoco form\u00f3 parte de los convocados fue el delantero Dar\u00edo Benedetto, quien\u00a0<strong>sufri\u00f3 una contractura en el gemelo interno de la pierna derecha<\/strong>\u00a0que lo dej\u00f3 afuera del primer partido de la serie, por lo que Miguel Merentiel ser\u00e1 el \u00fanico punta, con el peruano Luis Adv\u00edncula y Valent\u00edn Barco como los extremos.<\/p>\n<p>Los otros dos refuerzos del club,\u00a0<strong>Lucas Blondel y Lucas Janson<\/strong>, formar\u00e1n parte del banco de suplentes como variantes para el encuentro en Uruguay. El resto del equipo ser\u00e1 el mismo que finaliz\u00f3 el torneo de la Liga Profesional ante Independiente.<\/p>\n<p>Por el lado de Nacional, el entrenador \u00c1lvaro Guti\u00e9rrez har\u00e1 debutar al refuerzo:\u00a0<strong>el argentino Gabriel B\u00e1ez<\/strong>\u00a0nacionalizado paraguayo que lleg\u00f3 a la instituci\u00f3n desde Cerro Porte\u00f1o. La mala noticia es que ya no podr\u00e1 contar con el arquero de la selecci\u00f3n charr\u00faa,\u00a0<strong>Sergio Rochet<\/strong>, quien se fue a Internacional de Porto Alegre.<\/p>\n<h3><strong>A continuaci\u00f3n, los datos y las posibles formaciones de ambos equipos<\/strong><\/h3>\n<p><strong>Copa Libertadores.<\/strong><br \/>\n<strong>Octavos de final (ida).<\/strong><br \/>\n<strong>Nacional &#8211; Boca.<\/strong><br \/>\n<strong>Estadio:<\/strong>\u00a0Gran Parque Central.<br \/>\n<strong>\u00c1rbitro:<\/strong>\u00a0Raphael Claus.<br \/>\n<strong>VAR:<\/strong>\u00a0Wagner Reway.<br \/>\n<strong>Hora:<\/strong>\u00a021.\u00a0<strong>TV:<\/strong>\u00a0Fox Sports.<\/p>\n<p><strong>Nacional:<\/strong>\u00a0Salvador Ichazo; Leandro Lozano, Daniel Bocanegra, Diego Polenta, Gabriel B\u00e1ez; Diego Rodr\u00edguez, Yonatan Rodr\u00edguez; Alfonso Trezza, Diego Zabala, Franco Fagundez; Juan Ignacio Ram\u00edrez. DT: \u00c1lvaro Guti\u00e9rrez.<\/p>\n<p><strong>Boca:<\/strong>\u00a0Sergio Romero; Marcelo Weigandt, Nicol\u00e1s Figal, Nicol\u00e1s Valentini, Frank Fabra; Cristian Medina, Alan Varela, Guillermo Fern\u00e1ndez; Luis Adv\u00edncula, Miguel Merentiel, Valent\u00edn Barco. DT: Jorge Almir\u00f3n.<\/p>\n<\/div>\n","protected":false},"excerpt":{"rendered":"<p>El flamante refuerzo uruguayo no form\u00f3 parte de las lista de concentrados y estar\u00e1 reci\u00e9n para el siguiente partido del equipo de Jorge Almir\u00f3n.<\/p>\n","protected":false},"author":8,"featured_media":160392,"comment_status":"open","ping_status":"open","sticky":false,"template":"","format":"standard","meta":{"fifu_image_url":"","fifu_image_alt":"","footnotes":""},"categories":[13],"tags":[384,400],"class_list":{"0":"post-160390","1":"post","2":"type-post","3":"status-publish","4":"format-standard","5":"has-post-thumbnail","7":"category-deportes","8":"tag-boca-juniors","9":"tag-copa-libertadores"},"yoast_head":"<title>Sin Cavani entre los convocados, Boca visita a Nacional de Uruguay por la Copa Libertadores - Informe Litoral<\/title>\n<meta name=\"robots\" content=\"index, follow, max-snippet:-1, max-image-preview:large, max-video-preview:-1\" \/>\n<link rel=\"canonical\" href=\"https:\/\/informelitoral.com.ar\/sin-cavani-entre-los-convocados-boca-visita-a-nacional-de-uruguay-por-la-copa-libertadores\/\" \/>\n<meta property=\"og:locale\" content=\"es_ES\" \/>\n<meta property=\"og:type\" content=\"article\" \/>\n<meta property=\"og:title\" content=\"Sin Cavani entre los convocados, Boca visita a Nacional de Uruguay por la Copa Libertadores - Informe Litoral\" \/>\n<meta property=\"og:description\" content=\"El flamante refuerzo uruguayo no form\u00f3 parte de las lista de concentrados y estar\u00e1 reci\u00e9n para el siguiente partido del equipo de Jorge Almir\u00f3n.\" \/>\n<meta property=\"og:url\" content=\"https:\/\/informelitoral.com.ar\/sin-cavani-entre-los-convocados-boca-visita-a-nacional-de-uruguay-por-la-copa-libertadores\/\" \/>\n<meta property=\"og:site_name\" content=\"Informe Litoral\" \/>\n<meta property=\"article:publisher\" content=\"https:\/\/www.facebook.com\/informelitoral\/\" \/>\n<meta property=\"article:published_time\" content=\"2023-08-02T11:30:06+00:00\" \/>\n<meta property=\"article:modified_time\" content=\"2023-08-02T20:33:01+00:00\" \/>\n<meta property=\"og:image\" content=\"https:\/\/informelitoral.com.ar\/%77%70%2d%63%6f%6e%74%65%6e%74\/uploads\/2023\/08\/51257w850h478c.webp.webp\" \/>\n\t<meta property=\"og:image:width\" content=\"850\" \/>\n\t<meta property=\"og:image:height\" content=\"478\" \/>\n\t<meta property=\"og:image:type\" content=\"image\/webp\" \/>\n<meta name=\"author\" content=\"Sebastian\" \/>\n<meta name=\"twitter:card\" content=\"summary_large_image\" \/>\n<meta name=\"twitter:creator\" content=\"@InformeLitoral\" \/>\n<meta name=\"twitter:site\" content=\"@InformeLitoral\" \/>\n<meta name=\"twitter:label1\" content=\"Escrito por\" \/>\n\t<meta name=\"twitter:data1\" content=\"Sebastian\" \/>\n\t<meta name=\"twitter:label2\" content=\"Tiempo de lectura\" \/>\n\t<meta name=\"twitter:data2\" content=\"2 minutos\" \/>\n<script type=\"application\/ld+json\" class=\"yoast-schema-graph\">{\"@context\":\"https:\\\/\\\/schema.org\",\"@graph\":[{\"@type\":\"Article\",\"@id\":\"https:\\\/\\\/informelitoral.com.ar\\\/sin-cavani-entre-los-convocados-boca-visita-a-nacional-de-uruguay-por-la-copa-libertadores\\\/#article\",\"isPartOf\":{\"@id\":\"https:\\\/\\\/informelitoral.com.ar\\\/sin-cavani-entre-los-convocados-boca-visita-a-nacional-de-uruguay-por-la-copa-libertadores\\\/\"},\"author\":{\"name\":\"Sebastian\",\"@id\":\"https:\\\/\\\/informelitoral.com.ar\\\/#\\\/schema\\\/person\\\/f05f9f461677119578717524b127d6d5\"},\"headline\":\"Sin Cavani entre los convocados, Boca visita a Nacional de Uruguay por la Copa Libertadores\",\"datePublished\":\"2023-08-02T11:30:06+00:00\",\"dateModified\":\"2023-08-02T20:33:01+00:00\",\"mainEntityOfPage\":{\"@id\":\"https:\\\/\\\/informelitoral.com.ar\\\/sin-cavani-entre-los-convocados-boca-visita-a-nacional-de-uruguay-por-la-copa-libertadores\\\/\"},\"wordCount\":395,\"commentCount\":0,\"publisher\":{\"@id\":\"https:\\\/\\\/informelitoral.com.ar\\\/#organization\"},\"image\":{\"@id\":\"https:\\\/\\\/informelitoral.com.ar\\\/sin-cavani-entre-los-convocados-boca-visita-a-nacional-de-uruguay-por-la-copa-libertadores\\\/#primaryimage\"},\"thumbnailUrl\":\"https:\\\/\\\/informelitoral.com.ar\\\/%77%70%2d%63%6f%6e%74%65%6e%74\\\/uploads\\\/2023\\\/08\\\/51257w850h478c.webp.webp\",\"keywords\":[\"Boca Juniors\",\"Copa Libertadores\"],\"articleSection\":[\"Deportes\"],\"inLanguage\":\"es\",\"potentialAction\":[{\"@type\":\"CommentAction\",\"name\":\"Comment\",\"target\":[\"https:\\\/\\\/informelitoral.com.ar\\\/sin-cavani-entre-los-convocados-boca-visita-a-nacional-de-uruguay-por-la-copa-libertadores\\\/#respond\"]}]},{\"@type\":\"WebPage\",\"@id\":\"https:\\\/\\\/informelitoral.com.ar\\\/sin-cavani-entre-los-convocados-boca-visita-a-nacional-de-uruguay-por-la-copa-libertadores\\\/\",\"url\":\"https:\\\/\\\/informelitoral.com.ar\\\/sin-cavani-entre-los-convocados-boca-visita-a-nacional-de-uruguay-por-la-copa-libertadores\\\/\",\"name\":\"Sin Cavani entre los convocados, Boca visita a Nacional de Uruguay por la Copa Libertadores - Informe Litoral\",\"isPartOf\":{\"@id\":\"https:\\\/\\\/informelitoral.com.ar\\\/#website\"},\"primaryImageOfPage\":{\"@id\":\"https:\\\/\\\/informelitoral.com.ar\\\/sin-cavani-entre-los-convocados-boca-visita-a-nacional-de-uruguay-por-la-copa-libertadores\\\/#primaryimage\"},\"image\":{\"@id\":\"https:\\\/\\\/informelitoral.com.ar\\\/sin-cavani-entre-los-convocados-boca-visita-a-nacional-de-uruguay-por-la-copa-libertadores\\\/#primaryimage\"},\"thumbnailUrl\":\"https:\\\/\\\/informelitoral.com.ar\\\/%77%70%2d%63%6f%6e%74%65%6e%74\\\/uploads\\\/2023\\\/08\\\/51257w850h478c.webp.webp\",\"datePublished\":\"2023-08-02T11:30:06+00:00\",\"dateModified\":\"2023-08-02T20:33:01+00:00\",\"breadcrumb\":{\"@id\":\"https:\\\/\\\/informelitoral.com.ar\\\/sin-cavani-entre-los-convocados-boca-visita-a-nacional-de-uruguay-por-la-copa-libertadores\\\/#breadcrumb\"},\"inLanguage\":\"es\",\"potentialAction\":[{\"@type\":\"ReadAction\",\"target\":[\"https:\\\/\\\/informelitoral.com.ar\\\/sin-cavani-entre-los-convocados-boca-visita-a-nacional-de-uruguay-por-la-copa-libertadores\\\/\"]}]},{\"@type\":\"ImageObject\",\"inLanguage\":\"es\",\"@id\":\"https:\\\/\\\/informelitoral.com.ar\\\/sin-cavani-entre-los-convocados-boca-visita-a-nacional-de-uruguay-por-la-copa-libertadores\\\/#primaryimage\",\"url\":\"https:\\\/\\\/informelitoral.com.ar\\\/%77%70%2d%63%6f%6e%74%65%6e%74\\\/uploads\\\/2023\\\/08\\\/51257w850h478c.webp.webp\",\"contentUrl\":\"https:\\\/\\\/informelitoral.com.ar\\\/%77%70%2d%63%6f%6e%74%65%6e%74\\\/uploads\\\/2023\\\/08\\\/51257w850h478c.webp.webp\",\"width\":850,\"height\":478},{\"@type\":\"BreadcrumbList\",\"@id\":\"https:\\\/\\\/informelitoral.com.ar\\\/sin-cavani-entre-los-convocados-boca-visita-a-nacional-de-uruguay-por-la-copa-libertadores\\\/#breadcrumb\",\"itemListElement\":[{\"@type\":\"ListItem\",\"position\":1,\"name\":\"Portada\",\"item\":\"https:\\\/\\\/informelitoral.com.ar\\\/\"},{\"@type\":\"ListItem\",\"position\":2,\"name\":\"Sin Cavani entre los convocados, Boca visita a Nacional de Uruguay por la Copa Libertadores\"}]},{\"@type\":\"WebSite\",\"@id\":\"https:\\\/\\\/informelitoral.com.ar\\\/#website\",\"url\":\"https:\\\/\\\/informelitoral.com.ar\\\/\",\"name\":\"Informe Litoral\",\"description\":\"&quot;Nos informamos&quot; \",\"publisher\":{\"@id\":\"https:\\\/\\\/informelitoral.com.ar\\\/#organization\"},\"potentialAction\":[{\"@type\":\"SearchAction\",\"target\":{\"@type\":\"EntryPoint\",\"urlTemplate\":\"https:\\\/\\\/informelitoral.com.ar\\\/?s={search_term_string}\"},\"query-input\":{\"@type\":\"PropertyValueSpecification\",\"valueRequired\":true,\"valueName\":\"search_term_string\"}}],\"inLanguage\":\"es\"},{\"@type\":\"Organization\",\"@id\":\"https:\\\/\\\/informelitoral.com.ar\\\/#organization\",\"name\":\"Informe Litoral\",\"url\":\"https:\\\/\\\/informelitoral.com.ar\\\/\",\"logo\":{\"@type\":\"ImageObject\",\"inLanguage\":\"es\",\"@id\":\"https:\\\/\\\/informelitoral.com.ar\\\/#\\\/schema\\\/logo\\\/image\\\/\",\"url\":\"https:\\\/\\\/informelitoral.com.ar\\\/%77%70%2d%63%6f%6e%74%65%6e%74\\\/uploads\\\/2021\\\/01\\\/circulo.png\",\"contentUrl\":\"https:\\\/\\\/informelitoral.com.ar\\\/%77%70%2d%63%6f%6e%74%65%6e%74\\\/uploads\\\/2021\\\/01\\\/circulo.png\",\"width\":723,\"height\":731,\"caption\":\"Informe Litoral\"},\"image\":{\"@id\":\"https:\\\/\\\/informelitoral.com.ar\\\/#\\\/schema\\\/logo\\\/image\\\/\"},\"sameAs\":[\"https:\\\/\\\/www.facebook.com\\\/informelitoral\\\/\",\"https:\\\/\\\/x.com\\\/InformeLitoral\",\"https:\\\/\\\/www.instagram.com\\\/informelitoral\\\/\",\"https:\\\/\\\/www.youtube.com\\\/channel\\\/UCua4Qvz8Icb6MYqhoq9xLXw\"]},{\"@type\":\"Person\",\"@id\":\"https:\\\/\\\/informelitoral.com.ar\\\/#\\\/schema\\\/person\\\/f05f9f461677119578717524b127d6d5\",\"name\":\"Sebastian\",\"image\":{\"@type\":\"ImageObject\",\"inLanguage\":\"es\",\"@id\":\"https:\\\/\\\/secure.gravatar.com\\\/avatar\\\/b71bf7481d447dfb9583c7f2798e7cc64de6efb9067b74633ed8c31059a3bd82?s=96&d=mm&r=g\",\"url\":\"https:\\\/\\\/secure.gravatar.com\\\/avatar\\\/b71bf7481d447dfb9583c7f2798e7cc64de6efb9067b74633ed8c31059a3bd82?s=96&d=mm&r=g\",\"contentUrl\":\"https:\\\/\\\/secure.gravatar.com\\\/avatar\\\/b71bf7481d447dfb9583c7f2798e7cc64de6efb9067b74633ed8c31059a3bd82?s=96&d=mm&r=g\",\"caption\":\"Sebastian\"},\"url\":\"https:\\\/\\\/informelitoral.com.ar\\\/author\\\/sebastian\\\/\"}]}<\/script>","yoast_head_json":{"title":"Sin Cavani entre los convocados, Boca visita a Nacional de Uruguay por la Copa Libertadores - Informe Litoral","robots":{"index":"index","follow":"follow","max-snippet":"max-snippet:-1","max-image-preview":"max-image-preview:large","max-video-preview":"max-video-preview:-1"},"canonical":"https:\/\/informelitoral.com.ar\/sin-cavani-entre-los-convocados-boca-visita-a-nacional-de-uruguay-por-la-copa-libertadores\/","og_locale":"es_ES","og_type":"article","og_title":"Sin Cavani entre los convocados, Boca visita a Nacional de Uruguay por la Copa Libertadores - Informe Litoral","og_description":"El flamante refuerzo uruguayo no form\u00f3 parte de las lista de concentrados y estar\u00e1 reci\u00e9n para el siguiente partido del equipo de Jorge Almir\u00f3n.","og_url":"https:\/\/informelitoral.com.ar\/sin-cavani-entre-los-convocados-boca-visita-a-nacional-de-uruguay-por-la-copa-libertadores\/","og_site_name":"Informe Litoral","article_publisher":"https:\/\/www.facebook.com\/informelitoral\/","article_published_time":"2023-08-02T11:30:06+00:00","article_modified_time":"2023-08-02T20:33:01+00:00","og_image":[{"width":850,"height":478,"url":"https:\/\/informelitoral.com.ar\/%77%70%2d%63%6f%6e%74%65%6e%74\/uploads\/2023\/08\/51257w850h478c.webp.webp","type":"image\/webp"}],"author":"Sebastian","twitter_card":"summary_large_image","twitter_creator":"@InformeLitoral","twitter_site":"@InformeLitoral","twitter_misc":{"Escrito por":"Sebastian","Tiempo de lectura":"2 minutos"},"schema":{"@context":"https:\/\/schema.org","@graph":[{"@type":"Article","@id":"https:\/\/informelitoral.com.ar\/sin-cavani-entre-los-convocados-boca-visita-a-nacional-de-uruguay-por-la-copa-libertadores\/#article","isPartOf":{"@id":"https:\/\/informelitoral.com.ar\/sin-cavani-entre-los-convocados-boca-visita-a-nacional-de-uruguay-por-la-copa-libertadores\/"},"author":{"name":"Sebastian","@id":"https:\/\/informelitoral.com.ar\/#\/schema\/person\/f05f9f461677119578717524b127d6d5"},"headline":"Sin Cavani entre los convocados, Boca visita a Nacional de Uruguay por la Copa Libertadores","datePublished":"2023-08-02T11:30:06+00:00","dateModified":"2023-08-02T20:33:01+00:00","mainEntityOfPage":{"@id":"https:\/\/informelitoral.com.ar\/sin-cavani-entre-los-convocados-boca-visita-a-nacional-de-uruguay-por-la-copa-libertadores\/"},"wordCount":395,"commentCount":0,"publisher":{"@id":"https:\/\/informelitoral.com.ar\/#organization"},"image":{"@id":"https:\/\/informelitoral.com.ar\/sin-cavani-entre-los-convocados-boca-visita-a-nacional-de-uruguay-por-la-copa-libertadores\/#primaryimage"},"thumbnailUrl":"https:\/\/informelitoral.com.ar\/%77%70%2d%63%6f%6e%74%65%6e%74\/uploads\/2023\/08\/51257w850h478c.webp.webp","keywords":["Boca Juniors","Copa Libertadores"],"articleSection":["Deportes"],"inLanguage":"es","potentialAction":[{"@type":"CommentAction","name":"Comment","target":["https:\/\/informelitoral.com.ar\/sin-cavani-entre-los-convocados-boca-visita-a-nacional-de-uruguay-por-la-copa-libertadores\/#respond"]}]},{"@type":"WebPage","@id":"https:\/\/informelitoral.com.ar\/sin-cavani-entre-los-convocados-boca-visita-a-nacional-de-uruguay-por-la-copa-libertadores\/","url":"https:\/\/informelitoral.com.ar\/sin-cavani-entre-los-convocados-boca-visita-a-nacional-de-uruguay-por-la-copa-libertadores\/","name":"Sin Cavani entre los convocados, Boca visita a Nacional de Uruguay por la Copa Libertadores - Informe Litoral","isPartOf":{"@id":"https:\/\/informelitoral.com.ar\/#website"},"primaryImageOfPage":{"@id":"https:\/\/informelitoral.com.ar\/sin-cavani-entre-los-convocados-boca-visita-a-nacional-de-uruguay-por-la-copa-libertadores\/#primaryimage"},"image":{"@id":"https:\/\/informelitoral.com.ar\/sin-cavani-entre-los-convocados-boca-visita-a-nacional-de-uruguay-por-la-copa-libertadores\/#primaryimage"},"thumbnailUrl":"https:\/\/informelitoral.com.ar\/%77%70%2d%63%6f%6e%74%65%6e%74\/uploads\/2023\/08\/51257w850h478c.webp.webp","datePublished":"2023-08-02T11:30:06+00:00","dateModified":"2023-08-02T20:33:01+00:00","breadcrumb":{"@id":"https:\/\/informelitoral.com.ar\/sin-cavani-entre-los-convocados-boca-visita-a-nacional-de-uruguay-por-la-copa-libertadores\/#breadcrumb"},"inLanguage":"es","potentialAction":[{"@type":"ReadAction","target":["https:\/\/informelitoral.com.ar\/sin-cavani-entre-los-convocados-boca-visita-a-nacional-de-uruguay-por-la-copa-libertadores\/"]}]},{"@type":"ImageObject","inLanguage":"es","@id":"https:\/\/informelitoral.com.ar\/sin-cavani-entre-los-convocados-boca-visita-a-nacional-de-uruguay-por-la-copa-libertadores\/#primaryimage","url":"https:\/\/informelitoral.com.ar\/%77%70%2d%63%6f%6e%74%65%6e%74\/uploads\/2023\/08\/51257w850h478c.webp.webp","contentUrl":"https:\/\/informelitoral.com.ar\/%77%70%2d%63%6f%6e%74%65%6e%74\/uploads\/2023\/08\/51257w850h478c.webp.webp","width":850,"height":478},{"@type":"BreadcrumbList","@id":"https:\/\/informelitoral.com.ar\/sin-cavani-entre-los-convocados-boca-visita-a-nacional-de-uruguay-por-la-copa-libertadores\/#breadcrumb","itemListElement":[{"@type":"ListItem","position":1,"name":"Portada","item":"https:\/\/informelitoral.com.ar\/"},{"@type":"ListItem","position":2,"name":"Sin Cavani entre los convocados, Boca visita a Nacional de Uruguay por la Copa Libertadores"}]},{"@type":"WebSite","@id":"https:\/\/informelitoral.com.ar\/#website","url":"https:\/\/informelitoral.com.ar\/","name":"Informe Litoral","description":"&quot;Nos informamos&quot; ","publisher":{"@id":"https:\/\/informelitoral.com.ar\/#organization"},"potentialAction":[{"@type":"SearchAction","target":{"@type":"EntryPoint","urlTemplate":"https:\/\/informelitoral.com.ar\/?s={search_term_string}"},"query-input":{"@type":"PropertyValueSpecification","valueRequired":true,"valueName":"search_term_string"}}],"inLanguage":"es"},{"@type":"Organization","@id":"https:\/\/informelitoral.com.ar\/#organization","name":"Informe Litoral","url":"https:\/\/informelitoral.com.ar\/","logo":{"@type":"ImageObject","inLanguage":"es","@id":"https:\/\/informelitoral.com.ar\/#\/schema\/logo\/image\/","url":"https:\/\/informelitoral.com.ar\/%77%70%2d%63%6f%6e%74%65%6e%74\/uploads\/2021\/01\/circulo.png","contentUrl":"https:\/\/informelitoral.com.ar\/%77%70%2d%63%6f%6e%74%65%6e%74\/uploads\/2021\/01\/circulo.png","width":723,"height":731,"caption":"Informe Litoral"},"image":{"@id":"https:\/\/informelitoral.com.ar\/#\/schema\/logo\/image\/"},"sameAs":["https:\/\/www.facebook.com\/informelitoral\/","https:\/\/x.com\/InformeLitoral","https:\/\/www.instagram.com\/informelitoral\/","https:\/\/www.youtube.com\/channel\/UCua4Qvz8Icb6MYqhoq9xLXw"]},{"@type":"Person","@id":"https:\/\/informelitoral.com.ar\/#\/schema\/person\/f05f9f461677119578717524b127d6d5","name":"Sebastian","image":{"@type":"ImageObject","inLanguage":"es","@id":"https:\/\/secure.gravatar.com\/avatar\/b71bf7481d447dfb9583c7f2798e7cc64de6efb9067b74633ed8c31059a3bd82?s=96&d=mm&r=g","url":"https:\/\/secure.gravatar.com\/avatar\/b71bf7481d447dfb9583c7f2798e7cc64de6efb9067b74633ed8c31059a3bd82?s=96&d=mm&r=g","contentUrl":"https:\/\/secure.gravatar.com\/avatar\/b71bf7481d447dfb9583c7f2798e7cc64de6efb9067b74633ed8c31059a3bd82?s=96&d=mm&r=g","caption":"Sebastian"},"url":"https:\/\/informelitoral.com.ar\/author\/sebastian\/"}]}},"_links":{"self":[{"href":"https:\/\/informelitoral.com.ar\/%77%70%2d%6a%73%6f%6e\/wp\/v2\/posts\/160390","targetHints":{"allow":["GET"]}}],"collection":[{"href":"https:\/\/informelitoral.com.ar\/%77%70%2d%6a%73%6f%6e\/wp\/v2\/posts"}],"about":[{"href":"https:\/\/informelitoral.com.ar\/%77%70%2d%6a%73%6f%6e\/wp\/v2\/types\/post"}],"author":[{"embeddable":true,"href":"https:\/\/informelitoral.com.ar\/%77%70%2d%6a%73%6f%6e\/wp\/v2\/users\/8"}],"replies":[{"embeddable":true,"href":"https:\/\/informelitoral.com.ar\/%77%70%2d%6a%73%6f%6e\/wp\/v2\/comments?post=160390"}],"version-history":[{"count":0,"href":"https:\/\/informelitoral.com.ar\/%77%70%2d%6a%73%6f%6e\/wp\/v2\/posts\/160390\/revisions"}],"wp:featuredmedia":[{"embeddable":true,"href":"https:\/\/informelitoral.com.ar\/%77%70%2d%6a%73%6f%6e\/wp\/v2\/media\/160392"}],"wp:attachment":[{"href":"https:\/\/informelitoral.com.ar\/%77%70%2d%6a%73%6f%6e\/wp\/v2\/media?parent=160390"}],"wp:term":[{"taxonomy":"category","embeddable":true,"href":"https:\/\/informelitoral.com.ar\/%77%70%2d%6a%73%6f%6e\/wp\/v2\/categories?post=160390"},{"taxonomy":"post_tag","embeddable":true,"href":"https:\/\/informelitoral.com.ar\/%77%70%2d%6a%73%6f%6e\/wp\/v2\/tags?post=160390"}],"curies":[{"name":"wp","href":"https:\/\/api.w.org\/{rel}","templated":true}]}}