{"id":1603,"date":"2013-05-07T23:49:26","date_gmt":"2013-05-08T02:49:26","guid":{"rendered":"http:\/\/www.isletasnoticias.com.ar\/?p=1603"},"modified":"2013-05-08T09:05:09","modified_gmt":"2013-05-08T12:05:09","slug":"afirman-que-no-todos-estan-de-acuerdo-con-los-cambios-en-la-policia-de-cuatro-bocas","status":"publish","type":"post","link":"https:\/\/informelitoral.com.ar\/afirman-que-no-todos-estan-de-acuerdo-con-los-cambios-en-la-policia-de-cuatro-bocas\/","title":{"rendered":"Afirman que \u00abno todos\u00bb est\u00e1n de acuerdo con los cambios en la polic\u00eda de Cuatro Bocas"},"content":{"rendered":"<p><strong>Tal como hab\u00edamos informado, el lunes 6, asumi\u00f3 el\u00a0Sargento\u00a0<em>Hugo Oscar Brusco<\/em> (30), como encargado del Destacamento Policial Cuatro Bocas Isletas, en reemplazo del Cabo I\u00a0<em>Cristian Leiva. <\/em>Sin embargo,\u00a0la noticia no le cay\u00f3 bien a todos.<\/strong><\/p>\n<p><a href=\"http:\/\/www.isletasnoticias.com.ar\/%77%70%2d%63%6f%6e%74%65%6e%74\/uploads\/2013\/05\/po.jpg\"><img loading=\"lazy\" decoding=\"async\" class=\"size-medium wp-image-1604 alignright\" alt=\"po\" src=\"http:\/\/www.isletasnoticias.com.ar\/%77%70%2d%63%6f%6e%74%65%6e%74\/uploads\/2013\/05\/po-300x205.jpg\" width=\"300\" height=\"205\" srcset=\"https:\/\/informelitoral.com.ar\/%77%70%2d%63%6f%6e%74%65%6e%74\/uploads\/2013\/05\/po-300x205.jpg 300w, https:\/\/informelitoral.com.ar\/%77%70%2d%63%6f%6e%74%65%6e%74\/uploads\/2013\/05\/po.jpg 450w\" sizes=\"auto, (max-width: 300px) 100vw, 300px\" \/><\/a><\/p>\n<p>Seg\u00fan pudo conocer\u00a0<em><strong>ISLETAS<\/strong>\u00a0<strong>NOTICIAS<\/strong>,<\/em>\u00a0a trav\u00e9s de una fuente que no vamos\u00a0a develar, \u00abno todos\u00bb los vecinos e integrantes de la Asociaci\u00f3n Vecinal Amigos del Destacamento Cuatro Bocas (AVADCB), estar\u00edan conformes con la llegada de un nuevo jefe a la dependencia.<\/p>\n<p>Los cambios que se produjeron en los \u00faltimos meses en la polic\u00eda isletense son llamativos para muchos, ya que el 29 de diciembre de 2012, el encargado <strong>Ra\u00fal Omar Rodr\u00edguez,<\/strong> debi\u00f3 dejar su cargo, tras mantener diferencias con sus superiores y algunos vecinos. En su reemplazo asumi\u00f3 el Cabo I <strong>Cristian Leiva<\/strong>, tambi\u00e9n querido por algunos y rechazado por otros. Leiva, estuvo poco tiempo, ya que desde el lunes \u00faltimo, el Sargento<strong> Hugo Oscar Brusco<\/strong>, est\u00e1 al frente de la dependencia y el anterior jefe fue trasladado a Diamante.<\/p>\n<p>Tres cambios en pocos meses se produjeron en el Destacamento Policial Cuatro Bocas, lo que gener\u00f3 que la tradicional Cena Anual de Socios se realice el domingo 7 de abril, como un almuerzo y no en febrero como se realizaba tradicionalmente. Cabe destacar adem\u00e1s, que dicha jurisdicci\u00f3n mantiene un \u00edndice de \u00ab0\u00bb delito, desde hace varios a\u00f1os, por lo tanto, los \u00faltimos cambios no se comprenden del todo.<\/p>\n","protected":false},"excerpt":{"rendered":"<p>Tal como hab&iacute;amos informado, el lunes 6, asumi&oacute; el&nbsp;Sargento&nbsp;Hugo Oscar Brusco (30), como encargado del Destacamento Policial Cuatro Bocas Isletas, en reemplazo del Cabo I&nbsp;Cristian Leiva. Sin embargo,&nbsp;la noticia no le cay&oacute; bien a todos. Seg&uacute;n pudo conocer&nbsp;ISLETAS&nbsp;NOTICIAS,&nbsp;a trav&eacute;s de una fuente que no vamos&nbsp;a develar, &laquo;no todos&raquo; los vecinos e integrantes de la Asociaci&oacute;n [&hellip;]<\/p>\n","protected":false},"author":2,"featured_media":0,"comment_status":"open","ping_status":"open","sticky":false,"template":"","format":"standard","meta":{"fifu_image_url":"","fifu_image_alt":"","footnotes":""},"categories":[4],"tags":[],"class_list":{"0":"post-1603","1":"post","2":"type-post","3":"status-publish","4":"format-standard","6":"category-locales"},"yoast_head":"<title>Afirman que &quot;no todos&quot; est\u00e1n de acuerdo con los cambios en la polic\u00eda de Cuatro Bocas - Informe Litoral<\/title>\n<meta name=\"robots\" content=\"index, follow, max-snippet:-1, max-image-preview:large, max-video-preview:-1\" \/>\n<link rel=\"canonical\" href=\"https:\/\/informelitoral.com.ar\/afirman-que-no-todos-estan-de-acuerdo-con-los-cambios-en-la-policia-de-cuatro-bocas\/\" \/>\n<meta property=\"og:locale\" content=\"es_ES\" \/>\n<meta property=\"og:type\" content=\"article\" \/>\n<meta property=\"og:title\" content=\"Afirman que &quot;no todos&quot; est\u00e1n de acuerdo con los cambios en la polic\u00eda de Cuatro Bocas - Informe Litoral\" \/>\n<meta property=\"og:description\" content=\"Tal como hab&iacute;amos informado, el lunes 6, asumi&oacute; el&nbsp;Sargento&nbsp;Hugo Oscar Brusco (30), como encargado del Destacamento Policial Cuatro Bocas Isletas, en reemplazo del Cabo I&nbsp;Cristian Leiva. Sin embargo,&nbsp;la noticia no le cay&oacute; bien a todos. Seg&uacute;n pudo conocer&nbsp;ISLETAS&nbsp;NOTICIAS,&nbsp;a trav&eacute;s de una fuente que no vamos&nbsp;a develar, &laquo;no todos&raquo; los vecinos e integrantes de la Asociaci&oacute;n [&hellip;]\" \/>\n<meta property=\"og:url\" content=\"https:\/\/informelitoral.com.ar\/afirman-que-no-todos-estan-de-acuerdo-con-los-cambios-en-la-policia-de-cuatro-bocas\/\" \/>\n<meta property=\"og:site_name\" content=\"Informe Litoral\" \/>\n<meta property=\"article:publisher\" content=\"https:\/\/www.facebook.com\/informelitoral\/\" \/>\n<meta property=\"article:published_time\" content=\"2013-05-08T02:49:26+00:00\" \/>\n<meta property=\"article:modified_time\" content=\"2013-05-08T12:05:09+00:00\" \/>\n<meta property=\"og:image\" content=\"https:\/\/informelitoral.com.ar\/%77%70%2d%63%6f%6e%74%65%6e%74\/uploads\/2013\/05\/po.jpg\" \/>\n\t<meta property=\"og:image:width\" content=\"450\" \/>\n\t<meta property=\"og:image:height\" content=\"308\" \/>\n\t<meta property=\"og:image:type\" content=\"image\/jpeg\" \/>\n<meta name=\"author\" content=\"Gonzalo Schmidt\" \/>\n<meta name=\"twitter:card\" content=\"summary_large_image\" \/>\n<meta name=\"twitter:creator\" content=\"@InformeLitoral\" \/>\n<meta name=\"twitter:site\" content=\"@InformeLitoral\" \/>\n<meta name=\"twitter:label1\" content=\"Escrito por\" \/>\n\t<meta name=\"twitter:data1\" content=\"Gonzalo Schmidt\" \/>\n\t<meta name=\"twitter:label2\" content=\"Tiempo de lectura\" \/>\n\t<meta name=\"twitter:data2\" content=\"1 minuto\" \/>\n<script type=\"application\/ld+json\" class=\"yoast-schema-graph\">{\"@context\":\"https:\\\/\\\/schema.org\",\"@graph\":[{\"@type\":\"Article\",\"@id\":\"https:\\\/\\\/informelitoral.com.ar\\\/afirman-que-no-todos-estan-de-acuerdo-con-los-cambios-en-la-policia-de-cuatro-bocas\\\/#article\",\"isPartOf\":{\"@id\":\"https:\\\/\\\/informelitoral.com.ar\\\/afirman-que-no-todos-estan-de-acuerdo-con-los-cambios-en-la-policia-de-cuatro-bocas\\\/\"},\"author\":{\"name\":\"Gonzalo Schmidt\",\"@id\":\"https:\\\/\\\/informelitoral.com.ar\\\/#\\\/schema\\\/person\\\/b9d00407c836482871ef1d57bf8e3180\"},\"headline\":\"Afirman que \u00abno todos\u00bb est\u00e1n de acuerdo con los cambios en la polic\u00eda de Cuatro Bocas\",\"datePublished\":\"2013-05-08T02:49:26+00:00\",\"dateModified\":\"2013-05-08T12:05:09+00:00\",\"mainEntityOfPage\":{\"@id\":\"https:\\\/\\\/informelitoral.com.ar\\\/afirman-que-no-todos-estan-de-acuerdo-con-los-cambios-en-la-policia-de-cuatro-bocas\\\/\"},\"wordCount\":263,\"commentCount\":0,\"publisher\":{\"@id\":\"https:\\\/\\\/informelitoral.com.ar\\\/#organization\"},\"image\":{\"@id\":\"https:\\\/\\\/informelitoral.com.ar\\\/afirman-que-no-todos-estan-de-acuerdo-con-los-cambios-en-la-policia-de-cuatro-bocas\\\/#primaryimage\"},\"thumbnailUrl\":\"http:\\\/\\\/www.isletasnoticias.com.ar\\\/%77%70%2d%63%6f%6e%74%65%6e%74\\\/uploads\\\/2013\\\/05\\\/po-300x205.jpg\",\"articleSection\":[\"Isletas\"],\"inLanguage\":\"es\",\"potentialAction\":[{\"@type\":\"CommentAction\",\"name\":\"Comment\",\"target\":[\"https:\\\/\\\/informelitoral.com.ar\\\/afirman-que-no-todos-estan-de-acuerdo-con-los-cambios-en-la-policia-de-cuatro-bocas\\\/#respond\"]}]},{\"@type\":\"WebPage\",\"@id\":\"https:\\\/\\\/informelitoral.com.ar\\\/afirman-que-no-todos-estan-de-acuerdo-con-los-cambios-en-la-policia-de-cuatro-bocas\\\/\",\"url\":\"https:\\\/\\\/informelitoral.com.ar\\\/afirman-que-no-todos-estan-de-acuerdo-con-los-cambios-en-la-policia-de-cuatro-bocas\\\/\",\"name\":\"Afirman que \\\"no todos\\\" est\u00e1n de acuerdo con los cambios en la polic\u00eda de Cuatro Bocas - Informe Litoral\",\"isPartOf\":{\"@id\":\"https:\\\/\\\/informelitoral.com.ar\\\/#website\"},\"primaryImageOfPage\":{\"@id\":\"https:\\\/\\\/informelitoral.com.ar\\\/afirman-que-no-todos-estan-de-acuerdo-con-los-cambios-en-la-policia-de-cuatro-bocas\\\/#primaryimage\"},\"image\":{\"@id\":\"https:\\\/\\\/informelitoral.com.ar\\\/afirman-que-no-todos-estan-de-acuerdo-con-los-cambios-en-la-policia-de-cuatro-bocas\\\/#primaryimage\"},\"thumbnailUrl\":\"http:\\\/\\\/www.isletasnoticias.com.ar\\\/%77%70%2d%63%6f%6e%74%65%6e%74\\\/uploads\\\/2013\\\/05\\\/po-300x205.jpg\",\"datePublished\":\"2013-05-08T02:49:26+00:00\",\"dateModified\":\"2013-05-08T12:05:09+00:00\",\"breadcrumb\":{\"@id\":\"https:\\\/\\\/informelitoral.com.ar\\\/afirman-que-no-todos-estan-de-acuerdo-con-los-cambios-en-la-policia-de-cuatro-bocas\\\/#breadcrumb\"},\"inLanguage\":\"es\",\"potentialAction\":[{\"@type\":\"ReadAction\",\"target\":[\"https:\\\/\\\/informelitoral.com.ar\\\/afirman-que-no-todos-estan-de-acuerdo-con-los-cambios-en-la-policia-de-cuatro-bocas\\\/\"]}]},{\"@type\":\"ImageObject\",\"inLanguage\":\"es\",\"@id\":\"https:\\\/\\\/informelitoral.com.ar\\\/afirman-que-no-todos-estan-de-acuerdo-con-los-cambios-en-la-policia-de-cuatro-bocas\\\/#primaryimage\",\"url\":\"http:\\\/\\\/www.isletasnoticias.com.ar\\\/%77%70%2d%63%6f%6e%74%65%6e%74\\\/uploads\\\/2013\\\/05\\\/po-300x205.jpg\",\"contentUrl\":\"http:\\\/\\\/www.isletasnoticias.com.ar\\\/%77%70%2d%63%6f%6e%74%65%6e%74\\\/uploads\\\/2013\\\/05\\\/po-300x205.jpg\"},{\"@type\":\"BreadcrumbList\",\"@id\":\"https:\\\/\\\/informelitoral.com.ar\\\/afirman-que-no-todos-estan-de-acuerdo-con-los-cambios-en-la-policia-de-cuatro-bocas\\\/#breadcrumb\",\"itemListElement\":[{\"@type\":\"ListItem\",\"position\":1,\"name\":\"Portada\",\"item\":\"https:\\\/\\\/informelitoral.com.ar\\\/\"},{\"@type\":\"ListItem\",\"position\":2,\"name\":\"Afirman que \u00abno todos\u00bb est\u00e1n de acuerdo con los cambios en la polic\u00eda de Cuatro Bocas\"}]},{\"@type\":\"WebSite\",\"@id\":\"https:\\\/\\\/informelitoral.com.ar\\\/#website\",\"url\":\"https:\\\/\\\/informelitoral.com.ar\\\/\",\"name\":\"Informe Litoral\",\"description\":\"&quot;Nos informamos&quot; \",\"publisher\":{\"@id\":\"https:\\\/\\\/informelitoral.com.ar\\\/#organization\"},\"potentialAction\":[{\"@type\":\"SearchAction\",\"target\":{\"@type\":\"EntryPoint\",\"urlTemplate\":\"https:\\\/\\\/informelitoral.com.ar\\\/?s={search_term_string}\"},\"query-input\":{\"@type\":\"PropertyValueSpecification\",\"valueRequired\":true,\"valueName\":\"search_term_string\"}}],\"inLanguage\":\"es\"},{\"@type\":\"Organization\",\"@id\":\"https:\\\/\\\/informelitoral.com.ar\\\/#organization\",\"name\":\"Informe Litoral\",\"url\":\"https:\\\/\\\/informelitoral.com.ar\\\/\",\"logo\":{\"@type\":\"ImageObject\",\"inLanguage\":\"es\",\"@id\":\"https:\\\/\\\/informelitoral.com.ar\\\/#\\\/schema\\\/logo\\\/image\\\/\",\"url\":\"https:\\\/\\\/informelitoral.com.ar\\\/%77%70%2d%63%6f%6e%74%65%6e%74\\\/uploads\\\/2021\\\/01\\\/circulo.png\",\"contentUrl\":\"https:\\\/\\\/informelitoral.com.ar\\\/%77%70%2d%63%6f%6e%74%65%6e%74\\\/uploads\\\/2021\\\/01\\\/circulo.png\",\"width\":723,\"height\":731,\"caption\":\"Informe Litoral\"},\"image\":{\"@id\":\"https:\\\/\\\/informelitoral.com.ar\\\/#\\\/schema\\\/logo\\\/image\\\/\"},\"sameAs\":[\"https:\\\/\\\/www.facebook.com\\\/informelitoral\\\/\",\"https:\\\/\\\/x.com\\\/InformeLitoral\",\"https:\\\/\\\/www.instagram.com\\\/informelitoral\\\/\",\"https:\\\/\\\/www.youtube.com\\\/channel\\\/UCua4Qvz8Icb6MYqhoq9xLXw\"]},{\"@type\":\"Person\",\"@id\":\"https:\\\/\\\/informelitoral.com.ar\\\/#\\\/schema\\\/person\\\/b9d00407c836482871ef1d57bf8e3180\",\"name\":\"Gonzalo Schmidt\",\"image\":{\"@type\":\"ImageObject\",\"inLanguage\":\"es\",\"@id\":\"https:\\\/\\\/secure.gravatar.com\\\/avatar\\\/31a1a7b66ff2de83bd0e9fd79d026630d2d99e55e8bfe501287647b4fd9743de?s=96&d=mm&r=g\",\"url\":\"https:\\\/\\\/secure.gravatar.com\\\/avatar\\\/31a1a7b66ff2de83bd0e9fd79d026630d2d99e55e8bfe501287647b4fd9743de?s=96&d=mm&r=g\",\"contentUrl\":\"https:\\\/\\\/secure.gravatar.com\\\/avatar\\\/31a1a7b66ff2de83bd0e9fd79d026630d2d99e55e8bfe501287647b4fd9743de?s=96&d=mm&r=g\",\"caption\":\"Gonzalo Schmidt\"},\"description\":\"Sitio web de noticias de la provincia de Entre R\u00edos, Argentina. Informaci\u00f3n y entretenimiento. Informe Litoral, nos informamos.\",\"sameAs\":[\"http:\\\/\\\/www.isletasnoticias.com.ar\"],\"url\":\"https:\\\/\\\/informelitoral.com.ar\\\/author\\\/gonzalo\\\/\"}]}<\/script>","yoast_head_json":{"title":"Afirman que \"no todos\" est\u00e1n de acuerdo con los cambios en la polic\u00eda de Cuatro Bocas - Informe Litoral","robots":{"index":"index","follow":"follow","max-snippet":"max-snippet:-1","max-image-preview":"max-image-preview:large","max-video-preview":"max-video-preview:-1"},"canonical":"https:\/\/informelitoral.com.ar\/afirman-que-no-todos-estan-de-acuerdo-con-los-cambios-en-la-policia-de-cuatro-bocas\/","og_locale":"es_ES","og_type":"article","og_title":"Afirman que \"no todos\" est\u00e1n de acuerdo con los cambios en la polic\u00eda de Cuatro Bocas - Informe Litoral","og_description":"Tal como hab&iacute;amos informado, el lunes 6, asumi&oacute; el&nbsp;Sargento&nbsp;Hugo Oscar Brusco (30), como encargado del Destacamento Policial Cuatro Bocas Isletas, en reemplazo del Cabo I&nbsp;Cristian Leiva. Sin embargo,&nbsp;la noticia no le cay&oacute; bien a todos. Seg&uacute;n pudo conocer&nbsp;ISLETAS&nbsp;NOTICIAS,&nbsp;a trav&eacute;s de una fuente que no vamos&nbsp;a develar, &laquo;no todos&raquo; los vecinos e integrantes de la Asociaci&oacute;n [&hellip;]","og_url":"https:\/\/informelitoral.com.ar\/afirman-que-no-todos-estan-de-acuerdo-con-los-cambios-en-la-policia-de-cuatro-bocas\/","og_site_name":"Informe Litoral","article_publisher":"https:\/\/www.facebook.com\/informelitoral\/","article_published_time":"2013-05-08T02:49:26+00:00","article_modified_time":"2013-05-08T12:05:09+00:00","og_image":[{"width":450,"height":308,"url":"https:\/\/informelitoral.com.ar\/%77%70%2d%63%6f%6e%74%65%6e%74\/uploads\/2013\/05\/po.jpg","type":"image\/jpeg"}],"author":"Gonzalo Schmidt","twitter_card":"summary_large_image","twitter_creator":"@InformeLitoral","twitter_site":"@InformeLitoral","twitter_misc":{"Escrito por":"Gonzalo Schmidt","Tiempo de lectura":"1 minuto"},"schema":{"@context":"https:\/\/schema.org","@graph":[{"@type":"Article","@id":"https:\/\/informelitoral.com.ar\/afirman-que-no-todos-estan-de-acuerdo-con-los-cambios-en-la-policia-de-cuatro-bocas\/#article","isPartOf":{"@id":"https:\/\/informelitoral.com.ar\/afirman-que-no-todos-estan-de-acuerdo-con-los-cambios-en-la-policia-de-cuatro-bocas\/"},"author":{"name":"Gonzalo Schmidt","@id":"https:\/\/informelitoral.com.ar\/#\/schema\/person\/b9d00407c836482871ef1d57bf8e3180"},"headline":"Afirman que \u00abno todos\u00bb est\u00e1n de acuerdo con los cambios en la polic\u00eda de Cuatro Bocas","datePublished":"2013-05-08T02:49:26+00:00","dateModified":"2013-05-08T12:05:09+00:00","mainEntityOfPage":{"@id":"https:\/\/informelitoral.com.ar\/afirman-que-no-todos-estan-de-acuerdo-con-los-cambios-en-la-policia-de-cuatro-bocas\/"},"wordCount":263,"commentCount":0,"publisher":{"@id":"https:\/\/informelitoral.com.ar\/#organization"},"image":{"@id":"https:\/\/informelitoral.com.ar\/afirman-que-no-todos-estan-de-acuerdo-con-los-cambios-en-la-policia-de-cuatro-bocas\/#primaryimage"},"thumbnailUrl":"http:\/\/www.isletasnoticias.com.ar\/%77%70%2d%63%6f%6e%74%65%6e%74\/uploads\/2013\/05\/po-300x205.jpg","articleSection":["Isletas"],"inLanguage":"es","potentialAction":[{"@type":"CommentAction","name":"Comment","target":["https:\/\/informelitoral.com.ar\/afirman-que-no-todos-estan-de-acuerdo-con-los-cambios-en-la-policia-de-cuatro-bocas\/#respond"]}]},{"@type":"WebPage","@id":"https:\/\/informelitoral.com.ar\/afirman-que-no-todos-estan-de-acuerdo-con-los-cambios-en-la-policia-de-cuatro-bocas\/","url":"https:\/\/informelitoral.com.ar\/afirman-que-no-todos-estan-de-acuerdo-con-los-cambios-en-la-policia-de-cuatro-bocas\/","name":"Afirman que \"no todos\" est\u00e1n de acuerdo con los cambios en la polic\u00eda de Cuatro Bocas - Informe Litoral","isPartOf":{"@id":"https:\/\/informelitoral.com.ar\/#website"},"primaryImageOfPage":{"@id":"https:\/\/informelitoral.com.ar\/afirman-que-no-todos-estan-de-acuerdo-con-los-cambios-en-la-policia-de-cuatro-bocas\/#primaryimage"},"image":{"@id":"https:\/\/informelitoral.com.ar\/afirman-que-no-todos-estan-de-acuerdo-con-los-cambios-en-la-policia-de-cuatro-bocas\/#primaryimage"},"thumbnailUrl":"http:\/\/www.isletasnoticias.com.ar\/%77%70%2d%63%6f%6e%74%65%6e%74\/uploads\/2013\/05\/po-300x205.jpg","datePublished":"2013-05-08T02:49:26+00:00","dateModified":"2013-05-08T12:05:09+00:00","breadcrumb":{"@id":"https:\/\/informelitoral.com.ar\/afirman-que-no-todos-estan-de-acuerdo-con-los-cambios-en-la-policia-de-cuatro-bocas\/#breadcrumb"},"inLanguage":"es","potentialAction":[{"@type":"ReadAction","target":["https:\/\/informelitoral.com.ar\/afirman-que-no-todos-estan-de-acuerdo-con-los-cambios-en-la-policia-de-cuatro-bocas\/"]}]},{"@type":"ImageObject","inLanguage":"es","@id":"https:\/\/informelitoral.com.ar\/afirman-que-no-todos-estan-de-acuerdo-con-los-cambios-en-la-policia-de-cuatro-bocas\/#primaryimage","url":"http:\/\/www.isletasnoticias.com.ar\/%77%70%2d%63%6f%6e%74%65%6e%74\/uploads\/2013\/05\/po-300x205.jpg","contentUrl":"http:\/\/www.isletasnoticias.com.ar\/%77%70%2d%63%6f%6e%74%65%6e%74\/uploads\/2013\/05\/po-300x205.jpg"},{"@type":"BreadcrumbList","@id":"https:\/\/informelitoral.com.ar\/afirman-que-no-todos-estan-de-acuerdo-con-los-cambios-en-la-policia-de-cuatro-bocas\/#breadcrumb","itemListElement":[{"@type":"ListItem","position":1,"name":"Portada","item":"https:\/\/informelitoral.com.ar\/"},{"@type":"ListItem","position":2,"name":"Afirman que \u00abno todos\u00bb est\u00e1n de acuerdo con los cambios en la polic\u00eda de Cuatro Bocas"}]},{"@type":"WebSite","@id":"https:\/\/informelitoral.com.ar\/#website","url":"https:\/\/informelitoral.com.ar\/","name":"Informe Litoral","description":"&quot;Nos informamos&quot; ","publisher":{"@id":"https:\/\/informelitoral.com.ar\/#organization"},"potentialAction":[{"@type":"SearchAction","target":{"@type":"EntryPoint","urlTemplate":"https:\/\/informelitoral.com.ar\/?s={search_term_string}"},"query-input":{"@type":"PropertyValueSpecification","valueRequired":true,"valueName":"search_term_string"}}],"inLanguage":"es"},{"@type":"Organization","@id":"https:\/\/informelitoral.com.ar\/#organization","name":"Informe Litoral","url":"https:\/\/informelitoral.com.ar\/","logo":{"@type":"ImageObject","inLanguage":"es","@id":"https:\/\/informelitoral.com.ar\/#\/schema\/logo\/image\/","url":"https:\/\/informelitoral.com.ar\/%77%70%2d%63%6f%6e%74%65%6e%74\/uploads\/2021\/01\/circulo.png","contentUrl":"https:\/\/informelitoral.com.ar\/%77%70%2d%63%6f%6e%74%65%6e%74\/uploads\/2021\/01\/circulo.png","width":723,"height":731,"caption":"Informe Litoral"},"image":{"@id":"https:\/\/informelitoral.com.ar\/#\/schema\/logo\/image\/"},"sameAs":["https:\/\/www.facebook.com\/informelitoral\/","https:\/\/x.com\/InformeLitoral","https:\/\/www.instagram.com\/informelitoral\/","https:\/\/www.youtube.com\/channel\/UCua4Qvz8Icb6MYqhoq9xLXw"]},{"@type":"Person","@id":"https:\/\/informelitoral.com.ar\/#\/schema\/person\/b9d00407c836482871ef1d57bf8e3180","name":"Gonzalo Schmidt","image":{"@type":"ImageObject","inLanguage":"es","@id":"https:\/\/secure.gravatar.com\/avatar\/31a1a7b66ff2de83bd0e9fd79d026630d2d99e55e8bfe501287647b4fd9743de?s=96&d=mm&r=g","url":"https:\/\/secure.gravatar.com\/avatar\/31a1a7b66ff2de83bd0e9fd79d026630d2d99e55e8bfe501287647b4fd9743de?s=96&d=mm&r=g","contentUrl":"https:\/\/secure.gravatar.com\/avatar\/31a1a7b66ff2de83bd0e9fd79d026630d2d99e55e8bfe501287647b4fd9743de?s=96&d=mm&r=g","caption":"Gonzalo Schmidt"},"description":"Sitio web de noticias de la provincia de Entre R\u00edos, Argentina. Informaci\u00f3n y entretenimiento. Informe Litoral, nos informamos.","sameAs":["http:\/\/www.isletasnoticias.com.ar"],"url":"https:\/\/informelitoral.com.ar\/author\/gonzalo\/"}]}},"_links":{"self":[{"href":"https:\/\/informelitoral.com.ar\/%77%70%2d%6a%73%6f%6e\/wp\/v2\/posts\/1603","targetHints":{"allow":["GET"]}}],"collection":[{"href":"https:\/\/informelitoral.com.ar\/%77%70%2d%6a%73%6f%6e\/wp\/v2\/posts"}],"about":[{"href":"https:\/\/informelitoral.com.ar\/%77%70%2d%6a%73%6f%6e\/wp\/v2\/types\/post"}],"author":[{"embeddable":true,"href":"https:\/\/informelitoral.com.ar\/%77%70%2d%6a%73%6f%6e\/wp\/v2\/users\/2"}],"replies":[{"embeddable":true,"href":"https:\/\/informelitoral.com.ar\/%77%70%2d%6a%73%6f%6e\/wp\/v2\/comments?post=1603"}],"version-history":[{"count":0,"href":"https:\/\/informelitoral.com.ar\/%77%70%2d%6a%73%6f%6e\/wp\/v2\/posts\/1603\/revisions"}],"wp:attachment":[{"href":"https:\/\/informelitoral.com.ar\/%77%70%2d%6a%73%6f%6e\/wp\/v2\/media?parent=1603"}],"wp:term":[{"taxonomy":"category","embeddable":true,"href":"https:\/\/informelitoral.com.ar\/%77%70%2d%6a%73%6f%6e\/wp\/v2\/categories?post=1603"},{"taxonomy":"post_tag","embeddable":true,"href":"https:\/\/informelitoral.com.ar\/%77%70%2d%6a%73%6f%6e\/wp\/v2\/tags?post=1603"}],"curies":[{"name":"wp","href":"https:\/\/api.w.org\/{rel}","templated":true}]}}