{"id":160203,"date":"2023-08-01T08:01:21","date_gmt":"2023-08-01T11:01:21","guid":{"rendered":"https:\/\/www.informelitoral.com.ar\/?p=160203"},"modified":"2023-08-02T06:48:21","modified_gmt":"2023-08-02T09:48:21","slug":"sequia-bahillo-destaco-la-asistencia-del-gobierno-a-productores-por-40-mil-millones-de-pesos","status":"publish","type":"post","link":"https:\/\/informelitoral.com.ar\/sequia-bahillo-destaco-la-asistencia-del-gobierno-a-productores-por-40-mil-millones-de-pesos\/","title":{"rendered":"Sequ\u00eda: Bahillo destac\u00f3 la asistencia del Gobierno a productores por 40 mil millones de pesos"},"content":{"rendered":"<p>\u00abNuestro objetivo est\u00e1 puesto en que no queden productores en el camino. No podemos reemplazar el ingreso que tienen en condiciones normales sin seca, pero s\u00ed podemos estar cerca con ayudas para que sigan trabajando, porque eso es importante para el movimiento econ\u00f3mico y para sostener el arraigo y la actividad en el interior del pa\u00eds\u00bb, afirm\u00f3 el funcionario.<\/p>\n<p>En esa l\u00ednea, destac\u00f3 que \u00abse ha generado durante el \u00faltimo a\u00f1o una inversi\u00f3n importante de asistencia a los productores agropecuarios afectados por la sequ\u00eda en el marco de la Ley de Emergencia. Brindamos transferencias a las provincias, asistencias a cooperativas, econom\u00edas regionales&#8230;\u00bb.<\/p>\n<p>n declaraciones a<em> El Destape Radio<\/em>, Bahillo sentenci\u00f3: \u00abHubo muchas pol\u00edticas y mucha inversi\u00f3n que superaron los 40.000 millones de pesos en el \u00faltimo a\u00f1o\u00bb.<\/p>\n<p><strong>Eliminaci\u00f3n de las retenciones a las econom\u00edas regionales<\/strong><br \/>\nPor otro lado, el secretario de Estado reafirm\u00f3 que trabajan en la eliminaci\u00f3n de las retenciones a las econom\u00edas regionales para \u00abformalizarlo el 1 de septiembre, tal como anunci\u00f3 el ministro de Econom\u00eda, Sergio Massa\u00bb.<\/p>\n<p>Las al\u00edcuotas de las econom\u00edas regionales son menores a las del sector primario tradicional, ya que oscilan entre el 3% y el 12% como m\u00e1ximo, pero generalmente se ubican entre el 4% y el 6%, de acuerdo a lo precisado por el funcionario.<\/p>\n<p>\u00abLas econom\u00edas regionales para nosotros son muy importantes, m\u00e1s all\u00e1 de que no tengan la misma visibilidad que tienen la agricultura y la ganader\u00eda, pero aportan mucho valor agregado en origen, mano de obra, arraigo en el interior\u00bb, agreg\u00f3 Bahillo.<\/p>\n<p>Por \u00faltimo, rechaz\u00f3 que la reciente puesta en marcha del D\u00f3lar Agro pueda impactar sobre el precio de la harina ya que \u00abno impactan en el trigo\u00bb.<\/p>\n<p>Y a\u00f1adi\u00f3 que \u00aben todo caso, si modificar\u00e1n alguna estructura de costos, trabajamos para asistir a los sectores y que no afecte los precios. Es tan importante para nosotros controlar la inflaci\u00f3n como sostener a los sectores productivos\u00bb.<\/p>\n","protected":false},"excerpt":{"rendered":"<p>El secretario de Agricultura, Ganader\u00eda y Pesca, Juan Jos\u00e9 Bahillo, destac\u00f3 \u00ablos m\u00e1s de 40 mil millones de pesos\u00bb destinados por el Estado, el \u00faltimo a\u00f1o, para asistir al sector agropecuario, en un contexto de emergencia por el grave impacto que caus\u00f3 la hist\u00f3rica sequ\u00eda.<\/p>\n","protected":false},"author":8,"featured_media":84532,"comment_status":"open","ping_status":"open","sticky":false,"template":"","format":"standard","meta":{"fifu_image_url":"","fifu_image_alt":"","footnotes":""},"categories":[10,16],"tags":[1646,59],"class_list":{"0":"post-160203","1":"post","2":"type-post","3":"status-publish","4":"format-standard","5":"has-post-thumbnail","7":"category-campo","8":"category-politi","9":"tag-juan-jose-bahillo","10":"tag-sequia"},"yoast_head":"<title>Sequ\u00eda: Bahillo destac\u00f3 la asistencia del Gobierno a productores por 40 mil millones de pesos - Informe Litoral<\/title>\n<meta name=\"robots\" content=\"index, follow, max-snippet:-1, max-image-preview:large, max-video-preview:-1\" \/>\n<link rel=\"canonical\" href=\"https:\/\/informelitoral.com.ar\/sequia-bahillo-destaco-la-asistencia-del-gobierno-a-productores-por-40-mil-millones-de-pesos\/\" \/>\n<meta property=\"og:locale\" content=\"es_ES\" \/>\n<meta property=\"og:type\" content=\"article\" \/>\n<meta property=\"og:title\" content=\"Sequ\u00eda: Bahillo destac\u00f3 la asistencia del Gobierno a productores por 40 mil millones de pesos - Informe Litoral\" \/>\n<meta property=\"og:description\" content=\"El secretario de Agricultura, Ganader\u00eda y Pesca, Juan Jos\u00e9 Bahillo, destac\u00f3 &quot;los m\u00e1s de 40 mil millones de pesos&quot; destinados por el Estado, el \u00faltimo a\u00f1o, para asistir al sector agropecuario, en un contexto de emergencia por el grave impacto que caus\u00f3 la hist\u00f3rica sequ\u00eda.\" \/>\n<meta property=\"og:url\" content=\"https:\/\/informelitoral.com.ar\/sequia-bahillo-destaco-la-asistencia-del-gobierno-a-productores-por-40-mil-millones-de-pesos\/\" \/>\n<meta property=\"og:site_name\" content=\"Informe Litoral\" \/>\n<meta property=\"article:publisher\" content=\"https:\/\/www.facebook.com\/informelitoral\/\" \/>\n<meta property=\"article:published_time\" content=\"2023-08-01T11:01:21+00:00\" \/>\n<meta property=\"article:modified_time\" content=\"2023-08-02T09:48:21+00:00\" \/>\n<meta property=\"og:image\" content=\"https:\/\/informelitoral.com.ar\/%77%70%2d%63%6f%6e%74%65%6e%74\/uploads\/2022\/08\/juan-jose-bahillo-750x422-1.jpg\" \/>\n\t<meta property=\"og:image:width\" content=\"750\" \/>\n\t<meta property=\"og:image:height\" content=\"422\" \/>\n\t<meta property=\"og:image:type\" content=\"image\/jpeg\" \/>\n<meta name=\"author\" content=\"Sebastian\" \/>\n<meta name=\"twitter:card\" content=\"summary_large_image\" \/>\n<meta name=\"twitter:creator\" content=\"@InformeLitoral\" \/>\n<meta name=\"twitter:site\" content=\"@InformeLitoral\" \/>\n<meta name=\"twitter:label1\" content=\"Escrito por\" \/>\n\t<meta name=\"twitter:data1\" content=\"Sebastian\" \/>\n\t<meta name=\"twitter:label2\" content=\"Tiempo de lectura\" \/>\n\t<meta name=\"twitter:data2\" content=\"2 minutos\" \/>\n<script type=\"application\/ld+json\" class=\"yoast-schema-graph\">{\"@context\":\"https:\\\/\\\/schema.org\",\"@graph\":[{\"@type\":\"Article\",\"@id\":\"https:\\\/\\\/informelitoral.com.ar\\\/sequia-bahillo-destaco-la-asistencia-del-gobierno-a-productores-por-40-mil-millones-de-pesos\\\/#article\",\"isPartOf\":{\"@id\":\"https:\\\/\\\/informelitoral.com.ar\\\/sequia-bahillo-destaco-la-asistencia-del-gobierno-a-productores-por-40-mil-millones-de-pesos\\\/\"},\"author\":{\"name\":\"Sebastian\",\"@id\":\"https:\\\/\\\/informelitoral.com.ar\\\/#\\\/schema\\\/person\\\/f05f9f461677119578717524b127d6d5\"},\"headline\":\"Sequ\u00eda: Bahillo destac\u00f3 la asistencia del Gobierno a productores por 40 mil millones de pesos\",\"datePublished\":\"2023-08-01T11:01:21+00:00\",\"dateModified\":\"2023-08-02T09:48:21+00:00\",\"mainEntityOfPage\":{\"@id\":\"https:\\\/\\\/informelitoral.com.ar\\\/sequia-bahillo-destaco-la-asistencia-del-gobierno-a-productores-por-40-mil-millones-de-pesos\\\/\"},\"wordCount\":352,\"commentCount\":0,\"publisher\":{\"@id\":\"https:\\\/\\\/informelitoral.com.ar\\\/#organization\"},\"image\":{\"@id\":\"https:\\\/\\\/informelitoral.com.ar\\\/sequia-bahillo-destaco-la-asistencia-del-gobierno-a-productores-por-40-mil-millones-de-pesos\\\/#primaryimage\"},\"thumbnailUrl\":\"https:\\\/\\\/informelitoral.com.ar\\\/%77%70%2d%63%6f%6e%74%65%6e%74\\\/uploads\\\/2022\\\/08\\\/juan-jose-bahillo-750x422-1.jpg\",\"keywords\":[\"Juan Jos\u00e9 Bahillo\",\"Sequ\u00eda\"],\"articleSection\":[\"Campo\",\"Politica\"],\"inLanguage\":\"es\",\"potentialAction\":[{\"@type\":\"CommentAction\",\"name\":\"Comment\",\"target\":[\"https:\\\/\\\/informelitoral.com.ar\\\/sequia-bahillo-destaco-la-asistencia-del-gobierno-a-productores-por-40-mil-millones-de-pesos\\\/#respond\"]}]},{\"@type\":\"WebPage\",\"@id\":\"https:\\\/\\\/informelitoral.com.ar\\\/sequia-bahillo-destaco-la-asistencia-del-gobierno-a-productores-por-40-mil-millones-de-pesos\\\/\",\"url\":\"https:\\\/\\\/informelitoral.com.ar\\\/sequia-bahillo-destaco-la-asistencia-del-gobierno-a-productores-por-40-mil-millones-de-pesos\\\/\",\"name\":\"Sequ\u00eda: Bahillo destac\u00f3 la asistencia del Gobierno a productores por 40 mil millones de pesos - Informe Litoral\",\"isPartOf\":{\"@id\":\"https:\\\/\\\/informelitoral.com.ar\\\/#website\"},\"primaryImageOfPage\":{\"@id\":\"https:\\\/\\\/informelitoral.com.ar\\\/sequia-bahillo-destaco-la-asistencia-del-gobierno-a-productores-por-40-mil-millones-de-pesos\\\/#primaryimage\"},\"image\":{\"@id\":\"https:\\\/\\\/informelitoral.com.ar\\\/sequia-bahillo-destaco-la-asistencia-del-gobierno-a-productores-por-40-mil-millones-de-pesos\\\/#primaryimage\"},\"thumbnailUrl\":\"https:\\\/\\\/informelitoral.com.ar\\\/%77%70%2d%63%6f%6e%74%65%6e%74\\\/uploads\\\/2022\\\/08\\\/juan-jose-bahillo-750x422-1.jpg\",\"datePublished\":\"2023-08-01T11:01:21+00:00\",\"dateModified\":\"2023-08-02T09:48:21+00:00\",\"breadcrumb\":{\"@id\":\"https:\\\/\\\/informelitoral.com.ar\\\/sequia-bahillo-destaco-la-asistencia-del-gobierno-a-productores-por-40-mil-millones-de-pesos\\\/#breadcrumb\"},\"inLanguage\":\"es\",\"potentialAction\":[{\"@type\":\"ReadAction\",\"target\":[\"https:\\\/\\\/informelitoral.com.ar\\\/sequia-bahillo-destaco-la-asistencia-del-gobierno-a-productores-por-40-mil-millones-de-pesos\\\/\"]}]},{\"@type\":\"ImageObject\",\"inLanguage\":\"es\",\"@id\":\"https:\\\/\\\/informelitoral.com.ar\\\/sequia-bahillo-destaco-la-asistencia-del-gobierno-a-productores-por-40-mil-millones-de-pesos\\\/#primaryimage\",\"url\":\"https:\\\/\\\/informelitoral.com.ar\\\/%77%70%2d%63%6f%6e%74%65%6e%74\\\/uploads\\\/2022\\\/08\\\/juan-jose-bahillo-750x422-1.jpg\",\"contentUrl\":\"https:\\\/\\\/informelitoral.com.ar\\\/%77%70%2d%63%6f%6e%74%65%6e%74\\\/uploads\\\/2022\\\/08\\\/juan-jose-bahillo-750x422-1.jpg\",\"width\":750,\"height\":422},{\"@type\":\"BreadcrumbList\",\"@id\":\"https:\\\/\\\/informelitoral.com.ar\\\/sequia-bahillo-destaco-la-asistencia-del-gobierno-a-productores-por-40-mil-millones-de-pesos\\\/#breadcrumb\",\"itemListElement\":[{\"@type\":\"ListItem\",\"position\":1,\"name\":\"Portada\",\"item\":\"https:\\\/\\\/informelitoral.com.ar\\\/\"},{\"@type\":\"ListItem\",\"position\":2,\"name\":\"Sequ\u00eda: Bahillo destac\u00f3 la asistencia del Gobierno a productores por 40 mil millones de pesos\"}]},{\"@type\":\"WebSite\",\"@id\":\"https:\\\/\\\/informelitoral.com.ar\\\/#website\",\"url\":\"https:\\\/\\\/informelitoral.com.ar\\\/\",\"name\":\"Informe Litoral\",\"description\":\"&quot;Nos informamos&quot; \",\"publisher\":{\"@id\":\"https:\\\/\\\/informelitoral.com.ar\\\/#organization\"},\"potentialAction\":[{\"@type\":\"SearchAction\",\"target\":{\"@type\":\"EntryPoint\",\"urlTemplate\":\"https:\\\/\\\/informelitoral.com.ar\\\/?s={search_term_string}\"},\"query-input\":{\"@type\":\"PropertyValueSpecification\",\"valueRequired\":true,\"valueName\":\"search_term_string\"}}],\"inLanguage\":\"es\"},{\"@type\":\"Organization\",\"@id\":\"https:\\\/\\\/informelitoral.com.ar\\\/#organization\",\"name\":\"Informe Litoral\",\"url\":\"https:\\\/\\\/informelitoral.com.ar\\\/\",\"logo\":{\"@type\":\"ImageObject\",\"inLanguage\":\"es\",\"@id\":\"https:\\\/\\\/informelitoral.com.ar\\\/#\\\/schema\\\/logo\\\/image\\\/\",\"url\":\"https:\\\/\\\/informelitoral.com.ar\\\/%77%70%2d%63%6f%6e%74%65%6e%74\\\/uploads\\\/2021\\\/01\\\/circulo.png\",\"contentUrl\":\"https:\\\/\\\/informelitoral.com.ar\\\/%77%70%2d%63%6f%6e%74%65%6e%74\\\/uploads\\\/2021\\\/01\\\/circulo.png\",\"width\":723,\"height\":731,\"caption\":\"Informe Litoral\"},\"image\":{\"@id\":\"https:\\\/\\\/informelitoral.com.ar\\\/#\\\/schema\\\/logo\\\/image\\\/\"},\"sameAs\":[\"https:\\\/\\\/www.facebook.com\\\/informelitoral\\\/\",\"https:\\\/\\\/x.com\\\/InformeLitoral\",\"https:\\\/\\\/www.instagram.com\\\/informelitoral\\\/\",\"https:\\\/\\\/www.youtube.com\\\/channel\\\/UCua4Qvz8Icb6MYqhoq9xLXw\"]},{\"@type\":\"Person\",\"@id\":\"https:\\\/\\\/informelitoral.com.ar\\\/#\\\/schema\\\/person\\\/f05f9f461677119578717524b127d6d5\",\"name\":\"Sebastian\",\"image\":{\"@type\":\"ImageObject\",\"inLanguage\":\"es\",\"@id\":\"https:\\\/\\\/secure.gravatar.com\\\/avatar\\\/b71bf7481d447dfb9583c7f2798e7cc64de6efb9067b74633ed8c31059a3bd82?s=96&d=mm&r=g\",\"url\":\"https:\\\/\\\/secure.gravatar.com\\\/avatar\\\/b71bf7481d447dfb9583c7f2798e7cc64de6efb9067b74633ed8c31059a3bd82?s=96&d=mm&r=g\",\"contentUrl\":\"https:\\\/\\\/secure.gravatar.com\\\/avatar\\\/b71bf7481d447dfb9583c7f2798e7cc64de6efb9067b74633ed8c31059a3bd82?s=96&d=mm&r=g\",\"caption\":\"Sebastian\"},\"url\":\"https:\\\/\\\/informelitoral.com.ar\\\/author\\\/sebastian\\\/\"}]}<\/script>","yoast_head_json":{"title":"Sequ\u00eda: Bahillo destac\u00f3 la asistencia del Gobierno a productores por 40 mil millones de pesos - Informe Litoral","robots":{"index":"index","follow":"follow","max-snippet":"max-snippet:-1","max-image-preview":"max-image-preview:large","max-video-preview":"max-video-preview:-1"},"canonical":"https:\/\/informelitoral.com.ar\/sequia-bahillo-destaco-la-asistencia-del-gobierno-a-productores-por-40-mil-millones-de-pesos\/","og_locale":"es_ES","og_type":"article","og_title":"Sequ\u00eda: Bahillo destac\u00f3 la asistencia del Gobierno a productores por 40 mil millones de pesos - Informe Litoral","og_description":"El secretario de Agricultura, Ganader\u00eda y Pesca, Juan Jos\u00e9 Bahillo, destac\u00f3 \"los m\u00e1s de 40 mil millones de pesos\" destinados por el Estado, el \u00faltimo a\u00f1o, para asistir al sector agropecuario, en un contexto de emergencia por el grave impacto que caus\u00f3 la hist\u00f3rica sequ\u00eda.","og_url":"https:\/\/informelitoral.com.ar\/sequia-bahillo-destaco-la-asistencia-del-gobierno-a-productores-por-40-mil-millones-de-pesos\/","og_site_name":"Informe Litoral","article_publisher":"https:\/\/www.facebook.com\/informelitoral\/","article_published_time":"2023-08-01T11:01:21+00:00","article_modified_time":"2023-08-02T09:48:21+00:00","og_image":[{"width":750,"height":422,"url":"https:\/\/informelitoral.com.ar\/%77%70%2d%63%6f%6e%74%65%6e%74\/uploads\/2022\/08\/juan-jose-bahillo-750x422-1.jpg","type":"image\/jpeg"}],"author":"Sebastian","twitter_card":"summary_large_image","twitter_creator":"@InformeLitoral","twitter_site":"@InformeLitoral","twitter_misc":{"Escrito por":"Sebastian","Tiempo de lectura":"2 minutos"},"schema":{"@context":"https:\/\/schema.org","@graph":[{"@type":"Article","@id":"https:\/\/informelitoral.com.ar\/sequia-bahillo-destaco-la-asistencia-del-gobierno-a-productores-por-40-mil-millones-de-pesos\/#article","isPartOf":{"@id":"https:\/\/informelitoral.com.ar\/sequia-bahillo-destaco-la-asistencia-del-gobierno-a-productores-por-40-mil-millones-de-pesos\/"},"author":{"name":"Sebastian","@id":"https:\/\/informelitoral.com.ar\/#\/schema\/person\/f05f9f461677119578717524b127d6d5"},"headline":"Sequ\u00eda: Bahillo destac\u00f3 la asistencia del Gobierno a productores por 40 mil millones de pesos","datePublished":"2023-08-01T11:01:21+00:00","dateModified":"2023-08-02T09:48:21+00:00","mainEntityOfPage":{"@id":"https:\/\/informelitoral.com.ar\/sequia-bahillo-destaco-la-asistencia-del-gobierno-a-productores-por-40-mil-millones-de-pesos\/"},"wordCount":352,"commentCount":0,"publisher":{"@id":"https:\/\/informelitoral.com.ar\/#organization"},"image":{"@id":"https:\/\/informelitoral.com.ar\/sequia-bahillo-destaco-la-asistencia-del-gobierno-a-productores-por-40-mil-millones-de-pesos\/#primaryimage"},"thumbnailUrl":"https:\/\/informelitoral.com.ar\/%77%70%2d%63%6f%6e%74%65%6e%74\/uploads\/2022\/08\/juan-jose-bahillo-750x422-1.jpg","keywords":["Juan Jos\u00e9 Bahillo","Sequ\u00eda"],"articleSection":["Campo","Politica"],"inLanguage":"es","potentialAction":[{"@type":"CommentAction","name":"Comment","target":["https:\/\/informelitoral.com.ar\/sequia-bahillo-destaco-la-asistencia-del-gobierno-a-productores-por-40-mil-millones-de-pesos\/#respond"]}]},{"@type":"WebPage","@id":"https:\/\/informelitoral.com.ar\/sequia-bahillo-destaco-la-asistencia-del-gobierno-a-productores-por-40-mil-millones-de-pesos\/","url":"https:\/\/informelitoral.com.ar\/sequia-bahillo-destaco-la-asistencia-del-gobierno-a-productores-por-40-mil-millones-de-pesos\/","name":"Sequ\u00eda: Bahillo destac\u00f3 la asistencia del Gobierno a productores por 40 mil millones de pesos - Informe Litoral","isPartOf":{"@id":"https:\/\/informelitoral.com.ar\/#website"},"primaryImageOfPage":{"@id":"https:\/\/informelitoral.com.ar\/sequia-bahillo-destaco-la-asistencia-del-gobierno-a-productores-por-40-mil-millones-de-pesos\/#primaryimage"},"image":{"@id":"https:\/\/informelitoral.com.ar\/sequia-bahillo-destaco-la-asistencia-del-gobierno-a-productores-por-40-mil-millones-de-pesos\/#primaryimage"},"thumbnailUrl":"https:\/\/informelitoral.com.ar\/%77%70%2d%63%6f%6e%74%65%6e%74\/uploads\/2022\/08\/juan-jose-bahillo-750x422-1.jpg","datePublished":"2023-08-01T11:01:21+00:00","dateModified":"2023-08-02T09:48:21+00:00","breadcrumb":{"@id":"https:\/\/informelitoral.com.ar\/sequia-bahillo-destaco-la-asistencia-del-gobierno-a-productores-por-40-mil-millones-de-pesos\/#breadcrumb"},"inLanguage":"es","potentialAction":[{"@type":"ReadAction","target":["https:\/\/informelitoral.com.ar\/sequia-bahillo-destaco-la-asistencia-del-gobierno-a-productores-por-40-mil-millones-de-pesos\/"]}]},{"@type":"ImageObject","inLanguage":"es","@id":"https:\/\/informelitoral.com.ar\/sequia-bahillo-destaco-la-asistencia-del-gobierno-a-productores-por-40-mil-millones-de-pesos\/#primaryimage","url":"https:\/\/informelitoral.com.ar\/%77%70%2d%63%6f%6e%74%65%6e%74\/uploads\/2022\/08\/juan-jose-bahillo-750x422-1.jpg","contentUrl":"https:\/\/informelitoral.com.ar\/%77%70%2d%63%6f%6e%74%65%6e%74\/uploads\/2022\/08\/juan-jose-bahillo-750x422-1.jpg","width":750,"height":422},{"@type":"BreadcrumbList","@id":"https:\/\/informelitoral.com.ar\/sequia-bahillo-destaco-la-asistencia-del-gobierno-a-productores-por-40-mil-millones-de-pesos\/#breadcrumb","itemListElement":[{"@type":"ListItem","position":1,"name":"Portada","item":"https:\/\/informelitoral.com.ar\/"},{"@type":"ListItem","position":2,"name":"Sequ\u00eda: Bahillo destac\u00f3 la asistencia del Gobierno a productores por 40 mil millones de pesos"}]},{"@type":"WebSite","@id":"https:\/\/informelitoral.com.ar\/#website","url":"https:\/\/informelitoral.com.ar\/","name":"Informe Litoral","description":"&quot;Nos informamos&quot; ","publisher":{"@id":"https:\/\/informelitoral.com.ar\/#organization"},"potentialAction":[{"@type":"SearchAction","target":{"@type":"EntryPoint","urlTemplate":"https:\/\/informelitoral.com.ar\/?s={search_term_string}"},"query-input":{"@type":"PropertyValueSpecification","valueRequired":true,"valueName":"search_term_string"}}],"inLanguage":"es"},{"@type":"Organization","@id":"https:\/\/informelitoral.com.ar\/#organization","name":"Informe Litoral","url":"https:\/\/informelitoral.com.ar\/","logo":{"@type":"ImageObject","inLanguage":"es","@id":"https:\/\/informelitoral.com.ar\/#\/schema\/logo\/image\/","url":"https:\/\/informelitoral.com.ar\/%77%70%2d%63%6f%6e%74%65%6e%74\/uploads\/2021\/01\/circulo.png","contentUrl":"https:\/\/informelitoral.com.ar\/%77%70%2d%63%6f%6e%74%65%6e%74\/uploads\/2021\/01\/circulo.png","width":723,"height":731,"caption":"Informe Litoral"},"image":{"@id":"https:\/\/informelitoral.com.ar\/#\/schema\/logo\/image\/"},"sameAs":["https:\/\/www.facebook.com\/informelitoral\/","https:\/\/x.com\/InformeLitoral","https:\/\/www.instagram.com\/informelitoral\/","https:\/\/www.youtube.com\/channel\/UCua4Qvz8Icb6MYqhoq9xLXw"]},{"@type":"Person","@id":"https:\/\/informelitoral.com.ar\/#\/schema\/person\/f05f9f461677119578717524b127d6d5","name":"Sebastian","image":{"@type":"ImageObject","inLanguage":"es","@id":"https:\/\/secure.gravatar.com\/avatar\/b71bf7481d447dfb9583c7f2798e7cc64de6efb9067b74633ed8c31059a3bd82?s=96&d=mm&r=g","url":"https:\/\/secure.gravatar.com\/avatar\/b71bf7481d447dfb9583c7f2798e7cc64de6efb9067b74633ed8c31059a3bd82?s=96&d=mm&r=g","contentUrl":"https:\/\/secure.gravatar.com\/avatar\/b71bf7481d447dfb9583c7f2798e7cc64de6efb9067b74633ed8c31059a3bd82?s=96&d=mm&r=g","caption":"Sebastian"},"url":"https:\/\/informelitoral.com.ar\/author\/sebastian\/"}]}},"_links":{"self":[{"href":"https:\/\/informelitoral.com.ar\/%77%70%2d%6a%73%6f%6e\/wp\/v2\/posts\/160203","targetHints":{"allow":["GET"]}}],"collection":[{"href":"https:\/\/informelitoral.com.ar\/%77%70%2d%6a%73%6f%6e\/wp\/v2\/posts"}],"about":[{"href":"https:\/\/informelitoral.com.ar\/%77%70%2d%6a%73%6f%6e\/wp\/v2\/types\/post"}],"author":[{"embeddable":true,"href":"https:\/\/informelitoral.com.ar\/%77%70%2d%6a%73%6f%6e\/wp\/v2\/users\/8"}],"replies":[{"embeddable":true,"href":"https:\/\/informelitoral.com.ar\/%77%70%2d%6a%73%6f%6e\/wp\/v2\/comments?post=160203"}],"version-history":[{"count":0,"href":"https:\/\/informelitoral.com.ar\/%77%70%2d%6a%73%6f%6e\/wp\/v2\/posts\/160203\/revisions"}],"wp:featuredmedia":[{"embeddable":true,"href":"https:\/\/informelitoral.com.ar\/%77%70%2d%6a%73%6f%6e\/wp\/v2\/media\/84532"}],"wp:attachment":[{"href":"https:\/\/informelitoral.com.ar\/%77%70%2d%6a%73%6f%6e\/wp\/v2\/media?parent=160203"}],"wp:term":[{"taxonomy":"category","embeddable":true,"href":"https:\/\/informelitoral.com.ar\/%77%70%2d%6a%73%6f%6e\/wp\/v2\/categories?post=160203"},{"taxonomy":"post_tag","embeddable":true,"href":"https:\/\/informelitoral.com.ar\/%77%70%2d%6a%73%6f%6e\/wp\/v2\/tags?post=160203"}],"curies":[{"name":"wp","href":"https:\/\/api.w.org\/{rel}","templated":true}]}}