{"id":160196,"date":"2023-08-01T07:53:42","date_gmt":"2023-08-01T10:53:42","guid":{"rendered":"https:\/\/www.informelitoral.com.ar\/?p=160196"},"modified":"2023-08-02T06:49:08","modified_gmt":"2023-08-02T09:49:08","slug":"el-aumento-de-las-prepagas-en-septiembre-sera-de-718-o-558-por-ciento","status":"publish","type":"post","link":"https:\/\/informelitoral.com.ar\/el-aumento-de-las-prepagas-en-septiembre-sera-de-718-o-558-por-ciento\/","title":{"rendered":"El aumento de las prepagas en septiembre ser\u00e1 de 7,18 o 5,58 por ciento"},"content":{"rendered":"<section class=\"texto\">El aumento de setiembre de la medicina privada\u00a0<b>ser\u00e1 del 7,18% o 5,58% seg\u00fan si perciben m\u00e1s o menos de 6 Salarios M\u00ednimos, Vital y M\u00f3vil (SMVM) ($ 105.500 x6 : $ 633.000)<\/b>, de acuerdo a la autorizaci\u00f3n de la Superintendencia de Servicios de Salud.Esto ser\u00e1 as\u00ed porque las cuotas se indexan todos los meses. Y porque el \u00cdndice de Costos de Salud (7,18%) es superior al 90% de la variaci\u00f3n de los salarios formales (RIPTE) (6,2 x 0.90), que es el indicador que se utiliza para fijar el incremento de la cuota de los que menos ganan, seg\u00fan la Superintendencia de Servicios de Salud.<\/p>\n<p>Con los aumentos de agosto del 8,72% y el de septiembre un plan familiar medio de un matrimonio con 2 hijos menores podr\u00e1 rondar entre los $ 125.000 y los $ 180.000 mensuales.<\/p>\n<p>Con el aumento del 6,9% en enero y los 8 aumentos de febrero a septiembre, la suba acumulada en los primeros 9 meses del a\u00f1o llegar\u00e1 a 78,1%, para quienes se les aplica el Indice de Costos de Salud. Para quienes perciben menos de 6 Salarios M\u00ednimo, Vital y M\u00f3vil (SMVM) la suba enero-septiembre ser\u00e1 de 64,4%.<\/p>\n<p>Los afiliados comenzaron a recibir este lunes la notificaci\u00f3n del incremento porque las prepagas deben hacerlo con 30 d\u00edas de anticipaci\u00f3n.<\/p>\n<p>El decreto 743\/2022 que fij\u00f3 los aumentos diferenciados (que debutaron en febrero) establece que el 90% del RIPTE act\u00faa como tope para los que perciben menos de 6 Salarios M\u00ednimos Vitales y M\u00f3viles (SMVM) con relaci\u00f3n al \u00cdndice de Costos de Salud. A quienes ganan m\u00e1s de 6 SMVM se les aplica la suba del \u00cdndice de Costos. Pero si el \u00cdndice de Costos es inferior al 90% del RIPTE, se les aplica a todos los afiliados el \u00cdndice menor.<\/p>\n<p>As\u00ed, ese tope se aplic\u00f3 en febrero, en marzo y en mayo porque el \u00cdndice de Costos de Salud fue del 8,21%, 7,66% y 4,76% respectivamente, y a los que menos ganan se les aplic\u00f3 el 4,91%, 5,04% y 3,43%. Y en septiembre tambi\u00e9n se aplicar\u00e1 porque el \u00cdndice de Costos es del 7,18% y a los que menos ganan les corresponde el 5,58%.<\/p>\n<p>En abril, ese tope no se aplic\u00f3 porque el \u00cdndice de Costos de Salud fue del 2,36% y el 90% del RIPTE 4,87%. En junio tampoco se aplic\u00f3 porque el \u00cdndice de Salud fue del 5,49 % y el 90% del RIPTE fue del 7,58%. En julio, el \u00cdndice de Costos de Salud fue del 8,49% y el 90% del RIPTE fue del 8,78%. Y en agosto, el \u00cdndice de Costos de Salud es de 8,72% y el 90% del RIPTE es del 8,86%.<\/p>\n<p>Para realizar estos c\u00e1lculos para el aumento de septiembre se toma el RIPTE de mayo que fue del 6,2%.<\/p>\n<p><b>Los titulares de las prepagas deber\u00e1n ingresar en la p\u00e1gina de la Superintendencia de Salud para declarar si tienen ingresos netos inferiores o superiores a los 6 SMVM. ($ 633.000).<\/b><\/p>\n<p>El \u00cdndice de Costos de Salud combina la evoluci\u00f3n de los costos de los medicamentos (12,2%) de acuerdo a un listado que elabora el Ministerio de Salud, los insumos m\u00e9dicos (17,2%), los salarios fijados por las paritarias (52,4%) y los gastos generales (18,2%), que elabora la SSSalud.<\/p>\n<p>Por su parte, las entidades de medicina prepaga y las obras sociales deber\u00e1n incrementar los valores de las prestaciones m\u00e9dico-asistenciales brindadas a los beneficiarios de las prepagas y obras sociales por las cl\u00ednicas, sanatorios y profesionales en al menos un 90% del aumento porcentual de sus ingresos seg\u00fan las cuotas percibidas.<\/p>\n<\/section>\n","protected":false},"excerpt":{"rendered":"<p>Con los aumentos de agosto del 8,72% y septiembre un plan familiar medio de un matrimonio con 2 hijos menores podr\u00e1 rondar entre los $ 125.000 y los $ 180.000 mensuales.<\/p>\n","protected":false},"author":8,"featured_media":26481,"comment_status":"open","ping_status":"open","sticky":false,"template":"","format":"standard","meta":{"fifu_image_url":"","fifu_image_alt":"","footnotes":""},"categories":[7,1595],"tags":[172,3623,328],"class_list":{"0":"post-160196","1":"post","2":"type-post","3":"status-publish","4":"format-standard","5":"has-post-thumbnail","7":"category-nacionales","8":"category-salud","9":"tag-aumento","10":"tag-obras-sociales","11":"tag-prepagas"},"yoast_head":"<title>El aumento de las prepagas en septiembre ser\u00e1 de 7,18 o 5,58 por ciento - Informe Litoral<\/title>\n<meta name=\"robots\" content=\"index, follow, max-snippet:-1, max-image-preview:large, max-video-preview:-1\" \/>\n<link rel=\"canonical\" href=\"https:\/\/informelitoral.com.ar\/el-aumento-de-las-prepagas-en-septiembre-sera-de-718-o-558-por-ciento\/\" \/>\n<meta property=\"og:locale\" content=\"es_ES\" \/>\n<meta property=\"og:type\" content=\"article\" \/>\n<meta property=\"og:title\" content=\"El aumento de las prepagas en septiembre ser\u00e1 de 7,18 o 5,58 por ciento - Informe Litoral\" \/>\n<meta property=\"og:description\" content=\"Con los aumentos de agosto del 8,72% y septiembre un plan familiar medio de un matrimonio con 2 hijos menores podr\u00e1 rondar entre los $ 125.000 y los $ 180.000 mensuales.\" \/>\n<meta property=\"og:url\" content=\"https:\/\/informelitoral.com.ar\/el-aumento-de-las-prepagas-en-septiembre-sera-de-718-o-558-por-ciento\/\" \/>\n<meta property=\"og:site_name\" content=\"Informe Litoral\" \/>\n<meta property=\"article:publisher\" content=\"https:\/\/www.facebook.com\/informelitoral\/\" \/>\n<meta property=\"article:published_time\" content=\"2023-08-01T10:53:42+00:00\" \/>\n<meta property=\"article:modified_time\" content=\"2023-08-02T09:49:08+00:00\" \/>\n<meta property=\"og:image\" content=\"https:\/\/informelitoral.com.ar\/%77%70%2d%63%6f%6e%74%65%6e%74\/uploads\/2018\/04\/prepagas.jpg\" \/>\n\t<meta property=\"og:image:width\" content=\"1068\" \/>\n\t<meta property=\"og:image:height\" content=\"668\" \/>\n\t<meta property=\"og:image:type\" content=\"image\/jpeg\" \/>\n<meta name=\"author\" content=\"Sebastian\" \/>\n<meta name=\"twitter:card\" content=\"summary_large_image\" \/>\n<meta name=\"twitter:creator\" content=\"@InformeLitoral\" \/>\n<meta name=\"twitter:site\" content=\"@InformeLitoral\" \/>\n<meta name=\"twitter:label1\" content=\"Escrito por\" \/>\n\t<meta name=\"twitter:data1\" content=\"Sebastian\" \/>\n\t<meta name=\"twitter:label2\" content=\"Tiempo de lectura\" \/>\n\t<meta name=\"twitter:data2\" content=\"3 minutos\" \/>\n<script type=\"application\/ld+json\" class=\"yoast-schema-graph\">{\"@context\":\"https:\\\/\\\/schema.org\",\"@graph\":[{\"@type\":\"Article\",\"@id\":\"https:\\\/\\\/informelitoral.com.ar\\\/el-aumento-de-las-prepagas-en-septiembre-sera-de-718-o-558-por-ciento\\\/#article\",\"isPartOf\":{\"@id\":\"https:\\\/\\\/informelitoral.com.ar\\\/el-aumento-de-las-prepagas-en-septiembre-sera-de-718-o-558-por-ciento\\\/\"},\"author\":{\"name\":\"Sebastian\",\"@id\":\"https:\\\/\\\/informelitoral.com.ar\\\/#\\\/schema\\\/person\\\/f05f9f461677119578717524b127d6d5\"},\"headline\":\"El aumento de las prepagas en septiembre ser\u00e1 de 7,18 o 5,58 por ciento\",\"datePublished\":\"2023-08-01T10:53:42+00:00\",\"dateModified\":\"2023-08-02T09:49:08+00:00\",\"mainEntityOfPage\":{\"@id\":\"https:\\\/\\\/informelitoral.com.ar\\\/el-aumento-de-las-prepagas-en-septiembre-sera-de-718-o-558-por-ciento\\\/\"},\"wordCount\":572,\"commentCount\":0,\"publisher\":{\"@id\":\"https:\\\/\\\/informelitoral.com.ar\\\/#organization\"},\"image\":{\"@id\":\"https:\\\/\\\/informelitoral.com.ar\\\/el-aumento-de-las-prepagas-en-septiembre-sera-de-718-o-558-por-ciento\\\/#primaryimage\"},\"thumbnailUrl\":\"https:\\\/\\\/informelitoral.com.ar\\\/%77%70%2d%63%6f%6e%74%65%6e%74\\\/uploads\\\/2018\\\/04\\\/prepagas.jpg\",\"keywords\":[\"Aumento\",\"Obras sociales\",\"Prepagas\"],\"articleSection\":[\"Nacionales\",\"Salud\"],\"inLanguage\":\"es\",\"potentialAction\":[{\"@type\":\"CommentAction\",\"name\":\"Comment\",\"target\":[\"https:\\\/\\\/informelitoral.com.ar\\\/el-aumento-de-las-prepagas-en-septiembre-sera-de-718-o-558-por-ciento\\\/#respond\"]}]},{\"@type\":\"WebPage\",\"@id\":\"https:\\\/\\\/informelitoral.com.ar\\\/el-aumento-de-las-prepagas-en-septiembre-sera-de-718-o-558-por-ciento\\\/\",\"url\":\"https:\\\/\\\/informelitoral.com.ar\\\/el-aumento-de-las-prepagas-en-septiembre-sera-de-718-o-558-por-ciento\\\/\",\"name\":\"El aumento de las prepagas en septiembre ser\u00e1 de 7,18 o 5,58 por ciento - Informe Litoral\",\"isPartOf\":{\"@id\":\"https:\\\/\\\/informelitoral.com.ar\\\/#website\"},\"primaryImageOfPage\":{\"@id\":\"https:\\\/\\\/informelitoral.com.ar\\\/el-aumento-de-las-prepagas-en-septiembre-sera-de-718-o-558-por-ciento\\\/#primaryimage\"},\"image\":{\"@id\":\"https:\\\/\\\/informelitoral.com.ar\\\/el-aumento-de-las-prepagas-en-septiembre-sera-de-718-o-558-por-ciento\\\/#primaryimage\"},\"thumbnailUrl\":\"https:\\\/\\\/informelitoral.com.ar\\\/%77%70%2d%63%6f%6e%74%65%6e%74\\\/uploads\\\/2018\\\/04\\\/prepagas.jpg\",\"datePublished\":\"2023-08-01T10:53:42+00:00\",\"dateModified\":\"2023-08-02T09:49:08+00:00\",\"breadcrumb\":{\"@id\":\"https:\\\/\\\/informelitoral.com.ar\\\/el-aumento-de-las-prepagas-en-septiembre-sera-de-718-o-558-por-ciento\\\/#breadcrumb\"},\"inLanguage\":\"es\",\"potentialAction\":[{\"@type\":\"ReadAction\",\"target\":[\"https:\\\/\\\/informelitoral.com.ar\\\/el-aumento-de-las-prepagas-en-septiembre-sera-de-718-o-558-por-ciento\\\/\"]}]},{\"@type\":\"ImageObject\",\"inLanguage\":\"es\",\"@id\":\"https:\\\/\\\/informelitoral.com.ar\\\/el-aumento-de-las-prepagas-en-septiembre-sera-de-718-o-558-por-ciento\\\/#primaryimage\",\"url\":\"https:\\\/\\\/informelitoral.com.ar\\\/%77%70%2d%63%6f%6e%74%65%6e%74\\\/uploads\\\/2018\\\/04\\\/prepagas.jpg\",\"contentUrl\":\"https:\\\/\\\/informelitoral.com.ar\\\/%77%70%2d%63%6f%6e%74%65%6e%74\\\/uploads\\\/2018\\\/04\\\/prepagas.jpg\",\"width\":1068,\"height\":668},{\"@type\":\"BreadcrumbList\",\"@id\":\"https:\\\/\\\/informelitoral.com.ar\\\/el-aumento-de-las-prepagas-en-septiembre-sera-de-718-o-558-por-ciento\\\/#breadcrumb\",\"itemListElement\":[{\"@type\":\"ListItem\",\"position\":1,\"name\":\"Portada\",\"item\":\"https:\\\/\\\/informelitoral.com.ar\\\/\"},{\"@type\":\"ListItem\",\"position\":2,\"name\":\"El aumento de las prepagas en septiembre ser\u00e1 de 7,18 o 5,58 por ciento\"}]},{\"@type\":\"WebSite\",\"@id\":\"https:\\\/\\\/informelitoral.com.ar\\\/#website\",\"url\":\"https:\\\/\\\/informelitoral.com.ar\\\/\",\"name\":\"Informe Litoral\",\"description\":\"&quot;Nos informamos&quot; \",\"publisher\":{\"@id\":\"https:\\\/\\\/informelitoral.com.ar\\\/#organization\"},\"potentialAction\":[{\"@type\":\"SearchAction\",\"target\":{\"@type\":\"EntryPoint\",\"urlTemplate\":\"https:\\\/\\\/informelitoral.com.ar\\\/?s={search_term_string}\"},\"query-input\":{\"@type\":\"PropertyValueSpecification\",\"valueRequired\":true,\"valueName\":\"search_term_string\"}}],\"inLanguage\":\"es\"},{\"@type\":\"Organization\",\"@id\":\"https:\\\/\\\/informelitoral.com.ar\\\/#organization\",\"name\":\"Informe Litoral\",\"url\":\"https:\\\/\\\/informelitoral.com.ar\\\/\",\"logo\":{\"@type\":\"ImageObject\",\"inLanguage\":\"es\",\"@id\":\"https:\\\/\\\/informelitoral.com.ar\\\/#\\\/schema\\\/logo\\\/image\\\/\",\"url\":\"https:\\\/\\\/informelitoral.com.ar\\\/%77%70%2d%63%6f%6e%74%65%6e%74\\\/uploads\\\/2021\\\/01\\\/circulo.png\",\"contentUrl\":\"https:\\\/\\\/informelitoral.com.ar\\\/%77%70%2d%63%6f%6e%74%65%6e%74\\\/uploads\\\/2021\\\/01\\\/circulo.png\",\"width\":723,\"height\":731,\"caption\":\"Informe Litoral\"},\"image\":{\"@id\":\"https:\\\/\\\/informelitoral.com.ar\\\/#\\\/schema\\\/logo\\\/image\\\/\"},\"sameAs\":[\"https:\\\/\\\/www.facebook.com\\\/informelitoral\\\/\",\"https:\\\/\\\/x.com\\\/InformeLitoral\",\"https:\\\/\\\/www.instagram.com\\\/informelitoral\\\/\",\"https:\\\/\\\/www.youtube.com\\\/channel\\\/UCua4Qvz8Icb6MYqhoq9xLXw\"]},{\"@type\":\"Person\",\"@id\":\"https:\\\/\\\/informelitoral.com.ar\\\/#\\\/schema\\\/person\\\/f05f9f461677119578717524b127d6d5\",\"name\":\"Sebastian\",\"image\":{\"@type\":\"ImageObject\",\"inLanguage\":\"es\",\"@id\":\"https:\\\/\\\/secure.gravatar.com\\\/avatar\\\/b71bf7481d447dfb9583c7f2798e7cc64de6efb9067b74633ed8c31059a3bd82?s=96&d=mm&r=g\",\"url\":\"https:\\\/\\\/secure.gravatar.com\\\/avatar\\\/b71bf7481d447dfb9583c7f2798e7cc64de6efb9067b74633ed8c31059a3bd82?s=96&d=mm&r=g\",\"contentUrl\":\"https:\\\/\\\/secure.gravatar.com\\\/avatar\\\/b71bf7481d447dfb9583c7f2798e7cc64de6efb9067b74633ed8c31059a3bd82?s=96&d=mm&r=g\",\"caption\":\"Sebastian\"},\"url\":\"https:\\\/\\\/informelitoral.com.ar\\\/author\\\/sebastian\\\/\"}]}<\/script>","yoast_head_json":{"title":"El aumento de las prepagas en septiembre ser\u00e1 de 7,18 o 5,58 por ciento - Informe Litoral","robots":{"index":"index","follow":"follow","max-snippet":"max-snippet:-1","max-image-preview":"max-image-preview:large","max-video-preview":"max-video-preview:-1"},"canonical":"https:\/\/informelitoral.com.ar\/el-aumento-de-las-prepagas-en-septiembre-sera-de-718-o-558-por-ciento\/","og_locale":"es_ES","og_type":"article","og_title":"El aumento de las prepagas en septiembre ser\u00e1 de 7,18 o 5,58 por ciento - Informe Litoral","og_description":"Con los aumentos de agosto del 8,72% y septiembre un plan familiar medio de un matrimonio con 2 hijos menores podr\u00e1 rondar entre los $ 125.000 y los $ 180.000 mensuales.","og_url":"https:\/\/informelitoral.com.ar\/el-aumento-de-las-prepagas-en-septiembre-sera-de-718-o-558-por-ciento\/","og_site_name":"Informe Litoral","article_publisher":"https:\/\/www.facebook.com\/informelitoral\/","article_published_time":"2023-08-01T10:53:42+00:00","article_modified_time":"2023-08-02T09:49:08+00:00","og_image":[{"width":1068,"height":668,"url":"https:\/\/informelitoral.com.ar\/%77%70%2d%63%6f%6e%74%65%6e%74\/uploads\/2018\/04\/prepagas.jpg","type":"image\/jpeg"}],"author":"Sebastian","twitter_card":"summary_large_image","twitter_creator":"@InformeLitoral","twitter_site":"@InformeLitoral","twitter_misc":{"Escrito por":"Sebastian","Tiempo de lectura":"3 minutos"},"schema":{"@context":"https:\/\/schema.org","@graph":[{"@type":"Article","@id":"https:\/\/informelitoral.com.ar\/el-aumento-de-las-prepagas-en-septiembre-sera-de-718-o-558-por-ciento\/#article","isPartOf":{"@id":"https:\/\/informelitoral.com.ar\/el-aumento-de-las-prepagas-en-septiembre-sera-de-718-o-558-por-ciento\/"},"author":{"name":"Sebastian","@id":"https:\/\/informelitoral.com.ar\/#\/schema\/person\/f05f9f461677119578717524b127d6d5"},"headline":"El aumento de las prepagas en septiembre ser\u00e1 de 7,18 o 5,58 por ciento","datePublished":"2023-08-01T10:53:42+00:00","dateModified":"2023-08-02T09:49:08+00:00","mainEntityOfPage":{"@id":"https:\/\/informelitoral.com.ar\/el-aumento-de-las-prepagas-en-septiembre-sera-de-718-o-558-por-ciento\/"},"wordCount":572,"commentCount":0,"publisher":{"@id":"https:\/\/informelitoral.com.ar\/#organization"},"image":{"@id":"https:\/\/informelitoral.com.ar\/el-aumento-de-las-prepagas-en-septiembre-sera-de-718-o-558-por-ciento\/#primaryimage"},"thumbnailUrl":"https:\/\/informelitoral.com.ar\/%77%70%2d%63%6f%6e%74%65%6e%74\/uploads\/2018\/04\/prepagas.jpg","keywords":["Aumento","Obras sociales","Prepagas"],"articleSection":["Nacionales","Salud"],"inLanguage":"es","potentialAction":[{"@type":"CommentAction","name":"Comment","target":["https:\/\/informelitoral.com.ar\/el-aumento-de-las-prepagas-en-septiembre-sera-de-718-o-558-por-ciento\/#respond"]}]},{"@type":"WebPage","@id":"https:\/\/informelitoral.com.ar\/el-aumento-de-las-prepagas-en-septiembre-sera-de-718-o-558-por-ciento\/","url":"https:\/\/informelitoral.com.ar\/el-aumento-de-las-prepagas-en-septiembre-sera-de-718-o-558-por-ciento\/","name":"El aumento de las prepagas en septiembre ser\u00e1 de 7,18 o 5,58 por ciento - Informe Litoral","isPartOf":{"@id":"https:\/\/informelitoral.com.ar\/#website"},"primaryImageOfPage":{"@id":"https:\/\/informelitoral.com.ar\/el-aumento-de-las-prepagas-en-septiembre-sera-de-718-o-558-por-ciento\/#primaryimage"},"image":{"@id":"https:\/\/informelitoral.com.ar\/el-aumento-de-las-prepagas-en-septiembre-sera-de-718-o-558-por-ciento\/#primaryimage"},"thumbnailUrl":"https:\/\/informelitoral.com.ar\/%77%70%2d%63%6f%6e%74%65%6e%74\/uploads\/2018\/04\/prepagas.jpg","datePublished":"2023-08-01T10:53:42+00:00","dateModified":"2023-08-02T09:49:08+00:00","breadcrumb":{"@id":"https:\/\/informelitoral.com.ar\/el-aumento-de-las-prepagas-en-septiembre-sera-de-718-o-558-por-ciento\/#breadcrumb"},"inLanguage":"es","potentialAction":[{"@type":"ReadAction","target":["https:\/\/informelitoral.com.ar\/el-aumento-de-las-prepagas-en-septiembre-sera-de-718-o-558-por-ciento\/"]}]},{"@type":"ImageObject","inLanguage":"es","@id":"https:\/\/informelitoral.com.ar\/el-aumento-de-las-prepagas-en-septiembre-sera-de-718-o-558-por-ciento\/#primaryimage","url":"https:\/\/informelitoral.com.ar\/%77%70%2d%63%6f%6e%74%65%6e%74\/uploads\/2018\/04\/prepagas.jpg","contentUrl":"https:\/\/informelitoral.com.ar\/%77%70%2d%63%6f%6e%74%65%6e%74\/uploads\/2018\/04\/prepagas.jpg","width":1068,"height":668},{"@type":"BreadcrumbList","@id":"https:\/\/informelitoral.com.ar\/el-aumento-de-las-prepagas-en-septiembre-sera-de-718-o-558-por-ciento\/#breadcrumb","itemListElement":[{"@type":"ListItem","position":1,"name":"Portada","item":"https:\/\/informelitoral.com.ar\/"},{"@type":"ListItem","position":2,"name":"El aumento de las prepagas en septiembre ser\u00e1 de 7,18 o 5,58 por ciento"}]},{"@type":"WebSite","@id":"https:\/\/informelitoral.com.ar\/#website","url":"https:\/\/informelitoral.com.ar\/","name":"Informe Litoral","description":"&quot;Nos informamos&quot; ","publisher":{"@id":"https:\/\/informelitoral.com.ar\/#organization"},"potentialAction":[{"@type":"SearchAction","target":{"@type":"EntryPoint","urlTemplate":"https:\/\/informelitoral.com.ar\/?s={search_term_string}"},"query-input":{"@type":"PropertyValueSpecification","valueRequired":true,"valueName":"search_term_string"}}],"inLanguage":"es"},{"@type":"Organization","@id":"https:\/\/informelitoral.com.ar\/#organization","name":"Informe Litoral","url":"https:\/\/informelitoral.com.ar\/","logo":{"@type":"ImageObject","inLanguage":"es","@id":"https:\/\/informelitoral.com.ar\/#\/schema\/logo\/image\/","url":"https:\/\/informelitoral.com.ar\/%77%70%2d%63%6f%6e%74%65%6e%74\/uploads\/2021\/01\/circulo.png","contentUrl":"https:\/\/informelitoral.com.ar\/%77%70%2d%63%6f%6e%74%65%6e%74\/uploads\/2021\/01\/circulo.png","width":723,"height":731,"caption":"Informe Litoral"},"image":{"@id":"https:\/\/informelitoral.com.ar\/#\/schema\/logo\/image\/"},"sameAs":["https:\/\/www.facebook.com\/informelitoral\/","https:\/\/x.com\/InformeLitoral","https:\/\/www.instagram.com\/informelitoral\/","https:\/\/www.youtube.com\/channel\/UCua4Qvz8Icb6MYqhoq9xLXw"]},{"@type":"Person","@id":"https:\/\/informelitoral.com.ar\/#\/schema\/person\/f05f9f461677119578717524b127d6d5","name":"Sebastian","image":{"@type":"ImageObject","inLanguage":"es","@id":"https:\/\/secure.gravatar.com\/avatar\/b71bf7481d447dfb9583c7f2798e7cc64de6efb9067b74633ed8c31059a3bd82?s=96&d=mm&r=g","url":"https:\/\/secure.gravatar.com\/avatar\/b71bf7481d447dfb9583c7f2798e7cc64de6efb9067b74633ed8c31059a3bd82?s=96&d=mm&r=g","contentUrl":"https:\/\/secure.gravatar.com\/avatar\/b71bf7481d447dfb9583c7f2798e7cc64de6efb9067b74633ed8c31059a3bd82?s=96&d=mm&r=g","caption":"Sebastian"},"url":"https:\/\/informelitoral.com.ar\/author\/sebastian\/"}]}},"_links":{"self":[{"href":"https:\/\/informelitoral.com.ar\/%77%70%2d%6a%73%6f%6e\/wp\/v2\/posts\/160196","targetHints":{"allow":["GET"]}}],"collection":[{"href":"https:\/\/informelitoral.com.ar\/%77%70%2d%6a%73%6f%6e\/wp\/v2\/posts"}],"about":[{"href":"https:\/\/informelitoral.com.ar\/%77%70%2d%6a%73%6f%6e\/wp\/v2\/types\/post"}],"author":[{"embeddable":true,"href":"https:\/\/informelitoral.com.ar\/%77%70%2d%6a%73%6f%6e\/wp\/v2\/users\/8"}],"replies":[{"embeddable":true,"href":"https:\/\/informelitoral.com.ar\/%77%70%2d%6a%73%6f%6e\/wp\/v2\/comments?post=160196"}],"version-history":[{"count":0,"href":"https:\/\/informelitoral.com.ar\/%77%70%2d%6a%73%6f%6e\/wp\/v2\/posts\/160196\/revisions"}],"wp:featuredmedia":[{"embeddable":true,"href":"https:\/\/informelitoral.com.ar\/%77%70%2d%6a%73%6f%6e\/wp\/v2\/media\/26481"}],"wp:attachment":[{"href":"https:\/\/informelitoral.com.ar\/%77%70%2d%6a%73%6f%6e\/wp\/v2\/media?parent=160196"}],"wp:term":[{"taxonomy":"category","embeddable":true,"href":"https:\/\/informelitoral.com.ar\/%77%70%2d%6a%73%6f%6e\/wp\/v2\/categories?post=160196"},{"taxonomy":"post_tag","embeddable":true,"href":"https:\/\/informelitoral.com.ar\/%77%70%2d%6a%73%6f%6e\/wp\/v2\/tags?post=160196"}],"curies":[{"name":"wp","href":"https:\/\/api.w.org\/{rel}","templated":true}]}}