{"id":160168,"date":"2023-08-01T07:05:55","date_gmt":"2023-08-01T10:05:55","guid":{"rendered":"https:\/\/www.informelitoral.com.ar\/?p=160168"},"modified":"2023-08-01T07:05:55","modified_gmt":"2023-08-01T10:05:55","slug":"este-martes-en-pleno-invierno-tendremos-temperaturas-de-30-grados","status":"publish","type":"post","link":"https:\/\/informelitoral.com.ar\/este-martes-en-pleno-invierno-tendremos-temperaturas-de-30-grados\/","title":{"rendered":"Este martes, en pleno invierno tendremos temperaturas de 30 grados"},"content":{"rendered":"<p>Comenz\u00f3 agosto con previsiones de que persista el buen tiempo. Sin embargo, el mes trae consigo mucho calor: este martes <strong>la m\u00e1xima alcanzar\u00eda los 30 grados y la sensaci\u00f3n t\u00e9rmica podr\u00eda trepar hasta los 32 grados.<\/strong><\/p>\n<p>De acuerdo al pron\u00f3stico del Servicio Meteorol\u00f3gico Nacional, alrededor de las 6 de la ma\u00f1ana, la temperatura en Paran\u00e1 y la zona rondaba los 18 grados y el cielo estaba algo despejado, con un porcentaje de humedad del 85% y viento moderado que del sector norte a 22 kil\u00f3metros por hora. Para las pr\u00f3ximas horas se prev\u00e9 que el cielo contin\u00fae despejado, con r\u00e1fagas de vientos del norte de 59 kil\u00f3metros por hora y la m\u00e1xima alcanzar\u00e1 los 24 grados.<\/p>\n<p><strong>Extendido:<\/strong><\/p>\n<p>El organismo nacional<strong>\u00a0<\/strong>anticipa que ma\u00f1ana la temperatura volver\u00e1 a alcanzar una m\u00e1xima de 30 grados, mientras que la m\u00ednima ser\u00e1 de 20. El cielo se presentar\u00e1 despejado y los vientos ser\u00e1n del sector norte, con r\u00e1fagas de hasta 59 kil\u00f3metros por hora durante las primeras horas de la jornada. Seg\u00fan lo anunciado por el SMN, el calor se har\u00e1 sentir, pero no dudar\u00e1 mucho.<\/p>\n<p><strong>El jueves llegar\u00eda a esta zona un sistema frontal de aire fresco a muy fresco<\/strong>. El mismo no tendr\u00eda asociadas condiciones de inestabilidad, por lo que solo se esperar\u00eda la\u00a0<strong>rotaci\u00f3n de vientos al sudeste y un posterior descenso de t\u00e9rmico, el que no ser\u00eda demasiado acentuado<\/strong>. Se pronostican m\u00ednimas de 14 grados, con m\u00e1ximas que estar\u00edan cerca de los 18.<\/p>\n<p>El sol sale a las 7:51 y se pone a las 18:26<\/p>\n","protected":false},"excerpt":{"rendered":"<p>Agosto comienza con temperaturas at\u00edpicas para esta \u00e9poca del a\u00f1o, ya que la sensaci\u00f3n t\u00e9rmica podr\u00eda alcanzar los 32 grados en algunas zonas. El jueves habr\u00e1 un cambio de tiempo, pero sin lluvia ni fr\u00edo intenso. <\/p>\n","protected":false},"author":2,"featured_media":31358,"comment_status":"open","ping_status":"open","sticky":false,"template":"","format":"standard","meta":{"fifu_image_url":"","fifu_image_alt":"","footnotes":""},"categories":[6],"tags":[38,2759,113],"class_list":{"0":"post-160168","1":"post","2":"type-post","3":"status-publish","4":"format-standard","5":"has-post-thumbnail","7":"category-entre-rios","8":"tag-el-tiempo","9":"tag-pronostico-del-tiempo","10":"tag-smn"},"yoast_head":"<title>Este martes, en pleno invierno tendremos temperaturas de 30 grados - Informe Litoral<\/title>\n<meta name=\"robots\" content=\"index, follow, max-snippet:-1, max-image-preview:large, max-video-preview:-1\" \/>\n<link rel=\"canonical\" href=\"https:\/\/informelitoral.com.ar\/este-martes-en-pleno-invierno-tendremos-temperaturas-de-30-grados\/\" \/>\n<meta property=\"og:locale\" content=\"es_ES\" \/>\n<meta property=\"og:type\" content=\"article\" \/>\n<meta property=\"og:title\" content=\"Este martes, en pleno invierno tendremos temperaturas de 30 grados - Informe Litoral\" \/>\n<meta property=\"og:description\" content=\"Agosto comienza con temperaturas at\u00edpicas para esta \u00e9poca del a\u00f1o, ya que la sensaci\u00f3n t\u00e9rmica podr\u00eda alcanzar los 32 grados en algunas zonas. El jueves habr\u00e1 un cambio de tiempo, pero sin lluvia ni fr\u00edo intenso.\" \/>\n<meta property=\"og:url\" content=\"https:\/\/informelitoral.com.ar\/este-martes-en-pleno-invierno-tendremos-temperaturas-de-30-grados\/\" \/>\n<meta property=\"og:site_name\" content=\"Informe Litoral\" \/>\n<meta property=\"article:publisher\" content=\"https:\/\/www.facebook.com\/informelitoral\/\" \/>\n<meta property=\"article:published_time\" content=\"2023-08-01T10:05:55+00:00\" \/>\n<meta property=\"og:image\" content=\"https:\/\/informelitoral.com.ar\/%77%70%2d%63%6f%6e%74%65%6e%74\/uploads\/2018\/12\/Senderismo_Luna_Llena_31032018_15.jpg\" \/>\n\t<meta property=\"og:image:width\" content=\"964\" \/>\n\t<meta property=\"og:image:height\" content=\"544\" \/>\n\t<meta property=\"og:image:type\" content=\"image\/jpeg\" \/>\n<meta name=\"author\" content=\"Gonzalo Schmidt\" \/>\n<meta name=\"twitter:card\" content=\"summary_large_image\" \/>\n<meta name=\"twitter:creator\" content=\"@InformeLitoral\" \/>\n<meta name=\"twitter:site\" content=\"@InformeLitoral\" \/>\n<meta name=\"twitter:label1\" content=\"Escrito por\" \/>\n\t<meta name=\"twitter:data1\" content=\"Gonzalo Schmidt\" \/>\n\t<meta name=\"twitter:label2\" content=\"Tiempo de lectura\" \/>\n\t<meta name=\"twitter:data2\" content=\"1 minuto\" \/>\n<script type=\"application\/ld+json\" class=\"yoast-schema-graph\">{\"@context\":\"https:\\\/\\\/schema.org\",\"@graph\":[{\"@type\":\"Article\",\"@id\":\"https:\\\/\\\/informelitoral.com.ar\\\/este-martes-en-pleno-invierno-tendremos-temperaturas-de-30-grados\\\/#article\",\"isPartOf\":{\"@id\":\"https:\\\/\\\/informelitoral.com.ar\\\/este-martes-en-pleno-invierno-tendremos-temperaturas-de-30-grados\\\/\"},\"author\":{\"name\":\"Gonzalo Schmidt\",\"@id\":\"https:\\\/\\\/informelitoral.com.ar\\\/#\\\/schema\\\/person\\\/b9d00407c836482871ef1d57bf8e3180\"},\"headline\":\"Este martes, en pleno invierno tendremos temperaturas de 30 grados\",\"datePublished\":\"2023-08-01T10:05:55+00:00\",\"mainEntityOfPage\":{\"@id\":\"https:\\\/\\\/informelitoral.com.ar\\\/este-martes-en-pleno-invierno-tendremos-temperaturas-de-30-grados\\\/\"},\"wordCount\":279,\"commentCount\":0,\"publisher\":{\"@id\":\"https:\\\/\\\/informelitoral.com.ar\\\/#organization\"},\"image\":{\"@id\":\"https:\\\/\\\/informelitoral.com.ar\\\/este-martes-en-pleno-invierno-tendremos-temperaturas-de-30-grados\\\/#primaryimage\"},\"thumbnailUrl\":\"https:\\\/\\\/informelitoral.com.ar\\\/%77%70%2d%63%6f%6e%74%65%6e%74\\\/uploads\\\/2018\\\/12\\\/Senderismo_Luna_Llena_31032018_15.jpg\",\"keywords\":[\"El tiempo\",\"Pron\u00f3stico del tiempo\",\"SMN\"],\"articleSection\":[\"Entre R\u00edos\"],\"inLanguage\":\"es\",\"potentialAction\":[{\"@type\":\"CommentAction\",\"name\":\"Comment\",\"target\":[\"https:\\\/\\\/informelitoral.com.ar\\\/este-martes-en-pleno-invierno-tendremos-temperaturas-de-30-grados\\\/#respond\"]}]},{\"@type\":\"WebPage\",\"@id\":\"https:\\\/\\\/informelitoral.com.ar\\\/este-martes-en-pleno-invierno-tendremos-temperaturas-de-30-grados\\\/\",\"url\":\"https:\\\/\\\/informelitoral.com.ar\\\/este-martes-en-pleno-invierno-tendremos-temperaturas-de-30-grados\\\/\",\"name\":\"Este martes, en pleno invierno tendremos temperaturas de 30 grados - Informe Litoral\",\"isPartOf\":{\"@id\":\"https:\\\/\\\/informelitoral.com.ar\\\/#website\"},\"primaryImageOfPage\":{\"@id\":\"https:\\\/\\\/informelitoral.com.ar\\\/este-martes-en-pleno-invierno-tendremos-temperaturas-de-30-grados\\\/#primaryimage\"},\"image\":{\"@id\":\"https:\\\/\\\/informelitoral.com.ar\\\/este-martes-en-pleno-invierno-tendremos-temperaturas-de-30-grados\\\/#primaryimage\"},\"thumbnailUrl\":\"https:\\\/\\\/informelitoral.com.ar\\\/%77%70%2d%63%6f%6e%74%65%6e%74\\\/uploads\\\/2018\\\/12\\\/Senderismo_Luna_Llena_31032018_15.jpg\",\"datePublished\":\"2023-08-01T10:05:55+00:00\",\"breadcrumb\":{\"@id\":\"https:\\\/\\\/informelitoral.com.ar\\\/este-martes-en-pleno-invierno-tendremos-temperaturas-de-30-grados\\\/#breadcrumb\"},\"inLanguage\":\"es\",\"potentialAction\":[{\"@type\":\"ReadAction\",\"target\":[\"https:\\\/\\\/informelitoral.com.ar\\\/este-martes-en-pleno-invierno-tendremos-temperaturas-de-30-grados\\\/\"]}]},{\"@type\":\"ImageObject\",\"inLanguage\":\"es\",\"@id\":\"https:\\\/\\\/informelitoral.com.ar\\\/este-martes-en-pleno-invierno-tendremos-temperaturas-de-30-grados\\\/#primaryimage\",\"url\":\"https:\\\/\\\/informelitoral.com.ar\\\/%77%70%2d%63%6f%6e%74%65%6e%74\\\/uploads\\\/2018\\\/12\\\/Senderismo_Luna_Llena_31032018_15.jpg\",\"contentUrl\":\"https:\\\/\\\/informelitoral.com.ar\\\/%77%70%2d%63%6f%6e%74%65%6e%74\\\/uploads\\\/2018\\\/12\\\/Senderismo_Luna_Llena_31032018_15.jpg\",\"width\":964,\"height\":544},{\"@type\":\"BreadcrumbList\",\"@id\":\"https:\\\/\\\/informelitoral.com.ar\\\/este-martes-en-pleno-invierno-tendremos-temperaturas-de-30-grados\\\/#breadcrumb\",\"itemListElement\":[{\"@type\":\"ListItem\",\"position\":1,\"name\":\"Portada\",\"item\":\"https:\\\/\\\/informelitoral.com.ar\\\/\"},{\"@type\":\"ListItem\",\"position\":2,\"name\":\"Este martes, en pleno invierno tendremos temperaturas de 30 grados\"}]},{\"@type\":\"WebSite\",\"@id\":\"https:\\\/\\\/informelitoral.com.ar\\\/#website\",\"url\":\"https:\\\/\\\/informelitoral.com.ar\\\/\",\"name\":\"Informe Litoral\",\"description\":\"&quot;Nos informamos&quot; \",\"publisher\":{\"@id\":\"https:\\\/\\\/informelitoral.com.ar\\\/#organization\"},\"potentialAction\":[{\"@type\":\"SearchAction\",\"target\":{\"@type\":\"EntryPoint\",\"urlTemplate\":\"https:\\\/\\\/informelitoral.com.ar\\\/?s={search_term_string}\"},\"query-input\":{\"@type\":\"PropertyValueSpecification\",\"valueRequired\":true,\"valueName\":\"search_term_string\"}}],\"inLanguage\":\"es\"},{\"@type\":\"Organization\",\"@id\":\"https:\\\/\\\/informelitoral.com.ar\\\/#organization\",\"name\":\"Informe Litoral\",\"url\":\"https:\\\/\\\/informelitoral.com.ar\\\/\",\"logo\":{\"@type\":\"ImageObject\",\"inLanguage\":\"es\",\"@id\":\"https:\\\/\\\/informelitoral.com.ar\\\/#\\\/schema\\\/logo\\\/image\\\/\",\"url\":\"https:\\\/\\\/informelitoral.com.ar\\\/%77%70%2d%63%6f%6e%74%65%6e%74\\\/uploads\\\/2021\\\/01\\\/circulo.png\",\"contentUrl\":\"https:\\\/\\\/informelitoral.com.ar\\\/%77%70%2d%63%6f%6e%74%65%6e%74\\\/uploads\\\/2021\\\/01\\\/circulo.png\",\"width\":723,\"height\":731,\"caption\":\"Informe Litoral\"},\"image\":{\"@id\":\"https:\\\/\\\/informelitoral.com.ar\\\/#\\\/schema\\\/logo\\\/image\\\/\"},\"sameAs\":[\"https:\\\/\\\/www.facebook.com\\\/informelitoral\\\/\",\"https:\\\/\\\/x.com\\\/InformeLitoral\",\"https:\\\/\\\/www.instagram.com\\\/informelitoral\\\/\",\"https:\\\/\\\/www.youtube.com\\\/channel\\\/UCua4Qvz8Icb6MYqhoq9xLXw\"]},{\"@type\":\"Person\",\"@id\":\"https:\\\/\\\/informelitoral.com.ar\\\/#\\\/schema\\\/person\\\/b9d00407c836482871ef1d57bf8e3180\",\"name\":\"Gonzalo Schmidt\",\"image\":{\"@type\":\"ImageObject\",\"inLanguage\":\"es\",\"@id\":\"https:\\\/\\\/secure.gravatar.com\\\/avatar\\\/31a1a7b66ff2de83bd0e9fd79d026630d2d99e55e8bfe501287647b4fd9743de?s=96&d=mm&r=g\",\"url\":\"https:\\\/\\\/secure.gravatar.com\\\/avatar\\\/31a1a7b66ff2de83bd0e9fd79d026630d2d99e55e8bfe501287647b4fd9743de?s=96&d=mm&r=g\",\"contentUrl\":\"https:\\\/\\\/secure.gravatar.com\\\/avatar\\\/31a1a7b66ff2de83bd0e9fd79d026630d2d99e55e8bfe501287647b4fd9743de?s=96&d=mm&r=g\",\"caption\":\"Gonzalo Schmidt\"},\"description\":\"Sitio web de noticias de la provincia de Entre R\u00edos, Argentina. Informaci\u00f3n y entretenimiento. Informe Litoral, nos informamos.\",\"sameAs\":[\"http:\\\/\\\/www.isletasnoticias.com.ar\"],\"url\":\"https:\\\/\\\/informelitoral.com.ar\\\/author\\\/gonzalo\\\/\"}]}<\/script>","yoast_head_json":{"title":"Este martes, en pleno invierno tendremos temperaturas de 30 grados - Informe Litoral","robots":{"index":"index","follow":"follow","max-snippet":"max-snippet:-1","max-image-preview":"max-image-preview:large","max-video-preview":"max-video-preview:-1"},"canonical":"https:\/\/informelitoral.com.ar\/este-martes-en-pleno-invierno-tendremos-temperaturas-de-30-grados\/","og_locale":"es_ES","og_type":"article","og_title":"Este martes, en pleno invierno tendremos temperaturas de 30 grados - Informe Litoral","og_description":"Agosto comienza con temperaturas at\u00edpicas para esta \u00e9poca del a\u00f1o, ya que la sensaci\u00f3n t\u00e9rmica podr\u00eda alcanzar los 32 grados en algunas zonas. El jueves habr\u00e1 un cambio de tiempo, pero sin lluvia ni fr\u00edo intenso.","og_url":"https:\/\/informelitoral.com.ar\/este-martes-en-pleno-invierno-tendremos-temperaturas-de-30-grados\/","og_site_name":"Informe Litoral","article_publisher":"https:\/\/www.facebook.com\/informelitoral\/","article_published_time":"2023-08-01T10:05:55+00:00","og_image":[{"width":964,"height":544,"url":"https:\/\/informelitoral.com.ar\/%77%70%2d%63%6f%6e%74%65%6e%74\/uploads\/2018\/12\/Senderismo_Luna_Llena_31032018_15.jpg","type":"image\/jpeg"}],"author":"Gonzalo Schmidt","twitter_card":"summary_large_image","twitter_creator":"@InformeLitoral","twitter_site":"@InformeLitoral","twitter_misc":{"Escrito por":"Gonzalo Schmidt","Tiempo de lectura":"1 minuto"},"schema":{"@context":"https:\/\/schema.org","@graph":[{"@type":"Article","@id":"https:\/\/informelitoral.com.ar\/este-martes-en-pleno-invierno-tendremos-temperaturas-de-30-grados\/#article","isPartOf":{"@id":"https:\/\/informelitoral.com.ar\/este-martes-en-pleno-invierno-tendremos-temperaturas-de-30-grados\/"},"author":{"name":"Gonzalo Schmidt","@id":"https:\/\/informelitoral.com.ar\/#\/schema\/person\/b9d00407c836482871ef1d57bf8e3180"},"headline":"Este martes, en pleno invierno tendremos temperaturas de 30 grados","datePublished":"2023-08-01T10:05:55+00:00","mainEntityOfPage":{"@id":"https:\/\/informelitoral.com.ar\/este-martes-en-pleno-invierno-tendremos-temperaturas-de-30-grados\/"},"wordCount":279,"commentCount":0,"publisher":{"@id":"https:\/\/informelitoral.com.ar\/#organization"},"image":{"@id":"https:\/\/informelitoral.com.ar\/este-martes-en-pleno-invierno-tendremos-temperaturas-de-30-grados\/#primaryimage"},"thumbnailUrl":"https:\/\/informelitoral.com.ar\/%77%70%2d%63%6f%6e%74%65%6e%74\/uploads\/2018\/12\/Senderismo_Luna_Llena_31032018_15.jpg","keywords":["El tiempo","Pron\u00f3stico del tiempo","SMN"],"articleSection":["Entre R\u00edos"],"inLanguage":"es","potentialAction":[{"@type":"CommentAction","name":"Comment","target":["https:\/\/informelitoral.com.ar\/este-martes-en-pleno-invierno-tendremos-temperaturas-de-30-grados\/#respond"]}]},{"@type":"WebPage","@id":"https:\/\/informelitoral.com.ar\/este-martes-en-pleno-invierno-tendremos-temperaturas-de-30-grados\/","url":"https:\/\/informelitoral.com.ar\/este-martes-en-pleno-invierno-tendremos-temperaturas-de-30-grados\/","name":"Este martes, en pleno invierno tendremos temperaturas de 30 grados - Informe Litoral","isPartOf":{"@id":"https:\/\/informelitoral.com.ar\/#website"},"primaryImageOfPage":{"@id":"https:\/\/informelitoral.com.ar\/este-martes-en-pleno-invierno-tendremos-temperaturas-de-30-grados\/#primaryimage"},"image":{"@id":"https:\/\/informelitoral.com.ar\/este-martes-en-pleno-invierno-tendremos-temperaturas-de-30-grados\/#primaryimage"},"thumbnailUrl":"https:\/\/informelitoral.com.ar\/%77%70%2d%63%6f%6e%74%65%6e%74\/uploads\/2018\/12\/Senderismo_Luna_Llena_31032018_15.jpg","datePublished":"2023-08-01T10:05:55+00:00","breadcrumb":{"@id":"https:\/\/informelitoral.com.ar\/este-martes-en-pleno-invierno-tendremos-temperaturas-de-30-grados\/#breadcrumb"},"inLanguage":"es","potentialAction":[{"@type":"ReadAction","target":["https:\/\/informelitoral.com.ar\/este-martes-en-pleno-invierno-tendremos-temperaturas-de-30-grados\/"]}]},{"@type":"ImageObject","inLanguage":"es","@id":"https:\/\/informelitoral.com.ar\/este-martes-en-pleno-invierno-tendremos-temperaturas-de-30-grados\/#primaryimage","url":"https:\/\/informelitoral.com.ar\/%77%70%2d%63%6f%6e%74%65%6e%74\/uploads\/2018\/12\/Senderismo_Luna_Llena_31032018_15.jpg","contentUrl":"https:\/\/informelitoral.com.ar\/%77%70%2d%63%6f%6e%74%65%6e%74\/uploads\/2018\/12\/Senderismo_Luna_Llena_31032018_15.jpg","width":964,"height":544},{"@type":"BreadcrumbList","@id":"https:\/\/informelitoral.com.ar\/este-martes-en-pleno-invierno-tendremos-temperaturas-de-30-grados\/#breadcrumb","itemListElement":[{"@type":"ListItem","position":1,"name":"Portada","item":"https:\/\/informelitoral.com.ar\/"},{"@type":"ListItem","position":2,"name":"Este martes, en pleno invierno tendremos temperaturas de 30 grados"}]},{"@type":"WebSite","@id":"https:\/\/informelitoral.com.ar\/#website","url":"https:\/\/informelitoral.com.ar\/","name":"Informe Litoral","description":"&quot;Nos informamos&quot; ","publisher":{"@id":"https:\/\/informelitoral.com.ar\/#organization"},"potentialAction":[{"@type":"SearchAction","target":{"@type":"EntryPoint","urlTemplate":"https:\/\/informelitoral.com.ar\/?s={search_term_string}"},"query-input":{"@type":"PropertyValueSpecification","valueRequired":true,"valueName":"search_term_string"}}],"inLanguage":"es"},{"@type":"Organization","@id":"https:\/\/informelitoral.com.ar\/#organization","name":"Informe Litoral","url":"https:\/\/informelitoral.com.ar\/","logo":{"@type":"ImageObject","inLanguage":"es","@id":"https:\/\/informelitoral.com.ar\/#\/schema\/logo\/image\/","url":"https:\/\/informelitoral.com.ar\/%77%70%2d%63%6f%6e%74%65%6e%74\/uploads\/2021\/01\/circulo.png","contentUrl":"https:\/\/informelitoral.com.ar\/%77%70%2d%63%6f%6e%74%65%6e%74\/uploads\/2021\/01\/circulo.png","width":723,"height":731,"caption":"Informe Litoral"},"image":{"@id":"https:\/\/informelitoral.com.ar\/#\/schema\/logo\/image\/"},"sameAs":["https:\/\/www.facebook.com\/informelitoral\/","https:\/\/x.com\/InformeLitoral","https:\/\/www.instagram.com\/informelitoral\/","https:\/\/www.youtube.com\/channel\/UCua4Qvz8Icb6MYqhoq9xLXw"]},{"@type":"Person","@id":"https:\/\/informelitoral.com.ar\/#\/schema\/person\/b9d00407c836482871ef1d57bf8e3180","name":"Gonzalo Schmidt","image":{"@type":"ImageObject","inLanguage":"es","@id":"https:\/\/secure.gravatar.com\/avatar\/31a1a7b66ff2de83bd0e9fd79d026630d2d99e55e8bfe501287647b4fd9743de?s=96&d=mm&r=g","url":"https:\/\/secure.gravatar.com\/avatar\/31a1a7b66ff2de83bd0e9fd79d026630d2d99e55e8bfe501287647b4fd9743de?s=96&d=mm&r=g","contentUrl":"https:\/\/secure.gravatar.com\/avatar\/31a1a7b66ff2de83bd0e9fd79d026630d2d99e55e8bfe501287647b4fd9743de?s=96&d=mm&r=g","caption":"Gonzalo Schmidt"},"description":"Sitio web de noticias de la provincia de Entre R\u00edos, Argentina. Informaci\u00f3n y entretenimiento. Informe Litoral, nos informamos.","sameAs":["http:\/\/www.isletasnoticias.com.ar"],"url":"https:\/\/informelitoral.com.ar\/author\/gonzalo\/"}]}},"_links":{"self":[{"href":"https:\/\/informelitoral.com.ar\/%77%70%2d%6a%73%6f%6e\/wp\/v2\/posts\/160168","targetHints":{"allow":["GET"]}}],"collection":[{"href":"https:\/\/informelitoral.com.ar\/%77%70%2d%6a%73%6f%6e\/wp\/v2\/posts"}],"about":[{"href":"https:\/\/informelitoral.com.ar\/%77%70%2d%6a%73%6f%6e\/wp\/v2\/types\/post"}],"author":[{"embeddable":true,"href":"https:\/\/informelitoral.com.ar\/%77%70%2d%6a%73%6f%6e\/wp\/v2\/users\/2"}],"replies":[{"embeddable":true,"href":"https:\/\/informelitoral.com.ar\/%77%70%2d%6a%73%6f%6e\/wp\/v2\/comments?post=160168"}],"version-history":[{"count":0,"href":"https:\/\/informelitoral.com.ar\/%77%70%2d%6a%73%6f%6e\/wp\/v2\/posts\/160168\/revisions"}],"wp:featuredmedia":[{"embeddable":true,"href":"https:\/\/informelitoral.com.ar\/%77%70%2d%6a%73%6f%6e\/wp\/v2\/media\/31358"}],"wp:attachment":[{"href":"https:\/\/informelitoral.com.ar\/%77%70%2d%6a%73%6f%6e\/wp\/v2\/media?parent=160168"}],"wp:term":[{"taxonomy":"category","embeddable":true,"href":"https:\/\/informelitoral.com.ar\/%77%70%2d%6a%73%6f%6e\/wp\/v2\/categories?post=160168"},{"taxonomy":"post_tag","embeddable":true,"href":"https:\/\/informelitoral.com.ar\/%77%70%2d%6a%73%6f%6e\/wp\/v2\/tags?post=160168"}],"curies":[{"name":"wp","href":"https:\/\/api.w.org\/{rel}","templated":true}]}}