{"id":15992,"date":"2016-05-12T12:11:55","date_gmt":"2016-05-12T15:11:55","guid":{"rendered":"http:\/\/www.isletasnoticias.com.ar\/?p=15992"},"modified":"2016-05-12T12:15:49","modified_gmt":"2016-05-12T15:15:49","slug":"ramirez-el-programa-rutas-en-rojo-estara-en-la-ciudad","status":"publish","type":"post","link":"https:\/\/informelitoral.com.ar\/ramirez-el-programa-rutas-en-rojo-estara-en-la-ciudad\/","title":{"rendered":"Ram\u00edrez: el Programa Rutas en Rojo estar\u00e1 en la ciudad"},"content":{"rendered":"<p><strong>Se trata de un Programa Nacional de Prevenci\u00f3n de Siniestros de Tr\u00e1nsito. El m\u00f3vil se ubicar\u00e1 sobre el Bulevar San Mart\u00edn del 14 al 16 de mayo.\u00a0<\/strong><\/p>\n<figure id=\"attachment_15993\" aria-describedby=\"caption-attachment-15993\" style=\"width: 565px\" class=\"wp-caption aligncenter\"><a href=\"http:\/\/www.isletasnoticias.com.ar\/%77%70%2d%63%6f%6e%74%65%6e%74\/uploads\/2016\/05\/M\u00f3vil-interior-rutas-en-rojo.jpg\"><img loading=\"lazy\" decoding=\"async\" class=\"wp-image-15993 \" src=\"http:\/\/www.isletasnoticias.com.ar\/%77%70%2d%63%6f%6e%74%65%6e%74\/uploads\/2016\/05\/M\u00f3vil-interior-rutas-en-rojo.jpg\" alt=\"M\u00f3vil-interior-rutas-en-rojo\" width=\"565\" height=\"375\" srcset=\"https:\/\/informelitoral.com.ar\/%77%70%2d%63%6f%6e%74%65%6e%74\/uploads\/2016\/05\/M\u00f3vil-interior-rutas-en-rojo.jpg 655w, https:\/\/informelitoral.com.ar\/%77%70%2d%63%6f%6e%74%65%6e%74\/uploads\/2016\/05\/M\u00f3vil-interior-rutas-en-rojo-300x199.jpg 300w\" sizes=\"auto, (max-width: 565px) 100vw, 565px\" \/><\/a><figcaption id=\"caption-attachment-15993\" class=\"wp-caption-text\"><em><strong>Foto:<\/strong> Interior de un m\u00f3vil de Rutas en Rojo. Google fotos.<\/em><\/figcaption><\/figure>\n<p>Del 14 al 16 de mayo estar\u00e1 en General Ram\u00edrez el Programa Nacional de Prevenci\u00f3n de Siniestros de Tr\u00e1nsito, Rutas en Rojo. La iniciativa fue puesta en marcha en 2007 por el Grupo Sancor Seguros\u00a0con el objeto de \u00abprevenir la siniestralidad vial en la sociedad y concientizar en t\u00e9rminos de valores como la solidaridad y el compromiso\u00bb, informaron desde el municipio a <strong><em>IN.<\/em><\/strong><\/p>\n<p>En la oportunidad el m\u00f3vil en el que se realizar\u00e1 el\u00a0test de aptitudes psicof\u00edsicas para la conducci\u00f3n se ubicar\u00e1 sobre el Bulevar San Mart\u00edn y los controles ser\u00e1n totalmente gratuitos. <em>(IN)<\/em><\/p>\n","protected":false},"excerpt":{"rendered":"<p>Se trata de un Programa Nacional de Prevenci&oacute;n de Siniestros de Tr&aacute;nsito. El m&oacute;vil se ubicar&aacute; sobre el Bulevar San Mart&iacute;n del 14 al 16 de mayo.&nbsp; Del 14 al 16 de mayo estar&aacute; en General Ram&iacute;rez el Programa Nacional de Prevenci&oacute;n de Siniestros de Tr&aacute;nsito, Rutas en Rojo. La iniciativa fue puesta en marcha [&hellip;]<\/p>\n","protected":false},"author":2,"featured_media":0,"comment_status":"open","ping_status":"open","sticky":false,"template":"","format":"standard","meta":{"fifu_image_url":"","fifu_image_alt":"","footnotes":""},"categories":[5],"tags":[],"class_list":{"0":"post-15992","1":"post","2":"type-post","3":"status-publish","4":"format-standard","6":"category-zonales"},"yoast_head":"<title>Ram\u00edrez: el Programa Rutas en Rojo estar\u00e1 en la ciudad - Informe Litoral<\/title>\n<meta name=\"robots\" content=\"index, follow, max-snippet:-1, max-image-preview:large, max-video-preview:-1\" \/>\n<link rel=\"canonical\" href=\"https:\/\/informelitoral.com.ar\/ramirez-el-programa-rutas-en-rojo-estara-en-la-ciudad\/\" \/>\n<meta property=\"og:locale\" content=\"es_ES\" \/>\n<meta property=\"og:type\" content=\"article\" \/>\n<meta property=\"og:title\" content=\"Ram\u00edrez: el Programa Rutas en Rojo estar\u00e1 en la ciudad - Informe Litoral\" \/>\n<meta property=\"og:description\" content=\"Se trata de un Programa Nacional de Prevenci&oacute;n de Siniestros de Tr&aacute;nsito. El m&oacute;vil se ubicar&aacute; sobre el Bulevar San Mart&iacute;n del 14 al 16 de mayo.&nbsp; Del 14 al 16 de mayo estar&aacute; en General Ram&iacute;rez el Programa Nacional de Prevenci&oacute;n de Siniestros de Tr&aacute;nsito, Rutas en Rojo. La iniciativa fue puesta en marcha [&hellip;]\" \/>\n<meta property=\"og:url\" content=\"https:\/\/informelitoral.com.ar\/ramirez-el-programa-rutas-en-rojo-estara-en-la-ciudad\/\" \/>\n<meta property=\"og:site_name\" content=\"Informe Litoral\" \/>\n<meta property=\"article:publisher\" content=\"https:\/\/www.facebook.com\/informelitoral\/\" \/>\n<meta property=\"article:published_time\" content=\"2016-05-12T15:11:55+00:00\" \/>\n<meta property=\"article:modified_time\" content=\"2016-05-12T15:15:49+00:00\" \/>\n<meta name=\"author\" content=\"Gonzalo Schmidt\" \/>\n<meta name=\"twitter:card\" content=\"summary_large_image\" \/>\n<meta name=\"twitter:creator\" content=\"@InformeLitoral\" \/>\n<meta name=\"twitter:site\" content=\"@InformeLitoral\" \/>\n<meta name=\"twitter:label1\" content=\"Escrito por\" \/>\n\t<meta name=\"twitter:data1\" content=\"Gonzalo Schmidt\" \/>\n\t<meta name=\"twitter:label2\" content=\"Tiempo de lectura\" \/>\n\t<meta name=\"twitter:data2\" content=\"1 minuto\" \/>\n<script type=\"application\/ld+json\" class=\"yoast-schema-graph\">{\"@context\":\"https:\\\/\\\/schema.org\",\"@graph\":[{\"@type\":\"Article\",\"@id\":\"https:\\\/\\\/informelitoral.com.ar\\\/ramirez-el-programa-rutas-en-rojo-estara-en-la-ciudad\\\/#article\",\"isPartOf\":{\"@id\":\"https:\\\/\\\/informelitoral.com.ar\\\/ramirez-el-programa-rutas-en-rojo-estara-en-la-ciudad\\\/\"},\"author\":{\"name\":\"Gonzalo Schmidt\",\"@id\":\"https:\\\/\\\/informelitoral.com.ar\\\/#\\\/schema\\\/person\\\/b9d00407c836482871ef1d57bf8e3180\"},\"headline\":\"Ram\u00edrez: el Programa Rutas en Rojo estar\u00e1 en la ciudad\",\"datePublished\":\"2016-05-12T15:11:55+00:00\",\"dateModified\":\"2016-05-12T15:15:49+00:00\",\"mainEntityOfPage\":{\"@id\":\"https:\\\/\\\/informelitoral.com.ar\\\/ramirez-el-programa-rutas-en-rojo-estara-en-la-ciudad\\\/\"},\"wordCount\":161,\"commentCount\":0,\"publisher\":{\"@id\":\"https:\\\/\\\/informelitoral.com.ar\\\/#organization\"},\"articleSection\":[\"Departamento Diamante\"],\"inLanguage\":\"es\",\"potentialAction\":[{\"@type\":\"CommentAction\",\"name\":\"Comment\",\"target\":[\"https:\\\/\\\/informelitoral.com.ar\\\/ramirez-el-programa-rutas-en-rojo-estara-en-la-ciudad\\\/#respond\"]}]},{\"@type\":\"WebPage\",\"@id\":\"https:\\\/\\\/informelitoral.com.ar\\\/ramirez-el-programa-rutas-en-rojo-estara-en-la-ciudad\\\/\",\"url\":\"https:\\\/\\\/informelitoral.com.ar\\\/ramirez-el-programa-rutas-en-rojo-estara-en-la-ciudad\\\/\",\"name\":\"Ram\u00edrez: el Programa Rutas en Rojo estar\u00e1 en la ciudad - Informe Litoral\",\"isPartOf\":{\"@id\":\"https:\\\/\\\/informelitoral.com.ar\\\/#website\"},\"datePublished\":\"2016-05-12T15:11:55+00:00\",\"dateModified\":\"2016-05-12T15:15:49+00:00\",\"breadcrumb\":{\"@id\":\"https:\\\/\\\/informelitoral.com.ar\\\/ramirez-el-programa-rutas-en-rojo-estara-en-la-ciudad\\\/#breadcrumb\"},\"inLanguage\":\"es\",\"potentialAction\":[{\"@type\":\"ReadAction\",\"target\":[\"https:\\\/\\\/informelitoral.com.ar\\\/ramirez-el-programa-rutas-en-rojo-estara-en-la-ciudad\\\/\"]}]},{\"@type\":\"BreadcrumbList\",\"@id\":\"https:\\\/\\\/informelitoral.com.ar\\\/ramirez-el-programa-rutas-en-rojo-estara-en-la-ciudad\\\/#breadcrumb\",\"itemListElement\":[{\"@type\":\"ListItem\",\"position\":1,\"name\":\"Portada\",\"item\":\"https:\\\/\\\/informelitoral.com.ar\\\/\"},{\"@type\":\"ListItem\",\"position\":2,\"name\":\"Ram\u00edrez: el Programa Rutas en Rojo estar\u00e1 en la ciudad\"}]},{\"@type\":\"WebSite\",\"@id\":\"https:\\\/\\\/informelitoral.com.ar\\\/#website\",\"url\":\"https:\\\/\\\/informelitoral.com.ar\\\/\",\"name\":\"Informe Litoral\",\"description\":\"&quot;Nos informamos&quot; \",\"publisher\":{\"@id\":\"https:\\\/\\\/informelitoral.com.ar\\\/#organization\"},\"potentialAction\":[{\"@type\":\"SearchAction\",\"target\":{\"@type\":\"EntryPoint\",\"urlTemplate\":\"https:\\\/\\\/informelitoral.com.ar\\\/?s={search_term_string}\"},\"query-input\":{\"@type\":\"PropertyValueSpecification\",\"valueRequired\":true,\"valueName\":\"search_term_string\"}}],\"inLanguage\":\"es\"},{\"@type\":\"Organization\",\"@id\":\"https:\\\/\\\/informelitoral.com.ar\\\/#organization\",\"name\":\"Informe Litoral\",\"url\":\"https:\\\/\\\/informelitoral.com.ar\\\/\",\"logo\":{\"@type\":\"ImageObject\",\"inLanguage\":\"es\",\"@id\":\"https:\\\/\\\/informelitoral.com.ar\\\/#\\\/schema\\\/logo\\\/image\\\/\",\"url\":\"https:\\\/\\\/informelitoral.com.ar\\\/%77%70%2d%63%6f%6e%74%65%6e%74\\\/uploads\\\/2021\\\/01\\\/circulo.png\",\"contentUrl\":\"https:\\\/\\\/informelitoral.com.ar\\\/%77%70%2d%63%6f%6e%74%65%6e%74\\\/uploads\\\/2021\\\/01\\\/circulo.png\",\"width\":723,\"height\":731,\"caption\":\"Informe Litoral\"},\"image\":{\"@id\":\"https:\\\/\\\/informelitoral.com.ar\\\/#\\\/schema\\\/logo\\\/image\\\/\"},\"sameAs\":[\"https:\\\/\\\/www.facebook.com\\\/informelitoral\\\/\",\"https:\\\/\\\/x.com\\\/InformeLitoral\",\"https:\\\/\\\/www.instagram.com\\\/informelitoral\\\/\",\"https:\\\/\\\/www.youtube.com\\\/channel\\\/UCua4Qvz8Icb6MYqhoq9xLXw\"]},{\"@type\":\"Person\",\"@id\":\"https:\\\/\\\/informelitoral.com.ar\\\/#\\\/schema\\\/person\\\/b9d00407c836482871ef1d57bf8e3180\",\"name\":\"Gonzalo Schmidt\",\"image\":{\"@type\":\"ImageObject\",\"inLanguage\":\"es\",\"@id\":\"https:\\\/\\\/secure.gravatar.com\\\/avatar\\\/31a1a7b66ff2de83bd0e9fd79d026630d2d99e55e8bfe501287647b4fd9743de?s=96&d=mm&r=g\",\"url\":\"https:\\\/\\\/secure.gravatar.com\\\/avatar\\\/31a1a7b66ff2de83bd0e9fd79d026630d2d99e55e8bfe501287647b4fd9743de?s=96&d=mm&r=g\",\"contentUrl\":\"https:\\\/\\\/secure.gravatar.com\\\/avatar\\\/31a1a7b66ff2de83bd0e9fd79d026630d2d99e55e8bfe501287647b4fd9743de?s=96&d=mm&r=g\",\"caption\":\"Gonzalo Schmidt\"},\"description\":\"Sitio web de noticias de la provincia de Entre R\u00edos, Argentina. Informaci\u00f3n y entretenimiento. Informe Litoral, nos informamos.\",\"sameAs\":[\"http:\\\/\\\/www.isletasnoticias.com.ar\"],\"url\":\"https:\\\/\\\/informelitoral.com.ar\\\/author\\\/gonzalo\\\/\"}]}<\/script>","yoast_head_json":{"title":"Ram\u00edrez: el Programa Rutas en Rojo estar\u00e1 en la ciudad - Informe Litoral","robots":{"index":"index","follow":"follow","max-snippet":"max-snippet:-1","max-image-preview":"max-image-preview:large","max-video-preview":"max-video-preview:-1"},"canonical":"https:\/\/informelitoral.com.ar\/ramirez-el-programa-rutas-en-rojo-estara-en-la-ciudad\/","og_locale":"es_ES","og_type":"article","og_title":"Ram\u00edrez: el Programa Rutas en Rojo estar\u00e1 en la ciudad - Informe Litoral","og_description":"Se trata de un Programa Nacional de Prevenci&oacute;n de Siniestros de Tr&aacute;nsito. El m&oacute;vil se ubicar&aacute; sobre el Bulevar San Mart&iacute;n del 14 al 16 de mayo.&nbsp; Del 14 al 16 de mayo estar&aacute; en General Ram&iacute;rez el Programa Nacional de Prevenci&oacute;n de Siniestros de Tr&aacute;nsito, Rutas en Rojo. La iniciativa fue puesta en marcha [&hellip;]","og_url":"https:\/\/informelitoral.com.ar\/ramirez-el-programa-rutas-en-rojo-estara-en-la-ciudad\/","og_site_name":"Informe Litoral","article_publisher":"https:\/\/www.facebook.com\/informelitoral\/","article_published_time":"2016-05-12T15:11:55+00:00","article_modified_time":"2016-05-12T15:15:49+00:00","author":"Gonzalo Schmidt","twitter_card":"summary_large_image","twitter_creator":"@InformeLitoral","twitter_site":"@InformeLitoral","twitter_misc":{"Escrito por":"Gonzalo Schmidt","Tiempo de lectura":"1 minuto"},"schema":{"@context":"https:\/\/schema.org","@graph":[{"@type":"Article","@id":"https:\/\/informelitoral.com.ar\/ramirez-el-programa-rutas-en-rojo-estara-en-la-ciudad\/#article","isPartOf":{"@id":"https:\/\/informelitoral.com.ar\/ramirez-el-programa-rutas-en-rojo-estara-en-la-ciudad\/"},"author":{"name":"Gonzalo Schmidt","@id":"https:\/\/informelitoral.com.ar\/#\/schema\/person\/b9d00407c836482871ef1d57bf8e3180"},"headline":"Ram\u00edrez: el Programa Rutas en Rojo estar\u00e1 en la ciudad","datePublished":"2016-05-12T15:11:55+00:00","dateModified":"2016-05-12T15:15:49+00:00","mainEntityOfPage":{"@id":"https:\/\/informelitoral.com.ar\/ramirez-el-programa-rutas-en-rojo-estara-en-la-ciudad\/"},"wordCount":161,"commentCount":0,"publisher":{"@id":"https:\/\/informelitoral.com.ar\/#organization"},"articleSection":["Departamento Diamante"],"inLanguage":"es","potentialAction":[{"@type":"CommentAction","name":"Comment","target":["https:\/\/informelitoral.com.ar\/ramirez-el-programa-rutas-en-rojo-estara-en-la-ciudad\/#respond"]}]},{"@type":"WebPage","@id":"https:\/\/informelitoral.com.ar\/ramirez-el-programa-rutas-en-rojo-estara-en-la-ciudad\/","url":"https:\/\/informelitoral.com.ar\/ramirez-el-programa-rutas-en-rojo-estara-en-la-ciudad\/","name":"Ram\u00edrez: el Programa Rutas en Rojo estar\u00e1 en la ciudad - Informe Litoral","isPartOf":{"@id":"https:\/\/informelitoral.com.ar\/#website"},"datePublished":"2016-05-12T15:11:55+00:00","dateModified":"2016-05-12T15:15:49+00:00","breadcrumb":{"@id":"https:\/\/informelitoral.com.ar\/ramirez-el-programa-rutas-en-rojo-estara-en-la-ciudad\/#breadcrumb"},"inLanguage":"es","potentialAction":[{"@type":"ReadAction","target":["https:\/\/informelitoral.com.ar\/ramirez-el-programa-rutas-en-rojo-estara-en-la-ciudad\/"]}]},{"@type":"BreadcrumbList","@id":"https:\/\/informelitoral.com.ar\/ramirez-el-programa-rutas-en-rojo-estara-en-la-ciudad\/#breadcrumb","itemListElement":[{"@type":"ListItem","position":1,"name":"Portada","item":"https:\/\/informelitoral.com.ar\/"},{"@type":"ListItem","position":2,"name":"Ram\u00edrez: el Programa Rutas en Rojo estar\u00e1 en la ciudad"}]},{"@type":"WebSite","@id":"https:\/\/informelitoral.com.ar\/#website","url":"https:\/\/informelitoral.com.ar\/","name":"Informe Litoral","description":"&quot;Nos informamos&quot; ","publisher":{"@id":"https:\/\/informelitoral.com.ar\/#organization"},"potentialAction":[{"@type":"SearchAction","target":{"@type":"EntryPoint","urlTemplate":"https:\/\/informelitoral.com.ar\/?s={search_term_string}"},"query-input":{"@type":"PropertyValueSpecification","valueRequired":true,"valueName":"search_term_string"}}],"inLanguage":"es"},{"@type":"Organization","@id":"https:\/\/informelitoral.com.ar\/#organization","name":"Informe Litoral","url":"https:\/\/informelitoral.com.ar\/","logo":{"@type":"ImageObject","inLanguage":"es","@id":"https:\/\/informelitoral.com.ar\/#\/schema\/logo\/image\/","url":"https:\/\/informelitoral.com.ar\/%77%70%2d%63%6f%6e%74%65%6e%74\/uploads\/2021\/01\/circulo.png","contentUrl":"https:\/\/informelitoral.com.ar\/%77%70%2d%63%6f%6e%74%65%6e%74\/uploads\/2021\/01\/circulo.png","width":723,"height":731,"caption":"Informe Litoral"},"image":{"@id":"https:\/\/informelitoral.com.ar\/#\/schema\/logo\/image\/"},"sameAs":["https:\/\/www.facebook.com\/informelitoral\/","https:\/\/x.com\/InformeLitoral","https:\/\/www.instagram.com\/informelitoral\/","https:\/\/www.youtube.com\/channel\/UCua4Qvz8Icb6MYqhoq9xLXw"]},{"@type":"Person","@id":"https:\/\/informelitoral.com.ar\/#\/schema\/person\/b9d00407c836482871ef1d57bf8e3180","name":"Gonzalo Schmidt","image":{"@type":"ImageObject","inLanguage":"es","@id":"https:\/\/secure.gravatar.com\/avatar\/31a1a7b66ff2de83bd0e9fd79d026630d2d99e55e8bfe501287647b4fd9743de?s=96&d=mm&r=g","url":"https:\/\/secure.gravatar.com\/avatar\/31a1a7b66ff2de83bd0e9fd79d026630d2d99e55e8bfe501287647b4fd9743de?s=96&d=mm&r=g","contentUrl":"https:\/\/secure.gravatar.com\/avatar\/31a1a7b66ff2de83bd0e9fd79d026630d2d99e55e8bfe501287647b4fd9743de?s=96&d=mm&r=g","caption":"Gonzalo Schmidt"},"description":"Sitio web de noticias de la provincia de Entre R\u00edos, Argentina. Informaci\u00f3n y entretenimiento. Informe Litoral, nos informamos.","sameAs":["http:\/\/www.isletasnoticias.com.ar"],"url":"https:\/\/informelitoral.com.ar\/author\/gonzalo\/"}]}},"_links":{"self":[{"href":"https:\/\/informelitoral.com.ar\/%77%70%2d%6a%73%6f%6e\/wp\/v2\/posts\/15992","targetHints":{"allow":["GET"]}}],"collection":[{"href":"https:\/\/informelitoral.com.ar\/%77%70%2d%6a%73%6f%6e\/wp\/v2\/posts"}],"about":[{"href":"https:\/\/informelitoral.com.ar\/%77%70%2d%6a%73%6f%6e\/wp\/v2\/types\/post"}],"author":[{"embeddable":true,"href":"https:\/\/informelitoral.com.ar\/%77%70%2d%6a%73%6f%6e\/wp\/v2\/users\/2"}],"replies":[{"embeddable":true,"href":"https:\/\/informelitoral.com.ar\/%77%70%2d%6a%73%6f%6e\/wp\/v2\/comments?post=15992"}],"version-history":[{"count":0,"href":"https:\/\/informelitoral.com.ar\/%77%70%2d%6a%73%6f%6e\/wp\/v2\/posts\/15992\/revisions"}],"wp:attachment":[{"href":"https:\/\/informelitoral.com.ar\/%77%70%2d%6a%73%6f%6e\/wp\/v2\/media?parent=15992"}],"wp:term":[{"taxonomy":"category","embeddable":true,"href":"https:\/\/informelitoral.com.ar\/%77%70%2d%6a%73%6f%6e\/wp\/v2\/categories?post=15992"},{"taxonomy":"post_tag","embeddable":true,"href":"https:\/\/informelitoral.com.ar\/%77%70%2d%6a%73%6f%6e\/wp\/v2\/tags?post=15992"}],"curies":[{"name":"wp","href":"https:\/\/api.w.org\/{rel}","templated":true}]}}