{"id":159584,"date":"2023-07-27T09:28:06","date_gmt":"2023-07-27T12:28:06","guid":{"rendered":"https:\/\/www.informelitoral.com.ar\/?p=159584"},"modified":"2023-07-27T18:18:49","modified_gmt":"2023-07-27T21:18:49","slug":"abrieron-los-sobres-con-las-ofertas-para-ampliar-el-hospital-nuestra-senora-de-lujan-en-general-ramirez","status":"publish","type":"post","link":"https:\/\/informelitoral.com.ar\/abrieron-los-sobres-con-las-ofertas-para-ampliar-el-hospital-nuestra-senora-de-lujan-en-general-ramirez\/","title":{"rendered":"Abrieron los sobres con las ofertas para ampliar el Hospital Nuestra Se\u00f1ora de Luj\u00e1n en General Ram\u00edrez"},"content":{"rendered":"<p>El Ministerio de Planeamiento, Infraestructura y Servicios, a trav\u00e9s de la Subsecretar\u00eda de Arquitectura y Construcciones, abri\u00f3 los sobres para llevar a cabo la obra Ampliaci\u00f3n Hospital Nuestra Se\u00f1ora de Luj\u00e1n en la localidad de General Ram\u00edrez. El presupuesto oficial asciende a 283.184.335 pesos y el plazo de ejecuci\u00f3n de los trabajos es de 365 d\u00edas corridos.<\/p>\n<p>El acto administrativo, llevado a cabo en las oficinas del Ministerio de Planeamiento, cont\u00f3 con la presencia del subsecretario de Arquitectura y Construcciones, <strong>Walter Dandeu<\/strong>; la secretaria de Salud, <strong>Carina Reh<\/strong>; la senadora provincial por el departamento Diamante, <strong>Claudia Gieco<\/strong>; y el coordinador del Ministerio de Planeamiento, <strong>Oscar Mir\u00f3.<\/strong><\/p>\n<p>Cabe destacar que el proyecto \u201cAmpliaci\u00f3n Hospital Nuestra Se\u00f1ora de Luj\u00e1n\u201d de General Ram\u00edrez, est\u00e1 compuesto por la ejecuci\u00f3n de dos sectores bien definidos. El Sector 1, tiene que ver con la ampliaci\u00f3n del \u00e1rea de Diagn\u00f3stico por Im\u00e1genes y Laboratorio; y el Sector 2, refiere a la ampliaci\u00f3n de nuevas aulas en el edificio para la Facultad de Ciencias de la Vida y la Salud de UADER.<\/p>\n<p>La licitaci\u00f3n cont\u00f3 con tres oferentes: Del Litoral Obras y Servicios y Montajes S.A.; Antol\u00edn Fern\u00e1ndez S.A.; y Edico S.R.L.<\/p>\n<h4><strong>Detalles t\u00e9cnicos de la obra<\/strong><\/h4>\n<p>El sector 1 de Diagn\u00f3stico por Im\u00e1genes y Laboratorio contar\u00e1 con diversos ingresos desde distintas partes del edificio. Uno de ellos ser\u00e1 al p\u00fablico en general por el mismo ingreso que al hospital; otro ser\u00e1 directo desde el sector cocheras para el ingreso del personal del edificio; y un tercer ingreso restringido al \u00e1rea por los estudiantes de la Facultad de Ciencias de la Vida y la Salud de UADER.<\/p>\n<p>El nuevo sector de Diagn\u00f3stico por Im\u00e1genes y Laboratorio contar\u00e1 con 2 \u00e1reas administrativas, de apoyatura a las diversas funciones que se instalar\u00e1n en el sector: laboratorios, y espacios para tomograf\u00eda, rayos x, ecograf\u00eda y mamograf\u00eda. Tambi\u00e9n, habr\u00e1 \u00e1rea de servicios.<\/p>\n<p>El proyecto se ejecutar\u00e1 en un espacio existente sin terminaci\u00f3n, el cual se adaptar\u00e1 a las nuevas funciones que se requieren en el plan de necesidades.<\/p>\n<p>El sector 2 es una ampliaci\u00f3n del edificio elaborado para la Facultad de Ciencias de la Vida y de la Salud, de la Universidad Aut\u00f3noma de Entre R\u00edos, que responde a una demanda hist\u00f3rica de un espacio propio para el dictado de clases de las formaciones que se encuentran dictando en el Municipio de General Ram\u00edrez, como la Licenciatura en Higiene y Seguridad, Licenciatura en Producci\u00f3n de Bioim\u00e1genes, Tecnicatura en An\u00e1lisis Cl\u00ednico y Tecnicatura en Producci\u00f3n de Bioim\u00e1genes.<\/p>\n<p>El edificio se proyect\u00f3 en 2 etapas, logrando en su desarrollo final una capacidad de funcionamiento de 200 alumnos por turno.<\/p>\n<p>Esta obra es la etapa 1 que incluye 6 aulas, dos laboratorios, \u00e1rea de atenci\u00f3n y administrativa, sala de profesores, cantina, \u00e1rea de dep\u00f3sito, sanitarios con \u00e1rea de atenci\u00f3n de beb\u00e9, y un hall social. La etapa 2 se desarrollar\u00e1 en un futuro proyecto que incluir\u00e1 la construcci\u00f3n de un aula, sala de inform\u00e1tica, sal\u00f3n, biblioteca y \u00e1rea de ordenanza.<\/p>\n<p>La intervenci\u00f3n en el edificio escolar ser\u00e1 sobre: superficie cubierta de 929,30m2, superficie semicubierta 216,03m2, y un total de 1.145,33m2.<\/p>\n<h4><em><strong>NOTA RELACIONADA:\u00a0<\/strong><\/em><\/h4>\n<blockquote class=\"wp-embedded-content\" data-secret=\"YyXyY5BuEg\"><p><a href=\"https:\/\/www.informelitoral.com.ar\/el-hospital-escuela-es-un-gran-logro-para-diamante-dijo-claudia-gieco\/\">\u201cEl Hospital Escuela es un gran logro para Diamante\u201d, dijo Claudia Gieco<\/a><\/p><\/blockquote>\n<p><iframe loading=\"lazy\" class=\"wp-embedded-content\" sandbox=\"allow-scripts\" security=\"restricted\" style=\"position: absolute; clip: rect(1px, 1px, 1px, 1px);\" title=\"\u00ab\u201cEl Hospital Escuela es un gran logro para Diamante\u201d, dijo Claudia Gieco\u00bb \u2014 Informe Litoral\" src=\"https:\/\/www.informelitoral.com.ar\/el-hospital-escuela-es-un-gran-logro-para-diamante-dijo-claudia-gieco\/embed\/#?secret=63DKO9xpJY#?secret=YyXyY5BuEg\" data-secret=\"YyXyY5BuEg\" width=\"600\" height=\"338\" frameborder=\"0\" marginwidth=\"0\" marginheight=\"0\" scrolling=\"no\"><\/iframe><\/p>\n","protected":false},"excerpt":{"rendered":"<p>El gobierno provincial abri\u00f3 los sobres con las ofertas para la ampliaci\u00f3n del Hospital Nuestra Se\u00f1ora de Luj\u00e1n. Con un presupuesto oficial que supera los 283 millones de pesos, se prev\u00e9 la construcci\u00f3n de diferentes \u00e1reas.<\/p>\n","protected":false},"author":8,"featured_media":159586,"comment_status":"open","ping_status":"open","sticky":false,"template":"","format":"standard","meta":{"fifu_image_url":"","fifu_image_alt":"","footnotes":""},"categories":[5],"tags":[556,1293,27,652],"class_list":{"0":"post-159584","1":"post","2":"type-post","3":"status-publish","4":"format-standard","5":"has-post-thumbnail","7":"category-zonales","8":"tag-general-ramirez","9":"tag-hospital-nuestra-senora-del-lujan","10":"tag-ramirez","11":"tag-salud-publica"},"yoast_head":"<title>Abrieron los sobres con las ofertas para ampliar el Hospital Nuestra Se\u00f1ora de Luj\u00e1n en General Ram\u00edrez - Informe Litoral<\/title>\n<meta name=\"robots\" content=\"index, follow, max-snippet:-1, max-image-preview:large, max-video-preview:-1\" \/>\n<link rel=\"canonical\" href=\"https:\/\/informelitoral.com.ar\/abrieron-los-sobres-con-las-ofertas-para-ampliar-el-hospital-nuestra-senora-de-lujan-en-general-ramirez\/\" \/>\n<meta property=\"og:locale\" content=\"es_ES\" \/>\n<meta property=\"og:type\" content=\"article\" \/>\n<meta property=\"og:title\" content=\"Abrieron los sobres con las ofertas para ampliar el Hospital Nuestra Se\u00f1ora de Luj\u00e1n en General Ram\u00edrez - Informe Litoral\" \/>\n<meta property=\"og:description\" content=\"El gobierno provincial abri\u00f3 los sobres con las ofertas para la ampliaci\u00f3n del Hospital Nuestra Se\u00f1ora de Luj\u00e1n. Con un presupuesto oficial que supera los 283 millones de pesos, se prev\u00e9 la construcci\u00f3n de diferentes \u00e1reas.\" \/>\n<meta property=\"og:url\" content=\"https:\/\/informelitoral.com.ar\/abrieron-los-sobres-con-las-ofertas-para-ampliar-el-hospital-nuestra-senora-de-lujan-en-general-ramirez\/\" \/>\n<meta property=\"og:site_name\" content=\"Informe Litoral\" \/>\n<meta property=\"article:publisher\" content=\"https:\/\/www.facebook.com\/informelitoral\/\" \/>\n<meta property=\"article:published_time\" content=\"2023-07-27T12:28:06+00:00\" \/>\n<meta property=\"article:modified_time\" content=\"2023-07-27T21:18:49+00:00\" \/>\n<meta property=\"og:image\" content=\"https:\/\/informelitoral.com.ar\/%77%70%2d%63%6f%6e%74%65%6e%74\/uploads\/2023\/07\/p_1690384839.jpg\" \/>\n\t<meta property=\"og:image:width\" content=\"1920\" \/>\n\t<meta property=\"og:image:height\" content=\"800\" \/>\n\t<meta property=\"og:image:type\" content=\"image\/jpeg\" \/>\n<meta name=\"author\" content=\"Sebastian\" \/>\n<meta name=\"twitter:card\" content=\"summary_large_image\" \/>\n<meta name=\"twitter:creator\" content=\"@InformeLitoral\" \/>\n<meta name=\"twitter:site\" content=\"@InformeLitoral\" \/>\n<meta name=\"twitter:label1\" content=\"Escrito por\" \/>\n\t<meta name=\"twitter:data1\" content=\"Sebastian\" \/>\n\t<meta name=\"twitter:label2\" content=\"Tiempo de lectura\" \/>\n\t<meta name=\"twitter:data2\" content=\"3 minutos\" \/>\n<script type=\"application\/ld+json\" class=\"yoast-schema-graph\">{\"@context\":\"https:\\\/\\\/schema.org\",\"@graph\":[{\"@type\":\"Article\",\"@id\":\"https:\\\/\\\/informelitoral.com.ar\\\/abrieron-los-sobres-con-las-ofertas-para-ampliar-el-hospital-nuestra-senora-de-lujan-en-general-ramirez\\\/#article\",\"isPartOf\":{\"@id\":\"https:\\\/\\\/informelitoral.com.ar\\\/abrieron-los-sobres-con-las-ofertas-para-ampliar-el-hospital-nuestra-senora-de-lujan-en-general-ramirez\\\/\"},\"author\":{\"name\":\"Sebastian\",\"@id\":\"https:\\\/\\\/informelitoral.com.ar\\\/#\\\/schema\\\/person\\\/f05f9f461677119578717524b127d6d5\"},\"headline\":\"Abrieron los sobres con las ofertas para ampliar el Hospital Nuestra Se\u00f1ora de Luj\u00e1n en General Ram\u00edrez\",\"datePublished\":\"2023-07-27T12:28:06+00:00\",\"dateModified\":\"2023-07-27T21:18:49+00:00\",\"mainEntityOfPage\":{\"@id\":\"https:\\\/\\\/informelitoral.com.ar\\\/abrieron-los-sobres-con-las-ofertas-para-ampliar-el-hospital-nuestra-senora-de-lujan-en-general-ramirez\\\/\"},\"wordCount\":585,\"commentCount\":0,\"publisher\":{\"@id\":\"https:\\\/\\\/informelitoral.com.ar\\\/#organization\"},\"image\":{\"@id\":\"https:\\\/\\\/informelitoral.com.ar\\\/abrieron-los-sobres-con-las-ofertas-para-ampliar-el-hospital-nuestra-senora-de-lujan-en-general-ramirez\\\/#primaryimage\"},\"thumbnailUrl\":\"https:\\\/\\\/informelitoral.com.ar\\\/%77%70%2d%63%6f%6e%74%65%6e%74\\\/uploads\\\/2023\\\/07\\\/p_1690384839.jpg\",\"keywords\":[\"General Ram\u00edrez\",\"Hospital Nuestra Se\u00f1ora del Luj\u00e1n\",\"Ram\u00edrez\",\"Salud p\u00fablica\"],\"articleSection\":[\"Departamento Diamante\"],\"inLanguage\":\"es\",\"potentialAction\":[{\"@type\":\"CommentAction\",\"name\":\"Comment\",\"target\":[\"https:\\\/\\\/informelitoral.com.ar\\\/abrieron-los-sobres-con-las-ofertas-para-ampliar-el-hospital-nuestra-senora-de-lujan-en-general-ramirez\\\/#respond\"]}]},{\"@type\":\"WebPage\",\"@id\":\"https:\\\/\\\/informelitoral.com.ar\\\/abrieron-los-sobres-con-las-ofertas-para-ampliar-el-hospital-nuestra-senora-de-lujan-en-general-ramirez\\\/\",\"url\":\"https:\\\/\\\/informelitoral.com.ar\\\/abrieron-los-sobres-con-las-ofertas-para-ampliar-el-hospital-nuestra-senora-de-lujan-en-general-ramirez\\\/\",\"name\":\"Abrieron los sobres con las ofertas para ampliar el Hospital Nuestra Se\u00f1ora de Luj\u00e1n en General Ram\u00edrez - Informe Litoral\",\"isPartOf\":{\"@id\":\"https:\\\/\\\/informelitoral.com.ar\\\/#website\"},\"primaryImageOfPage\":{\"@id\":\"https:\\\/\\\/informelitoral.com.ar\\\/abrieron-los-sobres-con-las-ofertas-para-ampliar-el-hospital-nuestra-senora-de-lujan-en-general-ramirez\\\/#primaryimage\"},\"image\":{\"@id\":\"https:\\\/\\\/informelitoral.com.ar\\\/abrieron-los-sobres-con-las-ofertas-para-ampliar-el-hospital-nuestra-senora-de-lujan-en-general-ramirez\\\/#primaryimage\"},\"thumbnailUrl\":\"https:\\\/\\\/informelitoral.com.ar\\\/%77%70%2d%63%6f%6e%74%65%6e%74\\\/uploads\\\/2023\\\/07\\\/p_1690384839.jpg\",\"datePublished\":\"2023-07-27T12:28:06+00:00\",\"dateModified\":\"2023-07-27T21:18:49+00:00\",\"breadcrumb\":{\"@id\":\"https:\\\/\\\/informelitoral.com.ar\\\/abrieron-los-sobres-con-las-ofertas-para-ampliar-el-hospital-nuestra-senora-de-lujan-en-general-ramirez\\\/#breadcrumb\"},\"inLanguage\":\"es\",\"potentialAction\":[{\"@type\":\"ReadAction\",\"target\":[\"https:\\\/\\\/informelitoral.com.ar\\\/abrieron-los-sobres-con-las-ofertas-para-ampliar-el-hospital-nuestra-senora-de-lujan-en-general-ramirez\\\/\"]}]},{\"@type\":\"ImageObject\",\"inLanguage\":\"es\",\"@id\":\"https:\\\/\\\/informelitoral.com.ar\\\/abrieron-los-sobres-con-las-ofertas-para-ampliar-el-hospital-nuestra-senora-de-lujan-en-general-ramirez\\\/#primaryimage\",\"url\":\"https:\\\/\\\/informelitoral.com.ar\\\/%77%70%2d%63%6f%6e%74%65%6e%74\\\/uploads\\\/2023\\\/07\\\/p_1690384839.jpg\",\"contentUrl\":\"https:\\\/\\\/informelitoral.com.ar\\\/%77%70%2d%63%6f%6e%74%65%6e%74\\\/uploads\\\/2023\\\/07\\\/p_1690384839.jpg\",\"width\":1920,\"height\":800},{\"@type\":\"BreadcrumbList\",\"@id\":\"https:\\\/\\\/informelitoral.com.ar\\\/abrieron-los-sobres-con-las-ofertas-para-ampliar-el-hospital-nuestra-senora-de-lujan-en-general-ramirez\\\/#breadcrumb\",\"itemListElement\":[{\"@type\":\"ListItem\",\"position\":1,\"name\":\"Portada\",\"item\":\"https:\\\/\\\/informelitoral.com.ar\\\/\"},{\"@type\":\"ListItem\",\"position\":2,\"name\":\"Abrieron los sobres con las ofertas para ampliar el Hospital Nuestra Se\u00f1ora de Luj\u00e1n en General Ram\u00edrez\"}]},{\"@type\":\"WebSite\",\"@id\":\"https:\\\/\\\/informelitoral.com.ar\\\/#website\",\"url\":\"https:\\\/\\\/informelitoral.com.ar\\\/\",\"name\":\"Informe Litoral\",\"description\":\"&quot;Nos informamos&quot; \",\"publisher\":{\"@id\":\"https:\\\/\\\/informelitoral.com.ar\\\/#organization\"},\"potentialAction\":[{\"@type\":\"SearchAction\",\"target\":{\"@type\":\"EntryPoint\",\"urlTemplate\":\"https:\\\/\\\/informelitoral.com.ar\\\/?s={search_term_string}\"},\"query-input\":{\"@type\":\"PropertyValueSpecification\",\"valueRequired\":true,\"valueName\":\"search_term_string\"}}],\"inLanguage\":\"es\"},{\"@type\":\"Organization\",\"@id\":\"https:\\\/\\\/informelitoral.com.ar\\\/#organization\",\"name\":\"Informe Litoral\",\"url\":\"https:\\\/\\\/informelitoral.com.ar\\\/\",\"logo\":{\"@type\":\"ImageObject\",\"inLanguage\":\"es\",\"@id\":\"https:\\\/\\\/informelitoral.com.ar\\\/#\\\/schema\\\/logo\\\/image\\\/\",\"url\":\"https:\\\/\\\/informelitoral.com.ar\\\/%77%70%2d%63%6f%6e%74%65%6e%74\\\/uploads\\\/2021\\\/01\\\/circulo.png\",\"contentUrl\":\"https:\\\/\\\/informelitoral.com.ar\\\/%77%70%2d%63%6f%6e%74%65%6e%74\\\/uploads\\\/2021\\\/01\\\/circulo.png\",\"width\":723,\"height\":731,\"caption\":\"Informe Litoral\"},\"image\":{\"@id\":\"https:\\\/\\\/informelitoral.com.ar\\\/#\\\/schema\\\/logo\\\/image\\\/\"},\"sameAs\":[\"https:\\\/\\\/www.facebook.com\\\/informelitoral\\\/\",\"https:\\\/\\\/x.com\\\/InformeLitoral\",\"https:\\\/\\\/www.instagram.com\\\/informelitoral\\\/\",\"https:\\\/\\\/www.youtube.com\\\/channel\\\/UCua4Qvz8Icb6MYqhoq9xLXw\"]},{\"@type\":\"Person\",\"@id\":\"https:\\\/\\\/informelitoral.com.ar\\\/#\\\/schema\\\/person\\\/f05f9f461677119578717524b127d6d5\",\"name\":\"Sebastian\",\"image\":{\"@type\":\"ImageObject\",\"inLanguage\":\"es\",\"@id\":\"https:\\\/\\\/secure.gravatar.com\\\/avatar\\\/b71bf7481d447dfb9583c7f2798e7cc64de6efb9067b74633ed8c31059a3bd82?s=96&d=mm&r=g\",\"url\":\"https:\\\/\\\/secure.gravatar.com\\\/avatar\\\/b71bf7481d447dfb9583c7f2798e7cc64de6efb9067b74633ed8c31059a3bd82?s=96&d=mm&r=g\",\"contentUrl\":\"https:\\\/\\\/secure.gravatar.com\\\/avatar\\\/b71bf7481d447dfb9583c7f2798e7cc64de6efb9067b74633ed8c31059a3bd82?s=96&d=mm&r=g\",\"caption\":\"Sebastian\"},\"url\":\"https:\\\/\\\/informelitoral.com.ar\\\/author\\\/sebastian\\\/\"}]}<\/script>","yoast_head_json":{"title":"Abrieron los sobres con las ofertas para ampliar el Hospital Nuestra Se\u00f1ora de Luj\u00e1n en General Ram\u00edrez - Informe Litoral","robots":{"index":"index","follow":"follow","max-snippet":"max-snippet:-1","max-image-preview":"max-image-preview:large","max-video-preview":"max-video-preview:-1"},"canonical":"https:\/\/informelitoral.com.ar\/abrieron-los-sobres-con-las-ofertas-para-ampliar-el-hospital-nuestra-senora-de-lujan-en-general-ramirez\/","og_locale":"es_ES","og_type":"article","og_title":"Abrieron los sobres con las ofertas para ampliar el Hospital Nuestra Se\u00f1ora de Luj\u00e1n en General Ram\u00edrez - Informe Litoral","og_description":"El gobierno provincial abri\u00f3 los sobres con las ofertas para la ampliaci\u00f3n del Hospital Nuestra Se\u00f1ora de Luj\u00e1n. Con un presupuesto oficial que supera los 283 millones de pesos, se prev\u00e9 la construcci\u00f3n de diferentes \u00e1reas.","og_url":"https:\/\/informelitoral.com.ar\/abrieron-los-sobres-con-las-ofertas-para-ampliar-el-hospital-nuestra-senora-de-lujan-en-general-ramirez\/","og_site_name":"Informe Litoral","article_publisher":"https:\/\/www.facebook.com\/informelitoral\/","article_published_time":"2023-07-27T12:28:06+00:00","article_modified_time":"2023-07-27T21:18:49+00:00","og_image":[{"width":1920,"height":800,"url":"https:\/\/informelitoral.com.ar\/%77%70%2d%63%6f%6e%74%65%6e%74\/uploads\/2023\/07\/p_1690384839.jpg","type":"image\/jpeg"}],"author":"Sebastian","twitter_card":"summary_large_image","twitter_creator":"@InformeLitoral","twitter_site":"@InformeLitoral","twitter_misc":{"Escrito por":"Sebastian","Tiempo de lectura":"3 minutos"},"schema":{"@context":"https:\/\/schema.org","@graph":[{"@type":"Article","@id":"https:\/\/informelitoral.com.ar\/abrieron-los-sobres-con-las-ofertas-para-ampliar-el-hospital-nuestra-senora-de-lujan-en-general-ramirez\/#article","isPartOf":{"@id":"https:\/\/informelitoral.com.ar\/abrieron-los-sobres-con-las-ofertas-para-ampliar-el-hospital-nuestra-senora-de-lujan-en-general-ramirez\/"},"author":{"name":"Sebastian","@id":"https:\/\/informelitoral.com.ar\/#\/schema\/person\/f05f9f461677119578717524b127d6d5"},"headline":"Abrieron los sobres con las ofertas para ampliar el Hospital Nuestra Se\u00f1ora de Luj\u00e1n en General Ram\u00edrez","datePublished":"2023-07-27T12:28:06+00:00","dateModified":"2023-07-27T21:18:49+00:00","mainEntityOfPage":{"@id":"https:\/\/informelitoral.com.ar\/abrieron-los-sobres-con-las-ofertas-para-ampliar-el-hospital-nuestra-senora-de-lujan-en-general-ramirez\/"},"wordCount":585,"commentCount":0,"publisher":{"@id":"https:\/\/informelitoral.com.ar\/#organization"},"image":{"@id":"https:\/\/informelitoral.com.ar\/abrieron-los-sobres-con-las-ofertas-para-ampliar-el-hospital-nuestra-senora-de-lujan-en-general-ramirez\/#primaryimage"},"thumbnailUrl":"https:\/\/informelitoral.com.ar\/%77%70%2d%63%6f%6e%74%65%6e%74\/uploads\/2023\/07\/p_1690384839.jpg","keywords":["General Ram\u00edrez","Hospital Nuestra Se\u00f1ora del Luj\u00e1n","Ram\u00edrez","Salud p\u00fablica"],"articleSection":["Departamento Diamante"],"inLanguage":"es","potentialAction":[{"@type":"CommentAction","name":"Comment","target":["https:\/\/informelitoral.com.ar\/abrieron-los-sobres-con-las-ofertas-para-ampliar-el-hospital-nuestra-senora-de-lujan-en-general-ramirez\/#respond"]}]},{"@type":"WebPage","@id":"https:\/\/informelitoral.com.ar\/abrieron-los-sobres-con-las-ofertas-para-ampliar-el-hospital-nuestra-senora-de-lujan-en-general-ramirez\/","url":"https:\/\/informelitoral.com.ar\/abrieron-los-sobres-con-las-ofertas-para-ampliar-el-hospital-nuestra-senora-de-lujan-en-general-ramirez\/","name":"Abrieron los sobres con las ofertas para ampliar el Hospital Nuestra Se\u00f1ora de Luj\u00e1n en General Ram\u00edrez - Informe Litoral","isPartOf":{"@id":"https:\/\/informelitoral.com.ar\/#website"},"primaryImageOfPage":{"@id":"https:\/\/informelitoral.com.ar\/abrieron-los-sobres-con-las-ofertas-para-ampliar-el-hospital-nuestra-senora-de-lujan-en-general-ramirez\/#primaryimage"},"image":{"@id":"https:\/\/informelitoral.com.ar\/abrieron-los-sobres-con-las-ofertas-para-ampliar-el-hospital-nuestra-senora-de-lujan-en-general-ramirez\/#primaryimage"},"thumbnailUrl":"https:\/\/informelitoral.com.ar\/%77%70%2d%63%6f%6e%74%65%6e%74\/uploads\/2023\/07\/p_1690384839.jpg","datePublished":"2023-07-27T12:28:06+00:00","dateModified":"2023-07-27T21:18:49+00:00","breadcrumb":{"@id":"https:\/\/informelitoral.com.ar\/abrieron-los-sobres-con-las-ofertas-para-ampliar-el-hospital-nuestra-senora-de-lujan-en-general-ramirez\/#breadcrumb"},"inLanguage":"es","potentialAction":[{"@type":"ReadAction","target":["https:\/\/informelitoral.com.ar\/abrieron-los-sobres-con-las-ofertas-para-ampliar-el-hospital-nuestra-senora-de-lujan-en-general-ramirez\/"]}]},{"@type":"ImageObject","inLanguage":"es","@id":"https:\/\/informelitoral.com.ar\/abrieron-los-sobres-con-las-ofertas-para-ampliar-el-hospital-nuestra-senora-de-lujan-en-general-ramirez\/#primaryimage","url":"https:\/\/informelitoral.com.ar\/%77%70%2d%63%6f%6e%74%65%6e%74\/uploads\/2023\/07\/p_1690384839.jpg","contentUrl":"https:\/\/informelitoral.com.ar\/%77%70%2d%63%6f%6e%74%65%6e%74\/uploads\/2023\/07\/p_1690384839.jpg","width":1920,"height":800},{"@type":"BreadcrumbList","@id":"https:\/\/informelitoral.com.ar\/abrieron-los-sobres-con-las-ofertas-para-ampliar-el-hospital-nuestra-senora-de-lujan-en-general-ramirez\/#breadcrumb","itemListElement":[{"@type":"ListItem","position":1,"name":"Portada","item":"https:\/\/informelitoral.com.ar\/"},{"@type":"ListItem","position":2,"name":"Abrieron los sobres con las ofertas para ampliar el Hospital Nuestra Se\u00f1ora de Luj\u00e1n en General Ram\u00edrez"}]},{"@type":"WebSite","@id":"https:\/\/informelitoral.com.ar\/#website","url":"https:\/\/informelitoral.com.ar\/","name":"Informe Litoral","description":"&quot;Nos informamos&quot; ","publisher":{"@id":"https:\/\/informelitoral.com.ar\/#organization"},"potentialAction":[{"@type":"SearchAction","target":{"@type":"EntryPoint","urlTemplate":"https:\/\/informelitoral.com.ar\/?s={search_term_string}"},"query-input":{"@type":"PropertyValueSpecification","valueRequired":true,"valueName":"search_term_string"}}],"inLanguage":"es"},{"@type":"Organization","@id":"https:\/\/informelitoral.com.ar\/#organization","name":"Informe Litoral","url":"https:\/\/informelitoral.com.ar\/","logo":{"@type":"ImageObject","inLanguage":"es","@id":"https:\/\/informelitoral.com.ar\/#\/schema\/logo\/image\/","url":"https:\/\/informelitoral.com.ar\/%77%70%2d%63%6f%6e%74%65%6e%74\/uploads\/2021\/01\/circulo.png","contentUrl":"https:\/\/informelitoral.com.ar\/%77%70%2d%63%6f%6e%74%65%6e%74\/uploads\/2021\/01\/circulo.png","width":723,"height":731,"caption":"Informe Litoral"},"image":{"@id":"https:\/\/informelitoral.com.ar\/#\/schema\/logo\/image\/"},"sameAs":["https:\/\/www.facebook.com\/informelitoral\/","https:\/\/x.com\/InformeLitoral","https:\/\/www.instagram.com\/informelitoral\/","https:\/\/www.youtube.com\/channel\/UCua4Qvz8Icb6MYqhoq9xLXw"]},{"@type":"Person","@id":"https:\/\/informelitoral.com.ar\/#\/schema\/person\/f05f9f461677119578717524b127d6d5","name":"Sebastian","image":{"@type":"ImageObject","inLanguage":"es","@id":"https:\/\/secure.gravatar.com\/avatar\/b71bf7481d447dfb9583c7f2798e7cc64de6efb9067b74633ed8c31059a3bd82?s=96&d=mm&r=g","url":"https:\/\/secure.gravatar.com\/avatar\/b71bf7481d447dfb9583c7f2798e7cc64de6efb9067b74633ed8c31059a3bd82?s=96&d=mm&r=g","contentUrl":"https:\/\/secure.gravatar.com\/avatar\/b71bf7481d447dfb9583c7f2798e7cc64de6efb9067b74633ed8c31059a3bd82?s=96&d=mm&r=g","caption":"Sebastian"},"url":"https:\/\/informelitoral.com.ar\/author\/sebastian\/"}]}},"_links":{"self":[{"href":"https:\/\/informelitoral.com.ar\/%77%70%2d%6a%73%6f%6e\/wp\/v2\/posts\/159584","targetHints":{"allow":["GET"]}}],"collection":[{"href":"https:\/\/informelitoral.com.ar\/%77%70%2d%6a%73%6f%6e\/wp\/v2\/posts"}],"about":[{"href":"https:\/\/informelitoral.com.ar\/%77%70%2d%6a%73%6f%6e\/wp\/v2\/types\/post"}],"author":[{"embeddable":true,"href":"https:\/\/informelitoral.com.ar\/%77%70%2d%6a%73%6f%6e\/wp\/v2\/users\/8"}],"replies":[{"embeddable":true,"href":"https:\/\/informelitoral.com.ar\/%77%70%2d%6a%73%6f%6e\/wp\/v2\/comments?post=159584"}],"version-history":[{"count":0,"href":"https:\/\/informelitoral.com.ar\/%77%70%2d%6a%73%6f%6e\/wp\/v2\/posts\/159584\/revisions"}],"wp:featuredmedia":[{"embeddable":true,"href":"https:\/\/informelitoral.com.ar\/%77%70%2d%6a%73%6f%6e\/wp\/v2\/media\/159586"}],"wp:attachment":[{"href":"https:\/\/informelitoral.com.ar\/%77%70%2d%6a%73%6f%6e\/wp\/v2\/media?parent=159584"}],"wp:term":[{"taxonomy":"category","embeddable":true,"href":"https:\/\/informelitoral.com.ar\/%77%70%2d%6a%73%6f%6e\/wp\/v2\/categories?post=159584"},{"taxonomy":"post_tag","embeddable":true,"href":"https:\/\/informelitoral.com.ar\/%77%70%2d%6a%73%6f%6e\/wp\/v2\/tags?post=159584"}],"curies":[{"name":"wp","href":"https:\/\/api.w.org\/{rel}","templated":true}]}}