{"id":1595,"date":"2013-05-07T07:12:18","date_gmt":"2013-05-07T10:12:18","guid":{"rendered":"http:\/\/www.isletasnoticias.com.ar\/?p=1595"},"modified":"2013-05-07T07:12:18","modified_gmt":"2013-05-07T10:12:18","slug":"se-levanto-el-paro-de-micros-recien-al-mediodia-se-normalizara-el-servicio","status":"publish","type":"post","link":"https:\/\/informelitoral.com.ar\/se-levanto-el-paro-de-micros-recien-al-mediodia-se-normalizara-el-servicio\/","title":{"rendered":"Se levant\u00f3 el paro de micros: reci\u00e9n al mediod\u00eda se normalizar\u00e1 el servicio"},"content":{"rendered":"<div>\n<p><strong>Tras una reuni\u00f3n convocada a \u00faltima hora de ayer, finalmente la UTA\u00a0acat\u00f3\u00a0la\u00a0conciliaci\u00f3n obligatoria\u00a0dispuesta<a href=\"http:\/\/www.infobae.com\/notas\/709086-UTA-Si-no-garantizan-el-pago-de-salarios-vamos-a-seguir-con-el-paro-de-micros.html\" target=\"_blank\">\u00a0por la cartera laboral<\/a>\u00a0que\u00a0medi\u00f3 para destrabar el conflicto.\u00a0A las 5, parti\u00f3 el primer \u00f3mnibus de Retiro.<\/strong><\/p>\n<\/div>\n<p><img decoding=\"async\" alt=\"Se levant\u00f3 el paro de micros: reci\u00e9n al mediod\u00eda se normalizar\u00e1 el servicio\" src=\"http:\/\/www.infobae.com\/adjuntos\/jpg\/2013\/05\/600x0_659830.jpg\" width=\"600\" \/><\/p>\n<div>\n<p>La UTA acept\u00f3 minutos antes de la medianoche la conciliaci\u00f3n obligatoria dispuesta por el Ministerio de Trabajo y, en consecuencia, resolvi\u00f3 levantar el paro en el servicio de \u00f3mnibus de larga distancia, que\u00a0<strong>finalmente se reactiv\u00f3 poco antes de las 5 de hoy con la salida desde la terminal de Retiro del primer micro.<\/strong><\/p>\n<p>De todas formas, desde el gremio adelantaron que reci\u00e9n para el mediod\u00eda el servicio estar\u00e1 totalmente normalizado.<\/p>\n<p><em>\u00abTenemos que normalizar el interior del pa\u00eds, por lo que va a llevar un poco de tiempo. Al mediod\u00eda ya deber\u00eda estar normalizado el transporte de pasajeros en todo el pa\u00eds\u00bb<\/em>, sostuvo el vocero de la UTA,\u00a0<strong>Mario Calegari<\/strong>, por radio\u00a0<em>La Red<\/em>.<\/p>\n<p>La huelga<a href=\"http:\/\/www.infobae.com\/notas\/709266-El-paro-de-micros-de-larga-distancia-cumple-su-quinto-dia-y-crece-el-conflicto.html\" target=\"_blank\">\u00a0cumpli\u00f3 ayer su quinto d\u00eda<\/a>\u00a0y mantuvo varados a unos 400 mil pasajeros, seg\u00fan datos de la cartera laboral.\u00a0<em><strong>\u00abAfortunadamente prim\u00f3 la cordura\u00bb<\/strong>,<\/em> destac\u00f3 el ministro de Trabajo, Carlos Tomada.<\/p>\n<p>En declaraciones a\u00a0<em>C5N<\/em>, el funcionario confirm\u00f3 el cese del paro, sostuvo que el servicio se restrablecer\u00eda <em>\u00abde forma inmediata\u00bb<\/em> -algo que sucedi\u00f3- y\u00a0<strong>se mostr\u00f3 confiado en que los empresarios aceptar\u00e1n pagar el 23 por ciento de aumento<\/strong>, que decret\u00f3 Tomada el s\u00e1bado \u00faltimo.<\/p>\n<p>Las patronales rechazaron esa propuesta y piden una suba de los subsidios para poder hacer frente a ese incremento salarial. Hasta anoche manten\u00edan su negativa y\u00a0<strong>se espera que hoy se supere el conflicto, tras el levantamiento del paro por parte de UTA<\/strong>.<\/p>\n<p><em>\u00abEsto era una negociaci\u00f3n colectiva que se termin\u00f3 transformando en una presi\u00f3n de los empresarios para lograr el aumento de los subsidios que otorga el Estado\u00bb,<\/em> sostuvo Tomada, tal como ya lo hab\u00eda afirmado el fin de semana.<\/p>\n<p><em>\u201cYo se los dije siempre: primero la gente, los pasajeros; luego hay tiempo para resolver otro tipos de problemas\u201d,<\/em> a\u00f1adi\u00f3 el ministro en referencia al reclamo de las compa\u00f1\u00edas que ayer hicieron oficial su pedido de una suba de los subsidios al transporte de pasajeros.<\/p>\n<p>El domingo, la Comisi\u00f3n Nacional de Regulaci\u00f3n del Transporte (CNRT), por encargo del Ministro del Interior y Transporte, Florencio Randazzo,<strong><a href=\"http:\/\/www.infobae.com\/notas\/709191-El-Gobierno-sanciono-a-130-empresas-de-micros-por-el-paro-que-realiza-la-UTA.html\" target=\"_blank\">\u00a0sancion\u00f3 a 130 empresas<\/a><\/strong>\u00a0(228 actas de infracci\u00f3n) por incumplimiento de servicios y no atenci\u00f3n a los usuarios.<\/p>\n<p>Ayer, adem\u00e1s, un grupo de pasajeros afectados por la medida de fuerza de la UTA<a href=\"http:\/\/www.infobae.com\/notas\/709287-Fracasaron-las-negociaciones-en-Trabajo-y-sigue-el-paro-de-micros.html\" target=\"_blank\">mantuvo un corte en la avenida Ant\u00e1rtida de Retiro\u00a0<\/a>desde la ma\u00f1ana hasta pasadas las 21, lo que gener\u00f3 importantes demoras para la circulaci\u00f3n del tr\u00e1nsito en esa zona.<\/p>\n<p>Fuente: Infobae.<\/p>\n<\/div>\n","protected":false},"excerpt":{"rendered":"<p>Tras una reuni&oacute;n convocada a &uacute;ltima hora de ayer, finalmente la UTA&nbsp;acat&oacute;&nbsp;la&nbsp;conciliaci&oacute;n obligatoria&nbsp;dispuesta&nbsp;por la cartera laboral&nbsp;que&nbsp;medi&oacute; para destrabar el conflicto.&nbsp;A las 5, parti&oacute; el primer &oacute;mnibus de Retiro. La UTA acept&oacute; minutos antes de la medianoche la conciliaci&oacute;n obligatoria dispuesta por el Ministerio de Trabajo y, en consecuencia, resolvi&oacute; levantar el paro en el servicio [&hellip;]<\/p>\n","protected":false},"author":2,"featured_media":0,"comment_status":"open","ping_status":"open","sticky":false,"template":"","format":"standard","meta":{"fifu_image_url":"","fifu_image_alt":"","footnotes":""},"categories":[7],"tags":[],"class_list":{"0":"post-1595","1":"post","2":"type-post","3":"status-publish","4":"format-standard","6":"category-nacionales"},"yoast_head":"<title>Se levant\u00f3 el paro de micros: reci\u00e9n al mediod\u00eda se normalizar\u00e1 el servicio - Informe Litoral<\/title>\n<meta name=\"robots\" content=\"index, follow, max-snippet:-1, max-image-preview:large, max-video-preview:-1\" \/>\n<link rel=\"canonical\" href=\"https:\/\/informelitoral.com.ar\/se-levanto-el-paro-de-micros-recien-al-mediodia-se-normalizara-el-servicio\/\" \/>\n<meta property=\"og:locale\" content=\"es_ES\" \/>\n<meta property=\"og:type\" content=\"article\" \/>\n<meta property=\"og:title\" content=\"Se levant\u00f3 el paro de micros: reci\u00e9n al mediod\u00eda se normalizar\u00e1 el servicio - Informe Litoral\" \/>\n<meta property=\"og:description\" content=\"Tras una reuni&oacute;n convocada a &uacute;ltima hora de ayer, finalmente la UTA&nbsp;acat&oacute;&nbsp;la&nbsp;conciliaci&oacute;n obligatoria&nbsp;dispuesta&nbsp;por la cartera laboral&nbsp;que&nbsp;medi&oacute; para destrabar el conflicto.&nbsp;A las 5, parti&oacute; el primer &oacute;mnibus de Retiro. La UTA acept&oacute; minutos antes de la medianoche la conciliaci&oacute;n obligatoria dispuesta por el Ministerio de Trabajo y, en consecuencia, resolvi&oacute; levantar el paro en el servicio [&hellip;]\" \/>\n<meta property=\"og:url\" content=\"https:\/\/informelitoral.com.ar\/se-levanto-el-paro-de-micros-recien-al-mediodia-se-normalizara-el-servicio\/\" \/>\n<meta property=\"og:site_name\" content=\"Informe Litoral\" \/>\n<meta property=\"article:publisher\" content=\"https:\/\/www.facebook.com\/informelitoral\/\" \/>\n<meta property=\"article:published_time\" content=\"2013-05-07T10:12:18+00:00\" \/>\n<meta property=\"og:image\" content=\"http:\/\/www.infobae.com\/adjuntos\/jpg\/2013\/05\/600x0_659830.jpg\" \/>\n<meta name=\"author\" content=\"Gonzalo Schmidt\" \/>\n<meta name=\"twitter:card\" content=\"summary_large_image\" \/>\n<meta name=\"twitter:creator\" content=\"@InformeLitoral\" \/>\n<meta name=\"twitter:site\" content=\"@InformeLitoral\" \/>\n<meta name=\"twitter:label1\" content=\"Escrito por\" \/>\n\t<meta name=\"twitter:data1\" content=\"Gonzalo Schmidt\" \/>\n\t<meta name=\"twitter:label2\" content=\"Tiempo de lectura\" \/>\n\t<meta name=\"twitter:data2\" content=\"2 minutos\" \/>\n<script type=\"application\/ld+json\" class=\"yoast-schema-graph\">{\"@context\":\"https:\\\/\\\/schema.org\",\"@graph\":[{\"@type\":\"Article\",\"@id\":\"https:\\\/\\\/informelitoral.com.ar\\\/se-levanto-el-paro-de-micros-recien-al-mediodia-se-normalizara-el-servicio\\\/#article\",\"isPartOf\":{\"@id\":\"https:\\\/\\\/informelitoral.com.ar\\\/se-levanto-el-paro-de-micros-recien-al-mediodia-se-normalizara-el-servicio\\\/\"},\"author\":{\"name\":\"Gonzalo Schmidt\",\"@id\":\"https:\\\/\\\/informelitoral.com.ar\\\/#\\\/schema\\\/person\\\/b9d00407c836482871ef1d57bf8e3180\"},\"headline\":\"Se levant\u00f3 el paro de micros: reci\u00e9n al mediod\u00eda se normalizar\u00e1 el servicio\",\"datePublished\":\"2013-05-07T10:12:18+00:00\",\"mainEntityOfPage\":{\"@id\":\"https:\\\/\\\/informelitoral.com.ar\\\/se-levanto-el-paro-de-micros-recien-al-mediodia-se-normalizara-el-servicio\\\/\"},\"wordCount\":475,\"commentCount\":0,\"publisher\":{\"@id\":\"https:\\\/\\\/informelitoral.com.ar\\\/#organization\"},\"image\":{\"@id\":\"https:\\\/\\\/informelitoral.com.ar\\\/se-levanto-el-paro-de-micros-recien-al-mediodia-se-normalizara-el-servicio\\\/#primaryimage\"},\"thumbnailUrl\":\"http:\\\/\\\/www.infobae.com\\\/adjuntos\\\/jpg\\\/2013\\\/05\\\/600x0_659830.jpg\",\"articleSection\":[\"Nacionales\"],\"inLanguage\":\"es\",\"potentialAction\":[{\"@type\":\"CommentAction\",\"name\":\"Comment\",\"target\":[\"https:\\\/\\\/informelitoral.com.ar\\\/se-levanto-el-paro-de-micros-recien-al-mediodia-se-normalizara-el-servicio\\\/#respond\"]}]},{\"@type\":\"WebPage\",\"@id\":\"https:\\\/\\\/informelitoral.com.ar\\\/se-levanto-el-paro-de-micros-recien-al-mediodia-se-normalizara-el-servicio\\\/\",\"url\":\"https:\\\/\\\/informelitoral.com.ar\\\/se-levanto-el-paro-de-micros-recien-al-mediodia-se-normalizara-el-servicio\\\/\",\"name\":\"Se levant\u00f3 el paro de micros: reci\u00e9n al mediod\u00eda se normalizar\u00e1 el servicio - Informe Litoral\",\"isPartOf\":{\"@id\":\"https:\\\/\\\/informelitoral.com.ar\\\/#website\"},\"primaryImageOfPage\":{\"@id\":\"https:\\\/\\\/informelitoral.com.ar\\\/se-levanto-el-paro-de-micros-recien-al-mediodia-se-normalizara-el-servicio\\\/#primaryimage\"},\"image\":{\"@id\":\"https:\\\/\\\/informelitoral.com.ar\\\/se-levanto-el-paro-de-micros-recien-al-mediodia-se-normalizara-el-servicio\\\/#primaryimage\"},\"thumbnailUrl\":\"http:\\\/\\\/www.infobae.com\\\/adjuntos\\\/jpg\\\/2013\\\/05\\\/600x0_659830.jpg\",\"datePublished\":\"2013-05-07T10:12:18+00:00\",\"breadcrumb\":{\"@id\":\"https:\\\/\\\/informelitoral.com.ar\\\/se-levanto-el-paro-de-micros-recien-al-mediodia-se-normalizara-el-servicio\\\/#breadcrumb\"},\"inLanguage\":\"es\",\"potentialAction\":[{\"@type\":\"ReadAction\",\"target\":[\"https:\\\/\\\/informelitoral.com.ar\\\/se-levanto-el-paro-de-micros-recien-al-mediodia-se-normalizara-el-servicio\\\/\"]}]},{\"@type\":\"ImageObject\",\"inLanguage\":\"es\",\"@id\":\"https:\\\/\\\/informelitoral.com.ar\\\/se-levanto-el-paro-de-micros-recien-al-mediodia-se-normalizara-el-servicio\\\/#primaryimage\",\"url\":\"http:\\\/\\\/www.infobae.com\\\/adjuntos\\\/jpg\\\/2013\\\/05\\\/600x0_659830.jpg\",\"contentUrl\":\"http:\\\/\\\/www.infobae.com\\\/adjuntos\\\/jpg\\\/2013\\\/05\\\/600x0_659830.jpg\"},{\"@type\":\"BreadcrumbList\",\"@id\":\"https:\\\/\\\/informelitoral.com.ar\\\/se-levanto-el-paro-de-micros-recien-al-mediodia-se-normalizara-el-servicio\\\/#breadcrumb\",\"itemListElement\":[{\"@type\":\"ListItem\",\"position\":1,\"name\":\"Portada\",\"item\":\"https:\\\/\\\/informelitoral.com.ar\\\/\"},{\"@type\":\"ListItem\",\"position\":2,\"name\":\"Se levant\u00f3 el paro de micros: reci\u00e9n al mediod\u00eda se normalizar\u00e1 el servicio\"}]},{\"@type\":\"WebSite\",\"@id\":\"https:\\\/\\\/informelitoral.com.ar\\\/#website\",\"url\":\"https:\\\/\\\/informelitoral.com.ar\\\/\",\"name\":\"Informe Litoral\",\"description\":\"&quot;Nos informamos&quot; \",\"publisher\":{\"@id\":\"https:\\\/\\\/informelitoral.com.ar\\\/#organization\"},\"potentialAction\":[{\"@type\":\"SearchAction\",\"target\":{\"@type\":\"EntryPoint\",\"urlTemplate\":\"https:\\\/\\\/informelitoral.com.ar\\\/?s={search_term_string}\"},\"query-input\":{\"@type\":\"PropertyValueSpecification\",\"valueRequired\":true,\"valueName\":\"search_term_string\"}}],\"inLanguage\":\"es\"},{\"@type\":\"Organization\",\"@id\":\"https:\\\/\\\/informelitoral.com.ar\\\/#organization\",\"name\":\"Informe Litoral\",\"url\":\"https:\\\/\\\/informelitoral.com.ar\\\/\",\"logo\":{\"@type\":\"ImageObject\",\"inLanguage\":\"es\",\"@id\":\"https:\\\/\\\/informelitoral.com.ar\\\/#\\\/schema\\\/logo\\\/image\\\/\",\"url\":\"https:\\\/\\\/informelitoral.com.ar\\\/%77%70%2d%63%6f%6e%74%65%6e%74\\\/uploads\\\/2021\\\/01\\\/circulo.png\",\"contentUrl\":\"https:\\\/\\\/informelitoral.com.ar\\\/%77%70%2d%63%6f%6e%74%65%6e%74\\\/uploads\\\/2021\\\/01\\\/circulo.png\",\"width\":723,\"height\":731,\"caption\":\"Informe Litoral\"},\"image\":{\"@id\":\"https:\\\/\\\/informelitoral.com.ar\\\/#\\\/schema\\\/logo\\\/image\\\/\"},\"sameAs\":[\"https:\\\/\\\/www.facebook.com\\\/informelitoral\\\/\",\"https:\\\/\\\/x.com\\\/InformeLitoral\",\"https:\\\/\\\/www.instagram.com\\\/informelitoral\\\/\",\"https:\\\/\\\/www.youtube.com\\\/channel\\\/UCua4Qvz8Icb6MYqhoq9xLXw\"]},{\"@type\":\"Person\",\"@id\":\"https:\\\/\\\/informelitoral.com.ar\\\/#\\\/schema\\\/person\\\/b9d00407c836482871ef1d57bf8e3180\",\"name\":\"Gonzalo Schmidt\",\"image\":{\"@type\":\"ImageObject\",\"inLanguage\":\"es\",\"@id\":\"https:\\\/\\\/secure.gravatar.com\\\/avatar\\\/31a1a7b66ff2de83bd0e9fd79d026630d2d99e55e8bfe501287647b4fd9743de?s=96&d=mm&r=g\",\"url\":\"https:\\\/\\\/secure.gravatar.com\\\/avatar\\\/31a1a7b66ff2de83bd0e9fd79d026630d2d99e55e8bfe501287647b4fd9743de?s=96&d=mm&r=g\",\"contentUrl\":\"https:\\\/\\\/secure.gravatar.com\\\/avatar\\\/31a1a7b66ff2de83bd0e9fd79d026630d2d99e55e8bfe501287647b4fd9743de?s=96&d=mm&r=g\",\"caption\":\"Gonzalo Schmidt\"},\"description\":\"Sitio web de noticias de la provincia de Entre R\u00edos, Argentina. Informaci\u00f3n y entretenimiento. Informe Litoral, nos informamos.\",\"sameAs\":[\"http:\\\/\\\/www.isletasnoticias.com.ar\"],\"url\":\"https:\\\/\\\/informelitoral.com.ar\\\/author\\\/gonzalo\\\/\"}]}<\/script>","yoast_head_json":{"title":"Se levant\u00f3 el paro de micros: reci\u00e9n al mediod\u00eda se normalizar\u00e1 el servicio - Informe Litoral","robots":{"index":"index","follow":"follow","max-snippet":"max-snippet:-1","max-image-preview":"max-image-preview:large","max-video-preview":"max-video-preview:-1"},"canonical":"https:\/\/informelitoral.com.ar\/se-levanto-el-paro-de-micros-recien-al-mediodia-se-normalizara-el-servicio\/","og_locale":"es_ES","og_type":"article","og_title":"Se levant\u00f3 el paro de micros: reci\u00e9n al mediod\u00eda se normalizar\u00e1 el servicio - Informe Litoral","og_description":"Tras una reuni&oacute;n convocada a &uacute;ltima hora de ayer, finalmente la UTA&nbsp;acat&oacute;&nbsp;la&nbsp;conciliaci&oacute;n obligatoria&nbsp;dispuesta&nbsp;por la cartera laboral&nbsp;que&nbsp;medi&oacute; para destrabar el conflicto.&nbsp;A las 5, parti&oacute; el primer &oacute;mnibus de Retiro. La UTA acept&oacute; minutos antes de la medianoche la conciliaci&oacute;n obligatoria dispuesta por el Ministerio de Trabajo y, en consecuencia, resolvi&oacute; levantar el paro en el servicio [&hellip;]","og_url":"https:\/\/informelitoral.com.ar\/se-levanto-el-paro-de-micros-recien-al-mediodia-se-normalizara-el-servicio\/","og_site_name":"Informe Litoral","article_publisher":"https:\/\/www.facebook.com\/informelitoral\/","article_published_time":"2013-05-07T10:12:18+00:00","og_image":[{"url":"http:\/\/www.infobae.com\/adjuntos\/jpg\/2013\/05\/600x0_659830.jpg","type":"","width":"","height":""}],"author":"Gonzalo Schmidt","twitter_card":"summary_large_image","twitter_creator":"@InformeLitoral","twitter_site":"@InformeLitoral","twitter_misc":{"Escrito por":"Gonzalo Schmidt","Tiempo de lectura":"2 minutos"},"schema":{"@context":"https:\/\/schema.org","@graph":[{"@type":"Article","@id":"https:\/\/informelitoral.com.ar\/se-levanto-el-paro-de-micros-recien-al-mediodia-se-normalizara-el-servicio\/#article","isPartOf":{"@id":"https:\/\/informelitoral.com.ar\/se-levanto-el-paro-de-micros-recien-al-mediodia-se-normalizara-el-servicio\/"},"author":{"name":"Gonzalo Schmidt","@id":"https:\/\/informelitoral.com.ar\/#\/schema\/person\/b9d00407c836482871ef1d57bf8e3180"},"headline":"Se levant\u00f3 el paro de micros: reci\u00e9n al mediod\u00eda se normalizar\u00e1 el servicio","datePublished":"2013-05-07T10:12:18+00:00","mainEntityOfPage":{"@id":"https:\/\/informelitoral.com.ar\/se-levanto-el-paro-de-micros-recien-al-mediodia-se-normalizara-el-servicio\/"},"wordCount":475,"commentCount":0,"publisher":{"@id":"https:\/\/informelitoral.com.ar\/#organization"},"image":{"@id":"https:\/\/informelitoral.com.ar\/se-levanto-el-paro-de-micros-recien-al-mediodia-se-normalizara-el-servicio\/#primaryimage"},"thumbnailUrl":"http:\/\/www.infobae.com\/adjuntos\/jpg\/2013\/05\/600x0_659830.jpg","articleSection":["Nacionales"],"inLanguage":"es","potentialAction":[{"@type":"CommentAction","name":"Comment","target":["https:\/\/informelitoral.com.ar\/se-levanto-el-paro-de-micros-recien-al-mediodia-se-normalizara-el-servicio\/#respond"]}]},{"@type":"WebPage","@id":"https:\/\/informelitoral.com.ar\/se-levanto-el-paro-de-micros-recien-al-mediodia-se-normalizara-el-servicio\/","url":"https:\/\/informelitoral.com.ar\/se-levanto-el-paro-de-micros-recien-al-mediodia-se-normalizara-el-servicio\/","name":"Se levant\u00f3 el paro de micros: reci\u00e9n al mediod\u00eda se normalizar\u00e1 el servicio - Informe Litoral","isPartOf":{"@id":"https:\/\/informelitoral.com.ar\/#website"},"primaryImageOfPage":{"@id":"https:\/\/informelitoral.com.ar\/se-levanto-el-paro-de-micros-recien-al-mediodia-se-normalizara-el-servicio\/#primaryimage"},"image":{"@id":"https:\/\/informelitoral.com.ar\/se-levanto-el-paro-de-micros-recien-al-mediodia-se-normalizara-el-servicio\/#primaryimage"},"thumbnailUrl":"http:\/\/www.infobae.com\/adjuntos\/jpg\/2013\/05\/600x0_659830.jpg","datePublished":"2013-05-07T10:12:18+00:00","breadcrumb":{"@id":"https:\/\/informelitoral.com.ar\/se-levanto-el-paro-de-micros-recien-al-mediodia-se-normalizara-el-servicio\/#breadcrumb"},"inLanguage":"es","potentialAction":[{"@type":"ReadAction","target":["https:\/\/informelitoral.com.ar\/se-levanto-el-paro-de-micros-recien-al-mediodia-se-normalizara-el-servicio\/"]}]},{"@type":"ImageObject","inLanguage":"es","@id":"https:\/\/informelitoral.com.ar\/se-levanto-el-paro-de-micros-recien-al-mediodia-se-normalizara-el-servicio\/#primaryimage","url":"http:\/\/www.infobae.com\/adjuntos\/jpg\/2013\/05\/600x0_659830.jpg","contentUrl":"http:\/\/www.infobae.com\/adjuntos\/jpg\/2013\/05\/600x0_659830.jpg"},{"@type":"BreadcrumbList","@id":"https:\/\/informelitoral.com.ar\/se-levanto-el-paro-de-micros-recien-al-mediodia-se-normalizara-el-servicio\/#breadcrumb","itemListElement":[{"@type":"ListItem","position":1,"name":"Portada","item":"https:\/\/informelitoral.com.ar\/"},{"@type":"ListItem","position":2,"name":"Se levant\u00f3 el paro de micros: reci\u00e9n al mediod\u00eda se normalizar\u00e1 el servicio"}]},{"@type":"WebSite","@id":"https:\/\/informelitoral.com.ar\/#website","url":"https:\/\/informelitoral.com.ar\/","name":"Informe Litoral","description":"&quot;Nos informamos&quot; ","publisher":{"@id":"https:\/\/informelitoral.com.ar\/#organization"},"potentialAction":[{"@type":"SearchAction","target":{"@type":"EntryPoint","urlTemplate":"https:\/\/informelitoral.com.ar\/?s={search_term_string}"},"query-input":{"@type":"PropertyValueSpecification","valueRequired":true,"valueName":"search_term_string"}}],"inLanguage":"es"},{"@type":"Organization","@id":"https:\/\/informelitoral.com.ar\/#organization","name":"Informe Litoral","url":"https:\/\/informelitoral.com.ar\/","logo":{"@type":"ImageObject","inLanguage":"es","@id":"https:\/\/informelitoral.com.ar\/#\/schema\/logo\/image\/","url":"https:\/\/informelitoral.com.ar\/%77%70%2d%63%6f%6e%74%65%6e%74\/uploads\/2021\/01\/circulo.png","contentUrl":"https:\/\/informelitoral.com.ar\/%77%70%2d%63%6f%6e%74%65%6e%74\/uploads\/2021\/01\/circulo.png","width":723,"height":731,"caption":"Informe Litoral"},"image":{"@id":"https:\/\/informelitoral.com.ar\/#\/schema\/logo\/image\/"},"sameAs":["https:\/\/www.facebook.com\/informelitoral\/","https:\/\/x.com\/InformeLitoral","https:\/\/www.instagram.com\/informelitoral\/","https:\/\/www.youtube.com\/channel\/UCua4Qvz8Icb6MYqhoq9xLXw"]},{"@type":"Person","@id":"https:\/\/informelitoral.com.ar\/#\/schema\/person\/b9d00407c836482871ef1d57bf8e3180","name":"Gonzalo Schmidt","image":{"@type":"ImageObject","inLanguage":"es","@id":"https:\/\/secure.gravatar.com\/avatar\/31a1a7b66ff2de83bd0e9fd79d026630d2d99e55e8bfe501287647b4fd9743de?s=96&d=mm&r=g","url":"https:\/\/secure.gravatar.com\/avatar\/31a1a7b66ff2de83bd0e9fd79d026630d2d99e55e8bfe501287647b4fd9743de?s=96&d=mm&r=g","contentUrl":"https:\/\/secure.gravatar.com\/avatar\/31a1a7b66ff2de83bd0e9fd79d026630d2d99e55e8bfe501287647b4fd9743de?s=96&d=mm&r=g","caption":"Gonzalo Schmidt"},"description":"Sitio web de noticias de la provincia de Entre R\u00edos, Argentina. Informaci\u00f3n y entretenimiento. Informe Litoral, nos informamos.","sameAs":["http:\/\/www.isletasnoticias.com.ar"],"url":"https:\/\/informelitoral.com.ar\/author\/gonzalo\/"}]}},"_links":{"self":[{"href":"https:\/\/informelitoral.com.ar\/%77%70%2d%6a%73%6f%6e\/wp\/v2\/posts\/1595","targetHints":{"allow":["GET"]}}],"collection":[{"href":"https:\/\/informelitoral.com.ar\/%77%70%2d%6a%73%6f%6e\/wp\/v2\/posts"}],"about":[{"href":"https:\/\/informelitoral.com.ar\/%77%70%2d%6a%73%6f%6e\/wp\/v2\/types\/post"}],"author":[{"embeddable":true,"href":"https:\/\/informelitoral.com.ar\/%77%70%2d%6a%73%6f%6e\/wp\/v2\/users\/2"}],"replies":[{"embeddable":true,"href":"https:\/\/informelitoral.com.ar\/%77%70%2d%6a%73%6f%6e\/wp\/v2\/comments?post=1595"}],"version-history":[{"count":0,"href":"https:\/\/informelitoral.com.ar\/%77%70%2d%6a%73%6f%6e\/wp\/v2\/posts\/1595\/revisions"}],"wp:attachment":[{"href":"https:\/\/informelitoral.com.ar\/%77%70%2d%6a%73%6f%6e\/wp\/v2\/media?parent=1595"}],"wp:term":[{"taxonomy":"category","embeddable":true,"href":"https:\/\/informelitoral.com.ar\/%77%70%2d%6a%73%6f%6e\/wp\/v2\/categories?post=1595"},{"taxonomy":"post_tag","embeddable":true,"href":"https:\/\/informelitoral.com.ar\/%77%70%2d%6a%73%6f%6e\/wp\/v2\/tags?post=1595"}],"curies":[{"name":"wp","href":"https:\/\/api.w.org\/{rel}","templated":true}]}}