{"id":158988,"date":"2023-07-25T07:32:13","date_gmt":"2023-07-25T10:32:13","guid":{"rendered":"https:\/\/www.informelitoral.com.ar\/?p=158988"},"modified":"2023-07-25T07:32:13","modified_gmt":"2023-07-25T10:32:13","slug":"campo-en-accion-celebra-sus-30-anos","status":"publish","type":"post","link":"https:\/\/informelitoral.com.ar\/campo-en-accion-celebra-sus-30-anos\/","title":{"rendered":"Campo en Acci\u00f3n celebra sus 30 a\u00f1os"},"content":{"rendered":"<p>Este martes el programa radial y televisivo Campo en Acci\u00f3n cumple 30 a\u00f1os. En ese marco, desde el sitio oficial del programa hicieron una reflexi\u00f3n sobre los primeros pasos y el transcurrir a lo largo de tres d\u00e9cadas.<\/p>\n<figure id=\"attachment_158994\" aria-describedby=\"caption-attachment-158994\" style=\"width: 1032px\" class=\"wp-caption aligncenter\"><a href=\"https:\/\/www.informelitoral.com.ar\/%77%70%2d%63%6f%6e%74%65%6e%74\/uploads\/2023\/07\/f_1690243710.jpg\"><img loading=\"lazy\" decoding=\"async\" class=\"wp-image-158994 size-full\" src=\"https:\/\/www.informelitoral.com.ar\/%77%70%2d%63%6f%6e%74%65%6e%74\/uploads\/2023\/07\/f_1690243710.jpg\" alt=\"\" width=\"1032\" height=\"688\" srcset=\"https:\/\/informelitoral.com.ar\/%77%70%2d%63%6f%6e%74%65%6e%74\/uploads\/2023\/07\/f_1690243710.jpg 1032w, https:\/\/informelitoral.com.ar\/%77%70%2d%63%6f%6e%74%65%6e%74\/uploads\/2023\/07\/f_1690243710-300x200.jpg 300w, https:\/\/informelitoral.com.ar\/%77%70%2d%63%6f%6e%74%65%6e%74\/uploads\/2023\/07\/f_1690243710-1024x683.jpg 1024w, https:\/\/informelitoral.com.ar\/%77%70%2d%63%6f%6e%74%65%6e%74\/uploads\/2023\/07\/f_1690243710-768x512.jpg 768w, https:\/\/informelitoral.com.ar\/%77%70%2d%63%6f%6e%74%65%6e%74\/uploads\/2023\/07\/f_1690243710-696x464.jpg 696w, https:\/\/informelitoral.com.ar\/%77%70%2d%63%6f%6e%74%65%6e%74\/uploads\/2023\/07\/f_1690243710-630x420.jpg 630w\" sizes=\"auto, (max-width: 1032px) 100vw, 1032px\" \/><\/a><figcaption id=\"caption-attachment-158994\" class=\"wp-caption-text\">Uno de los primeros veh\u00edculos con el que recorr\u00edan la provincia.<\/figcaption><\/figure>\n<h4><strong>Las palabras del equipo de Campo en Acci\u00f3n por sus 30 a\u00f1os<\/strong><\/h4>\n<p>\u00abY nos tomaremos la licencia de expresar, como casi nunca sucede, -y por un ratito-, cuestiones auto referenciales. Nos saldremos del estilo, por expresarlo de alguna manera. Ocuparemos unas pocas l\u00edneas y espacios en nuestras redes sociales y emisiones radiales y televisivas para celebrarnos. No refleja el estilo de este equipo, pero nos lo merecemos. Es mucho tiempo juntos, porfiando en construir la empresa propia que nos permita tener un trabajo digno al dedicarla a informar cosas del campo, pero en particular de sus hacedores, los productores.<\/p>\n<p>La fecha, 25 de julio, refiere a la primera emisi\u00f3n del programa de televisi\u00f3n y fue por la pantalla de Canal Once de Paran\u00e1, que daba sus primeros pasos.<\/p>\n<p>Rub\u00e9n Wagner, los mellizos Miguel y Emilio Ruberto; Javier Ruberto; Daniel Aguilar; los hermanos Eric y Axel Guaglianone Ott; y Carlos \u201cEl Toto\u201d Damonte hac\u00edamos lo necesario, -literalmente-, para que el canal pase al frente.<\/p>\n<p><a href=\"https:\/\/www.informelitoral.com.ar\/%77%70%2d%63%6f%6e%74%65%6e%74\/uploads\/2023\/07\/f_1690243719.jpg\"><img loading=\"lazy\" decoding=\"async\" class=\"aligncenter wp-image-158995 size-full\" src=\"https:\/\/www.informelitoral.com.ar\/%77%70%2d%63%6f%6e%74%65%6e%74\/uploads\/2023\/07\/f_1690243719.jpg\" alt=\"\" width=\"1032\" height=\"688\" srcset=\"https:\/\/informelitoral.com.ar\/%77%70%2d%63%6f%6e%74%65%6e%74\/uploads\/2023\/07\/f_1690243719.jpg 1032w, https:\/\/informelitoral.com.ar\/%77%70%2d%63%6f%6e%74%65%6e%74\/uploads\/2023\/07\/f_1690243719-300x200.jpg 300w, https:\/\/informelitoral.com.ar\/%77%70%2d%63%6f%6e%74%65%6e%74\/uploads\/2023\/07\/f_1690243719-1024x683.jpg 1024w, https:\/\/informelitoral.com.ar\/%77%70%2d%63%6f%6e%74%65%6e%74\/uploads\/2023\/07\/f_1690243719-768x512.jpg 768w, https:\/\/informelitoral.com.ar\/%77%70%2d%63%6f%6e%74%65%6e%74\/uploads\/2023\/07\/f_1690243719-696x464.jpg 696w, https:\/\/informelitoral.com.ar\/%77%70%2d%63%6f%6e%74%65%6e%74\/uploads\/2023\/07\/f_1690243719-630x420.jpg 630w\" sizes=\"auto, (max-width: 1032px) 100vw, 1032px\" \/><\/a><\/p>\n<p>En eso est\u00e1bamos cuando comenzamos a dar noticias del agro. Lo hicimos con pocos medios y muchas ganas. Transitar rutas y caminos de Entre R\u00edos fue la misi\u00f3n primera y a\u00fan lo es. Aquella formaci\u00f3n inicial rot\u00f3, se fueron algunos y llegaron otros, entre ellos Cecilia Goyeneche, Luis Meza, Juan Fontana, Julio Vuoto; y el siempre bien estimado Tom\u00e1s Ojeda. Fuimos creciendo y como dato distintivo, en el proceso nos integramos a la pantalla nacional de Canal Rural, lo que permiti\u00f3 poner las cosas del agro entrerriano en la consideraci\u00f3n de todas las provincias argentinas. \u00a1Casi nada!<\/p>\n<p>Desde el primer momento entendimos que el clima no era solo socio de los productores; tambi\u00e9n de aquellos que intentan reflejar a un sector inmenso por su diversidad, por su extensi\u00f3n, por su gente. Y asumimos el compromiso.<\/p>\n<p><a href=\"https:\/\/www.informelitoral.com.ar\/%77%70%2d%63%6f%6e%74%65%6e%74\/uploads\/2023\/07\/f_1690243721.jpg\"><img loading=\"lazy\" decoding=\"async\" class=\"aligncenter wp-image-158996 size-full\" src=\"https:\/\/www.informelitoral.com.ar\/%77%70%2d%63%6f%6e%74%65%6e%74\/uploads\/2023\/07\/f_1690243721.jpg\" alt=\"\" width=\"1032\" height=\"688\" srcset=\"https:\/\/informelitoral.com.ar\/%77%70%2d%63%6f%6e%74%65%6e%74\/uploads\/2023\/07\/f_1690243721.jpg 1032w, https:\/\/informelitoral.com.ar\/%77%70%2d%63%6f%6e%74%65%6e%74\/uploads\/2023\/07\/f_1690243721-300x200.jpg 300w, https:\/\/informelitoral.com.ar\/%77%70%2d%63%6f%6e%74%65%6e%74\/uploads\/2023\/07\/f_1690243721-1024x683.jpg 1024w, https:\/\/informelitoral.com.ar\/%77%70%2d%63%6f%6e%74%65%6e%74\/uploads\/2023\/07\/f_1690243721-768x512.jpg 768w, https:\/\/informelitoral.com.ar\/%77%70%2d%63%6f%6e%74%65%6e%74\/uploads\/2023\/07\/f_1690243721-696x464.jpg 696w, https:\/\/informelitoral.com.ar\/%77%70%2d%63%6f%6e%74%65%6e%74\/uploads\/2023\/07\/f_1690243721-630x420.jpg 630w\" sizes=\"auto, (max-width: 1032px) 100vw, 1032px\" \/><\/a><\/p>\n<p>El programa fue creciendo y se consolid\u00f3 como un cl\u00e1sico. Las recorridas cada vez se hicieron m\u00e1s largas. Parece mentira, pero producir 30 minutos semanales de televisi\u00f3n, significan miles de kil\u00f3metros mensuales, para registrar en im\u00e1genes los testimonios de aquellos que trabajan y producen en cada rinc\u00f3n de nuestro campo.<\/p>\n<p>En 30 a\u00f1os aprendimos de rotaciones, ganader\u00eda, trigo, soja y ma\u00edz, tambi\u00e9n sorgo, colza, arvejas y arroz. Por nuestra pantalla pasan el citrus, los ar\u00e1ndanos, las nueces de pecan y las arom\u00e1ticas\u2026 y tantas otras. Son 18 las cadenas de valor de la provincia y todas tienen su lugar en el programa.<\/p>\n<p>Pero fundamentalmente aprendimos de nuestra gente; de aquellos que preservan la cultura del esfuerzo y el trabajo, del respeto. Son ellos los principales destinatarios de este mensaje.<\/p>\n<p>Han pasado 30 a\u00f1os, y cada d\u00eda aprendemos un poco m\u00e1s sobre el sector agroalimentario argentino. Lo hacemos porque es nuestro trabajo, lo disfrutamos porque aprendemos, conocemos y fundamentalmente lo compartimos con todos nuestros televidentes.<\/p>\n<p>En el crecimiento con desarrollo, a la tele se le fueron sumando otros formatos de comunicaci\u00f3n como la radio, -desde hace dos d\u00e9cadas estamos cada ma\u00f1ana de lunes a viernes por Radio Nacional LT 14-; el sitio web que es como el hijo deseado del m\u00edtico suplemento gr\u00e1fico que sali\u00f3 cada s\u00e1bado desde 1997 y hasta 2003; y ahora en todas las redes sociales habidas y por haber bajo la gesti\u00f3n de Fiorella Caballero.<\/p>\n<p><a href=\"https:\/\/www.informelitoral.com.ar\/%77%70%2d%63%6f%6e%74%65%6e%74\/uploads\/2023\/07\/f_1690244258.png\"><img loading=\"lazy\" decoding=\"async\" class=\"aligncenter wp-image-158997 size-full\" src=\"https:\/\/www.informelitoral.com.ar\/%77%70%2d%63%6f%6e%74%65%6e%74\/uploads\/2023\/07\/f_1690244258.png\" alt=\"\" width=\"1032\" height=\"688\" srcset=\"https:\/\/informelitoral.com.ar\/%77%70%2d%63%6f%6e%74%65%6e%74\/uploads\/2023\/07\/f_1690244258.png 1032w, https:\/\/informelitoral.com.ar\/%77%70%2d%63%6f%6e%74%65%6e%74\/uploads\/2023\/07\/f_1690244258-300x200.png 300w, https:\/\/informelitoral.com.ar\/%77%70%2d%63%6f%6e%74%65%6e%74\/uploads\/2023\/07\/f_1690244258-1024x683.png 1024w, https:\/\/informelitoral.com.ar\/%77%70%2d%63%6f%6e%74%65%6e%74\/uploads\/2023\/07\/f_1690244258-768x512.png 768w, https:\/\/informelitoral.com.ar\/%77%70%2d%63%6f%6e%74%65%6e%74\/uploads\/2023\/07\/f_1690244258-696x464.png 696w, https:\/\/informelitoral.com.ar\/%77%70%2d%63%6f%6e%74%65%6e%74\/uploads\/2023\/07\/f_1690244258-630x420.png 630w\" sizes=\"auto, (max-width: 1032px) 100vw, 1032px\" \/><\/a><\/p>\n<p>Campo en Acci\u00f3n acompa\u00f1\u00f3 al sector en \u00e9pocas de bonanza y tambi\u00e9n en las conflictivas.<\/p>\n<p>Cumplir 30 a\u00f1os tambi\u00e9n es m\u00e9rito de las empresas e instituciones que siempre apoyaron este emprendimiento, algunas de ellas desde los inicios.<\/p>\n<p>Obtuvimos algunos reconocimientos, que tambi\u00e9n nos alimentan y reconfortan; una caricia para el alma de este equipo. Sin embargo, el capital m\u00e1s importante que tenemos es la confianza de quienes nos miran, aportan temas, debaten, confrontan e interpelan.<\/p>\n<p>A todos, gracias por acompa\u00f1arnos ahora, como en nuestro primer d\u00eda; y haber hecho de Campo en Acci\u00f3n una referencia de la ruralidad en general y la entrerrian\u00eda en particular\u00bb.<\/p>\n","protected":false},"excerpt":{"rendered":"<p>El programa televisivo y radial cumple tres d\u00e9cadas este martes 25 de julio. Un repaso por la historia del ciclo que acompa\u00f1\u00f3 al sector en \u00e9pocas de bonanza y de conflicto. <\/p>\n","protected":false},"author":2,"featured_media":158993,"comment_status":"open","ping_status":"open","sticky":false,"template":"","format":"standard","meta":{"fifu_image_url":"","fifu_image_alt":"","footnotes":""},"categories":[12],"tags":[572,185,1669,18,357],"class_list":{"0":"post-158988","1":"post","2":"type-post","3":"status-publish","4":"format-standard","5":"has-post-thumbnail","7":"category-espectaculos","8":"tag-campo-en-accion","9":"tag-medios","10":"tag-medios-de-comunicacion","11":"tag-radio","12":"tag-television"},"yoast_head":"<title>Campo en Acci\u00f3n celebra sus 30 a\u00f1os - Informe Litoral<\/title>\n<meta name=\"robots\" content=\"index, follow, max-snippet:-1, max-image-preview:large, max-video-preview:-1\" \/>\n<link rel=\"canonical\" href=\"https:\/\/informelitoral.com.ar\/campo-en-accion-celebra-sus-30-anos\/\" \/>\n<meta property=\"og:locale\" content=\"es_ES\" \/>\n<meta property=\"og:type\" content=\"article\" \/>\n<meta property=\"og:title\" content=\"Campo en Acci\u00f3n celebra sus 30 a\u00f1os - Informe Litoral\" \/>\n<meta property=\"og:description\" content=\"El programa televisivo y radial cumple tres d\u00e9cadas este martes 25 de julio. Un repaso por la historia del ciclo que acompa\u00f1\u00f3 al sector en \u00e9pocas de bonanza y de conflicto.\" \/>\n<meta property=\"og:url\" content=\"https:\/\/informelitoral.com.ar\/campo-en-accion-celebra-sus-30-anos\/\" \/>\n<meta property=\"og:site_name\" content=\"Informe Litoral\" \/>\n<meta property=\"article:publisher\" content=\"https:\/\/www.facebook.com\/informelitoral\/\" \/>\n<meta property=\"article:published_time\" content=\"2023-07-25T10:32:13+00:00\" \/>\n<meta property=\"og:image\" content=\"https:\/\/informelitoral.com.ar\/%77%70%2d%63%6f%6e%74%65%6e%74\/uploads\/2023\/07\/campo-en-accion.jpeg\" \/>\n\t<meta property=\"og:image:width\" content=\"1032\" \/>\n\t<meta property=\"og:image:height\" content=\"688\" \/>\n\t<meta property=\"og:image:type\" content=\"image\/jpeg\" \/>\n<meta name=\"author\" content=\"Gonzalo Schmidt\" \/>\n<meta name=\"twitter:card\" content=\"summary_large_image\" \/>\n<meta name=\"twitter:creator\" content=\"@InformeLitoral\" \/>\n<meta name=\"twitter:site\" content=\"@InformeLitoral\" \/>\n<meta name=\"twitter:label1\" content=\"Escrito por\" \/>\n\t<meta name=\"twitter:data1\" content=\"Gonzalo Schmidt\" \/>\n\t<meta name=\"twitter:label2\" content=\"Tiempo de lectura\" \/>\n\t<meta name=\"twitter:data2\" content=\"4 minutos\" \/>\n<script type=\"application\/ld+json\" class=\"yoast-schema-graph\">{\"@context\":\"https:\\\/\\\/schema.org\",\"@graph\":[{\"@type\":\"Article\",\"@id\":\"https:\\\/\\\/informelitoral.com.ar\\\/campo-en-accion-celebra-sus-30-anos\\\/#article\",\"isPartOf\":{\"@id\":\"https:\\\/\\\/informelitoral.com.ar\\\/campo-en-accion-celebra-sus-30-anos\\\/\"},\"author\":{\"name\":\"Gonzalo Schmidt\",\"@id\":\"https:\\\/\\\/informelitoral.com.ar\\\/#\\\/schema\\\/person\\\/b9d00407c836482871ef1d57bf8e3180\"},\"headline\":\"Campo en Acci\u00f3n celebra sus 30 a\u00f1os\",\"datePublished\":\"2023-07-25T10:32:13+00:00\",\"mainEntityOfPage\":{\"@id\":\"https:\\\/\\\/informelitoral.com.ar\\\/campo-en-accion-celebra-sus-30-anos\\\/\"},\"wordCount\":750,\"commentCount\":0,\"publisher\":{\"@id\":\"https:\\\/\\\/informelitoral.com.ar\\\/#organization\"},\"image\":{\"@id\":\"https:\\\/\\\/informelitoral.com.ar\\\/campo-en-accion-celebra-sus-30-anos\\\/#primaryimage\"},\"thumbnailUrl\":\"https:\\\/\\\/informelitoral.com.ar\\\/%77%70%2d%63%6f%6e%74%65%6e%74\\\/uploads\\\/2023\\\/07\\\/campo-en-accion.jpeg\",\"keywords\":[\"Campo en Acci\u00f3n\",\"Medios\",\"Medios de Comunicaci\u00f3n\",\"Radio\",\"Televisi\u00f3n\"],\"articleSection\":[\"Espect\u00e1culos\"],\"inLanguage\":\"es\",\"potentialAction\":[{\"@type\":\"CommentAction\",\"name\":\"Comment\",\"target\":[\"https:\\\/\\\/informelitoral.com.ar\\\/campo-en-accion-celebra-sus-30-anos\\\/#respond\"]}]},{\"@type\":\"WebPage\",\"@id\":\"https:\\\/\\\/informelitoral.com.ar\\\/campo-en-accion-celebra-sus-30-anos\\\/\",\"url\":\"https:\\\/\\\/informelitoral.com.ar\\\/campo-en-accion-celebra-sus-30-anos\\\/\",\"name\":\"Campo en Acci\u00f3n celebra sus 30 a\u00f1os - Informe Litoral\",\"isPartOf\":{\"@id\":\"https:\\\/\\\/informelitoral.com.ar\\\/#website\"},\"primaryImageOfPage\":{\"@id\":\"https:\\\/\\\/informelitoral.com.ar\\\/campo-en-accion-celebra-sus-30-anos\\\/#primaryimage\"},\"image\":{\"@id\":\"https:\\\/\\\/informelitoral.com.ar\\\/campo-en-accion-celebra-sus-30-anos\\\/#primaryimage\"},\"thumbnailUrl\":\"https:\\\/\\\/informelitoral.com.ar\\\/%77%70%2d%63%6f%6e%74%65%6e%74\\\/uploads\\\/2023\\\/07\\\/campo-en-accion.jpeg\",\"datePublished\":\"2023-07-25T10:32:13+00:00\",\"breadcrumb\":{\"@id\":\"https:\\\/\\\/informelitoral.com.ar\\\/campo-en-accion-celebra-sus-30-anos\\\/#breadcrumb\"},\"inLanguage\":\"es\",\"potentialAction\":[{\"@type\":\"ReadAction\",\"target\":[\"https:\\\/\\\/informelitoral.com.ar\\\/campo-en-accion-celebra-sus-30-anos\\\/\"]}]},{\"@type\":\"ImageObject\",\"inLanguage\":\"es\",\"@id\":\"https:\\\/\\\/informelitoral.com.ar\\\/campo-en-accion-celebra-sus-30-anos\\\/#primaryimage\",\"url\":\"https:\\\/\\\/informelitoral.com.ar\\\/%77%70%2d%63%6f%6e%74%65%6e%74\\\/uploads\\\/2023\\\/07\\\/campo-en-accion.jpeg\",\"contentUrl\":\"https:\\\/\\\/informelitoral.com.ar\\\/%77%70%2d%63%6f%6e%74%65%6e%74\\\/uploads\\\/2023\\\/07\\\/campo-en-accion.jpeg\",\"width\":1032,\"height\":688},{\"@type\":\"BreadcrumbList\",\"@id\":\"https:\\\/\\\/informelitoral.com.ar\\\/campo-en-accion-celebra-sus-30-anos\\\/#breadcrumb\",\"itemListElement\":[{\"@type\":\"ListItem\",\"position\":1,\"name\":\"Portada\",\"item\":\"https:\\\/\\\/informelitoral.com.ar\\\/\"},{\"@type\":\"ListItem\",\"position\":2,\"name\":\"Campo en Acci\u00f3n celebra sus 30 a\u00f1os\"}]},{\"@type\":\"WebSite\",\"@id\":\"https:\\\/\\\/informelitoral.com.ar\\\/#website\",\"url\":\"https:\\\/\\\/informelitoral.com.ar\\\/\",\"name\":\"Informe Litoral\",\"description\":\"&quot;Nos informamos&quot; \",\"publisher\":{\"@id\":\"https:\\\/\\\/informelitoral.com.ar\\\/#organization\"},\"potentialAction\":[{\"@type\":\"SearchAction\",\"target\":{\"@type\":\"EntryPoint\",\"urlTemplate\":\"https:\\\/\\\/informelitoral.com.ar\\\/?s={search_term_string}\"},\"query-input\":{\"@type\":\"PropertyValueSpecification\",\"valueRequired\":true,\"valueName\":\"search_term_string\"}}],\"inLanguage\":\"es\"},{\"@type\":\"Organization\",\"@id\":\"https:\\\/\\\/informelitoral.com.ar\\\/#organization\",\"name\":\"Informe Litoral\",\"url\":\"https:\\\/\\\/informelitoral.com.ar\\\/\",\"logo\":{\"@type\":\"ImageObject\",\"inLanguage\":\"es\",\"@id\":\"https:\\\/\\\/informelitoral.com.ar\\\/#\\\/schema\\\/logo\\\/image\\\/\",\"url\":\"https:\\\/\\\/informelitoral.com.ar\\\/%77%70%2d%63%6f%6e%74%65%6e%74\\\/uploads\\\/2021\\\/01\\\/circulo.png\",\"contentUrl\":\"https:\\\/\\\/informelitoral.com.ar\\\/%77%70%2d%63%6f%6e%74%65%6e%74\\\/uploads\\\/2021\\\/01\\\/circulo.png\",\"width\":723,\"height\":731,\"caption\":\"Informe Litoral\"},\"image\":{\"@id\":\"https:\\\/\\\/informelitoral.com.ar\\\/#\\\/schema\\\/logo\\\/image\\\/\"},\"sameAs\":[\"https:\\\/\\\/www.facebook.com\\\/informelitoral\\\/\",\"https:\\\/\\\/x.com\\\/InformeLitoral\",\"https:\\\/\\\/www.instagram.com\\\/informelitoral\\\/\",\"https:\\\/\\\/www.youtube.com\\\/channel\\\/UCua4Qvz8Icb6MYqhoq9xLXw\"]},{\"@type\":\"Person\",\"@id\":\"https:\\\/\\\/informelitoral.com.ar\\\/#\\\/schema\\\/person\\\/b9d00407c836482871ef1d57bf8e3180\",\"name\":\"Gonzalo Schmidt\",\"image\":{\"@type\":\"ImageObject\",\"inLanguage\":\"es\",\"@id\":\"https:\\\/\\\/secure.gravatar.com\\\/avatar\\\/31a1a7b66ff2de83bd0e9fd79d026630d2d99e55e8bfe501287647b4fd9743de?s=96&d=mm&r=g\",\"url\":\"https:\\\/\\\/secure.gravatar.com\\\/avatar\\\/31a1a7b66ff2de83bd0e9fd79d026630d2d99e55e8bfe501287647b4fd9743de?s=96&d=mm&r=g\",\"contentUrl\":\"https:\\\/\\\/secure.gravatar.com\\\/avatar\\\/31a1a7b66ff2de83bd0e9fd79d026630d2d99e55e8bfe501287647b4fd9743de?s=96&d=mm&r=g\",\"caption\":\"Gonzalo Schmidt\"},\"description\":\"Sitio web de noticias de la provincia de Entre R\u00edos, Argentina. Informaci\u00f3n y entretenimiento. Informe Litoral, nos informamos.\",\"sameAs\":[\"http:\\\/\\\/www.isletasnoticias.com.ar\"],\"url\":\"https:\\\/\\\/informelitoral.com.ar\\\/author\\\/gonzalo\\\/\"}]}<\/script>","yoast_head_json":{"title":"Campo en Acci\u00f3n celebra sus 30 a\u00f1os - Informe Litoral","robots":{"index":"index","follow":"follow","max-snippet":"max-snippet:-1","max-image-preview":"max-image-preview:large","max-video-preview":"max-video-preview:-1"},"canonical":"https:\/\/informelitoral.com.ar\/campo-en-accion-celebra-sus-30-anos\/","og_locale":"es_ES","og_type":"article","og_title":"Campo en Acci\u00f3n celebra sus 30 a\u00f1os - Informe Litoral","og_description":"El programa televisivo y radial cumple tres d\u00e9cadas este martes 25 de julio. Un repaso por la historia del ciclo que acompa\u00f1\u00f3 al sector en \u00e9pocas de bonanza y de conflicto.","og_url":"https:\/\/informelitoral.com.ar\/campo-en-accion-celebra-sus-30-anos\/","og_site_name":"Informe Litoral","article_publisher":"https:\/\/www.facebook.com\/informelitoral\/","article_published_time":"2023-07-25T10:32:13+00:00","og_image":[{"width":1032,"height":688,"url":"https:\/\/informelitoral.com.ar\/%77%70%2d%63%6f%6e%74%65%6e%74\/uploads\/2023\/07\/campo-en-accion.jpeg","type":"image\/jpeg"}],"author":"Gonzalo Schmidt","twitter_card":"summary_large_image","twitter_creator":"@InformeLitoral","twitter_site":"@InformeLitoral","twitter_misc":{"Escrito por":"Gonzalo Schmidt","Tiempo de lectura":"4 minutos"},"schema":{"@context":"https:\/\/schema.org","@graph":[{"@type":"Article","@id":"https:\/\/informelitoral.com.ar\/campo-en-accion-celebra-sus-30-anos\/#article","isPartOf":{"@id":"https:\/\/informelitoral.com.ar\/campo-en-accion-celebra-sus-30-anos\/"},"author":{"name":"Gonzalo Schmidt","@id":"https:\/\/informelitoral.com.ar\/#\/schema\/person\/b9d00407c836482871ef1d57bf8e3180"},"headline":"Campo en Acci\u00f3n celebra sus 30 a\u00f1os","datePublished":"2023-07-25T10:32:13+00:00","mainEntityOfPage":{"@id":"https:\/\/informelitoral.com.ar\/campo-en-accion-celebra-sus-30-anos\/"},"wordCount":750,"commentCount":0,"publisher":{"@id":"https:\/\/informelitoral.com.ar\/#organization"},"image":{"@id":"https:\/\/informelitoral.com.ar\/campo-en-accion-celebra-sus-30-anos\/#primaryimage"},"thumbnailUrl":"https:\/\/informelitoral.com.ar\/%77%70%2d%63%6f%6e%74%65%6e%74\/uploads\/2023\/07\/campo-en-accion.jpeg","keywords":["Campo en Acci\u00f3n","Medios","Medios de Comunicaci\u00f3n","Radio","Televisi\u00f3n"],"articleSection":["Espect\u00e1culos"],"inLanguage":"es","potentialAction":[{"@type":"CommentAction","name":"Comment","target":["https:\/\/informelitoral.com.ar\/campo-en-accion-celebra-sus-30-anos\/#respond"]}]},{"@type":"WebPage","@id":"https:\/\/informelitoral.com.ar\/campo-en-accion-celebra-sus-30-anos\/","url":"https:\/\/informelitoral.com.ar\/campo-en-accion-celebra-sus-30-anos\/","name":"Campo en Acci\u00f3n celebra sus 30 a\u00f1os - Informe Litoral","isPartOf":{"@id":"https:\/\/informelitoral.com.ar\/#website"},"primaryImageOfPage":{"@id":"https:\/\/informelitoral.com.ar\/campo-en-accion-celebra-sus-30-anos\/#primaryimage"},"image":{"@id":"https:\/\/informelitoral.com.ar\/campo-en-accion-celebra-sus-30-anos\/#primaryimage"},"thumbnailUrl":"https:\/\/informelitoral.com.ar\/%77%70%2d%63%6f%6e%74%65%6e%74\/uploads\/2023\/07\/campo-en-accion.jpeg","datePublished":"2023-07-25T10:32:13+00:00","breadcrumb":{"@id":"https:\/\/informelitoral.com.ar\/campo-en-accion-celebra-sus-30-anos\/#breadcrumb"},"inLanguage":"es","potentialAction":[{"@type":"ReadAction","target":["https:\/\/informelitoral.com.ar\/campo-en-accion-celebra-sus-30-anos\/"]}]},{"@type":"ImageObject","inLanguage":"es","@id":"https:\/\/informelitoral.com.ar\/campo-en-accion-celebra-sus-30-anos\/#primaryimage","url":"https:\/\/informelitoral.com.ar\/%77%70%2d%63%6f%6e%74%65%6e%74\/uploads\/2023\/07\/campo-en-accion.jpeg","contentUrl":"https:\/\/informelitoral.com.ar\/%77%70%2d%63%6f%6e%74%65%6e%74\/uploads\/2023\/07\/campo-en-accion.jpeg","width":1032,"height":688},{"@type":"BreadcrumbList","@id":"https:\/\/informelitoral.com.ar\/campo-en-accion-celebra-sus-30-anos\/#breadcrumb","itemListElement":[{"@type":"ListItem","position":1,"name":"Portada","item":"https:\/\/informelitoral.com.ar\/"},{"@type":"ListItem","position":2,"name":"Campo en Acci\u00f3n celebra sus 30 a\u00f1os"}]},{"@type":"WebSite","@id":"https:\/\/informelitoral.com.ar\/#website","url":"https:\/\/informelitoral.com.ar\/","name":"Informe Litoral","description":"&quot;Nos informamos&quot; ","publisher":{"@id":"https:\/\/informelitoral.com.ar\/#organization"},"potentialAction":[{"@type":"SearchAction","target":{"@type":"EntryPoint","urlTemplate":"https:\/\/informelitoral.com.ar\/?s={search_term_string}"},"query-input":{"@type":"PropertyValueSpecification","valueRequired":true,"valueName":"search_term_string"}}],"inLanguage":"es"},{"@type":"Organization","@id":"https:\/\/informelitoral.com.ar\/#organization","name":"Informe Litoral","url":"https:\/\/informelitoral.com.ar\/","logo":{"@type":"ImageObject","inLanguage":"es","@id":"https:\/\/informelitoral.com.ar\/#\/schema\/logo\/image\/","url":"https:\/\/informelitoral.com.ar\/%77%70%2d%63%6f%6e%74%65%6e%74\/uploads\/2021\/01\/circulo.png","contentUrl":"https:\/\/informelitoral.com.ar\/%77%70%2d%63%6f%6e%74%65%6e%74\/uploads\/2021\/01\/circulo.png","width":723,"height":731,"caption":"Informe Litoral"},"image":{"@id":"https:\/\/informelitoral.com.ar\/#\/schema\/logo\/image\/"},"sameAs":["https:\/\/www.facebook.com\/informelitoral\/","https:\/\/x.com\/InformeLitoral","https:\/\/www.instagram.com\/informelitoral\/","https:\/\/www.youtube.com\/channel\/UCua4Qvz8Icb6MYqhoq9xLXw"]},{"@type":"Person","@id":"https:\/\/informelitoral.com.ar\/#\/schema\/person\/b9d00407c836482871ef1d57bf8e3180","name":"Gonzalo Schmidt","image":{"@type":"ImageObject","inLanguage":"es","@id":"https:\/\/secure.gravatar.com\/avatar\/31a1a7b66ff2de83bd0e9fd79d026630d2d99e55e8bfe501287647b4fd9743de?s=96&d=mm&r=g","url":"https:\/\/secure.gravatar.com\/avatar\/31a1a7b66ff2de83bd0e9fd79d026630d2d99e55e8bfe501287647b4fd9743de?s=96&d=mm&r=g","contentUrl":"https:\/\/secure.gravatar.com\/avatar\/31a1a7b66ff2de83bd0e9fd79d026630d2d99e55e8bfe501287647b4fd9743de?s=96&d=mm&r=g","caption":"Gonzalo Schmidt"},"description":"Sitio web de noticias de la provincia de Entre R\u00edos, Argentina. Informaci\u00f3n y entretenimiento. Informe Litoral, nos informamos.","sameAs":["http:\/\/www.isletasnoticias.com.ar"],"url":"https:\/\/informelitoral.com.ar\/author\/gonzalo\/"}]}},"_links":{"self":[{"href":"https:\/\/informelitoral.com.ar\/%77%70%2d%6a%73%6f%6e\/wp\/v2\/posts\/158988","targetHints":{"allow":["GET"]}}],"collection":[{"href":"https:\/\/informelitoral.com.ar\/%77%70%2d%6a%73%6f%6e\/wp\/v2\/posts"}],"about":[{"href":"https:\/\/informelitoral.com.ar\/%77%70%2d%6a%73%6f%6e\/wp\/v2\/types\/post"}],"author":[{"embeddable":true,"href":"https:\/\/informelitoral.com.ar\/%77%70%2d%6a%73%6f%6e\/wp\/v2\/users\/2"}],"replies":[{"embeddable":true,"href":"https:\/\/informelitoral.com.ar\/%77%70%2d%6a%73%6f%6e\/wp\/v2\/comments?post=158988"}],"version-history":[{"count":0,"href":"https:\/\/informelitoral.com.ar\/%77%70%2d%6a%73%6f%6e\/wp\/v2\/posts\/158988\/revisions"}],"wp:featuredmedia":[{"embeddable":true,"href":"https:\/\/informelitoral.com.ar\/%77%70%2d%6a%73%6f%6e\/wp\/v2\/media\/158993"}],"wp:attachment":[{"href":"https:\/\/informelitoral.com.ar\/%77%70%2d%6a%73%6f%6e\/wp\/v2\/media?parent=158988"}],"wp:term":[{"taxonomy":"category","embeddable":true,"href":"https:\/\/informelitoral.com.ar\/%77%70%2d%6a%73%6f%6e\/wp\/v2\/categories?post=158988"},{"taxonomy":"post_tag","embeddable":true,"href":"https:\/\/informelitoral.com.ar\/%77%70%2d%6a%73%6f%6e\/wp\/v2\/tags?post=158988"}],"curies":[{"name":"wp","href":"https:\/\/api.w.org\/{rel}","templated":true}]}}