{"id":1588,"date":"2013-05-06T17:35:28","date_gmt":"2013-05-06T20:35:28","guid":{"rendered":"http:\/\/www.isletasnoticias.com.ar\/?p=1588"},"modified":"2013-05-06T17:35:28","modified_gmt":"2013-05-06T20:35:28","slug":"ramirez-en-las-proximas-semanas-comenzaria-la-ampliacion-de-la-red-de-gas","status":"publish","type":"post","link":"https:\/\/informelitoral.com.ar\/ramirez-en-las-proximas-semanas-comenzaria-la-ampliacion-de-la-red-de-gas\/","title":{"rendered":"RAM\u00cdREZ: En las pr\u00f3ximas semanas comenzar\u00eda la ampliaci\u00f3n de la red de gas"},"content":{"rendered":"<p><strong>\u00a0Lo inform\u00f3 el intendente de Ram\u00edrez <em>Edelmiro Kramer<\/em>. La ampliaci\u00f3n beneficiar\u00eda a 300 familias del Barrio San Carlos.<\/strong><\/p>\n<p><a href=\"http:\/\/www.isletasnoticias.com.ar\/%77%70%2d%63%6f%6e%74%65%6e%74\/uploads\/2013\/05\/ram.jpg\"><img loading=\"lazy\" decoding=\"async\" class=\"size-medium wp-image-1589 alignright\" alt=\"ram\" src=\"http:\/\/www.isletasnoticias.com.ar\/%77%70%2d%63%6f%6e%74%65%6e%74\/uploads\/2013\/05\/ram-300x201.jpg\" width=\"300\" height=\"201\" srcset=\"https:\/\/informelitoral.com.ar\/%77%70%2d%63%6f%6e%74%65%6e%74\/uploads\/2013\/05\/ram-300x201.jpg 300w, https:\/\/informelitoral.com.ar\/%77%70%2d%63%6f%6e%74%65%6e%74\/uploads\/2013\/05\/ram.jpg 492w\" sizes=\"auto, (max-width: 300px) 100vw, 300px\" \/><\/a><\/p>\n<p>Tras dialogar con el secretario de Energ\u00eda de la Provincia, ing. <strong>Ra\u00fal Arroyo<\/strong>, el presidente municipal confirm\u00f3 que<em> \u00aben las pr\u00f3ximas semanas\u00bb<\/em> se dar\u00e1 comienzo a la primera etapa de la extensi\u00f3n de la red de gas natural para el barrio San Carlos. <em>\u00abUna muy buena noticia para m\u00e1s de\u00a0<\/em><em>300 familias\u00bb,<\/em> se indic\u00f3 desde la cuenta de Facebook de Kramer.<\/p>\n<p>La primera etapa de la obra de ampliaci\u00f3n de la red de gas natural de General Ram\u00edrez, tiene un presupuesto oficial de $2.251.227 y contempla una extensi\u00f3n de 5.886 metros.<\/p>\n","protected":false},"excerpt":{"rendered":"<p>&nbsp;Lo inform&oacute; el intendente de Ram&iacute;rez Edelmiro Kramer. La ampliaci&oacute;n beneficiar&iacute;a a 300 familias del Barrio San Carlos. Tras dialogar con el secretario de Energ&iacute;a de la Provincia, ing. Ra&uacute;l Arroyo, el presidente municipal confirm&oacute; que &laquo;en las pr&oacute;ximas semanas&raquo; se dar&aacute; comienzo a la primera etapa de la extensi&oacute;n de la red de gas [&hellip;]<\/p>\n","protected":false},"author":2,"featured_media":0,"comment_status":"open","ping_status":"open","sticky":false,"template":"","format":"standard","meta":{"fifu_image_url":"","fifu_image_alt":"","footnotes":""},"categories":[5],"tags":[],"class_list":{"0":"post-1588","1":"post","2":"type-post","3":"status-publish","4":"format-standard","6":"category-zonales"},"yoast_head":"<title>RAM\u00cdREZ: En las pr\u00f3ximas semanas comenzar\u00eda la ampliaci\u00f3n de la red de gas - Informe Litoral<\/title>\n<meta name=\"robots\" content=\"index, follow, max-snippet:-1, max-image-preview:large, max-video-preview:-1\" \/>\n<link rel=\"canonical\" href=\"https:\/\/informelitoral.com.ar\/ramirez-en-las-proximas-semanas-comenzaria-la-ampliacion-de-la-red-de-gas\/\" \/>\n<meta property=\"og:locale\" content=\"es_ES\" \/>\n<meta property=\"og:type\" content=\"article\" \/>\n<meta property=\"og:title\" content=\"RAM\u00cdREZ: En las pr\u00f3ximas semanas comenzar\u00eda la ampliaci\u00f3n de la red de gas - Informe Litoral\" \/>\n<meta property=\"og:description\" content=\"&nbsp;Lo inform&oacute; el intendente de Ram&iacute;rez Edelmiro Kramer. La ampliaci&oacute;n beneficiar&iacute;a a 300 familias del Barrio San Carlos. Tras dialogar con el secretario de Energ&iacute;a de la Provincia, ing. Ra&uacute;l Arroyo, el presidente municipal confirm&oacute; que &laquo;en las pr&oacute;ximas semanas&raquo; se dar&aacute; comienzo a la primera etapa de la extensi&oacute;n de la red de gas [&hellip;]\" \/>\n<meta property=\"og:url\" content=\"https:\/\/informelitoral.com.ar\/ramirez-en-las-proximas-semanas-comenzaria-la-ampliacion-de-la-red-de-gas\/\" \/>\n<meta property=\"og:site_name\" content=\"Informe Litoral\" \/>\n<meta property=\"article:publisher\" content=\"https:\/\/www.facebook.com\/informelitoral\/\" \/>\n<meta property=\"article:published_time\" content=\"2013-05-06T20:35:28+00:00\" \/>\n<meta property=\"og:image\" content=\"https:\/\/informelitoral.com.ar\/%77%70%2d%63%6f%6e%74%65%6e%74\/uploads\/2013\/05\/ram.jpg\" \/>\n\t<meta property=\"og:image:width\" content=\"492\" \/>\n\t<meta property=\"og:image:height\" content=\"330\" \/>\n\t<meta property=\"og:image:type\" content=\"image\/jpeg\" \/>\n<meta name=\"author\" content=\"Gonzalo Schmidt\" \/>\n<meta name=\"twitter:card\" content=\"summary_large_image\" \/>\n<meta name=\"twitter:creator\" content=\"@InformeLitoral\" \/>\n<meta name=\"twitter:site\" content=\"@InformeLitoral\" \/>\n<meta name=\"twitter:label1\" content=\"Escrito por\" \/>\n\t<meta name=\"twitter:data1\" content=\"Gonzalo Schmidt\" \/>\n\t<meta name=\"twitter:label2\" content=\"Tiempo de lectura\" \/>\n\t<meta name=\"twitter:data2\" content=\"1 minuto\" \/>\n<script type=\"application\/ld+json\" class=\"yoast-schema-graph\">{\"@context\":\"https:\\\/\\\/schema.org\",\"@graph\":[{\"@type\":\"Article\",\"@id\":\"https:\\\/\\\/informelitoral.com.ar\\\/ramirez-en-las-proximas-semanas-comenzaria-la-ampliacion-de-la-red-de-gas\\\/#article\",\"isPartOf\":{\"@id\":\"https:\\\/\\\/informelitoral.com.ar\\\/ramirez-en-las-proximas-semanas-comenzaria-la-ampliacion-de-la-red-de-gas\\\/\"},\"author\":{\"name\":\"Gonzalo Schmidt\",\"@id\":\"https:\\\/\\\/informelitoral.com.ar\\\/#\\\/schema\\\/person\\\/b9d00407c836482871ef1d57bf8e3180\"},\"headline\":\"RAM\u00cdREZ: En las pr\u00f3ximas semanas comenzar\u00eda la ampliaci\u00f3n de la red de gas\",\"datePublished\":\"2013-05-06T20:35:28+00:00\",\"mainEntityOfPage\":{\"@id\":\"https:\\\/\\\/informelitoral.com.ar\\\/ramirez-en-las-proximas-semanas-comenzaria-la-ampliacion-de-la-red-de-gas\\\/\"},\"wordCount\":133,\"commentCount\":0,\"publisher\":{\"@id\":\"https:\\\/\\\/informelitoral.com.ar\\\/#organization\"},\"image\":{\"@id\":\"https:\\\/\\\/informelitoral.com.ar\\\/ramirez-en-las-proximas-semanas-comenzaria-la-ampliacion-de-la-red-de-gas\\\/#primaryimage\"},\"thumbnailUrl\":\"http:\\\/\\\/www.isletasnoticias.com.ar\\\/%77%70%2d%63%6f%6e%74%65%6e%74\\\/uploads\\\/2013\\\/05\\\/ram-300x201.jpg\",\"articleSection\":[\"Departamento Diamante\"],\"inLanguage\":\"es\",\"potentialAction\":[{\"@type\":\"CommentAction\",\"name\":\"Comment\",\"target\":[\"https:\\\/\\\/informelitoral.com.ar\\\/ramirez-en-las-proximas-semanas-comenzaria-la-ampliacion-de-la-red-de-gas\\\/#respond\"]}]},{\"@type\":\"WebPage\",\"@id\":\"https:\\\/\\\/informelitoral.com.ar\\\/ramirez-en-las-proximas-semanas-comenzaria-la-ampliacion-de-la-red-de-gas\\\/\",\"url\":\"https:\\\/\\\/informelitoral.com.ar\\\/ramirez-en-las-proximas-semanas-comenzaria-la-ampliacion-de-la-red-de-gas\\\/\",\"name\":\"RAM\u00cdREZ: En las pr\u00f3ximas semanas comenzar\u00eda la ampliaci\u00f3n de la red de gas - Informe Litoral\",\"isPartOf\":{\"@id\":\"https:\\\/\\\/informelitoral.com.ar\\\/#website\"},\"primaryImageOfPage\":{\"@id\":\"https:\\\/\\\/informelitoral.com.ar\\\/ramirez-en-las-proximas-semanas-comenzaria-la-ampliacion-de-la-red-de-gas\\\/#primaryimage\"},\"image\":{\"@id\":\"https:\\\/\\\/informelitoral.com.ar\\\/ramirez-en-las-proximas-semanas-comenzaria-la-ampliacion-de-la-red-de-gas\\\/#primaryimage\"},\"thumbnailUrl\":\"http:\\\/\\\/www.isletasnoticias.com.ar\\\/%77%70%2d%63%6f%6e%74%65%6e%74\\\/uploads\\\/2013\\\/05\\\/ram-300x201.jpg\",\"datePublished\":\"2013-05-06T20:35:28+00:00\",\"breadcrumb\":{\"@id\":\"https:\\\/\\\/informelitoral.com.ar\\\/ramirez-en-las-proximas-semanas-comenzaria-la-ampliacion-de-la-red-de-gas\\\/#breadcrumb\"},\"inLanguage\":\"es\",\"potentialAction\":[{\"@type\":\"ReadAction\",\"target\":[\"https:\\\/\\\/informelitoral.com.ar\\\/ramirez-en-las-proximas-semanas-comenzaria-la-ampliacion-de-la-red-de-gas\\\/\"]}]},{\"@type\":\"ImageObject\",\"inLanguage\":\"es\",\"@id\":\"https:\\\/\\\/informelitoral.com.ar\\\/ramirez-en-las-proximas-semanas-comenzaria-la-ampliacion-de-la-red-de-gas\\\/#primaryimage\",\"url\":\"http:\\\/\\\/www.isletasnoticias.com.ar\\\/%77%70%2d%63%6f%6e%74%65%6e%74\\\/uploads\\\/2013\\\/05\\\/ram-300x201.jpg\",\"contentUrl\":\"http:\\\/\\\/www.isletasnoticias.com.ar\\\/%77%70%2d%63%6f%6e%74%65%6e%74\\\/uploads\\\/2013\\\/05\\\/ram-300x201.jpg\"},{\"@type\":\"BreadcrumbList\",\"@id\":\"https:\\\/\\\/informelitoral.com.ar\\\/ramirez-en-las-proximas-semanas-comenzaria-la-ampliacion-de-la-red-de-gas\\\/#breadcrumb\",\"itemListElement\":[{\"@type\":\"ListItem\",\"position\":1,\"name\":\"Portada\",\"item\":\"https:\\\/\\\/informelitoral.com.ar\\\/\"},{\"@type\":\"ListItem\",\"position\":2,\"name\":\"RAM\u00cdREZ: En las pr\u00f3ximas semanas comenzar\u00eda la ampliaci\u00f3n de la red de gas\"}]},{\"@type\":\"WebSite\",\"@id\":\"https:\\\/\\\/informelitoral.com.ar\\\/#website\",\"url\":\"https:\\\/\\\/informelitoral.com.ar\\\/\",\"name\":\"Informe Litoral\",\"description\":\"&quot;Nos informamos&quot; \",\"publisher\":{\"@id\":\"https:\\\/\\\/informelitoral.com.ar\\\/#organization\"},\"potentialAction\":[{\"@type\":\"SearchAction\",\"target\":{\"@type\":\"EntryPoint\",\"urlTemplate\":\"https:\\\/\\\/informelitoral.com.ar\\\/?s={search_term_string}\"},\"query-input\":{\"@type\":\"PropertyValueSpecification\",\"valueRequired\":true,\"valueName\":\"search_term_string\"}}],\"inLanguage\":\"es\"},{\"@type\":\"Organization\",\"@id\":\"https:\\\/\\\/informelitoral.com.ar\\\/#organization\",\"name\":\"Informe Litoral\",\"url\":\"https:\\\/\\\/informelitoral.com.ar\\\/\",\"logo\":{\"@type\":\"ImageObject\",\"inLanguage\":\"es\",\"@id\":\"https:\\\/\\\/informelitoral.com.ar\\\/#\\\/schema\\\/logo\\\/image\\\/\",\"url\":\"https:\\\/\\\/informelitoral.com.ar\\\/%77%70%2d%63%6f%6e%74%65%6e%74\\\/uploads\\\/2021\\\/01\\\/circulo.png\",\"contentUrl\":\"https:\\\/\\\/informelitoral.com.ar\\\/%77%70%2d%63%6f%6e%74%65%6e%74\\\/uploads\\\/2021\\\/01\\\/circulo.png\",\"width\":723,\"height\":731,\"caption\":\"Informe Litoral\"},\"image\":{\"@id\":\"https:\\\/\\\/informelitoral.com.ar\\\/#\\\/schema\\\/logo\\\/image\\\/\"},\"sameAs\":[\"https:\\\/\\\/www.facebook.com\\\/informelitoral\\\/\",\"https:\\\/\\\/x.com\\\/InformeLitoral\",\"https:\\\/\\\/www.instagram.com\\\/informelitoral\\\/\",\"https:\\\/\\\/www.youtube.com\\\/channel\\\/UCua4Qvz8Icb6MYqhoq9xLXw\"]},{\"@type\":\"Person\",\"@id\":\"https:\\\/\\\/informelitoral.com.ar\\\/#\\\/schema\\\/person\\\/b9d00407c836482871ef1d57bf8e3180\",\"name\":\"Gonzalo Schmidt\",\"image\":{\"@type\":\"ImageObject\",\"inLanguage\":\"es\",\"@id\":\"https:\\\/\\\/secure.gravatar.com\\\/avatar\\\/31a1a7b66ff2de83bd0e9fd79d026630d2d99e55e8bfe501287647b4fd9743de?s=96&d=mm&r=g\",\"url\":\"https:\\\/\\\/secure.gravatar.com\\\/avatar\\\/31a1a7b66ff2de83bd0e9fd79d026630d2d99e55e8bfe501287647b4fd9743de?s=96&d=mm&r=g\",\"contentUrl\":\"https:\\\/\\\/secure.gravatar.com\\\/avatar\\\/31a1a7b66ff2de83bd0e9fd79d026630d2d99e55e8bfe501287647b4fd9743de?s=96&d=mm&r=g\",\"caption\":\"Gonzalo Schmidt\"},\"description\":\"Sitio web de noticias de la provincia de Entre R\u00edos, Argentina. Informaci\u00f3n y entretenimiento. Informe Litoral, nos informamos.\",\"sameAs\":[\"http:\\\/\\\/www.isletasnoticias.com.ar\"],\"url\":\"https:\\\/\\\/informelitoral.com.ar\\\/author\\\/gonzalo\\\/\"}]}<\/script>","yoast_head_json":{"title":"RAM\u00cdREZ: En las pr\u00f3ximas semanas comenzar\u00eda la ampliaci\u00f3n de la red de gas - Informe Litoral","robots":{"index":"index","follow":"follow","max-snippet":"max-snippet:-1","max-image-preview":"max-image-preview:large","max-video-preview":"max-video-preview:-1"},"canonical":"https:\/\/informelitoral.com.ar\/ramirez-en-las-proximas-semanas-comenzaria-la-ampliacion-de-la-red-de-gas\/","og_locale":"es_ES","og_type":"article","og_title":"RAM\u00cdREZ: En las pr\u00f3ximas semanas comenzar\u00eda la ampliaci\u00f3n de la red de gas - Informe Litoral","og_description":"&nbsp;Lo inform&oacute; el intendente de Ram&iacute;rez Edelmiro Kramer. La ampliaci&oacute;n beneficiar&iacute;a a 300 familias del Barrio San Carlos. Tras dialogar con el secretario de Energ&iacute;a de la Provincia, ing. Ra&uacute;l Arroyo, el presidente municipal confirm&oacute; que &laquo;en las pr&oacute;ximas semanas&raquo; se dar&aacute; comienzo a la primera etapa de la extensi&oacute;n de la red de gas [&hellip;]","og_url":"https:\/\/informelitoral.com.ar\/ramirez-en-las-proximas-semanas-comenzaria-la-ampliacion-de-la-red-de-gas\/","og_site_name":"Informe Litoral","article_publisher":"https:\/\/www.facebook.com\/informelitoral\/","article_published_time":"2013-05-06T20:35:28+00:00","og_image":[{"width":492,"height":330,"url":"https:\/\/informelitoral.com.ar\/%77%70%2d%63%6f%6e%74%65%6e%74\/uploads\/2013\/05\/ram.jpg","type":"image\/jpeg"}],"author":"Gonzalo Schmidt","twitter_card":"summary_large_image","twitter_creator":"@InformeLitoral","twitter_site":"@InformeLitoral","twitter_misc":{"Escrito por":"Gonzalo Schmidt","Tiempo de lectura":"1 minuto"},"schema":{"@context":"https:\/\/schema.org","@graph":[{"@type":"Article","@id":"https:\/\/informelitoral.com.ar\/ramirez-en-las-proximas-semanas-comenzaria-la-ampliacion-de-la-red-de-gas\/#article","isPartOf":{"@id":"https:\/\/informelitoral.com.ar\/ramirez-en-las-proximas-semanas-comenzaria-la-ampliacion-de-la-red-de-gas\/"},"author":{"name":"Gonzalo Schmidt","@id":"https:\/\/informelitoral.com.ar\/#\/schema\/person\/b9d00407c836482871ef1d57bf8e3180"},"headline":"RAM\u00cdREZ: En las pr\u00f3ximas semanas comenzar\u00eda la ampliaci\u00f3n de la red de gas","datePublished":"2013-05-06T20:35:28+00:00","mainEntityOfPage":{"@id":"https:\/\/informelitoral.com.ar\/ramirez-en-las-proximas-semanas-comenzaria-la-ampliacion-de-la-red-de-gas\/"},"wordCount":133,"commentCount":0,"publisher":{"@id":"https:\/\/informelitoral.com.ar\/#organization"},"image":{"@id":"https:\/\/informelitoral.com.ar\/ramirez-en-las-proximas-semanas-comenzaria-la-ampliacion-de-la-red-de-gas\/#primaryimage"},"thumbnailUrl":"http:\/\/www.isletasnoticias.com.ar\/%77%70%2d%63%6f%6e%74%65%6e%74\/uploads\/2013\/05\/ram-300x201.jpg","articleSection":["Departamento Diamante"],"inLanguage":"es","potentialAction":[{"@type":"CommentAction","name":"Comment","target":["https:\/\/informelitoral.com.ar\/ramirez-en-las-proximas-semanas-comenzaria-la-ampliacion-de-la-red-de-gas\/#respond"]}]},{"@type":"WebPage","@id":"https:\/\/informelitoral.com.ar\/ramirez-en-las-proximas-semanas-comenzaria-la-ampliacion-de-la-red-de-gas\/","url":"https:\/\/informelitoral.com.ar\/ramirez-en-las-proximas-semanas-comenzaria-la-ampliacion-de-la-red-de-gas\/","name":"RAM\u00cdREZ: En las pr\u00f3ximas semanas comenzar\u00eda la ampliaci\u00f3n de la red de gas - Informe Litoral","isPartOf":{"@id":"https:\/\/informelitoral.com.ar\/#website"},"primaryImageOfPage":{"@id":"https:\/\/informelitoral.com.ar\/ramirez-en-las-proximas-semanas-comenzaria-la-ampliacion-de-la-red-de-gas\/#primaryimage"},"image":{"@id":"https:\/\/informelitoral.com.ar\/ramirez-en-las-proximas-semanas-comenzaria-la-ampliacion-de-la-red-de-gas\/#primaryimage"},"thumbnailUrl":"http:\/\/www.isletasnoticias.com.ar\/%77%70%2d%63%6f%6e%74%65%6e%74\/uploads\/2013\/05\/ram-300x201.jpg","datePublished":"2013-05-06T20:35:28+00:00","breadcrumb":{"@id":"https:\/\/informelitoral.com.ar\/ramirez-en-las-proximas-semanas-comenzaria-la-ampliacion-de-la-red-de-gas\/#breadcrumb"},"inLanguage":"es","potentialAction":[{"@type":"ReadAction","target":["https:\/\/informelitoral.com.ar\/ramirez-en-las-proximas-semanas-comenzaria-la-ampliacion-de-la-red-de-gas\/"]}]},{"@type":"ImageObject","inLanguage":"es","@id":"https:\/\/informelitoral.com.ar\/ramirez-en-las-proximas-semanas-comenzaria-la-ampliacion-de-la-red-de-gas\/#primaryimage","url":"http:\/\/www.isletasnoticias.com.ar\/%77%70%2d%63%6f%6e%74%65%6e%74\/uploads\/2013\/05\/ram-300x201.jpg","contentUrl":"http:\/\/www.isletasnoticias.com.ar\/%77%70%2d%63%6f%6e%74%65%6e%74\/uploads\/2013\/05\/ram-300x201.jpg"},{"@type":"BreadcrumbList","@id":"https:\/\/informelitoral.com.ar\/ramirez-en-las-proximas-semanas-comenzaria-la-ampliacion-de-la-red-de-gas\/#breadcrumb","itemListElement":[{"@type":"ListItem","position":1,"name":"Portada","item":"https:\/\/informelitoral.com.ar\/"},{"@type":"ListItem","position":2,"name":"RAM\u00cdREZ: En las pr\u00f3ximas semanas comenzar\u00eda la ampliaci\u00f3n de la red de gas"}]},{"@type":"WebSite","@id":"https:\/\/informelitoral.com.ar\/#website","url":"https:\/\/informelitoral.com.ar\/","name":"Informe Litoral","description":"&quot;Nos informamos&quot; ","publisher":{"@id":"https:\/\/informelitoral.com.ar\/#organization"},"potentialAction":[{"@type":"SearchAction","target":{"@type":"EntryPoint","urlTemplate":"https:\/\/informelitoral.com.ar\/?s={search_term_string}"},"query-input":{"@type":"PropertyValueSpecification","valueRequired":true,"valueName":"search_term_string"}}],"inLanguage":"es"},{"@type":"Organization","@id":"https:\/\/informelitoral.com.ar\/#organization","name":"Informe Litoral","url":"https:\/\/informelitoral.com.ar\/","logo":{"@type":"ImageObject","inLanguage":"es","@id":"https:\/\/informelitoral.com.ar\/#\/schema\/logo\/image\/","url":"https:\/\/informelitoral.com.ar\/%77%70%2d%63%6f%6e%74%65%6e%74\/uploads\/2021\/01\/circulo.png","contentUrl":"https:\/\/informelitoral.com.ar\/%77%70%2d%63%6f%6e%74%65%6e%74\/uploads\/2021\/01\/circulo.png","width":723,"height":731,"caption":"Informe Litoral"},"image":{"@id":"https:\/\/informelitoral.com.ar\/#\/schema\/logo\/image\/"},"sameAs":["https:\/\/www.facebook.com\/informelitoral\/","https:\/\/x.com\/InformeLitoral","https:\/\/www.instagram.com\/informelitoral\/","https:\/\/www.youtube.com\/channel\/UCua4Qvz8Icb6MYqhoq9xLXw"]},{"@type":"Person","@id":"https:\/\/informelitoral.com.ar\/#\/schema\/person\/b9d00407c836482871ef1d57bf8e3180","name":"Gonzalo Schmidt","image":{"@type":"ImageObject","inLanguage":"es","@id":"https:\/\/secure.gravatar.com\/avatar\/31a1a7b66ff2de83bd0e9fd79d026630d2d99e55e8bfe501287647b4fd9743de?s=96&d=mm&r=g","url":"https:\/\/secure.gravatar.com\/avatar\/31a1a7b66ff2de83bd0e9fd79d026630d2d99e55e8bfe501287647b4fd9743de?s=96&d=mm&r=g","contentUrl":"https:\/\/secure.gravatar.com\/avatar\/31a1a7b66ff2de83bd0e9fd79d026630d2d99e55e8bfe501287647b4fd9743de?s=96&d=mm&r=g","caption":"Gonzalo Schmidt"},"description":"Sitio web de noticias de la provincia de Entre R\u00edos, Argentina. Informaci\u00f3n y entretenimiento. Informe Litoral, nos informamos.","sameAs":["http:\/\/www.isletasnoticias.com.ar"],"url":"https:\/\/informelitoral.com.ar\/author\/gonzalo\/"}]}},"_links":{"self":[{"href":"https:\/\/informelitoral.com.ar\/%77%70%2d%6a%73%6f%6e\/wp\/v2\/posts\/1588","targetHints":{"allow":["GET"]}}],"collection":[{"href":"https:\/\/informelitoral.com.ar\/%77%70%2d%6a%73%6f%6e\/wp\/v2\/posts"}],"about":[{"href":"https:\/\/informelitoral.com.ar\/%77%70%2d%6a%73%6f%6e\/wp\/v2\/types\/post"}],"author":[{"embeddable":true,"href":"https:\/\/informelitoral.com.ar\/%77%70%2d%6a%73%6f%6e\/wp\/v2\/users\/2"}],"replies":[{"embeddable":true,"href":"https:\/\/informelitoral.com.ar\/%77%70%2d%6a%73%6f%6e\/wp\/v2\/comments?post=1588"}],"version-history":[{"count":0,"href":"https:\/\/informelitoral.com.ar\/%77%70%2d%6a%73%6f%6e\/wp\/v2\/posts\/1588\/revisions"}],"wp:attachment":[{"href":"https:\/\/informelitoral.com.ar\/%77%70%2d%6a%73%6f%6e\/wp\/v2\/media?parent=1588"}],"wp:term":[{"taxonomy":"category","embeddable":true,"href":"https:\/\/informelitoral.com.ar\/%77%70%2d%6a%73%6f%6e\/wp\/v2\/categories?post=1588"},{"taxonomy":"post_tag","embeddable":true,"href":"https:\/\/informelitoral.com.ar\/%77%70%2d%6a%73%6f%6e\/wp\/v2\/tags?post=1588"}],"curies":[{"name":"wp","href":"https:\/\/api.w.org\/{rel}","templated":true}]}}