{"id":158746,"date":"2023-07-21T09:29:26","date_gmt":"2023-07-21T12:29:26","guid":{"rendered":"https:\/\/www.informelitoral.com.ar\/?p=158746"},"modified":"2023-07-21T09:35:16","modified_gmt":"2023-07-21T12:35:16","slug":"messi-debuta-en-el-inter-miami-donde-verlo-rival-y-como-es-el-torneo","status":"publish","type":"post","link":"https:\/\/informelitoral.com.ar\/messi-debuta-en-el-inter-miami-donde-verlo-rival-y-como-es-el-torneo\/","title":{"rendered":"Messi debuta en el Inter Miami: d\u00f3nde verlo, rival y c\u00f3mo es el torneo"},"content":{"rendered":"<div class=\"cuerpo fullpost__cuerpo\">\n<p>El astro<strong>\u00a0Lionel\u00a0Messi\u00a0<\/strong>cuenta las horas para el tan ansiado debut con los colores del<strong>\u00a0Inter Miami, ya que tendr\u00e1 su estreno ma\u00f1ana, cuando su nuevo equipo se mida con el Cruz Azul de M\u00e9xico en un encuentro v\u00e1lido por\u00a0la Leagues Cup 2023.<\/strong><\/p>\n<div id=\"publi-584\" class=\"publi C7\" data-publicidad=\"584\" data-nombre=\"Adsense medio\" data-tipo=\"html\">\n<p>El encargado de confirmar la novedad fue el entrenador <strong>Gerardo \u00abTata\u00bb Martino<\/strong>, que hizo el anuncio en declaraciones televisivas. Adem\u00e1s del campe\u00f3n del mundo, tambi\u00e9n tendr\u00e1 su debut Sergio Busquets.<\/p>\n<\/div>\n<p><a href=\"https:\/\/newsonline.com.ar\/%77%70%2d%63%6f%6e%74%65%6e%74\/uploads\/2023\/07\/lionel-messi-y-tata-martino.png\"><img loading=\"lazy\" decoding=\"async\" class=\"ls-is-cached jch-lazyloaded lazyloaded\" src=\"https:\/\/newsonline.com.ar\/%77%70%2d%63%6f%6e%74%65%6e%74\/uploads\/2023\/07\/lionel-messi-y-tata-martino.png\" alt=\"\" width=\"699\" height=\"349\" data-src=\"https:\/\/newsonline.com.ar\/%77%70%2d%63%6f%6e%74%65%6e%74\/uploads\/2023\/07\/lionel-messi-y-tata-martino.png\" \/><\/a><\/p>\n<p>Seg\u00fan trascendi\u00f3, Messi ocupar\u00e1 un lugar en el banco de suplentes y tendr\u00e1 sus primeros minutos en el complemento, ya que se sum\u00f3 hace pocos d\u00edas al plantel que tendr\u00e1 en los pr\u00f3ximas d\u00edas a Jordi Alba, otro ex compa\u00f1ero del rosarino en Barcelona, y que busca cerrar el fichaje del delantero uruguayo Luis Su\u00e1rez.<\/p>\n<p>\u201cEllos van a competir bien. Es probable que puedan estar el viernes.<strong>\u00a0Despu\u00e9s decidiremos si es al inicio o en el segundo tiempo, pero es\u00a0muy probable que tanto Leo (Messi) como\u00a0Busi (Busquets) puedan estar<\/strong>\u201d, confirm\u00f3 \u00abTata\u00bb Martino.<\/p>\n<p>La\u00a0<em>Leagues Cup<\/em>\u00a0es una de las competiciones internacionales de la que participan todos los equipos de la MLS junto a los de la liga mexicana. En la primera fase de esta edici\u00f3n del certamen que comenzar\u00e1 este viernes, Inter Miami compartir\u00e1 el grupo Sur 3 con Cruz Azul y Atlanta United.<\/p>\n<p>Los dos mejores de cada zona avanzar\u00e1n a los 16avos de final y, a partir de entonces, se cruzar\u00e1n en partidos de eliminaci\u00f3n directa hasta la final. El torneo otorgar\u00e1 tres boletos a la Copa de Campeones de la Concacaf.<\/p>\n<p>Si Inter Miami se ubica entre los dos primeros de su zona, avanzar\u00e1 a 16avos de final y Messi jugar\u00e1 al menos un partido m\u00e1s entre el 2 y 4 de agosto. Los octavos de final est\u00e1n previstos para los d\u00edas 6 y 8; los cuartos el 11 y 12; las semifinales el 15 y la definici\u00f3n junto al encuentro por el tercer lugar, el 19.<\/p>\n<p>Posteriormente, se reanudar\u00e1 la MLS e Inter Miami se enfrentar\u00e1 el 20 de agosto a Charlotte FC, aunque la fecha se puede modificar si llega a instancias decisivas de la Leagues Cup.<\/p>\n<h3><strong>C\u00f3mo ver en vivo el debut de Lionel Messi en Inter Miami<\/strong><\/h3>\n<p>La \u00fanica opci\u00f3n para seguir los pasos de Messi dentro de las canchas estadounidenses en vivo ser\u00e1 a trav\u00e9s de\u00a0<strong>Apple TV<\/strong>, la plataforma de streaming perteneciente a la empresa tecnol\u00f3gica creada por Steve Jobs. All\u00ed se ver\u00e1n los partidos de la Leagues Cup y de la MLS.<\/p>\n<p>De todas maneras, el estreno del argentino se podr\u00e1 seguir en directo por la se\u00f1al deportiva TyC Sports,\u00a0que se hizo con la derecho de TV de la US Cup, la versi\u00f3n estadounidense de la Copa Argentina.<\/p>\n<p>La aplicaci\u00f3n puede descargarse en todos los dispositivos pertenecientes a Apple como tambi\u00e9n en televisores inteligentes de las marcas Samsung, LG,\u00a0Panasonic, Sony y VIZIO. Adem\u00e1s, las consolas de videojuegos PlayStation y Xbox tambi\u00e9n tienen la opci\u00f3n de bajar la aplicaci\u00f3n, al igual que los Android TV y Google TV.<\/p>\n<h3><strong>Qu\u00e9 dijo Messi en su presentaci\u00f3n<\/strong><\/h3>\n<p>En un show que cont\u00f3 con artistas de alto calibre como Paulo Londra y Camilo, el valor que tuvo la presencia de Messi en Miami en el momento en el que dio sus primeras palabras en esta nueva experiencia, opacaron\u00a0la lluvia que azot\u00f3\u00a0en la ciudad costera\u200b.<\/p>\n<p>\u00ab<strong>Tengo ganas de empezar a entrenar y empezar a competir. Vengo con las ganas de siempre de competir y querer ganar. De querer ayudar al club de que siga creciendo<\/strong>. Espero que durante todo este tiempo ustedes nos sigan acompa\u00f1ando como vienen acompa\u00f1ando desde que empez\u00f3 la temporada. En lo personal y no tengo dudas de que con mis compa\u00f1eros vamos a dar siempre el m\u00e1ximo para intentar de conseguir todos los objetivos\u00bb, afirm\u00f3 Leo, mostr\u00e1ndose con el mismo hambre de competici\u00f3n que lo caracteriz\u00f3 siempre.<\/p>\n<p>Y cerr\u00f3: \u00ab<strong>Estoy muy feliz de haber elegido venir a esta ciudad con mi familia y haber elegido este proyecto<\/strong>. Y no tengo dudas de que vamos a disfrutar mucho, la vamos a pasar bien y van a pasar cosas muy lindas, muchas gracias a todos por este d\u00eda\u00bb.<\/p>\n<\/div>\n<div id=\"publi-161\" class=\"publi C2\" data-publicidad=\"161\" data-nombre=\"Adsense .\" data-tipo=\"html\"><\/div>\n","protected":false},"excerpt":{"rendered":"<p>El astro argentino estar\u00e1 a disposici\u00f3n del cuerpo t\u00e9cnico para el partido ante el Cruz Azul por la Leagues Cup. Sin embargo, no ser\u00eda titular.<\/p>\n","protected":false},"author":8,"featured_media":158749,"comment_status":"open","ping_status":"open","sticky":false,"template":"","format":"standard","meta":{"fifu_image_url":"","fifu_image_alt":"","footnotes":""},"categories":[13],"tags":[4249,1255],"class_list":{"0":"post-158746","1":"post","2":"type-post","3":"status-publish","4":"format-standard","5":"has-post-thumbnail","7":"category-deportes","8":"tag-inter-miami","9":"tag-lionel-messi"},"yoast_head":"<title>Messi debuta en el Inter Miami: d\u00f3nde verlo, rival y c\u00f3mo es el torneo - Informe Litoral<\/title>\n<meta name=\"robots\" content=\"index, follow, max-snippet:-1, max-image-preview:large, max-video-preview:-1\" \/>\n<link rel=\"canonical\" href=\"https:\/\/informelitoral.com.ar\/messi-debuta-en-el-inter-miami-donde-verlo-rival-y-como-es-el-torneo\/\" \/>\n<meta property=\"og:locale\" content=\"es_ES\" \/>\n<meta property=\"og:type\" content=\"article\" \/>\n<meta property=\"og:title\" content=\"Messi debuta en el Inter Miami: d\u00f3nde verlo, rival y c\u00f3mo es el torneo - Informe Litoral\" \/>\n<meta property=\"og:description\" content=\"El astro argentino estar\u00e1 a disposici\u00f3n del cuerpo t\u00e9cnico para el partido ante el Cruz Azul por la Leagues Cup. Sin embargo, no ser\u00eda titular.\" \/>\n<meta property=\"og:url\" content=\"https:\/\/informelitoral.com.ar\/messi-debuta-en-el-inter-miami-donde-verlo-rival-y-como-es-el-torneo\/\" \/>\n<meta property=\"og:site_name\" content=\"Informe Litoral\" \/>\n<meta property=\"article:publisher\" content=\"https:\/\/www.facebook.com\/informelitoral\/\" \/>\n<meta property=\"article:published_time\" content=\"2023-07-21T12:29:26+00:00\" \/>\n<meta property=\"article:modified_time\" content=\"2023-07-21T12:35:16+00:00\" \/>\n<meta property=\"og:image\" content=\"https:\/\/informelitoral.com.ar\/%77%70%2d%63%6f%6e%74%65%6e%74\/uploads\/2023\/07\/lg-1.webp\" \/>\n\t<meta property=\"og:image:width\" content=\"1200\" \/>\n\t<meta property=\"og:image:height\" content=\"654\" \/>\n\t<meta property=\"og:image:type\" content=\"image\/webp\" \/>\n<meta name=\"author\" content=\"Sebastian\" \/>\n<meta name=\"twitter:card\" content=\"summary_large_image\" \/>\n<meta name=\"twitter:creator\" content=\"@InformeLitoral\" \/>\n<meta name=\"twitter:site\" content=\"@InformeLitoral\" \/>\n<meta name=\"twitter:label1\" content=\"Escrito por\" \/>\n\t<meta name=\"twitter:data1\" content=\"Sebastian\" \/>\n\t<meta name=\"twitter:label2\" content=\"Tiempo de lectura\" \/>\n\t<meta name=\"twitter:data2\" content=\"4 minutos\" \/>\n<script type=\"application\/ld+json\" class=\"yoast-schema-graph\">{\"@context\":\"https:\\\/\\\/schema.org\",\"@graph\":[{\"@type\":\"Article\",\"@id\":\"https:\\\/\\\/informelitoral.com.ar\\\/messi-debuta-en-el-inter-miami-donde-verlo-rival-y-como-es-el-torneo\\\/#article\",\"isPartOf\":{\"@id\":\"https:\\\/\\\/informelitoral.com.ar\\\/messi-debuta-en-el-inter-miami-donde-verlo-rival-y-como-es-el-torneo\\\/\"},\"author\":{\"name\":\"Sebastian\",\"@id\":\"https:\\\/\\\/informelitoral.com.ar\\\/#\\\/schema\\\/person\\\/f05f9f461677119578717524b127d6d5\"},\"headline\":\"Messi debuta en el Inter Miami: d\u00f3nde verlo, rival y c\u00f3mo es el torneo\",\"datePublished\":\"2023-07-21T12:29:26+00:00\",\"dateModified\":\"2023-07-21T12:35:16+00:00\",\"mainEntityOfPage\":{\"@id\":\"https:\\\/\\\/informelitoral.com.ar\\\/messi-debuta-en-el-inter-miami-donde-verlo-rival-y-como-es-el-torneo\\\/\"},\"wordCount\":742,\"commentCount\":0,\"publisher\":{\"@id\":\"https:\\\/\\\/informelitoral.com.ar\\\/#organization\"},\"image\":{\"@id\":\"https:\\\/\\\/informelitoral.com.ar\\\/messi-debuta-en-el-inter-miami-donde-verlo-rival-y-como-es-el-torneo\\\/#primaryimage\"},\"thumbnailUrl\":\"https:\\\/\\\/informelitoral.com.ar\\\/%77%70%2d%63%6f%6e%74%65%6e%74\\\/uploads\\\/2023\\\/07\\\/lg-1.webp\",\"keywords\":[\"Inter Miami\",\"Lionel Messi\"],\"articleSection\":[\"Deportes\"],\"inLanguage\":\"es\",\"potentialAction\":[{\"@type\":\"CommentAction\",\"name\":\"Comment\",\"target\":[\"https:\\\/\\\/informelitoral.com.ar\\\/messi-debuta-en-el-inter-miami-donde-verlo-rival-y-como-es-el-torneo\\\/#respond\"]}]},{\"@type\":\"WebPage\",\"@id\":\"https:\\\/\\\/informelitoral.com.ar\\\/messi-debuta-en-el-inter-miami-donde-verlo-rival-y-como-es-el-torneo\\\/\",\"url\":\"https:\\\/\\\/informelitoral.com.ar\\\/messi-debuta-en-el-inter-miami-donde-verlo-rival-y-como-es-el-torneo\\\/\",\"name\":\"Messi debuta en el Inter Miami: d\u00f3nde verlo, rival y c\u00f3mo es el torneo - Informe Litoral\",\"isPartOf\":{\"@id\":\"https:\\\/\\\/informelitoral.com.ar\\\/#website\"},\"primaryImageOfPage\":{\"@id\":\"https:\\\/\\\/informelitoral.com.ar\\\/messi-debuta-en-el-inter-miami-donde-verlo-rival-y-como-es-el-torneo\\\/#primaryimage\"},\"image\":{\"@id\":\"https:\\\/\\\/informelitoral.com.ar\\\/messi-debuta-en-el-inter-miami-donde-verlo-rival-y-como-es-el-torneo\\\/#primaryimage\"},\"thumbnailUrl\":\"https:\\\/\\\/informelitoral.com.ar\\\/%77%70%2d%63%6f%6e%74%65%6e%74\\\/uploads\\\/2023\\\/07\\\/lg-1.webp\",\"datePublished\":\"2023-07-21T12:29:26+00:00\",\"dateModified\":\"2023-07-21T12:35:16+00:00\",\"breadcrumb\":{\"@id\":\"https:\\\/\\\/informelitoral.com.ar\\\/messi-debuta-en-el-inter-miami-donde-verlo-rival-y-como-es-el-torneo\\\/#breadcrumb\"},\"inLanguage\":\"es\",\"potentialAction\":[{\"@type\":\"ReadAction\",\"target\":[\"https:\\\/\\\/informelitoral.com.ar\\\/messi-debuta-en-el-inter-miami-donde-verlo-rival-y-como-es-el-torneo\\\/\"]}]},{\"@type\":\"ImageObject\",\"inLanguage\":\"es\",\"@id\":\"https:\\\/\\\/informelitoral.com.ar\\\/messi-debuta-en-el-inter-miami-donde-verlo-rival-y-como-es-el-torneo\\\/#primaryimage\",\"url\":\"https:\\\/\\\/informelitoral.com.ar\\\/%77%70%2d%63%6f%6e%74%65%6e%74\\\/uploads\\\/2023\\\/07\\\/lg-1.webp\",\"contentUrl\":\"https:\\\/\\\/informelitoral.com.ar\\\/%77%70%2d%63%6f%6e%74%65%6e%74\\\/uploads\\\/2023\\\/07\\\/lg-1.webp\",\"width\":1200,\"height\":654},{\"@type\":\"BreadcrumbList\",\"@id\":\"https:\\\/\\\/informelitoral.com.ar\\\/messi-debuta-en-el-inter-miami-donde-verlo-rival-y-como-es-el-torneo\\\/#breadcrumb\",\"itemListElement\":[{\"@type\":\"ListItem\",\"position\":1,\"name\":\"Portada\",\"item\":\"https:\\\/\\\/informelitoral.com.ar\\\/\"},{\"@type\":\"ListItem\",\"position\":2,\"name\":\"Messi debuta en el Inter Miami: d\u00f3nde verlo, rival y c\u00f3mo es el torneo\"}]},{\"@type\":\"WebSite\",\"@id\":\"https:\\\/\\\/informelitoral.com.ar\\\/#website\",\"url\":\"https:\\\/\\\/informelitoral.com.ar\\\/\",\"name\":\"Informe Litoral\",\"description\":\"&quot;Nos informamos&quot; \",\"publisher\":{\"@id\":\"https:\\\/\\\/informelitoral.com.ar\\\/#organization\"},\"potentialAction\":[{\"@type\":\"SearchAction\",\"target\":{\"@type\":\"EntryPoint\",\"urlTemplate\":\"https:\\\/\\\/informelitoral.com.ar\\\/?s={search_term_string}\"},\"query-input\":{\"@type\":\"PropertyValueSpecification\",\"valueRequired\":true,\"valueName\":\"search_term_string\"}}],\"inLanguage\":\"es\"},{\"@type\":\"Organization\",\"@id\":\"https:\\\/\\\/informelitoral.com.ar\\\/#organization\",\"name\":\"Informe Litoral\",\"url\":\"https:\\\/\\\/informelitoral.com.ar\\\/\",\"logo\":{\"@type\":\"ImageObject\",\"inLanguage\":\"es\",\"@id\":\"https:\\\/\\\/informelitoral.com.ar\\\/#\\\/schema\\\/logo\\\/image\\\/\",\"url\":\"https:\\\/\\\/informelitoral.com.ar\\\/%77%70%2d%63%6f%6e%74%65%6e%74\\\/uploads\\\/2021\\\/01\\\/circulo.png\",\"contentUrl\":\"https:\\\/\\\/informelitoral.com.ar\\\/%77%70%2d%63%6f%6e%74%65%6e%74\\\/uploads\\\/2021\\\/01\\\/circulo.png\",\"width\":723,\"height\":731,\"caption\":\"Informe Litoral\"},\"image\":{\"@id\":\"https:\\\/\\\/informelitoral.com.ar\\\/#\\\/schema\\\/logo\\\/image\\\/\"},\"sameAs\":[\"https:\\\/\\\/www.facebook.com\\\/informelitoral\\\/\",\"https:\\\/\\\/x.com\\\/InformeLitoral\",\"https:\\\/\\\/www.instagram.com\\\/informelitoral\\\/\",\"https:\\\/\\\/www.youtube.com\\\/channel\\\/UCua4Qvz8Icb6MYqhoq9xLXw\"]},{\"@type\":\"Person\",\"@id\":\"https:\\\/\\\/informelitoral.com.ar\\\/#\\\/schema\\\/person\\\/f05f9f461677119578717524b127d6d5\",\"name\":\"Sebastian\",\"image\":{\"@type\":\"ImageObject\",\"inLanguage\":\"es\",\"@id\":\"https:\\\/\\\/secure.gravatar.com\\\/avatar\\\/b71bf7481d447dfb9583c7f2798e7cc64de6efb9067b74633ed8c31059a3bd82?s=96&d=mm&r=g\",\"url\":\"https:\\\/\\\/secure.gravatar.com\\\/avatar\\\/b71bf7481d447dfb9583c7f2798e7cc64de6efb9067b74633ed8c31059a3bd82?s=96&d=mm&r=g\",\"contentUrl\":\"https:\\\/\\\/secure.gravatar.com\\\/avatar\\\/b71bf7481d447dfb9583c7f2798e7cc64de6efb9067b74633ed8c31059a3bd82?s=96&d=mm&r=g\",\"caption\":\"Sebastian\"},\"url\":\"https:\\\/\\\/informelitoral.com.ar\\\/author\\\/sebastian\\\/\"}]}<\/script>","yoast_head_json":{"title":"Messi debuta en el Inter Miami: d\u00f3nde verlo, rival y c\u00f3mo es el torneo - Informe Litoral","robots":{"index":"index","follow":"follow","max-snippet":"max-snippet:-1","max-image-preview":"max-image-preview:large","max-video-preview":"max-video-preview:-1"},"canonical":"https:\/\/informelitoral.com.ar\/messi-debuta-en-el-inter-miami-donde-verlo-rival-y-como-es-el-torneo\/","og_locale":"es_ES","og_type":"article","og_title":"Messi debuta en el Inter Miami: d\u00f3nde verlo, rival y c\u00f3mo es el torneo - Informe Litoral","og_description":"El astro argentino estar\u00e1 a disposici\u00f3n del cuerpo t\u00e9cnico para el partido ante el Cruz Azul por la Leagues Cup. Sin embargo, no ser\u00eda titular.","og_url":"https:\/\/informelitoral.com.ar\/messi-debuta-en-el-inter-miami-donde-verlo-rival-y-como-es-el-torneo\/","og_site_name":"Informe Litoral","article_publisher":"https:\/\/www.facebook.com\/informelitoral\/","article_published_time":"2023-07-21T12:29:26+00:00","article_modified_time":"2023-07-21T12:35:16+00:00","og_image":[{"width":1200,"height":654,"url":"https:\/\/informelitoral.com.ar\/%77%70%2d%63%6f%6e%74%65%6e%74\/uploads\/2023\/07\/lg-1.webp","type":"image\/webp"}],"author":"Sebastian","twitter_card":"summary_large_image","twitter_creator":"@InformeLitoral","twitter_site":"@InformeLitoral","twitter_misc":{"Escrito por":"Sebastian","Tiempo de lectura":"4 minutos"},"schema":{"@context":"https:\/\/schema.org","@graph":[{"@type":"Article","@id":"https:\/\/informelitoral.com.ar\/messi-debuta-en-el-inter-miami-donde-verlo-rival-y-como-es-el-torneo\/#article","isPartOf":{"@id":"https:\/\/informelitoral.com.ar\/messi-debuta-en-el-inter-miami-donde-verlo-rival-y-como-es-el-torneo\/"},"author":{"name":"Sebastian","@id":"https:\/\/informelitoral.com.ar\/#\/schema\/person\/f05f9f461677119578717524b127d6d5"},"headline":"Messi debuta en el Inter Miami: d\u00f3nde verlo, rival y c\u00f3mo es el torneo","datePublished":"2023-07-21T12:29:26+00:00","dateModified":"2023-07-21T12:35:16+00:00","mainEntityOfPage":{"@id":"https:\/\/informelitoral.com.ar\/messi-debuta-en-el-inter-miami-donde-verlo-rival-y-como-es-el-torneo\/"},"wordCount":742,"commentCount":0,"publisher":{"@id":"https:\/\/informelitoral.com.ar\/#organization"},"image":{"@id":"https:\/\/informelitoral.com.ar\/messi-debuta-en-el-inter-miami-donde-verlo-rival-y-como-es-el-torneo\/#primaryimage"},"thumbnailUrl":"https:\/\/informelitoral.com.ar\/%77%70%2d%63%6f%6e%74%65%6e%74\/uploads\/2023\/07\/lg-1.webp","keywords":["Inter Miami","Lionel Messi"],"articleSection":["Deportes"],"inLanguage":"es","potentialAction":[{"@type":"CommentAction","name":"Comment","target":["https:\/\/informelitoral.com.ar\/messi-debuta-en-el-inter-miami-donde-verlo-rival-y-como-es-el-torneo\/#respond"]}]},{"@type":"WebPage","@id":"https:\/\/informelitoral.com.ar\/messi-debuta-en-el-inter-miami-donde-verlo-rival-y-como-es-el-torneo\/","url":"https:\/\/informelitoral.com.ar\/messi-debuta-en-el-inter-miami-donde-verlo-rival-y-como-es-el-torneo\/","name":"Messi debuta en el Inter Miami: d\u00f3nde verlo, rival y c\u00f3mo es el torneo - Informe Litoral","isPartOf":{"@id":"https:\/\/informelitoral.com.ar\/#website"},"primaryImageOfPage":{"@id":"https:\/\/informelitoral.com.ar\/messi-debuta-en-el-inter-miami-donde-verlo-rival-y-como-es-el-torneo\/#primaryimage"},"image":{"@id":"https:\/\/informelitoral.com.ar\/messi-debuta-en-el-inter-miami-donde-verlo-rival-y-como-es-el-torneo\/#primaryimage"},"thumbnailUrl":"https:\/\/informelitoral.com.ar\/%77%70%2d%63%6f%6e%74%65%6e%74\/uploads\/2023\/07\/lg-1.webp","datePublished":"2023-07-21T12:29:26+00:00","dateModified":"2023-07-21T12:35:16+00:00","breadcrumb":{"@id":"https:\/\/informelitoral.com.ar\/messi-debuta-en-el-inter-miami-donde-verlo-rival-y-como-es-el-torneo\/#breadcrumb"},"inLanguage":"es","potentialAction":[{"@type":"ReadAction","target":["https:\/\/informelitoral.com.ar\/messi-debuta-en-el-inter-miami-donde-verlo-rival-y-como-es-el-torneo\/"]}]},{"@type":"ImageObject","inLanguage":"es","@id":"https:\/\/informelitoral.com.ar\/messi-debuta-en-el-inter-miami-donde-verlo-rival-y-como-es-el-torneo\/#primaryimage","url":"https:\/\/informelitoral.com.ar\/%77%70%2d%63%6f%6e%74%65%6e%74\/uploads\/2023\/07\/lg-1.webp","contentUrl":"https:\/\/informelitoral.com.ar\/%77%70%2d%63%6f%6e%74%65%6e%74\/uploads\/2023\/07\/lg-1.webp","width":1200,"height":654},{"@type":"BreadcrumbList","@id":"https:\/\/informelitoral.com.ar\/messi-debuta-en-el-inter-miami-donde-verlo-rival-y-como-es-el-torneo\/#breadcrumb","itemListElement":[{"@type":"ListItem","position":1,"name":"Portada","item":"https:\/\/informelitoral.com.ar\/"},{"@type":"ListItem","position":2,"name":"Messi debuta en el Inter Miami: d\u00f3nde verlo, rival y c\u00f3mo es el torneo"}]},{"@type":"WebSite","@id":"https:\/\/informelitoral.com.ar\/#website","url":"https:\/\/informelitoral.com.ar\/","name":"Informe Litoral","description":"&quot;Nos informamos&quot; ","publisher":{"@id":"https:\/\/informelitoral.com.ar\/#organization"},"potentialAction":[{"@type":"SearchAction","target":{"@type":"EntryPoint","urlTemplate":"https:\/\/informelitoral.com.ar\/?s={search_term_string}"},"query-input":{"@type":"PropertyValueSpecification","valueRequired":true,"valueName":"search_term_string"}}],"inLanguage":"es"},{"@type":"Organization","@id":"https:\/\/informelitoral.com.ar\/#organization","name":"Informe Litoral","url":"https:\/\/informelitoral.com.ar\/","logo":{"@type":"ImageObject","inLanguage":"es","@id":"https:\/\/informelitoral.com.ar\/#\/schema\/logo\/image\/","url":"https:\/\/informelitoral.com.ar\/%77%70%2d%63%6f%6e%74%65%6e%74\/uploads\/2021\/01\/circulo.png","contentUrl":"https:\/\/informelitoral.com.ar\/%77%70%2d%63%6f%6e%74%65%6e%74\/uploads\/2021\/01\/circulo.png","width":723,"height":731,"caption":"Informe Litoral"},"image":{"@id":"https:\/\/informelitoral.com.ar\/#\/schema\/logo\/image\/"},"sameAs":["https:\/\/www.facebook.com\/informelitoral\/","https:\/\/x.com\/InformeLitoral","https:\/\/www.instagram.com\/informelitoral\/","https:\/\/www.youtube.com\/channel\/UCua4Qvz8Icb6MYqhoq9xLXw"]},{"@type":"Person","@id":"https:\/\/informelitoral.com.ar\/#\/schema\/person\/f05f9f461677119578717524b127d6d5","name":"Sebastian","image":{"@type":"ImageObject","inLanguage":"es","@id":"https:\/\/secure.gravatar.com\/avatar\/b71bf7481d447dfb9583c7f2798e7cc64de6efb9067b74633ed8c31059a3bd82?s=96&d=mm&r=g","url":"https:\/\/secure.gravatar.com\/avatar\/b71bf7481d447dfb9583c7f2798e7cc64de6efb9067b74633ed8c31059a3bd82?s=96&d=mm&r=g","contentUrl":"https:\/\/secure.gravatar.com\/avatar\/b71bf7481d447dfb9583c7f2798e7cc64de6efb9067b74633ed8c31059a3bd82?s=96&d=mm&r=g","caption":"Sebastian"},"url":"https:\/\/informelitoral.com.ar\/author\/sebastian\/"}]}},"_links":{"self":[{"href":"https:\/\/informelitoral.com.ar\/%77%70%2d%6a%73%6f%6e\/wp\/v2\/posts\/158746","targetHints":{"allow":["GET"]}}],"collection":[{"href":"https:\/\/informelitoral.com.ar\/%77%70%2d%6a%73%6f%6e\/wp\/v2\/posts"}],"about":[{"href":"https:\/\/informelitoral.com.ar\/%77%70%2d%6a%73%6f%6e\/wp\/v2\/types\/post"}],"author":[{"embeddable":true,"href":"https:\/\/informelitoral.com.ar\/%77%70%2d%6a%73%6f%6e\/wp\/v2\/users\/8"}],"replies":[{"embeddable":true,"href":"https:\/\/informelitoral.com.ar\/%77%70%2d%6a%73%6f%6e\/wp\/v2\/comments?post=158746"}],"version-history":[{"count":0,"href":"https:\/\/informelitoral.com.ar\/%77%70%2d%6a%73%6f%6e\/wp\/v2\/posts\/158746\/revisions"}],"wp:featuredmedia":[{"embeddable":true,"href":"https:\/\/informelitoral.com.ar\/%77%70%2d%6a%73%6f%6e\/wp\/v2\/media\/158749"}],"wp:attachment":[{"href":"https:\/\/informelitoral.com.ar\/%77%70%2d%6a%73%6f%6e\/wp\/v2\/media?parent=158746"}],"wp:term":[{"taxonomy":"category","embeddable":true,"href":"https:\/\/informelitoral.com.ar\/%77%70%2d%6a%73%6f%6e\/wp\/v2\/categories?post=158746"},{"taxonomy":"post_tag","embeddable":true,"href":"https:\/\/informelitoral.com.ar\/%77%70%2d%6a%73%6f%6e\/wp\/v2\/tags?post=158746"}],"curies":[{"name":"wp","href":"https:\/\/api.w.org\/{rel}","templated":true}]}}