{"id":158119,"date":"2023-07-18T09:41:01","date_gmt":"2023-07-18T12:41:01","guid":{"rendered":"https:\/\/www.informelitoral.com.ar\/?p=158119"},"modified":"2023-07-18T09:43:30","modified_gmt":"2023-07-18T12:43:30","slug":"el-gobierno-autorizo-un-nuevo-aumento-en-el-precio-del-bioetanol","status":"publish","type":"post","link":"https:\/\/informelitoral.com.ar\/el-gobierno-autorizo-un-nuevo-aumento-en-el-precio-del-bioetanol\/","title":{"rendered":"El gobierno autoriz\u00f3 un nuevo aumento en el precio del bioetanol"},"content":{"rendered":"<section class=\"texto\">La Secretar\u00eda de Energ\u00eda fij\u00f3 un aumento del 4,4% en el precio de adquisici\u00f3n del bioetanol elaborado a base de ca\u00f1a de az\u00facar y de ma\u00edz, destinado a su mezcla obligatoria con naftas.Para ambos tipos de biocombustibles, se estableci\u00f3 un valor de $172,759 por litro, que regir\u00e1 para las operaciones llevadas a cabo a partir del 8 de julio de 2023 y hasta la publicaci\u00f3n de un nuevo precio que lo reemplace.As\u00ed fue dispuesto por la Resoluci\u00f3n 588\/2023, publicada este martes en el Bolet\u00edn Oficial.<\/p>\n<p>El plazo de pago del bioetanol no podr\u00e1 exceder, en ning\u00fan caso, los 30 d\u00edas corridos a contar desde la fecha de la factura correspondiente, seg\u00fan el texto oficial.<\/p>\n<p>La cotizaci\u00f3n de estos biocombustibles var\u00eda de acuerdo con la variaci\u00f3n porcentual del precio en el surtidor de las naftas comercializadas en las estaciones de servicio de YPF de la Ciudad de Buenos Aires, seg\u00fan qued\u00f3 establecido en un decreto de octubre de 2021.<\/p>\n<p>Un a\u00f1o despu\u00e9s, Energ\u00eda fue facultada a establecer mecanismos alternativos para la determinaci\u00f3n del precio del bioetanol de aplicaci\u00f3n en los casos en que se verifiquen desfasajes sustanciales entre aquel precio y los costos de elaboraci\u00f3n de los citados biocombustibles.<\/p>\n<p>Ya en mayo de este a\u00f1o, esa Secretar\u00eda aprob\u00f3 nuevos procedimientos para la determinaci\u00f3n de los precios, que reci\u00e9n entrar\u00e1n en vigencia a partir del 1\u00ba de noviembre pr\u00f3ximo.<\/p>\n<\/section>\n<div class=\"publi-top publi-listado\">\n<div class=\"publi-728\">\n<div id=\"banner-interior-b\" class=\"banner-zone-found banner-step-1 banner-loop-1 banner-is-dfp banner-step-4\" data-google-query-id=\"CKCelcqjmIADFYIDuQYdJ7sFNw\"><\/div>\n<\/div>\n<\/div>\n","protected":false},"excerpt":{"rendered":"<p>La Secretar\u00eda de Energ\u00eda autoriz\u00f3 suba de 4,43% en el precio de adquisici\u00f3n del litro de bioetanol, tanto para los elaborados a base de ca\u00f1a de az\u00facar como los de ma\u00edz, en l\u00ednea con los incrementos que YPF dispuso para sus combustibles.<\/p>\n","protected":false},"author":8,"featured_media":76071,"comment_status":"open","ping_status":"open","sticky":false,"template":"","format":"standard","meta":{"fifu_image_url":"","fifu_image_alt":"","footnotes":""},"categories":[1594,7],"tags":[172,302,2010],"class_list":{"0":"post-158119","1":"post","2":"type-post","3":"status-publish","4":"format-standard","5":"has-post-thumbnail","7":"category-economia","8":"category-nacionales","9":"tag-aumento","10":"tag-bioetanol","11":"tag-precio"},"yoast_head":"<title>El gobierno autoriz\u00f3 un nuevo aumento en el precio del bioetanol - Informe Litoral<\/title>\n<meta name=\"robots\" content=\"index, follow, max-snippet:-1, max-image-preview:large, max-video-preview:-1\" \/>\n<link rel=\"canonical\" href=\"https:\/\/informelitoral.com.ar\/el-gobierno-autorizo-un-nuevo-aumento-en-el-precio-del-bioetanol\/\" \/>\n<meta property=\"og:locale\" content=\"es_ES\" \/>\n<meta property=\"og:type\" content=\"article\" \/>\n<meta property=\"og:title\" content=\"El gobierno autoriz\u00f3 un nuevo aumento en el precio del bioetanol - Informe Litoral\" \/>\n<meta property=\"og:description\" content=\"La Secretar\u00eda de Energ\u00eda autoriz\u00f3 suba de 4,43% en el precio de adquisici\u00f3n del litro de bioetanol, tanto para los elaborados a base de ca\u00f1a de az\u00facar como los de ma\u00edz, en l\u00ednea con los incrementos que YPF dispuso para sus combustibles.\" \/>\n<meta property=\"og:url\" content=\"https:\/\/informelitoral.com.ar\/el-gobierno-autorizo-un-nuevo-aumento-en-el-precio-del-bioetanol\/\" \/>\n<meta property=\"og:site_name\" content=\"Informe Litoral\" \/>\n<meta property=\"article:publisher\" content=\"https:\/\/www.facebook.com\/informelitoral\/\" \/>\n<meta property=\"article:published_time\" content=\"2023-07-18T12:41:01+00:00\" \/>\n<meta property=\"article:modified_time\" content=\"2023-07-18T12:43:30+00:00\" \/>\n<meta property=\"og:image\" content=\"https:\/\/informelitoral.com.ar\/%77%70%2d%63%6f%6e%74%65%6e%74\/uploads\/2022\/04\/bioetanol_2000.jpg\" \/>\n\t<meta property=\"og:image:width\" content=\"530\" \/>\n\t<meta property=\"og:image:height\" content=\"352\" \/>\n\t<meta property=\"og:image:type\" content=\"image\/jpeg\" \/>\n<meta name=\"author\" content=\"Sebastian\" \/>\n<meta name=\"twitter:card\" content=\"summary_large_image\" \/>\n<meta name=\"twitter:creator\" content=\"@InformeLitoral\" \/>\n<meta name=\"twitter:site\" content=\"@InformeLitoral\" \/>\n<meta name=\"twitter:label1\" content=\"Escrito por\" \/>\n\t<meta name=\"twitter:data1\" content=\"Sebastian\" \/>\n\t<meta name=\"twitter:label2\" content=\"Tiempo de lectura\" \/>\n\t<meta name=\"twitter:data2\" content=\"1 minuto\" \/>\n<script type=\"application\/ld+json\" class=\"yoast-schema-graph\">{\"@context\":\"https:\\\/\\\/schema.org\",\"@graph\":[{\"@type\":\"Article\",\"@id\":\"https:\\\/\\\/informelitoral.com.ar\\\/el-gobierno-autorizo-un-nuevo-aumento-en-el-precio-del-bioetanol\\\/#article\",\"isPartOf\":{\"@id\":\"https:\\\/\\\/informelitoral.com.ar\\\/el-gobierno-autorizo-un-nuevo-aumento-en-el-precio-del-bioetanol\\\/\"},\"author\":{\"name\":\"Sebastian\",\"@id\":\"https:\\\/\\\/informelitoral.com.ar\\\/#\\\/schema\\\/person\\\/f05f9f461677119578717524b127d6d5\"},\"headline\":\"El gobierno autoriz\u00f3 un nuevo aumento en el precio del bioetanol\",\"datePublished\":\"2023-07-18T12:41:01+00:00\",\"dateModified\":\"2023-07-18T12:43:30+00:00\",\"mainEntityOfPage\":{\"@id\":\"https:\\\/\\\/informelitoral.com.ar\\\/el-gobierno-autorizo-un-nuevo-aumento-en-el-precio-del-bioetanol\\\/\"},\"wordCount\":260,\"commentCount\":0,\"publisher\":{\"@id\":\"https:\\\/\\\/informelitoral.com.ar\\\/#organization\"},\"image\":{\"@id\":\"https:\\\/\\\/informelitoral.com.ar\\\/el-gobierno-autorizo-un-nuevo-aumento-en-el-precio-del-bioetanol\\\/#primaryimage\"},\"thumbnailUrl\":\"https:\\\/\\\/informelitoral.com.ar\\\/%77%70%2d%63%6f%6e%74%65%6e%74\\\/uploads\\\/2022\\\/04\\\/bioetanol_2000.jpg\",\"keywords\":[\"Aumento\",\"Bioetanol\",\"Precio\"],\"articleSection\":[\"Econom\u00eda\",\"Nacionales\"],\"inLanguage\":\"es\",\"potentialAction\":[{\"@type\":\"CommentAction\",\"name\":\"Comment\",\"target\":[\"https:\\\/\\\/informelitoral.com.ar\\\/el-gobierno-autorizo-un-nuevo-aumento-en-el-precio-del-bioetanol\\\/#respond\"]}]},{\"@type\":\"WebPage\",\"@id\":\"https:\\\/\\\/informelitoral.com.ar\\\/el-gobierno-autorizo-un-nuevo-aumento-en-el-precio-del-bioetanol\\\/\",\"url\":\"https:\\\/\\\/informelitoral.com.ar\\\/el-gobierno-autorizo-un-nuevo-aumento-en-el-precio-del-bioetanol\\\/\",\"name\":\"El gobierno autoriz\u00f3 un nuevo aumento en el precio del bioetanol - Informe Litoral\",\"isPartOf\":{\"@id\":\"https:\\\/\\\/informelitoral.com.ar\\\/#website\"},\"primaryImageOfPage\":{\"@id\":\"https:\\\/\\\/informelitoral.com.ar\\\/el-gobierno-autorizo-un-nuevo-aumento-en-el-precio-del-bioetanol\\\/#primaryimage\"},\"image\":{\"@id\":\"https:\\\/\\\/informelitoral.com.ar\\\/el-gobierno-autorizo-un-nuevo-aumento-en-el-precio-del-bioetanol\\\/#primaryimage\"},\"thumbnailUrl\":\"https:\\\/\\\/informelitoral.com.ar\\\/%77%70%2d%63%6f%6e%74%65%6e%74\\\/uploads\\\/2022\\\/04\\\/bioetanol_2000.jpg\",\"datePublished\":\"2023-07-18T12:41:01+00:00\",\"dateModified\":\"2023-07-18T12:43:30+00:00\",\"breadcrumb\":{\"@id\":\"https:\\\/\\\/informelitoral.com.ar\\\/el-gobierno-autorizo-un-nuevo-aumento-en-el-precio-del-bioetanol\\\/#breadcrumb\"},\"inLanguage\":\"es\",\"potentialAction\":[{\"@type\":\"ReadAction\",\"target\":[\"https:\\\/\\\/informelitoral.com.ar\\\/el-gobierno-autorizo-un-nuevo-aumento-en-el-precio-del-bioetanol\\\/\"]}]},{\"@type\":\"ImageObject\",\"inLanguage\":\"es\",\"@id\":\"https:\\\/\\\/informelitoral.com.ar\\\/el-gobierno-autorizo-un-nuevo-aumento-en-el-precio-del-bioetanol\\\/#primaryimage\",\"url\":\"https:\\\/\\\/informelitoral.com.ar\\\/%77%70%2d%63%6f%6e%74%65%6e%74\\\/uploads\\\/2022\\\/04\\\/bioetanol_2000.jpg\",\"contentUrl\":\"https:\\\/\\\/informelitoral.com.ar\\\/%77%70%2d%63%6f%6e%74%65%6e%74\\\/uploads\\\/2022\\\/04\\\/bioetanol_2000.jpg\",\"width\":530,\"height\":352},{\"@type\":\"BreadcrumbList\",\"@id\":\"https:\\\/\\\/informelitoral.com.ar\\\/el-gobierno-autorizo-un-nuevo-aumento-en-el-precio-del-bioetanol\\\/#breadcrumb\",\"itemListElement\":[{\"@type\":\"ListItem\",\"position\":1,\"name\":\"Portada\",\"item\":\"https:\\\/\\\/informelitoral.com.ar\\\/\"},{\"@type\":\"ListItem\",\"position\":2,\"name\":\"El gobierno autoriz\u00f3 un nuevo aumento en el precio del bioetanol\"}]},{\"@type\":\"WebSite\",\"@id\":\"https:\\\/\\\/informelitoral.com.ar\\\/#website\",\"url\":\"https:\\\/\\\/informelitoral.com.ar\\\/\",\"name\":\"Informe Litoral\",\"description\":\"&quot;Nos informamos&quot; \",\"publisher\":{\"@id\":\"https:\\\/\\\/informelitoral.com.ar\\\/#organization\"},\"potentialAction\":[{\"@type\":\"SearchAction\",\"target\":{\"@type\":\"EntryPoint\",\"urlTemplate\":\"https:\\\/\\\/informelitoral.com.ar\\\/?s={search_term_string}\"},\"query-input\":{\"@type\":\"PropertyValueSpecification\",\"valueRequired\":true,\"valueName\":\"search_term_string\"}}],\"inLanguage\":\"es\"},{\"@type\":\"Organization\",\"@id\":\"https:\\\/\\\/informelitoral.com.ar\\\/#organization\",\"name\":\"Informe Litoral\",\"url\":\"https:\\\/\\\/informelitoral.com.ar\\\/\",\"logo\":{\"@type\":\"ImageObject\",\"inLanguage\":\"es\",\"@id\":\"https:\\\/\\\/informelitoral.com.ar\\\/#\\\/schema\\\/logo\\\/image\\\/\",\"url\":\"https:\\\/\\\/informelitoral.com.ar\\\/%77%70%2d%63%6f%6e%74%65%6e%74\\\/uploads\\\/2021\\\/01\\\/circulo.png\",\"contentUrl\":\"https:\\\/\\\/informelitoral.com.ar\\\/%77%70%2d%63%6f%6e%74%65%6e%74\\\/uploads\\\/2021\\\/01\\\/circulo.png\",\"width\":723,\"height\":731,\"caption\":\"Informe Litoral\"},\"image\":{\"@id\":\"https:\\\/\\\/informelitoral.com.ar\\\/#\\\/schema\\\/logo\\\/image\\\/\"},\"sameAs\":[\"https:\\\/\\\/www.facebook.com\\\/informelitoral\\\/\",\"https:\\\/\\\/x.com\\\/InformeLitoral\",\"https:\\\/\\\/www.instagram.com\\\/informelitoral\\\/\",\"https:\\\/\\\/www.youtube.com\\\/channel\\\/UCua4Qvz8Icb6MYqhoq9xLXw\"]},{\"@type\":\"Person\",\"@id\":\"https:\\\/\\\/informelitoral.com.ar\\\/#\\\/schema\\\/person\\\/f05f9f461677119578717524b127d6d5\",\"name\":\"Sebastian\",\"image\":{\"@type\":\"ImageObject\",\"inLanguage\":\"es\",\"@id\":\"https:\\\/\\\/secure.gravatar.com\\\/avatar\\\/b71bf7481d447dfb9583c7f2798e7cc64de6efb9067b74633ed8c31059a3bd82?s=96&d=mm&r=g\",\"url\":\"https:\\\/\\\/secure.gravatar.com\\\/avatar\\\/b71bf7481d447dfb9583c7f2798e7cc64de6efb9067b74633ed8c31059a3bd82?s=96&d=mm&r=g\",\"contentUrl\":\"https:\\\/\\\/secure.gravatar.com\\\/avatar\\\/b71bf7481d447dfb9583c7f2798e7cc64de6efb9067b74633ed8c31059a3bd82?s=96&d=mm&r=g\",\"caption\":\"Sebastian\"},\"url\":\"https:\\\/\\\/informelitoral.com.ar\\\/author\\\/sebastian\\\/\"}]}<\/script>","yoast_head_json":{"title":"El gobierno autoriz\u00f3 un nuevo aumento en el precio del bioetanol - Informe Litoral","robots":{"index":"index","follow":"follow","max-snippet":"max-snippet:-1","max-image-preview":"max-image-preview:large","max-video-preview":"max-video-preview:-1"},"canonical":"https:\/\/informelitoral.com.ar\/el-gobierno-autorizo-un-nuevo-aumento-en-el-precio-del-bioetanol\/","og_locale":"es_ES","og_type":"article","og_title":"El gobierno autoriz\u00f3 un nuevo aumento en el precio del bioetanol - Informe Litoral","og_description":"La Secretar\u00eda de Energ\u00eda autoriz\u00f3 suba de 4,43% en el precio de adquisici\u00f3n del litro de bioetanol, tanto para los elaborados a base de ca\u00f1a de az\u00facar como los de ma\u00edz, en l\u00ednea con los incrementos que YPF dispuso para sus combustibles.","og_url":"https:\/\/informelitoral.com.ar\/el-gobierno-autorizo-un-nuevo-aumento-en-el-precio-del-bioetanol\/","og_site_name":"Informe Litoral","article_publisher":"https:\/\/www.facebook.com\/informelitoral\/","article_published_time":"2023-07-18T12:41:01+00:00","article_modified_time":"2023-07-18T12:43:30+00:00","og_image":[{"width":530,"height":352,"url":"https:\/\/informelitoral.com.ar\/%77%70%2d%63%6f%6e%74%65%6e%74\/uploads\/2022\/04\/bioetanol_2000.jpg","type":"image\/jpeg"}],"author":"Sebastian","twitter_card":"summary_large_image","twitter_creator":"@InformeLitoral","twitter_site":"@InformeLitoral","twitter_misc":{"Escrito por":"Sebastian","Tiempo de lectura":"1 minuto"},"schema":{"@context":"https:\/\/schema.org","@graph":[{"@type":"Article","@id":"https:\/\/informelitoral.com.ar\/el-gobierno-autorizo-un-nuevo-aumento-en-el-precio-del-bioetanol\/#article","isPartOf":{"@id":"https:\/\/informelitoral.com.ar\/el-gobierno-autorizo-un-nuevo-aumento-en-el-precio-del-bioetanol\/"},"author":{"name":"Sebastian","@id":"https:\/\/informelitoral.com.ar\/#\/schema\/person\/f05f9f461677119578717524b127d6d5"},"headline":"El gobierno autoriz\u00f3 un nuevo aumento en el precio del bioetanol","datePublished":"2023-07-18T12:41:01+00:00","dateModified":"2023-07-18T12:43:30+00:00","mainEntityOfPage":{"@id":"https:\/\/informelitoral.com.ar\/el-gobierno-autorizo-un-nuevo-aumento-en-el-precio-del-bioetanol\/"},"wordCount":260,"commentCount":0,"publisher":{"@id":"https:\/\/informelitoral.com.ar\/#organization"},"image":{"@id":"https:\/\/informelitoral.com.ar\/el-gobierno-autorizo-un-nuevo-aumento-en-el-precio-del-bioetanol\/#primaryimage"},"thumbnailUrl":"https:\/\/informelitoral.com.ar\/%77%70%2d%63%6f%6e%74%65%6e%74\/uploads\/2022\/04\/bioetanol_2000.jpg","keywords":["Aumento","Bioetanol","Precio"],"articleSection":["Econom\u00eda","Nacionales"],"inLanguage":"es","potentialAction":[{"@type":"CommentAction","name":"Comment","target":["https:\/\/informelitoral.com.ar\/el-gobierno-autorizo-un-nuevo-aumento-en-el-precio-del-bioetanol\/#respond"]}]},{"@type":"WebPage","@id":"https:\/\/informelitoral.com.ar\/el-gobierno-autorizo-un-nuevo-aumento-en-el-precio-del-bioetanol\/","url":"https:\/\/informelitoral.com.ar\/el-gobierno-autorizo-un-nuevo-aumento-en-el-precio-del-bioetanol\/","name":"El gobierno autoriz\u00f3 un nuevo aumento en el precio del bioetanol - Informe Litoral","isPartOf":{"@id":"https:\/\/informelitoral.com.ar\/#website"},"primaryImageOfPage":{"@id":"https:\/\/informelitoral.com.ar\/el-gobierno-autorizo-un-nuevo-aumento-en-el-precio-del-bioetanol\/#primaryimage"},"image":{"@id":"https:\/\/informelitoral.com.ar\/el-gobierno-autorizo-un-nuevo-aumento-en-el-precio-del-bioetanol\/#primaryimage"},"thumbnailUrl":"https:\/\/informelitoral.com.ar\/%77%70%2d%63%6f%6e%74%65%6e%74\/uploads\/2022\/04\/bioetanol_2000.jpg","datePublished":"2023-07-18T12:41:01+00:00","dateModified":"2023-07-18T12:43:30+00:00","breadcrumb":{"@id":"https:\/\/informelitoral.com.ar\/el-gobierno-autorizo-un-nuevo-aumento-en-el-precio-del-bioetanol\/#breadcrumb"},"inLanguage":"es","potentialAction":[{"@type":"ReadAction","target":["https:\/\/informelitoral.com.ar\/el-gobierno-autorizo-un-nuevo-aumento-en-el-precio-del-bioetanol\/"]}]},{"@type":"ImageObject","inLanguage":"es","@id":"https:\/\/informelitoral.com.ar\/el-gobierno-autorizo-un-nuevo-aumento-en-el-precio-del-bioetanol\/#primaryimage","url":"https:\/\/informelitoral.com.ar\/%77%70%2d%63%6f%6e%74%65%6e%74\/uploads\/2022\/04\/bioetanol_2000.jpg","contentUrl":"https:\/\/informelitoral.com.ar\/%77%70%2d%63%6f%6e%74%65%6e%74\/uploads\/2022\/04\/bioetanol_2000.jpg","width":530,"height":352},{"@type":"BreadcrumbList","@id":"https:\/\/informelitoral.com.ar\/el-gobierno-autorizo-un-nuevo-aumento-en-el-precio-del-bioetanol\/#breadcrumb","itemListElement":[{"@type":"ListItem","position":1,"name":"Portada","item":"https:\/\/informelitoral.com.ar\/"},{"@type":"ListItem","position":2,"name":"El gobierno autoriz\u00f3 un nuevo aumento en el precio del bioetanol"}]},{"@type":"WebSite","@id":"https:\/\/informelitoral.com.ar\/#website","url":"https:\/\/informelitoral.com.ar\/","name":"Informe Litoral","description":"&quot;Nos informamos&quot; ","publisher":{"@id":"https:\/\/informelitoral.com.ar\/#organization"},"potentialAction":[{"@type":"SearchAction","target":{"@type":"EntryPoint","urlTemplate":"https:\/\/informelitoral.com.ar\/?s={search_term_string}"},"query-input":{"@type":"PropertyValueSpecification","valueRequired":true,"valueName":"search_term_string"}}],"inLanguage":"es"},{"@type":"Organization","@id":"https:\/\/informelitoral.com.ar\/#organization","name":"Informe Litoral","url":"https:\/\/informelitoral.com.ar\/","logo":{"@type":"ImageObject","inLanguage":"es","@id":"https:\/\/informelitoral.com.ar\/#\/schema\/logo\/image\/","url":"https:\/\/informelitoral.com.ar\/%77%70%2d%63%6f%6e%74%65%6e%74\/uploads\/2021\/01\/circulo.png","contentUrl":"https:\/\/informelitoral.com.ar\/%77%70%2d%63%6f%6e%74%65%6e%74\/uploads\/2021\/01\/circulo.png","width":723,"height":731,"caption":"Informe Litoral"},"image":{"@id":"https:\/\/informelitoral.com.ar\/#\/schema\/logo\/image\/"},"sameAs":["https:\/\/www.facebook.com\/informelitoral\/","https:\/\/x.com\/InformeLitoral","https:\/\/www.instagram.com\/informelitoral\/","https:\/\/www.youtube.com\/channel\/UCua4Qvz8Icb6MYqhoq9xLXw"]},{"@type":"Person","@id":"https:\/\/informelitoral.com.ar\/#\/schema\/person\/f05f9f461677119578717524b127d6d5","name":"Sebastian","image":{"@type":"ImageObject","inLanguage":"es","@id":"https:\/\/secure.gravatar.com\/avatar\/b71bf7481d447dfb9583c7f2798e7cc64de6efb9067b74633ed8c31059a3bd82?s=96&d=mm&r=g","url":"https:\/\/secure.gravatar.com\/avatar\/b71bf7481d447dfb9583c7f2798e7cc64de6efb9067b74633ed8c31059a3bd82?s=96&d=mm&r=g","contentUrl":"https:\/\/secure.gravatar.com\/avatar\/b71bf7481d447dfb9583c7f2798e7cc64de6efb9067b74633ed8c31059a3bd82?s=96&d=mm&r=g","caption":"Sebastian"},"url":"https:\/\/informelitoral.com.ar\/author\/sebastian\/"}]}},"_links":{"self":[{"href":"https:\/\/informelitoral.com.ar\/%77%70%2d%6a%73%6f%6e\/wp\/v2\/posts\/158119","targetHints":{"allow":["GET"]}}],"collection":[{"href":"https:\/\/informelitoral.com.ar\/%77%70%2d%6a%73%6f%6e\/wp\/v2\/posts"}],"about":[{"href":"https:\/\/informelitoral.com.ar\/%77%70%2d%6a%73%6f%6e\/wp\/v2\/types\/post"}],"author":[{"embeddable":true,"href":"https:\/\/informelitoral.com.ar\/%77%70%2d%6a%73%6f%6e\/wp\/v2\/users\/8"}],"replies":[{"embeddable":true,"href":"https:\/\/informelitoral.com.ar\/%77%70%2d%6a%73%6f%6e\/wp\/v2\/comments?post=158119"}],"version-history":[{"count":0,"href":"https:\/\/informelitoral.com.ar\/%77%70%2d%6a%73%6f%6e\/wp\/v2\/posts\/158119\/revisions"}],"wp:featuredmedia":[{"embeddable":true,"href":"https:\/\/informelitoral.com.ar\/%77%70%2d%6a%73%6f%6e\/wp\/v2\/media\/76071"}],"wp:attachment":[{"href":"https:\/\/informelitoral.com.ar\/%77%70%2d%6a%73%6f%6e\/wp\/v2\/media?parent=158119"}],"wp:term":[{"taxonomy":"category","embeddable":true,"href":"https:\/\/informelitoral.com.ar\/%77%70%2d%6a%73%6f%6e\/wp\/v2\/categories?post=158119"},{"taxonomy":"post_tag","embeddable":true,"href":"https:\/\/informelitoral.com.ar\/%77%70%2d%6a%73%6f%6e\/wp\/v2\/tags?post=158119"}],"curies":[{"name":"wp","href":"https:\/\/api.w.org\/{rel}","templated":true}]}}