{"id":158105,"date":"2023-07-18T09:24:33","date_gmt":"2023-07-18T12:24:33","guid":{"rendered":"https:\/\/www.informelitoral.com.ar\/?p=158105"},"modified":"2023-07-18T09:27:37","modified_gmt":"2023-07-18T12:27:37","slug":"ramiro-funes-mori-se-sumo-a-los-entrenamientos-del-millo","status":"publish","type":"post","link":"https:\/\/informelitoral.com.ar\/ramiro-funes-mori-se-sumo-a-los-entrenamientos-del-millo\/","title":{"rendered":"Ramiro Funes Mori se sum\u00f3 a los entrenamientos del Millo"},"content":{"rendered":"<div class=\"article-body\">\n<p><strong>Ramiro Funes Mori ya est\u00e1 en el pa\u00eds y este lunes podr\u00eda convertirse formalmente en el primer refuerzo de River de cara al segundo semestre del 2023, que tendr\u00e1 la Copa Libertadores como principal objetivo tras la consagraci\u00f3n a nivel local.<\/strong><\/p>\n<\/div>\n<div class=\"article-body\">\n<p>De no mediar inconvenientes, en las pr\u00f3ximas horas Funes Mori terminar\u00e1 de sellar oficialmente su v\u00ednculo con River, que en principio ser\u00eda por tres temporadas con opci\u00f3n a extenderse por una m\u00e1s. Una vez que esto se d\u00e9, desde el club har\u00e1n el tan esperado anuncio por los riverplatenses.<\/p>\n<\/div>\n<div class=\"article-body\">\n<h4><strong>Mart\u00edn Demichelis confirm\u00f3 el regreso del Mellizo al club<\/strong><\/h4>\n<div id=\"embed3598_wrap\" class=\"embed_cont type_freetext\" contenteditable=\"false\" data-provider=\"Twitter\">\n<div id=\"embed3598_content\" class=\"embed_content\">\n<div id=\"embed3598_embed\">\n<div class=\"twitter-tweet twitter-tweet-rendered\"><iframe id=\"twitter-widget-0\" class=\"\" title=\"Twitter Tweet\" src=\"https:\/\/platform.twitter.com\/embed\/Tweet.html?creatorScreenName=unoentrerios&amp;dnt=false&amp;embedId=twitter-widget-0&amp;features=eyJ0ZndfdGltZWxpbmVfbGlzdCI6eyJidWNrZXQiOltdLCJ2ZXJzaW9uIjpudWxsfSwidGZ3X2ZvbGxvd2VyX2NvdW50X3N1bnNldCI6eyJidWNrZXQiOnRydWUsInZlcnNpb24iOm51bGx9LCJ0ZndfdHdlZXRfZWRpdF9iYWNrZW5kIjp7ImJ1Y2tldCI6Im9uIiwidmVyc2lvbiI6bnVsbH0sInRmd19yZWZzcmNfc2Vzc2lvbiI6eyJidWNrZXQiOiJvbiIsInZlcnNpb24iOm51bGx9LCJ0ZndfZm9zbnJfc29mdF9pbnRlcnZlbnRpb25zX2VuYWJsZWQiOnsiYnVja2V0Ijoib24iLCJ2ZXJzaW9uIjpudWxsfSwidGZ3X21peGVkX21lZGlhXzE1ODk3Ijp7ImJ1Y2tldCI6InRyZWF0bWVudCIsInZlcnNpb24iOm51bGx9LCJ0ZndfZXhwZXJpbWVudHNfY29va2llX2V4cGlyYXRpb24iOnsiYnVja2V0IjoxMjA5NjAwLCJ2ZXJzaW9uIjpudWxsfSwidGZ3X3Nob3dfYmlyZHdhdGNoX3Bpdm90c19lbmFibGVkIjp7ImJ1Y2tldCI6Im9uIiwidmVyc2lvbiI6bnVsbH0sInRmd19kdXBsaWNhdGVfc2NyaWJlc190b19zZXR0aW5ncyI6eyJidWNrZXQiOiJvbiIsInZlcnNpb24iOm51bGx9LCJ0ZndfdXNlX3Byb2ZpbGVfaW1hZ2Vfc2hhcGVfZW5hYmxlZCI6eyJidWNrZXQiOiJvbiIsInZlcnNpb24iOm51bGx9LCJ0ZndfdmlkZW9faGxzX2R5bmFtaWNfbWFuaWZlc3RzXzE1MDgyIjp7ImJ1Y2tldCI6InRydWVfYml0cmF0ZSIsInZlcnNpb24iOm51bGx9LCJ0ZndfbGVnYWN5X3RpbWVsaW5lX3N1bnNldCI6eyJidWNrZXQiOnRydWUsInZlcnNpb24iOm51bGx9LCJ0ZndfdHdlZXRfZWRpdF9mcm9udGVuZCI6eyJidWNrZXQiOiJvbiIsInZlcnNpb24iOm51bGx9fQ%3D%3D&amp;frame=false&amp;hideCard=false&amp;hideThread=false&amp;id=1680970752038940680&amp;lang=es&amp;origin=https%3A%2F%2Fwww.unoentrerios.com.ar%2Framiro-funes-mori-se-sumo-los-entrenamientos-del-millo-n10077565.html&amp;sessionId=88892b646e74a1871cd33713cb0070ca3554a01c&amp;siteScreenName=unoentrerios&amp;theme=light&amp;widgetsVersion=aaf4084522e3a%3A1674595607486&amp;width=550px\" frameborder=\"0\" scrolling=\"no\" allowfullscreen=\"allowfullscreen\" data-tweet-id=\"1680970752038940680\" data-mce-fragment=\"1\"><\/iframe><\/div>\n<\/div>\n<\/div>\n<\/div>\n<h4><strong>Ramiro Funes Mori vuelve a River tras 8 a\u00f1os<\/strong><\/h4>\n<p>El Mellizo debut\u00f3 en la primera de River Plate frente a Gimnasia y Esgrima de Jujuy por la fecha 13 de la Primera B Nacional 2011-12 en la goleada del Millonario 4 a 1, teniendo un rendimiento muy bueno y su momento de gloria en club fue al marcar un gol en la final de la Copa Libertadores, frente a Tigres de M\u00e9xico, partido que el conjunto de Marcelo Gallardo gan\u00f3 3-0 y se consagr\u00f3 campe\u00f3n.<\/p>\n<p>El 18 de agosto de 2015, despu\u00e9s de 4 a\u00f1os en el club millonario, se confirma su traspaso al Everton de la Premier League. El club de Liverpool pag\u00f3 9,5 millones de libras equivalente en ese momento a 14,6 millones de d\u00f3lares por la incorporaci\u00f3n del jugador a sus filas.<\/p>\n<p>Tras la lesi\u00f3n de Phil Jagielka, Ramiro tuvo la oportunidad de ser titular en el equipo de Liverpool. Jugando 19 partidos y afianz\u00e1ndose como titular, convirtiendo dos goles, uno de ellos al Manchester City por las semifinales de la Copa F.A. Y otro al Chelsea por la Premier League.<\/p>\n<p>En julio de 2018 Funes Mori llega al Submarino Amarillo donde logra disputar 74 partidos oficiales con la instituci\u00f3n marcando 3 goles. Tres a\u00f1os m\u00e1s tarde se march\u00f3 al f\u00fatbol de Arabia Saudita por un total de 2 millones de euros.<\/p>\n<p>A principios 2022, Cruz Azul de M\u00e9xico lo fich\u00f3 por 1.5 millones de d\u00f3lares, encontr\u00e1ndose libre con la intenci\u00f3n de fortalecer a\u00fan m\u00e1s el bloque defensivo.<\/p>\n<p>Llegar\u00e1 a River despu\u00e9s de una temporada en la que sum\u00f3 mucho rodaje, aunque tambi\u00e9n es cierto que en estos meses permaneci\u00f3 inactivo de partidos oficiales.<\/p>\n<\/div>\n","protected":false},"excerpt":{"rendered":"<p>La idea es que el defensor de 32 a\u00f1os, Ramiro Funes Mori, entrene junto a sus compa\u00f1eros y firme su contrato para que ya quede todo oficializado.<\/p>\n","protected":false},"author":8,"featured_media":158108,"comment_status":"open","ping_status":"open","sticky":false,"template":"","format":"standard","meta":{"fifu_image_url":"","fifu_image_alt":"","footnotes":""},"categories":[13],"tags":[4301,3528],"class_list":{"0":"post-158105","1":"post","2":"type-post","3":"status-publish","4":"format-standard","5":"has-post-thumbnail","7":"category-deportes","8":"tag-ramiro-funes-mori","9":"tag-river-plate"},"yoast_head":"<title>Ramiro Funes Mori se sum\u00f3 a los entrenamientos del Millo - Informe Litoral<\/title>\n<meta name=\"robots\" content=\"index, follow, max-snippet:-1, max-image-preview:large, max-video-preview:-1\" \/>\n<link rel=\"canonical\" href=\"https:\/\/informelitoral.com.ar\/ramiro-funes-mori-se-sumo-a-los-entrenamientos-del-millo\/\" \/>\n<meta property=\"og:locale\" content=\"es_ES\" \/>\n<meta property=\"og:type\" content=\"article\" \/>\n<meta property=\"og:title\" content=\"Ramiro Funes Mori se sum\u00f3 a los entrenamientos del Millo - Informe Litoral\" \/>\n<meta property=\"og:description\" content=\"La idea es que el defensor de 32 a\u00f1os, Ramiro Funes Mori, entrene junto a sus compa\u00f1eros y firme su contrato para que ya quede todo oficializado.\" \/>\n<meta property=\"og:url\" content=\"https:\/\/informelitoral.com.ar\/ramiro-funes-mori-se-sumo-a-los-entrenamientos-del-millo\/\" \/>\n<meta property=\"og:site_name\" content=\"Informe Litoral\" \/>\n<meta property=\"article:publisher\" content=\"https:\/\/www.facebook.com\/informelitoral\/\" \/>\n<meta property=\"article:published_time\" content=\"2023-07-18T12:24:33+00:00\" \/>\n<meta property=\"article:modified_time\" content=\"2023-07-18T12:27:37+00:00\" \/>\n<meta property=\"og:image\" content=\"https:\/\/informelitoral.com.ar\/%77%70%2d%63%6f%6e%74%65%6e%74\/uploads\/2023\/07\/ramiro-funes-morijpeg.webp\" \/>\n\t<meta property=\"og:image:width\" content=\"642\" \/>\n\t<meta property=\"og:image:height\" content=\"361\" \/>\n\t<meta property=\"og:image:type\" content=\"image\/webp\" \/>\n<meta name=\"author\" content=\"Sebastian\" \/>\n<meta name=\"twitter:card\" content=\"summary_large_image\" \/>\n<meta name=\"twitter:creator\" content=\"@InformeLitoral\" \/>\n<meta name=\"twitter:site\" content=\"@InformeLitoral\" \/>\n<meta name=\"twitter:label1\" content=\"Escrito por\" \/>\n\t<meta name=\"twitter:data1\" content=\"Sebastian\" \/>\n\t<meta name=\"twitter:label2\" content=\"Tiempo de lectura\" \/>\n\t<meta name=\"twitter:data2\" content=\"2 minutos\" \/>\n<script type=\"application\/ld+json\" class=\"yoast-schema-graph\">{\"@context\":\"https:\\\/\\\/schema.org\",\"@graph\":[{\"@type\":\"Article\",\"@id\":\"https:\\\/\\\/informelitoral.com.ar\\\/ramiro-funes-mori-se-sumo-a-los-entrenamientos-del-millo\\\/#article\",\"isPartOf\":{\"@id\":\"https:\\\/\\\/informelitoral.com.ar\\\/ramiro-funes-mori-se-sumo-a-los-entrenamientos-del-millo\\\/\"},\"author\":{\"name\":\"Sebastian\",\"@id\":\"https:\\\/\\\/informelitoral.com.ar\\\/#\\\/schema\\\/person\\\/f05f9f461677119578717524b127d6d5\"},\"headline\":\"Ramiro Funes Mori se sum\u00f3 a los entrenamientos del Millo\",\"datePublished\":\"2023-07-18T12:24:33+00:00\",\"dateModified\":\"2023-07-18T12:27:37+00:00\",\"mainEntityOfPage\":{\"@id\":\"https:\\\/\\\/informelitoral.com.ar\\\/ramiro-funes-mori-se-sumo-a-los-entrenamientos-del-millo\\\/\"},\"wordCount\":401,\"commentCount\":0,\"publisher\":{\"@id\":\"https:\\\/\\\/informelitoral.com.ar\\\/#organization\"},\"image\":{\"@id\":\"https:\\\/\\\/informelitoral.com.ar\\\/ramiro-funes-mori-se-sumo-a-los-entrenamientos-del-millo\\\/#primaryimage\"},\"thumbnailUrl\":\"https:\\\/\\\/informelitoral.com.ar\\\/%77%70%2d%63%6f%6e%74%65%6e%74\\\/uploads\\\/2023\\\/07\\\/ramiro-funes-morijpeg.webp\",\"keywords\":[\"Ramiro Funes Mori\",\"River Plate\"],\"articleSection\":[\"Deportes\"],\"inLanguage\":\"es\",\"potentialAction\":[{\"@type\":\"CommentAction\",\"name\":\"Comment\",\"target\":[\"https:\\\/\\\/informelitoral.com.ar\\\/ramiro-funes-mori-se-sumo-a-los-entrenamientos-del-millo\\\/#respond\"]}]},{\"@type\":\"WebPage\",\"@id\":\"https:\\\/\\\/informelitoral.com.ar\\\/ramiro-funes-mori-se-sumo-a-los-entrenamientos-del-millo\\\/\",\"url\":\"https:\\\/\\\/informelitoral.com.ar\\\/ramiro-funes-mori-se-sumo-a-los-entrenamientos-del-millo\\\/\",\"name\":\"Ramiro Funes Mori se sum\u00f3 a los entrenamientos del Millo - Informe Litoral\",\"isPartOf\":{\"@id\":\"https:\\\/\\\/informelitoral.com.ar\\\/#website\"},\"primaryImageOfPage\":{\"@id\":\"https:\\\/\\\/informelitoral.com.ar\\\/ramiro-funes-mori-se-sumo-a-los-entrenamientos-del-millo\\\/#primaryimage\"},\"image\":{\"@id\":\"https:\\\/\\\/informelitoral.com.ar\\\/ramiro-funes-mori-se-sumo-a-los-entrenamientos-del-millo\\\/#primaryimage\"},\"thumbnailUrl\":\"https:\\\/\\\/informelitoral.com.ar\\\/%77%70%2d%63%6f%6e%74%65%6e%74\\\/uploads\\\/2023\\\/07\\\/ramiro-funes-morijpeg.webp\",\"datePublished\":\"2023-07-18T12:24:33+00:00\",\"dateModified\":\"2023-07-18T12:27:37+00:00\",\"breadcrumb\":{\"@id\":\"https:\\\/\\\/informelitoral.com.ar\\\/ramiro-funes-mori-se-sumo-a-los-entrenamientos-del-millo\\\/#breadcrumb\"},\"inLanguage\":\"es\",\"potentialAction\":[{\"@type\":\"ReadAction\",\"target\":[\"https:\\\/\\\/informelitoral.com.ar\\\/ramiro-funes-mori-se-sumo-a-los-entrenamientos-del-millo\\\/\"]}]},{\"@type\":\"ImageObject\",\"inLanguage\":\"es\",\"@id\":\"https:\\\/\\\/informelitoral.com.ar\\\/ramiro-funes-mori-se-sumo-a-los-entrenamientos-del-millo\\\/#primaryimage\",\"url\":\"https:\\\/\\\/informelitoral.com.ar\\\/%77%70%2d%63%6f%6e%74%65%6e%74\\\/uploads\\\/2023\\\/07\\\/ramiro-funes-morijpeg.webp\",\"contentUrl\":\"https:\\\/\\\/informelitoral.com.ar\\\/%77%70%2d%63%6f%6e%74%65%6e%74\\\/uploads\\\/2023\\\/07\\\/ramiro-funes-morijpeg.webp\",\"width\":642,\"height\":361},{\"@type\":\"BreadcrumbList\",\"@id\":\"https:\\\/\\\/informelitoral.com.ar\\\/ramiro-funes-mori-se-sumo-a-los-entrenamientos-del-millo\\\/#breadcrumb\",\"itemListElement\":[{\"@type\":\"ListItem\",\"position\":1,\"name\":\"Portada\",\"item\":\"https:\\\/\\\/informelitoral.com.ar\\\/\"},{\"@type\":\"ListItem\",\"position\":2,\"name\":\"Ramiro Funes Mori se sum\u00f3 a los entrenamientos del Millo\"}]},{\"@type\":\"WebSite\",\"@id\":\"https:\\\/\\\/informelitoral.com.ar\\\/#website\",\"url\":\"https:\\\/\\\/informelitoral.com.ar\\\/\",\"name\":\"Informe Litoral\",\"description\":\"&quot;Nos informamos&quot; \",\"publisher\":{\"@id\":\"https:\\\/\\\/informelitoral.com.ar\\\/#organization\"},\"potentialAction\":[{\"@type\":\"SearchAction\",\"target\":{\"@type\":\"EntryPoint\",\"urlTemplate\":\"https:\\\/\\\/informelitoral.com.ar\\\/?s={search_term_string}\"},\"query-input\":{\"@type\":\"PropertyValueSpecification\",\"valueRequired\":true,\"valueName\":\"search_term_string\"}}],\"inLanguage\":\"es\"},{\"@type\":\"Organization\",\"@id\":\"https:\\\/\\\/informelitoral.com.ar\\\/#organization\",\"name\":\"Informe Litoral\",\"url\":\"https:\\\/\\\/informelitoral.com.ar\\\/\",\"logo\":{\"@type\":\"ImageObject\",\"inLanguage\":\"es\",\"@id\":\"https:\\\/\\\/informelitoral.com.ar\\\/#\\\/schema\\\/logo\\\/image\\\/\",\"url\":\"https:\\\/\\\/informelitoral.com.ar\\\/%77%70%2d%63%6f%6e%74%65%6e%74\\\/uploads\\\/2021\\\/01\\\/circulo.png\",\"contentUrl\":\"https:\\\/\\\/informelitoral.com.ar\\\/%77%70%2d%63%6f%6e%74%65%6e%74\\\/uploads\\\/2021\\\/01\\\/circulo.png\",\"width\":723,\"height\":731,\"caption\":\"Informe Litoral\"},\"image\":{\"@id\":\"https:\\\/\\\/informelitoral.com.ar\\\/#\\\/schema\\\/logo\\\/image\\\/\"},\"sameAs\":[\"https:\\\/\\\/www.facebook.com\\\/informelitoral\\\/\",\"https:\\\/\\\/x.com\\\/InformeLitoral\",\"https:\\\/\\\/www.instagram.com\\\/informelitoral\\\/\",\"https:\\\/\\\/www.youtube.com\\\/channel\\\/UCua4Qvz8Icb6MYqhoq9xLXw\"]},{\"@type\":\"Person\",\"@id\":\"https:\\\/\\\/informelitoral.com.ar\\\/#\\\/schema\\\/person\\\/f05f9f461677119578717524b127d6d5\",\"name\":\"Sebastian\",\"image\":{\"@type\":\"ImageObject\",\"inLanguage\":\"es\",\"@id\":\"https:\\\/\\\/secure.gravatar.com\\\/avatar\\\/b71bf7481d447dfb9583c7f2798e7cc64de6efb9067b74633ed8c31059a3bd82?s=96&d=mm&r=g\",\"url\":\"https:\\\/\\\/secure.gravatar.com\\\/avatar\\\/b71bf7481d447dfb9583c7f2798e7cc64de6efb9067b74633ed8c31059a3bd82?s=96&d=mm&r=g\",\"contentUrl\":\"https:\\\/\\\/secure.gravatar.com\\\/avatar\\\/b71bf7481d447dfb9583c7f2798e7cc64de6efb9067b74633ed8c31059a3bd82?s=96&d=mm&r=g\",\"caption\":\"Sebastian\"},\"url\":\"https:\\\/\\\/informelitoral.com.ar\\\/author\\\/sebastian\\\/\"}]}<\/script>","yoast_head_json":{"title":"Ramiro Funes Mori se sum\u00f3 a los entrenamientos del Millo - Informe Litoral","robots":{"index":"index","follow":"follow","max-snippet":"max-snippet:-1","max-image-preview":"max-image-preview:large","max-video-preview":"max-video-preview:-1"},"canonical":"https:\/\/informelitoral.com.ar\/ramiro-funes-mori-se-sumo-a-los-entrenamientos-del-millo\/","og_locale":"es_ES","og_type":"article","og_title":"Ramiro Funes Mori se sum\u00f3 a los entrenamientos del Millo - Informe Litoral","og_description":"La idea es que el defensor de 32 a\u00f1os, Ramiro Funes Mori, entrene junto a sus compa\u00f1eros y firme su contrato para que ya quede todo oficializado.","og_url":"https:\/\/informelitoral.com.ar\/ramiro-funes-mori-se-sumo-a-los-entrenamientos-del-millo\/","og_site_name":"Informe Litoral","article_publisher":"https:\/\/www.facebook.com\/informelitoral\/","article_published_time":"2023-07-18T12:24:33+00:00","article_modified_time":"2023-07-18T12:27:37+00:00","og_image":[{"width":642,"height":361,"url":"https:\/\/informelitoral.com.ar\/%77%70%2d%63%6f%6e%74%65%6e%74\/uploads\/2023\/07\/ramiro-funes-morijpeg.webp","type":"image\/webp"}],"author":"Sebastian","twitter_card":"summary_large_image","twitter_creator":"@InformeLitoral","twitter_site":"@InformeLitoral","twitter_misc":{"Escrito por":"Sebastian","Tiempo de lectura":"2 minutos"},"schema":{"@context":"https:\/\/schema.org","@graph":[{"@type":"Article","@id":"https:\/\/informelitoral.com.ar\/ramiro-funes-mori-se-sumo-a-los-entrenamientos-del-millo\/#article","isPartOf":{"@id":"https:\/\/informelitoral.com.ar\/ramiro-funes-mori-se-sumo-a-los-entrenamientos-del-millo\/"},"author":{"name":"Sebastian","@id":"https:\/\/informelitoral.com.ar\/#\/schema\/person\/f05f9f461677119578717524b127d6d5"},"headline":"Ramiro Funes Mori se sum\u00f3 a los entrenamientos del Millo","datePublished":"2023-07-18T12:24:33+00:00","dateModified":"2023-07-18T12:27:37+00:00","mainEntityOfPage":{"@id":"https:\/\/informelitoral.com.ar\/ramiro-funes-mori-se-sumo-a-los-entrenamientos-del-millo\/"},"wordCount":401,"commentCount":0,"publisher":{"@id":"https:\/\/informelitoral.com.ar\/#organization"},"image":{"@id":"https:\/\/informelitoral.com.ar\/ramiro-funes-mori-se-sumo-a-los-entrenamientos-del-millo\/#primaryimage"},"thumbnailUrl":"https:\/\/informelitoral.com.ar\/%77%70%2d%63%6f%6e%74%65%6e%74\/uploads\/2023\/07\/ramiro-funes-morijpeg.webp","keywords":["Ramiro Funes Mori","River Plate"],"articleSection":["Deportes"],"inLanguage":"es","potentialAction":[{"@type":"CommentAction","name":"Comment","target":["https:\/\/informelitoral.com.ar\/ramiro-funes-mori-se-sumo-a-los-entrenamientos-del-millo\/#respond"]}]},{"@type":"WebPage","@id":"https:\/\/informelitoral.com.ar\/ramiro-funes-mori-se-sumo-a-los-entrenamientos-del-millo\/","url":"https:\/\/informelitoral.com.ar\/ramiro-funes-mori-se-sumo-a-los-entrenamientos-del-millo\/","name":"Ramiro Funes Mori se sum\u00f3 a los entrenamientos del Millo - Informe Litoral","isPartOf":{"@id":"https:\/\/informelitoral.com.ar\/#website"},"primaryImageOfPage":{"@id":"https:\/\/informelitoral.com.ar\/ramiro-funes-mori-se-sumo-a-los-entrenamientos-del-millo\/#primaryimage"},"image":{"@id":"https:\/\/informelitoral.com.ar\/ramiro-funes-mori-se-sumo-a-los-entrenamientos-del-millo\/#primaryimage"},"thumbnailUrl":"https:\/\/informelitoral.com.ar\/%77%70%2d%63%6f%6e%74%65%6e%74\/uploads\/2023\/07\/ramiro-funes-morijpeg.webp","datePublished":"2023-07-18T12:24:33+00:00","dateModified":"2023-07-18T12:27:37+00:00","breadcrumb":{"@id":"https:\/\/informelitoral.com.ar\/ramiro-funes-mori-se-sumo-a-los-entrenamientos-del-millo\/#breadcrumb"},"inLanguage":"es","potentialAction":[{"@type":"ReadAction","target":["https:\/\/informelitoral.com.ar\/ramiro-funes-mori-se-sumo-a-los-entrenamientos-del-millo\/"]}]},{"@type":"ImageObject","inLanguage":"es","@id":"https:\/\/informelitoral.com.ar\/ramiro-funes-mori-se-sumo-a-los-entrenamientos-del-millo\/#primaryimage","url":"https:\/\/informelitoral.com.ar\/%77%70%2d%63%6f%6e%74%65%6e%74\/uploads\/2023\/07\/ramiro-funes-morijpeg.webp","contentUrl":"https:\/\/informelitoral.com.ar\/%77%70%2d%63%6f%6e%74%65%6e%74\/uploads\/2023\/07\/ramiro-funes-morijpeg.webp","width":642,"height":361},{"@type":"BreadcrumbList","@id":"https:\/\/informelitoral.com.ar\/ramiro-funes-mori-se-sumo-a-los-entrenamientos-del-millo\/#breadcrumb","itemListElement":[{"@type":"ListItem","position":1,"name":"Portada","item":"https:\/\/informelitoral.com.ar\/"},{"@type":"ListItem","position":2,"name":"Ramiro Funes Mori se sum\u00f3 a los entrenamientos del Millo"}]},{"@type":"WebSite","@id":"https:\/\/informelitoral.com.ar\/#website","url":"https:\/\/informelitoral.com.ar\/","name":"Informe Litoral","description":"&quot;Nos informamos&quot; ","publisher":{"@id":"https:\/\/informelitoral.com.ar\/#organization"},"potentialAction":[{"@type":"SearchAction","target":{"@type":"EntryPoint","urlTemplate":"https:\/\/informelitoral.com.ar\/?s={search_term_string}"},"query-input":{"@type":"PropertyValueSpecification","valueRequired":true,"valueName":"search_term_string"}}],"inLanguage":"es"},{"@type":"Organization","@id":"https:\/\/informelitoral.com.ar\/#organization","name":"Informe Litoral","url":"https:\/\/informelitoral.com.ar\/","logo":{"@type":"ImageObject","inLanguage":"es","@id":"https:\/\/informelitoral.com.ar\/#\/schema\/logo\/image\/","url":"https:\/\/informelitoral.com.ar\/%77%70%2d%63%6f%6e%74%65%6e%74\/uploads\/2021\/01\/circulo.png","contentUrl":"https:\/\/informelitoral.com.ar\/%77%70%2d%63%6f%6e%74%65%6e%74\/uploads\/2021\/01\/circulo.png","width":723,"height":731,"caption":"Informe Litoral"},"image":{"@id":"https:\/\/informelitoral.com.ar\/#\/schema\/logo\/image\/"},"sameAs":["https:\/\/www.facebook.com\/informelitoral\/","https:\/\/x.com\/InformeLitoral","https:\/\/www.instagram.com\/informelitoral\/","https:\/\/www.youtube.com\/channel\/UCua4Qvz8Icb6MYqhoq9xLXw"]},{"@type":"Person","@id":"https:\/\/informelitoral.com.ar\/#\/schema\/person\/f05f9f461677119578717524b127d6d5","name":"Sebastian","image":{"@type":"ImageObject","inLanguage":"es","@id":"https:\/\/secure.gravatar.com\/avatar\/b71bf7481d447dfb9583c7f2798e7cc64de6efb9067b74633ed8c31059a3bd82?s=96&d=mm&r=g","url":"https:\/\/secure.gravatar.com\/avatar\/b71bf7481d447dfb9583c7f2798e7cc64de6efb9067b74633ed8c31059a3bd82?s=96&d=mm&r=g","contentUrl":"https:\/\/secure.gravatar.com\/avatar\/b71bf7481d447dfb9583c7f2798e7cc64de6efb9067b74633ed8c31059a3bd82?s=96&d=mm&r=g","caption":"Sebastian"},"url":"https:\/\/informelitoral.com.ar\/author\/sebastian\/"}]}},"_links":{"self":[{"href":"https:\/\/informelitoral.com.ar\/%77%70%2d%6a%73%6f%6e\/wp\/v2\/posts\/158105","targetHints":{"allow":["GET"]}}],"collection":[{"href":"https:\/\/informelitoral.com.ar\/%77%70%2d%6a%73%6f%6e\/wp\/v2\/posts"}],"about":[{"href":"https:\/\/informelitoral.com.ar\/%77%70%2d%6a%73%6f%6e\/wp\/v2\/types\/post"}],"author":[{"embeddable":true,"href":"https:\/\/informelitoral.com.ar\/%77%70%2d%6a%73%6f%6e\/wp\/v2\/users\/8"}],"replies":[{"embeddable":true,"href":"https:\/\/informelitoral.com.ar\/%77%70%2d%6a%73%6f%6e\/wp\/v2\/comments?post=158105"}],"version-history":[{"count":0,"href":"https:\/\/informelitoral.com.ar\/%77%70%2d%6a%73%6f%6e\/wp\/v2\/posts\/158105\/revisions"}],"wp:featuredmedia":[{"embeddable":true,"href":"https:\/\/informelitoral.com.ar\/%77%70%2d%6a%73%6f%6e\/wp\/v2\/media\/158108"}],"wp:attachment":[{"href":"https:\/\/informelitoral.com.ar\/%77%70%2d%6a%73%6f%6e\/wp\/v2\/media?parent=158105"}],"wp:term":[{"taxonomy":"category","embeddable":true,"href":"https:\/\/informelitoral.com.ar\/%77%70%2d%6a%73%6f%6e\/wp\/v2\/categories?post=158105"},{"taxonomy":"post_tag","embeddable":true,"href":"https:\/\/informelitoral.com.ar\/%77%70%2d%6a%73%6f%6e\/wp\/v2\/tags?post=158105"}],"curies":[{"name":"wp","href":"https:\/\/api.w.org\/{rel}","templated":true}]}}