{"id":15810,"date":"2016-05-06T09:20:37","date_gmt":"2016-05-06T12:20:37","guid":{"rendered":"http:\/\/www.isletasnoticias.com.ar\/?p=15810"},"modified":"2016-05-06T09:26:03","modified_gmt":"2016-05-06T12:26:03","slug":"ramirez-califican-de-historico-al-acuerdo-salarial-con-los-trabajadores-municipales","status":"publish","type":"post","link":"https:\/\/informelitoral.com.ar\/ramirez-califican-de-historico-al-acuerdo-salarial-con-los-trabajadores-municipales\/","title":{"rendered":"Ram\u00edrez: califican de \u00abhist\u00f3rico\u00bb al acuerdo salarial con los trabajadores municipales"},"content":{"rendered":"<p><strong>Tras algunos reclamos y la apertura de una mesa de di\u00e1logo, municipio y sindicato firmaron un acta de acuerdo. Acordaron una agenda de trabajo para el a\u00f1o.\u00a0<\/strong><\/p>\n<figure id=\"attachment_15814\" aria-describedby=\"caption-attachment-15814\" style=\"width: 575px\" class=\"wp-caption aligncenter\"><a href=\"http:\/\/www.isletasnoticias.com.ar\/%77%70%2d%63%6f%6e%74%65%6e%74\/uploads\/2016\/05\/Acuerdo3.jpg\"><img loading=\"lazy\" decoding=\"async\" class=\"wp-image-15814 \" src=\"http:\/\/www.isletasnoticias.com.ar\/%77%70%2d%63%6f%6e%74%65%6e%74\/uploads\/2016\/05\/Acuerdo3.jpg\" alt=\"Acuerdo3\" width=\"575\" height=\"324\" srcset=\"https:\/\/informelitoral.com.ar\/%77%70%2d%63%6f%6e%74%65%6e%74\/uploads\/2016\/05\/Acuerdo3.jpg 960w, https:\/\/informelitoral.com.ar\/%77%70%2d%63%6f%6e%74%65%6e%74\/uploads\/2016\/05\/Acuerdo3-300x169.jpg 300w, https:\/\/informelitoral.com.ar\/%77%70%2d%63%6f%6e%74%65%6e%74\/uploads\/2016\/05\/Acuerdo3-768x432.jpg 768w\" sizes=\"auto, (max-width: 575px) 100vw, 575px\" \/><\/a><figcaption id=\"caption-attachment-15814\" class=\"wp-caption-text\"><em><strong>Foto:<\/strong> Municipio y trabajadores arribaron a un acuerdo \u00abhist\u00f3rico\u00bb y no habr\u00e1 medidas de fuerza.<\/em><\/figcaption><\/figure>\n<p>En General Ram\u00edrez, el municipio y el Sindicato de Trabajadores Municipales arribaron a un acuerdo salarial. Recordemos que en los \u00faltimos d\u00edas hubo <a href=\"http:\/\/www.isletasnoticias.com.ar\/?p=4910\">reclamos por parte del gremio<\/a>, que amenaz\u00f3 con parar en caso de no llegar a un acuerdo con el Ejecutivo.<a href=\"http:\/\/www.isletasnoticias.com.ar\/%77%70%2d%63%6f%6e%74%65%6e%74\/uploads\/2016\/05\/Acuerdo2.jpg\"><img loading=\"lazy\" decoding=\"async\" class=\"size-medium wp-image-15813 alignright\" src=\"http:\/\/www.isletasnoticias.com.ar\/%77%70%2d%63%6f%6e%74%65%6e%74\/uploads\/2016\/05\/Acuerdo2-300x169.jpg\" alt=\"Acuerdo2\" width=\"300\" height=\"169\" srcset=\"https:\/\/informelitoral.com.ar\/%77%70%2d%63%6f%6e%74%65%6e%74\/uploads\/2016\/05\/Acuerdo2-300x169.jpg 300w, https:\/\/informelitoral.com.ar\/%77%70%2d%63%6f%6e%74%65%6e%74\/uploads\/2016\/05\/Acuerdo2-768x432.jpg 768w, https:\/\/informelitoral.com.ar\/%77%70%2d%63%6f%6e%74%65%6e%74\/uploads\/2016\/05\/Acuerdo2.jpg 960w\" sizes=\"auto, (max-width: 300px) 100vw, 300px\" \/><\/a><\/p>\n<p>El acta acuerdo entre la Municipalidad y el sindicato, se firm\u00f3 el\u00a0martes 3 de mayo, en el recinto del Concejo Deliberante. Las partes hab\u00edan iniciado una mesa de di\u00e1logo previamente\u00a0en la que se estableci\u00f3 una agenda con diferentes temas con resoluci\u00f3n inmediata y otros, para resolver en el transcurso de los pr\u00f3ximos meses.<\/p>\n<p><strong>Principales ejes del acuerdo<\/strong><\/p>\n<ul>\n<li>Coordinaci\u00f3n de una agenda de trabajo anual.<\/li>\n<li>Recategorizaciones.<\/li>\n<li>Muda de ropa de trabajo y elementos de seguridad.<\/li>\n<li>Horas extras para el personal.<\/li>\n<li>Inicio de confecci\u00f3n del Nuevo Estatuto Municipal.<\/li>\n<li>Salario m\u00ednimo vital y m\u00f3vil.<\/li>\n<li>Informaci\u00f3n del estado financiero y del personal del municipio. <a href=\"http:\/\/www.isletasnoticias.com.ar\/%77%70%2d%63%6f%6e%74%65%6e%74\/uploads\/2016\/05\/Acuerdo1.jpg\"><img loading=\"lazy\" decoding=\"async\" class=\"size-medium wp-image-15812 alignright\" src=\"http:\/\/www.isletasnoticias.com.ar\/%77%70%2d%63%6f%6e%74%65%6e%74\/uploads\/2016\/05\/Acuerdo1-300x169.jpg\" alt=\"Acuerdo1\" width=\"300\" height=\"169\" srcset=\"https:\/\/informelitoral.com.ar\/%77%70%2d%63%6f%6e%74%65%6e%74\/uploads\/2016\/05\/Acuerdo1-300x169.jpg 300w, https:\/\/informelitoral.com.ar\/%77%70%2d%63%6f%6e%74%65%6e%74\/uploads\/2016\/05\/Acuerdo1-768x432.jpg 768w, https:\/\/informelitoral.com.ar\/%77%70%2d%63%6f%6e%74%65%6e%74\/uploads\/2016\/05\/Acuerdo1.jpg 960w\" sizes=\"auto, (max-width: 300px) 100vw, 300px\" \/><\/a><\/li>\n<\/ul>\n<p>En este marco, seg\u00fan un texto enviado a <strong><em>IN,<\/em> <\/strong>el presidente municipal <strong>Gustavo Vergara<\/strong> destac\u00f3 \u00abel compromiso con el di\u00e1logo y el paciente trabajo desarrollado por las partes para arribar al acuerdo\u00bb, en especial el trabajo del secretario de Gobierno <strong>Pablo Omarini<\/strong> y los representantes del Sindicato, <strong>Marcos Romero, Dar\u00edo Kramer<\/strong> y <strong>Javier Romero<\/strong>.<\/p>\n<p>Descargue el acuerdo completo en este enlace:\u00a0<a href=\"http:\/\/www.isletasnoticias.com.ar\/%77%70%2d%63%6f%6e%74%65%6e%74\/uploads\/2016\/05\/ACTA-ACUERDO-SINDICATO.pdf\">ACTA ACUERDO SINDICATO<\/a><\/p>\n","protected":false},"excerpt":{"rendered":"<p>Tras algunos reclamos y la apertura de una mesa de di&aacute;logo, municipio y sindicato firmaron un acta de acuerdo. Acordaron una agenda de trabajo para el a&ntilde;o.&nbsp; En General Ram&iacute;rez, el municipio y el Sindicato de Trabajadores Municipales arribaron a un acuerdo salarial. Recordemos que en los &uacute;ltimos d&iacute;as hubo reclamos por parte del gremio, [&hellip;]<\/p>\n","protected":false},"author":2,"featured_media":0,"comment_status":"open","ping_status":"open","sticky":false,"template":"","format":"standard","meta":{"fifu_image_url":"","fifu_image_alt":"","footnotes":""},"categories":[5,16],"tags":[],"class_list":{"0":"post-15810","1":"post","2":"type-post","3":"status-publish","4":"format-standard","6":"category-zonales","7":"category-politi"},"yoast_head":"<title>Ram\u00edrez: califican de &quot;hist\u00f3rico&quot; al acuerdo salarial con los trabajadores municipales - Informe Litoral<\/title>\n<meta name=\"robots\" content=\"index, follow, max-snippet:-1, max-image-preview:large, max-video-preview:-1\" \/>\n<link rel=\"canonical\" href=\"https:\/\/informelitoral.com.ar\/ramirez-califican-de-historico-al-acuerdo-salarial-con-los-trabajadores-municipales\/\" \/>\n<meta property=\"og:locale\" content=\"es_ES\" \/>\n<meta property=\"og:type\" content=\"article\" \/>\n<meta property=\"og:title\" content=\"Ram\u00edrez: califican de &quot;hist\u00f3rico&quot; al acuerdo salarial con los trabajadores municipales - Informe Litoral\" \/>\n<meta property=\"og:description\" content=\"Tras algunos reclamos y la apertura de una mesa de di&aacute;logo, municipio y sindicato firmaron un acta de acuerdo. Acordaron una agenda de trabajo para el a&ntilde;o.&nbsp; En General Ram&iacute;rez, el municipio y el Sindicato de Trabajadores Municipales arribaron a un acuerdo salarial. Recordemos que en los &uacute;ltimos d&iacute;as hubo reclamos por parte del gremio, [&hellip;]\" \/>\n<meta property=\"og:url\" content=\"https:\/\/informelitoral.com.ar\/ramirez-califican-de-historico-al-acuerdo-salarial-con-los-trabajadores-municipales\/\" \/>\n<meta property=\"og:site_name\" content=\"Informe Litoral\" \/>\n<meta property=\"article:publisher\" content=\"https:\/\/www.facebook.com\/informelitoral\/\" \/>\n<meta property=\"article:published_time\" content=\"2016-05-06T12:20:37+00:00\" \/>\n<meta property=\"article:modified_time\" content=\"2016-05-06T12:26:03+00:00\" \/>\n<meta property=\"og:image\" content=\"https:\/\/informelitoral.com.ar\/%77%70%2d%63%6f%6e%74%65%6e%74\/uploads\/2016\/05\/Acuerdo3.jpg\" \/>\n\t<meta property=\"og:image:width\" content=\"960\" \/>\n\t<meta property=\"og:image:height\" content=\"540\" \/>\n\t<meta property=\"og:image:type\" content=\"image\/jpeg\" \/>\n<meta name=\"author\" content=\"Gonzalo Schmidt\" \/>\n<meta name=\"twitter:card\" content=\"summary_large_image\" \/>\n<meta name=\"twitter:creator\" content=\"@InformeLitoral\" \/>\n<meta name=\"twitter:site\" content=\"@InformeLitoral\" \/>\n<meta name=\"twitter:label1\" content=\"Escrito por\" \/>\n\t<meta name=\"twitter:data1\" content=\"Gonzalo Schmidt\" \/>\n\t<meta name=\"twitter:label2\" content=\"Tiempo de lectura\" \/>\n\t<meta name=\"twitter:data2\" content=\"1 minuto\" \/>\n<script type=\"application\/ld+json\" class=\"yoast-schema-graph\">{\"@context\":\"https:\\\/\\\/schema.org\",\"@graph\":[{\"@type\":\"Article\",\"@id\":\"https:\\\/\\\/informelitoral.com.ar\\\/ramirez-califican-de-historico-al-acuerdo-salarial-con-los-trabajadores-municipales\\\/#article\",\"isPartOf\":{\"@id\":\"https:\\\/\\\/informelitoral.com.ar\\\/ramirez-califican-de-historico-al-acuerdo-salarial-con-los-trabajadores-municipales\\\/\"},\"author\":{\"name\":\"Gonzalo Schmidt\",\"@id\":\"https:\\\/\\\/informelitoral.com.ar\\\/#\\\/schema\\\/person\\\/b9d00407c836482871ef1d57bf8e3180\"},\"headline\":\"Ram\u00edrez: califican de \u00abhist\u00f3rico\u00bb al acuerdo salarial con los trabajadores municipales\",\"datePublished\":\"2016-05-06T12:20:37+00:00\",\"dateModified\":\"2016-05-06T12:26:03+00:00\",\"mainEntityOfPage\":{\"@id\":\"https:\\\/\\\/informelitoral.com.ar\\\/ramirez-califican-de-historico-al-acuerdo-salarial-con-los-trabajadores-municipales\\\/\"},\"wordCount\":287,\"commentCount\":0,\"publisher\":{\"@id\":\"https:\\\/\\\/informelitoral.com.ar\\\/#organization\"},\"image\":{\"@id\":\"https:\\\/\\\/informelitoral.com.ar\\\/ramirez-califican-de-historico-al-acuerdo-salarial-con-los-trabajadores-municipales\\\/#primaryimage\"},\"thumbnailUrl\":\"http:\\\/\\\/www.isletasnoticias.com.ar\\\/%77%70%2d%63%6f%6e%74%65%6e%74\\\/uploads\\\/2016\\\/05\\\/Acuerdo3.jpg\",\"articleSection\":[\"Departamento Diamante\",\"Politica\"],\"inLanguage\":\"es\",\"potentialAction\":[{\"@type\":\"CommentAction\",\"name\":\"Comment\",\"target\":[\"https:\\\/\\\/informelitoral.com.ar\\\/ramirez-califican-de-historico-al-acuerdo-salarial-con-los-trabajadores-municipales\\\/#respond\"]}]},{\"@type\":\"WebPage\",\"@id\":\"https:\\\/\\\/informelitoral.com.ar\\\/ramirez-califican-de-historico-al-acuerdo-salarial-con-los-trabajadores-municipales\\\/\",\"url\":\"https:\\\/\\\/informelitoral.com.ar\\\/ramirez-califican-de-historico-al-acuerdo-salarial-con-los-trabajadores-municipales\\\/\",\"name\":\"Ram\u00edrez: califican de \\\"hist\u00f3rico\\\" al acuerdo salarial con los trabajadores municipales - Informe Litoral\",\"isPartOf\":{\"@id\":\"https:\\\/\\\/informelitoral.com.ar\\\/#website\"},\"primaryImageOfPage\":{\"@id\":\"https:\\\/\\\/informelitoral.com.ar\\\/ramirez-califican-de-historico-al-acuerdo-salarial-con-los-trabajadores-municipales\\\/#primaryimage\"},\"image\":{\"@id\":\"https:\\\/\\\/informelitoral.com.ar\\\/ramirez-califican-de-historico-al-acuerdo-salarial-con-los-trabajadores-municipales\\\/#primaryimage\"},\"thumbnailUrl\":\"http:\\\/\\\/www.isletasnoticias.com.ar\\\/%77%70%2d%63%6f%6e%74%65%6e%74\\\/uploads\\\/2016\\\/05\\\/Acuerdo3.jpg\",\"datePublished\":\"2016-05-06T12:20:37+00:00\",\"dateModified\":\"2016-05-06T12:26:03+00:00\",\"breadcrumb\":{\"@id\":\"https:\\\/\\\/informelitoral.com.ar\\\/ramirez-califican-de-historico-al-acuerdo-salarial-con-los-trabajadores-municipales\\\/#breadcrumb\"},\"inLanguage\":\"es\",\"potentialAction\":[{\"@type\":\"ReadAction\",\"target\":[\"https:\\\/\\\/informelitoral.com.ar\\\/ramirez-califican-de-historico-al-acuerdo-salarial-con-los-trabajadores-municipales\\\/\"]}]},{\"@type\":\"ImageObject\",\"inLanguage\":\"es\",\"@id\":\"https:\\\/\\\/informelitoral.com.ar\\\/ramirez-califican-de-historico-al-acuerdo-salarial-con-los-trabajadores-municipales\\\/#primaryimage\",\"url\":\"http:\\\/\\\/www.isletasnoticias.com.ar\\\/%77%70%2d%63%6f%6e%74%65%6e%74\\\/uploads\\\/2016\\\/05\\\/Acuerdo3.jpg\",\"contentUrl\":\"http:\\\/\\\/www.isletasnoticias.com.ar\\\/%77%70%2d%63%6f%6e%74%65%6e%74\\\/uploads\\\/2016\\\/05\\\/Acuerdo3.jpg\"},{\"@type\":\"BreadcrumbList\",\"@id\":\"https:\\\/\\\/informelitoral.com.ar\\\/ramirez-califican-de-historico-al-acuerdo-salarial-con-los-trabajadores-municipales\\\/#breadcrumb\",\"itemListElement\":[{\"@type\":\"ListItem\",\"position\":1,\"name\":\"Portada\",\"item\":\"https:\\\/\\\/informelitoral.com.ar\\\/\"},{\"@type\":\"ListItem\",\"position\":2,\"name\":\"Ram\u00edrez: califican de \u00abhist\u00f3rico\u00bb al acuerdo salarial con los trabajadores municipales\"}]},{\"@type\":\"WebSite\",\"@id\":\"https:\\\/\\\/informelitoral.com.ar\\\/#website\",\"url\":\"https:\\\/\\\/informelitoral.com.ar\\\/\",\"name\":\"Informe Litoral\",\"description\":\"&quot;Nos informamos&quot; \",\"publisher\":{\"@id\":\"https:\\\/\\\/informelitoral.com.ar\\\/#organization\"},\"potentialAction\":[{\"@type\":\"SearchAction\",\"target\":{\"@type\":\"EntryPoint\",\"urlTemplate\":\"https:\\\/\\\/informelitoral.com.ar\\\/?s={search_term_string}\"},\"query-input\":{\"@type\":\"PropertyValueSpecification\",\"valueRequired\":true,\"valueName\":\"search_term_string\"}}],\"inLanguage\":\"es\"},{\"@type\":\"Organization\",\"@id\":\"https:\\\/\\\/informelitoral.com.ar\\\/#organization\",\"name\":\"Informe Litoral\",\"url\":\"https:\\\/\\\/informelitoral.com.ar\\\/\",\"logo\":{\"@type\":\"ImageObject\",\"inLanguage\":\"es\",\"@id\":\"https:\\\/\\\/informelitoral.com.ar\\\/#\\\/schema\\\/logo\\\/image\\\/\",\"url\":\"https:\\\/\\\/informelitoral.com.ar\\\/%77%70%2d%63%6f%6e%74%65%6e%74\\\/uploads\\\/2021\\\/01\\\/circulo.png\",\"contentUrl\":\"https:\\\/\\\/informelitoral.com.ar\\\/%77%70%2d%63%6f%6e%74%65%6e%74\\\/uploads\\\/2021\\\/01\\\/circulo.png\",\"width\":723,\"height\":731,\"caption\":\"Informe Litoral\"},\"image\":{\"@id\":\"https:\\\/\\\/informelitoral.com.ar\\\/#\\\/schema\\\/logo\\\/image\\\/\"},\"sameAs\":[\"https:\\\/\\\/www.facebook.com\\\/informelitoral\\\/\",\"https:\\\/\\\/x.com\\\/InformeLitoral\",\"https:\\\/\\\/www.instagram.com\\\/informelitoral\\\/\",\"https:\\\/\\\/www.youtube.com\\\/channel\\\/UCua4Qvz8Icb6MYqhoq9xLXw\"]},{\"@type\":\"Person\",\"@id\":\"https:\\\/\\\/informelitoral.com.ar\\\/#\\\/schema\\\/person\\\/b9d00407c836482871ef1d57bf8e3180\",\"name\":\"Gonzalo Schmidt\",\"image\":{\"@type\":\"ImageObject\",\"inLanguage\":\"es\",\"@id\":\"https:\\\/\\\/secure.gravatar.com\\\/avatar\\\/31a1a7b66ff2de83bd0e9fd79d026630d2d99e55e8bfe501287647b4fd9743de?s=96&d=mm&r=g\",\"url\":\"https:\\\/\\\/secure.gravatar.com\\\/avatar\\\/31a1a7b66ff2de83bd0e9fd79d026630d2d99e55e8bfe501287647b4fd9743de?s=96&d=mm&r=g\",\"contentUrl\":\"https:\\\/\\\/secure.gravatar.com\\\/avatar\\\/31a1a7b66ff2de83bd0e9fd79d026630d2d99e55e8bfe501287647b4fd9743de?s=96&d=mm&r=g\",\"caption\":\"Gonzalo Schmidt\"},\"description\":\"Sitio web de noticias de la provincia de Entre R\u00edos, Argentina. Informaci\u00f3n y entretenimiento. Informe Litoral, nos informamos.\",\"sameAs\":[\"http:\\\/\\\/www.isletasnoticias.com.ar\"],\"url\":\"https:\\\/\\\/informelitoral.com.ar\\\/author\\\/gonzalo\\\/\"}]}<\/script>","yoast_head_json":{"title":"Ram\u00edrez: califican de \"hist\u00f3rico\" al acuerdo salarial con los trabajadores municipales - Informe Litoral","robots":{"index":"index","follow":"follow","max-snippet":"max-snippet:-1","max-image-preview":"max-image-preview:large","max-video-preview":"max-video-preview:-1"},"canonical":"https:\/\/informelitoral.com.ar\/ramirez-califican-de-historico-al-acuerdo-salarial-con-los-trabajadores-municipales\/","og_locale":"es_ES","og_type":"article","og_title":"Ram\u00edrez: califican de \"hist\u00f3rico\" al acuerdo salarial con los trabajadores municipales - Informe Litoral","og_description":"Tras algunos reclamos y la apertura de una mesa de di&aacute;logo, municipio y sindicato firmaron un acta de acuerdo. Acordaron una agenda de trabajo para el a&ntilde;o.&nbsp; En General Ram&iacute;rez, el municipio y el Sindicato de Trabajadores Municipales arribaron a un acuerdo salarial. Recordemos que en los &uacute;ltimos d&iacute;as hubo reclamos por parte del gremio, [&hellip;]","og_url":"https:\/\/informelitoral.com.ar\/ramirez-califican-de-historico-al-acuerdo-salarial-con-los-trabajadores-municipales\/","og_site_name":"Informe Litoral","article_publisher":"https:\/\/www.facebook.com\/informelitoral\/","article_published_time":"2016-05-06T12:20:37+00:00","article_modified_time":"2016-05-06T12:26:03+00:00","og_image":[{"width":960,"height":540,"url":"https:\/\/informelitoral.com.ar\/%77%70%2d%63%6f%6e%74%65%6e%74\/uploads\/2016\/05\/Acuerdo3.jpg","type":"image\/jpeg"}],"author":"Gonzalo Schmidt","twitter_card":"summary_large_image","twitter_creator":"@InformeLitoral","twitter_site":"@InformeLitoral","twitter_misc":{"Escrito por":"Gonzalo Schmidt","Tiempo de lectura":"1 minuto"},"schema":{"@context":"https:\/\/schema.org","@graph":[{"@type":"Article","@id":"https:\/\/informelitoral.com.ar\/ramirez-califican-de-historico-al-acuerdo-salarial-con-los-trabajadores-municipales\/#article","isPartOf":{"@id":"https:\/\/informelitoral.com.ar\/ramirez-califican-de-historico-al-acuerdo-salarial-con-los-trabajadores-municipales\/"},"author":{"name":"Gonzalo Schmidt","@id":"https:\/\/informelitoral.com.ar\/#\/schema\/person\/b9d00407c836482871ef1d57bf8e3180"},"headline":"Ram\u00edrez: califican de \u00abhist\u00f3rico\u00bb al acuerdo salarial con los trabajadores municipales","datePublished":"2016-05-06T12:20:37+00:00","dateModified":"2016-05-06T12:26:03+00:00","mainEntityOfPage":{"@id":"https:\/\/informelitoral.com.ar\/ramirez-califican-de-historico-al-acuerdo-salarial-con-los-trabajadores-municipales\/"},"wordCount":287,"commentCount":0,"publisher":{"@id":"https:\/\/informelitoral.com.ar\/#organization"},"image":{"@id":"https:\/\/informelitoral.com.ar\/ramirez-califican-de-historico-al-acuerdo-salarial-con-los-trabajadores-municipales\/#primaryimage"},"thumbnailUrl":"http:\/\/www.isletasnoticias.com.ar\/%77%70%2d%63%6f%6e%74%65%6e%74\/uploads\/2016\/05\/Acuerdo3.jpg","articleSection":["Departamento Diamante","Politica"],"inLanguage":"es","potentialAction":[{"@type":"CommentAction","name":"Comment","target":["https:\/\/informelitoral.com.ar\/ramirez-califican-de-historico-al-acuerdo-salarial-con-los-trabajadores-municipales\/#respond"]}]},{"@type":"WebPage","@id":"https:\/\/informelitoral.com.ar\/ramirez-califican-de-historico-al-acuerdo-salarial-con-los-trabajadores-municipales\/","url":"https:\/\/informelitoral.com.ar\/ramirez-califican-de-historico-al-acuerdo-salarial-con-los-trabajadores-municipales\/","name":"Ram\u00edrez: califican de \"hist\u00f3rico\" al acuerdo salarial con los trabajadores municipales - Informe Litoral","isPartOf":{"@id":"https:\/\/informelitoral.com.ar\/#website"},"primaryImageOfPage":{"@id":"https:\/\/informelitoral.com.ar\/ramirez-califican-de-historico-al-acuerdo-salarial-con-los-trabajadores-municipales\/#primaryimage"},"image":{"@id":"https:\/\/informelitoral.com.ar\/ramirez-califican-de-historico-al-acuerdo-salarial-con-los-trabajadores-municipales\/#primaryimage"},"thumbnailUrl":"http:\/\/www.isletasnoticias.com.ar\/%77%70%2d%63%6f%6e%74%65%6e%74\/uploads\/2016\/05\/Acuerdo3.jpg","datePublished":"2016-05-06T12:20:37+00:00","dateModified":"2016-05-06T12:26:03+00:00","breadcrumb":{"@id":"https:\/\/informelitoral.com.ar\/ramirez-califican-de-historico-al-acuerdo-salarial-con-los-trabajadores-municipales\/#breadcrumb"},"inLanguage":"es","potentialAction":[{"@type":"ReadAction","target":["https:\/\/informelitoral.com.ar\/ramirez-califican-de-historico-al-acuerdo-salarial-con-los-trabajadores-municipales\/"]}]},{"@type":"ImageObject","inLanguage":"es","@id":"https:\/\/informelitoral.com.ar\/ramirez-califican-de-historico-al-acuerdo-salarial-con-los-trabajadores-municipales\/#primaryimage","url":"http:\/\/www.isletasnoticias.com.ar\/%77%70%2d%63%6f%6e%74%65%6e%74\/uploads\/2016\/05\/Acuerdo3.jpg","contentUrl":"http:\/\/www.isletasnoticias.com.ar\/%77%70%2d%63%6f%6e%74%65%6e%74\/uploads\/2016\/05\/Acuerdo3.jpg"},{"@type":"BreadcrumbList","@id":"https:\/\/informelitoral.com.ar\/ramirez-califican-de-historico-al-acuerdo-salarial-con-los-trabajadores-municipales\/#breadcrumb","itemListElement":[{"@type":"ListItem","position":1,"name":"Portada","item":"https:\/\/informelitoral.com.ar\/"},{"@type":"ListItem","position":2,"name":"Ram\u00edrez: califican de \u00abhist\u00f3rico\u00bb al acuerdo salarial con los trabajadores municipales"}]},{"@type":"WebSite","@id":"https:\/\/informelitoral.com.ar\/#website","url":"https:\/\/informelitoral.com.ar\/","name":"Informe Litoral","description":"&quot;Nos informamos&quot; ","publisher":{"@id":"https:\/\/informelitoral.com.ar\/#organization"},"potentialAction":[{"@type":"SearchAction","target":{"@type":"EntryPoint","urlTemplate":"https:\/\/informelitoral.com.ar\/?s={search_term_string}"},"query-input":{"@type":"PropertyValueSpecification","valueRequired":true,"valueName":"search_term_string"}}],"inLanguage":"es"},{"@type":"Organization","@id":"https:\/\/informelitoral.com.ar\/#organization","name":"Informe Litoral","url":"https:\/\/informelitoral.com.ar\/","logo":{"@type":"ImageObject","inLanguage":"es","@id":"https:\/\/informelitoral.com.ar\/#\/schema\/logo\/image\/","url":"https:\/\/informelitoral.com.ar\/%77%70%2d%63%6f%6e%74%65%6e%74\/uploads\/2021\/01\/circulo.png","contentUrl":"https:\/\/informelitoral.com.ar\/%77%70%2d%63%6f%6e%74%65%6e%74\/uploads\/2021\/01\/circulo.png","width":723,"height":731,"caption":"Informe Litoral"},"image":{"@id":"https:\/\/informelitoral.com.ar\/#\/schema\/logo\/image\/"},"sameAs":["https:\/\/www.facebook.com\/informelitoral\/","https:\/\/x.com\/InformeLitoral","https:\/\/www.instagram.com\/informelitoral\/","https:\/\/www.youtube.com\/channel\/UCua4Qvz8Icb6MYqhoq9xLXw"]},{"@type":"Person","@id":"https:\/\/informelitoral.com.ar\/#\/schema\/person\/b9d00407c836482871ef1d57bf8e3180","name":"Gonzalo Schmidt","image":{"@type":"ImageObject","inLanguage":"es","@id":"https:\/\/secure.gravatar.com\/avatar\/31a1a7b66ff2de83bd0e9fd79d026630d2d99e55e8bfe501287647b4fd9743de?s=96&d=mm&r=g","url":"https:\/\/secure.gravatar.com\/avatar\/31a1a7b66ff2de83bd0e9fd79d026630d2d99e55e8bfe501287647b4fd9743de?s=96&d=mm&r=g","contentUrl":"https:\/\/secure.gravatar.com\/avatar\/31a1a7b66ff2de83bd0e9fd79d026630d2d99e55e8bfe501287647b4fd9743de?s=96&d=mm&r=g","caption":"Gonzalo Schmidt"},"description":"Sitio web de noticias de la provincia de Entre R\u00edos, Argentina. Informaci\u00f3n y entretenimiento. Informe Litoral, nos informamos.","sameAs":["http:\/\/www.isletasnoticias.com.ar"],"url":"https:\/\/informelitoral.com.ar\/author\/gonzalo\/"}]}},"_links":{"self":[{"href":"https:\/\/informelitoral.com.ar\/%77%70%2d%6a%73%6f%6e\/wp\/v2\/posts\/15810","targetHints":{"allow":["GET"]}}],"collection":[{"href":"https:\/\/informelitoral.com.ar\/%77%70%2d%6a%73%6f%6e\/wp\/v2\/posts"}],"about":[{"href":"https:\/\/informelitoral.com.ar\/%77%70%2d%6a%73%6f%6e\/wp\/v2\/types\/post"}],"author":[{"embeddable":true,"href":"https:\/\/informelitoral.com.ar\/%77%70%2d%6a%73%6f%6e\/wp\/v2\/users\/2"}],"replies":[{"embeddable":true,"href":"https:\/\/informelitoral.com.ar\/%77%70%2d%6a%73%6f%6e\/wp\/v2\/comments?post=15810"}],"version-history":[{"count":0,"href":"https:\/\/informelitoral.com.ar\/%77%70%2d%6a%73%6f%6e\/wp\/v2\/posts\/15810\/revisions"}],"wp:attachment":[{"href":"https:\/\/informelitoral.com.ar\/%77%70%2d%6a%73%6f%6e\/wp\/v2\/media?parent=15810"}],"wp:term":[{"taxonomy":"category","embeddable":true,"href":"https:\/\/informelitoral.com.ar\/%77%70%2d%6a%73%6f%6e\/wp\/v2\/categories?post=15810"},{"taxonomy":"post_tag","embeddable":true,"href":"https:\/\/informelitoral.com.ar\/%77%70%2d%6a%73%6f%6e\/wp\/v2\/tags?post=15810"}],"curies":[{"name":"wp","href":"https:\/\/api.w.org\/{rel}","templated":true}]}}