{"id":158062,"date":"2023-07-18T08:42:17","date_gmt":"2023-07-18T11:42:17","guid":{"rendered":"https:\/\/www.informelitoral.com.ar\/?p=158062"},"modified":"2023-07-18T20:36:59","modified_gmt":"2023-07-18T23:36:59","slug":"iba-a-contramano-lo-intercepto-la-policia-y-el-test-de-alcoholemia-le-dio-217","status":"publish","type":"post","link":"https:\/\/informelitoral.com.ar\/iba-a-contramano-lo-intercepto-la-policia-y-el-test-de-alcoholemia-le-dio-217\/","title":{"rendered":"Crespo: Iba a contramano, lo intercept\u00f3 la polic\u00eda y el test de alcoholemia le dio 2,17"},"content":{"rendered":"<p>Alrededor de las 3.00 de la madrugada del domingo, una patrulla policial advirti\u00f3 que un veh\u00edculo iba a contramano en la ciudad de Crespo, por lo que abocaron a interceptarlo. Lograron el cometido \u201cen cercan\u00edas del p\u00f3rtico de la ciudad\u201d, indic\u00f3 el jefe de la comisar\u00eda de dicha localidad, Daniel Rold\u00e1n. Precis\u00f3 que \u201cse trataba de una Estanciera, con dos ocupantes a bordo, ambos j\u00f3venes radicados en General Ram\u00edrez\u00bb.<\/p>\n<p>Los uniformados convocaron a la Guardia Urbana Municipal, \u00abquienes procedieron a efectuar el control de alcoholemia al conductor, arrojando resultado positivo, en una graduaci\u00f3n de 2.17 gramos de alcohol por litro de sangre\u201d, por lo que realizaron \u201cla retenci\u00f3n preventiva de la unidad que fue remolcada al dep\u00f3sito municipal y qued\u00f3 a disposici\u00f3n del Juzgado de Faltas\u201d.<\/p>\n<p>El comisario sostuvo que \u00abhoras antes, pasados los festejos en uno de los v\u00e9rtices de Plaza Sarmiento, con motivo del triunfo de River en la Liga Profesional, se practicaron sendas retenciones de motoveh\u00edculos. Los mismos presentaban escapes antirreglamentarios, con los cuales estaban efectuando cortes o contraexplosiones, avanzada la noche y motivando el llamado de diferentes vecinos afectados por el ruido. Los motoveh\u00edculos detectados fueron trasladados al dep\u00f3sito municipal\u00bb. <em>(Estaci\u00f3n Plus Crespo)<\/em><\/p>\n","protected":false},"excerpt":{"rendered":"<p>\u201cSe trataba de una Estanciera, con dos ocupantes a bordo, ambos j\u00f3venes radicados en General Ram\u00edrez. El veh\u00edculo fue secuestrado\u201d, confirmaron desde la Comisar\u00eda de Crespo al dar detalles sobre lo sucedido el domingo a la madrugada.<\/p>\n","protected":false},"author":8,"featured_media":158066,"comment_status":"open","ping_status":"open","sticky":false,"template":"","format":"standard","meta":{"fifu_image_url":"","fifu_image_alt":"","footnotes":""},"categories":[14],"tags":[208,2711,4302],"class_list":{"0":"post-158062","1":"post","2":"type-post","3":"status-publish","4":"format-standard","5":"has-post-thumbnail","7":"category-policiales","8":"tag-crespo","9":"tag-detenidos","10":"tag-test-de-alcoholemia"},"yoast_head":"<title>Crespo: Iba a contramano, lo intercept\u00f3 la polic\u00eda y el test de alcoholemia le dio 2,17 - Informe Litoral<\/title>\n<meta name=\"robots\" content=\"index, follow, max-snippet:-1, max-image-preview:large, max-video-preview:-1\" \/>\n<link rel=\"canonical\" href=\"https:\/\/informelitoral.com.ar\/iba-a-contramano-lo-intercepto-la-policia-y-el-test-de-alcoholemia-le-dio-217\/\" \/>\n<meta property=\"og:locale\" content=\"es_ES\" \/>\n<meta property=\"og:type\" content=\"article\" \/>\n<meta property=\"og:title\" content=\"Crespo: Iba a contramano, lo intercept\u00f3 la polic\u00eda y el test de alcoholemia le dio 2,17 - Informe Litoral\" \/>\n<meta property=\"og:description\" content=\"\u201cSe trataba de una Estanciera, con dos ocupantes a bordo, ambos j\u00f3venes radicados en General Ram\u00edrez. El veh\u00edculo fue secuestrado\u201d, confirmaron desde la Comisar\u00eda de Crespo al dar detalles sobre lo sucedido el domingo a la madrugada.\" \/>\n<meta property=\"og:url\" content=\"https:\/\/informelitoral.com.ar\/iba-a-contramano-lo-intercepto-la-policia-y-el-test-de-alcoholemia-le-dio-217\/\" \/>\n<meta property=\"og:site_name\" content=\"Informe Litoral\" \/>\n<meta property=\"article:publisher\" content=\"https:\/\/www.facebook.com\/informelitoral\/\" \/>\n<meta property=\"article:published_time\" content=\"2023-07-18T11:42:17+00:00\" \/>\n<meta property=\"article:modified_time\" content=\"2023-07-18T23:36:59+00:00\" \/>\n<meta property=\"og:image\" content=\"https:\/\/informelitoral.com.ar\/%77%70%2d%63%6f%6e%74%65%6e%74\/uploads\/2023\/07\/o_1689665716_1.jpg\" \/>\n\t<meta property=\"og:image:width\" content=\"800\" \/>\n\t<meta property=\"og:image:height\" content=\"450\" \/>\n\t<meta property=\"og:image:type\" content=\"image\/jpeg\" \/>\n<meta name=\"author\" content=\"Sebastian\" \/>\n<meta name=\"twitter:card\" content=\"summary_large_image\" \/>\n<meta name=\"twitter:creator\" content=\"@InformeLitoral\" \/>\n<meta name=\"twitter:site\" content=\"@InformeLitoral\" \/>\n<meta name=\"twitter:label1\" content=\"Escrito por\" \/>\n\t<meta name=\"twitter:data1\" content=\"Sebastian\" \/>\n\t<meta name=\"twitter:label2\" content=\"Tiempo de lectura\" \/>\n\t<meta name=\"twitter:data2\" content=\"1 minuto\" \/>\n<script type=\"application\/ld+json\" class=\"yoast-schema-graph\">{\"@context\":\"https:\\\/\\\/schema.org\",\"@graph\":[{\"@type\":\"Article\",\"@id\":\"https:\\\/\\\/informelitoral.com.ar\\\/iba-a-contramano-lo-intercepto-la-policia-y-el-test-de-alcoholemia-le-dio-217\\\/#article\",\"isPartOf\":{\"@id\":\"https:\\\/\\\/informelitoral.com.ar\\\/iba-a-contramano-lo-intercepto-la-policia-y-el-test-de-alcoholemia-le-dio-217\\\/\"},\"author\":{\"name\":\"Sebastian\",\"@id\":\"https:\\\/\\\/informelitoral.com.ar\\\/#\\\/schema\\\/person\\\/f05f9f461677119578717524b127d6d5\"},\"headline\":\"Crespo: Iba a contramano, lo intercept\u00f3 la polic\u00eda y el test de alcoholemia le dio 2,17\",\"datePublished\":\"2023-07-18T11:42:17+00:00\",\"dateModified\":\"2023-07-18T23:36:59+00:00\",\"mainEntityOfPage\":{\"@id\":\"https:\\\/\\\/informelitoral.com.ar\\\/iba-a-contramano-lo-intercepto-la-policia-y-el-test-de-alcoholemia-le-dio-217\\\/\"},\"wordCount\":227,\"commentCount\":0,\"publisher\":{\"@id\":\"https:\\\/\\\/informelitoral.com.ar\\\/#organization\"},\"image\":{\"@id\":\"https:\\\/\\\/informelitoral.com.ar\\\/iba-a-contramano-lo-intercepto-la-policia-y-el-test-de-alcoholemia-le-dio-217\\\/#primaryimage\"},\"thumbnailUrl\":\"https:\\\/\\\/informelitoral.com.ar\\\/%77%70%2d%63%6f%6e%74%65%6e%74\\\/uploads\\\/2023\\\/07\\\/o_1689665716_1.jpg\",\"keywords\":[\"Crespo\",\"Detenidos\",\"Test de alcoholemia\"],\"articleSection\":[\"Policiales\"],\"inLanguage\":\"es\",\"potentialAction\":[{\"@type\":\"CommentAction\",\"name\":\"Comment\",\"target\":[\"https:\\\/\\\/informelitoral.com.ar\\\/iba-a-contramano-lo-intercepto-la-policia-y-el-test-de-alcoholemia-le-dio-217\\\/#respond\"]}]},{\"@type\":\"WebPage\",\"@id\":\"https:\\\/\\\/informelitoral.com.ar\\\/iba-a-contramano-lo-intercepto-la-policia-y-el-test-de-alcoholemia-le-dio-217\\\/\",\"url\":\"https:\\\/\\\/informelitoral.com.ar\\\/iba-a-contramano-lo-intercepto-la-policia-y-el-test-de-alcoholemia-le-dio-217\\\/\",\"name\":\"Crespo: Iba a contramano, lo intercept\u00f3 la polic\u00eda y el test de alcoholemia le dio 2,17 - Informe Litoral\",\"isPartOf\":{\"@id\":\"https:\\\/\\\/informelitoral.com.ar\\\/#website\"},\"primaryImageOfPage\":{\"@id\":\"https:\\\/\\\/informelitoral.com.ar\\\/iba-a-contramano-lo-intercepto-la-policia-y-el-test-de-alcoholemia-le-dio-217\\\/#primaryimage\"},\"image\":{\"@id\":\"https:\\\/\\\/informelitoral.com.ar\\\/iba-a-contramano-lo-intercepto-la-policia-y-el-test-de-alcoholemia-le-dio-217\\\/#primaryimage\"},\"thumbnailUrl\":\"https:\\\/\\\/informelitoral.com.ar\\\/%77%70%2d%63%6f%6e%74%65%6e%74\\\/uploads\\\/2023\\\/07\\\/o_1689665716_1.jpg\",\"datePublished\":\"2023-07-18T11:42:17+00:00\",\"dateModified\":\"2023-07-18T23:36:59+00:00\",\"breadcrumb\":{\"@id\":\"https:\\\/\\\/informelitoral.com.ar\\\/iba-a-contramano-lo-intercepto-la-policia-y-el-test-de-alcoholemia-le-dio-217\\\/#breadcrumb\"},\"inLanguage\":\"es\",\"potentialAction\":[{\"@type\":\"ReadAction\",\"target\":[\"https:\\\/\\\/informelitoral.com.ar\\\/iba-a-contramano-lo-intercepto-la-policia-y-el-test-de-alcoholemia-le-dio-217\\\/\"]}]},{\"@type\":\"ImageObject\",\"inLanguage\":\"es\",\"@id\":\"https:\\\/\\\/informelitoral.com.ar\\\/iba-a-contramano-lo-intercepto-la-policia-y-el-test-de-alcoholemia-le-dio-217\\\/#primaryimage\",\"url\":\"https:\\\/\\\/informelitoral.com.ar\\\/%77%70%2d%63%6f%6e%74%65%6e%74\\\/uploads\\\/2023\\\/07\\\/o_1689665716_1.jpg\",\"contentUrl\":\"https:\\\/\\\/informelitoral.com.ar\\\/%77%70%2d%63%6f%6e%74%65%6e%74\\\/uploads\\\/2023\\\/07\\\/o_1689665716_1.jpg\",\"width\":800,\"height\":450},{\"@type\":\"BreadcrumbList\",\"@id\":\"https:\\\/\\\/informelitoral.com.ar\\\/iba-a-contramano-lo-intercepto-la-policia-y-el-test-de-alcoholemia-le-dio-217\\\/#breadcrumb\",\"itemListElement\":[{\"@type\":\"ListItem\",\"position\":1,\"name\":\"Portada\",\"item\":\"https:\\\/\\\/informelitoral.com.ar\\\/\"},{\"@type\":\"ListItem\",\"position\":2,\"name\":\"Crespo: Iba a contramano, lo intercept\u00f3 la polic\u00eda y el test de alcoholemia le dio 2,17\"}]},{\"@type\":\"WebSite\",\"@id\":\"https:\\\/\\\/informelitoral.com.ar\\\/#website\",\"url\":\"https:\\\/\\\/informelitoral.com.ar\\\/\",\"name\":\"Informe Litoral\",\"description\":\"&quot;Nos informamos&quot; \",\"publisher\":{\"@id\":\"https:\\\/\\\/informelitoral.com.ar\\\/#organization\"},\"potentialAction\":[{\"@type\":\"SearchAction\",\"target\":{\"@type\":\"EntryPoint\",\"urlTemplate\":\"https:\\\/\\\/informelitoral.com.ar\\\/?s={search_term_string}\"},\"query-input\":{\"@type\":\"PropertyValueSpecification\",\"valueRequired\":true,\"valueName\":\"search_term_string\"}}],\"inLanguage\":\"es\"},{\"@type\":\"Organization\",\"@id\":\"https:\\\/\\\/informelitoral.com.ar\\\/#organization\",\"name\":\"Informe Litoral\",\"url\":\"https:\\\/\\\/informelitoral.com.ar\\\/\",\"logo\":{\"@type\":\"ImageObject\",\"inLanguage\":\"es\",\"@id\":\"https:\\\/\\\/informelitoral.com.ar\\\/#\\\/schema\\\/logo\\\/image\\\/\",\"url\":\"https:\\\/\\\/informelitoral.com.ar\\\/%77%70%2d%63%6f%6e%74%65%6e%74\\\/uploads\\\/2021\\\/01\\\/circulo.png\",\"contentUrl\":\"https:\\\/\\\/informelitoral.com.ar\\\/%77%70%2d%63%6f%6e%74%65%6e%74\\\/uploads\\\/2021\\\/01\\\/circulo.png\",\"width\":723,\"height\":731,\"caption\":\"Informe Litoral\"},\"image\":{\"@id\":\"https:\\\/\\\/informelitoral.com.ar\\\/#\\\/schema\\\/logo\\\/image\\\/\"},\"sameAs\":[\"https:\\\/\\\/www.facebook.com\\\/informelitoral\\\/\",\"https:\\\/\\\/x.com\\\/InformeLitoral\",\"https:\\\/\\\/www.instagram.com\\\/informelitoral\\\/\",\"https:\\\/\\\/www.youtube.com\\\/channel\\\/UCua4Qvz8Icb6MYqhoq9xLXw\"]},{\"@type\":\"Person\",\"@id\":\"https:\\\/\\\/informelitoral.com.ar\\\/#\\\/schema\\\/person\\\/f05f9f461677119578717524b127d6d5\",\"name\":\"Sebastian\",\"image\":{\"@type\":\"ImageObject\",\"inLanguage\":\"es\",\"@id\":\"https:\\\/\\\/secure.gravatar.com\\\/avatar\\\/b71bf7481d447dfb9583c7f2798e7cc64de6efb9067b74633ed8c31059a3bd82?s=96&d=mm&r=g\",\"url\":\"https:\\\/\\\/secure.gravatar.com\\\/avatar\\\/b71bf7481d447dfb9583c7f2798e7cc64de6efb9067b74633ed8c31059a3bd82?s=96&d=mm&r=g\",\"contentUrl\":\"https:\\\/\\\/secure.gravatar.com\\\/avatar\\\/b71bf7481d447dfb9583c7f2798e7cc64de6efb9067b74633ed8c31059a3bd82?s=96&d=mm&r=g\",\"caption\":\"Sebastian\"},\"url\":\"https:\\\/\\\/informelitoral.com.ar\\\/author\\\/sebastian\\\/\"}]}<\/script>","yoast_head_json":{"title":"Crespo: Iba a contramano, lo intercept\u00f3 la polic\u00eda y el test de alcoholemia le dio 2,17 - Informe Litoral","robots":{"index":"index","follow":"follow","max-snippet":"max-snippet:-1","max-image-preview":"max-image-preview:large","max-video-preview":"max-video-preview:-1"},"canonical":"https:\/\/informelitoral.com.ar\/iba-a-contramano-lo-intercepto-la-policia-y-el-test-de-alcoholemia-le-dio-217\/","og_locale":"es_ES","og_type":"article","og_title":"Crespo: Iba a contramano, lo intercept\u00f3 la polic\u00eda y el test de alcoholemia le dio 2,17 - Informe Litoral","og_description":"\u201cSe trataba de una Estanciera, con dos ocupantes a bordo, ambos j\u00f3venes radicados en General Ram\u00edrez. El veh\u00edculo fue secuestrado\u201d, confirmaron desde la Comisar\u00eda de Crespo al dar detalles sobre lo sucedido el domingo a la madrugada.","og_url":"https:\/\/informelitoral.com.ar\/iba-a-contramano-lo-intercepto-la-policia-y-el-test-de-alcoholemia-le-dio-217\/","og_site_name":"Informe Litoral","article_publisher":"https:\/\/www.facebook.com\/informelitoral\/","article_published_time":"2023-07-18T11:42:17+00:00","article_modified_time":"2023-07-18T23:36:59+00:00","og_image":[{"width":800,"height":450,"url":"https:\/\/informelitoral.com.ar\/%77%70%2d%63%6f%6e%74%65%6e%74\/uploads\/2023\/07\/o_1689665716_1.jpg","type":"image\/jpeg"}],"author":"Sebastian","twitter_card":"summary_large_image","twitter_creator":"@InformeLitoral","twitter_site":"@InformeLitoral","twitter_misc":{"Escrito por":"Sebastian","Tiempo de lectura":"1 minuto"},"schema":{"@context":"https:\/\/schema.org","@graph":[{"@type":"Article","@id":"https:\/\/informelitoral.com.ar\/iba-a-contramano-lo-intercepto-la-policia-y-el-test-de-alcoholemia-le-dio-217\/#article","isPartOf":{"@id":"https:\/\/informelitoral.com.ar\/iba-a-contramano-lo-intercepto-la-policia-y-el-test-de-alcoholemia-le-dio-217\/"},"author":{"name":"Sebastian","@id":"https:\/\/informelitoral.com.ar\/#\/schema\/person\/f05f9f461677119578717524b127d6d5"},"headline":"Crespo: Iba a contramano, lo intercept\u00f3 la polic\u00eda y el test de alcoholemia le dio 2,17","datePublished":"2023-07-18T11:42:17+00:00","dateModified":"2023-07-18T23:36:59+00:00","mainEntityOfPage":{"@id":"https:\/\/informelitoral.com.ar\/iba-a-contramano-lo-intercepto-la-policia-y-el-test-de-alcoholemia-le-dio-217\/"},"wordCount":227,"commentCount":0,"publisher":{"@id":"https:\/\/informelitoral.com.ar\/#organization"},"image":{"@id":"https:\/\/informelitoral.com.ar\/iba-a-contramano-lo-intercepto-la-policia-y-el-test-de-alcoholemia-le-dio-217\/#primaryimage"},"thumbnailUrl":"https:\/\/informelitoral.com.ar\/%77%70%2d%63%6f%6e%74%65%6e%74\/uploads\/2023\/07\/o_1689665716_1.jpg","keywords":["Crespo","Detenidos","Test de alcoholemia"],"articleSection":["Policiales"],"inLanguage":"es","potentialAction":[{"@type":"CommentAction","name":"Comment","target":["https:\/\/informelitoral.com.ar\/iba-a-contramano-lo-intercepto-la-policia-y-el-test-de-alcoholemia-le-dio-217\/#respond"]}]},{"@type":"WebPage","@id":"https:\/\/informelitoral.com.ar\/iba-a-contramano-lo-intercepto-la-policia-y-el-test-de-alcoholemia-le-dio-217\/","url":"https:\/\/informelitoral.com.ar\/iba-a-contramano-lo-intercepto-la-policia-y-el-test-de-alcoholemia-le-dio-217\/","name":"Crespo: Iba a contramano, lo intercept\u00f3 la polic\u00eda y el test de alcoholemia le dio 2,17 - Informe Litoral","isPartOf":{"@id":"https:\/\/informelitoral.com.ar\/#website"},"primaryImageOfPage":{"@id":"https:\/\/informelitoral.com.ar\/iba-a-contramano-lo-intercepto-la-policia-y-el-test-de-alcoholemia-le-dio-217\/#primaryimage"},"image":{"@id":"https:\/\/informelitoral.com.ar\/iba-a-contramano-lo-intercepto-la-policia-y-el-test-de-alcoholemia-le-dio-217\/#primaryimage"},"thumbnailUrl":"https:\/\/informelitoral.com.ar\/%77%70%2d%63%6f%6e%74%65%6e%74\/uploads\/2023\/07\/o_1689665716_1.jpg","datePublished":"2023-07-18T11:42:17+00:00","dateModified":"2023-07-18T23:36:59+00:00","breadcrumb":{"@id":"https:\/\/informelitoral.com.ar\/iba-a-contramano-lo-intercepto-la-policia-y-el-test-de-alcoholemia-le-dio-217\/#breadcrumb"},"inLanguage":"es","potentialAction":[{"@type":"ReadAction","target":["https:\/\/informelitoral.com.ar\/iba-a-contramano-lo-intercepto-la-policia-y-el-test-de-alcoholemia-le-dio-217\/"]}]},{"@type":"ImageObject","inLanguage":"es","@id":"https:\/\/informelitoral.com.ar\/iba-a-contramano-lo-intercepto-la-policia-y-el-test-de-alcoholemia-le-dio-217\/#primaryimage","url":"https:\/\/informelitoral.com.ar\/%77%70%2d%63%6f%6e%74%65%6e%74\/uploads\/2023\/07\/o_1689665716_1.jpg","contentUrl":"https:\/\/informelitoral.com.ar\/%77%70%2d%63%6f%6e%74%65%6e%74\/uploads\/2023\/07\/o_1689665716_1.jpg","width":800,"height":450},{"@type":"BreadcrumbList","@id":"https:\/\/informelitoral.com.ar\/iba-a-contramano-lo-intercepto-la-policia-y-el-test-de-alcoholemia-le-dio-217\/#breadcrumb","itemListElement":[{"@type":"ListItem","position":1,"name":"Portada","item":"https:\/\/informelitoral.com.ar\/"},{"@type":"ListItem","position":2,"name":"Crespo: Iba a contramano, lo intercept\u00f3 la polic\u00eda y el test de alcoholemia le dio 2,17"}]},{"@type":"WebSite","@id":"https:\/\/informelitoral.com.ar\/#website","url":"https:\/\/informelitoral.com.ar\/","name":"Informe Litoral","description":"&quot;Nos informamos&quot; ","publisher":{"@id":"https:\/\/informelitoral.com.ar\/#organization"},"potentialAction":[{"@type":"SearchAction","target":{"@type":"EntryPoint","urlTemplate":"https:\/\/informelitoral.com.ar\/?s={search_term_string}"},"query-input":{"@type":"PropertyValueSpecification","valueRequired":true,"valueName":"search_term_string"}}],"inLanguage":"es"},{"@type":"Organization","@id":"https:\/\/informelitoral.com.ar\/#organization","name":"Informe Litoral","url":"https:\/\/informelitoral.com.ar\/","logo":{"@type":"ImageObject","inLanguage":"es","@id":"https:\/\/informelitoral.com.ar\/#\/schema\/logo\/image\/","url":"https:\/\/informelitoral.com.ar\/%77%70%2d%63%6f%6e%74%65%6e%74\/uploads\/2021\/01\/circulo.png","contentUrl":"https:\/\/informelitoral.com.ar\/%77%70%2d%63%6f%6e%74%65%6e%74\/uploads\/2021\/01\/circulo.png","width":723,"height":731,"caption":"Informe Litoral"},"image":{"@id":"https:\/\/informelitoral.com.ar\/#\/schema\/logo\/image\/"},"sameAs":["https:\/\/www.facebook.com\/informelitoral\/","https:\/\/x.com\/InformeLitoral","https:\/\/www.instagram.com\/informelitoral\/","https:\/\/www.youtube.com\/channel\/UCua4Qvz8Icb6MYqhoq9xLXw"]},{"@type":"Person","@id":"https:\/\/informelitoral.com.ar\/#\/schema\/person\/f05f9f461677119578717524b127d6d5","name":"Sebastian","image":{"@type":"ImageObject","inLanguage":"es","@id":"https:\/\/secure.gravatar.com\/avatar\/b71bf7481d447dfb9583c7f2798e7cc64de6efb9067b74633ed8c31059a3bd82?s=96&d=mm&r=g","url":"https:\/\/secure.gravatar.com\/avatar\/b71bf7481d447dfb9583c7f2798e7cc64de6efb9067b74633ed8c31059a3bd82?s=96&d=mm&r=g","contentUrl":"https:\/\/secure.gravatar.com\/avatar\/b71bf7481d447dfb9583c7f2798e7cc64de6efb9067b74633ed8c31059a3bd82?s=96&d=mm&r=g","caption":"Sebastian"},"url":"https:\/\/informelitoral.com.ar\/author\/sebastian\/"}]}},"_links":{"self":[{"href":"https:\/\/informelitoral.com.ar\/%77%70%2d%6a%73%6f%6e\/wp\/v2\/posts\/158062","targetHints":{"allow":["GET"]}}],"collection":[{"href":"https:\/\/informelitoral.com.ar\/%77%70%2d%6a%73%6f%6e\/wp\/v2\/posts"}],"about":[{"href":"https:\/\/informelitoral.com.ar\/%77%70%2d%6a%73%6f%6e\/wp\/v2\/types\/post"}],"author":[{"embeddable":true,"href":"https:\/\/informelitoral.com.ar\/%77%70%2d%6a%73%6f%6e\/wp\/v2\/users\/8"}],"replies":[{"embeddable":true,"href":"https:\/\/informelitoral.com.ar\/%77%70%2d%6a%73%6f%6e\/wp\/v2\/comments?post=158062"}],"version-history":[{"count":0,"href":"https:\/\/informelitoral.com.ar\/%77%70%2d%6a%73%6f%6e\/wp\/v2\/posts\/158062\/revisions"}],"wp:featuredmedia":[{"embeddable":true,"href":"https:\/\/informelitoral.com.ar\/%77%70%2d%6a%73%6f%6e\/wp\/v2\/media\/158066"}],"wp:attachment":[{"href":"https:\/\/informelitoral.com.ar\/%77%70%2d%6a%73%6f%6e\/wp\/v2\/media?parent=158062"}],"wp:term":[{"taxonomy":"category","embeddable":true,"href":"https:\/\/informelitoral.com.ar\/%77%70%2d%6a%73%6f%6e\/wp\/v2\/categories?post=158062"},{"taxonomy":"post_tag","embeddable":true,"href":"https:\/\/informelitoral.com.ar\/%77%70%2d%6a%73%6f%6e\/wp\/v2\/tags?post=158062"}],"curies":[{"name":"wp","href":"https:\/\/api.w.org\/{rel}","templated":true}]}}