{"id":157702,"date":"2023-07-14T09:43:39","date_gmt":"2023-07-14T12:43:39","guid":{"rendered":"https:\/\/www.informelitoral.com.ar\/?p=157702"},"modified":"2023-07-14T19:51:09","modified_gmt":"2023-07-14T22:51:09","slug":"los-precios-de-los-alimentos-se-desaceleraron-por-segundo-mes-consecutivo","status":"publish","type":"post","link":"https:\/\/informelitoral.com.ar\/los-precios-de-los-alimentos-se-desaceleraron-por-segundo-mes-consecutivo\/","title":{"rendered":"Los precios de los alimentos se desaceleraron por segundo mes consecutivo"},"content":{"rendered":"<p>Los precios de los alimentos y bebidas subieron en junio pasado un 4,1%, la variaci\u00f3n m\u00e1s baja de los \u00faltimos siete meses, y se desaceleraron por segundo mes consecutivo, al ubicarse incluso por debajo del nivel general de inflaci\u00f3n, seg\u00fan las cifras del \u00cdndice de Precios al Consumidor (IPC) difundidas hoy por el INDEC.<\/p>\n<figure class=\"embed\"><img decoding=\"async\" title=\"\" src=\"https:\/\/elonce-media.elonce.com\/fotos-nuevo\/2023\/04\/16\/o_1681684310.jpg\" alt=\"\" width=\"640\" \/><\/figure>\n<p>Pese a la desaceleraci\u00f3n, los precios de los principales art\u00edculos de la canasta familiar a\u00fan se mantienen cinco puntos porcentuales por encima del costo de vida anual acumulado, ya que aumentaron un 55,6% contra una suba del 50,7% en el nivel general en el primer semestre del a\u00f1o.<br \/>\nEn la comparaci\u00f3n interanual, los alimentos subieron en los \u00faltimos doce meses un 116,9%, casi dos puntos porcentuales arriba de la inflaci\u00f3n del mismo per\u00edodo, que fue del 115,6%.<\/p>\n<p>El az\u00facar lider\u00f3 los aumentos de precios, con un alza del 33,9% respecto de mayo \u00faltimo, seguido por la papa, con 24,7%; arvejas enlatadas, 18,2%; yerba, 16,6%; pan franc\u00e9s, 13,1%; y vino com\u00fan, 12,7%.<br \/>\nTambi\u00e9n superaron los dos d\u00edgitos de incremento en los precios el tomate en conserva, con 13,7%; arroz, con 12,7%; yogur, 12,2%; galletitas dulces, 10,1%, y los fideos, 10,8%.<br \/>\nLas bajas de precios se centraron en las frutas y verduras lideradas por el tomate redondo, con un 26,4; naranjas, 25,9%, y el lim\u00f3n, con un 14,5%.<\/p>\n<p>Los precios de los cortes de carne volvieron a tener la menor incidencia en el \u00edndice general, con aumentos del 2,3% en la carne picada, 1,6% en la paleta, 0,9% en el cuadril, 0,7% en la nalga, y 0,3% en el asado, mientras que el kilo de pollo baj\u00f3 un 5,3% y el filet de merluza subi\u00f3 un 10,8%.<br \/>\nEn los productos l\u00e1cteos la leche entera en polvo subi\u00f3 un 6,5%, seguido por la manteca, con 8,9%; la leche entera de sachet, 5,6%, y los quesos cremosos, 6,4%; pategr\u00e1s, 4,9%, y sardo, 5,5%.<\/p>\n","protected":false},"excerpt":{"rendered":"<p>Pese a la desaceleraci\u00f3n, los precios de los principales art\u00edculos de la canasta familiar a\u00fan se mantienen cinco puntos porcentuales por encima del costo de vida anual acumulado, ya que aumentaron un 55,6%.<\/p>\n","protected":false},"author":8,"featured_media":77584,"comment_status":"open","ping_status":"open","sticky":false,"template":"","format":"standard","meta":{"fifu_image_url":"","fifu_image_alt":"","footnotes":""},"categories":[1594,7],"tags":[367,78,32],"class_list":{"0":"post-157702","1":"post","2":"type-post","3":"status-publish","4":"format-standard","5":"has-post-thumbnail","7":"category-economia","8":"category-nacionales","9":"tag-alimentos","10":"tag-indec","11":"tag-precios"},"yoast_head":"<title>Los precios de los alimentos se desaceleraron por segundo mes consecutivo - Informe Litoral<\/title>\n<meta name=\"robots\" content=\"index, follow, max-snippet:-1, max-image-preview:large, max-video-preview:-1\" \/>\n<link rel=\"canonical\" href=\"https:\/\/informelitoral.com.ar\/los-precios-de-los-alimentos-se-desaceleraron-por-segundo-mes-consecutivo\/\" \/>\n<meta property=\"og:locale\" content=\"es_ES\" \/>\n<meta property=\"og:type\" content=\"article\" \/>\n<meta property=\"og:title\" content=\"Los precios de los alimentos se desaceleraron por segundo mes consecutivo - Informe Litoral\" \/>\n<meta property=\"og:description\" content=\"Pese a la desaceleraci\u00f3n, los precios de los principales art\u00edculos de la canasta familiar a\u00fan se mantienen cinco puntos porcentuales por encima del costo de vida anual acumulado, ya que aumentaron un 55,6%.\" \/>\n<meta property=\"og:url\" content=\"https:\/\/informelitoral.com.ar\/los-precios-de-los-alimentos-se-desaceleraron-por-segundo-mes-consecutivo\/\" \/>\n<meta property=\"og:site_name\" content=\"Informe Litoral\" \/>\n<meta property=\"article:publisher\" content=\"https:\/\/www.facebook.com\/informelitoral\/\" \/>\n<meta property=\"article:published_time\" content=\"2023-07-14T12:43:39+00:00\" \/>\n<meta property=\"article:modified_time\" content=\"2023-07-14T22:51:09+00:00\" \/>\n<meta property=\"og:image\" content=\"https:\/\/informelitoral.com.ar\/%77%70%2d%63%6f%6e%74%65%6e%74\/uploads\/2022\/05\/super.jpg\" \/>\n\t<meta property=\"og:image:width\" content=\"1200\" \/>\n\t<meta property=\"og:image:height\" content=\"800\" \/>\n\t<meta property=\"og:image:type\" content=\"image\/jpeg\" \/>\n<meta name=\"author\" content=\"Sebastian\" \/>\n<meta name=\"twitter:card\" content=\"summary_large_image\" \/>\n<meta name=\"twitter:creator\" content=\"@InformeLitoral\" \/>\n<meta name=\"twitter:site\" content=\"@InformeLitoral\" \/>\n<meta name=\"twitter:label1\" content=\"Escrito por\" \/>\n\t<meta name=\"twitter:data1\" content=\"Sebastian\" \/>\n\t<meta name=\"twitter:label2\" content=\"Tiempo de lectura\" \/>\n\t<meta name=\"twitter:data2\" content=\"2 minutos\" \/>\n<script type=\"application\/ld+json\" class=\"yoast-schema-graph\">{\"@context\":\"https:\\\/\\\/schema.org\",\"@graph\":[{\"@type\":\"Article\",\"@id\":\"https:\\\/\\\/informelitoral.com.ar\\\/los-precios-de-los-alimentos-se-desaceleraron-por-segundo-mes-consecutivo\\\/#article\",\"isPartOf\":{\"@id\":\"https:\\\/\\\/informelitoral.com.ar\\\/los-precios-de-los-alimentos-se-desaceleraron-por-segundo-mes-consecutivo\\\/\"},\"author\":{\"name\":\"Sebastian\",\"@id\":\"https:\\\/\\\/informelitoral.com.ar\\\/#\\\/schema\\\/person\\\/f05f9f461677119578717524b127d6d5\"},\"headline\":\"Los precios de los alimentos se desaceleraron por segundo mes consecutivo\",\"datePublished\":\"2023-07-14T12:43:39+00:00\",\"dateModified\":\"2023-07-14T22:51:09+00:00\",\"mainEntityOfPage\":{\"@id\":\"https:\\\/\\\/informelitoral.com.ar\\\/los-precios-de-los-alimentos-se-desaceleraron-por-segundo-mes-consecutivo\\\/\"},\"wordCount\":311,\"commentCount\":0,\"publisher\":{\"@id\":\"https:\\\/\\\/informelitoral.com.ar\\\/#organization\"},\"image\":{\"@id\":\"https:\\\/\\\/informelitoral.com.ar\\\/los-precios-de-los-alimentos-se-desaceleraron-por-segundo-mes-consecutivo\\\/#primaryimage\"},\"thumbnailUrl\":\"https:\\\/\\\/informelitoral.com.ar\\\/%77%70%2d%63%6f%6e%74%65%6e%74\\\/uploads\\\/2022\\\/05\\\/super.jpg\",\"keywords\":[\"Alimentos\",\"Indec\",\"precios\"],\"articleSection\":[\"Econom\u00eda\",\"Nacionales\"],\"inLanguage\":\"es\",\"potentialAction\":[{\"@type\":\"CommentAction\",\"name\":\"Comment\",\"target\":[\"https:\\\/\\\/informelitoral.com.ar\\\/los-precios-de-los-alimentos-se-desaceleraron-por-segundo-mes-consecutivo\\\/#respond\"]}]},{\"@type\":\"WebPage\",\"@id\":\"https:\\\/\\\/informelitoral.com.ar\\\/los-precios-de-los-alimentos-se-desaceleraron-por-segundo-mes-consecutivo\\\/\",\"url\":\"https:\\\/\\\/informelitoral.com.ar\\\/los-precios-de-los-alimentos-se-desaceleraron-por-segundo-mes-consecutivo\\\/\",\"name\":\"Los precios de los alimentos se desaceleraron por segundo mes consecutivo - Informe Litoral\",\"isPartOf\":{\"@id\":\"https:\\\/\\\/informelitoral.com.ar\\\/#website\"},\"primaryImageOfPage\":{\"@id\":\"https:\\\/\\\/informelitoral.com.ar\\\/los-precios-de-los-alimentos-se-desaceleraron-por-segundo-mes-consecutivo\\\/#primaryimage\"},\"image\":{\"@id\":\"https:\\\/\\\/informelitoral.com.ar\\\/los-precios-de-los-alimentos-se-desaceleraron-por-segundo-mes-consecutivo\\\/#primaryimage\"},\"thumbnailUrl\":\"https:\\\/\\\/informelitoral.com.ar\\\/%77%70%2d%63%6f%6e%74%65%6e%74\\\/uploads\\\/2022\\\/05\\\/super.jpg\",\"datePublished\":\"2023-07-14T12:43:39+00:00\",\"dateModified\":\"2023-07-14T22:51:09+00:00\",\"breadcrumb\":{\"@id\":\"https:\\\/\\\/informelitoral.com.ar\\\/los-precios-de-los-alimentos-se-desaceleraron-por-segundo-mes-consecutivo\\\/#breadcrumb\"},\"inLanguage\":\"es\",\"potentialAction\":[{\"@type\":\"ReadAction\",\"target\":[\"https:\\\/\\\/informelitoral.com.ar\\\/los-precios-de-los-alimentos-se-desaceleraron-por-segundo-mes-consecutivo\\\/\"]}]},{\"@type\":\"ImageObject\",\"inLanguage\":\"es\",\"@id\":\"https:\\\/\\\/informelitoral.com.ar\\\/los-precios-de-los-alimentos-se-desaceleraron-por-segundo-mes-consecutivo\\\/#primaryimage\",\"url\":\"https:\\\/\\\/informelitoral.com.ar\\\/%77%70%2d%63%6f%6e%74%65%6e%74\\\/uploads\\\/2022\\\/05\\\/super.jpg\",\"contentUrl\":\"https:\\\/\\\/informelitoral.com.ar\\\/%77%70%2d%63%6f%6e%74%65%6e%74\\\/uploads\\\/2022\\\/05\\\/super.jpg\",\"width\":1200,\"height\":800},{\"@type\":\"BreadcrumbList\",\"@id\":\"https:\\\/\\\/informelitoral.com.ar\\\/los-precios-de-los-alimentos-se-desaceleraron-por-segundo-mes-consecutivo\\\/#breadcrumb\",\"itemListElement\":[{\"@type\":\"ListItem\",\"position\":1,\"name\":\"Portada\",\"item\":\"https:\\\/\\\/informelitoral.com.ar\\\/\"},{\"@type\":\"ListItem\",\"position\":2,\"name\":\"Los precios de los alimentos se desaceleraron por segundo mes consecutivo\"}]},{\"@type\":\"WebSite\",\"@id\":\"https:\\\/\\\/informelitoral.com.ar\\\/#website\",\"url\":\"https:\\\/\\\/informelitoral.com.ar\\\/\",\"name\":\"Informe Litoral\",\"description\":\"&quot;Nos informamos&quot; \",\"publisher\":{\"@id\":\"https:\\\/\\\/informelitoral.com.ar\\\/#organization\"},\"potentialAction\":[{\"@type\":\"SearchAction\",\"target\":{\"@type\":\"EntryPoint\",\"urlTemplate\":\"https:\\\/\\\/informelitoral.com.ar\\\/?s={search_term_string}\"},\"query-input\":{\"@type\":\"PropertyValueSpecification\",\"valueRequired\":true,\"valueName\":\"search_term_string\"}}],\"inLanguage\":\"es\"},{\"@type\":\"Organization\",\"@id\":\"https:\\\/\\\/informelitoral.com.ar\\\/#organization\",\"name\":\"Informe Litoral\",\"url\":\"https:\\\/\\\/informelitoral.com.ar\\\/\",\"logo\":{\"@type\":\"ImageObject\",\"inLanguage\":\"es\",\"@id\":\"https:\\\/\\\/informelitoral.com.ar\\\/#\\\/schema\\\/logo\\\/image\\\/\",\"url\":\"https:\\\/\\\/informelitoral.com.ar\\\/%77%70%2d%63%6f%6e%74%65%6e%74\\\/uploads\\\/2021\\\/01\\\/circulo.png\",\"contentUrl\":\"https:\\\/\\\/informelitoral.com.ar\\\/%77%70%2d%63%6f%6e%74%65%6e%74\\\/uploads\\\/2021\\\/01\\\/circulo.png\",\"width\":723,\"height\":731,\"caption\":\"Informe Litoral\"},\"image\":{\"@id\":\"https:\\\/\\\/informelitoral.com.ar\\\/#\\\/schema\\\/logo\\\/image\\\/\"},\"sameAs\":[\"https:\\\/\\\/www.facebook.com\\\/informelitoral\\\/\",\"https:\\\/\\\/x.com\\\/InformeLitoral\",\"https:\\\/\\\/www.instagram.com\\\/informelitoral\\\/\",\"https:\\\/\\\/www.youtube.com\\\/channel\\\/UCua4Qvz8Icb6MYqhoq9xLXw\"]},{\"@type\":\"Person\",\"@id\":\"https:\\\/\\\/informelitoral.com.ar\\\/#\\\/schema\\\/person\\\/f05f9f461677119578717524b127d6d5\",\"name\":\"Sebastian\",\"image\":{\"@type\":\"ImageObject\",\"inLanguage\":\"es\",\"@id\":\"https:\\\/\\\/secure.gravatar.com\\\/avatar\\\/b71bf7481d447dfb9583c7f2798e7cc64de6efb9067b74633ed8c31059a3bd82?s=96&d=mm&r=g\",\"url\":\"https:\\\/\\\/secure.gravatar.com\\\/avatar\\\/b71bf7481d447dfb9583c7f2798e7cc64de6efb9067b74633ed8c31059a3bd82?s=96&d=mm&r=g\",\"contentUrl\":\"https:\\\/\\\/secure.gravatar.com\\\/avatar\\\/b71bf7481d447dfb9583c7f2798e7cc64de6efb9067b74633ed8c31059a3bd82?s=96&d=mm&r=g\",\"caption\":\"Sebastian\"},\"url\":\"https:\\\/\\\/informelitoral.com.ar\\\/author\\\/sebastian\\\/\"}]}<\/script>","yoast_head_json":{"title":"Los precios de los alimentos se desaceleraron por segundo mes consecutivo - Informe Litoral","robots":{"index":"index","follow":"follow","max-snippet":"max-snippet:-1","max-image-preview":"max-image-preview:large","max-video-preview":"max-video-preview:-1"},"canonical":"https:\/\/informelitoral.com.ar\/los-precios-de-los-alimentos-se-desaceleraron-por-segundo-mes-consecutivo\/","og_locale":"es_ES","og_type":"article","og_title":"Los precios de los alimentos se desaceleraron por segundo mes consecutivo - Informe Litoral","og_description":"Pese a la desaceleraci\u00f3n, los precios de los principales art\u00edculos de la canasta familiar a\u00fan se mantienen cinco puntos porcentuales por encima del costo de vida anual acumulado, ya que aumentaron un 55,6%.","og_url":"https:\/\/informelitoral.com.ar\/los-precios-de-los-alimentos-se-desaceleraron-por-segundo-mes-consecutivo\/","og_site_name":"Informe Litoral","article_publisher":"https:\/\/www.facebook.com\/informelitoral\/","article_published_time":"2023-07-14T12:43:39+00:00","article_modified_time":"2023-07-14T22:51:09+00:00","og_image":[{"width":1200,"height":800,"url":"https:\/\/informelitoral.com.ar\/%77%70%2d%63%6f%6e%74%65%6e%74\/uploads\/2022\/05\/super.jpg","type":"image\/jpeg"}],"author":"Sebastian","twitter_card":"summary_large_image","twitter_creator":"@InformeLitoral","twitter_site":"@InformeLitoral","twitter_misc":{"Escrito por":"Sebastian","Tiempo de lectura":"2 minutos"},"schema":{"@context":"https:\/\/schema.org","@graph":[{"@type":"Article","@id":"https:\/\/informelitoral.com.ar\/los-precios-de-los-alimentos-se-desaceleraron-por-segundo-mes-consecutivo\/#article","isPartOf":{"@id":"https:\/\/informelitoral.com.ar\/los-precios-de-los-alimentos-se-desaceleraron-por-segundo-mes-consecutivo\/"},"author":{"name":"Sebastian","@id":"https:\/\/informelitoral.com.ar\/#\/schema\/person\/f05f9f461677119578717524b127d6d5"},"headline":"Los precios de los alimentos se desaceleraron por segundo mes consecutivo","datePublished":"2023-07-14T12:43:39+00:00","dateModified":"2023-07-14T22:51:09+00:00","mainEntityOfPage":{"@id":"https:\/\/informelitoral.com.ar\/los-precios-de-los-alimentos-se-desaceleraron-por-segundo-mes-consecutivo\/"},"wordCount":311,"commentCount":0,"publisher":{"@id":"https:\/\/informelitoral.com.ar\/#organization"},"image":{"@id":"https:\/\/informelitoral.com.ar\/los-precios-de-los-alimentos-se-desaceleraron-por-segundo-mes-consecutivo\/#primaryimage"},"thumbnailUrl":"https:\/\/informelitoral.com.ar\/%77%70%2d%63%6f%6e%74%65%6e%74\/uploads\/2022\/05\/super.jpg","keywords":["Alimentos","Indec","precios"],"articleSection":["Econom\u00eda","Nacionales"],"inLanguage":"es","potentialAction":[{"@type":"CommentAction","name":"Comment","target":["https:\/\/informelitoral.com.ar\/los-precios-de-los-alimentos-se-desaceleraron-por-segundo-mes-consecutivo\/#respond"]}]},{"@type":"WebPage","@id":"https:\/\/informelitoral.com.ar\/los-precios-de-los-alimentos-se-desaceleraron-por-segundo-mes-consecutivo\/","url":"https:\/\/informelitoral.com.ar\/los-precios-de-los-alimentos-se-desaceleraron-por-segundo-mes-consecutivo\/","name":"Los precios de los alimentos se desaceleraron por segundo mes consecutivo - Informe Litoral","isPartOf":{"@id":"https:\/\/informelitoral.com.ar\/#website"},"primaryImageOfPage":{"@id":"https:\/\/informelitoral.com.ar\/los-precios-de-los-alimentos-se-desaceleraron-por-segundo-mes-consecutivo\/#primaryimage"},"image":{"@id":"https:\/\/informelitoral.com.ar\/los-precios-de-los-alimentos-se-desaceleraron-por-segundo-mes-consecutivo\/#primaryimage"},"thumbnailUrl":"https:\/\/informelitoral.com.ar\/%77%70%2d%63%6f%6e%74%65%6e%74\/uploads\/2022\/05\/super.jpg","datePublished":"2023-07-14T12:43:39+00:00","dateModified":"2023-07-14T22:51:09+00:00","breadcrumb":{"@id":"https:\/\/informelitoral.com.ar\/los-precios-de-los-alimentos-se-desaceleraron-por-segundo-mes-consecutivo\/#breadcrumb"},"inLanguage":"es","potentialAction":[{"@type":"ReadAction","target":["https:\/\/informelitoral.com.ar\/los-precios-de-los-alimentos-se-desaceleraron-por-segundo-mes-consecutivo\/"]}]},{"@type":"ImageObject","inLanguage":"es","@id":"https:\/\/informelitoral.com.ar\/los-precios-de-los-alimentos-se-desaceleraron-por-segundo-mes-consecutivo\/#primaryimage","url":"https:\/\/informelitoral.com.ar\/%77%70%2d%63%6f%6e%74%65%6e%74\/uploads\/2022\/05\/super.jpg","contentUrl":"https:\/\/informelitoral.com.ar\/%77%70%2d%63%6f%6e%74%65%6e%74\/uploads\/2022\/05\/super.jpg","width":1200,"height":800},{"@type":"BreadcrumbList","@id":"https:\/\/informelitoral.com.ar\/los-precios-de-los-alimentos-se-desaceleraron-por-segundo-mes-consecutivo\/#breadcrumb","itemListElement":[{"@type":"ListItem","position":1,"name":"Portada","item":"https:\/\/informelitoral.com.ar\/"},{"@type":"ListItem","position":2,"name":"Los precios de los alimentos se desaceleraron por segundo mes consecutivo"}]},{"@type":"WebSite","@id":"https:\/\/informelitoral.com.ar\/#website","url":"https:\/\/informelitoral.com.ar\/","name":"Informe Litoral","description":"&quot;Nos informamos&quot; ","publisher":{"@id":"https:\/\/informelitoral.com.ar\/#organization"},"potentialAction":[{"@type":"SearchAction","target":{"@type":"EntryPoint","urlTemplate":"https:\/\/informelitoral.com.ar\/?s={search_term_string}"},"query-input":{"@type":"PropertyValueSpecification","valueRequired":true,"valueName":"search_term_string"}}],"inLanguage":"es"},{"@type":"Organization","@id":"https:\/\/informelitoral.com.ar\/#organization","name":"Informe Litoral","url":"https:\/\/informelitoral.com.ar\/","logo":{"@type":"ImageObject","inLanguage":"es","@id":"https:\/\/informelitoral.com.ar\/#\/schema\/logo\/image\/","url":"https:\/\/informelitoral.com.ar\/%77%70%2d%63%6f%6e%74%65%6e%74\/uploads\/2021\/01\/circulo.png","contentUrl":"https:\/\/informelitoral.com.ar\/%77%70%2d%63%6f%6e%74%65%6e%74\/uploads\/2021\/01\/circulo.png","width":723,"height":731,"caption":"Informe Litoral"},"image":{"@id":"https:\/\/informelitoral.com.ar\/#\/schema\/logo\/image\/"},"sameAs":["https:\/\/www.facebook.com\/informelitoral\/","https:\/\/x.com\/InformeLitoral","https:\/\/www.instagram.com\/informelitoral\/","https:\/\/www.youtube.com\/channel\/UCua4Qvz8Icb6MYqhoq9xLXw"]},{"@type":"Person","@id":"https:\/\/informelitoral.com.ar\/#\/schema\/person\/f05f9f461677119578717524b127d6d5","name":"Sebastian","image":{"@type":"ImageObject","inLanguage":"es","@id":"https:\/\/secure.gravatar.com\/avatar\/b71bf7481d447dfb9583c7f2798e7cc64de6efb9067b74633ed8c31059a3bd82?s=96&d=mm&r=g","url":"https:\/\/secure.gravatar.com\/avatar\/b71bf7481d447dfb9583c7f2798e7cc64de6efb9067b74633ed8c31059a3bd82?s=96&d=mm&r=g","contentUrl":"https:\/\/secure.gravatar.com\/avatar\/b71bf7481d447dfb9583c7f2798e7cc64de6efb9067b74633ed8c31059a3bd82?s=96&d=mm&r=g","caption":"Sebastian"},"url":"https:\/\/informelitoral.com.ar\/author\/sebastian\/"}]}},"_links":{"self":[{"href":"https:\/\/informelitoral.com.ar\/%77%70%2d%6a%73%6f%6e\/wp\/v2\/posts\/157702","targetHints":{"allow":["GET"]}}],"collection":[{"href":"https:\/\/informelitoral.com.ar\/%77%70%2d%6a%73%6f%6e\/wp\/v2\/posts"}],"about":[{"href":"https:\/\/informelitoral.com.ar\/%77%70%2d%6a%73%6f%6e\/wp\/v2\/types\/post"}],"author":[{"embeddable":true,"href":"https:\/\/informelitoral.com.ar\/%77%70%2d%6a%73%6f%6e\/wp\/v2\/users\/8"}],"replies":[{"embeddable":true,"href":"https:\/\/informelitoral.com.ar\/%77%70%2d%6a%73%6f%6e\/wp\/v2\/comments?post=157702"}],"version-history":[{"count":0,"href":"https:\/\/informelitoral.com.ar\/%77%70%2d%6a%73%6f%6e\/wp\/v2\/posts\/157702\/revisions"}],"wp:featuredmedia":[{"embeddable":true,"href":"https:\/\/informelitoral.com.ar\/%77%70%2d%6a%73%6f%6e\/wp\/v2\/media\/77584"}],"wp:attachment":[{"href":"https:\/\/informelitoral.com.ar\/%77%70%2d%6a%73%6f%6e\/wp\/v2\/media?parent=157702"}],"wp:term":[{"taxonomy":"category","embeddable":true,"href":"https:\/\/informelitoral.com.ar\/%77%70%2d%6a%73%6f%6e\/wp\/v2\/categories?post=157702"},{"taxonomy":"post_tag","embeddable":true,"href":"https:\/\/informelitoral.com.ar\/%77%70%2d%6a%73%6f%6e\/wp\/v2\/tags?post=157702"}],"curies":[{"name":"wp","href":"https:\/\/api.w.org\/{rel}","templated":true}]}}