{"id":157682,"date":"2023-07-14T09:22:08","date_gmt":"2023-07-14T12:22:08","guid":{"rendered":"https:\/\/www.informelitoral.com.ar\/?p=157682"},"modified":"2023-07-14T19:54:52","modified_gmt":"2023-07-14T22:54:52","slug":"boca-se-clasifico-a-la-final-de-la-copa-libertadores-sub-20-y-buscara-su-primer-titulo-en-la-categoria","status":"publish","type":"post","link":"https:\/\/informelitoral.com.ar\/boca-se-clasifico-a-la-final-de-la-copa-libertadores-sub-20-y-buscara-su-primer-titulo-en-la-categoria\/","title":{"rendered":"Boca se clasific\u00f3 a la final de la Copa Libertadores Sub 20 y buscar\u00e1 su primer t\u00edtulo en la categor\u00eda"},"content":{"rendered":"<p><strong>Boca se clasific\u00f3 por segunda vez en su historia a una final de la Copa Libertadores Sub 20<\/strong>, luego de eliminar por 1 a 0 en las semifinales ante Pe\u00f1arol, el campe\u00f3n de la edici\u00f3n pasada y enfrentar\u00e1 a<strong>\u00a0Independiente del Valle.\u00a0<\/strong><\/p>\n<p>El conjunto \u2018Xeneize\u2019 consigui\u00f3 el\u00a0<strong>gol de la victoria a los 46 minutos del primer tiempo, a trav\u00e9s de un disparo lejano de Mauricio Ben\u00edtez,<\/strong>\u00a0que se meti\u00f3 a media altura hacia el lado derecho del arco protegido por Randall Rodr\u00edguez, que no pudo hacer nada pare evitar el tanto debido a la potencia del tiro.<\/p>\n<p><strong>Los argentinos se enfrentar\u00e1n a Independiente del Valle en la final este domingo 16 de julio, buscando conseguir su primera Conmebol Libertadores Sub20.<\/strong>\u00a0Por otro lado, Pe\u00f1arol se enfrentar\u00e1 Cerro Porte\u00f1o en el partido por el tercer puesto.<\/p>\n<p>Despu\u00e9s de 12 a\u00f1os, Boca volver\u00e1 a competir en la final del torneo Sub 20. La \u00fanica vez hasta ahora fue en 2011, en Lima, Per\u00fa, en la primera edici\u00f3n del torneo juvenil cuando<strong>\u00a0cay\u00f3 ante Universitario de Per\u00fa<\/strong>.<\/p>\n<p>En el caso de<strong>\u00a0Independiente del Valle, el conjunto ecuatoriano se meti\u00f3 en la cuarta final consecutiva de su historia en la Libertadores Sub 20\u00a0<\/strong>y\u00a0buscar\u00e1n su segundo t\u00edtulo.<\/p>\n<div class=\"twitter-tweet twitter-tweet-rendered\"><iframe id=\"twitter-widget-1\" class=\"\" title=\"Twitter Tweet\" src=\"https:\/\/platform.twitter.com\/embed\/Tweet.html?dnt=false&amp;embedId=twitter-widget-1&amp;features=eyJ0ZndfdGltZWxpbmVfbGlzdCI6eyJidWNrZXQiOltdLCJ2ZXJzaW9uIjpudWxsfSwidGZ3X2ZvbGxvd2VyX2NvdW50X3N1bnNldCI6eyJidWNrZXQiOnRydWUsInZlcnNpb24iOm51bGx9LCJ0ZndfdHdlZXRfZWRpdF9iYWNrZW5kIjp7ImJ1Y2tldCI6Im9uIiwidmVyc2lvbiI6bnVsbH0sInRmd19yZWZzcmNfc2Vzc2lvbiI6eyJidWNrZXQiOiJvbiIsInZlcnNpb24iOm51bGx9LCJ0ZndfZm9zbnJfc29mdF9pbnRlcnZlbnRpb25zX2VuYWJsZWQiOnsiYnVja2V0Ijoib24iLCJ2ZXJzaW9uIjpudWxsfSwidGZ3X21peGVkX21lZGlhXzE1ODk3Ijp7ImJ1Y2tldCI6InRyZWF0bWVudCIsInZlcnNpb24iOm51bGx9LCJ0ZndfZXhwZXJpbWVudHNfY29va2llX2V4cGlyYXRpb24iOnsiYnVja2V0IjoxMjA5NjAwLCJ2ZXJzaW9uIjpudWxsfSwidGZ3X3Nob3dfYmlyZHdhdGNoX3Bpdm90c19lbmFibGVkIjp7ImJ1Y2tldCI6Im9uIiwidmVyc2lvbiI6bnVsbH0sInRmd19kdXBsaWNhdGVfc2NyaWJlc190b19zZXR0aW5ncyI6eyJidWNrZXQiOiJvbiIsInZlcnNpb24iOm51bGx9LCJ0ZndfdXNlX3Byb2ZpbGVfaW1hZ2Vfc2hhcGVfZW5hYmxlZCI6eyJidWNrZXQiOiJvbiIsInZlcnNpb24iOm51bGx9LCJ0ZndfdmlkZW9faGxzX2R5bmFtaWNfbWFuaWZlc3RzXzE1MDgyIjp7ImJ1Y2tldCI6InRydWVfYml0cmF0ZSIsInZlcnNpb24iOm51bGx9LCJ0ZndfbGVnYWN5X3RpbWVsaW5lX3N1bnNldCI6eyJidWNrZXQiOnRydWUsInZlcnNpb24iOm51bGx9LCJ0ZndfdHdlZXRfZWRpdF9mcm9udGVuZCI6eyJidWNrZXQiOiJvbiIsInZlcnNpb24iOm51bGx9fQ%3D%3D&amp;frame=false&amp;hideCard=false&amp;hideThread=false&amp;id=1679606602658086916&amp;lang=es&amp;origin=https%3A%2F%2Fnoticiasargentinas.com%2Fdeportes%2Fdespues-de-12-anos-boca-se-clasifico-a-la-final-de-la-copa-libertadores-sub-20&amp;sessionId=33519093589d33a919edc244ef122a457b01e164&amp;siteScreenName=NAagencia&amp;theme=light&amp;widgetsVersion=aaf4084522e3a%3A1674595607486&amp;width=550px\" frameborder=\"0\" scrolling=\"no\" allowfullscreen=\"allowfullscreen\" data-tweet-id=\"1679606602658086916\" data-mce-fragment=\"1\"><\/iframe><\/div>\n","protected":false},"excerpt":{"rendered":"<p>El Xeneize se enfrentar\u00e1 a Independiente del Valle en la definici\u00f3n. Es la segunda vez que llega a esta instancia.<\/p>\n","protected":false},"author":8,"featured_media":157685,"comment_status":"open","ping_status":"open","sticky":false,"template":"","format":"standard","meta":{"fifu_image_url":"","fifu_image_alt":"","footnotes":""},"categories":[13],"tags":[384,400],"class_list":{"0":"post-157682","1":"post","2":"type-post","3":"status-publish","4":"format-standard","5":"has-post-thumbnail","7":"category-deportes","8":"tag-boca-juniors","9":"tag-copa-libertadores"},"yoast_head":"<title>Boca se clasific\u00f3 a la final de la Copa Libertadores Sub 20 y buscar\u00e1 su primer t\u00edtulo en la categor\u00eda - Informe Litoral<\/title>\n<meta name=\"robots\" content=\"index, follow, max-snippet:-1, max-image-preview:large, max-video-preview:-1\" \/>\n<link rel=\"canonical\" href=\"https:\/\/informelitoral.com.ar\/boca-se-clasifico-a-la-final-de-la-copa-libertadores-sub-20-y-buscara-su-primer-titulo-en-la-categoria\/\" \/>\n<meta property=\"og:locale\" content=\"es_ES\" \/>\n<meta property=\"og:type\" content=\"article\" \/>\n<meta property=\"og:title\" content=\"Boca se clasific\u00f3 a la final de la Copa Libertadores Sub 20 y buscar\u00e1 su primer t\u00edtulo en la categor\u00eda - Informe Litoral\" \/>\n<meta property=\"og:description\" content=\"El Xeneize se enfrentar\u00e1 a Independiente del Valle en la definici\u00f3n. Es la segunda vez que llega a esta instancia.\" \/>\n<meta property=\"og:url\" content=\"https:\/\/informelitoral.com.ar\/boca-se-clasifico-a-la-final-de-la-copa-libertadores-sub-20-y-buscara-su-primer-titulo-en-la-categoria\/\" \/>\n<meta property=\"og:site_name\" content=\"Informe Litoral\" \/>\n<meta property=\"article:publisher\" content=\"https:\/\/www.facebook.com\/informelitoral\/\" \/>\n<meta property=\"article:published_time\" content=\"2023-07-14T12:22:08+00:00\" \/>\n<meta property=\"article:modified_time\" content=\"2023-07-14T22:54:52+00:00\" \/>\n<meta property=\"og:image\" content=\"https:\/\/informelitoral.com.ar\/%77%70%2d%63%6f%6e%74%65%6e%74\/uploads\/2023\/07\/l_1689284299.webp\" \/>\n\t<meta property=\"og:image:width\" content=\"900\" \/>\n\t<meta property=\"og:image:height\" content=\"600\" \/>\n\t<meta property=\"og:image:type\" content=\"image\/webp\" \/>\n<meta name=\"author\" content=\"Sebastian\" \/>\n<meta name=\"twitter:card\" content=\"summary_large_image\" \/>\n<meta name=\"twitter:creator\" content=\"@InformeLitoral\" \/>\n<meta name=\"twitter:site\" content=\"@InformeLitoral\" \/>\n<meta name=\"twitter:label1\" content=\"Escrito por\" \/>\n\t<meta name=\"twitter:data1\" content=\"Sebastian\" \/>\n\t<meta name=\"twitter:label2\" content=\"Tiempo de lectura\" \/>\n\t<meta name=\"twitter:data2\" content=\"1 minuto\" \/>\n<script type=\"application\/ld+json\" class=\"yoast-schema-graph\">{\"@context\":\"https:\\\/\\\/schema.org\",\"@graph\":[{\"@type\":\"Article\",\"@id\":\"https:\\\/\\\/informelitoral.com.ar\\\/boca-se-clasifico-a-la-final-de-la-copa-libertadores-sub-20-y-buscara-su-primer-titulo-en-la-categoria\\\/#article\",\"isPartOf\":{\"@id\":\"https:\\\/\\\/informelitoral.com.ar\\\/boca-se-clasifico-a-la-final-de-la-copa-libertadores-sub-20-y-buscara-su-primer-titulo-en-la-categoria\\\/\"},\"author\":{\"name\":\"Sebastian\",\"@id\":\"https:\\\/\\\/informelitoral.com.ar\\\/#\\\/schema\\\/person\\\/f05f9f461677119578717524b127d6d5\"},\"headline\":\"Boca se clasific\u00f3 a la final de la Copa Libertadores Sub 20 y buscar\u00e1 su primer t\u00edtulo en la categor\u00eda\",\"datePublished\":\"2023-07-14T12:22:08+00:00\",\"dateModified\":\"2023-07-14T22:54:52+00:00\",\"mainEntityOfPage\":{\"@id\":\"https:\\\/\\\/informelitoral.com.ar\\\/boca-se-clasifico-a-la-final-de-la-copa-libertadores-sub-20-y-buscara-su-primer-titulo-en-la-categoria\\\/\"},\"wordCount\":231,\"commentCount\":0,\"publisher\":{\"@id\":\"https:\\\/\\\/informelitoral.com.ar\\\/#organization\"},\"image\":{\"@id\":\"https:\\\/\\\/informelitoral.com.ar\\\/boca-se-clasifico-a-la-final-de-la-copa-libertadores-sub-20-y-buscara-su-primer-titulo-en-la-categoria\\\/#primaryimage\"},\"thumbnailUrl\":\"https:\\\/\\\/informelitoral.com.ar\\\/%77%70%2d%63%6f%6e%74%65%6e%74\\\/uploads\\\/2023\\\/07\\\/l_1689284299.webp\",\"keywords\":[\"Boca Juniors\",\"Copa Libertadores\"],\"articleSection\":[\"Deportes\"],\"inLanguage\":\"es\",\"potentialAction\":[{\"@type\":\"CommentAction\",\"name\":\"Comment\",\"target\":[\"https:\\\/\\\/informelitoral.com.ar\\\/boca-se-clasifico-a-la-final-de-la-copa-libertadores-sub-20-y-buscara-su-primer-titulo-en-la-categoria\\\/#respond\"]}]},{\"@type\":\"WebPage\",\"@id\":\"https:\\\/\\\/informelitoral.com.ar\\\/boca-se-clasifico-a-la-final-de-la-copa-libertadores-sub-20-y-buscara-su-primer-titulo-en-la-categoria\\\/\",\"url\":\"https:\\\/\\\/informelitoral.com.ar\\\/boca-se-clasifico-a-la-final-de-la-copa-libertadores-sub-20-y-buscara-su-primer-titulo-en-la-categoria\\\/\",\"name\":\"Boca se clasific\u00f3 a la final de la Copa Libertadores Sub 20 y buscar\u00e1 su primer t\u00edtulo en la categor\u00eda - Informe Litoral\",\"isPartOf\":{\"@id\":\"https:\\\/\\\/informelitoral.com.ar\\\/#website\"},\"primaryImageOfPage\":{\"@id\":\"https:\\\/\\\/informelitoral.com.ar\\\/boca-se-clasifico-a-la-final-de-la-copa-libertadores-sub-20-y-buscara-su-primer-titulo-en-la-categoria\\\/#primaryimage\"},\"image\":{\"@id\":\"https:\\\/\\\/informelitoral.com.ar\\\/boca-se-clasifico-a-la-final-de-la-copa-libertadores-sub-20-y-buscara-su-primer-titulo-en-la-categoria\\\/#primaryimage\"},\"thumbnailUrl\":\"https:\\\/\\\/informelitoral.com.ar\\\/%77%70%2d%63%6f%6e%74%65%6e%74\\\/uploads\\\/2023\\\/07\\\/l_1689284299.webp\",\"datePublished\":\"2023-07-14T12:22:08+00:00\",\"dateModified\":\"2023-07-14T22:54:52+00:00\",\"breadcrumb\":{\"@id\":\"https:\\\/\\\/informelitoral.com.ar\\\/boca-se-clasifico-a-la-final-de-la-copa-libertadores-sub-20-y-buscara-su-primer-titulo-en-la-categoria\\\/#breadcrumb\"},\"inLanguage\":\"es\",\"potentialAction\":[{\"@type\":\"ReadAction\",\"target\":[\"https:\\\/\\\/informelitoral.com.ar\\\/boca-se-clasifico-a-la-final-de-la-copa-libertadores-sub-20-y-buscara-su-primer-titulo-en-la-categoria\\\/\"]}]},{\"@type\":\"ImageObject\",\"inLanguage\":\"es\",\"@id\":\"https:\\\/\\\/informelitoral.com.ar\\\/boca-se-clasifico-a-la-final-de-la-copa-libertadores-sub-20-y-buscara-su-primer-titulo-en-la-categoria\\\/#primaryimage\",\"url\":\"https:\\\/\\\/informelitoral.com.ar\\\/%77%70%2d%63%6f%6e%74%65%6e%74\\\/uploads\\\/2023\\\/07\\\/l_1689284299.webp\",\"contentUrl\":\"https:\\\/\\\/informelitoral.com.ar\\\/%77%70%2d%63%6f%6e%74%65%6e%74\\\/uploads\\\/2023\\\/07\\\/l_1689284299.webp\",\"width\":900,\"height\":600},{\"@type\":\"BreadcrumbList\",\"@id\":\"https:\\\/\\\/informelitoral.com.ar\\\/boca-se-clasifico-a-la-final-de-la-copa-libertadores-sub-20-y-buscara-su-primer-titulo-en-la-categoria\\\/#breadcrumb\",\"itemListElement\":[{\"@type\":\"ListItem\",\"position\":1,\"name\":\"Portada\",\"item\":\"https:\\\/\\\/informelitoral.com.ar\\\/\"},{\"@type\":\"ListItem\",\"position\":2,\"name\":\"Boca se clasific\u00f3 a la final de la Copa Libertadores Sub 20 y buscar\u00e1 su primer t\u00edtulo en la categor\u00eda\"}]},{\"@type\":\"WebSite\",\"@id\":\"https:\\\/\\\/informelitoral.com.ar\\\/#website\",\"url\":\"https:\\\/\\\/informelitoral.com.ar\\\/\",\"name\":\"Informe Litoral\",\"description\":\"&quot;Nos informamos&quot; \",\"publisher\":{\"@id\":\"https:\\\/\\\/informelitoral.com.ar\\\/#organization\"},\"potentialAction\":[{\"@type\":\"SearchAction\",\"target\":{\"@type\":\"EntryPoint\",\"urlTemplate\":\"https:\\\/\\\/informelitoral.com.ar\\\/?s={search_term_string}\"},\"query-input\":{\"@type\":\"PropertyValueSpecification\",\"valueRequired\":true,\"valueName\":\"search_term_string\"}}],\"inLanguage\":\"es\"},{\"@type\":\"Organization\",\"@id\":\"https:\\\/\\\/informelitoral.com.ar\\\/#organization\",\"name\":\"Informe Litoral\",\"url\":\"https:\\\/\\\/informelitoral.com.ar\\\/\",\"logo\":{\"@type\":\"ImageObject\",\"inLanguage\":\"es\",\"@id\":\"https:\\\/\\\/informelitoral.com.ar\\\/#\\\/schema\\\/logo\\\/image\\\/\",\"url\":\"https:\\\/\\\/informelitoral.com.ar\\\/%77%70%2d%63%6f%6e%74%65%6e%74\\\/uploads\\\/2021\\\/01\\\/circulo.png\",\"contentUrl\":\"https:\\\/\\\/informelitoral.com.ar\\\/%77%70%2d%63%6f%6e%74%65%6e%74\\\/uploads\\\/2021\\\/01\\\/circulo.png\",\"width\":723,\"height\":731,\"caption\":\"Informe Litoral\"},\"image\":{\"@id\":\"https:\\\/\\\/informelitoral.com.ar\\\/#\\\/schema\\\/logo\\\/image\\\/\"},\"sameAs\":[\"https:\\\/\\\/www.facebook.com\\\/informelitoral\\\/\",\"https:\\\/\\\/x.com\\\/InformeLitoral\",\"https:\\\/\\\/www.instagram.com\\\/informelitoral\\\/\",\"https:\\\/\\\/www.youtube.com\\\/channel\\\/UCua4Qvz8Icb6MYqhoq9xLXw\"]},{\"@type\":\"Person\",\"@id\":\"https:\\\/\\\/informelitoral.com.ar\\\/#\\\/schema\\\/person\\\/f05f9f461677119578717524b127d6d5\",\"name\":\"Sebastian\",\"image\":{\"@type\":\"ImageObject\",\"inLanguage\":\"es\",\"@id\":\"https:\\\/\\\/secure.gravatar.com\\\/avatar\\\/b71bf7481d447dfb9583c7f2798e7cc64de6efb9067b74633ed8c31059a3bd82?s=96&d=mm&r=g\",\"url\":\"https:\\\/\\\/secure.gravatar.com\\\/avatar\\\/b71bf7481d447dfb9583c7f2798e7cc64de6efb9067b74633ed8c31059a3bd82?s=96&d=mm&r=g\",\"contentUrl\":\"https:\\\/\\\/secure.gravatar.com\\\/avatar\\\/b71bf7481d447dfb9583c7f2798e7cc64de6efb9067b74633ed8c31059a3bd82?s=96&d=mm&r=g\",\"caption\":\"Sebastian\"},\"url\":\"https:\\\/\\\/informelitoral.com.ar\\\/author\\\/sebastian\\\/\"}]}<\/script>","yoast_head_json":{"title":"Boca se clasific\u00f3 a la final de la Copa Libertadores Sub 20 y buscar\u00e1 su primer t\u00edtulo en la categor\u00eda - Informe Litoral","robots":{"index":"index","follow":"follow","max-snippet":"max-snippet:-1","max-image-preview":"max-image-preview:large","max-video-preview":"max-video-preview:-1"},"canonical":"https:\/\/informelitoral.com.ar\/boca-se-clasifico-a-la-final-de-la-copa-libertadores-sub-20-y-buscara-su-primer-titulo-en-la-categoria\/","og_locale":"es_ES","og_type":"article","og_title":"Boca se clasific\u00f3 a la final de la Copa Libertadores Sub 20 y buscar\u00e1 su primer t\u00edtulo en la categor\u00eda - Informe Litoral","og_description":"El Xeneize se enfrentar\u00e1 a Independiente del Valle en la definici\u00f3n. Es la segunda vez que llega a esta instancia.","og_url":"https:\/\/informelitoral.com.ar\/boca-se-clasifico-a-la-final-de-la-copa-libertadores-sub-20-y-buscara-su-primer-titulo-en-la-categoria\/","og_site_name":"Informe Litoral","article_publisher":"https:\/\/www.facebook.com\/informelitoral\/","article_published_time":"2023-07-14T12:22:08+00:00","article_modified_time":"2023-07-14T22:54:52+00:00","og_image":[{"width":900,"height":600,"url":"https:\/\/informelitoral.com.ar\/%77%70%2d%63%6f%6e%74%65%6e%74\/uploads\/2023\/07\/l_1689284299.webp","type":"image\/webp"}],"author":"Sebastian","twitter_card":"summary_large_image","twitter_creator":"@InformeLitoral","twitter_site":"@InformeLitoral","twitter_misc":{"Escrito por":"Sebastian","Tiempo de lectura":"1 minuto"},"schema":{"@context":"https:\/\/schema.org","@graph":[{"@type":"Article","@id":"https:\/\/informelitoral.com.ar\/boca-se-clasifico-a-la-final-de-la-copa-libertadores-sub-20-y-buscara-su-primer-titulo-en-la-categoria\/#article","isPartOf":{"@id":"https:\/\/informelitoral.com.ar\/boca-se-clasifico-a-la-final-de-la-copa-libertadores-sub-20-y-buscara-su-primer-titulo-en-la-categoria\/"},"author":{"name":"Sebastian","@id":"https:\/\/informelitoral.com.ar\/#\/schema\/person\/f05f9f461677119578717524b127d6d5"},"headline":"Boca se clasific\u00f3 a la final de la Copa Libertadores Sub 20 y buscar\u00e1 su primer t\u00edtulo en la categor\u00eda","datePublished":"2023-07-14T12:22:08+00:00","dateModified":"2023-07-14T22:54:52+00:00","mainEntityOfPage":{"@id":"https:\/\/informelitoral.com.ar\/boca-se-clasifico-a-la-final-de-la-copa-libertadores-sub-20-y-buscara-su-primer-titulo-en-la-categoria\/"},"wordCount":231,"commentCount":0,"publisher":{"@id":"https:\/\/informelitoral.com.ar\/#organization"},"image":{"@id":"https:\/\/informelitoral.com.ar\/boca-se-clasifico-a-la-final-de-la-copa-libertadores-sub-20-y-buscara-su-primer-titulo-en-la-categoria\/#primaryimage"},"thumbnailUrl":"https:\/\/informelitoral.com.ar\/%77%70%2d%63%6f%6e%74%65%6e%74\/uploads\/2023\/07\/l_1689284299.webp","keywords":["Boca Juniors","Copa Libertadores"],"articleSection":["Deportes"],"inLanguage":"es","potentialAction":[{"@type":"CommentAction","name":"Comment","target":["https:\/\/informelitoral.com.ar\/boca-se-clasifico-a-la-final-de-la-copa-libertadores-sub-20-y-buscara-su-primer-titulo-en-la-categoria\/#respond"]}]},{"@type":"WebPage","@id":"https:\/\/informelitoral.com.ar\/boca-se-clasifico-a-la-final-de-la-copa-libertadores-sub-20-y-buscara-su-primer-titulo-en-la-categoria\/","url":"https:\/\/informelitoral.com.ar\/boca-se-clasifico-a-la-final-de-la-copa-libertadores-sub-20-y-buscara-su-primer-titulo-en-la-categoria\/","name":"Boca se clasific\u00f3 a la final de la Copa Libertadores Sub 20 y buscar\u00e1 su primer t\u00edtulo en la categor\u00eda - Informe Litoral","isPartOf":{"@id":"https:\/\/informelitoral.com.ar\/#website"},"primaryImageOfPage":{"@id":"https:\/\/informelitoral.com.ar\/boca-se-clasifico-a-la-final-de-la-copa-libertadores-sub-20-y-buscara-su-primer-titulo-en-la-categoria\/#primaryimage"},"image":{"@id":"https:\/\/informelitoral.com.ar\/boca-se-clasifico-a-la-final-de-la-copa-libertadores-sub-20-y-buscara-su-primer-titulo-en-la-categoria\/#primaryimage"},"thumbnailUrl":"https:\/\/informelitoral.com.ar\/%77%70%2d%63%6f%6e%74%65%6e%74\/uploads\/2023\/07\/l_1689284299.webp","datePublished":"2023-07-14T12:22:08+00:00","dateModified":"2023-07-14T22:54:52+00:00","breadcrumb":{"@id":"https:\/\/informelitoral.com.ar\/boca-se-clasifico-a-la-final-de-la-copa-libertadores-sub-20-y-buscara-su-primer-titulo-en-la-categoria\/#breadcrumb"},"inLanguage":"es","potentialAction":[{"@type":"ReadAction","target":["https:\/\/informelitoral.com.ar\/boca-se-clasifico-a-la-final-de-la-copa-libertadores-sub-20-y-buscara-su-primer-titulo-en-la-categoria\/"]}]},{"@type":"ImageObject","inLanguage":"es","@id":"https:\/\/informelitoral.com.ar\/boca-se-clasifico-a-la-final-de-la-copa-libertadores-sub-20-y-buscara-su-primer-titulo-en-la-categoria\/#primaryimage","url":"https:\/\/informelitoral.com.ar\/%77%70%2d%63%6f%6e%74%65%6e%74\/uploads\/2023\/07\/l_1689284299.webp","contentUrl":"https:\/\/informelitoral.com.ar\/%77%70%2d%63%6f%6e%74%65%6e%74\/uploads\/2023\/07\/l_1689284299.webp","width":900,"height":600},{"@type":"BreadcrumbList","@id":"https:\/\/informelitoral.com.ar\/boca-se-clasifico-a-la-final-de-la-copa-libertadores-sub-20-y-buscara-su-primer-titulo-en-la-categoria\/#breadcrumb","itemListElement":[{"@type":"ListItem","position":1,"name":"Portada","item":"https:\/\/informelitoral.com.ar\/"},{"@type":"ListItem","position":2,"name":"Boca se clasific\u00f3 a la final de la Copa Libertadores Sub 20 y buscar\u00e1 su primer t\u00edtulo en la categor\u00eda"}]},{"@type":"WebSite","@id":"https:\/\/informelitoral.com.ar\/#website","url":"https:\/\/informelitoral.com.ar\/","name":"Informe Litoral","description":"&quot;Nos informamos&quot; ","publisher":{"@id":"https:\/\/informelitoral.com.ar\/#organization"},"potentialAction":[{"@type":"SearchAction","target":{"@type":"EntryPoint","urlTemplate":"https:\/\/informelitoral.com.ar\/?s={search_term_string}"},"query-input":{"@type":"PropertyValueSpecification","valueRequired":true,"valueName":"search_term_string"}}],"inLanguage":"es"},{"@type":"Organization","@id":"https:\/\/informelitoral.com.ar\/#organization","name":"Informe Litoral","url":"https:\/\/informelitoral.com.ar\/","logo":{"@type":"ImageObject","inLanguage":"es","@id":"https:\/\/informelitoral.com.ar\/#\/schema\/logo\/image\/","url":"https:\/\/informelitoral.com.ar\/%77%70%2d%63%6f%6e%74%65%6e%74\/uploads\/2021\/01\/circulo.png","contentUrl":"https:\/\/informelitoral.com.ar\/%77%70%2d%63%6f%6e%74%65%6e%74\/uploads\/2021\/01\/circulo.png","width":723,"height":731,"caption":"Informe Litoral"},"image":{"@id":"https:\/\/informelitoral.com.ar\/#\/schema\/logo\/image\/"},"sameAs":["https:\/\/www.facebook.com\/informelitoral\/","https:\/\/x.com\/InformeLitoral","https:\/\/www.instagram.com\/informelitoral\/","https:\/\/www.youtube.com\/channel\/UCua4Qvz8Icb6MYqhoq9xLXw"]},{"@type":"Person","@id":"https:\/\/informelitoral.com.ar\/#\/schema\/person\/f05f9f461677119578717524b127d6d5","name":"Sebastian","image":{"@type":"ImageObject","inLanguage":"es","@id":"https:\/\/secure.gravatar.com\/avatar\/b71bf7481d447dfb9583c7f2798e7cc64de6efb9067b74633ed8c31059a3bd82?s=96&d=mm&r=g","url":"https:\/\/secure.gravatar.com\/avatar\/b71bf7481d447dfb9583c7f2798e7cc64de6efb9067b74633ed8c31059a3bd82?s=96&d=mm&r=g","contentUrl":"https:\/\/secure.gravatar.com\/avatar\/b71bf7481d447dfb9583c7f2798e7cc64de6efb9067b74633ed8c31059a3bd82?s=96&d=mm&r=g","caption":"Sebastian"},"url":"https:\/\/informelitoral.com.ar\/author\/sebastian\/"}]}},"_links":{"self":[{"href":"https:\/\/informelitoral.com.ar\/%77%70%2d%6a%73%6f%6e\/wp\/v2\/posts\/157682","targetHints":{"allow":["GET"]}}],"collection":[{"href":"https:\/\/informelitoral.com.ar\/%77%70%2d%6a%73%6f%6e\/wp\/v2\/posts"}],"about":[{"href":"https:\/\/informelitoral.com.ar\/%77%70%2d%6a%73%6f%6e\/wp\/v2\/types\/post"}],"author":[{"embeddable":true,"href":"https:\/\/informelitoral.com.ar\/%77%70%2d%6a%73%6f%6e\/wp\/v2\/users\/8"}],"replies":[{"embeddable":true,"href":"https:\/\/informelitoral.com.ar\/%77%70%2d%6a%73%6f%6e\/wp\/v2\/comments?post=157682"}],"version-history":[{"count":0,"href":"https:\/\/informelitoral.com.ar\/%77%70%2d%6a%73%6f%6e\/wp\/v2\/posts\/157682\/revisions"}],"wp:featuredmedia":[{"embeddable":true,"href":"https:\/\/informelitoral.com.ar\/%77%70%2d%6a%73%6f%6e\/wp\/v2\/media\/157685"}],"wp:attachment":[{"href":"https:\/\/informelitoral.com.ar\/%77%70%2d%6a%73%6f%6e\/wp\/v2\/media?parent=157682"}],"wp:term":[{"taxonomy":"category","embeddable":true,"href":"https:\/\/informelitoral.com.ar\/%77%70%2d%6a%73%6f%6e\/wp\/v2\/categories?post=157682"},{"taxonomy":"post_tag","embeddable":true,"href":"https:\/\/informelitoral.com.ar\/%77%70%2d%6a%73%6f%6e\/wp\/v2\/tags?post=157682"}],"curies":[{"name":"wp","href":"https:\/\/api.w.org\/{rel}","templated":true}]}}