{"id":157582,"date":"2023-07-14T07:00:17","date_gmt":"2023-07-14T10:00:17","guid":{"rendered":"https:\/\/www.informelitoral.com.ar\/?p=157582"},"modified":"2023-07-14T07:03:11","modified_gmt":"2023-07-14T10:03:11","slug":"anticipan-un-fin-de-semana-frio-pero-menos-humedo","status":"publish","type":"post","link":"https:\/\/informelitoral.com.ar\/anticipan-un-fin-de-semana-frio-pero-menos-humedo\/","title":{"rendered":"Anticipan un fin de semana fr\u00edo pero menos h\u00famedo"},"content":{"rendered":"<p>El ingreso de aire fr\u00edo comenz\u00f3 a notarse el mi\u00e9rcoles en el centro de Argentina, con la llegada de fuertes vientos del sur.<\/p>\n<p>Se espera un per\u00edodo de estabilidad prolongado y con menor humedad. Por lo menos durante los pr\u00f3ximos siete d\u00edas no se anuncian lluvias considerables en ninguna zona de Argentina, luego de que muchos sectores del pa\u00eds, entre el sur y el este de Entre R\u00edos, superaran esta semana los promedios normales para la \u00e9poca del a\u00f1o, con precipitaciones, en algunas zonas, superiores a los 100 mil\u00edmetros.<\/p>\n<p>Tras un inicio de jornada altamente nubosa, pronostican para hoy en la provincia cielo parcialmente nublado y temperaturas m\u00e1ximas que no superar\u00edan los 13 grados.<\/p>\n<p>El meteor\u00f3logo, Alejandro G\u00f3mez, se\u00f1al\u00f3 a <em>Canal 11<\/em> que el s\u00e1bado la situaci\u00f3n ser\u00e1 parecida a la de hoy, con leve ascenso de los registros t\u00e9rmicos. En tanto, \u201cel domingo habr\u00e1 un refuerzo de aire fr\u00edo\u201d. Si bien durante dicha jornada las m\u00e1ximas podr\u00edan alcanzar los 13 grados, en los d\u00edas posteriores se acentuar\u00e1n las bajas temperaturas, aunque con cielo parcialmente nublado o poco nuboso.<\/p>\n<p>El especialista advirti\u00f3 que el lunes y martes son \u201cprobables heladas\u201d, mientras que el mi\u00e9rcoles comenzar\u00eda un lento ascenso\u201d. Con m\u00e1ximas de unos 14 grados.<\/p>\n<p>\u201cNos queda una secuencia de varios d\u00edas de aire fr\u00edo. No habr\u00e1 temperaturas bajo cero, pero s\u00ed inferiores a cinco grados\u201d, resumi\u00f3 G\u00f3mez.<\/p>\n","protected":false},"excerpt":{"rendered":"<p>Anuncian que habr\u00e1 varios d\u00edas sin lluvias, pero algunas nubes seguir\u00e1n presentes. Si bien las temperaturas no llegar\u00e1n a bajo cero, entre el lunes y martes helar\u00e1 en algunas zonas. Los niveles de humedad tambi\u00e9n bajan. <\/p>\n","protected":false},"author":2,"featured_media":43933,"comment_status":"open","ping_status":"open","sticky":false,"template":"","format":"standard","meta":{"fifu_image_url":"","fifu_image_alt":"","footnotes":""},"categories":[6],"tags":[38,2759,113],"class_list":{"0":"post-157582","1":"post","2":"type-post","3":"status-publish","4":"format-standard","5":"has-post-thumbnail","7":"category-entre-rios","8":"tag-el-tiempo","9":"tag-pronostico-del-tiempo","10":"tag-smn"},"yoast_head":"<title>Anticipan un fin de semana fr\u00edo pero menos h\u00famedo - Informe Litoral<\/title>\n<meta name=\"robots\" content=\"index, follow, max-snippet:-1, max-image-preview:large, max-video-preview:-1\" \/>\n<link rel=\"canonical\" href=\"https:\/\/informelitoral.com.ar\/anticipan-un-fin-de-semana-frio-pero-menos-humedo\/\" \/>\n<meta property=\"og:locale\" content=\"es_ES\" \/>\n<meta property=\"og:type\" content=\"article\" \/>\n<meta property=\"og:title\" content=\"Anticipan un fin de semana fr\u00edo pero menos h\u00famedo - Informe Litoral\" \/>\n<meta property=\"og:description\" content=\"Anuncian que habr\u00e1 varios d\u00edas sin lluvias, pero algunas nubes seguir\u00e1n presentes. Si bien las temperaturas no llegar\u00e1n a bajo cero, entre el lunes y martes helar\u00e1 en algunas zonas. Los niveles de humedad tambi\u00e9n bajan.\" \/>\n<meta property=\"og:url\" content=\"https:\/\/informelitoral.com.ar\/anticipan-un-fin-de-semana-frio-pero-menos-humedo\/\" \/>\n<meta property=\"og:site_name\" content=\"Informe Litoral\" \/>\n<meta property=\"article:publisher\" content=\"https:\/\/www.facebook.com\/informelitoral\/\" \/>\n<meta property=\"article:published_time\" content=\"2023-07-14T10:00:17+00:00\" \/>\n<meta property=\"article:modified_time\" content=\"2023-07-14T10:03:11+00:00\" \/>\n<meta property=\"og:image\" content=\"https:\/\/informelitoral.com.ar\/%77%70%2d%63%6f%6e%74%65%6e%74\/uploads\/2020\/06\/helada-campo.jpg\" \/>\n\t<meta property=\"og:image:width\" content=\"598\" \/>\n\t<meta property=\"og:image:height\" content=\"555\" \/>\n\t<meta property=\"og:image:type\" content=\"image\/jpeg\" \/>\n<meta name=\"author\" content=\"Gonzalo Schmidt\" \/>\n<meta name=\"twitter:card\" content=\"summary_large_image\" \/>\n<meta name=\"twitter:creator\" content=\"@InformeLitoral\" \/>\n<meta name=\"twitter:site\" content=\"@InformeLitoral\" \/>\n<meta name=\"twitter:label1\" content=\"Escrito por\" \/>\n\t<meta name=\"twitter:data1\" content=\"Gonzalo Schmidt\" \/>\n\t<meta name=\"twitter:label2\" content=\"Tiempo de lectura\" \/>\n\t<meta name=\"twitter:data2\" content=\"1 minuto\" \/>\n<script type=\"application\/ld+json\" class=\"yoast-schema-graph\">{\"@context\":\"https:\\\/\\\/schema.org\",\"@graph\":[{\"@type\":\"Article\",\"@id\":\"https:\\\/\\\/informelitoral.com.ar\\\/anticipan-un-fin-de-semana-frio-pero-menos-humedo\\\/#article\",\"isPartOf\":{\"@id\":\"https:\\\/\\\/informelitoral.com.ar\\\/anticipan-un-fin-de-semana-frio-pero-menos-humedo\\\/\"},\"author\":{\"name\":\"Gonzalo Schmidt\",\"@id\":\"https:\\\/\\\/informelitoral.com.ar\\\/#\\\/schema\\\/person\\\/b9d00407c836482871ef1d57bf8e3180\"},\"headline\":\"Anticipan un fin de semana fr\u00edo pero menos h\u00famedo\",\"datePublished\":\"2023-07-14T10:00:17+00:00\",\"dateModified\":\"2023-07-14T10:03:11+00:00\",\"mainEntityOfPage\":{\"@id\":\"https:\\\/\\\/informelitoral.com.ar\\\/anticipan-un-fin-de-semana-frio-pero-menos-humedo\\\/\"},\"wordCount\":261,\"commentCount\":0,\"publisher\":{\"@id\":\"https:\\\/\\\/informelitoral.com.ar\\\/#organization\"},\"image\":{\"@id\":\"https:\\\/\\\/informelitoral.com.ar\\\/anticipan-un-fin-de-semana-frio-pero-menos-humedo\\\/#primaryimage\"},\"thumbnailUrl\":\"https:\\\/\\\/informelitoral.com.ar\\\/%77%70%2d%63%6f%6e%74%65%6e%74\\\/uploads\\\/2020\\\/06\\\/helada-campo.jpg\",\"keywords\":[\"El tiempo\",\"Pron\u00f3stico del tiempo\",\"SMN\"],\"articleSection\":[\"Entre R\u00edos\"],\"inLanguage\":\"es\",\"potentialAction\":[{\"@type\":\"CommentAction\",\"name\":\"Comment\",\"target\":[\"https:\\\/\\\/informelitoral.com.ar\\\/anticipan-un-fin-de-semana-frio-pero-menos-humedo\\\/#respond\"]}]},{\"@type\":\"WebPage\",\"@id\":\"https:\\\/\\\/informelitoral.com.ar\\\/anticipan-un-fin-de-semana-frio-pero-menos-humedo\\\/\",\"url\":\"https:\\\/\\\/informelitoral.com.ar\\\/anticipan-un-fin-de-semana-frio-pero-menos-humedo\\\/\",\"name\":\"Anticipan un fin de semana fr\u00edo pero menos h\u00famedo - Informe Litoral\",\"isPartOf\":{\"@id\":\"https:\\\/\\\/informelitoral.com.ar\\\/#website\"},\"primaryImageOfPage\":{\"@id\":\"https:\\\/\\\/informelitoral.com.ar\\\/anticipan-un-fin-de-semana-frio-pero-menos-humedo\\\/#primaryimage\"},\"image\":{\"@id\":\"https:\\\/\\\/informelitoral.com.ar\\\/anticipan-un-fin-de-semana-frio-pero-menos-humedo\\\/#primaryimage\"},\"thumbnailUrl\":\"https:\\\/\\\/informelitoral.com.ar\\\/%77%70%2d%63%6f%6e%74%65%6e%74\\\/uploads\\\/2020\\\/06\\\/helada-campo.jpg\",\"datePublished\":\"2023-07-14T10:00:17+00:00\",\"dateModified\":\"2023-07-14T10:03:11+00:00\",\"breadcrumb\":{\"@id\":\"https:\\\/\\\/informelitoral.com.ar\\\/anticipan-un-fin-de-semana-frio-pero-menos-humedo\\\/#breadcrumb\"},\"inLanguage\":\"es\",\"potentialAction\":[{\"@type\":\"ReadAction\",\"target\":[\"https:\\\/\\\/informelitoral.com.ar\\\/anticipan-un-fin-de-semana-frio-pero-menos-humedo\\\/\"]}]},{\"@type\":\"ImageObject\",\"inLanguage\":\"es\",\"@id\":\"https:\\\/\\\/informelitoral.com.ar\\\/anticipan-un-fin-de-semana-frio-pero-menos-humedo\\\/#primaryimage\",\"url\":\"https:\\\/\\\/informelitoral.com.ar\\\/%77%70%2d%63%6f%6e%74%65%6e%74\\\/uploads\\\/2020\\\/06\\\/helada-campo.jpg\",\"contentUrl\":\"https:\\\/\\\/informelitoral.com.ar\\\/%77%70%2d%63%6f%6e%74%65%6e%74\\\/uploads\\\/2020\\\/06\\\/helada-campo.jpg\",\"width\":598,\"height\":555},{\"@type\":\"BreadcrumbList\",\"@id\":\"https:\\\/\\\/informelitoral.com.ar\\\/anticipan-un-fin-de-semana-frio-pero-menos-humedo\\\/#breadcrumb\",\"itemListElement\":[{\"@type\":\"ListItem\",\"position\":1,\"name\":\"Portada\",\"item\":\"https:\\\/\\\/informelitoral.com.ar\\\/\"},{\"@type\":\"ListItem\",\"position\":2,\"name\":\"Anticipan un fin de semana fr\u00edo pero menos h\u00famedo\"}]},{\"@type\":\"WebSite\",\"@id\":\"https:\\\/\\\/informelitoral.com.ar\\\/#website\",\"url\":\"https:\\\/\\\/informelitoral.com.ar\\\/\",\"name\":\"Informe Litoral\",\"description\":\"&quot;Nos informamos&quot; \",\"publisher\":{\"@id\":\"https:\\\/\\\/informelitoral.com.ar\\\/#organization\"},\"potentialAction\":[{\"@type\":\"SearchAction\",\"target\":{\"@type\":\"EntryPoint\",\"urlTemplate\":\"https:\\\/\\\/informelitoral.com.ar\\\/?s={search_term_string}\"},\"query-input\":{\"@type\":\"PropertyValueSpecification\",\"valueRequired\":true,\"valueName\":\"search_term_string\"}}],\"inLanguage\":\"es\"},{\"@type\":\"Organization\",\"@id\":\"https:\\\/\\\/informelitoral.com.ar\\\/#organization\",\"name\":\"Informe Litoral\",\"url\":\"https:\\\/\\\/informelitoral.com.ar\\\/\",\"logo\":{\"@type\":\"ImageObject\",\"inLanguage\":\"es\",\"@id\":\"https:\\\/\\\/informelitoral.com.ar\\\/#\\\/schema\\\/logo\\\/image\\\/\",\"url\":\"https:\\\/\\\/informelitoral.com.ar\\\/%77%70%2d%63%6f%6e%74%65%6e%74\\\/uploads\\\/2021\\\/01\\\/circulo.png\",\"contentUrl\":\"https:\\\/\\\/informelitoral.com.ar\\\/%77%70%2d%63%6f%6e%74%65%6e%74\\\/uploads\\\/2021\\\/01\\\/circulo.png\",\"width\":723,\"height\":731,\"caption\":\"Informe Litoral\"},\"image\":{\"@id\":\"https:\\\/\\\/informelitoral.com.ar\\\/#\\\/schema\\\/logo\\\/image\\\/\"},\"sameAs\":[\"https:\\\/\\\/www.facebook.com\\\/informelitoral\\\/\",\"https:\\\/\\\/x.com\\\/InformeLitoral\",\"https:\\\/\\\/www.instagram.com\\\/informelitoral\\\/\",\"https:\\\/\\\/www.youtube.com\\\/channel\\\/UCua4Qvz8Icb6MYqhoq9xLXw\"]},{\"@type\":\"Person\",\"@id\":\"https:\\\/\\\/informelitoral.com.ar\\\/#\\\/schema\\\/person\\\/b9d00407c836482871ef1d57bf8e3180\",\"name\":\"Gonzalo Schmidt\",\"image\":{\"@type\":\"ImageObject\",\"inLanguage\":\"es\",\"@id\":\"https:\\\/\\\/secure.gravatar.com\\\/avatar\\\/31a1a7b66ff2de83bd0e9fd79d026630d2d99e55e8bfe501287647b4fd9743de?s=96&d=mm&r=g\",\"url\":\"https:\\\/\\\/secure.gravatar.com\\\/avatar\\\/31a1a7b66ff2de83bd0e9fd79d026630d2d99e55e8bfe501287647b4fd9743de?s=96&d=mm&r=g\",\"contentUrl\":\"https:\\\/\\\/secure.gravatar.com\\\/avatar\\\/31a1a7b66ff2de83bd0e9fd79d026630d2d99e55e8bfe501287647b4fd9743de?s=96&d=mm&r=g\",\"caption\":\"Gonzalo Schmidt\"},\"description\":\"Sitio web de noticias de la provincia de Entre R\u00edos, Argentina. Informaci\u00f3n y entretenimiento. Informe Litoral, nos informamos.\",\"sameAs\":[\"http:\\\/\\\/www.isletasnoticias.com.ar\"],\"url\":\"https:\\\/\\\/informelitoral.com.ar\\\/author\\\/gonzalo\\\/\"}]}<\/script>","yoast_head_json":{"title":"Anticipan un fin de semana fr\u00edo pero menos h\u00famedo - Informe Litoral","robots":{"index":"index","follow":"follow","max-snippet":"max-snippet:-1","max-image-preview":"max-image-preview:large","max-video-preview":"max-video-preview:-1"},"canonical":"https:\/\/informelitoral.com.ar\/anticipan-un-fin-de-semana-frio-pero-menos-humedo\/","og_locale":"es_ES","og_type":"article","og_title":"Anticipan un fin de semana fr\u00edo pero menos h\u00famedo - Informe Litoral","og_description":"Anuncian que habr\u00e1 varios d\u00edas sin lluvias, pero algunas nubes seguir\u00e1n presentes. Si bien las temperaturas no llegar\u00e1n a bajo cero, entre el lunes y martes helar\u00e1 en algunas zonas. Los niveles de humedad tambi\u00e9n bajan.","og_url":"https:\/\/informelitoral.com.ar\/anticipan-un-fin-de-semana-frio-pero-menos-humedo\/","og_site_name":"Informe Litoral","article_publisher":"https:\/\/www.facebook.com\/informelitoral\/","article_published_time":"2023-07-14T10:00:17+00:00","article_modified_time":"2023-07-14T10:03:11+00:00","og_image":[{"width":598,"height":555,"url":"https:\/\/informelitoral.com.ar\/%77%70%2d%63%6f%6e%74%65%6e%74\/uploads\/2020\/06\/helada-campo.jpg","type":"image\/jpeg"}],"author":"Gonzalo Schmidt","twitter_card":"summary_large_image","twitter_creator":"@InformeLitoral","twitter_site":"@InformeLitoral","twitter_misc":{"Escrito por":"Gonzalo Schmidt","Tiempo de lectura":"1 minuto"},"schema":{"@context":"https:\/\/schema.org","@graph":[{"@type":"Article","@id":"https:\/\/informelitoral.com.ar\/anticipan-un-fin-de-semana-frio-pero-menos-humedo\/#article","isPartOf":{"@id":"https:\/\/informelitoral.com.ar\/anticipan-un-fin-de-semana-frio-pero-menos-humedo\/"},"author":{"name":"Gonzalo Schmidt","@id":"https:\/\/informelitoral.com.ar\/#\/schema\/person\/b9d00407c836482871ef1d57bf8e3180"},"headline":"Anticipan un fin de semana fr\u00edo pero menos h\u00famedo","datePublished":"2023-07-14T10:00:17+00:00","dateModified":"2023-07-14T10:03:11+00:00","mainEntityOfPage":{"@id":"https:\/\/informelitoral.com.ar\/anticipan-un-fin-de-semana-frio-pero-menos-humedo\/"},"wordCount":261,"commentCount":0,"publisher":{"@id":"https:\/\/informelitoral.com.ar\/#organization"},"image":{"@id":"https:\/\/informelitoral.com.ar\/anticipan-un-fin-de-semana-frio-pero-menos-humedo\/#primaryimage"},"thumbnailUrl":"https:\/\/informelitoral.com.ar\/%77%70%2d%63%6f%6e%74%65%6e%74\/uploads\/2020\/06\/helada-campo.jpg","keywords":["El tiempo","Pron\u00f3stico del tiempo","SMN"],"articleSection":["Entre R\u00edos"],"inLanguage":"es","potentialAction":[{"@type":"CommentAction","name":"Comment","target":["https:\/\/informelitoral.com.ar\/anticipan-un-fin-de-semana-frio-pero-menos-humedo\/#respond"]}]},{"@type":"WebPage","@id":"https:\/\/informelitoral.com.ar\/anticipan-un-fin-de-semana-frio-pero-menos-humedo\/","url":"https:\/\/informelitoral.com.ar\/anticipan-un-fin-de-semana-frio-pero-menos-humedo\/","name":"Anticipan un fin de semana fr\u00edo pero menos h\u00famedo - Informe Litoral","isPartOf":{"@id":"https:\/\/informelitoral.com.ar\/#website"},"primaryImageOfPage":{"@id":"https:\/\/informelitoral.com.ar\/anticipan-un-fin-de-semana-frio-pero-menos-humedo\/#primaryimage"},"image":{"@id":"https:\/\/informelitoral.com.ar\/anticipan-un-fin-de-semana-frio-pero-menos-humedo\/#primaryimage"},"thumbnailUrl":"https:\/\/informelitoral.com.ar\/%77%70%2d%63%6f%6e%74%65%6e%74\/uploads\/2020\/06\/helada-campo.jpg","datePublished":"2023-07-14T10:00:17+00:00","dateModified":"2023-07-14T10:03:11+00:00","breadcrumb":{"@id":"https:\/\/informelitoral.com.ar\/anticipan-un-fin-de-semana-frio-pero-menos-humedo\/#breadcrumb"},"inLanguage":"es","potentialAction":[{"@type":"ReadAction","target":["https:\/\/informelitoral.com.ar\/anticipan-un-fin-de-semana-frio-pero-menos-humedo\/"]}]},{"@type":"ImageObject","inLanguage":"es","@id":"https:\/\/informelitoral.com.ar\/anticipan-un-fin-de-semana-frio-pero-menos-humedo\/#primaryimage","url":"https:\/\/informelitoral.com.ar\/%77%70%2d%63%6f%6e%74%65%6e%74\/uploads\/2020\/06\/helada-campo.jpg","contentUrl":"https:\/\/informelitoral.com.ar\/%77%70%2d%63%6f%6e%74%65%6e%74\/uploads\/2020\/06\/helada-campo.jpg","width":598,"height":555},{"@type":"BreadcrumbList","@id":"https:\/\/informelitoral.com.ar\/anticipan-un-fin-de-semana-frio-pero-menos-humedo\/#breadcrumb","itemListElement":[{"@type":"ListItem","position":1,"name":"Portada","item":"https:\/\/informelitoral.com.ar\/"},{"@type":"ListItem","position":2,"name":"Anticipan un fin de semana fr\u00edo pero menos h\u00famedo"}]},{"@type":"WebSite","@id":"https:\/\/informelitoral.com.ar\/#website","url":"https:\/\/informelitoral.com.ar\/","name":"Informe Litoral","description":"&quot;Nos informamos&quot; ","publisher":{"@id":"https:\/\/informelitoral.com.ar\/#organization"},"potentialAction":[{"@type":"SearchAction","target":{"@type":"EntryPoint","urlTemplate":"https:\/\/informelitoral.com.ar\/?s={search_term_string}"},"query-input":{"@type":"PropertyValueSpecification","valueRequired":true,"valueName":"search_term_string"}}],"inLanguage":"es"},{"@type":"Organization","@id":"https:\/\/informelitoral.com.ar\/#organization","name":"Informe Litoral","url":"https:\/\/informelitoral.com.ar\/","logo":{"@type":"ImageObject","inLanguage":"es","@id":"https:\/\/informelitoral.com.ar\/#\/schema\/logo\/image\/","url":"https:\/\/informelitoral.com.ar\/%77%70%2d%63%6f%6e%74%65%6e%74\/uploads\/2021\/01\/circulo.png","contentUrl":"https:\/\/informelitoral.com.ar\/%77%70%2d%63%6f%6e%74%65%6e%74\/uploads\/2021\/01\/circulo.png","width":723,"height":731,"caption":"Informe Litoral"},"image":{"@id":"https:\/\/informelitoral.com.ar\/#\/schema\/logo\/image\/"},"sameAs":["https:\/\/www.facebook.com\/informelitoral\/","https:\/\/x.com\/InformeLitoral","https:\/\/www.instagram.com\/informelitoral\/","https:\/\/www.youtube.com\/channel\/UCua4Qvz8Icb6MYqhoq9xLXw"]},{"@type":"Person","@id":"https:\/\/informelitoral.com.ar\/#\/schema\/person\/b9d00407c836482871ef1d57bf8e3180","name":"Gonzalo Schmidt","image":{"@type":"ImageObject","inLanguage":"es","@id":"https:\/\/secure.gravatar.com\/avatar\/31a1a7b66ff2de83bd0e9fd79d026630d2d99e55e8bfe501287647b4fd9743de?s=96&d=mm&r=g","url":"https:\/\/secure.gravatar.com\/avatar\/31a1a7b66ff2de83bd0e9fd79d026630d2d99e55e8bfe501287647b4fd9743de?s=96&d=mm&r=g","contentUrl":"https:\/\/secure.gravatar.com\/avatar\/31a1a7b66ff2de83bd0e9fd79d026630d2d99e55e8bfe501287647b4fd9743de?s=96&d=mm&r=g","caption":"Gonzalo Schmidt"},"description":"Sitio web de noticias de la provincia de Entre R\u00edos, Argentina. Informaci\u00f3n y entretenimiento. Informe Litoral, nos informamos.","sameAs":["http:\/\/www.isletasnoticias.com.ar"],"url":"https:\/\/informelitoral.com.ar\/author\/gonzalo\/"}]}},"_links":{"self":[{"href":"https:\/\/informelitoral.com.ar\/%77%70%2d%6a%73%6f%6e\/wp\/v2\/posts\/157582","targetHints":{"allow":["GET"]}}],"collection":[{"href":"https:\/\/informelitoral.com.ar\/%77%70%2d%6a%73%6f%6e\/wp\/v2\/posts"}],"about":[{"href":"https:\/\/informelitoral.com.ar\/%77%70%2d%6a%73%6f%6e\/wp\/v2\/types\/post"}],"author":[{"embeddable":true,"href":"https:\/\/informelitoral.com.ar\/%77%70%2d%6a%73%6f%6e\/wp\/v2\/users\/2"}],"replies":[{"embeddable":true,"href":"https:\/\/informelitoral.com.ar\/%77%70%2d%6a%73%6f%6e\/wp\/v2\/comments?post=157582"}],"version-history":[{"count":0,"href":"https:\/\/informelitoral.com.ar\/%77%70%2d%6a%73%6f%6e\/wp\/v2\/posts\/157582\/revisions"}],"wp:featuredmedia":[{"embeddable":true,"href":"https:\/\/informelitoral.com.ar\/%77%70%2d%6a%73%6f%6e\/wp\/v2\/media\/43933"}],"wp:attachment":[{"href":"https:\/\/informelitoral.com.ar\/%77%70%2d%6a%73%6f%6e\/wp\/v2\/media?parent=157582"}],"wp:term":[{"taxonomy":"category","embeddable":true,"href":"https:\/\/informelitoral.com.ar\/%77%70%2d%6a%73%6f%6e\/wp\/v2\/categories?post=157582"},{"taxonomy":"post_tag","embeddable":true,"href":"https:\/\/informelitoral.com.ar\/%77%70%2d%6a%73%6f%6e\/wp\/v2\/tags?post=157582"}],"curies":[{"name":"wp","href":"https:\/\/api.w.org\/{rel}","templated":true}]}}