{"id":157564,"date":"2023-07-13T11:47:20","date_gmt":"2023-07-13T14:47:20","guid":{"rendered":"https:\/\/www.informelitoral.com.ar\/?p=157564"},"modified":"2023-07-13T22:07:06","modified_gmt":"2023-07-14T01:07:06","slug":"los-precios-de-los-medicamentos-se-mantendran-por-debajo-de-inflacion","status":"publish","type":"post","link":"https:\/\/informelitoral.com.ar\/los-precios-de-los-medicamentos-se-mantendran-por-debajo-de-inflacion\/","title":{"rendered":"Los precios de los medicamentos se mantendr\u00e1n por debajo de inflaci\u00f3n"},"content":{"rendered":"<p>La Secretar\u00eda de Comercio acord\u00f3 con el sector farmac\u00e9utico mantener los precios de los medicamentos por debajo de la evoluci\u00f3n de la inflaci\u00f3n hasta fines de agosto pr\u00f3ximo.<\/p>\n<p>En el di\u00e1logo que mantuvo Comercio con las c\u00e1maras de la industria farmac\u00e9utica, los laboratorios manifestaron su compromiso de mantener los precios de los medicamentes por debajo de la inflaci\u00f3n durante los pr\u00f3ximos sesenta d\u00edas.<\/p>\n<p>El acuerdo incluye a los medicamentos de venta bajo receta que se comercializan a trav\u00e9s de farmacias.<\/p>\n<p>\u201cEs un compromiso por 60 d\u00edas en donde se mantendr\u00e1n los precios por debajo de la inflaci\u00f3n. Se trata de un acuerdo sectorial\u201d, confirm\u00f3 Eduardo Franciosi, director ejecutivo de la C\u00e1mara Industrial de Laboratorios Farmac\u00e9uticos Argentinos (CILFA).<\/p>\n<p>La medida, calcula el sector, permitir\u00e1 un ahorro de bolsillo de los pacientes y financiadores del sistema de salud p\u00fablico y privado en el orden de los $ 7.000 millones.<\/p>\n<p>Seg\u00fan indic\u00f3 la C\u00e1mara Argentina de Especialidades Medicinales (Caeme) a esta agencia, cada laboratorio \u00abejercer\u00e1 la facultad de adherir individualmente a esta iniciativa\u00bb y la idea es que la misma permita \u00abmantener una trayectoria predecible de los precios de los medicamentos\u00bb.<\/p>\n<p>\u00abCaeme reitera su compromiso por contribuir y promover el acceso oportuno y equitativo por parte de los pacientes a medicamentos y tratamientos innovadores en un marco de sustentabilidad y transparencia\u00bb, afirm\u00f3 la c\u00e1mara en un comunicado.<\/p>\n<p>En julio del a\u00f1o pasado, el Gobierno efectu\u00f3 un acuerdo por 60 d\u00edas en el cual los medicamentos pod\u00edan aumentar como m\u00e1ximo un punto por debajo de la inflaci\u00f3n del mes anterior.<\/p>\n<p>Posteriormente, en diciembre del a\u00f1o pasado, se firm\u00f3 otro acuerdo, mediante el cual el precio de los medicamentos solo pod\u00eda aumentar hasta 3,8% mensual hasta marzo.<\/p>\n","protected":false},"excerpt":{"rendered":"<p>El compromiso de los laboratorios con la Secretar\u00eda de Comercio se extender\u00e1 durante 60 d\u00edas. La medida permitir\u00e1 un ahorro de bolsillo de los pacientes y financiadores del sistema de salud p\u00fablico y privado del orden de los $ 7.000 millones.<\/p>\n","protected":false},"author":8,"featured_media":155418,"comment_status":"open","ping_status":"open","sticky":false,"template":"","format":"standard","meta":{"fifu_image_url":"","fifu_image_alt":"","footnotes":""},"categories":[1594,7],"tags":[103,32],"class_list":{"0":"post-157564","1":"post","2":"type-post","3":"status-publish","4":"format-standard","5":"has-post-thumbnail","7":"category-economia","8":"category-nacionales","9":"tag-medicamentos","10":"tag-precios"},"yoast_head":"<title>Los precios de los medicamentos se mantendr\u00e1n por debajo de inflaci\u00f3n - Informe Litoral<\/title>\n<meta name=\"robots\" content=\"index, follow, max-snippet:-1, max-image-preview:large, max-video-preview:-1\" \/>\n<link rel=\"canonical\" href=\"https:\/\/informelitoral.com.ar\/los-precios-de-los-medicamentos-se-mantendran-por-debajo-de-inflacion\/\" \/>\n<meta property=\"og:locale\" content=\"es_ES\" \/>\n<meta property=\"og:type\" content=\"article\" \/>\n<meta property=\"og:title\" content=\"Los precios de los medicamentos se mantendr\u00e1n por debajo de inflaci\u00f3n - Informe Litoral\" \/>\n<meta property=\"og:description\" content=\"El compromiso de los laboratorios con la Secretar\u00eda de Comercio se extender\u00e1 durante 60 d\u00edas. La medida permitir\u00e1 un ahorro de bolsillo de los pacientes y financiadores del sistema de salud p\u00fablico y privado del orden de los $ 7.000 millones.\" \/>\n<meta property=\"og:url\" content=\"https:\/\/informelitoral.com.ar\/los-precios-de-los-medicamentos-se-mantendran-por-debajo-de-inflacion\/\" \/>\n<meta property=\"og:site_name\" content=\"Informe Litoral\" \/>\n<meta property=\"article:publisher\" content=\"https:\/\/www.facebook.com\/informelitoral\/\" \/>\n<meta property=\"article:published_time\" content=\"2023-07-13T14:47:20+00:00\" \/>\n<meta property=\"article:modified_time\" content=\"2023-07-14T01:07:06+00:00\" \/>\n<meta property=\"og:image\" content=\"https:\/\/informelitoral.com.ar\/%77%70%2d%63%6f%6e%74%65%6e%74\/uploads\/2023\/06\/pastillas.webp\" \/>\n\t<meta property=\"og:image:width\" content=\"768\" \/>\n\t<meta property=\"og:image:height\" content=\"480\" \/>\n\t<meta property=\"og:image:type\" content=\"image\/webp\" \/>\n<meta name=\"author\" content=\"Sebastian\" \/>\n<meta name=\"twitter:card\" content=\"summary_large_image\" \/>\n<meta name=\"twitter:creator\" content=\"@InformeLitoral\" \/>\n<meta name=\"twitter:site\" content=\"@InformeLitoral\" \/>\n<meta name=\"twitter:label1\" content=\"Escrito por\" \/>\n\t<meta name=\"twitter:data1\" content=\"Sebastian\" \/>\n\t<meta name=\"twitter:label2\" content=\"Tiempo de lectura\" \/>\n\t<meta name=\"twitter:data2\" content=\"2 minutos\" \/>\n<script type=\"application\/ld+json\" class=\"yoast-schema-graph\">{\"@context\":\"https:\\\/\\\/schema.org\",\"@graph\":[{\"@type\":\"Article\",\"@id\":\"https:\\\/\\\/informelitoral.com.ar\\\/los-precios-de-los-medicamentos-se-mantendran-por-debajo-de-inflacion\\\/#article\",\"isPartOf\":{\"@id\":\"https:\\\/\\\/informelitoral.com.ar\\\/los-precios-de-los-medicamentos-se-mantendran-por-debajo-de-inflacion\\\/\"},\"author\":{\"name\":\"Sebastian\",\"@id\":\"https:\\\/\\\/informelitoral.com.ar\\\/#\\\/schema\\\/person\\\/f05f9f461677119578717524b127d6d5\"},\"headline\":\"Los precios de los medicamentos se mantendr\u00e1n por debajo de inflaci\u00f3n\",\"datePublished\":\"2023-07-13T14:47:20+00:00\",\"dateModified\":\"2023-07-14T01:07:06+00:00\",\"mainEntityOfPage\":{\"@id\":\"https:\\\/\\\/informelitoral.com.ar\\\/los-precios-de-los-medicamentos-se-mantendran-por-debajo-de-inflacion\\\/\"},\"wordCount\":318,\"commentCount\":0,\"publisher\":{\"@id\":\"https:\\\/\\\/informelitoral.com.ar\\\/#organization\"},\"image\":{\"@id\":\"https:\\\/\\\/informelitoral.com.ar\\\/los-precios-de-los-medicamentos-se-mantendran-por-debajo-de-inflacion\\\/#primaryimage\"},\"thumbnailUrl\":\"https:\\\/\\\/informelitoral.com.ar\\\/%77%70%2d%63%6f%6e%74%65%6e%74\\\/uploads\\\/2023\\\/06\\\/pastillas.webp\",\"keywords\":[\"Medicamentos\",\"precios\"],\"articleSection\":[\"Econom\u00eda\",\"Nacionales\"],\"inLanguage\":\"es\",\"potentialAction\":[{\"@type\":\"CommentAction\",\"name\":\"Comment\",\"target\":[\"https:\\\/\\\/informelitoral.com.ar\\\/los-precios-de-los-medicamentos-se-mantendran-por-debajo-de-inflacion\\\/#respond\"]}]},{\"@type\":\"WebPage\",\"@id\":\"https:\\\/\\\/informelitoral.com.ar\\\/los-precios-de-los-medicamentos-se-mantendran-por-debajo-de-inflacion\\\/\",\"url\":\"https:\\\/\\\/informelitoral.com.ar\\\/los-precios-de-los-medicamentos-se-mantendran-por-debajo-de-inflacion\\\/\",\"name\":\"Los precios de los medicamentos se mantendr\u00e1n por debajo de inflaci\u00f3n - Informe Litoral\",\"isPartOf\":{\"@id\":\"https:\\\/\\\/informelitoral.com.ar\\\/#website\"},\"primaryImageOfPage\":{\"@id\":\"https:\\\/\\\/informelitoral.com.ar\\\/los-precios-de-los-medicamentos-se-mantendran-por-debajo-de-inflacion\\\/#primaryimage\"},\"image\":{\"@id\":\"https:\\\/\\\/informelitoral.com.ar\\\/los-precios-de-los-medicamentos-se-mantendran-por-debajo-de-inflacion\\\/#primaryimage\"},\"thumbnailUrl\":\"https:\\\/\\\/informelitoral.com.ar\\\/%77%70%2d%63%6f%6e%74%65%6e%74\\\/uploads\\\/2023\\\/06\\\/pastillas.webp\",\"datePublished\":\"2023-07-13T14:47:20+00:00\",\"dateModified\":\"2023-07-14T01:07:06+00:00\",\"breadcrumb\":{\"@id\":\"https:\\\/\\\/informelitoral.com.ar\\\/los-precios-de-los-medicamentos-se-mantendran-por-debajo-de-inflacion\\\/#breadcrumb\"},\"inLanguage\":\"es\",\"potentialAction\":[{\"@type\":\"ReadAction\",\"target\":[\"https:\\\/\\\/informelitoral.com.ar\\\/los-precios-de-los-medicamentos-se-mantendran-por-debajo-de-inflacion\\\/\"]}]},{\"@type\":\"ImageObject\",\"inLanguage\":\"es\",\"@id\":\"https:\\\/\\\/informelitoral.com.ar\\\/los-precios-de-los-medicamentos-se-mantendran-por-debajo-de-inflacion\\\/#primaryimage\",\"url\":\"https:\\\/\\\/informelitoral.com.ar\\\/%77%70%2d%63%6f%6e%74%65%6e%74\\\/uploads\\\/2023\\\/06\\\/pastillas.webp\",\"contentUrl\":\"https:\\\/\\\/informelitoral.com.ar\\\/%77%70%2d%63%6f%6e%74%65%6e%74\\\/uploads\\\/2023\\\/06\\\/pastillas.webp\",\"width\":768,\"height\":480},{\"@type\":\"BreadcrumbList\",\"@id\":\"https:\\\/\\\/informelitoral.com.ar\\\/los-precios-de-los-medicamentos-se-mantendran-por-debajo-de-inflacion\\\/#breadcrumb\",\"itemListElement\":[{\"@type\":\"ListItem\",\"position\":1,\"name\":\"Portada\",\"item\":\"https:\\\/\\\/informelitoral.com.ar\\\/\"},{\"@type\":\"ListItem\",\"position\":2,\"name\":\"Los precios de los medicamentos se mantendr\u00e1n por debajo de inflaci\u00f3n\"}]},{\"@type\":\"WebSite\",\"@id\":\"https:\\\/\\\/informelitoral.com.ar\\\/#website\",\"url\":\"https:\\\/\\\/informelitoral.com.ar\\\/\",\"name\":\"Informe Litoral\",\"description\":\"&quot;Nos informamos&quot; \",\"publisher\":{\"@id\":\"https:\\\/\\\/informelitoral.com.ar\\\/#organization\"},\"potentialAction\":[{\"@type\":\"SearchAction\",\"target\":{\"@type\":\"EntryPoint\",\"urlTemplate\":\"https:\\\/\\\/informelitoral.com.ar\\\/?s={search_term_string}\"},\"query-input\":{\"@type\":\"PropertyValueSpecification\",\"valueRequired\":true,\"valueName\":\"search_term_string\"}}],\"inLanguage\":\"es\"},{\"@type\":\"Organization\",\"@id\":\"https:\\\/\\\/informelitoral.com.ar\\\/#organization\",\"name\":\"Informe Litoral\",\"url\":\"https:\\\/\\\/informelitoral.com.ar\\\/\",\"logo\":{\"@type\":\"ImageObject\",\"inLanguage\":\"es\",\"@id\":\"https:\\\/\\\/informelitoral.com.ar\\\/#\\\/schema\\\/logo\\\/image\\\/\",\"url\":\"https:\\\/\\\/informelitoral.com.ar\\\/%77%70%2d%63%6f%6e%74%65%6e%74\\\/uploads\\\/2021\\\/01\\\/circulo.png\",\"contentUrl\":\"https:\\\/\\\/informelitoral.com.ar\\\/%77%70%2d%63%6f%6e%74%65%6e%74\\\/uploads\\\/2021\\\/01\\\/circulo.png\",\"width\":723,\"height\":731,\"caption\":\"Informe Litoral\"},\"image\":{\"@id\":\"https:\\\/\\\/informelitoral.com.ar\\\/#\\\/schema\\\/logo\\\/image\\\/\"},\"sameAs\":[\"https:\\\/\\\/www.facebook.com\\\/informelitoral\\\/\",\"https:\\\/\\\/x.com\\\/InformeLitoral\",\"https:\\\/\\\/www.instagram.com\\\/informelitoral\\\/\",\"https:\\\/\\\/www.youtube.com\\\/channel\\\/UCua4Qvz8Icb6MYqhoq9xLXw\"]},{\"@type\":\"Person\",\"@id\":\"https:\\\/\\\/informelitoral.com.ar\\\/#\\\/schema\\\/person\\\/f05f9f461677119578717524b127d6d5\",\"name\":\"Sebastian\",\"image\":{\"@type\":\"ImageObject\",\"inLanguage\":\"es\",\"@id\":\"https:\\\/\\\/secure.gravatar.com\\\/avatar\\\/b71bf7481d447dfb9583c7f2798e7cc64de6efb9067b74633ed8c31059a3bd82?s=96&d=mm&r=g\",\"url\":\"https:\\\/\\\/secure.gravatar.com\\\/avatar\\\/b71bf7481d447dfb9583c7f2798e7cc64de6efb9067b74633ed8c31059a3bd82?s=96&d=mm&r=g\",\"contentUrl\":\"https:\\\/\\\/secure.gravatar.com\\\/avatar\\\/b71bf7481d447dfb9583c7f2798e7cc64de6efb9067b74633ed8c31059a3bd82?s=96&d=mm&r=g\",\"caption\":\"Sebastian\"},\"url\":\"https:\\\/\\\/informelitoral.com.ar\\\/author\\\/sebastian\\\/\"}]}<\/script>","yoast_head_json":{"title":"Los precios de los medicamentos se mantendr\u00e1n por debajo de inflaci\u00f3n - Informe Litoral","robots":{"index":"index","follow":"follow","max-snippet":"max-snippet:-1","max-image-preview":"max-image-preview:large","max-video-preview":"max-video-preview:-1"},"canonical":"https:\/\/informelitoral.com.ar\/los-precios-de-los-medicamentos-se-mantendran-por-debajo-de-inflacion\/","og_locale":"es_ES","og_type":"article","og_title":"Los precios de los medicamentos se mantendr\u00e1n por debajo de inflaci\u00f3n - Informe Litoral","og_description":"El compromiso de los laboratorios con la Secretar\u00eda de Comercio se extender\u00e1 durante 60 d\u00edas. La medida permitir\u00e1 un ahorro de bolsillo de los pacientes y financiadores del sistema de salud p\u00fablico y privado del orden de los $ 7.000 millones.","og_url":"https:\/\/informelitoral.com.ar\/los-precios-de-los-medicamentos-se-mantendran-por-debajo-de-inflacion\/","og_site_name":"Informe Litoral","article_publisher":"https:\/\/www.facebook.com\/informelitoral\/","article_published_time":"2023-07-13T14:47:20+00:00","article_modified_time":"2023-07-14T01:07:06+00:00","og_image":[{"width":768,"height":480,"url":"https:\/\/informelitoral.com.ar\/%77%70%2d%63%6f%6e%74%65%6e%74\/uploads\/2023\/06\/pastillas.webp","type":"image\/webp"}],"author":"Sebastian","twitter_card":"summary_large_image","twitter_creator":"@InformeLitoral","twitter_site":"@InformeLitoral","twitter_misc":{"Escrito por":"Sebastian","Tiempo de lectura":"2 minutos"},"schema":{"@context":"https:\/\/schema.org","@graph":[{"@type":"Article","@id":"https:\/\/informelitoral.com.ar\/los-precios-de-los-medicamentos-se-mantendran-por-debajo-de-inflacion\/#article","isPartOf":{"@id":"https:\/\/informelitoral.com.ar\/los-precios-de-los-medicamentos-se-mantendran-por-debajo-de-inflacion\/"},"author":{"name":"Sebastian","@id":"https:\/\/informelitoral.com.ar\/#\/schema\/person\/f05f9f461677119578717524b127d6d5"},"headline":"Los precios de los medicamentos se mantendr\u00e1n por debajo de inflaci\u00f3n","datePublished":"2023-07-13T14:47:20+00:00","dateModified":"2023-07-14T01:07:06+00:00","mainEntityOfPage":{"@id":"https:\/\/informelitoral.com.ar\/los-precios-de-los-medicamentos-se-mantendran-por-debajo-de-inflacion\/"},"wordCount":318,"commentCount":0,"publisher":{"@id":"https:\/\/informelitoral.com.ar\/#organization"},"image":{"@id":"https:\/\/informelitoral.com.ar\/los-precios-de-los-medicamentos-se-mantendran-por-debajo-de-inflacion\/#primaryimage"},"thumbnailUrl":"https:\/\/informelitoral.com.ar\/%77%70%2d%63%6f%6e%74%65%6e%74\/uploads\/2023\/06\/pastillas.webp","keywords":["Medicamentos","precios"],"articleSection":["Econom\u00eda","Nacionales"],"inLanguage":"es","potentialAction":[{"@type":"CommentAction","name":"Comment","target":["https:\/\/informelitoral.com.ar\/los-precios-de-los-medicamentos-se-mantendran-por-debajo-de-inflacion\/#respond"]}]},{"@type":"WebPage","@id":"https:\/\/informelitoral.com.ar\/los-precios-de-los-medicamentos-se-mantendran-por-debajo-de-inflacion\/","url":"https:\/\/informelitoral.com.ar\/los-precios-de-los-medicamentos-se-mantendran-por-debajo-de-inflacion\/","name":"Los precios de los medicamentos se mantendr\u00e1n por debajo de inflaci\u00f3n - Informe Litoral","isPartOf":{"@id":"https:\/\/informelitoral.com.ar\/#website"},"primaryImageOfPage":{"@id":"https:\/\/informelitoral.com.ar\/los-precios-de-los-medicamentos-se-mantendran-por-debajo-de-inflacion\/#primaryimage"},"image":{"@id":"https:\/\/informelitoral.com.ar\/los-precios-de-los-medicamentos-se-mantendran-por-debajo-de-inflacion\/#primaryimage"},"thumbnailUrl":"https:\/\/informelitoral.com.ar\/%77%70%2d%63%6f%6e%74%65%6e%74\/uploads\/2023\/06\/pastillas.webp","datePublished":"2023-07-13T14:47:20+00:00","dateModified":"2023-07-14T01:07:06+00:00","breadcrumb":{"@id":"https:\/\/informelitoral.com.ar\/los-precios-de-los-medicamentos-se-mantendran-por-debajo-de-inflacion\/#breadcrumb"},"inLanguage":"es","potentialAction":[{"@type":"ReadAction","target":["https:\/\/informelitoral.com.ar\/los-precios-de-los-medicamentos-se-mantendran-por-debajo-de-inflacion\/"]}]},{"@type":"ImageObject","inLanguage":"es","@id":"https:\/\/informelitoral.com.ar\/los-precios-de-los-medicamentos-se-mantendran-por-debajo-de-inflacion\/#primaryimage","url":"https:\/\/informelitoral.com.ar\/%77%70%2d%63%6f%6e%74%65%6e%74\/uploads\/2023\/06\/pastillas.webp","contentUrl":"https:\/\/informelitoral.com.ar\/%77%70%2d%63%6f%6e%74%65%6e%74\/uploads\/2023\/06\/pastillas.webp","width":768,"height":480},{"@type":"BreadcrumbList","@id":"https:\/\/informelitoral.com.ar\/los-precios-de-los-medicamentos-se-mantendran-por-debajo-de-inflacion\/#breadcrumb","itemListElement":[{"@type":"ListItem","position":1,"name":"Portada","item":"https:\/\/informelitoral.com.ar\/"},{"@type":"ListItem","position":2,"name":"Los precios de los medicamentos se mantendr\u00e1n por debajo de inflaci\u00f3n"}]},{"@type":"WebSite","@id":"https:\/\/informelitoral.com.ar\/#website","url":"https:\/\/informelitoral.com.ar\/","name":"Informe Litoral","description":"&quot;Nos informamos&quot; ","publisher":{"@id":"https:\/\/informelitoral.com.ar\/#organization"},"potentialAction":[{"@type":"SearchAction","target":{"@type":"EntryPoint","urlTemplate":"https:\/\/informelitoral.com.ar\/?s={search_term_string}"},"query-input":{"@type":"PropertyValueSpecification","valueRequired":true,"valueName":"search_term_string"}}],"inLanguage":"es"},{"@type":"Organization","@id":"https:\/\/informelitoral.com.ar\/#organization","name":"Informe Litoral","url":"https:\/\/informelitoral.com.ar\/","logo":{"@type":"ImageObject","inLanguage":"es","@id":"https:\/\/informelitoral.com.ar\/#\/schema\/logo\/image\/","url":"https:\/\/informelitoral.com.ar\/%77%70%2d%63%6f%6e%74%65%6e%74\/uploads\/2021\/01\/circulo.png","contentUrl":"https:\/\/informelitoral.com.ar\/%77%70%2d%63%6f%6e%74%65%6e%74\/uploads\/2021\/01\/circulo.png","width":723,"height":731,"caption":"Informe Litoral"},"image":{"@id":"https:\/\/informelitoral.com.ar\/#\/schema\/logo\/image\/"},"sameAs":["https:\/\/www.facebook.com\/informelitoral\/","https:\/\/x.com\/InformeLitoral","https:\/\/www.instagram.com\/informelitoral\/","https:\/\/www.youtube.com\/channel\/UCua4Qvz8Icb6MYqhoq9xLXw"]},{"@type":"Person","@id":"https:\/\/informelitoral.com.ar\/#\/schema\/person\/f05f9f461677119578717524b127d6d5","name":"Sebastian","image":{"@type":"ImageObject","inLanguage":"es","@id":"https:\/\/secure.gravatar.com\/avatar\/b71bf7481d447dfb9583c7f2798e7cc64de6efb9067b74633ed8c31059a3bd82?s=96&d=mm&r=g","url":"https:\/\/secure.gravatar.com\/avatar\/b71bf7481d447dfb9583c7f2798e7cc64de6efb9067b74633ed8c31059a3bd82?s=96&d=mm&r=g","contentUrl":"https:\/\/secure.gravatar.com\/avatar\/b71bf7481d447dfb9583c7f2798e7cc64de6efb9067b74633ed8c31059a3bd82?s=96&d=mm&r=g","caption":"Sebastian"},"url":"https:\/\/informelitoral.com.ar\/author\/sebastian\/"}]}},"_links":{"self":[{"href":"https:\/\/informelitoral.com.ar\/%77%70%2d%6a%73%6f%6e\/wp\/v2\/posts\/157564","targetHints":{"allow":["GET"]}}],"collection":[{"href":"https:\/\/informelitoral.com.ar\/%77%70%2d%6a%73%6f%6e\/wp\/v2\/posts"}],"about":[{"href":"https:\/\/informelitoral.com.ar\/%77%70%2d%6a%73%6f%6e\/wp\/v2\/types\/post"}],"author":[{"embeddable":true,"href":"https:\/\/informelitoral.com.ar\/%77%70%2d%6a%73%6f%6e\/wp\/v2\/users\/8"}],"replies":[{"embeddable":true,"href":"https:\/\/informelitoral.com.ar\/%77%70%2d%6a%73%6f%6e\/wp\/v2\/comments?post=157564"}],"version-history":[{"count":0,"href":"https:\/\/informelitoral.com.ar\/%77%70%2d%6a%73%6f%6e\/wp\/v2\/posts\/157564\/revisions"}],"wp:featuredmedia":[{"embeddable":true,"href":"https:\/\/informelitoral.com.ar\/%77%70%2d%6a%73%6f%6e\/wp\/v2\/media\/155418"}],"wp:attachment":[{"href":"https:\/\/informelitoral.com.ar\/%77%70%2d%6a%73%6f%6e\/wp\/v2\/media?parent=157564"}],"wp:term":[{"taxonomy":"category","embeddable":true,"href":"https:\/\/informelitoral.com.ar\/%77%70%2d%6a%73%6f%6e\/wp\/v2\/categories?post=157564"},{"taxonomy":"post_tag","embeddable":true,"href":"https:\/\/informelitoral.com.ar\/%77%70%2d%6a%73%6f%6e\/wp\/v2\/tags?post=157564"}],"curies":[{"name":"wp","href":"https:\/\/api.w.org\/{rel}","templated":true}]}}