{"id":15753,"date":"2016-05-04T18:11:26","date_gmt":"2016-05-04T21:11:26","guid":{"rendered":"http:\/\/www.isletasnoticias.com.ar\/?p=15753"},"modified":"2016-05-04T18:11:26","modified_gmt":"2016-05-04T21:11:26","slug":"calentamiento-global-el-calor-hara-inhabitables-algunas-regiones-en-2050","status":"publish","type":"post","link":"https:\/\/informelitoral.com.ar\/calentamiento-global-el-calor-hara-inhabitables-algunas-regiones-en-2050\/","title":{"rendered":"Calentamiento global: el calor har\u00e1 inhabitables algunas regiones en 2050"},"content":{"rendered":"<p><strong>Las olas de calor ser\u00e1n mucho m\u00e1s frecuentes y extensas que en la actualidad, ya que alcanzar\u00e1n los 80 d\u00edas anuales para 2050. Si contin\u00faa el proceso de calentamiento global, unas 500 millones de personas estar\u00e1n en peligro.<a href=\"http:\/\/www.isletasnoticias.com.ar\/%77%70%2d%63%6f%6e%74%65%6e%74\/uploads\/2016\/05\/o_1453505362.jpg\"><img loading=\"lazy\" decoding=\"async\" class=\"aligncenter wp-image-15754 size-full\" src=\"http:\/\/www.isletasnoticias.com.ar\/%77%70%2d%63%6f%6e%74%65%6e%74\/uploads\/2016\/05\/o_1453505362.jpg\" alt=\"o_1453505362\" width=\"800\" height=\"450\" srcset=\"https:\/\/informelitoral.com.ar\/%77%70%2d%63%6f%6e%74%65%6e%74\/uploads\/2016\/05\/o_1453505362.jpg 800w, https:\/\/informelitoral.com.ar\/%77%70%2d%63%6f%6e%74%65%6e%74\/uploads\/2016\/05\/o_1453505362-300x169.jpg 300w, https:\/\/informelitoral.com.ar\/%77%70%2d%63%6f%6e%74%65%6e%74\/uploads\/2016\/05\/o_1453505362-768x432.jpg 768w\" sizes=\"auto, (max-width: 800px) 100vw, 800px\" \/><\/a><\/strong><\/p>\n<p>Unas 500 millones de personas estar\u00e1n en peligro para el 2050 si contin\u00faa el proceso de calentamiento global. Esta advertencia fue realizada por investigadores del Instituto Max Planck, quienes aseguraron que el aumento de la temperatura har\u00e1 inhabitables algunas regiones de Oriente Medio y de \u00c1frica.<\/p>\n<p>Los especialistas explicaron que, en esas zonas, la temperatura aumentar\u00eda el doble que en el resto del planeta.<\/p>\n<p>A eso, public\u00f3 el portal Gizmodo, se le sumar\u00e1n olas de calor prolongado, sequ\u00edas extremas de d\u00e9cadas de duraci\u00f3n y el polvo des\u00e9rtico transportado por el viento, lo que generar\u00e1 un medio ambiente intolerable para el ser humano y derivar\u00e1 en migraciones masivas, reprodujo <em>Elonce.com<\/em><\/p>\n<p>De acuerdo con los datos, para 2050 la temperatura del verano en el norte de \u00c1frica y en Oriente Medio ser\u00eda superior a 30 grados durante la noche, mientras que en el d\u00eda, superar\u00eda los 46 grados cent\u00edgrados.<\/p>\n<p>La situaci\u00f3n ser\u00eda a\u00fan m\u00e1s cr\u00edtica a fines de este siglo, ya que las marcas ser\u00edan mayores a los 50 grados al mediod\u00eda.<\/p>\n<p>Frente a este panorama, detallaron que las olas de calor ser\u00e1n mucho m\u00e1s frecuentes y extensas que en la actualidad, ya que alcanzar\u00e1n los 80 d\u00edas anuales para 2050.<\/p>\n","protected":false},"excerpt":{"rendered":"<p>Las olas de calor ser&aacute;n mucho m&aacute;s frecuentes y extensas que en la actualidad, ya que alcanzar&aacute;n los 80 d&iacute;as anuales para 2050. Si contin&uacute;a el proceso de calentamiento global, unas 500 millones de personas estar&aacute;n en peligro. Unas 500 millones de personas estar&aacute;n en peligro para el 2050 si contin&uacute;a el proceso de calentamiento [&hellip;]<\/p>\n","protected":false},"author":2,"featured_media":0,"comment_status":"open","ping_status":"open","sticky":false,"template":"","format":"standard","meta":{"fifu_image_url":"","fifu_image_alt":"","footnotes":""},"categories":[8,9],"tags":[],"class_list":{"0":"post-15753","1":"post","2":"type-post","3":"status-publish","4":"format-standard","6":"category-internacionales","7":"category-sociedad"},"yoast_head":"<title>Calentamiento global: el calor har\u00e1 inhabitables algunas regiones en 2050 - Informe Litoral<\/title>\n<meta name=\"robots\" content=\"index, follow, max-snippet:-1, max-image-preview:large, max-video-preview:-1\" \/>\n<link rel=\"canonical\" href=\"https:\/\/informelitoral.com.ar\/calentamiento-global-el-calor-hara-inhabitables-algunas-regiones-en-2050\/\" \/>\n<meta property=\"og:locale\" content=\"es_ES\" \/>\n<meta property=\"og:type\" content=\"article\" \/>\n<meta property=\"og:title\" content=\"Calentamiento global: el calor har\u00e1 inhabitables algunas regiones en 2050 - Informe Litoral\" \/>\n<meta property=\"og:description\" content=\"Las olas de calor ser&aacute;n mucho m&aacute;s frecuentes y extensas que en la actualidad, ya que alcanzar&aacute;n los 80 d&iacute;as anuales para 2050. Si contin&uacute;a el proceso de calentamiento global, unas 500 millones de personas estar&aacute;n en peligro. Unas 500 millones de personas estar&aacute;n en peligro para el 2050 si contin&uacute;a el proceso de calentamiento [&hellip;]\" \/>\n<meta property=\"og:url\" content=\"https:\/\/informelitoral.com.ar\/calentamiento-global-el-calor-hara-inhabitables-algunas-regiones-en-2050\/\" \/>\n<meta property=\"og:site_name\" content=\"Informe Litoral\" \/>\n<meta property=\"article:publisher\" content=\"https:\/\/www.facebook.com\/informelitoral\/\" \/>\n<meta property=\"article:published_time\" content=\"2016-05-04T21:11:26+00:00\" \/>\n<meta property=\"og:image\" content=\"https:\/\/informelitoral.com.ar\/%77%70%2d%63%6f%6e%74%65%6e%74\/uploads\/2016\/05\/o_1453505362.jpg\" \/>\n\t<meta property=\"og:image:width\" content=\"800\" \/>\n\t<meta property=\"og:image:height\" content=\"450\" \/>\n\t<meta property=\"og:image:type\" content=\"image\/jpeg\" \/>\n<meta name=\"author\" content=\"Gonzalo Schmidt\" \/>\n<meta name=\"twitter:card\" content=\"summary_large_image\" \/>\n<meta name=\"twitter:creator\" content=\"@InformeLitoral\" \/>\n<meta name=\"twitter:site\" content=\"@InformeLitoral\" \/>\n<meta name=\"twitter:label1\" content=\"Escrito por\" \/>\n\t<meta name=\"twitter:data1\" content=\"Gonzalo Schmidt\" \/>\n\t<meta name=\"twitter:label2\" content=\"Tiempo de lectura\" \/>\n\t<meta name=\"twitter:data2\" content=\"1 minuto\" \/>\n<script type=\"application\/ld+json\" class=\"yoast-schema-graph\">{\"@context\":\"https:\\\/\\\/schema.org\",\"@graph\":[{\"@type\":\"Article\",\"@id\":\"https:\\\/\\\/informelitoral.com.ar\\\/calentamiento-global-el-calor-hara-inhabitables-algunas-regiones-en-2050\\\/#article\",\"isPartOf\":{\"@id\":\"https:\\\/\\\/informelitoral.com.ar\\\/calentamiento-global-el-calor-hara-inhabitables-algunas-regiones-en-2050\\\/\"},\"author\":{\"name\":\"Gonzalo Schmidt\",\"@id\":\"https:\\\/\\\/informelitoral.com.ar\\\/#\\\/schema\\\/person\\\/b9d00407c836482871ef1d57bf8e3180\"},\"headline\":\"Calentamiento global: el calor har\u00e1 inhabitables algunas regiones en 2050\",\"datePublished\":\"2016-05-04T21:11:26+00:00\",\"mainEntityOfPage\":{\"@id\":\"https:\\\/\\\/informelitoral.com.ar\\\/calentamiento-global-el-calor-hara-inhabitables-algunas-regiones-en-2050\\\/\"},\"wordCount\":265,\"commentCount\":0,\"publisher\":{\"@id\":\"https:\\\/\\\/informelitoral.com.ar\\\/#organization\"},\"image\":{\"@id\":\"https:\\\/\\\/informelitoral.com.ar\\\/calentamiento-global-el-calor-hara-inhabitables-algunas-regiones-en-2050\\\/#primaryimage\"},\"thumbnailUrl\":\"http:\\\/\\\/www.isletasnoticias.com.ar\\\/%77%70%2d%63%6f%6e%74%65%6e%74\\\/uploads\\\/2016\\\/05\\\/o_1453505362.jpg\",\"articleSection\":[\"Internacionales\",\"Sociedad\"],\"inLanguage\":\"es\",\"potentialAction\":[{\"@type\":\"CommentAction\",\"name\":\"Comment\",\"target\":[\"https:\\\/\\\/informelitoral.com.ar\\\/calentamiento-global-el-calor-hara-inhabitables-algunas-regiones-en-2050\\\/#respond\"]}]},{\"@type\":\"WebPage\",\"@id\":\"https:\\\/\\\/informelitoral.com.ar\\\/calentamiento-global-el-calor-hara-inhabitables-algunas-regiones-en-2050\\\/\",\"url\":\"https:\\\/\\\/informelitoral.com.ar\\\/calentamiento-global-el-calor-hara-inhabitables-algunas-regiones-en-2050\\\/\",\"name\":\"Calentamiento global: el calor har\u00e1 inhabitables algunas regiones en 2050 - Informe Litoral\",\"isPartOf\":{\"@id\":\"https:\\\/\\\/informelitoral.com.ar\\\/#website\"},\"primaryImageOfPage\":{\"@id\":\"https:\\\/\\\/informelitoral.com.ar\\\/calentamiento-global-el-calor-hara-inhabitables-algunas-regiones-en-2050\\\/#primaryimage\"},\"image\":{\"@id\":\"https:\\\/\\\/informelitoral.com.ar\\\/calentamiento-global-el-calor-hara-inhabitables-algunas-regiones-en-2050\\\/#primaryimage\"},\"thumbnailUrl\":\"http:\\\/\\\/www.isletasnoticias.com.ar\\\/%77%70%2d%63%6f%6e%74%65%6e%74\\\/uploads\\\/2016\\\/05\\\/o_1453505362.jpg\",\"datePublished\":\"2016-05-04T21:11:26+00:00\",\"breadcrumb\":{\"@id\":\"https:\\\/\\\/informelitoral.com.ar\\\/calentamiento-global-el-calor-hara-inhabitables-algunas-regiones-en-2050\\\/#breadcrumb\"},\"inLanguage\":\"es\",\"potentialAction\":[{\"@type\":\"ReadAction\",\"target\":[\"https:\\\/\\\/informelitoral.com.ar\\\/calentamiento-global-el-calor-hara-inhabitables-algunas-regiones-en-2050\\\/\"]}]},{\"@type\":\"ImageObject\",\"inLanguage\":\"es\",\"@id\":\"https:\\\/\\\/informelitoral.com.ar\\\/calentamiento-global-el-calor-hara-inhabitables-algunas-regiones-en-2050\\\/#primaryimage\",\"url\":\"http:\\\/\\\/www.isletasnoticias.com.ar\\\/%77%70%2d%63%6f%6e%74%65%6e%74\\\/uploads\\\/2016\\\/05\\\/o_1453505362.jpg\",\"contentUrl\":\"http:\\\/\\\/www.isletasnoticias.com.ar\\\/%77%70%2d%63%6f%6e%74%65%6e%74\\\/uploads\\\/2016\\\/05\\\/o_1453505362.jpg\"},{\"@type\":\"BreadcrumbList\",\"@id\":\"https:\\\/\\\/informelitoral.com.ar\\\/calentamiento-global-el-calor-hara-inhabitables-algunas-regiones-en-2050\\\/#breadcrumb\",\"itemListElement\":[{\"@type\":\"ListItem\",\"position\":1,\"name\":\"Portada\",\"item\":\"https:\\\/\\\/informelitoral.com.ar\\\/\"},{\"@type\":\"ListItem\",\"position\":2,\"name\":\"Calentamiento global: el calor har\u00e1 inhabitables algunas regiones en 2050\"}]},{\"@type\":\"WebSite\",\"@id\":\"https:\\\/\\\/informelitoral.com.ar\\\/#website\",\"url\":\"https:\\\/\\\/informelitoral.com.ar\\\/\",\"name\":\"Informe Litoral\",\"description\":\"&quot;Nos informamos&quot; \",\"publisher\":{\"@id\":\"https:\\\/\\\/informelitoral.com.ar\\\/#organization\"},\"potentialAction\":[{\"@type\":\"SearchAction\",\"target\":{\"@type\":\"EntryPoint\",\"urlTemplate\":\"https:\\\/\\\/informelitoral.com.ar\\\/?s={search_term_string}\"},\"query-input\":{\"@type\":\"PropertyValueSpecification\",\"valueRequired\":true,\"valueName\":\"search_term_string\"}}],\"inLanguage\":\"es\"},{\"@type\":\"Organization\",\"@id\":\"https:\\\/\\\/informelitoral.com.ar\\\/#organization\",\"name\":\"Informe Litoral\",\"url\":\"https:\\\/\\\/informelitoral.com.ar\\\/\",\"logo\":{\"@type\":\"ImageObject\",\"inLanguage\":\"es\",\"@id\":\"https:\\\/\\\/informelitoral.com.ar\\\/#\\\/schema\\\/logo\\\/image\\\/\",\"url\":\"https:\\\/\\\/informelitoral.com.ar\\\/%77%70%2d%63%6f%6e%74%65%6e%74\\\/uploads\\\/2021\\\/01\\\/circulo.png\",\"contentUrl\":\"https:\\\/\\\/informelitoral.com.ar\\\/%77%70%2d%63%6f%6e%74%65%6e%74\\\/uploads\\\/2021\\\/01\\\/circulo.png\",\"width\":723,\"height\":731,\"caption\":\"Informe Litoral\"},\"image\":{\"@id\":\"https:\\\/\\\/informelitoral.com.ar\\\/#\\\/schema\\\/logo\\\/image\\\/\"},\"sameAs\":[\"https:\\\/\\\/www.facebook.com\\\/informelitoral\\\/\",\"https:\\\/\\\/x.com\\\/InformeLitoral\",\"https:\\\/\\\/www.instagram.com\\\/informelitoral\\\/\",\"https:\\\/\\\/www.youtube.com\\\/channel\\\/UCua4Qvz8Icb6MYqhoq9xLXw\"]},{\"@type\":\"Person\",\"@id\":\"https:\\\/\\\/informelitoral.com.ar\\\/#\\\/schema\\\/person\\\/b9d00407c836482871ef1d57bf8e3180\",\"name\":\"Gonzalo Schmidt\",\"image\":{\"@type\":\"ImageObject\",\"inLanguage\":\"es\",\"@id\":\"https:\\\/\\\/secure.gravatar.com\\\/avatar\\\/31a1a7b66ff2de83bd0e9fd79d026630d2d99e55e8bfe501287647b4fd9743de?s=96&d=mm&r=g\",\"url\":\"https:\\\/\\\/secure.gravatar.com\\\/avatar\\\/31a1a7b66ff2de83bd0e9fd79d026630d2d99e55e8bfe501287647b4fd9743de?s=96&d=mm&r=g\",\"contentUrl\":\"https:\\\/\\\/secure.gravatar.com\\\/avatar\\\/31a1a7b66ff2de83bd0e9fd79d026630d2d99e55e8bfe501287647b4fd9743de?s=96&d=mm&r=g\",\"caption\":\"Gonzalo Schmidt\"},\"description\":\"Sitio web de noticias de la provincia de Entre R\u00edos, Argentina. Informaci\u00f3n y entretenimiento. Informe Litoral, nos informamos.\",\"sameAs\":[\"http:\\\/\\\/www.isletasnoticias.com.ar\"],\"url\":\"https:\\\/\\\/informelitoral.com.ar\\\/author\\\/gonzalo\\\/\"}]}<\/script>","yoast_head_json":{"title":"Calentamiento global: el calor har\u00e1 inhabitables algunas regiones en 2050 - Informe Litoral","robots":{"index":"index","follow":"follow","max-snippet":"max-snippet:-1","max-image-preview":"max-image-preview:large","max-video-preview":"max-video-preview:-1"},"canonical":"https:\/\/informelitoral.com.ar\/calentamiento-global-el-calor-hara-inhabitables-algunas-regiones-en-2050\/","og_locale":"es_ES","og_type":"article","og_title":"Calentamiento global: el calor har\u00e1 inhabitables algunas regiones en 2050 - Informe Litoral","og_description":"Las olas de calor ser&aacute;n mucho m&aacute;s frecuentes y extensas que en la actualidad, ya que alcanzar&aacute;n los 80 d&iacute;as anuales para 2050. Si contin&uacute;a el proceso de calentamiento global, unas 500 millones de personas estar&aacute;n en peligro. Unas 500 millones de personas estar&aacute;n en peligro para el 2050 si contin&uacute;a el proceso de calentamiento [&hellip;]","og_url":"https:\/\/informelitoral.com.ar\/calentamiento-global-el-calor-hara-inhabitables-algunas-regiones-en-2050\/","og_site_name":"Informe Litoral","article_publisher":"https:\/\/www.facebook.com\/informelitoral\/","article_published_time":"2016-05-04T21:11:26+00:00","og_image":[{"width":800,"height":450,"url":"https:\/\/informelitoral.com.ar\/%77%70%2d%63%6f%6e%74%65%6e%74\/uploads\/2016\/05\/o_1453505362.jpg","type":"image\/jpeg"}],"author":"Gonzalo Schmidt","twitter_card":"summary_large_image","twitter_creator":"@InformeLitoral","twitter_site":"@InformeLitoral","twitter_misc":{"Escrito por":"Gonzalo Schmidt","Tiempo de lectura":"1 minuto"},"schema":{"@context":"https:\/\/schema.org","@graph":[{"@type":"Article","@id":"https:\/\/informelitoral.com.ar\/calentamiento-global-el-calor-hara-inhabitables-algunas-regiones-en-2050\/#article","isPartOf":{"@id":"https:\/\/informelitoral.com.ar\/calentamiento-global-el-calor-hara-inhabitables-algunas-regiones-en-2050\/"},"author":{"name":"Gonzalo Schmidt","@id":"https:\/\/informelitoral.com.ar\/#\/schema\/person\/b9d00407c836482871ef1d57bf8e3180"},"headline":"Calentamiento global: el calor har\u00e1 inhabitables algunas regiones en 2050","datePublished":"2016-05-04T21:11:26+00:00","mainEntityOfPage":{"@id":"https:\/\/informelitoral.com.ar\/calentamiento-global-el-calor-hara-inhabitables-algunas-regiones-en-2050\/"},"wordCount":265,"commentCount":0,"publisher":{"@id":"https:\/\/informelitoral.com.ar\/#organization"},"image":{"@id":"https:\/\/informelitoral.com.ar\/calentamiento-global-el-calor-hara-inhabitables-algunas-regiones-en-2050\/#primaryimage"},"thumbnailUrl":"http:\/\/www.isletasnoticias.com.ar\/%77%70%2d%63%6f%6e%74%65%6e%74\/uploads\/2016\/05\/o_1453505362.jpg","articleSection":["Internacionales","Sociedad"],"inLanguage":"es","potentialAction":[{"@type":"CommentAction","name":"Comment","target":["https:\/\/informelitoral.com.ar\/calentamiento-global-el-calor-hara-inhabitables-algunas-regiones-en-2050\/#respond"]}]},{"@type":"WebPage","@id":"https:\/\/informelitoral.com.ar\/calentamiento-global-el-calor-hara-inhabitables-algunas-regiones-en-2050\/","url":"https:\/\/informelitoral.com.ar\/calentamiento-global-el-calor-hara-inhabitables-algunas-regiones-en-2050\/","name":"Calentamiento global: el calor har\u00e1 inhabitables algunas regiones en 2050 - Informe Litoral","isPartOf":{"@id":"https:\/\/informelitoral.com.ar\/#website"},"primaryImageOfPage":{"@id":"https:\/\/informelitoral.com.ar\/calentamiento-global-el-calor-hara-inhabitables-algunas-regiones-en-2050\/#primaryimage"},"image":{"@id":"https:\/\/informelitoral.com.ar\/calentamiento-global-el-calor-hara-inhabitables-algunas-regiones-en-2050\/#primaryimage"},"thumbnailUrl":"http:\/\/www.isletasnoticias.com.ar\/%77%70%2d%63%6f%6e%74%65%6e%74\/uploads\/2016\/05\/o_1453505362.jpg","datePublished":"2016-05-04T21:11:26+00:00","breadcrumb":{"@id":"https:\/\/informelitoral.com.ar\/calentamiento-global-el-calor-hara-inhabitables-algunas-regiones-en-2050\/#breadcrumb"},"inLanguage":"es","potentialAction":[{"@type":"ReadAction","target":["https:\/\/informelitoral.com.ar\/calentamiento-global-el-calor-hara-inhabitables-algunas-regiones-en-2050\/"]}]},{"@type":"ImageObject","inLanguage":"es","@id":"https:\/\/informelitoral.com.ar\/calentamiento-global-el-calor-hara-inhabitables-algunas-regiones-en-2050\/#primaryimage","url":"http:\/\/www.isletasnoticias.com.ar\/%77%70%2d%63%6f%6e%74%65%6e%74\/uploads\/2016\/05\/o_1453505362.jpg","contentUrl":"http:\/\/www.isletasnoticias.com.ar\/%77%70%2d%63%6f%6e%74%65%6e%74\/uploads\/2016\/05\/o_1453505362.jpg"},{"@type":"BreadcrumbList","@id":"https:\/\/informelitoral.com.ar\/calentamiento-global-el-calor-hara-inhabitables-algunas-regiones-en-2050\/#breadcrumb","itemListElement":[{"@type":"ListItem","position":1,"name":"Portada","item":"https:\/\/informelitoral.com.ar\/"},{"@type":"ListItem","position":2,"name":"Calentamiento global: el calor har\u00e1 inhabitables algunas regiones en 2050"}]},{"@type":"WebSite","@id":"https:\/\/informelitoral.com.ar\/#website","url":"https:\/\/informelitoral.com.ar\/","name":"Informe Litoral","description":"&quot;Nos informamos&quot; ","publisher":{"@id":"https:\/\/informelitoral.com.ar\/#organization"},"potentialAction":[{"@type":"SearchAction","target":{"@type":"EntryPoint","urlTemplate":"https:\/\/informelitoral.com.ar\/?s={search_term_string}"},"query-input":{"@type":"PropertyValueSpecification","valueRequired":true,"valueName":"search_term_string"}}],"inLanguage":"es"},{"@type":"Organization","@id":"https:\/\/informelitoral.com.ar\/#organization","name":"Informe Litoral","url":"https:\/\/informelitoral.com.ar\/","logo":{"@type":"ImageObject","inLanguage":"es","@id":"https:\/\/informelitoral.com.ar\/#\/schema\/logo\/image\/","url":"https:\/\/informelitoral.com.ar\/%77%70%2d%63%6f%6e%74%65%6e%74\/uploads\/2021\/01\/circulo.png","contentUrl":"https:\/\/informelitoral.com.ar\/%77%70%2d%63%6f%6e%74%65%6e%74\/uploads\/2021\/01\/circulo.png","width":723,"height":731,"caption":"Informe Litoral"},"image":{"@id":"https:\/\/informelitoral.com.ar\/#\/schema\/logo\/image\/"},"sameAs":["https:\/\/www.facebook.com\/informelitoral\/","https:\/\/x.com\/InformeLitoral","https:\/\/www.instagram.com\/informelitoral\/","https:\/\/www.youtube.com\/channel\/UCua4Qvz8Icb6MYqhoq9xLXw"]},{"@type":"Person","@id":"https:\/\/informelitoral.com.ar\/#\/schema\/person\/b9d00407c836482871ef1d57bf8e3180","name":"Gonzalo Schmidt","image":{"@type":"ImageObject","inLanguage":"es","@id":"https:\/\/secure.gravatar.com\/avatar\/31a1a7b66ff2de83bd0e9fd79d026630d2d99e55e8bfe501287647b4fd9743de?s=96&d=mm&r=g","url":"https:\/\/secure.gravatar.com\/avatar\/31a1a7b66ff2de83bd0e9fd79d026630d2d99e55e8bfe501287647b4fd9743de?s=96&d=mm&r=g","contentUrl":"https:\/\/secure.gravatar.com\/avatar\/31a1a7b66ff2de83bd0e9fd79d026630d2d99e55e8bfe501287647b4fd9743de?s=96&d=mm&r=g","caption":"Gonzalo Schmidt"},"description":"Sitio web de noticias de la provincia de Entre R\u00edos, Argentina. Informaci\u00f3n y entretenimiento. Informe Litoral, nos informamos.","sameAs":["http:\/\/www.isletasnoticias.com.ar"],"url":"https:\/\/informelitoral.com.ar\/author\/gonzalo\/"}]}},"_links":{"self":[{"href":"https:\/\/informelitoral.com.ar\/%77%70%2d%6a%73%6f%6e\/wp\/v2\/posts\/15753","targetHints":{"allow":["GET"]}}],"collection":[{"href":"https:\/\/informelitoral.com.ar\/%77%70%2d%6a%73%6f%6e\/wp\/v2\/posts"}],"about":[{"href":"https:\/\/informelitoral.com.ar\/%77%70%2d%6a%73%6f%6e\/wp\/v2\/types\/post"}],"author":[{"embeddable":true,"href":"https:\/\/informelitoral.com.ar\/%77%70%2d%6a%73%6f%6e\/wp\/v2\/users\/2"}],"replies":[{"embeddable":true,"href":"https:\/\/informelitoral.com.ar\/%77%70%2d%6a%73%6f%6e\/wp\/v2\/comments?post=15753"}],"version-history":[{"count":0,"href":"https:\/\/informelitoral.com.ar\/%77%70%2d%6a%73%6f%6e\/wp\/v2\/posts\/15753\/revisions"}],"wp:attachment":[{"href":"https:\/\/informelitoral.com.ar\/%77%70%2d%6a%73%6f%6e\/wp\/v2\/media?parent=15753"}],"wp:term":[{"taxonomy":"category","embeddable":true,"href":"https:\/\/informelitoral.com.ar\/%77%70%2d%6a%73%6f%6e\/wp\/v2\/categories?post=15753"},{"taxonomy":"post_tag","embeddable":true,"href":"https:\/\/informelitoral.com.ar\/%77%70%2d%6a%73%6f%6e\/wp\/v2\/tags?post=15753"}],"curies":[{"name":"wp","href":"https:\/\/api.w.org\/{rel}","templated":true}]}}