{"id":15747,"date":"2016-05-04T09:07:34","date_gmt":"2016-05-04T12:07:34","guid":{"rendered":"http:\/\/www.isletasnoticias.com.ar\/?p=15747"},"modified":"2016-05-04T09:09:47","modified_gmt":"2016-05-04T12:09:47","slug":"ramirez-formacion-integral-para-agentes-de-transito","status":"publish","type":"post","link":"https:\/\/informelitoral.com.ar\/ramirez-formacion-integral-para-agentes-de-transito\/","title":{"rendered":"Ram\u00edrez: formaci\u00f3n integral para agentes de tr\u00e1nsito"},"content":{"rendered":"<div id=\"x_x_yui_3_16_0_ym19_1_1462209405414_3323\"><strong>La iniciativa contempla el dictado de diferentes m\u00f3dulos, que abarcar\u00e1n aspectos\u00a0jur\u00eddicos, psicol\u00f3gicos, comunicacionales, de infraestructura y sociol\u00f3gicos, entre otros. Para avanzar en el tema, el secretario de Gobierno mantuvo una reuni\u00f3n con autoridades de la Facultad de Ciencias de la Vida y la Salud de la Uader.<a href=\"http:\/\/www.isletasnoticias.com.ar\/%77%70%2d%63%6f%6e%74%65%6e%74\/uploads\/2016\/05\/formacion.jpg\"><img loading=\"lazy\" decoding=\"async\" class=\"aligncenter wp-image-15748 size-large\" src=\"http:\/\/www.isletasnoticias.com.ar\/%77%70%2d%63%6f%6e%74%65%6e%74\/uploads\/2016\/05\/formacion-1024x768.jpg\" alt=\"formacion\" width=\"600\" height=\"450\" srcset=\"https:\/\/informelitoral.com.ar\/%77%70%2d%63%6f%6e%74%65%6e%74\/uploads\/2016\/05\/formacion-1024x768.jpg 1024w, https:\/\/informelitoral.com.ar\/%77%70%2d%63%6f%6e%74%65%6e%74\/uploads\/2016\/05\/formacion-300x225.jpg 300w, https:\/\/informelitoral.com.ar\/%77%70%2d%63%6f%6e%74%65%6e%74\/uploads\/2016\/05\/formacion-768x576.jpg 768w\" sizes=\"auto, (max-width: 600px) 100vw, 600px\" \/><\/a><\/strong><\/div>\n<div><\/div>\n<div id=\"x_x_yui_3_16_0_ym19_1_1462209405414_3325\">El secretario de Gobierno<strong> Pablo Omarini<\/strong> mantuvo, el pasado viernes, una reuni\u00f3n en la Facultad de Ciencias de la Vida y la Salud de (UADER) en la cual\u00a0fue recibido por la Decana <strong>Estela Gross<\/strong> y la subsecretaria de Extensi\u00f3n <strong>Griselda Peltzer<\/strong>, ambas oriundas de Ram\u00edrez. Durante el encuentro se avanz\u00f3 en diversos aspectos que permitir\u00e1n concretar un programa integral de formaci\u00f3n para agentes de tr\u00e1nsito.<\/div>\n<div><\/div>\n<div id=\"x_x_yui_3_16_0_ym19_1_1462209405414_3327\">Seg\u00fan consigna un texto enviado a <strong><em>IN,<\/em><\/strong>\u00a0la iniciativa surgida a partir de una propuesta de la empresa Aseguradora La Segunda, contempla el dictado de distintos m\u00f3dulos que abarcar\u00e1n un abanico amplio de temas vinculados al tr\u00e1nsito y la seguridad vial. En ese sentido se abordar\u00e1n aspectos jur\u00eddicos, psicol\u00f3gicos, comunicacionales, de infraestructura y sociol\u00f3gicos, entre otros.<\/div>\n<div id=\"x_x_yui_3_16_0_ym19_1_1462209405414_3256\"><\/div>\n<div id=\"x_x_yui_3_16_0_ym19_1_1462209405414_3329\" dir=\"ltr\">La formaci\u00f3n se suma a otras acciones que el municipio viene desarrollando, en el marco del Plan Estrat\u00e9gico de Seguridad Vial 2016-2019, tendr\u00e1 una duraci\u00f3n de seis meses y ser\u00e1 implementado conjuntamente por el municipio, la Universidad, la Empresa Aseguradora La Segunda, con el\u00a0aval de la Agencia Nacional de Seguridad Vial.<\/div>\n","protected":false},"excerpt":{"rendered":"<p>La iniciativa contempla el dictado de diferentes m&oacute;dulos, que abarcar&aacute;n aspectos&nbsp;jur&iacute;dicos, psicol&oacute;gicos, comunicacionales, de infraestructura y sociol&oacute;gicos, entre otros. Para avanzar en el tema, el secretario de Gobierno mantuvo una reuni&oacute;n con autoridades de la Facultad de Ciencias de la Vida y la Salud de la Uader. El secretario de Gobierno Pablo Omarini mantuvo, el [&hellip;]<\/p>\n","protected":false},"author":2,"featured_media":0,"comment_status":"open","ping_status":"open","sticky":false,"template":"","format":"standard","meta":{"fifu_image_url":"","fifu_image_alt":"","footnotes":""},"categories":[5],"tags":[],"class_list":{"0":"post-15747","1":"post","2":"type-post","3":"status-publish","4":"format-standard","6":"category-zonales"},"yoast_head":"<title>Ram\u00edrez: formaci\u00f3n integral para agentes de tr\u00e1nsito - Informe Litoral<\/title>\n<meta name=\"robots\" content=\"index, follow, max-snippet:-1, max-image-preview:large, max-video-preview:-1\" \/>\n<link rel=\"canonical\" href=\"https:\/\/informelitoral.com.ar\/ramirez-formacion-integral-para-agentes-de-transito\/\" \/>\n<meta property=\"og:locale\" content=\"es_ES\" \/>\n<meta property=\"og:type\" content=\"article\" \/>\n<meta property=\"og:title\" content=\"Ram\u00edrez: formaci\u00f3n integral para agentes de tr\u00e1nsito - Informe Litoral\" \/>\n<meta property=\"og:description\" content=\"La iniciativa contempla el dictado de diferentes m&oacute;dulos, que abarcar&aacute;n aspectos&nbsp;jur&iacute;dicos, psicol&oacute;gicos, comunicacionales, de infraestructura y sociol&oacute;gicos, entre otros. Para avanzar en el tema, el secretario de Gobierno mantuvo una reuni&oacute;n con autoridades de la Facultad de Ciencias de la Vida y la Salud de la Uader. El secretario de Gobierno Pablo Omarini mantuvo, el [&hellip;]\" \/>\n<meta property=\"og:url\" content=\"https:\/\/informelitoral.com.ar\/ramirez-formacion-integral-para-agentes-de-transito\/\" \/>\n<meta property=\"og:site_name\" content=\"Informe Litoral\" \/>\n<meta property=\"article:publisher\" content=\"https:\/\/www.facebook.com\/informelitoral\/\" \/>\n<meta property=\"article:published_time\" content=\"2016-05-04T12:07:34+00:00\" \/>\n<meta property=\"article:modified_time\" content=\"2016-05-04T12:09:47+00:00\" \/>\n<meta property=\"og:image\" content=\"https:\/\/informelitoral.com.ar\/%77%70%2d%63%6f%6e%74%65%6e%74\/uploads\/2016\/05\/formacion.jpg\" \/>\n\t<meta property=\"og:image:width\" content=\"3264\" \/>\n\t<meta property=\"og:image:height\" content=\"2448\" \/>\n\t<meta property=\"og:image:type\" content=\"image\/jpeg\" \/>\n<meta name=\"author\" content=\"Gonzalo Schmidt\" \/>\n<meta name=\"twitter:card\" content=\"summary_large_image\" \/>\n<meta name=\"twitter:creator\" content=\"@InformeLitoral\" \/>\n<meta name=\"twitter:site\" content=\"@InformeLitoral\" \/>\n<meta name=\"twitter:label1\" content=\"Escrito por\" \/>\n\t<meta name=\"twitter:data1\" content=\"Gonzalo Schmidt\" \/>\n\t<meta name=\"twitter:label2\" content=\"Tiempo de lectura\" \/>\n\t<meta name=\"twitter:data2\" content=\"1 minuto\" \/>\n<script type=\"application\/ld+json\" class=\"yoast-schema-graph\">{\"@context\":\"https:\\\/\\\/schema.org\",\"@graph\":[{\"@type\":\"Article\",\"@id\":\"https:\\\/\\\/informelitoral.com.ar\\\/ramirez-formacion-integral-para-agentes-de-transito\\\/#article\",\"isPartOf\":{\"@id\":\"https:\\\/\\\/informelitoral.com.ar\\\/ramirez-formacion-integral-para-agentes-de-transito\\\/\"},\"author\":{\"name\":\"Gonzalo Schmidt\",\"@id\":\"https:\\\/\\\/informelitoral.com.ar\\\/#\\\/schema\\\/person\\\/b9d00407c836482871ef1d57bf8e3180\"},\"headline\":\"Ram\u00edrez: formaci\u00f3n integral para agentes de tr\u00e1nsito\",\"datePublished\":\"2016-05-04T12:07:34+00:00\",\"dateModified\":\"2016-05-04T12:09:47+00:00\",\"mainEntityOfPage\":{\"@id\":\"https:\\\/\\\/informelitoral.com.ar\\\/ramirez-formacion-integral-para-agentes-de-transito\\\/\"},\"wordCount\":255,\"commentCount\":0,\"publisher\":{\"@id\":\"https:\\\/\\\/informelitoral.com.ar\\\/#organization\"},\"image\":{\"@id\":\"https:\\\/\\\/informelitoral.com.ar\\\/ramirez-formacion-integral-para-agentes-de-transito\\\/#primaryimage\"},\"thumbnailUrl\":\"http:\\\/\\\/www.isletasnoticias.com.ar\\\/%77%70%2d%63%6f%6e%74%65%6e%74\\\/uploads\\\/2016\\\/05\\\/formacion-1024x768.jpg\",\"articleSection\":[\"Departamento Diamante\"],\"inLanguage\":\"es\",\"potentialAction\":[{\"@type\":\"CommentAction\",\"name\":\"Comment\",\"target\":[\"https:\\\/\\\/informelitoral.com.ar\\\/ramirez-formacion-integral-para-agentes-de-transito\\\/#respond\"]}]},{\"@type\":\"WebPage\",\"@id\":\"https:\\\/\\\/informelitoral.com.ar\\\/ramirez-formacion-integral-para-agentes-de-transito\\\/\",\"url\":\"https:\\\/\\\/informelitoral.com.ar\\\/ramirez-formacion-integral-para-agentes-de-transito\\\/\",\"name\":\"Ram\u00edrez: formaci\u00f3n integral para agentes de tr\u00e1nsito - Informe Litoral\",\"isPartOf\":{\"@id\":\"https:\\\/\\\/informelitoral.com.ar\\\/#website\"},\"primaryImageOfPage\":{\"@id\":\"https:\\\/\\\/informelitoral.com.ar\\\/ramirez-formacion-integral-para-agentes-de-transito\\\/#primaryimage\"},\"image\":{\"@id\":\"https:\\\/\\\/informelitoral.com.ar\\\/ramirez-formacion-integral-para-agentes-de-transito\\\/#primaryimage\"},\"thumbnailUrl\":\"http:\\\/\\\/www.isletasnoticias.com.ar\\\/%77%70%2d%63%6f%6e%74%65%6e%74\\\/uploads\\\/2016\\\/05\\\/formacion-1024x768.jpg\",\"datePublished\":\"2016-05-04T12:07:34+00:00\",\"dateModified\":\"2016-05-04T12:09:47+00:00\",\"breadcrumb\":{\"@id\":\"https:\\\/\\\/informelitoral.com.ar\\\/ramirez-formacion-integral-para-agentes-de-transito\\\/#breadcrumb\"},\"inLanguage\":\"es\",\"potentialAction\":[{\"@type\":\"ReadAction\",\"target\":[\"https:\\\/\\\/informelitoral.com.ar\\\/ramirez-formacion-integral-para-agentes-de-transito\\\/\"]}]},{\"@type\":\"ImageObject\",\"inLanguage\":\"es\",\"@id\":\"https:\\\/\\\/informelitoral.com.ar\\\/ramirez-formacion-integral-para-agentes-de-transito\\\/#primaryimage\",\"url\":\"http:\\\/\\\/www.isletasnoticias.com.ar\\\/%77%70%2d%63%6f%6e%74%65%6e%74\\\/uploads\\\/2016\\\/05\\\/formacion-1024x768.jpg\",\"contentUrl\":\"http:\\\/\\\/www.isletasnoticias.com.ar\\\/%77%70%2d%63%6f%6e%74%65%6e%74\\\/uploads\\\/2016\\\/05\\\/formacion-1024x768.jpg\"},{\"@type\":\"BreadcrumbList\",\"@id\":\"https:\\\/\\\/informelitoral.com.ar\\\/ramirez-formacion-integral-para-agentes-de-transito\\\/#breadcrumb\",\"itemListElement\":[{\"@type\":\"ListItem\",\"position\":1,\"name\":\"Portada\",\"item\":\"https:\\\/\\\/informelitoral.com.ar\\\/\"},{\"@type\":\"ListItem\",\"position\":2,\"name\":\"Ram\u00edrez: formaci\u00f3n integral para agentes de tr\u00e1nsito\"}]},{\"@type\":\"WebSite\",\"@id\":\"https:\\\/\\\/informelitoral.com.ar\\\/#website\",\"url\":\"https:\\\/\\\/informelitoral.com.ar\\\/\",\"name\":\"Informe Litoral\",\"description\":\"&quot;Nos informamos&quot; \",\"publisher\":{\"@id\":\"https:\\\/\\\/informelitoral.com.ar\\\/#organization\"},\"potentialAction\":[{\"@type\":\"SearchAction\",\"target\":{\"@type\":\"EntryPoint\",\"urlTemplate\":\"https:\\\/\\\/informelitoral.com.ar\\\/?s={search_term_string}\"},\"query-input\":{\"@type\":\"PropertyValueSpecification\",\"valueRequired\":true,\"valueName\":\"search_term_string\"}}],\"inLanguage\":\"es\"},{\"@type\":\"Organization\",\"@id\":\"https:\\\/\\\/informelitoral.com.ar\\\/#organization\",\"name\":\"Informe Litoral\",\"url\":\"https:\\\/\\\/informelitoral.com.ar\\\/\",\"logo\":{\"@type\":\"ImageObject\",\"inLanguage\":\"es\",\"@id\":\"https:\\\/\\\/informelitoral.com.ar\\\/#\\\/schema\\\/logo\\\/image\\\/\",\"url\":\"https:\\\/\\\/informelitoral.com.ar\\\/%77%70%2d%63%6f%6e%74%65%6e%74\\\/uploads\\\/2021\\\/01\\\/circulo.png\",\"contentUrl\":\"https:\\\/\\\/informelitoral.com.ar\\\/%77%70%2d%63%6f%6e%74%65%6e%74\\\/uploads\\\/2021\\\/01\\\/circulo.png\",\"width\":723,\"height\":731,\"caption\":\"Informe Litoral\"},\"image\":{\"@id\":\"https:\\\/\\\/informelitoral.com.ar\\\/#\\\/schema\\\/logo\\\/image\\\/\"},\"sameAs\":[\"https:\\\/\\\/www.facebook.com\\\/informelitoral\\\/\",\"https:\\\/\\\/x.com\\\/InformeLitoral\",\"https:\\\/\\\/www.instagram.com\\\/informelitoral\\\/\",\"https:\\\/\\\/www.youtube.com\\\/channel\\\/UCua4Qvz8Icb6MYqhoq9xLXw\"]},{\"@type\":\"Person\",\"@id\":\"https:\\\/\\\/informelitoral.com.ar\\\/#\\\/schema\\\/person\\\/b9d00407c836482871ef1d57bf8e3180\",\"name\":\"Gonzalo Schmidt\",\"image\":{\"@type\":\"ImageObject\",\"inLanguage\":\"es\",\"@id\":\"https:\\\/\\\/secure.gravatar.com\\\/avatar\\\/31a1a7b66ff2de83bd0e9fd79d026630d2d99e55e8bfe501287647b4fd9743de?s=96&d=mm&r=g\",\"url\":\"https:\\\/\\\/secure.gravatar.com\\\/avatar\\\/31a1a7b66ff2de83bd0e9fd79d026630d2d99e55e8bfe501287647b4fd9743de?s=96&d=mm&r=g\",\"contentUrl\":\"https:\\\/\\\/secure.gravatar.com\\\/avatar\\\/31a1a7b66ff2de83bd0e9fd79d026630d2d99e55e8bfe501287647b4fd9743de?s=96&d=mm&r=g\",\"caption\":\"Gonzalo Schmidt\"},\"description\":\"Sitio web de noticias de la provincia de Entre R\u00edos, Argentina. Informaci\u00f3n y entretenimiento. Informe Litoral, nos informamos.\",\"sameAs\":[\"http:\\\/\\\/www.isletasnoticias.com.ar\"],\"url\":\"https:\\\/\\\/informelitoral.com.ar\\\/author\\\/gonzalo\\\/\"}]}<\/script>","yoast_head_json":{"title":"Ram\u00edrez: formaci\u00f3n integral para agentes de tr\u00e1nsito - Informe Litoral","robots":{"index":"index","follow":"follow","max-snippet":"max-snippet:-1","max-image-preview":"max-image-preview:large","max-video-preview":"max-video-preview:-1"},"canonical":"https:\/\/informelitoral.com.ar\/ramirez-formacion-integral-para-agentes-de-transito\/","og_locale":"es_ES","og_type":"article","og_title":"Ram\u00edrez: formaci\u00f3n integral para agentes de tr\u00e1nsito - Informe Litoral","og_description":"La iniciativa contempla el dictado de diferentes m&oacute;dulos, que abarcar&aacute;n aspectos&nbsp;jur&iacute;dicos, psicol&oacute;gicos, comunicacionales, de infraestructura y sociol&oacute;gicos, entre otros. Para avanzar en el tema, el secretario de Gobierno mantuvo una reuni&oacute;n con autoridades de la Facultad de Ciencias de la Vida y la Salud de la Uader. El secretario de Gobierno Pablo Omarini mantuvo, el [&hellip;]","og_url":"https:\/\/informelitoral.com.ar\/ramirez-formacion-integral-para-agentes-de-transito\/","og_site_name":"Informe Litoral","article_publisher":"https:\/\/www.facebook.com\/informelitoral\/","article_published_time":"2016-05-04T12:07:34+00:00","article_modified_time":"2016-05-04T12:09:47+00:00","og_image":[{"width":3264,"height":2448,"url":"https:\/\/informelitoral.com.ar\/%77%70%2d%63%6f%6e%74%65%6e%74\/uploads\/2016\/05\/formacion.jpg","type":"image\/jpeg"}],"author":"Gonzalo Schmidt","twitter_card":"summary_large_image","twitter_creator":"@InformeLitoral","twitter_site":"@InformeLitoral","twitter_misc":{"Escrito por":"Gonzalo Schmidt","Tiempo de lectura":"1 minuto"},"schema":{"@context":"https:\/\/schema.org","@graph":[{"@type":"Article","@id":"https:\/\/informelitoral.com.ar\/ramirez-formacion-integral-para-agentes-de-transito\/#article","isPartOf":{"@id":"https:\/\/informelitoral.com.ar\/ramirez-formacion-integral-para-agentes-de-transito\/"},"author":{"name":"Gonzalo Schmidt","@id":"https:\/\/informelitoral.com.ar\/#\/schema\/person\/b9d00407c836482871ef1d57bf8e3180"},"headline":"Ram\u00edrez: formaci\u00f3n integral para agentes de tr\u00e1nsito","datePublished":"2016-05-04T12:07:34+00:00","dateModified":"2016-05-04T12:09:47+00:00","mainEntityOfPage":{"@id":"https:\/\/informelitoral.com.ar\/ramirez-formacion-integral-para-agentes-de-transito\/"},"wordCount":255,"commentCount":0,"publisher":{"@id":"https:\/\/informelitoral.com.ar\/#organization"},"image":{"@id":"https:\/\/informelitoral.com.ar\/ramirez-formacion-integral-para-agentes-de-transito\/#primaryimage"},"thumbnailUrl":"http:\/\/www.isletasnoticias.com.ar\/%77%70%2d%63%6f%6e%74%65%6e%74\/uploads\/2016\/05\/formacion-1024x768.jpg","articleSection":["Departamento Diamante"],"inLanguage":"es","potentialAction":[{"@type":"CommentAction","name":"Comment","target":["https:\/\/informelitoral.com.ar\/ramirez-formacion-integral-para-agentes-de-transito\/#respond"]}]},{"@type":"WebPage","@id":"https:\/\/informelitoral.com.ar\/ramirez-formacion-integral-para-agentes-de-transito\/","url":"https:\/\/informelitoral.com.ar\/ramirez-formacion-integral-para-agentes-de-transito\/","name":"Ram\u00edrez: formaci\u00f3n integral para agentes de tr\u00e1nsito - Informe Litoral","isPartOf":{"@id":"https:\/\/informelitoral.com.ar\/#website"},"primaryImageOfPage":{"@id":"https:\/\/informelitoral.com.ar\/ramirez-formacion-integral-para-agentes-de-transito\/#primaryimage"},"image":{"@id":"https:\/\/informelitoral.com.ar\/ramirez-formacion-integral-para-agentes-de-transito\/#primaryimage"},"thumbnailUrl":"http:\/\/www.isletasnoticias.com.ar\/%77%70%2d%63%6f%6e%74%65%6e%74\/uploads\/2016\/05\/formacion-1024x768.jpg","datePublished":"2016-05-04T12:07:34+00:00","dateModified":"2016-05-04T12:09:47+00:00","breadcrumb":{"@id":"https:\/\/informelitoral.com.ar\/ramirez-formacion-integral-para-agentes-de-transito\/#breadcrumb"},"inLanguage":"es","potentialAction":[{"@type":"ReadAction","target":["https:\/\/informelitoral.com.ar\/ramirez-formacion-integral-para-agentes-de-transito\/"]}]},{"@type":"ImageObject","inLanguage":"es","@id":"https:\/\/informelitoral.com.ar\/ramirez-formacion-integral-para-agentes-de-transito\/#primaryimage","url":"http:\/\/www.isletasnoticias.com.ar\/%77%70%2d%63%6f%6e%74%65%6e%74\/uploads\/2016\/05\/formacion-1024x768.jpg","contentUrl":"http:\/\/www.isletasnoticias.com.ar\/%77%70%2d%63%6f%6e%74%65%6e%74\/uploads\/2016\/05\/formacion-1024x768.jpg"},{"@type":"BreadcrumbList","@id":"https:\/\/informelitoral.com.ar\/ramirez-formacion-integral-para-agentes-de-transito\/#breadcrumb","itemListElement":[{"@type":"ListItem","position":1,"name":"Portada","item":"https:\/\/informelitoral.com.ar\/"},{"@type":"ListItem","position":2,"name":"Ram\u00edrez: formaci\u00f3n integral para agentes de tr\u00e1nsito"}]},{"@type":"WebSite","@id":"https:\/\/informelitoral.com.ar\/#website","url":"https:\/\/informelitoral.com.ar\/","name":"Informe Litoral","description":"&quot;Nos informamos&quot; ","publisher":{"@id":"https:\/\/informelitoral.com.ar\/#organization"},"potentialAction":[{"@type":"SearchAction","target":{"@type":"EntryPoint","urlTemplate":"https:\/\/informelitoral.com.ar\/?s={search_term_string}"},"query-input":{"@type":"PropertyValueSpecification","valueRequired":true,"valueName":"search_term_string"}}],"inLanguage":"es"},{"@type":"Organization","@id":"https:\/\/informelitoral.com.ar\/#organization","name":"Informe Litoral","url":"https:\/\/informelitoral.com.ar\/","logo":{"@type":"ImageObject","inLanguage":"es","@id":"https:\/\/informelitoral.com.ar\/#\/schema\/logo\/image\/","url":"https:\/\/informelitoral.com.ar\/%77%70%2d%63%6f%6e%74%65%6e%74\/uploads\/2021\/01\/circulo.png","contentUrl":"https:\/\/informelitoral.com.ar\/%77%70%2d%63%6f%6e%74%65%6e%74\/uploads\/2021\/01\/circulo.png","width":723,"height":731,"caption":"Informe Litoral"},"image":{"@id":"https:\/\/informelitoral.com.ar\/#\/schema\/logo\/image\/"},"sameAs":["https:\/\/www.facebook.com\/informelitoral\/","https:\/\/x.com\/InformeLitoral","https:\/\/www.instagram.com\/informelitoral\/","https:\/\/www.youtube.com\/channel\/UCua4Qvz8Icb6MYqhoq9xLXw"]},{"@type":"Person","@id":"https:\/\/informelitoral.com.ar\/#\/schema\/person\/b9d00407c836482871ef1d57bf8e3180","name":"Gonzalo Schmidt","image":{"@type":"ImageObject","inLanguage":"es","@id":"https:\/\/secure.gravatar.com\/avatar\/31a1a7b66ff2de83bd0e9fd79d026630d2d99e55e8bfe501287647b4fd9743de?s=96&d=mm&r=g","url":"https:\/\/secure.gravatar.com\/avatar\/31a1a7b66ff2de83bd0e9fd79d026630d2d99e55e8bfe501287647b4fd9743de?s=96&d=mm&r=g","contentUrl":"https:\/\/secure.gravatar.com\/avatar\/31a1a7b66ff2de83bd0e9fd79d026630d2d99e55e8bfe501287647b4fd9743de?s=96&d=mm&r=g","caption":"Gonzalo Schmidt"},"description":"Sitio web de noticias de la provincia de Entre R\u00edos, Argentina. Informaci\u00f3n y entretenimiento. Informe Litoral, nos informamos.","sameAs":["http:\/\/www.isletasnoticias.com.ar"],"url":"https:\/\/informelitoral.com.ar\/author\/gonzalo\/"}]}},"_links":{"self":[{"href":"https:\/\/informelitoral.com.ar\/%77%70%2d%6a%73%6f%6e\/wp\/v2\/posts\/15747","targetHints":{"allow":["GET"]}}],"collection":[{"href":"https:\/\/informelitoral.com.ar\/%77%70%2d%6a%73%6f%6e\/wp\/v2\/posts"}],"about":[{"href":"https:\/\/informelitoral.com.ar\/%77%70%2d%6a%73%6f%6e\/wp\/v2\/types\/post"}],"author":[{"embeddable":true,"href":"https:\/\/informelitoral.com.ar\/%77%70%2d%6a%73%6f%6e\/wp\/v2\/users\/2"}],"replies":[{"embeddable":true,"href":"https:\/\/informelitoral.com.ar\/%77%70%2d%6a%73%6f%6e\/wp\/v2\/comments?post=15747"}],"version-history":[{"count":0,"href":"https:\/\/informelitoral.com.ar\/%77%70%2d%6a%73%6f%6e\/wp\/v2\/posts\/15747\/revisions"}],"wp:attachment":[{"href":"https:\/\/informelitoral.com.ar\/%77%70%2d%6a%73%6f%6e\/wp\/v2\/media?parent=15747"}],"wp:term":[{"taxonomy":"category","embeddable":true,"href":"https:\/\/informelitoral.com.ar\/%77%70%2d%6a%73%6f%6e\/wp\/v2\/categories?post=15747"},{"taxonomy":"post_tag","embeddable":true,"href":"https:\/\/informelitoral.com.ar\/%77%70%2d%6a%73%6f%6e\/wp\/v2\/tags?post=15747"}],"curies":[{"name":"wp","href":"https:\/\/api.w.org\/{rel}","templated":true}]}}