{"id":15744,"date":"2016-05-04T08:56:19","date_gmt":"2016-05-04T11:56:19","guid":{"rendered":"http:\/\/www.isletasnoticias.com.ar\/?p=15744"},"modified":"2016-05-04T08:56:19","modified_gmt":"2016-05-04T11:56:19","slug":"hasta-el-15-de-mayo-se-vacunara-contra-aftosa-en-entre-rios","status":"publish","type":"post","link":"https:\/\/informelitoral.com.ar\/hasta-el-15-de-mayo-se-vacunara-contra-aftosa-en-entre-rios\/","title":{"rendered":"Hasta el 15 de mayo se vacunar\u00e1 contra aftosa en Entre R\u00edos"},"content":{"rendered":"<div><strong>La fecha fue confirmada por la Fundaci\u00f3n contra la Lucha de Fiebre Aftosa (Fucofa), ente que tiene a su cargo las campa\u00f1as de vacunaci\u00f3n del rodeo entrerriano.\u00a0<a href=\"http:\/\/www.isletasnoticias.com.ar\/%77%70%2d%63%6f%6e%74%65%6e%74\/uploads\/2016\/05\/descarga.jpg\"><img loading=\"lazy\" decoding=\"async\" class=\"aligncenter wp-image-15745 \" src=\"http:\/\/www.isletasnoticias.com.ar\/%77%70%2d%63%6f%6e%74%65%6e%74\/uploads\/2016\/05\/descarga.jpg\" alt=\"descarga\" width=\"363\" height=\"249\" \/><\/a><\/strong><\/div>\n<div>La campa\u00f1a de vacunaci\u00f3n contra la fiebre aftosa en Entre R\u00edos comenz\u00f3 el 29 de febrero y estaba prevista su finalizaci\u00f3n el 29 de abril, pero debido a las inclemencias clim\u00e1ticas se reprogramaron los plazos establecidos cerrando el pr\u00f3ximo 15 de mayo. A comienzos de a\u00f1o, se determin\u00f3 en $22 el costo por dosis aplicada de vacuna de aftosa al rodeo entrerriano, mientras que la vacunaci\u00f3n contras brucelosis permite inocular a alrededor de 430 mil terneras nacidas en el territorio provincial, a un valor final por aplicaci\u00f3n de $10.<\/div>\n<div><\/div>\n<div>Contra aftosa, se vacunan en esta campa\u00f1a 2.500.000 cabezas en suelo entrerriano. \u00abLa vacunaci\u00f3n contra esta enfermedad es una de las principales estrategias de prevenci\u00f3n que permite mantener en una situaci\u00f3n epidemiol\u00f3gica estable a la provincia, y sobre todo al pa\u00eds\u00bb destac\u00f3 el titular del Comit\u00e9 Ejecutivo de la Fucofa, <strong>Jos\u00e9 Carlos Kornschuh<\/strong>, seg\u00fan se indica en un texto enviado a<em><strong> IN.<\/strong><\/em><\/div>\n<div><\/div>\n<div>En tanto, a\u00f1adi\u00f3 que est\u00e1 pr\u00f3rroga busca que se logre \u00abcerrar con total normalidad\u00bb la presente campa\u00f1a en la provincia.<\/div>\n","protected":false},"excerpt":{"rendered":"<p>La fecha fue confirmada por la Fundaci&oacute;n contra la Lucha de Fiebre Aftosa (Fucofa), ente que tiene a su cargo las campa&ntilde;as de vacunaci&oacute;n del rodeo entrerriano.&nbsp; La campa&ntilde;a de vacunaci&oacute;n contra la fiebre aftosa en Entre R&iacute;os comenz&oacute; el 29 de febrero y estaba prevista su finalizaci&oacute;n el 29 de abril, pero debido a [&hellip;]<\/p>\n","protected":false},"author":2,"featured_media":0,"comment_status":"open","ping_status":"open","sticky":false,"template":"","format":"standard","meta":{"fifu_image_url":"","fifu_image_alt":"","footnotes":""},"categories":[10,6],"tags":[],"class_list":{"0":"post-15744","1":"post","2":"type-post","3":"status-publish","4":"format-standard","6":"category-campo","7":"category-entre-rios"},"yoast_head":"<title>Hasta el 15 de mayo se vacunar\u00e1 contra aftosa en Entre R\u00edos - Informe Litoral<\/title>\n<meta name=\"robots\" content=\"index, follow, max-snippet:-1, max-image-preview:large, max-video-preview:-1\" \/>\n<link rel=\"canonical\" href=\"https:\/\/informelitoral.com.ar\/hasta-el-15-de-mayo-se-vacunara-contra-aftosa-en-entre-rios\/\" \/>\n<meta property=\"og:locale\" content=\"es_ES\" \/>\n<meta property=\"og:type\" content=\"article\" \/>\n<meta property=\"og:title\" content=\"Hasta el 15 de mayo se vacunar\u00e1 contra aftosa en Entre R\u00edos - Informe Litoral\" \/>\n<meta property=\"og:description\" content=\"La fecha fue confirmada por la Fundaci&oacute;n contra la Lucha de Fiebre Aftosa (Fucofa), ente que tiene a su cargo las campa&ntilde;as de vacunaci&oacute;n del rodeo entrerriano.&nbsp; La campa&ntilde;a de vacunaci&oacute;n contra la fiebre aftosa en Entre R&iacute;os comenz&oacute; el 29 de febrero y estaba prevista su finalizaci&oacute;n el 29 de abril, pero debido a [&hellip;]\" \/>\n<meta property=\"og:url\" content=\"https:\/\/informelitoral.com.ar\/hasta-el-15-de-mayo-se-vacunara-contra-aftosa-en-entre-rios\/\" \/>\n<meta property=\"og:site_name\" content=\"Informe Litoral\" \/>\n<meta property=\"article:publisher\" content=\"https:\/\/www.facebook.com\/informelitoral\/\" \/>\n<meta property=\"article:published_time\" content=\"2016-05-04T11:56:19+00:00\" \/>\n<meta property=\"og:image\" content=\"https:\/\/informelitoral.com.ar\/%77%70%2d%63%6f%6e%74%65%6e%74\/uploads\/2016\/05\/descarga.jpg\" \/>\n\t<meta property=\"og:image:width\" content=\"271\" \/>\n\t<meta property=\"og:image:height\" content=\"186\" \/>\n\t<meta property=\"og:image:type\" content=\"image\/jpeg\" \/>\n<meta name=\"author\" content=\"Gonzalo Schmidt\" \/>\n<meta name=\"twitter:card\" content=\"summary_large_image\" \/>\n<meta name=\"twitter:creator\" content=\"@InformeLitoral\" \/>\n<meta name=\"twitter:site\" content=\"@InformeLitoral\" \/>\n<meta name=\"twitter:label1\" content=\"Escrito por\" \/>\n\t<meta name=\"twitter:data1\" content=\"Gonzalo Schmidt\" \/>\n\t<meta name=\"twitter:label2\" content=\"Tiempo de lectura\" \/>\n\t<meta name=\"twitter:data2\" content=\"1 minuto\" \/>\n<script type=\"application\/ld+json\" class=\"yoast-schema-graph\">{\"@context\":\"https:\\\/\\\/schema.org\",\"@graph\":[{\"@type\":\"Article\",\"@id\":\"https:\\\/\\\/informelitoral.com.ar\\\/hasta-el-15-de-mayo-se-vacunara-contra-aftosa-en-entre-rios\\\/#article\",\"isPartOf\":{\"@id\":\"https:\\\/\\\/informelitoral.com.ar\\\/hasta-el-15-de-mayo-se-vacunara-contra-aftosa-en-entre-rios\\\/\"},\"author\":{\"name\":\"Gonzalo Schmidt\",\"@id\":\"https:\\\/\\\/informelitoral.com.ar\\\/#\\\/schema\\\/person\\\/b9d00407c836482871ef1d57bf8e3180\"},\"headline\":\"Hasta el 15 de mayo se vacunar\u00e1 contra aftosa en Entre R\u00edos\",\"datePublished\":\"2016-05-04T11:56:19+00:00\",\"mainEntityOfPage\":{\"@id\":\"https:\\\/\\\/informelitoral.com.ar\\\/hasta-el-15-de-mayo-se-vacunara-contra-aftosa-en-entre-rios\\\/\"},\"wordCount\":225,\"commentCount\":0,\"publisher\":{\"@id\":\"https:\\\/\\\/informelitoral.com.ar\\\/#organization\"},\"image\":{\"@id\":\"https:\\\/\\\/informelitoral.com.ar\\\/hasta-el-15-de-mayo-se-vacunara-contra-aftosa-en-entre-rios\\\/#primaryimage\"},\"thumbnailUrl\":\"http:\\\/\\\/www.isletasnoticias.com.ar\\\/%77%70%2d%63%6f%6e%74%65%6e%74\\\/uploads\\\/2016\\\/05\\\/descarga.jpg\",\"articleSection\":[\"Campo\",\"Entre R\u00edos\"],\"inLanguage\":\"es\",\"potentialAction\":[{\"@type\":\"CommentAction\",\"name\":\"Comment\",\"target\":[\"https:\\\/\\\/informelitoral.com.ar\\\/hasta-el-15-de-mayo-se-vacunara-contra-aftosa-en-entre-rios\\\/#respond\"]}]},{\"@type\":\"WebPage\",\"@id\":\"https:\\\/\\\/informelitoral.com.ar\\\/hasta-el-15-de-mayo-se-vacunara-contra-aftosa-en-entre-rios\\\/\",\"url\":\"https:\\\/\\\/informelitoral.com.ar\\\/hasta-el-15-de-mayo-se-vacunara-contra-aftosa-en-entre-rios\\\/\",\"name\":\"Hasta el 15 de mayo se vacunar\u00e1 contra aftosa en Entre R\u00edos - Informe Litoral\",\"isPartOf\":{\"@id\":\"https:\\\/\\\/informelitoral.com.ar\\\/#website\"},\"primaryImageOfPage\":{\"@id\":\"https:\\\/\\\/informelitoral.com.ar\\\/hasta-el-15-de-mayo-se-vacunara-contra-aftosa-en-entre-rios\\\/#primaryimage\"},\"image\":{\"@id\":\"https:\\\/\\\/informelitoral.com.ar\\\/hasta-el-15-de-mayo-se-vacunara-contra-aftosa-en-entre-rios\\\/#primaryimage\"},\"thumbnailUrl\":\"http:\\\/\\\/www.isletasnoticias.com.ar\\\/%77%70%2d%63%6f%6e%74%65%6e%74\\\/uploads\\\/2016\\\/05\\\/descarga.jpg\",\"datePublished\":\"2016-05-04T11:56:19+00:00\",\"breadcrumb\":{\"@id\":\"https:\\\/\\\/informelitoral.com.ar\\\/hasta-el-15-de-mayo-se-vacunara-contra-aftosa-en-entre-rios\\\/#breadcrumb\"},\"inLanguage\":\"es\",\"potentialAction\":[{\"@type\":\"ReadAction\",\"target\":[\"https:\\\/\\\/informelitoral.com.ar\\\/hasta-el-15-de-mayo-se-vacunara-contra-aftosa-en-entre-rios\\\/\"]}]},{\"@type\":\"ImageObject\",\"inLanguage\":\"es\",\"@id\":\"https:\\\/\\\/informelitoral.com.ar\\\/hasta-el-15-de-mayo-se-vacunara-contra-aftosa-en-entre-rios\\\/#primaryimage\",\"url\":\"http:\\\/\\\/www.isletasnoticias.com.ar\\\/%77%70%2d%63%6f%6e%74%65%6e%74\\\/uploads\\\/2016\\\/05\\\/descarga.jpg\",\"contentUrl\":\"http:\\\/\\\/www.isletasnoticias.com.ar\\\/%77%70%2d%63%6f%6e%74%65%6e%74\\\/uploads\\\/2016\\\/05\\\/descarga.jpg\"},{\"@type\":\"BreadcrumbList\",\"@id\":\"https:\\\/\\\/informelitoral.com.ar\\\/hasta-el-15-de-mayo-se-vacunara-contra-aftosa-en-entre-rios\\\/#breadcrumb\",\"itemListElement\":[{\"@type\":\"ListItem\",\"position\":1,\"name\":\"Portada\",\"item\":\"https:\\\/\\\/informelitoral.com.ar\\\/\"},{\"@type\":\"ListItem\",\"position\":2,\"name\":\"Hasta el 15 de mayo se vacunar\u00e1 contra aftosa en Entre R\u00edos\"}]},{\"@type\":\"WebSite\",\"@id\":\"https:\\\/\\\/informelitoral.com.ar\\\/#website\",\"url\":\"https:\\\/\\\/informelitoral.com.ar\\\/\",\"name\":\"Informe Litoral\",\"description\":\"&quot;Nos informamos&quot; \",\"publisher\":{\"@id\":\"https:\\\/\\\/informelitoral.com.ar\\\/#organization\"},\"potentialAction\":[{\"@type\":\"SearchAction\",\"target\":{\"@type\":\"EntryPoint\",\"urlTemplate\":\"https:\\\/\\\/informelitoral.com.ar\\\/?s={search_term_string}\"},\"query-input\":{\"@type\":\"PropertyValueSpecification\",\"valueRequired\":true,\"valueName\":\"search_term_string\"}}],\"inLanguage\":\"es\"},{\"@type\":\"Organization\",\"@id\":\"https:\\\/\\\/informelitoral.com.ar\\\/#organization\",\"name\":\"Informe Litoral\",\"url\":\"https:\\\/\\\/informelitoral.com.ar\\\/\",\"logo\":{\"@type\":\"ImageObject\",\"inLanguage\":\"es\",\"@id\":\"https:\\\/\\\/informelitoral.com.ar\\\/#\\\/schema\\\/logo\\\/image\\\/\",\"url\":\"https:\\\/\\\/informelitoral.com.ar\\\/%77%70%2d%63%6f%6e%74%65%6e%74\\\/uploads\\\/2021\\\/01\\\/circulo.png\",\"contentUrl\":\"https:\\\/\\\/informelitoral.com.ar\\\/%77%70%2d%63%6f%6e%74%65%6e%74\\\/uploads\\\/2021\\\/01\\\/circulo.png\",\"width\":723,\"height\":731,\"caption\":\"Informe Litoral\"},\"image\":{\"@id\":\"https:\\\/\\\/informelitoral.com.ar\\\/#\\\/schema\\\/logo\\\/image\\\/\"},\"sameAs\":[\"https:\\\/\\\/www.facebook.com\\\/informelitoral\\\/\",\"https:\\\/\\\/x.com\\\/InformeLitoral\",\"https:\\\/\\\/www.instagram.com\\\/informelitoral\\\/\",\"https:\\\/\\\/www.youtube.com\\\/channel\\\/UCua4Qvz8Icb6MYqhoq9xLXw\"]},{\"@type\":\"Person\",\"@id\":\"https:\\\/\\\/informelitoral.com.ar\\\/#\\\/schema\\\/person\\\/b9d00407c836482871ef1d57bf8e3180\",\"name\":\"Gonzalo Schmidt\",\"image\":{\"@type\":\"ImageObject\",\"inLanguage\":\"es\",\"@id\":\"https:\\\/\\\/secure.gravatar.com\\\/avatar\\\/31a1a7b66ff2de83bd0e9fd79d026630d2d99e55e8bfe501287647b4fd9743de?s=96&d=mm&r=g\",\"url\":\"https:\\\/\\\/secure.gravatar.com\\\/avatar\\\/31a1a7b66ff2de83bd0e9fd79d026630d2d99e55e8bfe501287647b4fd9743de?s=96&d=mm&r=g\",\"contentUrl\":\"https:\\\/\\\/secure.gravatar.com\\\/avatar\\\/31a1a7b66ff2de83bd0e9fd79d026630d2d99e55e8bfe501287647b4fd9743de?s=96&d=mm&r=g\",\"caption\":\"Gonzalo Schmidt\"},\"description\":\"Sitio web de noticias de la provincia de Entre R\u00edos, Argentina. Informaci\u00f3n y entretenimiento. Informe Litoral, nos informamos.\",\"sameAs\":[\"http:\\\/\\\/www.isletasnoticias.com.ar\"],\"url\":\"https:\\\/\\\/informelitoral.com.ar\\\/author\\\/gonzalo\\\/\"}]}<\/script>","yoast_head_json":{"title":"Hasta el 15 de mayo se vacunar\u00e1 contra aftosa en Entre R\u00edos - Informe Litoral","robots":{"index":"index","follow":"follow","max-snippet":"max-snippet:-1","max-image-preview":"max-image-preview:large","max-video-preview":"max-video-preview:-1"},"canonical":"https:\/\/informelitoral.com.ar\/hasta-el-15-de-mayo-se-vacunara-contra-aftosa-en-entre-rios\/","og_locale":"es_ES","og_type":"article","og_title":"Hasta el 15 de mayo se vacunar\u00e1 contra aftosa en Entre R\u00edos - Informe Litoral","og_description":"La fecha fue confirmada por la Fundaci&oacute;n contra la Lucha de Fiebre Aftosa (Fucofa), ente que tiene a su cargo las campa&ntilde;as de vacunaci&oacute;n del rodeo entrerriano.&nbsp; La campa&ntilde;a de vacunaci&oacute;n contra la fiebre aftosa en Entre R&iacute;os comenz&oacute; el 29 de febrero y estaba prevista su finalizaci&oacute;n el 29 de abril, pero debido a [&hellip;]","og_url":"https:\/\/informelitoral.com.ar\/hasta-el-15-de-mayo-se-vacunara-contra-aftosa-en-entre-rios\/","og_site_name":"Informe Litoral","article_publisher":"https:\/\/www.facebook.com\/informelitoral\/","article_published_time":"2016-05-04T11:56:19+00:00","og_image":[{"width":271,"height":186,"url":"https:\/\/informelitoral.com.ar\/%77%70%2d%63%6f%6e%74%65%6e%74\/uploads\/2016\/05\/descarga.jpg","type":"image\/jpeg"}],"author":"Gonzalo Schmidt","twitter_card":"summary_large_image","twitter_creator":"@InformeLitoral","twitter_site":"@InformeLitoral","twitter_misc":{"Escrito por":"Gonzalo Schmidt","Tiempo de lectura":"1 minuto"},"schema":{"@context":"https:\/\/schema.org","@graph":[{"@type":"Article","@id":"https:\/\/informelitoral.com.ar\/hasta-el-15-de-mayo-se-vacunara-contra-aftosa-en-entre-rios\/#article","isPartOf":{"@id":"https:\/\/informelitoral.com.ar\/hasta-el-15-de-mayo-se-vacunara-contra-aftosa-en-entre-rios\/"},"author":{"name":"Gonzalo Schmidt","@id":"https:\/\/informelitoral.com.ar\/#\/schema\/person\/b9d00407c836482871ef1d57bf8e3180"},"headline":"Hasta el 15 de mayo se vacunar\u00e1 contra aftosa en Entre R\u00edos","datePublished":"2016-05-04T11:56:19+00:00","mainEntityOfPage":{"@id":"https:\/\/informelitoral.com.ar\/hasta-el-15-de-mayo-se-vacunara-contra-aftosa-en-entre-rios\/"},"wordCount":225,"commentCount":0,"publisher":{"@id":"https:\/\/informelitoral.com.ar\/#organization"},"image":{"@id":"https:\/\/informelitoral.com.ar\/hasta-el-15-de-mayo-se-vacunara-contra-aftosa-en-entre-rios\/#primaryimage"},"thumbnailUrl":"http:\/\/www.isletasnoticias.com.ar\/%77%70%2d%63%6f%6e%74%65%6e%74\/uploads\/2016\/05\/descarga.jpg","articleSection":["Campo","Entre R\u00edos"],"inLanguage":"es","potentialAction":[{"@type":"CommentAction","name":"Comment","target":["https:\/\/informelitoral.com.ar\/hasta-el-15-de-mayo-se-vacunara-contra-aftosa-en-entre-rios\/#respond"]}]},{"@type":"WebPage","@id":"https:\/\/informelitoral.com.ar\/hasta-el-15-de-mayo-se-vacunara-contra-aftosa-en-entre-rios\/","url":"https:\/\/informelitoral.com.ar\/hasta-el-15-de-mayo-se-vacunara-contra-aftosa-en-entre-rios\/","name":"Hasta el 15 de mayo se vacunar\u00e1 contra aftosa en Entre R\u00edos - Informe Litoral","isPartOf":{"@id":"https:\/\/informelitoral.com.ar\/#website"},"primaryImageOfPage":{"@id":"https:\/\/informelitoral.com.ar\/hasta-el-15-de-mayo-se-vacunara-contra-aftosa-en-entre-rios\/#primaryimage"},"image":{"@id":"https:\/\/informelitoral.com.ar\/hasta-el-15-de-mayo-se-vacunara-contra-aftosa-en-entre-rios\/#primaryimage"},"thumbnailUrl":"http:\/\/www.isletasnoticias.com.ar\/%77%70%2d%63%6f%6e%74%65%6e%74\/uploads\/2016\/05\/descarga.jpg","datePublished":"2016-05-04T11:56:19+00:00","breadcrumb":{"@id":"https:\/\/informelitoral.com.ar\/hasta-el-15-de-mayo-se-vacunara-contra-aftosa-en-entre-rios\/#breadcrumb"},"inLanguage":"es","potentialAction":[{"@type":"ReadAction","target":["https:\/\/informelitoral.com.ar\/hasta-el-15-de-mayo-se-vacunara-contra-aftosa-en-entre-rios\/"]}]},{"@type":"ImageObject","inLanguage":"es","@id":"https:\/\/informelitoral.com.ar\/hasta-el-15-de-mayo-se-vacunara-contra-aftosa-en-entre-rios\/#primaryimage","url":"http:\/\/www.isletasnoticias.com.ar\/%77%70%2d%63%6f%6e%74%65%6e%74\/uploads\/2016\/05\/descarga.jpg","contentUrl":"http:\/\/www.isletasnoticias.com.ar\/%77%70%2d%63%6f%6e%74%65%6e%74\/uploads\/2016\/05\/descarga.jpg"},{"@type":"BreadcrumbList","@id":"https:\/\/informelitoral.com.ar\/hasta-el-15-de-mayo-se-vacunara-contra-aftosa-en-entre-rios\/#breadcrumb","itemListElement":[{"@type":"ListItem","position":1,"name":"Portada","item":"https:\/\/informelitoral.com.ar\/"},{"@type":"ListItem","position":2,"name":"Hasta el 15 de mayo se vacunar\u00e1 contra aftosa en Entre R\u00edos"}]},{"@type":"WebSite","@id":"https:\/\/informelitoral.com.ar\/#website","url":"https:\/\/informelitoral.com.ar\/","name":"Informe Litoral","description":"&quot;Nos informamos&quot; ","publisher":{"@id":"https:\/\/informelitoral.com.ar\/#organization"},"potentialAction":[{"@type":"SearchAction","target":{"@type":"EntryPoint","urlTemplate":"https:\/\/informelitoral.com.ar\/?s={search_term_string}"},"query-input":{"@type":"PropertyValueSpecification","valueRequired":true,"valueName":"search_term_string"}}],"inLanguage":"es"},{"@type":"Organization","@id":"https:\/\/informelitoral.com.ar\/#organization","name":"Informe Litoral","url":"https:\/\/informelitoral.com.ar\/","logo":{"@type":"ImageObject","inLanguage":"es","@id":"https:\/\/informelitoral.com.ar\/#\/schema\/logo\/image\/","url":"https:\/\/informelitoral.com.ar\/%77%70%2d%63%6f%6e%74%65%6e%74\/uploads\/2021\/01\/circulo.png","contentUrl":"https:\/\/informelitoral.com.ar\/%77%70%2d%63%6f%6e%74%65%6e%74\/uploads\/2021\/01\/circulo.png","width":723,"height":731,"caption":"Informe Litoral"},"image":{"@id":"https:\/\/informelitoral.com.ar\/#\/schema\/logo\/image\/"},"sameAs":["https:\/\/www.facebook.com\/informelitoral\/","https:\/\/x.com\/InformeLitoral","https:\/\/www.instagram.com\/informelitoral\/","https:\/\/www.youtube.com\/channel\/UCua4Qvz8Icb6MYqhoq9xLXw"]},{"@type":"Person","@id":"https:\/\/informelitoral.com.ar\/#\/schema\/person\/b9d00407c836482871ef1d57bf8e3180","name":"Gonzalo Schmidt","image":{"@type":"ImageObject","inLanguage":"es","@id":"https:\/\/secure.gravatar.com\/avatar\/31a1a7b66ff2de83bd0e9fd79d026630d2d99e55e8bfe501287647b4fd9743de?s=96&d=mm&r=g","url":"https:\/\/secure.gravatar.com\/avatar\/31a1a7b66ff2de83bd0e9fd79d026630d2d99e55e8bfe501287647b4fd9743de?s=96&d=mm&r=g","contentUrl":"https:\/\/secure.gravatar.com\/avatar\/31a1a7b66ff2de83bd0e9fd79d026630d2d99e55e8bfe501287647b4fd9743de?s=96&d=mm&r=g","caption":"Gonzalo Schmidt"},"description":"Sitio web de noticias de la provincia de Entre R\u00edos, Argentina. Informaci\u00f3n y entretenimiento. Informe Litoral, nos informamos.","sameAs":["http:\/\/www.isletasnoticias.com.ar"],"url":"https:\/\/informelitoral.com.ar\/author\/gonzalo\/"}]}},"_links":{"self":[{"href":"https:\/\/informelitoral.com.ar\/%77%70%2d%6a%73%6f%6e\/wp\/v2\/posts\/15744","targetHints":{"allow":["GET"]}}],"collection":[{"href":"https:\/\/informelitoral.com.ar\/%77%70%2d%6a%73%6f%6e\/wp\/v2\/posts"}],"about":[{"href":"https:\/\/informelitoral.com.ar\/%77%70%2d%6a%73%6f%6e\/wp\/v2\/types\/post"}],"author":[{"embeddable":true,"href":"https:\/\/informelitoral.com.ar\/%77%70%2d%6a%73%6f%6e\/wp\/v2\/users\/2"}],"replies":[{"embeddable":true,"href":"https:\/\/informelitoral.com.ar\/%77%70%2d%6a%73%6f%6e\/wp\/v2\/comments?post=15744"}],"version-history":[{"count":0,"href":"https:\/\/informelitoral.com.ar\/%77%70%2d%6a%73%6f%6e\/wp\/v2\/posts\/15744\/revisions"}],"wp:attachment":[{"href":"https:\/\/informelitoral.com.ar\/%77%70%2d%6a%73%6f%6e\/wp\/v2\/media?parent=15744"}],"wp:term":[{"taxonomy":"category","embeddable":true,"href":"https:\/\/informelitoral.com.ar\/%77%70%2d%6a%73%6f%6e\/wp\/v2\/categories?post=15744"},{"taxonomy":"post_tag","embeddable":true,"href":"https:\/\/informelitoral.com.ar\/%77%70%2d%6a%73%6f%6e\/wp\/v2\/tags?post=15744"}],"curies":[{"name":"wp","href":"https:\/\/api.w.org\/{rel}","templated":true}]}}