{"id":15741,"date":"2016-05-04T08:27:30","date_gmt":"2016-05-04T11:27:30","guid":{"rendered":"http:\/\/www.isletasnoticias.com.ar\/?p=15741"},"modified":"2016-05-04T08:27:30","modified_gmt":"2016-05-04T11:27:30","slug":"vinculan-a-empresario-entrerriano-con-mortal-fiesta-electronica","status":"publish","type":"post","link":"https:\/\/informelitoral.com.ar\/vinculan-a-empresario-entrerriano-con-mortal-fiesta-electronica\/","title":{"rendered":"Vinculan a empresario entrerriano con mortal fiesta electr\u00f3nica"},"content":{"rendered":"<p><strong>Aparece vinculado a la comercializaci\u00f3n de bebidas energizantes y agua en la fiesta electr\u00f3nica del pasado 16 de abril en Costa Salguero, donde murieron cinco personas. Un fiscal pidi\u00f3 su detenci\u00f3n y la de otros empresarios.<a href=\"http:\/\/www.isletasnoticias.com.ar\/%77%70%2d%63%6f%6e%74%65%6e%74\/uploads\/2016\/05\/o_1460965611.jpg\"><img loading=\"lazy\" decoding=\"async\" class=\"aligncenter wp-image-15742 size-full\" src=\"http:\/\/www.isletasnoticias.com.ar\/%77%70%2d%63%6f%6e%74%65%6e%74\/uploads\/2016\/05\/o_1460965611.jpg\" alt=\"o_1460965611\" width=\"800\" height=\"450\" srcset=\"https:\/\/informelitoral.com.ar\/%77%70%2d%63%6f%6e%74%65%6e%74\/uploads\/2016\/05\/o_1460965611.jpg 800w, https:\/\/informelitoral.com.ar\/%77%70%2d%63%6f%6e%74%65%6e%74\/uploads\/2016\/05\/o_1460965611-300x169.jpg 300w, https:\/\/informelitoral.com.ar\/%77%70%2d%63%6f%6e%74%65%6e%74\/uploads\/2016\/05\/o_1460965611-768x432.jpg 768w\" sizes=\"auto, (max-width: 800px) 100vw, 800px\" \/><\/a><\/strong><\/p>\n<p>Un empresario entrerriano aparece ligado a los organizadores de la fiesta Time Warp, que se realiz\u00f3 en Costa Salguero, Buenos Aires, el pasado 16 de abril y que fue noticia nacional por la muerte de cinco j\u00f3venes que consumieron \u00e9xtasis. Se trata de Walter Sant\u00e1ngelo, empresario del frigor\u00edfico av\u00edcola Soych\u00fa, de Gualeguay. El empresario habr\u00eda estado a cargo de la provisi\u00f3n de las bebidas energizantes \u00abSpeed\u00bb y del agua \u00abBlock\u00bb en la tr\u00e1gica fiesta.<\/p>\n<p>Este martes se conoci\u00f3 que el fiscal Federico Delgado pidi\u00f3 al juez Sebasti\u00e1n Casanello la detenci\u00f3n del abogado V\u00edctor Stinfale (que se present\u00f3 en Comodoro Py y qued\u00f3 detenido) y de Walter Sant\u00e1ngelo acusados de comercializar el agua y energizantes en la fiesta de m\u00fasica electr\u00f3nica, se\u00f1ala el sitio<em> Informe Digital.<\/em><\/p>\n<p>Informes period\u00edsticos del diario <em>Perfil<\/em> y <em>La Naci\u00f3n<\/em> se\u00f1alan que la Justicia investiga a los implicados en el negocio de este tipo de fiestas. En el primero de los medios destacan que la productora Dell organiz\u00f3 la Time Warp, y que el abogado V\u00edctor Stinfale (a quien se lo relaciona con la empresa de bebidas energizante Speed Unlimited) ser\u00eda el verdadero organizador, a la vez que vinculan a \u00e9ste con una empresa de V\u00edctor Sant\u00e1ngelo.<\/p>\n<p>Del mismo modo, una nota del diario La Naci\u00f3n titulada \u00abLa cara detr\u00e1s del armado de la Time Warp\u00bb tambi\u00e9n indica que si bien son solo dos los empresarios que est\u00e1n se\u00f1alados como responsables de la Time Warp, (Leonardo \u00abPollo\u00bb Conci, titular de Dell, y Mart\u00edn Gontad, el rey de la electr\u00f3nica) la cara detr\u00e1s de la fiesta ser\u00eda Stinfale, y da cuenta de un entramado de empresas involucradas.<\/p>\n<p>Seg\u00fan la misma nota, Conci trabaj\u00f3 para Speed Unlimited (Energy Group SRL), vinculada a Stinfale y que desde all\u00ed cre\u00f3 contactos con el director de Soych\u00fa, Santangelo. \u00abEl \u00abPollo\u00bb Conci, &#8216;un tipo muy laburador de Ramos Mej\u00eda&#8217;, hac\u00eda tiempo que se hab\u00eda ganado la confianza de su jefe y la del accionista mayoritario de la empresa: Walter Sant\u00e1ngelo, empresario poderoso adem\u00e1s en el rubro av\u00edcola, con el frigor\u00edfico Soych\u00fa\u00bb, escribe la periodista Loreley Gaffoglio.<\/p>\n<p>Ese cuadro es el que describi\u00f3 el fiscal Delgado a la hora de pedir la detenci\u00f3n de los empresarios. Y es que el fiscal plantea que los organizadores de la fiesta en Costa Salguero \u00abcrearon las condiciones\u00bb para que se compren y se vendan drogas libremente y que contaron con la \u00abcomplicidad\u00bb de la Prefectura y del Gobierno porte\u00f1o por \u00abla falta de controles\u00bb.<\/p>\n<p>Adem\u00e1s apunta que Dell Producciones, propiedad de Adri\u00e1n Conci, uno de los detenidos, que figuraba en los papeles como el organizador de la fiesta, pero que \u00aben verdad actu\u00f3 junto a otras personas f\u00edsicas y jur\u00eddicas\u00bb, reprodujo <em>Elonce.com<\/em><\/p>\n<p>Delgado apunta contra Mart\u00edn Gontad, uno de los \u00abreyes\u00bb de las fiestas electr\u00f3nicas, y asegura que tuvo un rol decisivo, al igual que V\u00edctor Stinfale y Walter Sant\u00e1ngelo.<\/p>\n","protected":false},"excerpt":{"rendered":"<p>Aparece vinculado a la comercializaci&oacute;n de bebidas energizantes y agua en la fiesta electr&oacute;nica del pasado 16 de abril en Costa Salguero, donde murieron cinco personas. Un fiscal pidi&oacute; su detenci&oacute;n y la de otros empresarios. Un empresario entrerriano aparece ligado a los organizadores de la fiesta Time Warp, que se realiz&oacute; en Costa Salguero, [&hellip;]<\/p>\n","protected":false},"author":2,"featured_media":0,"comment_status":"open","ping_status":"open","sticky":false,"template":"","format":"standard","meta":{"fifu_image_url":"","fifu_image_alt":"","footnotes":""},"categories":[14],"tags":[],"class_list":{"0":"post-15741","1":"post","2":"type-post","3":"status-publish","4":"format-standard","6":"category-policiales"},"yoast_head":"<title>Vinculan a empresario entrerriano con mortal fiesta electr\u00f3nica - Informe Litoral<\/title>\n<meta name=\"robots\" content=\"index, follow, max-snippet:-1, max-image-preview:large, max-video-preview:-1\" \/>\n<link rel=\"canonical\" href=\"https:\/\/informelitoral.com.ar\/vinculan-a-empresario-entrerriano-con-mortal-fiesta-electronica\/\" \/>\n<meta property=\"og:locale\" content=\"es_ES\" \/>\n<meta property=\"og:type\" content=\"article\" \/>\n<meta property=\"og:title\" content=\"Vinculan a empresario entrerriano con mortal fiesta electr\u00f3nica - Informe Litoral\" \/>\n<meta property=\"og:description\" content=\"Aparece vinculado a la comercializaci&oacute;n de bebidas energizantes y agua en la fiesta electr&oacute;nica del pasado 16 de abril en Costa Salguero, donde murieron cinco personas. Un fiscal pidi&oacute; su detenci&oacute;n y la de otros empresarios. Un empresario entrerriano aparece ligado a los organizadores de la fiesta Time Warp, que se realiz&oacute; en Costa Salguero, [&hellip;]\" \/>\n<meta property=\"og:url\" content=\"https:\/\/informelitoral.com.ar\/vinculan-a-empresario-entrerriano-con-mortal-fiesta-electronica\/\" \/>\n<meta property=\"og:site_name\" content=\"Informe Litoral\" \/>\n<meta property=\"article:publisher\" content=\"https:\/\/www.facebook.com\/informelitoral\/\" \/>\n<meta property=\"article:published_time\" content=\"2016-05-04T11:27:30+00:00\" \/>\n<meta property=\"og:image\" content=\"https:\/\/informelitoral.com.ar\/%77%70%2d%63%6f%6e%74%65%6e%74\/uploads\/2016\/05\/o_1460965611.jpg\" \/>\n\t<meta property=\"og:image:width\" content=\"800\" \/>\n\t<meta property=\"og:image:height\" content=\"450\" \/>\n\t<meta property=\"og:image:type\" content=\"image\/jpeg\" \/>\n<meta name=\"author\" content=\"Gonzalo Schmidt\" \/>\n<meta name=\"twitter:card\" content=\"summary_large_image\" \/>\n<meta name=\"twitter:creator\" content=\"@InformeLitoral\" \/>\n<meta name=\"twitter:site\" content=\"@InformeLitoral\" \/>\n<meta name=\"twitter:label1\" content=\"Escrito por\" \/>\n\t<meta name=\"twitter:data1\" content=\"Gonzalo Schmidt\" \/>\n\t<meta name=\"twitter:label2\" content=\"Tiempo de lectura\" \/>\n\t<meta name=\"twitter:data2\" content=\"3 minutos\" \/>\n<script type=\"application\/ld+json\" class=\"yoast-schema-graph\">{\"@context\":\"https:\\\/\\\/schema.org\",\"@graph\":[{\"@type\":\"Article\",\"@id\":\"https:\\\/\\\/informelitoral.com.ar\\\/vinculan-a-empresario-entrerriano-con-mortal-fiesta-electronica\\\/#article\",\"isPartOf\":{\"@id\":\"https:\\\/\\\/informelitoral.com.ar\\\/vinculan-a-empresario-entrerriano-con-mortal-fiesta-electronica\\\/\"},\"author\":{\"name\":\"Gonzalo Schmidt\",\"@id\":\"https:\\\/\\\/informelitoral.com.ar\\\/#\\\/schema\\\/person\\\/b9d00407c836482871ef1d57bf8e3180\"},\"headline\":\"Vinculan a empresario entrerriano con mortal fiesta electr\u00f3nica\",\"datePublished\":\"2016-05-04T11:27:30+00:00\",\"mainEntityOfPage\":{\"@id\":\"https:\\\/\\\/informelitoral.com.ar\\\/vinculan-a-empresario-entrerriano-con-mortal-fiesta-electronica\\\/\"},\"wordCount\":568,\"commentCount\":0,\"publisher\":{\"@id\":\"https:\\\/\\\/informelitoral.com.ar\\\/#organization\"},\"image\":{\"@id\":\"https:\\\/\\\/informelitoral.com.ar\\\/vinculan-a-empresario-entrerriano-con-mortal-fiesta-electronica\\\/#primaryimage\"},\"thumbnailUrl\":\"http:\\\/\\\/www.isletasnoticias.com.ar\\\/%77%70%2d%63%6f%6e%74%65%6e%74\\\/uploads\\\/2016\\\/05\\\/o_1460965611.jpg\",\"articleSection\":[\"Policiales\"],\"inLanguage\":\"es\",\"potentialAction\":[{\"@type\":\"CommentAction\",\"name\":\"Comment\",\"target\":[\"https:\\\/\\\/informelitoral.com.ar\\\/vinculan-a-empresario-entrerriano-con-mortal-fiesta-electronica\\\/#respond\"]}]},{\"@type\":\"WebPage\",\"@id\":\"https:\\\/\\\/informelitoral.com.ar\\\/vinculan-a-empresario-entrerriano-con-mortal-fiesta-electronica\\\/\",\"url\":\"https:\\\/\\\/informelitoral.com.ar\\\/vinculan-a-empresario-entrerriano-con-mortal-fiesta-electronica\\\/\",\"name\":\"Vinculan a empresario entrerriano con mortal fiesta electr\u00f3nica - Informe Litoral\",\"isPartOf\":{\"@id\":\"https:\\\/\\\/informelitoral.com.ar\\\/#website\"},\"primaryImageOfPage\":{\"@id\":\"https:\\\/\\\/informelitoral.com.ar\\\/vinculan-a-empresario-entrerriano-con-mortal-fiesta-electronica\\\/#primaryimage\"},\"image\":{\"@id\":\"https:\\\/\\\/informelitoral.com.ar\\\/vinculan-a-empresario-entrerriano-con-mortal-fiesta-electronica\\\/#primaryimage\"},\"thumbnailUrl\":\"http:\\\/\\\/www.isletasnoticias.com.ar\\\/%77%70%2d%63%6f%6e%74%65%6e%74\\\/uploads\\\/2016\\\/05\\\/o_1460965611.jpg\",\"datePublished\":\"2016-05-04T11:27:30+00:00\",\"breadcrumb\":{\"@id\":\"https:\\\/\\\/informelitoral.com.ar\\\/vinculan-a-empresario-entrerriano-con-mortal-fiesta-electronica\\\/#breadcrumb\"},\"inLanguage\":\"es\",\"potentialAction\":[{\"@type\":\"ReadAction\",\"target\":[\"https:\\\/\\\/informelitoral.com.ar\\\/vinculan-a-empresario-entrerriano-con-mortal-fiesta-electronica\\\/\"]}]},{\"@type\":\"ImageObject\",\"inLanguage\":\"es\",\"@id\":\"https:\\\/\\\/informelitoral.com.ar\\\/vinculan-a-empresario-entrerriano-con-mortal-fiesta-electronica\\\/#primaryimage\",\"url\":\"http:\\\/\\\/www.isletasnoticias.com.ar\\\/%77%70%2d%63%6f%6e%74%65%6e%74\\\/uploads\\\/2016\\\/05\\\/o_1460965611.jpg\",\"contentUrl\":\"http:\\\/\\\/www.isletasnoticias.com.ar\\\/%77%70%2d%63%6f%6e%74%65%6e%74\\\/uploads\\\/2016\\\/05\\\/o_1460965611.jpg\"},{\"@type\":\"BreadcrumbList\",\"@id\":\"https:\\\/\\\/informelitoral.com.ar\\\/vinculan-a-empresario-entrerriano-con-mortal-fiesta-electronica\\\/#breadcrumb\",\"itemListElement\":[{\"@type\":\"ListItem\",\"position\":1,\"name\":\"Portada\",\"item\":\"https:\\\/\\\/informelitoral.com.ar\\\/\"},{\"@type\":\"ListItem\",\"position\":2,\"name\":\"Vinculan a empresario entrerriano con mortal fiesta electr\u00f3nica\"}]},{\"@type\":\"WebSite\",\"@id\":\"https:\\\/\\\/informelitoral.com.ar\\\/#website\",\"url\":\"https:\\\/\\\/informelitoral.com.ar\\\/\",\"name\":\"Informe Litoral\",\"description\":\"&quot;Nos informamos&quot; \",\"publisher\":{\"@id\":\"https:\\\/\\\/informelitoral.com.ar\\\/#organization\"},\"potentialAction\":[{\"@type\":\"SearchAction\",\"target\":{\"@type\":\"EntryPoint\",\"urlTemplate\":\"https:\\\/\\\/informelitoral.com.ar\\\/?s={search_term_string}\"},\"query-input\":{\"@type\":\"PropertyValueSpecification\",\"valueRequired\":true,\"valueName\":\"search_term_string\"}}],\"inLanguage\":\"es\"},{\"@type\":\"Organization\",\"@id\":\"https:\\\/\\\/informelitoral.com.ar\\\/#organization\",\"name\":\"Informe Litoral\",\"url\":\"https:\\\/\\\/informelitoral.com.ar\\\/\",\"logo\":{\"@type\":\"ImageObject\",\"inLanguage\":\"es\",\"@id\":\"https:\\\/\\\/informelitoral.com.ar\\\/#\\\/schema\\\/logo\\\/image\\\/\",\"url\":\"https:\\\/\\\/informelitoral.com.ar\\\/%77%70%2d%63%6f%6e%74%65%6e%74\\\/uploads\\\/2021\\\/01\\\/circulo.png\",\"contentUrl\":\"https:\\\/\\\/informelitoral.com.ar\\\/%77%70%2d%63%6f%6e%74%65%6e%74\\\/uploads\\\/2021\\\/01\\\/circulo.png\",\"width\":723,\"height\":731,\"caption\":\"Informe Litoral\"},\"image\":{\"@id\":\"https:\\\/\\\/informelitoral.com.ar\\\/#\\\/schema\\\/logo\\\/image\\\/\"},\"sameAs\":[\"https:\\\/\\\/www.facebook.com\\\/informelitoral\\\/\",\"https:\\\/\\\/x.com\\\/InformeLitoral\",\"https:\\\/\\\/www.instagram.com\\\/informelitoral\\\/\",\"https:\\\/\\\/www.youtube.com\\\/channel\\\/UCua4Qvz8Icb6MYqhoq9xLXw\"]},{\"@type\":\"Person\",\"@id\":\"https:\\\/\\\/informelitoral.com.ar\\\/#\\\/schema\\\/person\\\/b9d00407c836482871ef1d57bf8e3180\",\"name\":\"Gonzalo Schmidt\",\"image\":{\"@type\":\"ImageObject\",\"inLanguage\":\"es\",\"@id\":\"https:\\\/\\\/secure.gravatar.com\\\/avatar\\\/31a1a7b66ff2de83bd0e9fd79d026630d2d99e55e8bfe501287647b4fd9743de?s=96&d=mm&r=g\",\"url\":\"https:\\\/\\\/secure.gravatar.com\\\/avatar\\\/31a1a7b66ff2de83bd0e9fd79d026630d2d99e55e8bfe501287647b4fd9743de?s=96&d=mm&r=g\",\"contentUrl\":\"https:\\\/\\\/secure.gravatar.com\\\/avatar\\\/31a1a7b66ff2de83bd0e9fd79d026630d2d99e55e8bfe501287647b4fd9743de?s=96&d=mm&r=g\",\"caption\":\"Gonzalo Schmidt\"},\"description\":\"Sitio web de noticias de la provincia de Entre R\u00edos, Argentina. Informaci\u00f3n y entretenimiento. Informe Litoral, nos informamos.\",\"sameAs\":[\"http:\\\/\\\/www.isletasnoticias.com.ar\"],\"url\":\"https:\\\/\\\/informelitoral.com.ar\\\/author\\\/gonzalo\\\/\"}]}<\/script>","yoast_head_json":{"title":"Vinculan a empresario entrerriano con mortal fiesta electr\u00f3nica - Informe Litoral","robots":{"index":"index","follow":"follow","max-snippet":"max-snippet:-1","max-image-preview":"max-image-preview:large","max-video-preview":"max-video-preview:-1"},"canonical":"https:\/\/informelitoral.com.ar\/vinculan-a-empresario-entrerriano-con-mortal-fiesta-electronica\/","og_locale":"es_ES","og_type":"article","og_title":"Vinculan a empresario entrerriano con mortal fiesta electr\u00f3nica - Informe Litoral","og_description":"Aparece vinculado a la comercializaci&oacute;n de bebidas energizantes y agua en la fiesta electr&oacute;nica del pasado 16 de abril en Costa Salguero, donde murieron cinco personas. Un fiscal pidi&oacute; su detenci&oacute;n y la de otros empresarios. Un empresario entrerriano aparece ligado a los organizadores de la fiesta Time Warp, que se realiz&oacute; en Costa Salguero, [&hellip;]","og_url":"https:\/\/informelitoral.com.ar\/vinculan-a-empresario-entrerriano-con-mortal-fiesta-electronica\/","og_site_name":"Informe Litoral","article_publisher":"https:\/\/www.facebook.com\/informelitoral\/","article_published_time":"2016-05-04T11:27:30+00:00","og_image":[{"width":800,"height":450,"url":"https:\/\/informelitoral.com.ar\/%77%70%2d%63%6f%6e%74%65%6e%74\/uploads\/2016\/05\/o_1460965611.jpg","type":"image\/jpeg"}],"author":"Gonzalo Schmidt","twitter_card":"summary_large_image","twitter_creator":"@InformeLitoral","twitter_site":"@InformeLitoral","twitter_misc":{"Escrito por":"Gonzalo Schmidt","Tiempo de lectura":"3 minutos"},"schema":{"@context":"https:\/\/schema.org","@graph":[{"@type":"Article","@id":"https:\/\/informelitoral.com.ar\/vinculan-a-empresario-entrerriano-con-mortal-fiesta-electronica\/#article","isPartOf":{"@id":"https:\/\/informelitoral.com.ar\/vinculan-a-empresario-entrerriano-con-mortal-fiesta-electronica\/"},"author":{"name":"Gonzalo Schmidt","@id":"https:\/\/informelitoral.com.ar\/#\/schema\/person\/b9d00407c836482871ef1d57bf8e3180"},"headline":"Vinculan a empresario entrerriano con mortal fiesta electr\u00f3nica","datePublished":"2016-05-04T11:27:30+00:00","mainEntityOfPage":{"@id":"https:\/\/informelitoral.com.ar\/vinculan-a-empresario-entrerriano-con-mortal-fiesta-electronica\/"},"wordCount":568,"commentCount":0,"publisher":{"@id":"https:\/\/informelitoral.com.ar\/#organization"},"image":{"@id":"https:\/\/informelitoral.com.ar\/vinculan-a-empresario-entrerriano-con-mortal-fiesta-electronica\/#primaryimage"},"thumbnailUrl":"http:\/\/www.isletasnoticias.com.ar\/%77%70%2d%63%6f%6e%74%65%6e%74\/uploads\/2016\/05\/o_1460965611.jpg","articleSection":["Policiales"],"inLanguage":"es","potentialAction":[{"@type":"CommentAction","name":"Comment","target":["https:\/\/informelitoral.com.ar\/vinculan-a-empresario-entrerriano-con-mortal-fiesta-electronica\/#respond"]}]},{"@type":"WebPage","@id":"https:\/\/informelitoral.com.ar\/vinculan-a-empresario-entrerriano-con-mortal-fiesta-electronica\/","url":"https:\/\/informelitoral.com.ar\/vinculan-a-empresario-entrerriano-con-mortal-fiesta-electronica\/","name":"Vinculan a empresario entrerriano con mortal fiesta electr\u00f3nica - Informe Litoral","isPartOf":{"@id":"https:\/\/informelitoral.com.ar\/#website"},"primaryImageOfPage":{"@id":"https:\/\/informelitoral.com.ar\/vinculan-a-empresario-entrerriano-con-mortal-fiesta-electronica\/#primaryimage"},"image":{"@id":"https:\/\/informelitoral.com.ar\/vinculan-a-empresario-entrerriano-con-mortal-fiesta-electronica\/#primaryimage"},"thumbnailUrl":"http:\/\/www.isletasnoticias.com.ar\/%77%70%2d%63%6f%6e%74%65%6e%74\/uploads\/2016\/05\/o_1460965611.jpg","datePublished":"2016-05-04T11:27:30+00:00","breadcrumb":{"@id":"https:\/\/informelitoral.com.ar\/vinculan-a-empresario-entrerriano-con-mortal-fiesta-electronica\/#breadcrumb"},"inLanguage":"es","potentialAction":[{"@type":"ReadAction","target":["https:\/\/informelitoral.com.ar\/vinculan-a-empresario-entrerriano-con-mortal-fiesta-electronica\/"]}]},{"@type":"ImageObject","inLanguage":"es","@id":"https:\/\/informelitoral.com.ar\/vinculan-a-empresario-entrerriano-con-mortal-fiesta-electronica\/#primaryimage","url":"http:\/\/www.isletasnoticias.com.ar\/%77%70%2d%63%6f%6e%74%65%6e%74\/uploads\/2016\/05\/o_1460965611.jpg","contentUrl":"http:\/\/www.isletasnoticias.com.ar\/%77%70%2d%63%6f%6e%74%65%6e%74\/uploads\/2016\/05\/o_1460965611.jpg"},{"@type":"BreadcrumbList","@id":"https:\/\/informelitoral.com.ar\/vinculan-a-empresario-entrerriano-con-mortal-fiesta-electronica\/#breadcrumb","itemListElement":[{"@type":"ListItem","position":1,"name":"Portada","item":"https:\/\/informelitoral.com.ar\/"},{"@type":"ListItem","position":2,"name":"Vinculan a empresario entrerriano con mortal fiesta electr\u00f3nica"}]},{"@type":"WebSite","@id":"https:\/\/informelitoral.com.ar\/#website","url":"https:\/\/informelitoral.com.ar\/","name":"Informe Litoral","description":"&quot;Nos informamos&quot; ","publisher":{"@id":"https:\/\/informelitoral.com.ar\/#organization"},"potentialAction":[{"@type":"SearchAction","target":{"@type":"EntryPoint","urlTemplate":"https:\/\/informelitoral.com.ar\/?s={search_term_string}"},"query-input":{"@type":"PropertyValueSpecification","valueRequired":true,"valueName":"search_term_string"}}],"inLanguage":"es"},{"@type":"Organization","@id":"https:\/\/informelitoral.com.ar\/#organization","name":"Informe Litoral","url":"https:\/\/informelitoral.com.ar\/","logo":{"@type":"ImageObject","inLanguage":"es","@id":"https:\/\/informelitoral.com.ar\/#\/schema\/logo\/image\/","url":"https:\/\/informelitoral.com.ar\/%77%70%2d%63%6f%6e%74%65%6e%74\/uploads\/2021\/01\/circulo.png","contentUrl":"https:\/\/informelitoral.com.ar\/%77%70%2d%63%6f%6e%74%65%6e%74\/uploads\/2021\/01\/circulo.png","width":723,"height":731,"caption":"Informe Litoral"},"image":{"@id":"https:\/\/informelitoral.com.ar\/#\/schema\/logo\/image\/"},"sameAs":["https:\/\/www.facebook.com\/informelitoral\/","https:\/\/x.com\/InformeLitoral","https:\/\/www.instagram.com\/informelitoral\/","https:\/\/www.youtube.com\/channel\/UCua4Qvz8Icb6MYqhoq9xLXw"]},{"@type":"Person","@id":"https:\/\/informelitoral.com.ar\/#\/schema\/person\/b9d00407c836482871ef1d57bf8e3180","name":"Gonzalo Schmidt","image":{"@type":"ImageObject","inLanguage":"es","@id":"https:\/\/secure.gravatar.com\/avatar\/31a1a7b66ff2de83bd0e9fd79d026630d2d99e55e8bfe501287647b4fd9743de?s=96&d=mm&r=g","url":"https:\/\/secure.gravatar.com\/avatar\/31a1a7b66ff2de83bd0e9fd79d026630d2d99e55e8bfe501287647b4fd9743de?s=96&d=mm&r=g","contentUrl":"https:\/\/secure.gravatar.com\/avatar\/31a1a7b66ff2de83bd0e9fd79d026630d2d99e55e8bfe501287647b4fd9743de?s=96&d=mm&r=g","caption":"Gonzalo Schmidt"},"description":"Sitio web de noticias de la provincia de Entre R\u00edos, Argentina. Informaci\u00f3n y entretenimiento. Informe Litoral, nos informamos.","sameAs":["http:\/\/www.isletasnoticias.com.ar"],"url":"https:\/\/informelitoral.com.ar\/author\/gonzalo\/"}]}},"_links":{"self":[{"href":"https:\/\/informelitoral.com.ar\/%77%70%2d%6a%73%6f%6e\/wp\/v2\/posts\/15741","targetHints":{"allow":["GET"]}}],"collection":[{"href":"https:\/\/informelitoral.com.ar\/%77%70%2d%6a%73%6f%6e\/wp\/v2\/posts"}],"about":[{"href":"https:\/\/informelitoral.com.ar\/%77%70%2d%6a%73%6f%6e\/wp\/v2\/types\/post"}],"author":[{"embeddable":true,"href":"https:\/\/informelitoral.com.ar\/%77%70%2d%6a%73%6f%6e\/wp\/v2\/users\/2"}],"replies":[{"embeddable":true,"href":"https:\/\/informelitoral.com.ar\/%77%70%2d%6a%73%6f%6e\/wp\/v2\/comments?post=15741"}],"version-history":[{"count":0,"href":"https:\/\/informelitoral.com.ar\/%77%70%2d%6a%73%6f%6e\/wp\/v2\/posts\/15741\/revisions"}],"wp:attachment":[{"href":"https:\/\/informelitoral.com.ar\/%77%70%2d%6a%73%6f%6e\/wp\/v2\/media?parent=15741"}],"wp:term":[{"taxonomy":"category","embeddable":true,"href":"https:\/\/informelitoral.com.ar\/%77%70%2d%6a%73%6f%6e\/wp\/v2\/categories?post=15741"},{"taxonomy":"post_tag","embeddable":true,"href":"https:\/\/informelitoral.com.ar\/%77%70%2d%6a%73%6f%6e\/wp\/v2\/tags?post=15741"}],"curies":[{"name":"wp","href":"https:\/\/api.w.org\/{rel}","templated":true}]}}