{"id":157400,"date":"2023-07-13T08:13:17","date_gmt":"2023-07-13T11:13:17","guid":{"rendered":"https:\/\/www.informelitoral.com.ar\/?p=157400"},"modified":"2023-07-13T09:32:14","modified_gmt":"2023-07-13T12:32:14","slug":"indec-difunde-la-inflacion-de-junio-y-el-gobierno-espera-nueva-desaceleracion","status":"publish","type":"post","link":"https:\/\/informelitoral.com.ar\/indec-difunde-la-inflacion-de-junio-y-el-gobierno-espera-nueva-desaceleracion\/","title":{"rendered":"Indec difunde la inflaci\u00f3n de junio y el gobierno espera nueva desaceleraci\u00f3n"},"content":{"rendered":"<section class=\"texto\">El Instituto Nacional de Estad\u00edstica y Censos (INDEC) difundir\u00e1 hoy la evoluci\u00f3n de los precios de junio y el equipo econ\u00f3mico conf\u00eda en que se afiance una tendencia de desaceleraci\u00f3n.<\/p>\n<p>Los datos anticipados por las consultoras privadas dan cuenta de este comportamiento de los precios, aunque la baja tiene como dato asociado una merma en el nivel de actividad.<\/p>\n<p>No obstante, en el Palacio de Hacienda se inclinan por subrayar que, luego del preocupante 8,4% de abril, la inflaci\u00f3n se ubic\u00f3 en 7,8% en mayo y habr\u00eda descendido otro escal\u00f3n en junio.<\/p>\n<p>Si bien reconocen que es un escal\u00f3n alt\u00edsimo, el alivio se percibe por haberse quebrado la inercia alcista y, en lugar de empinar hacia los dos d\u00edgitos, recort\u00f3 levemente su ritmo.<\/p>\n<p>El promedio de los estudios de los analistas marcan que la suba de precios del mes pasado est\u00e1 en el rango del 7,2%-7,4%, lo cual confirmar\u00eda el cambio de tendencia, pero advierten que de ninguna manera se puede tomar como definitivo.<\/p>\n<p>El factor que explica la reducci\u00f3n del ritmo inflacionario es un menor aumento en los alimentos. Los trabajos privados puntualizan que la carne subi\u00f3 menos que el promedio de los dem\u00e1s productos y que el pollo estabiliz\u00f3 un valor pasada la gripe aviar. Adem\u00e1s, al superarse la sequ\u00eda mejor\u00f3 la oferta de frutas y verduras amortiguando los avances.<\/p>\n<p>En junio, los mayores incrementos vienen por lo que significa el gasto en el hogar tanto en alquileres como en los servicios p\u00fablicos, que sufrieron fuertes subas el mes pasado.<\/p>\n<p>Asimismo, los primeros trabajos con relaci\u00f3n a julio, permiten inferior que al menos durante el inicio del mes esta tendencia de desaceleraci\u00f3n se mantuvo.<\/p>\n<p>El dato negativo es que la baja de la inflaci\u00f3n est\u00e1 combinada por una disminuci\u00f3n en el consumo y en el nivel de actividad producto de la p\u00e9rdida de poder adquisitivo de los ingresos.<\/section>\n<div class=\"publi-top publi-listado\">\n<div class=\"publi-728\">\n<div id=\"banner-interior-b\" class=\"banner-zone-found banner-step-1 banner-loop-1 banner-is-adsense banner-is-c banner-step-2\"><\/div>\n<\/div>\n<\/div>\n","protected":false},"excerpt":{"rendered":"<p>Los datos anticipados por las consultoras privadas dan cuenta de que el incremento de precios fue inferior al mes previo, aunque la baja tiene como dato asociado una merma en el nivel de actividad.<\/p>\n","protected":false},"author":8,"featured_media":73748,"comment_status":"open","ping_status":"open","sticky":false,"template":"","format":"standard","meta":{"fifu_image_url":"","fifu_image_alt":"","footnotes":""},"categories":[7],"tags":[78,95],"class_list":{"0":"post-157400","1":"post","2":"type-post","3":"status-publish","4":"format-standard","5":"has-post-thumbnail","7":"category-nacionales","8":"tag-indec","9":"tag-inflacion"},"yoast_head":"<title>Indec difunde la inflaci\u00f3n de junio y el gobierno espera nueva desaceleraci\u00f3n - Informe Litoral<\/title>\n<meta name=\"robots\" content=\"index, follow, max-snippet:-1, max-image-preview:large, max-video-preview:-1\" \/>\n<link rel=\"canonical\" href=\"https:\/\/informelitoral.com.ar\/indec-difunde-la-inflacion-de-junio-y-el-gobierno-espera-nueva-desaceleracion\/\" \/>\n<meta property=\"og:locale\" content=\"es_ES\" \/>\n<meta property=\"og:type\" content=\"article\" \/>\n<meta property=\"og:title\" content=\"Indec difunde la inflaci\u00f3n de junio y el gobierno espera nueva desaceleraci\u00f3n - Informe Litoral\" \/>\n<meta property=\"og:description\" content=\"Los datos anticipados por las consultoras privadas dan cuenta de que el incremento de precios fue inferior al mes previo, aunque la baja tiene como dato asociado una merma en el nivel de actividad.\" \/>\n<meta property=\"og:url\" content=\"https:\/\/informelitoral.com.ar\/indec-difunde-la-inflacion-de-junio-y-el-gobierno-espera-nueva-desaceleracion\/\" \/>\n<meta property=\"og:site_name\" content=\"Informe Litoral\" \/>\n<meta property=\"article:publisher\" content=\"https:\/\/www.facebook.com\/informelitoral\/\" \/>\n<meta property=\"article:published_time\" content=\"2023-07-13T11:13:17+00:00\" \/>\n<meta property=\"article:modified_time\" content=\"2023-07-13T12:32:14+00:00\" \/>\n<meta property=\"og:image\" content=\"https:\/\/informelitoral.com.ar\/%77%70%2d%63%6f%6e%74%65%6e%74\/uploads\/2022\/03\/600x400_Supermercado-1.jpg\" \/>\n\t<meta property=\"og:image:width\" content=\"600\" \/>\n\t<meta property=\"og:image:height\" content=\"400\" \/>\n\t<meta property=\"og:image:type\" content=\"image\/jpeg\" \/>\n<meta name=\"author\" content=\"Sebastian\" \/>\n<meta name=\"twitter:card\" content=\"summary_large_image\" \/>\n<meta name=\"twitter:creator\" content=\"@InformeLitoral\" \/>\n<meta name=\"twitter:site\" content=\"@InformeLitoral\" \/>\n<meta name=\"twitter:label1\" content=\"Escrito por\" \/>\n\t<meta name=\"twitter:data1\" content=\"Sebastian\" \/>\n\t<meta name=\"twitter:label2\" content=\"Tiempo de lectura\" \/>\n\t<meta name=\"twitter:data2\" content=\"2 minutos\" \/>\n<script type=\"application\/ld+json\" class=\"yoast-schema-graph\">{\"@context\":\"https:\\\/\\\/schema.org\",\"@graph\":[{\"@type\":\"Article\",\"@id\":\"https:\\\/\\\/informelitoral.com.ar\\\/indec-difunde-la-inflacion-de-junio-y-el-gobierno-espera-nueva-desaceleracion\\\/#article\",\"isPartOf\":{\"@id\":\"https:\\\/\\\/informelitoral.com.ar\\\/indec-difunde-la-inflacion-de-junio-y-el-gobierno-espera-nueva-desaceleracion\\\/\"},\"author\":{\"name\":\"Sebastian\",\"@id\":\"https:\\\/\\\/informelitoral.com.ar\\\/#\\\/schema\\\/person\\\/f05f9f461677119578717524b127d6d5\"},\"headline\":\"Indec difunde la inflaci\u00f3n de junio y el gobierno espera nueva desaceleraci\u00f3n\",\"datePublished\":\"2023-07-13T11:13:17+00:00\",\"dateModified\":\"2023-07-13T12:32:14+00:00\",\"mainEntityOfPage\":{\"@id\":\"https:\\\/\\\/informelitoral.com.ar\\\/indec-difunde-la-inflacion-de-junio-y-el-gobierno-espera-nueva-desaceleracion\\\/\"},\"wordCount\":344,\"commentCount\":0,\"publisher\":{\"@id\":\"https:\\\/\\\/informelitoral.com.ar\\\/#organization\"},\"image\":{\"@id\":\"https:\\\/\\\/informelitoral.com.ar\\\/indec-difunde-la-inflacion-de-junio-y-el-gobierno-espera-nueva-desaceleracion\\\/#primaryimage\"},\"thumbnailUrl\":\"https:\\\/\\\/informelitoral.com.ar\\\/%77%70%2d%63%6f%6e%74%65%6e%74\\\/uploads\\\/2022\\\/03\\\/600x400_Supermercado-1.jpg\",\"keywords\":[\"Indec\",\"Inflaci\u00f3n\"],\"articleSection\":[\"Nacionales\"],\"inLanguage\":\"es\",\"potentialAction\":[{\"@type\":\"CommentAction\",\"name\":\"Comment\",\"target\":[\"https:\\\/\\\/informelitoral.com.ar\\\/indec-difunde-la-inflacion-de-junio-y-el-gobierno-espera-nueva-desaceleracion\\\/#respond\"]}]},{\"@type\":\"WebPage\",\"@id\":\"https:\\\/\\\/informelitoral.com.ar\\\/indec-difunde-la-inflacion-de-junio-y-el-gobierno-espera-nueva-desaceleracion\\\/\",\"url\":\"https:\\\/\\\/informelitoral.com.ar\\\/indec-difunde-la-inflacion-de-junio-y-el-gobierno-espera-nueva-desaceleracion\\\/\",\"name\":\"Indec difunde la inflaci\u00f3n de junio y el gobierno espera nueva desaceleraci\u00f3n - Informe Litoral\",\"isPartOf\":{\"@id\":\"https:\\\/\\\/informelitoral.com.ar\\\/#website\"},\"primaryImageOfPage\":{\"@id\":\"https:\\\/\\\/informelitoral.com.ar\\\/indec-difunde-la-inflacion-de-junio-y-el-gobierno-espera-nueva-desaceleracion\\\/#primaryimage\"},\"image\":{\"@id\":\"https:\\\/\\\/informelitoral.com.ar\\\/indec-difunde-la-inflacion-de-junio-y-el-gobierno-espera-nueva-desaceleracion\\\/#primaryimage\"},\"thumbnailUrl\":\"https:\\\/\\\/informelitoral.com.ar\\\/%77%70%2d%63%6f%6e%74%65%6e%74\\\/uploads\\\/2022\\\/03\\\/600x400_Supermercado-1.jpg\",\"datePublished\":\"2023-07-13T11:13:17+00:00\",\"dateModified\":\"2023-07-13T12:32:14+00:00\",\"breadcrumb\":{\"@id\":\"https:\\\/\\\/informelitoral.com.ar\\\/indec-difunde-la-inflacion-de-junio-y-el-gobierno-espera-nueva-desaceleracion\\\/#breadcrumb\"},\"inLanguage\":\"es\",\"potentialAction\":[{\"@type\":\"ReadAction\",\"target\":[\"https:\\\/\\\/informelitoral.com.ar\\\/indec-difunde-la-inflacion-de-junio-y-el-gobierno-espera-nueva-desaceleracion\\\/\"]}]},{\"@type\":\"ImageObject\",\"inLanguage\":\"es\",\"@id\":\"https:\\\/\\\/informelitoral.com.ar\\\/indec-difunde-la-inflacion-de-junio-y-el-gobierno-espera-nueva-desaceleracion\\\/#primaryimage\",\"url\":\"https:\\\/\\\/informelitoral.com.ar\\\/%77%70%2d%63%6f%6e%74%65%6e%74\\\/uploads\\\/2022\\\/03\\\/600x400_Supermercado-1.jpg\",\"contentUrl\":\"https:\\\/\\\/informelitoral.com.ar\\\/%77%70%2d%63%6f%6e%74%65%6e%74\\\/uploads\\\/2022\\\/03\\\/600x400_Supermercado-1.jpg\",\"width\":600,\"height\":400},{\"@type\":\"BreadcrumbList\",\"@id\":\"https:\\\/\\\/informelitoral.com.ar\\\/indec-difunde-la-inflacion-de-junio-y-el-gobierno-espera-nueva-desaceleracion\\\/#breadcrumb\",\"itemListElement\":[{\"@type\":\"ListItem\",\"position\":1,\"name\":\"Portada\",\"item\":\"https:\\\/\\\/informelitoral.com.ar\\\/\"},{\"@type\":\"ListItem\",\"position\":2,\"name\":\"Indec difunde la inflaci\u00f3n de junio y el gobierno espera nueva desaceleraci\u00f3n\"}]},{\"@type\":\"WebSite\",\"@id\":\"https:\\\/\\\/informelitoral.com.ar\\\/#website\",\"url\":\"https:\\\/\\\/informelitoral.com.ar\\\/\",\"name\":\"Informe Litoral\",\"description\":\"&quot;Nos informamos&quot; \",\"publisher\":{\"@id\":\"https:\\\/\\\/informelitoral.com.ar\\\/#organization\"},\"potentialAction\":[{\"@type\":\"SearchAction\",\"target\":{\"@type\":\"EntryPoint\",\"urlTemplate\":\"https:\\\/\\\/informelitoral.com.ar\\\/?s={search_term_string}\"},\"query-input\":{\"@type\":\"PropertyValueSpecification\",\"valueRequired\":true,\"valueName\":\"search_term_string\"}}],\"inLanguage\":\"es\"},{\"@type\":\"Organization\",\"@id\":\"https:\\\/\\\/informelitoral.com.ar\\\/#organization\",\"name\":\"Informe Litoral\",\"url\":\"https:\\\/\\\/informelitoral.com.ar\\\/\",\"logo\":{\"@type\":\"ImageObject\",\"inLanguage\":\"es\",\"@id\":\"https:\\\/\\\/informelitoral.com.ar\\\/#\\\/schema\\\/logo\\\/image\\\/\",\"url\":\"https:\\\/\\\/informelitoral.com.ar\\\/%77%70%2d%63%6f%6e%74%65%6e%74\\\/uploads\\\/2021\\\/01\\\/circulo.png\",\"contentUrl\":\"https:\\\/\\\/informelitoral.com.ar\\\/%77%70%2d%63%6f%6e%74%65%6e%74\\\/uploads\\\/2021\\\/01\\\/circulo.png\",\"width\":723,\"height\":731,\"caption\":\"Informe Litoral\"},\"image\":{\"@id\":\"https:\\\/\\\/informelitoral.com.ar\\\/#\\\/schema\\\/logo\\\/image\\\/\"},\"sameAs\":[\"https:\\\/\\\/www.facebook.com\\\/informelitoral\\\/\",\"https:\\\/\\\/x.com\\\/InformeLitoral\",\"https:\\\/\\\/www.instagram.com\\\/informelitoral\\\/\",\"https:\\\/\\\/www.youtube.com\\\/channel\\\/UCua4Qvz8Icb6MYqhoq9xLXw\"]},{\"@type\":\"Person\",\"@id\":\"https:\\\/\\\/informelitoral.com.ar\\\/#\\\/schema\\\/person\\\/f05f9f461677119578717524b127d6d5\",\"name\":\"Sebastian\",\"image\":{\"@type\":\"ImageObject\",\"inLanguage\":\"es\",\"@id\":\"https:\\\/\\\/secure.gravatar.com\\\/avatar\\\/b71bf7481d447dfb9583c7f2798e7cc64de6efb9067b74633ed8c31059a3bd82?s=96&d=mm&r=g\",\"url\":\"https:\\\/\\\/secure.gravatar.com\\\/avatar\\\/b71bf7481d447dfb9583c7f2798e7cc64de6efb9067b74633ed8c31059a3bd82?s=96&d=mm&r=g\",\"contentUrl\":\"https:\\\/\\\/secure.gravatar.com\\\/avatar\\\/b71bf7481d447dfb9583c7f2798e7cc64de6efb9067b74633ed8c31059a3bd82?s=96&d=mm&r=g\",\"caption\":\"Sebastian\"},\"url\":\"https:\\\/\\\/informelitoral.com.ar\\\/author\\\/sebastian\\\/\"}]}<\/script>","yoast_head_json":{"title":"Indec difunde la inflaci\u00f3n de junio y el gobierno espera nueva desaceleraci\u00f3n - Informe Litoral","robots":{"index":"index","follow":"follow","max-snippet":"max-snippet:-1","max-image-preview":"max-image-preview:large","max-video-preview":"max-video-preview:-1"},"canonical":"https:\/\/informelitoral.com.ar\/indec-difunde-la-inflacion-de-junio-y-el-gobierno-espera-nueva-desaceleracion\/","og_locale":"es_ES","og_type":"article","og_title":"Indec difunde la inflaci\u00f3n de junio y el gobierno espera nueva desaceleraci\u00f3n - Informe Litoral","og_description":"Los datos anticipados por las consultoras privadas dan cuenta de que el incremento de precios fue inferior al mes previo, aunque la baja tiene como dato asociado una merma en el nivel de actividad.","og_url":"https:\/\/informelitoral.com.ar\/indec-difunde-la-inflacion-de-junio-y-el-gobierno-espera-nueva-desaceleracion\/","og_site_name":"Informe Litoral","article_publisher":"https:\/\/www.facebook.com\/informelitoral\/","article_published_time":"2023-07-13T11:13:17+00:00","article_modified_time":"2023-07-13T12:32:14+00:00","og_image":[{"width":600,"height":400,"url":"https:\/\/informelitoral.com.ar\/%77%70%2d%63%6f%6e%74%65%6e%74\/uploads\/2022\/03\/600x400_Supermercado-1.jpg","type":"image\/jpeg"}],"author":"Sebastian","twitter_card":"summary_large_image","twitter_creator":"@InformeLitoral","twitter_site":"@InformeLitoral","twitter_misc":{"Escrito por":"Sebastian","Tiempo de lectura":"2 minutos"},"schema":{"@context":"https:\/\/schema.org","@graph":[{"@type":"Article","@id":"https:\/\/informelitoral.com.ar\/indec-difunde-la-inflacion-de-junio-y-el-gobierno-espera-nueva-desaceleracion\/#article","isPartOf":{"@id":"https:\/\/informelitoral.com.ar\/indec-difunde-la-inflacion-de-junio-y-el-gobierno-espera-nueva-desaceleracion\/"},"author":{"name":"Sebastian","@id":"https:\/\/informelitoral.com.ar\/#\/schema\/person\/f05f9f461677119578717524b127d6d5"},"headline":"Indec difunde la inflaci\u00f3n de junio y el gobierno espera nueva desaceleraci\u00f3n","datePublished":"2023-07-13T11:13:17+00:00","dateModified":"2023-07-13T12:32:14+00:00","mainEntityOfPage":{"@id":"https:\/\/informelitoral.com.ar\/indec-difunde-la-inflacion-de-junio-y-el-gobierno-espera-nueva-desaceleracion\/"},"wordCount":344,"commentCount":0,"publisher":{"@id":"https:\/\/informelitoral.com.ar\/#organization"},"image":{"@id":"https:\/\/informelitoral.com.ar\/indec-difunde-la-inflacion-de-junio-y-el-gobierno-espera-nueva-desaceleracion\/#primaryimage"},"thumbnailUrl":"https:\/\/informelitoral.com.ar\/%77%70%2d%63%6f%6e%74%65%6e%74\/uploads\/2022\/03\/600x400_Supermercado-1.jpg","keywords":["Indec","Inflaci\u00f3n"],"articleSection":["Nacionales"],"inLanguage":"es","potentialAction":[{"@type":"CommentAction","name":"Comment","target":["https:\/\/informelitoral.com.ar\/indec-difunde-la-inflacion-de-junio-y-el-gobierno-espera-nueva-desaceleracion\/#respond"]}]},{"@type":"WebPage","@id":"https:\/\/informelitoral.com.ar\/indec-difunde-la-inflacion-de-junio-y-el-gobierno-espera-nueva-desaceleracion\/","url":"https:\/\/informelitoral.com.ar\/indec-difunde-la-inflacion-de-junio-y-el-gobierno-espera-nueva-desaceleracion\/","name":"Indec difunde la inflaci\u00f3n de junio y el gobierno espera nueva desaceleraci\u00f3n - Informe Litoral","isPartOf":{"@id":"https:\/\/informelitoral.com.ar\/#website"},"primaryImageOfPage":{"@id":"https:\/\/informelitoral.com.ar\/indec-difunde-la-inflacion-de-junio-y-el-gobierno-espera-nueva-desaceleracion\/#primaryimage"},"image":{"@id":"https:\/\/informelitoral.com.ar\/indec-difunde-la-inflacion-de-junio-y-el-gobierno-espera-nueva-desaceleracion\/#primaryimage"},"thumbnailUrl":"https:\/\/informelitoral.com.ar\/%77%70%2d%63%6f%6e%74%65%6e%74\/uploads\/2022\/03\/600x400_Supermercado-1.jpg","datePublished":"2023-07-13T11:13:17+00:00","dateModified":"2023-07-13T12:32:14+00:00","breadcrumb":{"@id":"https:\/\/informelitoral.com.ar\/indec-difunde-la-inflacion-de-junio-y-el-gobierno-espera-nueva-desaceleracion\/#breadcrumb"},"inLanguage":"es","potentialAction":[{"@type":"ReadAction","target":["https:\/\/informelitoral.com.ar\/indec-difunde-la-inflacion-de-junio-y-el-gobierno-espera-nueva-desaceleracion\/"]}]},{"@type":"ImageObject","inLanguage":"es","@id":"https:\/\/informelitoral.com.ar\/indec-difunde-la-inflacion-de-junio-y-el-gobierno-espera-nueva-desaceleracion\/#primaryimage","url":"https:\/\/informelitoral.com.ar\/%77%70%2d%63%6f%6e%74%65%6e%74\/uploads\/2022\/03\/600x400_Supermercado-1.jpg","contentUrl":"https:\/\/informelitoral.com.ar\/%77%70%2d%63%6f%6e%74%65%6e%74\/uploads\/2022\/03\/600x400_Supermercado-1.jpg","width":600,"height":400},{"@type":"BreadcrumbList","@id":"https:\/\/informelitoral.com.ar\/indec-difunde-la-inflacion-de-junio-y-el-gobierno-espera-nueva-desaceleracion\/#breadcrumb","itemListElement":[{"@type":"ListItem","position":1,"name":"Portada","item":"https:\/\/informelitoral.com.ar\/"},{"@type":"ListItem","position":2,"name":"Indec difunde la inflaci\u00f3n de junio y el gobierno espera nueva desaceleraci\u00f3n"}]},{"@type":"WebSite","@id":"https:\/\/informelitoral.com.ar\/#website","url":"https:\/\/informelitoral.com.ar\/","name":"Informe Litoral","description":"&quot;Nos informamos&quot; ","publisher":{"@id":"https:\/\/informelitoral.com.ar\/#organization"},"potentialAction":[{"@type":"SearchAction","target":{"@type":"EntryPoint","urlTemplate":"https:\/\/informelitoral.com.ar\/?s={search_term_string}"},"query-input":{"@type":"PropertyValueSpecification","valueRequired":true,"valueName":"search_term_string"}}],"inLanguage":"es"},{"@type":"Organization","@id":"https:\/\/informelitoral.com.ar\/#organization","name":"Informe Litoral","url":"https:\/\/informelitoral.com.ar\/","logo":{"@type":"ImageObject","inLanguage":"es","@id":"https:\/\/informelitoral.com.ar\/#\/schema\/logo\/image\/","url":"https:\/\/informelitoral.com.ar\/%77%70%2d%63%6f%6e%74%65%6e%74\/uploads\/2021\/01\/circulo.png","contentUrl":"https:\/\/informelitoral.com.ar\/%77%70%2d%63%6f%6e%74%65%6e%74\/uploads\/2021\/01\/circulo.png","width":723,"height":731,"caption":"Informe Litoral"},"image":{"@id":"https:\/\/informelitoral.com.ar\/#\/schema\/logo\/image\/"},"sameAs":["https:\/\/www.facebook.com\/informelitoral\/","https:\/\/x.com\/InformeLitoral","https:\/\/www.instagram.com\/informelitoral\/","https:\/\/www.youtube.com\/channel\/UCua4Qvz8Icb6MYqhoq9xLXw"]},{"@type":"Person","@id":"https:\/\/informelitoral.com.ar\/#\/schema\/person\/f05f9f461677119578717524b127d6d5","name":"Sebastian","image":{"@type":"ImageObject","inLanguage":"es","@id":"https:\/\/secure.gravatar.com\/avatar\/b71bf7481d447dfb9583c7f2798e7cc64de6efb9067b74633ed8c31059a3bd82?s=96&d=mm&r=g","url":"https:\/\/secure.gravatar.com\/avatar\/b71bf7481d447dfb9583c7f2798e7cc64de6efb9067b74633ed8c31059a3bd82?s=96&d=mm&r=g","contentUrl":"https:\/\/secure.gravatar.com\/avatar\/b71bf7481d447dfb9583c7f2798e7cc64de6efb9067b74633ed8c31059a3bd82?s=96&d=mm&r=g","caption":"Sebastian"},"url":"https:\/\/informelitoral.com.ar\/author\/sebastian\/"}]}},"_links":{"self":[{"href":"https:\/\/informelitoral.com.ar\/%77%70%2d%6a%73%6f%6e\/wp\/v2\/posts\/157400","targetHints":{"allow":["GET"]}}],"collection":[{"href":"https:\/\/informelitoral.com.ar\/%77%70%2d%6a%73%6f%6e\/wp\/v2\/posts"}],"about":[{"href":"https:\/\/informelitoral.com.ar\/%77%70%2d%6a%73%6f%6e\/wp\/v2\/types\/post"}],"author":[{"embeddable":true,"href":"https:\/\/informelitoral.com.ar\/%77%70%2d%6a%73%6f%6e\/wp\/v2\/users\/8"}],"replies":[{"embeddable":true,"href":"https:\/\/informelitoral.com.ar\/%77%70%2d%6a%73%6f%6e\/wp\/v2\/comments?post=157400"}],"version-history":[{"count":0,"href":"https:\/\/informelitoral.com.ar\/%77%70%2d%6a%73%6f%6e\/wp\/v2\/posts\/157400\/revisions"}],"wp:featuredmedia":[{"embeddable":true,"href":"https:\/\/informelitoral.com.ar\/%77%70%2d%6a%73%6f%6e\/wp\/v2\/media\/73748"}],"wp:attachment":[{"href":"https:\/\/informelitoral.com.ar\/%77%70%2d%6a%73%6f%6e\/wp\/v2\/media?parent=157400"}],"wp:term":[{"taxonomy":"category","embeddable":true,"href":"https:\/\/informelitoral.com.ar\/%77%70%2d%6a%73%6f%6e\/wp\/v2\/categories?post=157400"},{"taxonomy":"post_tag","embeddable":true,"href":"https:\/\/informelitoral.com.ar\/%77%70%2d%6a%73%6f%6e\/wp\/v2\/tags?post=157400"}],"curies":[{"name":"wp","href":"https:\/\/api.w.org\/{rel}","templated":true}]}}