{"id":157370,"date":"2023-07-13T07:14:50","date_gmt":"2023-07-13T10:14:50","guid":{"rendered":"https:\/\/www.informelitoral.com.ar\/?p=157370"},"modified":"2023-07-13T07:15:59","modified_gmt":"2023-07-13T10:15:59","slug":"cotapa-celebra-59-anos-con-mayor-produccion-y-a-la-espera-de-la-apertura-un-local-de-venta-al-publico","status":"publish","type":"post","link":"https:\/\/informelitoral.com.ar\/cotapa-celebra-59-anos-con-mayor-produccion-y-a-la-espera-de-la-apertura-un-local-de-venta-al-publico\/","title":{"rendered":"Cotapa celebra 59 a\u00f1os con mayor producci\u00f3n y a la espera de la apertura un local de venta al p\u00fablico"},"content":{"rendered":"<p>Vale recordar que Cotapa fue fundada el 12 de julio de 1964 y en el marco de este nuevo aniversario, 45 de los ex empleados de la f\u00e1brica, anunciaron que se unieron en cooperativa y que se encuentran produciendo desde comienzo de a\u00f1o.<\/p>\n<p>La noticia se dio durante una conferencia de prensa convocada por los trabajadores en las instalaciones de Cotapa, oportunidad en la que tambi\u00e9n proyectaron un emotivo video que muestra y cuenta c\u00f3mo est\u00e1n trabajando.<\/p>\n<p><strong>Carlos Strada<\/strong>, presidente de la Cooperativa se refiri\u00f3 al momento presente: \u00abHoy los trabajadores de Cotapa tenemos un motivo para celebrar. Porque estamos activos, trabajando bajo los valores del cooperativismo, de manera conjunta, de forma solidaria y con una gesti\u00f3n transparente\u00bb.<\/p>\n<p>\u00abEsta marca es un emblema de la ciudad, es parte de su historia. Todos los paranaenses tienen un recuerdo ligado a estos productos. Es una tradici\u00f3n en la mesa, incluso de gran parte del pa\u00eds. Por ese motivo y porque es nuestra fuente de trabajo, asumimos el desaf\u00edo de recuperar la f\u00e1brica. Hoy estamos elaborando productos l\u00e1cteos con la calidad que siempre caracteriz\u00f3 a Cotapa\u00bb, destac\u00f3 Strada.<\/p>\n<p>Por su parte, <strong>Fabi\u00e1n Russian<\/strong>, jefe de Producci\u00f3n con 36 a\u00f1os de antig\u00fcedad en el puesto, coment\u00f3 acerca de los desaf\u00edos que enfrentaron: \u00abEl camino no ha sido f\u00e1cil. Pusimos en marcha las m\u00e1quinas, lo que implic\u00f3 realizar muchas reparaciones y, poco a poco, hemos invertido en nueva maquinaria para mejorar nuestra producci\u00f3n. Contamos con la experiencia productiva y la capacidad de trabajo para llevarlo adelante\u00bb.<\/p>\n<p><strong>Producci\u00f3n actual<\/strong><\/p>\n<p>Respecto de los productos, los ex empleados de Cotapa, ahora asociados en cooperativa, vienen produciendo leche larga vida y leche en polvo. Recientemente, incorporaron leche fluida en sachet, yogurt bebible de frutilla y vainilla, y crema en presentaci\u00f3n de 5 litros. Adem\u00e1s, \u00abestamos trabajando para agregar progresivamente nuevos productos, como dulce de leche, yogures en pote y flanes\u00bb, agreg\u00f3 <strong>Fabi\u00e1n Russian<\/strong>, jefe de Producci\u00f3n.<\/p>\n<p>Los productos se est\u00e1n comercializando a Santa Fe, el interior de la provincia de Entre R\u00edos, Chaco y Misiones. Uno de los objetivos para el corto y mediano plazo es reactivar el circuito comercial en Paran\u00e1.<\/p>\n<p>Respecto de los envases, los trabajadores aclararon que los consumidores encontrar\u00e1n en las g\u00f3ndolas productos con ambos logos, el logo tradicional de Cotapa con el \u00f3valo verde y el logo que hab\u00eda incorporado la \u00faltima gesti\u00f3n con la vaquita. Si bien la intenci\u00f3n de los cooperativistas es quedarse con el logo tradicional, hasta que puedan reemplazarlo en todos los envases, habr\u00e1 una convivencia de ambas identidades visuales en las g\u00f3ndolas.<\/p>\n<p><strong>Pr\u00f3ximamente: Local de venta al p\u00fablico<\/strong><\/p>\n<p>Asimismo, los trabajadores anunciaron que est\u00e1n esperando la orden del s\u00edndico para, en las pr\u00f3ximas semanas, abrir el hist\u00f3rico local de venta al p\u00fablico ubicado sobre Av. Almafuerte, frente a la f\u00e1brica. Si bien la administraci\u00f3n ser\u00e1 tercerizada, este espacio contar\u00e1 con l\u00e1cteos exclusivos de la marca Cotapa a un precio preferencial. Igualmente, los vecinos de Paran\u00e1 podr\u00e1n adquirir embutidos, fiambres, carnes, y productos de almac\u00e9n.<\/p>\n<p>\u00abEl local se encuentra listo, pero estamos a la espera de la autorizaci\u00f3n del s\u00edndico para poder tercerizar su administraci\u00f3n y abrir\u00bb, indic\u00f3 Strada.<\/p>\n<p><strong>Inversiones en maquinaria y equipos<\/strong><\/p>\n<p>Los trabajadores han realizado diversas inversiones para mejorar la infraestructura de la f\u00e1brica. En primer lugar, se llevaron a cabo reparaciones en los compresores de fr\u00edo, los bancos de fr\u00edo y ambas calderas. Adem\u00e1s, se adquirieron un sampie y una zorra el\u00e9ctrica para facilitar el transporte interno.<\/p>\n<p>En los pr\u00f3ximos 30 d\u00edas, se espera la entrega de una estrichadora autom\u00e1tica que agilizar\u00e1 ciertos procesos. Adem\u00e1s, se instal\u00f3 un autoelevador en el \u00e1rea de Leche en Polvo para mejorar las tareas de carga y descarga.<\/p>\n<p>Asimismo, est\u00e1n a la espera de una respuesta por parte de la firma Tetra Pak para llevar a cabo una inversi\u00f3n muy significativa: la compra de una m\u00e1quina de envasado de larga vida, que se est\u00e1 utilizando actualmente y que fue adquirida por la gesti\u00f3n anterior, pero, seg\u00fan la firma, nunca fue abonada. Se trata de una m\u00e1quina de vital importancia para la principal actividad productiva de Cotapa, que es el envasado de leche larga vida.<\/p>\n<p>Por \u00faltimo, los trabajadores agradecieron a proveedores, productores y clientes por depositar su confianza y acompa\u00f1arlos en este renacimiento productivo. De igual manera, destacaron el acompa\u00f1amiento del Instituto Nacional de Asociativismo y Econom\u00eda Social. Cooperativas y Mutuales (INAES) y del Instituto de Promoci\u00f3n de Cooperativas y Mutualidades (IPCYMER).<\/p>\n<h4><em><strong>MIR\u00c1 EL EMOTIVO\u00a0 VIDEO INSTITUCIONAL: <\/strong><\/em><\/h4>\n<p><a href=\"https:\/\/www.youtube.com\/watch?v=kjFix3FZwZw\">Cotapa: un nuevo comienzo, para una gran marca &#8211; YouTube<\/a><\/p>\n","protected":false},"excerpt":{"rendered":"<p> La Cooperativa, radicada en la capital provincial y manejada actualmente por sus trabajadores, celebr\u00f3 este mi\u00e9rcoles sus primeros 59 a\u00f1os de \u201ctradici\u00f3n y renacimiento productivo\u201d. Anunciaron la ampliaci\u00f3n de la producci\u00f3n y elaboraci\u00f3n de nuevos productos as\u00ed como la apertura de un local de venta al p\u00fablico.<\/p>\n","protected":false},"author":2,"featured_media":157371,"comment_status":"open","ping_status":"open","sticky":false,"template":"","format":"standard","meta":{"fifu_image_url":"","fifu_image_alt":"","footnotes":""},"categories":[6],"tags":[137,4292,45],"class_list":{"0":"post-157370","1":"post","2":"type-post","3":"status-publish","4":"format-standard","5":"has-post-thumbnail","7":"category-entre-rios","8":"tag-cooperativa","9":"tag-cotapa","10":"tag-parana"},"yoast_head":"<title>Cotapa celebra 59 a\u00f1os con mayor producci\u00f3n y a la espera de la apertura un local de venta al p\u00fablico - Informe Litoral<\/title>\n<meta name=\"robots\" content=\"index, follow, max-snippet:-1, max-image-preview:large, max-video-preview:-1\" \/>\n<link rel=\"canonical\" href=\"https:\/\/informelitoral.com.ar\/cotapa-celebra-59-anos-con-mayor-produccion-y-a-la-espera-de-la-apertura-un-local-de-venta-al-publico\/\" \/>\n<meta property=\"og:locale\" content=\"es_ES\" \/>\n<meta property=\"og:type\" content=\"article\" \/>\n<meta property=\"og:title\" content=\"Cotapa celebra 59 a\u00f1os con mayor producci\u00f3n y a la espera de la apertura un local de venta al p\u00fablico - Informe Litoral\" \/>\n<meta property=\"og:description\" content=\"La Cooperativa, radicada en la capital provincial y manejada actualmente por sus trabajadores, celebr\u00f3 este mi\u00e9rcoles sus primeros 59 a\u00f1os de \u201ctradici\u00f3n y renacimiento productivo\u201d. Anunciaron la ampliaci\u00f3n de la producci\u00f3n y elaboraci\u00f3n de nuevos productos as\u00ed como la apertura de un local de venta al p\u00fablico.\" \/>\n<meta property=\"og:url\" content=\"https:\/\/informelitoral.com.ar\/cotapa-celebra-59-anos-con-mayor-produccion-y-a-la-espera-de-la-apertura-un-local-de-venta-al-publico\/\" \/>\n<meta property=\"og:site_name\" content=\"Informe Litoral\" \/>\n<meta property=\"article:publisher\" content=\"https:\/\/www.facebook.com\/informelitoral\/\" \/>\n<meta property=\"article:published_time\" content=\"2023-07-13T10:14:50+00:00\" \/>\n<meta property=\"article:modified_time\" content=\"2023-07-13T10:15:59+00:00\" \/>\n<meta property=\"og:image\" content=\"https:\/\/informelitoral.com.ar\/%77%70%2d%63%6f%6e%74%65%6e%74\/uploads\/2023\/07\/cotapa.jpg\" \/>\n\t<meta property=\"og:image:width\" content=\"1440\" \/>\n\t<meta property=\"og:image:height\" content=\"1440\" \/>\n\t<meta property=\"og:image:type\" content=\"image\/jpeg\" \/>\n<meta name=\"author\" content=\"Gonzalo Schmidt\" \/>\n<meta name=\"twitter:card\" content=\"summary_large_image\" \/>\n<meta name=\"twitter:creator\" content=\"@InformeLitoral\" \/>\n<meta name=\"twitter:site\" content=\"@InformeLitoral\" \/>\n<meta name=\"twitter:label1\" content=\"Escrito por\" \/>\n\t<meta name=\"twitter:data1\" content=\"Gonzalo Schmidt\" \/>\n\t<meta name=\"twitter:label2\" content=\"Tiempo de lectura\" \/>\n\t<meta name=\"twitter:data2\" content=\"4 minutos\" \/>\n<script type=\"application\/ld+json\" class=\"yoast-schema-graph\">{\"@context\":\"https:\\\/\\\/schema.org\",\"@graph\":[{\"@type\":\"Article\",\"@id\":\"https:\\\/\\\/informelitoral.com.ar\\\/cotapa-celebra-59-anos-con-mayor-produccion-y-a-la-espera-de-la-apertura-un-local-de-venta-al-publico\\\/#article\",\"isPartOf\":{\"@id\":\"https:\\\/\\\/informelitoral.com.ar\\\/cotapa-celebra-59-anos-con-mayor-produccion-y-a-la-espera-de-la-apertura-un-local-de-venta-al-publico\\\/\"},\"author\":{\"name\":\"Gonzalo Schmidt\",\"@id\":\"https:\\\/\\\/informelitoral.com.ar\\\/#\\\/schema\\\/person\\\/b9d00407c836482871ef1d57bf8e3180\"},\"headline\":\"Cotapa celebra 59 a\u00f1os con mayor producci\u00f3n y a la espera de la apertura un local de venta al p\u00fablico\",\"datePublished\":\"2023-07-13T10:14:50+00:00\",\"dateModified\":\"2023-07-13T10:15:59+00:00\",\"mainEntityOfPage\":{\"@id\":\"https:\\\/\\\/informelitoral.com.ar\\\/cotapa-celebra-59-anos-con-mayor-produccion-y-a-la-espera-de-la-apertura-un-local-de-venta-al-publico\\\/\"},\"wordCount\":829,\"commentCount\":0,\"publisher\":{\"@id\":\"https:\\\/\\\/informelitoral.com.ar\\\/#organization\"},\"image\":{\"@id\":\"https:\\\/\\\/informelitoral.com.ar\\\/cotapa-celebra-59-anos-con-mayor-produccion-y-a-la-espera-de-la-apertura-un-local-de-venta-al-publico\\\/#primaryimage\"},\"thumbnailUrl\":\"https:\\\/\\\/informelitoral.com.ar\\\/%77%70%2d%63%6f%6e%74%65%6e%74\\\/uploads\\\/2023\\\/07\\\/cotapa.jpg\",\"keywords\":[\"Cooperativa\",\"Cotapa\",\"Paran\u00e1\"],\"articleSection\":[\"Entre R\u00edos\"],\"inLanguage\":\"es\",\"potentialAction\":[{\"@type\":\"CommentAction\",\"name\":\"Comment\",\"target\":[\"https:\\\/\\\/informelitoral.com.ar\\\/cotapa-celebra-59-anos-con-mayor-produccion-y-a-la-espera-de-la-apertura-un-local-de-venta-al-publico\\\/#respond\"]}]},{\"@type\":\"WebPage\",\"@id\":\"https:\\\/\\\/informelitoral.com.ar\\\/cotapa-celebra-59-anos-con-mayor-produccion-y-a-la-espera-de-la-apertura-un-local-de-venta-al-publico\\\/\",\"url\":\"https:\\\/\\\/informelitoral.com.ar\\\/cotapa-celebra-59-anos-con-mayor-produccion-y-a-la-espera-de-la-apertura-un-local-de-venta-al-publico\\\/\",\"name\":\"Cotapa celebra 59 a\u00f1os con mayor producci\u00f3n y a la espera de la apertura un local de venta al p\u00fablico - Informe Litoral\",\"isPartOf\":{\"@id\":\"https:\\\/\\\/informelitoral.com.ar\\\/#website\"},\"primaryImageOfPage\":{\"@id\":\"https:\\\/\\\/informelitoral.com.ar\\\/cotapa-celebra-59-anos-con-mayor-produccion-y-a-la-espera-de-la-apertura-un-local-de-venta-al-publico\\\/#primaryimage\"},\"image\":{\"@id\":\"https:\\\/\\\/informelitoral.com.ar\\\/cotapa-celebra-59-anos-con-mayor-produccion-y-a-la-espera-de-la-apertura-un-local-de-venta-al-publico\\\/#primaryimage\"},\"thumbnailUrl\":\"https:\\\/\\\/informelitoral.com.ar\\\/%77%70%2d%63%6f%6e%74%65%6e%74\\\/uploads\\\/2023\\\/07\\\/cotapa.jpg\",\"datePublished\":\"2023-07-13T10:14:50+00:00\",\"dateModified\":\"2023-07-13T10:15:59+00:00\",\"breadcrumb\":{\"@id\":\"https:\\\/\\\/informelitoral.com.ar\\\/cotapa-celebra-59-anos-con-mayor-produccion-y-a-la-espera-de-la-apertura-un-local-de-venta-al-publico\\\/#breadcrumb\"},\"inLanguage\":\"es\",\"potentialAction\":[{\"@type\":\"ReadAction\",\"target\":[\"https:\\\/\\\/informelitoral.com.ar\\\/cotapa-celebra-59-anos-con-mayor-produccion-y-a-la-espera-de-la-apertura-un-local-de-venta-al-publico\\\/\"]}]},{\"@type\":\"ImageObject\",\"inLanguage\":\"es\",\"@id\":\"https:\\\/\\\/informelitoral.com.ar\\\/cotapa-celebra-59-anos-con-mayor-produccion-y-a-la-espera-de-la-apertura-un-local-de-venta-al-publico\\\/#primaryimage\",\"url\":\"https:\\\/\\\/informelitoral.com.ar\\\/%77%70%2d%63%6f%6e%74%65%6e%74\\\/uploads\\\/2023\\\/07\\\/cotapa.jpg\",\"contentUrl\":\"https:\\\/\\\/informelitoral.com.ar\\\/%77%70%2d%63%6f%6e%74%65%6e%74\\\/uploads\\\/2023\\\/07\\\/cotapa.jpg\",\"width\":1440,\"height\":1440},{\"@type\":\"BreadcrumbList\",\"@id\":\"https:\\\/\\\/informelitoral.com.ar\\\/cotapa-celebra-59-anos-con-mayor-produccion-y-a-la-espera-de-la-apertura-un-local-de-venta-al-publico\\\/#breadcrumb\",\"itemListElement\":[{\"@type\":\"ListItem\",\"position\":1,\"name\":\"Portada\",\"item\":\"https:\\\/\\\/informelitoral.com.ar\\\/\"},{\"@type\":\"ListItem\",\"position\":2,\"name\":\"Cotapa celebra 59 a\u00f1os con mayor producci\u00f3n y a la espera de la apertura un local de venta al p\u00fablico\"}]},{\"@type\":\"WebSite\",\"@id\":\"https:\\\/\\\/informelitoral.com.ar\\\/#website\",\"url\":\"https:\\\/\\\/informelitoral.com.ar\\\/\",\"name\":\"Informe Litoral\",\"description\":\"&quot;Nos informamos&quot; \",\"publisher\":{\"@id\":\"https:\\\/\\\/informelitoral.com.ar\\\/#organization\"},\"potentialAction\":[{\"@type\":\"SearchAction\",\"target\":{\"@type\":\"EntryPoint\",\"urlTemplate\":\"https:\\\/\\\/informelitoral.com.ar\\\/?s={search_term_string}\"},\"query-input\":{\"@type\":\"PropertyValueSpecification\",\"valueRequired\":true,\"valueName\":\"search_term_string\"}}],\"inLanguage\":\"es\"},{\"@type\":\"Organization\",\"@id\":\"https:\\\/\\\/informelitoral.com.ar\\\/#organization\",\"name\":\"Informe Litoral\",\"url\":\"https:\\\/\\\/informelitoral.com.ar\\\/\",\"logo\":{\"@type\":\"ImageObject\",\"inLanguage\":\"es\",\"@id\":\"https:\\\/\\\/informelitoral.com.ar\\\/#\\\/schema\\\/logo\\\/image\\\/\",\"url\":\"https:\\\/\\\/informelitoral.com.ar\\\/%77%70%2d%63%6f%6e%74%65%6e%74\\\/uploads\\\/2021\\\/01\\\/circulo.png\",\"contentUrl\":\"https:\\\/\\\/informelitoral.com.ar\\\/%77%70%2d%63%6f%6e%74%65%6e%74\\\/uploads\\\/2021\\\/01\\\/circulo.png\",\"width\":723,\"height\":731,\"caption\":\"Informe Litoral\"},\"image\":{\"@id\":\"https:\\\/\\\/informelitoral.com.ar\\\/#\\\/schema\\\/logo\\\/image\\\/\"},\"sameAs\":[\"https:\\\/\\\/www.facebook.com\\\/informelitoral\\\/\",\"https:\\\/\\\/x.com\\\/InformeLitoral\",\"https:\\\/\\\/www.instagram.com\\\/informelitoral\\\/\",\"https:\\\/\\\/www.youtube.com\\\/channel\\\/UCua4Qvz8Icb6MYqhoq9xLXw\"]},{\"@type\":\"Person\",\"@id\":\"https:\\\/\\\/informelitoral.com.ar\\\/#\\\/schema\\\/person\\\/b9d00407c836482871ef1d57bf8e3180\",\"name\":\"Gonzalo Schmidt\",\"image\":{\"@type\":\"ImageObject\",\"inLanguage\":\"es\",\"@id\":\"https:\\\/\\\/secure.gravatar.com\\\/avatar\\\/31a1a7b66ff2de83bd0e9fd79d026630d2d99e55e8bfe501287647b4fd9743de?s=96&d=mm&r=g\",\"url\":\"https:\\\/\\\/secure.gravatar.com\\\/avatar\\\/31a1a7b66ff2de83bd0e9fd79d026630d2d99e55e8bfe501287647b4fd9743de?s=96&d=mm&r=g\",\"contentUrl\":\"https:\\\/\\\/secure.gravatar.com\\\/avatar\\\/31a1a7b66ff2de83bd0e9fd79d026630d2d99e55e8bfe501287647b4fd9743de?s=96&d=mm&r=g\",\"caption\":\"Gonzalo Schmidt\"},\"description\":\"Sitio web de noticias de la provincia de Entre R\u00edos, Argentina. Informaci\u00f3n y entretenimiento. Informe Litoral, nos informamos.\",\"sameAs\":[\"http:\\\/\\\/www.isletasnoticias.com.ar\"],\"url\":\"https:\\\/\\\/informelitoral.com.ar\\\/author\\\/gonzalo\\\/\"}]}<\/script>","yoast_head_json":{"title":"Cotapa celebra 59 a\u00f1os con mayor producci\u00f3n y a la espera de la apertura un local de venta al p\u00fablico - Informe Litoral","robots":{"index":"index","follow":"follow","max-snippet":"max-snippet:-1","max-image-preview":"max-image-preview:large","max-video-preview":"max-video-preview:-1"},"canonical":"https:\/\/informelitoral.com.ar\/cotapa-celebra-59-anos-con-mayor-produccion-y-a-la-espera-de-la-apertura-un-local-de-venta-al-publico\/","og_locale":"es_ES","og_type":"article","og_title":"Cotapa celebra 59 a\u00f1os con mayor producci\u00f3n y a la espera de la apertura un local de venta al p\u00fablico - Informe Litoral","og_description":"La Cooperativa, radicada en la capital provincial y manejada actualmente por sus trabajadores, celebr\u00f3 este mi\u00e9rcoles sus primeros 59 a\u00f1os de \u201ctradici\u00f3n y renacimiento productivo\u201d. Anunciaron la ampliaci\u00f3n de la producci\u00f3n y elaboraci\u00f3n de nuevos productos as\u00ed como la apertura de un local de venta al p\u00fablico.","og_url":"https:\/\/informelitoral.com.ar\/cotapa-celebra-59-anos-con-mayor-produccion-y-a-la-espera-de-la-apertura-un-local-de-venta-al-publico\/","og_site_name":"Informe Litoral","article_publisher":"https:\/\/www.facebook.com\/informelitoral\/","article_published_time":"2023-07-13T10:14:50+00:00","article_modified_time":"2023-07-13T10:15:59+00:00","og_image":[{"width":1440,"height":1440,"url":"https:\/\/informelitoral.com.ar\/%77%70%2d%63%6f%6e%74%65%6e%74\/uploads\/2023\/07\/cotapa.jpg","type":"image\/jpeg"}],"author":"Gonzalo Schmidt","twitter_card":"summary_large_image","twitter_creator":"@InformeLitoral","twitter_site":"@InformeLitoral","twitter_misc":{"Escrito por":"Gonzalo Schmidt","Tiempo de lectura":"4 minutos"},"schema":{"@context":"https:\/\/schema.org","@graph":[{"@type":"Article","@id":"https:\/\/informelitoral.com.ar\/cotapa-celebra-59-anos-con-mayor-produccion-y-a-la-espera-de-la-apertura-un-local-de-venta-al-publico\/#article","isPartOf":{"@id":"https:\/\/informelitoral.com.ar\/cotapa-celebra-59-anos-con-mayor-produccion-y-a-la-espera-de-la-apertura-un-local-de-venta-al-publico\/"},"author":{"name":"Gonzalo Schmidt","@id":"https:\/\/informelitoral.com.ar\/#\/schema\/person\/b9d00407c836482871ef1d57bf8e3180"},"headline":"Cotapa celebra 59 a\u00f1os con mayor producci\u00f3n y a la espera de la apertura un local de venta al p\u00fablico","datePublished":"2023-07-13T10:14:50+00:00","dateModified":"2023-07-13T10:15:59+00:00","mainEntityOfPage":{"@id":"https:\/\/informelitoral.com.ar\/cotapa-celebra-59-anos-con-mayor-produccion-y-a-la-espera-de-la-apertura-un-local-de-venta-al-publico\/"},"wordCount":829,"commentCount":0,"publisher":{"@id":"https:\/\/informelitoral.com.ar\/#organization"},"image":{"@id":"https:\/\/informelitoral.com.ar\/cotapa-celebra-59-anos-con-mayor-produccion-y-a-la-espera-de-la-apertura-un-local-de-venta-al-publico\/#primaryimage"},"thumbnailUrl":"https:\/\/informelitoral.com.ar\/%77%70%2d%63%6f%6e%74%65%6e%74\/uploads\/2023\/07\/cotapa.jpg","keywords":["Cooperativa","Cotapa","Paran\u00e1"],"articleSection":["Entre R\u00edos"],"inLanguage":"es","potentialAction":[{"@type":"CommentAction","name":"Comment","target":["https:\/\/informelitoral.com.ar\/cotapa-celebra-59-anos-con-mayor-produccion-y-a-la-espera-de-la-apertura-un-local-de-venta-al-publico\/#respond"]}]},{"@type":"WebPage","@id":"https:\/\/informelitoral.com.ar\/cotapa-celebra-59-anos-con-mayor-produccion-y-a-la-espera-de-la-apertura-un-local-de-venta-al-publico\/","url":"https:\/\/informelitoral.com.ar\/cotapa-celebra-59-anos-con-mayor-produccion-y-a-la-espera-de-la-apertura-un-local-de-venta-al-publico\/","name":"Cotapa celebra 59 a\u00f1os con mayor producci\u00f3n y a la espera de la apertura un local de venta al p\u00fablico - Informe Litoral","isPartOf":{"@id":"https:\/\/informelitoral.com.ar\/#website"},"primaryImageOfPage":{"@id":"https:\/\/informelitoral.com.ar\/cotapa-celebra-59-anos-con-mayor-produccion-y-a-la-espera-de-la-apertura-un-local-de-venta-al-publico\/#primaryimage"},"image":{"@id":"https:\/\/informelitoral.com.ar\/cotapa-celebra-59-anos-con-mayor-produccion-y-a-la-espera-de-la-apertura-un-local-de-venta-al-publico\/#primaryimage"},"thumbnailUrl":"https:\/\/informelitoral.com.ar\/%77%70%2d%63%6f%6e%74%65%6e%74\/uploads\/2023\/07\/cotapa.jpg","datePublished":"2023-07-13T10:14:50+00:00","dateModified":"2023-07-13T10:15:59+00:00","breadcrumb":{"@id":"https:\/\/informelitoral.com.ar\/cotapa-celebra-59-anos-con-mayor-produccion-y-a-la-espera-de-la-apertura-un-local-de-venta-al-publico\/#breadcrumb"},"inLanguage":"es","potentialAction":[{"@type":"ReadAction","target":["https:\/\/informelitoral.com.ar\/cotapa-celebra-59-anos-con-mayor-produccion-y-a-la-espera-de-la-apertura-un-local-de-venta-al-publico\/"]}]},{"@type":"ImageObject","inLanguage":"es","@id":"https:\/\/informelitoral.com.ar\/cotapa-celebra-59-anos-con-mayor-produccion-y-a-la-espera-de-la-apertura-un-local-de-venta-al-publico\/#primaryimage","url":"https:\/\/informelitoral.com.ar\/%77%70%2d%63%6f%6e%74%65%6e%74\/uploads\/2023\/07\/cotapa.jpg","contentUrl":"https:\/\/informelitoral.com.ar\/%77%70%2d%63%6f%6e%74%65%6e%74\/uploads\/2023\/07\/cotapa.jpg","width":1440,"height":1440},{"@type":"BreadcrumbList","@id":"https:\/\/informelitoral.com.ar\/cotapa-celebra-59-anos-con-mayor-produccion-y-a-la-espera-de-la-apertura-un-local-de-venta-al-publico\/#breadcrumb","itemListElement":[{"@type":"ListItem","position":1,"name":"Portada","item":"https:\/\/informelitoral.com.ar\/"},{"@type":"ListItem","position":2,"name":"Cotapa celebra 59 a\u00f1os con mayor producci\u00f3n y a la espera de la apertura un local de venta al p\u00fablico"}]},{"@type":"WebSite","@id":"https:\/\/informelitoral.com.ar\/#website","url":"https:\/\/informelitoral.com.ar\/","name":"Informe Litoral","description":"&quot;Nos informamos&quot; ","publisher":{"@id":"https:\/\/informelitoral.com.ar\/#organization"},"potentialAction":[{"@type":"SearchAction","target":{"@type":"EntryPoint","urlTemplate":"https:\/\/informelitoral.com.ar\/?s={search_term_string}"},"query-input":{"@type":"PropertyValueSpecification","valueRequired":true,"valueName":"search_term_string"}}],"inLanguage":"es"},{"@type":"Organization","@id":"https:\/\/informelitoral.com.ar\/#organization","name":"Informe Litoral","url":"https:\/\/informelitoral.com.ar\/","logo":{"@type":"ImageObject","inLanguage":"es","@id":"https:\/\/informelitoral.com.ar\/#\/schema\/logo\/image\/","url":"https:\/\/informelitoral.com.ar\/%77%70%2d%63%6f%6e%74%65%6e%74\/uploads\/2021\/01\/circulo.png","contentUrl":"https:\/\/informelitoral.com.ar\/%77%70%2d%63%6f%6e%74%65%6e%74\/uploads\/2021\/01\/circulo.png","width":723,"height":731,"caption":"Informe Litoral"},"image":{"@id":"https:\/\/informelitoral.com.ar\/#\/schema\/logo\/image\/"},"sameAs":["https:\/\/www.facebook.com\/informelitoral\/","https:\/\/x.com\/InformeLitoral","https:\/\/www.instagram.com\/informelitoral\/","https:\/\/www.youtube.com\/channel\/UCua4Qvz8Icb6MYqhoq9xLXw"]},{"@type":"Person","@id":"https:\/\/informelitoral.com.ar\/#\/schema\/person\/b9d00407c836482871ef1d57bf8e3180","name":"Gonzalo Schmidt","image":{"@type":"ImageObject","inLanguage":"es","@id":"https:\/\/secure.gravatar.com\/avatar\/31a1a7b66ff2de83bd0e9fd79d026630d2d99e55e8bfe501287647b4fd9743de?s=96&d=mm&r=g","url":"https:\/\/secure.gravatar.com\/avatar\/31a1a7b66ff2de83bd0e9fd79d026630d2d99e55e8bfe501287647b4fd9743de?s=96&d=mm&r=g","contentUrl":"https:\/\/secure.gravatar.com\/avatar\/31a1a7b66ff2de83bd0e9fd79d026630d2d99e55e8bfe501287647b4fd9743de?s=96&d=mm&r=g","caption":"Gonzalo Schmidt"},"description":"Sitio web de noticias de la provincia de Entre R\u00edos, Argentina. Informaci\u00f3n y entretenimiento. Informe Litoral, nos informamos.","sameAs":["http:\/\/www.isletasnoticias.com.ar"],"url":"https:\/\/informelitoral.com.ar\/author\/gonzalo\/"}]}},"_links":{"self":[{"href":"https:\/\/informelitoral.com.ar\/%77%70%2d%6a%73%6f%6e\/wp\/v2\/posts\/157370","targetHints":{"allow":["GET"]}}],"collection":[{"href":"https:\/\/informelitoral.com.ar\/%77%70%2d%6a%73%6f%6e\/wp\/v2\/posts"}],"about":[{"href":"https:\/\/informelitoral.com.ar\/%77%70%2d%6a%73%6f%6e\/wp\/v2\/types\/post"}],"author":[{"embeddable":true,"href":"https:\/\/informelitoral.com.ar\/%77%70%2d%6a%73%6f%6e\/wp\/v2\/users\/2"}],"replies":[{"embeddable":true,"href":"https:\/\/informelitoral.com.ar\/%77%70%2d%6a%73%6f%6e\/wp\/v2\/comments?post=157370"}],"version-history":[{"count":0,"href":"https:\/\/informelitoral.com.ar\/%77%70%2d%6a%73%6f%6e\/wp\/v2\/posts\/157370\/revisions"}],"wp:featuredmedia":[{"embeddable":true,"href":"https:\/\/informelitoral.com.ar\/%77%70%2d%6a%73%6f%6e\/wp\/v2\/media\/157371"}],"wp:attachment":[{"href":"https:\/\/informelitoral.com.ar\/%77%70%2d%6a%73%6f%6e\/wp\/v2\/media?parent=157370"}],"wp:term":[{"taxonomy":"category","embeddable":true,"href":"https:\/\/informelitoral.com.ar\/%77%70%2d%6a%73%6f%6e\/wp\/v2\/categories?post=157370"},{"taxonomy":"post_tag","embeddable":true,"href":"https:\/\/informelitoral.com.ar\/%77%70%2d%6a%73%6f%6e\/wp\/v2\/tags?post=157370"}],"curies":[{"name":"wp","href":"https:\/\/api.w.org\/{rel}","templated":true}]}}